{"id":121279,"date":"2026-04-28T11:10:11","date_gmt":"2026-04-28T14:10:11","guid":{"rendered":"https:\/\/redenoticiaz.com.br\/ribeiraopreto-regiao\/?p=121279"},"modified":"2026-04-28T10:29:16","modified_gmt":"2026-04-28T13:29:16","slug":"combate-a-dengue-em-ribeirao-preto-arrastao-remove-200-kg-de-lixo-e-elimina-77-focos-do-mosquito","status":"publish","type":"post","link":"https:\/\/redenoticiaz.com.br\/ribeiraopreto-regiao\/sp\/2026\/04\/28\/combate-a-dengue-em-ribeirao-preto-arrastao-remove-200-kg-de-lixo-e-elimina-77-focos-do-mosquito","title":{"rendered":"Combate \u00e0 dengue em Ribeir\u00e3o Preto: arrast\u00e3o remove 200 kg de lixo e elimina 77 focos do mosquito"},"content":{"rendered":"<p>A Prefeitura de Ribeir\u00e3o Preto intensificou o combate \u00e0 dengue com um arrast\u00e3o realizado no \u00faltimo s\u00e1bado (25) nos bairros Vila Albertina e Ipiranga, na regi\u00e3o Norte da cidade. A a\u00e7\u00e3o resultou na retirada de 200 quilos de materiais inserv\u00edveis e na elimina\u00e7\u00e3o de 77 focos do mosquito Aedes aegypti.<\/p>\n<p>Durante a mobiliza\u00e7\u00e3o, equipes da Secretaria da Sa\u00fade visitaram 3.232 im\u00f3veis com o objetivo de reduzir criadouros do mosquito transmissor da dengue, zika e chikungunya. A iniciativa integra as estrat\u00e9gias do munic\u00edpio para conter a circula\u00e7\u00e3o dessas doen\u00e7as.<\/p>\n<p>Al\u00e9m da limpeza, o trabalho teve foco na orienta\u00e7\u00e3o da popula\u00e7\u00e3o. Agentes da Vigil\u00e2ncia em Sa\u00fade abordaram moradores e comerciantes com informa\u00e7\u00f5es sobre preven\u00e7\u00e3o e elimina\u00e7\u00e3o de recipientes que possam acumular \u00e1gua.<\/p>\n<p>Segundo a subsecret\u00e1ria de Vigil\u00e2ncia em Sa\u00fade, Luzia M\u00e1rcia Romanholi Passos, a participa\u00e7\u00e3o da popula\u00e7\u00e3o \u00e9 decisiva. De acordo com ela, cerca de 80% dos criadouros est\u00e3o dentro das resid\u00eancias, o que refor\u00e7a a import\u00e2ncia dos cuidados di\u00e1rios.<\/p>\n<p>A a\u00e7\u00e3o mobilizou 94 profissionais e 11 viaturas. De janeiro at\u00e9 22 de abril, Ribeir\u00e3o Preto registrou 227 casos confirmados de dengue, sem mortes. No mesmo per\u00edodo do ano passado, foram mais de 18 mil casos e 11 \u00f3bitos.<\/p>\n<p>Com opera\u00e7\u00f5es peri\u00f3dicas e a\u00e7\u00f5es educativas, a Prefeitura busca reduzir os \u00edndices da doen\u00e7a e ampliar a conscientiza\u00e7\u00e3o sobre os riscos da dengue.<\/p>\n<p>LEIA MAIS<\/p>\n<p><a href=\"https:\/\/redenoticiaz.com.br\/ribeiraopreto-regiao\/sp\/2026\/04\/28\/tarcisio-e-flavio-bolsonaro-iniciam-pre-campanha-na-agrishow-com-criticas-ao-governo-lula\">Tarc\u00edsio e Fl\u00e1vio Bolsonaro iniciam pr\u00e9-campanha na Agrishow com cr\u00edticas ao governo Lula<\/a><\/p>\n<p><a href=\"https:\/\/redenoticiaz.com.br\/ribeiraopreto-regiao\/sp\/2026\/04\/24\/ribeirao-preto-realiza-mutirao-do-implanon-para-zerar-fila-de-espera\">Ribeir\u00e3o Preto realiza mutir\u00e3o do Implanon para zerar fila de espera<\/a><\/p>\n","protected":false},"excerpt":{"rendered":"<p>A Prefeitura de Ribeir\u00e3o Preto intensificou o combate \u00e0 dengue com um arrast\u00e3o realizado no \u00faltimo s\u00e1bado (25) nos bairros Vila Albertina e Ipiranga, na regi\u00e3o Norte da cidade. A a\u00e7\u00e3o resultou na retirada de 200 quilos de materiais inserv\u00edveis e na elimina\u00e7\u00e3o de 77 focos do mosquito Aedes aegypti. Durante a mobiliza\u00e7\u00e3o, equipes da &hellip;<\/p>\n","protected":false},"author":30,"featured_media":121280,"comment_status":"open","ping_status":"closed","sticky":false,"template":"","format":"standard","meta":{"footnotes":""},"categories":[94,31500],"tags":[4590,18286,17031,4097],"class_list":["post-121279","post","type-post","status-publish","format-standard","has-post-thumbnail","hentry","category-meio-ambiente","category-ribeirao-preto","tag-dengue","tag-imoveis","tag-lixo","tag-ribeirao-preto"],"yoast_head":"<!-- This site is optimized with the Yoast SEO plugin v27.4 - https:\/\/yoast.com\/product\/yoast-seo-wordpress\/ -->\n<title>Combate \u00e0 dengue em Ribeir\u00e3o Preto: arrast\u00e3o remove 200 kg de lixo e elimina 77 focos do mosquito - Ribeir\u00e3o Preto e Regi\u00e3o<\/title>\n<meta name=\"description\" content=\"Ribeir\u00e3o Preto intensifica combate \u00e0 dengue com arrast\u00e3o que remove 200 kg de materiais e elimina 77 focos do mosquito Aedes aegypti.\" \/>\n<meta name=\"robots\" content=\"index, follow, max-snippet:-1, max-image-preview:large, max-video-preview:-1\" \/>\n<link rel=\"canonical\" href=\"https:\/\/redenoticiaz.com.br\/ribeiraopreto-regiao\/sp\/2026\/04\/28\/combate-a-dengue-em-ribeirao-preto-arrastao-remove-200-kg-de-lixo-e-elimina-77-focos-do-mosquito\" \/>\n<meta property=\"og:locale\" content=\"pt_BR\" \/>\n<meta property=\"og:type\" content=\"article\" \/>\n<meta property=\"og:title\" content=\"Combate \u00e0 dengue em Ribeir\u00e3o Preto: arrast\u00e3o remove 200 kg de lixo e elimina 77 focos do mosquito - Ribeir\u00e3o Preto e Regi\u00e3o\" \/>\n<meta property=\"og:description\" content=\"Ribeir\u00e3o Preto intensifica combate \u00e0 dengue com arrast\u00e3o que remove 200 kg de materiais e elimina 77 focos do mosquito Aedes aegypti.\" \/>\n<meta property=\"og:url\" content=\"https:\/\/redenoticiaz.com.br\/ribeiraopreto-regiao\/sp\/2026\/04\/28\/combate-a-dengue-em-ribeirao-preto-arrastao-remove-200-kg-de-lixo-e-elimina-77-focos-do-mosquito\" \/>\n<meta property=\"og:site_name\" content=\"Ribeir\u00e3o Preto e Regi\u00e3o\" \/>\n<meta property=\"article:publisher\" content=\"https:\/\/m.facebook.com\/redenoticiaz.barretos\" \/>\n<meta property=\"article:published_time\" content=\"2026-04-28T14:10:11+00:00\" \/>\n<meta property=\"og:image\" content=\"https:\/\/redenoticiaz.com.br\/ribeiraopreto-regiao\/wp-content\/uploads\/sites\/4\/2026\/04\/whatsapp_image_2026-04-27_at_10.49.40_3.jpeg\" \/>\n\t<meta property=\"og:image:width\" content=\"1500\" \/>\n\t<meta property=\"og:image:height\" content=\"999\" \/>\n\t<meta property=\"og:image:type\" content=\"image\/jpeg\" \/>\n<meta name=\"author\" content=\"Carina Reifonas\" \/>\n<meta name=\"twitter:card\" content=\"summary_large_image\" \/>\n<meta name=\"twitter:creator\" content=\"@RN_barretos\" \/>\n<meta name=\"twitter:site\" content=\"@RN_barretos\" \/>\n<meta name=\"twitter:label1\" content=\"Escrito por\" \/>\n\t<meta name=\"twitter:data1\" content=\"Carina Reifonas\" \/>\n\t<meta name=\"twitter:label2\" content=\"Est. tempo de leitura\" \/>\n\t<meta name=\"twitter:data2\" content=\"2 minutos\" \/>\n<script type=\"application\/ld+json\" class=\"yoast-schema-graph\">{\"@context\":\"https:\\\/\\\/schema.org\",\"@graph\":[{\"@type\":\"Article\",\"@id\":\"https:\\\/\\\/redenoticiaz.com.br\\\/ribeiraopreto-regiao\\\/sp\\\/2026\\\/04\\\/28\\\/combate-a-dengue-em-ribeirao-preto-arrastao-remove-200-kg-de-lixo-e-elimina-77-focos-do-mosquito#article\",\"isPartOf\":{\"@id\":\"https:\\\/\\\/redenoticiaz.com.br\\\/ribeiraopreto-regiao\\\/sp\\\/2026\\\/04\\\/28\\\/combate-a-dengue-em-ribeirao-preto-arrastao-remove-200-kg-de-lixo-e-elimina-77-focos-do-mosquito\"},\"author\":{\"name\":\"Carina Reifonas\",\"@id\":\"https:\\\/\\\/redenoticiaz.com.br\\\/ribeiraopreto-regiao\\\/#\\\/schema\\\/person\\\/1f84d6e94e6a62d2d81199d7503e9e90\"},\"headline\":\"Combate \u00e0 dengue em Ribeir\u00e3o Preto: arrast\u00e3o remove 200 kg de lixo e elimina 77 focos do mosquito\",\"datePublished\":\"2026-04-28T14:10:11+00:00\",\"mainEntityOfPage\":{\"@id\":\"https:\\\/\\\/redenoticiaz.com.br\\\/ribeiraopreto-regiao\\\/sp\\\/2026\\\/04\\\/28\\\/combate-a-dengue-em-ribeirao-preto-arrastao-remove-200-kg-de-lixo-e-elimina-77-focos-do-mosquito\"},\"wordCount\":297,\"commentCount\":0,\"publisher\":{\"@id\":\"https:\\\/\\\/redenoticiaz.com.br\\\/ribeiraopreto-regiao\\\/#organization\"},\"image\":{\"@id\":\"https:\\\/\\\/redenoticiaz.com.br\\\/ribeiraopreto-regiao\\\/sp\\\/2026\\\/04\\\/28\\\/combate-a-dengue-em-ribeirao-preto-arrastao-remove-200-kg-de-lixo-e-elimina-77-focos-do-mosquito#primaryimage\"},\"thumbnailUrl\":\"https:\\\/\\\/redenoticiaz.com.br\\\/ribeiraopreto-regiao\\\/wp-content\\\/uploads\\\/sites\\\/4\\\/2026\\\/04\\\/whatsapp_image_2026-04-27_at_10.49.40_3.jpeg\",\"keywords\":[\"DENGUE\",\"IM\u00d3VEIS\",\"LIXO\",\"RIBEIR\u00c3O PRETO\"],\"articleSection\":[\"Meio Ambiente\",\"Ribeir\u00e3o Preto\"],\"inLanguage\":\"pt-BR\",\"potentialAction\":[{\"@type\":\"CommentAction\",\"name\":\"Comment\",\"target\":[\"https:\\\/\\\/redenoticiaz.com.br\\\/ribeiraopreto-regiao\\\/sp\\\/2026\\\/04\\\/28\\\/combate-a-dengue-em-ribeirao-preto-arrastao-remove-200-kg-de-lixo-e-elimina-77-focos-do-mosquito#respond\"]}]},{\"@type\":\"WebPage\",\"@id\":\"https:\\\/\\\/redenoticiaz.com.br\\\/ribeiraopreto-regiao\\\/sp\\\/2026\\\/04\\\/28\\\/combate-a-dengue-em-ribeirao-preto-arrastao-remove-200-kg-de-lixo-e-elimina-77-focos-do-mosquito\",\"url\":\"https:\\\/\\\/redenoticiaz.com.br\\\/ribeiraopreto-regiao\\\/sp\\\/2026\\\/04\\\/28\\\/combate-a-dengue-em-ribeirao-preto-arrastao-remove-200-kg-de-lixo-e-elimina-77-focos-do-mosquito\",\"name\":\"Combate \u00e0 dengue em Ribeir\u00e3o Preto: arrast\u00e3o remove 200 kg de lixo e elimina 77 focos do mosquito - Ribeir\u00e3o Preto e Regi\u00e3o\",\"isPartOf\":{\"@id\":\"https:\\\/\\\/redenoticiaz.com.br\\\/ribeiraopreto-regiao\\\/#website\"},\"primaryImageOfPage\":{\"@id\":\"https:\\\/\\\/redenoticiaz.com.br\\\/ribeiraopreto-regiao\\\/sp\\\/2026\\\/04\\\/28\\\/combate-a-dengue-em-ribeirao-preto-arrastao-remove-200-kg-de-lixo-e-elimina-77-focos-do-mosquito#primaryimage\"},\"image\":{\"@id\":\"https:\\\/\\\/redenoticiaz.com.br\\\/ribeiraopreto-regiao\\\/sp\\\/2026\\\/04\\\/28\\\/combate-a-dengue-em-ribeirao-preto-arrastao-remove-200-kg-de-lixo-e-elimina-77-focos-do-mosquito#primaryimage\"},\"thumbnailUrl\":\"https:\\\/\\\/redenoticiaz.com.br\\\/ribeiraopreto-regiao\\\/wp-content\\\/uploads\\\/sites\\\/4\\\/2026\\\/04\\\/whatsapp_image_2026-04-27_at_10.49.40_3.jpeg\",\"datePublished\":\"2026-04-28T14:10:11+00:00\",\"description\":\"Ribeir\u00e3o Preto intensifica combate \u00e0 dengue com arrast\u00e3o que remove 200 kg de materiais e elimina 77 focos do mosquito Aedes aegypti.\",\"inLanguage\":\"pt-BR\",\"potentialAction\":[{\"@type\":\"ReadAction\",\"target\":[\"https:\\\/\\\/redenoticiaz.com.br\\\/ribeiraopreto-regiao\\\/sp\\\/2026\\\/04\\\/28\\\/combate-a-dengue-em-ribeirao-preto-arrastao-remove-200-kg-de-lixo-e-elimina-77-focos-do-mosquito\"]}]},{\"@type\":\"ImageObject\",\"inLanguage\":\"pt-BR\",\"@id\":\"https:\\\/\\\/redenoticiaz.com.br\\\/ribeiraopreto-regiao\\\/sp\\\/2026\\\/04\\\/28\\\/combate-a-dengue-em-ribeirao-preto-arrastao-remove-200-kg-de-lixo-e-elimina-77-focos-do-mosquito#primaryimage\",\"url\":\"https:\\\/\\\/redenoticiaz.com.br\\\/ribeiraopreto-regiao\\\/wp-content\\\/uploads\\\/sites\\\/4\\\/2026\\\/04\\\/whatsapp_image_2026-04-27_at_10.49.40_3.jpeg\",\"contentUrl\":\"https:\\\/\\\/redenoticiaz.com.br\\\/ribeiraopreto-regiao\\\/wp-content\\\/uploads\\\/sites\\\/4\\\/2026\\\/04\\\/whatsapp_image_2026-04-27_at_10.49.40_3.jpeg\",\"width\":1500,\"height\":999,\"caption\":\"Combate \u00e0 dengue em Ribeir\u00e3o Preto: arrast\u00e3o remove 200 kg de lixo e elimina 77 focos do mosquito\"},{\"@type\":\"WebSite\",\"@id\":\"https:\\\/\\\/redenoticiaz.com.br\\\/ribeiraopreto-regiao\\\/#website\",\"url\":\"https:\\\/\\\/redenoticiaz.com.br\\\/ribeiraopreto-regiao\\\/\",\"name\":\"Ribeir\u00e3o Preto e Regi\u00e3o\",\"description\":\"Rede NoticiaZ - Ribeir\u00e3o Preto e regi\u00e3o\",\"publisher\":{\"@id\":\"https:\\\/\\\/redenoticiaz.com.br\\\/ribeiraopreto-regiao\\\/#organization\"},\"potentialAction\":[{\"@type\":\"SearchAction\",\"target\":{\"@type\":\"EntryPoint\",\"urlTemplate\":\"https:\\\/\\\/redenoticiaz.com.br\\\/ribeiraopreto-regiao\\\/?s={search_term_string}\"},\"query-input\":{\"@type\":\"PropertyValueSpecification\",\"valueRequired\":true,\"valueName\":\"search_term_string\"}}],\"inLanguage\":\"pt-BR\"},{\"@type\":\"Organization\",\"@id\":\"https:\\\/\\\/redenoticiaz.com.br\\\/ribeiraopreto-regiao\\\/#organization\",\"name\":\"Ribeir\u00e3o Preto e Regi\u00e3o\",\"url\":\"https:\\\/\\\/redenoticiaz.com.br\\\/ribeiraopreto-regiao\\\/\",\"logo\":{\"@type\":\"ImageObject\",\"inLanguage\":\"pt-BR\",\"@id\":\"https:\\\/\\\/redenoticiaz.com.br\\\/ribeiraopreto-regiao\\\/#\\\/schema\\\/logo\\\/image\\\/\",\"url\":\"https:\\\/\\\/redenoticiaz.com.br\\\/barretos-regiao\\\/wp-content\\\/uploads\\\/sites\\\/4\\\/2022\\\/02\\\/logo.jpg\",\"contentUrl\":\"https:\\\/\\\/redenoticiaz.com.br\\\/barretos-regiao\\\/wp-content\\\/uploads\\\/sites\\\/4\\\/2022\\\/02\\\/logo.jpg\",\"width\":400,\"height\":250,\"caption\":\"Ribeir\u00e3o Preto e Regi\u00e3o\"},\"image\":{\"@id\":\"https:\\\/\\\/redenoticiaz.com.br\\\/ribeiraopreto-regiao\\\/#\\\/schema\\\/logo\\\/image\\\/\"},\"sameAs\":[\"https:\\\/\\\/m.facebook.com\\\/redenoticiaz.barretos\",\"https:\\\/\\\/x.com\\\/RN_barretos\",\"https:\\\/\\\/www.instagram.com\\\/redenoticiaz.barretos\\\/?igshid=YmMyMTA2M2Y\",\"https:\\\/\\\/www.linkedin.com\\\/company\\\/rede-noticiaz-barretos-e-regio\\\/\"]},{\"@type\":\"Person\",\"@id\":\"https:\\\/\\\/redenoticiaz.com.br\\\/ribeiraopreto-regiao\\\/#\\\/schema\\\/person\\\/1f84d6e94e6a62d2d81199d7503e9e90\",\"name\":\"Carina Reifonas\",\"image\":{\"@type\":\"ImageObject\",\"inLanguage\":\"pt-BR\",\"@id\":\"https:\\\/\\\/secure.gravatar.com\\\/avatar\\\/04c59859b23696cf867715880f81d5c037e60109730bdb4e6670ec2a2245bc97?s=96&d=mm&r=g\",\"url\":\"https:\\\/\\\/secure.gravatar.com\\\/avatar\\\/04c59859b23696cf867715880f81d5c037e60109730bdb4e6670ec2a2245bc97?s=96&d=mm&r=g\",\"contentUrl\":\"https:\\\/\\\/secure.gravatar.com\\\/avatar\\\/04c59859b23696cf867715880f81d5c037e60109730bdb4e6670ec2a2245bc97?s=96&d=mm&r=g\",\"caption\":\"Carina Reifonas\"},\"url\":\"https:\\\/\\\/redenoticiaz.com.br\\\/ribeiraopreto-regiao\\\/sp\\\/author\\\/carinareifonas\"}]}<\/script>\n<!-- \/ Yoast SEO plugin. -->","yoast_head_json":{"title":"Combate \u00e0 dengue em Ribeir\u00e3o Preto: arrast\u00e3o remove 200 kg de lixo e elimina 77 focos do mosquito - Ribeir\u00e3o Preto e Regi\u00e3o","description":"Ribeir\u00e3o Preto intensifica combate \u00e0 dengue com arrast\u00e3o que remove 200 kg de materiais e elimina 77 focos do mosquito Aedes aegypti.","robots":{"index":"index","follow":"follow","max-snippet":"max-snippet:-1","max-image-preview":"max-image-preview:large","max-video-preview":"max-video-preview:-1"},"canonical":"https:\/\/redenoticiaz.com.br\/ribeiraopreto-regiao\/sp\/2026\/04\/28\/combate-a-dengue-em-ribeirao-preto-arrastao-remove-200-kg-de-lixo-e-elimina-77-focos-do-mosquito","og_locale":"pt_BR","og_type":"article","og_title":"Combate \u00e0 dengue em Ribeir\u00e3o Preto: arrast\u00e3o remove 200 kg de lixo e elimina 77 focos do mosquito - Ribeir\u00e3o Preto e Regi\u00e3o","og_description":"Ribeir\u00e3o Preto intensifica combate \u00e0 dengue com arrast\u00e3o que remove 200 kg de materiais e elimina 77 focos do mosquito Aedes aegypti.","og_url":"https:\/\/redenoticiaz.com.br\/ribeiraopreto-regiao\/sp\/2026\/04\/28\/combate-a-dengue-em-ribeirao-preto-arrastao-remove-200-kg-de-lixo-e-elimina-77-focos-do-mosquito","og_site_name":"Ribeir\u00e3o Preto e Regi\u00e3o","article_publisher":"https:\/\/m.facebook.com\/redenoticiaz.barretos","article_published_time":"2026-04-28T14:10:11+00:00","og_image":[{"width":1500,"height":999,"url":"https:\/\/redenoticiaz.com.br\/ribeiraopreto-regiao\/wp-content\/uploads\/sites\/4\/2026\/04\/whatsapp_image_2026-04-27_at_10.49.40_3.jpeg","type":"image\/jpeg"}],"author":"Carina Reifonas","twitter_card":"summary_large_image","twitter_creator":"@RN_barretos","twitter_site":"@RN_barretos","twitter_misc":{"Escrito por":"Carina Reifonas","Est. tempo de leitura":"2 minutos"},"schema":{"@context":"https:\/\/schema.org","@graph":[{"@type":"Article","@id":"https:\/\/redenoticiaz.com.br\/ribeiraopreto-regiao\/sp\/2026\/04\/28\/combate-a-dengue-em-ribeirao-preto-arrastao-remove-200-kg-de-lixo-e-elimina-77-focos-do-mosquito#article","isPartOf":{"@id":"https:\/\/redenoticiaz.com.br\/ribeiraopreto-regiao\/sp\/2026\/04\/28\/combate-a-dengue-em-ribeirao-preto-arrastao-remove-200-kg-de-lixo-e-elimina-77-focos-do-mosquito"},"author":{"name":"Carina Reifonas","@id":"https:\/\/redenoticiaz.com.br\/ribeiraopreto-regiao\/#\/schema\/person\/1f84d6e94e6a62d2d81199d7503e9e90"},"headline":"Combate \u00e0 dengue em Ribeir\u00e3o Preto: arrast\u00e3o remove 200 kg de lixo e elimina 77 focos do mosquito","datePublished":"2026-04-28T14:10:11+00:00","mainEntityOfPage":{"@id":"https:\/\/redenoticiaz.com.br\/ribeiraopreto-regiao\/sp\/2026\/04\/28\/combate-a-dengue-em-ribeirao-preto-arrastao-remove-200-kg-de-lixo-e-elimina-77-focos-do-mosquito"},"wordCount":297,"commentCount":0,"publisher":{"@id":"https:\/\/redenoticiaz.com.br\/ribeiraopreto-regiao\/#organization"},"image":{"@id":"https:\/\/redenoticiaz.com.br\/ribeiraopreto-regiao\/sp\/2026\/04\/28\/combate-a-dengue-em-ribeirao-preto-arrastao-remove-200-kg-de-lixo-e-elimina-77-focos-do-mosquito#primaryimage"},"thumbnailUrl":"https:\/\/redenoticiaz.com.br\/ribeiraopreto-regiao\/wp-content\/uploads\/sites\/4\/2026\/04\/whatsapp_image_2026-04-27_at_10.49.40_3.jpeg","keywords":["DENGUE","IM\u00d3VEIS","LIXO","RIBEIR\u00c3O PRETO"],"articleSection":["Meio Ambiente","Ribeir\u00e3o Preto"],"inLanguage":"pt-BR","potentialAction":[{"@type":"CommentAction","name":"Comment","target":["https:\/\/redenoticiaz.com.br\/ribeiraopreto-regiao\/sp\/2026\/04\/28\/combate-a-dengue-em-ribeirao-preto-arrastao-remove-200-kg-de-lixo-e-elimina-77-focos-do-mosquito#respond"]}]},{"@type":"WebPage","@id":"https:\/\/redenoticiaz.com.br\/ribeiraopreto-regiao\/sp\/2026\/04\/28\/combate-a-dengue-em-ribeirao-preto-arrastao-remove-200-kg-de-lixo-e-elimina-77-focos-do-mosquito","url":"https:\/\/redenoticiaz.com.br\/ribeiraopreto-regiao\/sp\/2026\/04\/28\/combate-a-dengue-em-ribeirao-preto-arrastao-remove-200-kg-de-lixo-e-elimina-77-focos-do-mosquito","name":"Combate \u00e0 dengue em Ribeir\u00e3o Preto: arrast\u00e3o remove 200 kg de lixo e elimina 77 focos do mosquito - Ribeir\u00e3o Preto e Regi\u00e3o","isPartOf":{"@id":"https:\/\/redenoticiaz.com.br\/ribeiraopreto-regiao\/#website"},"primaryImageOfPage":{"@id":"https:\/\/redenoticiaz.com.br\/ribeiraopreto-regiao\/sp\/2026\/04\/28\/combate-a-dengue-em-ribeirao-preto-arrastao-remove-200-kg-de-lixo-e-elimina-77-focos-do-mosquito#primaryimage"},"image":{"@id":"https:\/\/redenoticiaz.com.br\/ribeiraopreto-regiao\/sp\/2026\/04\/28\/combate-a-dengue-em-ribeirao-preto-arrastao-remove-200-kg-de-lixo-e-elimina-77-focos-do-mosquito#primaryimage"},"thumbnailUrl":"https:\/\/redenoticiaz.com.br\/ribeiraopreto-regiao\/wp-content\/uploads\/sites\/4\/2026\/04\/whatsapp_image_2026-04-27_at_10.49.40_3.jpeg","datePublished":"2026-04-28T14:10:11+00:00","description":"Ribeir\u00e3o Preto intensifica combate \u00e0 dengue com arrast\u00e3o que remove 200 kg de materiais e elimina 77 focos do mosquito Aedes aegypti.","inLanguage":"pt-BR","potentialAction":[{"@type":"ReadAction","target":["https:\/\/redenoticiaz.com.br\/ribeiraopreto-regiao\/sp\/2026\/04\/28\/combate-a-dengue-em-ribeirao-preto-arrastao-remove-200-kg-de-lixo-e-elimina-77-focos-do-mosquito"]}]},{"@type":"ImageObject","inLanguage":"pt-BR","@id":"https:\/\/redenoticiaz.com.br\/ribeiraopreto-regiao\/sp\/2026\/04\/28\/combate-a-dengue-em-ribeirao-preto-arrastao-remove-200-kg-de-lixo-e-elimina-77-focos-do-mosquito#primaryimage","url":"https:\/\/redenoticiaz.com.br\/ribeiraopreto-regiao\/wp-content\/uploads\/sites\/4\/2026\/04\/whatsapp_image_2026-04-27_at_10.49.40_3.jpeg","contentUrl":"https:\/\/redenoticiaz.com.br\/ribeiraopreto-regiao\/wp-content\/uploads\/sites\/4\/2026\/04\/whatsapp_image_2026-04-27_at_10.49.40_3.jpeg","width":1500,"height":999,"caption":"Combate \u00e0 dengue em Ribeir\u00e3o Preto: arrast\u00e3o remove 200 kg de lixo e elimina 77 focos do mosquito"},{"@type":"WebSite","@id":"https:\/\/redenoticiaz.com.br\/ribeiraopreto-regiao\/#website","url":"https:\/\/redenoticiaz.com.br\/ribeiraopreto-regiao\/","name":"Ribeir\u00e3o Preto e Regi\u00e3o","description":"Rede NoticiaZ - Ribeir\u00e3o Preto e regi\u00e3o","publisher":{"@id":"https:\/\/redenoticiaz.com.br\/ribeiraopreto-regiao\/#organization"},"potentialAction":[{"@type":"SearchAction","target":{"@type":"EntryPoint","urlTemplate":"https:\/\/redenoticiaz.com.br\/ribeiraopreto-regiao\/?s={search_term_string}"},"query-input":{"@type":"PropertyValueSpecification","valueRequired":true,"valueName":"search_term_string"}}],"inLanguage":"pt-BR"},{"@type":"Organization","@id":"https:\/\/redenoticiaz.com.br\/ribeiraopreto-regiao\/#organization","name":"Ribeir\u00e3o Preto e Regi\u00e3o","url":"https:\/\/redenoticiaz.com.br\/ribeiraopreto-regiao\/","logo":{"@type":"ImageObject","inLanguage":"pt-BR","@id":"https:\/\/redenoticiaz.com.br\/ribeiraopreto-regiao\/#\/schema\/logo\/image\/","url":"https:\/\/redenoticiaz.com.br\/barretos-regiao\/wp-content\/uploads\/sites\/4\/2022\/02\/logo.jpg","contentUrl":"https:\/\/redenoticiaz.com.br\/barretos-regiao\/wp-content\/uploads\/sites\/4\/2022\/02\/logo.jpg","width":400,"height":250,"caption":"Ribeir\u00e3o Preto e Regi\u00e3o"},"image":{"@id":"https:\/\/redenoticiaz.com.br\/ribeiraopreto-regiao\/#\/schema\/logo\/image\/"},"sameAs":["https:\/\/m.facebook.com\/redenoticiaz.barretos","https:\/\/x.com\/RN_barretos","https:\/\/www.instagram.com\/redenoticiaz.barretos\/?igshid=YmMyMTA2M2Y","https:\/\/www.linkedin.com\/company\/rede-noticiaz-barretos-e-regio\/"]},{"@type":"Person","@id":"https:\/\/redenoticiaz.com.br\/ribeiraopreto-regiao\/#\/schema\/person\/1f84d6e94e6a62d2d81199d7503e9e90","name":"Carina Reifonas","image":{"@type":"ImageObject","inLanguage":"pt-BR","@id":"https:\/\/secure.gravatar.com\/avatar\/04c59859b23696cf867715880f81d5c037e60109730bdb4e6670ec2a2245bc97?s=96&d=mm&r=g","url":"https:\/\/secure.gravatar.com\/avatar\/04c59859b23696cf867715880f81d5c037e60109730bdb4e6670ec2a2245bc97?s=96&d=mm&r=g","contentUrl":"https:\/\/secure.gravatar.com\/avatar\/04c59859b23696cf867715880f81d5c037e60109730bdb4e6670ec2a2245bc97?s=96&d=mm&r=g","caption":"Carina Reifonas"},"url":"https:\/\/redenoticiaz.com.br\/ribeiraopreto-regiao\/sp\/author\/carinareifonas"}]}},"_links":{"self":[{"href":"https:\/\/redenoticiaz.com.br\/ribeiraopreto-regiao\/wp-json\/wp\/v2\/posts\/121279","targetHints":{"allow":["GET"]}}],"collection":[{"href":"https:\/\/redenoticiaz.com.br\/ribeiraopreto-regiao\/wp-json\/wp\/v2\/posts"}],"about":[{"href":"https:\/\/redenoticiaz.com.br\/ribeiraopreto-regiao\/wp-json\/wp\/v2\/types\/post"}],"author":[{"embeddable":true,"href":"https:\/\/redenoticiaz.com.br\/ribeiraopreto-regiao\/wp-json\/wp\/v2\/users\/30"}],"replies":[{"embeddable":true,"href":"https:\/\/redenoticiaz.com.br\/ribeiraopreto-regiao\/wp-json\/wp\/v2\/comments?post=121279"}],"version-history":[{"count":1,"href":"https:\/\/redenoticiaz.com.br\/ribeiraopreto-regiao\/wp-json\/wp\/v2\/posts\/121279\/revisions"}],"predecessor-version":[{"id":121283,"href":"https:\/\/redenoticiaz.com.br\/ribeiraopreto-regiao\/wp-json\/wp\/v2\/posts\/121279\/revisions\/121283"}],"wp:featuredmedia":[{"embeddable":true,"href":"https:\/\/redenoticiaz.com.br\/ribeiraopreto-regiao\/wp-json\/wp\/v2\/media\/121280"}],"wp:attachment":[{"href":"https:\/\/redenoticiaz.com.br\/ribeiraopreto-regiao\/wp-json\/wp\/v2\/media?parent=121279"}],"wp:term":[{"taxonomy":"category","embeddable":true,"href":"https:\/\/redenoticiaz.com.br\/ribeiraopreto-regiao\/wp-json\/wp\/v2\/categories?post=121279"},{"taxonomy":"post_tag","embeddable":true,"href":"https:\/\/redenoticiaz.com.br\/ribeiraopreto-regiao\/wp-json\/wp\/v2\/tags?post=121279"}],"curies":[{"name":"wp","href":"https:\/\/api.w.org\/{rel}","templated":true}]}}