{"id":121285,"date":"2026-04-28T12:30:35","date_gmt":"2026-04-28T15:30:35","guid":{"rendered":"https:\/\/redenoticiaz.com.br\/ribeiraopreto-regiao\/sp\/2026\/04\/28\/trajetoria-de-bailarina-cega-com-seu-cao-guia-mostra-como-autonomia-e-inclusao-deveriam-ser-direitos-mas-sao-conquistas"},"modified":"2026-04-28T12:30:35","modified_gmt":"2026-04-28T15:30:35","slug":"trajetoria-de-bailarina-cega-com-seu-cao-guia-mostra-como-autonomia-e-inclusao-deveriam-ser-direitos-mas-sao-conquistas","status":"publish","type":"post","link":"https:\/\/redenoticiaz.com.br\/ribeiraopreto-regiao\/sp\/2026\/04\/28\/trajetoria-de-bailarina-cega-com-seu-cao-guia-mostra-como-autonomia-e-inclusao-deveriam-ser-direitos-mas-sao-conquistas","title":{"rendered":"Trajet\u00f3ria de bailarina cega com seu c\u00e3o-guia, mostra como autonomia e inclus\u00e3o deveriam ser direitos, mas s\u00e3o conquistas"},"content":{"rendered":"<p>Quem v\u00ea a gra\u00e7a e leveza da bailarina Giseli, n\u00e3o imagina a dura jornada enfrentada por ela, que nasceu com baixa vis\u00e3o, se tornou cega aos 16, e na idade adulta se formou em educa\u00e7\u00e3o f\u00edsica, dan\u00e7a e yoga.<\/p>\n<p>Giseli Camillo tem 47 anos, \u00e9 natural de S\u00e3o Paulo, e nasceu com catarata cong\u00eanita, o que a fez ter uma inf\u00e2ncia marcada pela rejei\u00e7\u00e3o em diversas escolas e ser alvo de bullying por parte de colegas. Fato que levou a m\u00e3e dela, que s\u00f3 tinha o ensino fundamental, tirar a filha da escola e alfabetiz\u00e1-la em casa. \u201cEu tinha baixa vis\u00e3o e ningu\u00e9m naquela \u00e9poca entendia o que era, porque eu conseguia brincar me orientando pelo contraste, mas n\u00e3o conseguia enxergar no quadro. As professoras me chamavam de pregui\u00e7osa\u201d, conta.<\/p>\n<p>Foi somente aos 24 anos que Giseli voltou a estudar: cursou supletivo, se formou em educa\u00e7\u00e3o f\u00edsica, e, por \u00faltimo, fez especializa\u00e7\u00e3o em dan\u00e7a e yoga. Atualmente Giseli, que ama o movimento, \u00e9 professora de dan\u00e7a na Associa\u00e7\u00e3o Fernanda Biachini, na capital paulista, onde coordena o bal\u00e9 de cegos, dando oportunidade para que outras pessoas como ela, sintam a mesma paix\u00e3o.<\/p>\n<p>&nbsp;<\/p>\n<p><img loading=\"lazy\" decoding=\"async\" class=\"size-medium wp-image-158460\" src=\"https:\/\/redenoticiaz.com.br\/wp-content\/uploads\/2026\/04\/WhatsApp-Image-2026-04-28-at-11.16.33-296x220.jpeg\" alt=\"\" width=\"296\" height=\"220\" \/><\/p>\n<p>A bailarina j\u00e1 tinha superado muitos desafios e alcan\u00e7ado grandes vit\u00f3rias, mas faltava algo que almejava desde pequena: autonomia. Ela ainda precisava de ajuda no caminho para o trabalho, para sair de casa. Mas h\u00e1 9 meses a sonhada independ\u00eancia chegou na forma de quatro patas, e uma carinha cativante: Fa\u00edsca, o c\u00e3o-guia alegre e muito d\u00f3cil, se tornou os olhos de Giseli. \u201cO Fa\u00edsca representa para mim amor, independ\u00eancia e autonomia, porque depois que eu recebi ele, al\u00e9m do fato de estar me guiando e eu n\u00e3o depender mais de ningu\u00e9m, ele \u00e9 puro amor\u201d, relata emocionada.<\/p>\n<p>Agora as apresenta\u00e7\u00f5es de Giseli, al\u00e9m de marcadas pelo talento, s\u00e3o tamb\u00e9m acompanhadas pelo fiel escudeiro, que espera pacientemente enquanto a tutora brilha.<\/p>\n<p>Tornar sonhos poss\u00edveis e pessoas aut\u00f4nomas \u00e9 o objetivo do Programa C\u00e3o-Guia do Instituto Adimax, maior centro de refer\u00eancia em treinamento de c\u00e3es-guias da Am\u00e9rica Latina, respons\u00e1vel pela entrega de mais de 104 c\u00e3es, mais da metade dos animais em atividade no pa\u00eds. \u201cO c\u00e3o-guia, n\u00e3o \u00e9 apenas uma ferramenta de autonomia, \u00e9 um passaporte social. A pessoa com defici\u00eancia que conduz o c\u00e3o-guia, passa a sair mais, a ser vista. Ningu\u00e9m interage com uma bengala, mas todos querem interagir com um c\u00e3o\u201d, explica Fabiano Pereira, coordenador t\u00e9cnico do Instituto Adimax.<\/p>\n<p>A quantidade de c\u00e3es em atividade ainda \u00e9 um gr\u00e3o de areia se compararmos com o n\u00famero de pessoas com defici\u00eancia visual severa no pa\u00eds, que ultrapassa 7 milh\u00f5es segundo dados do Censo 2022 do Instituto Brasileiro de Geografia e Estat\u00edstica (IBGE). \u201cEu gostaria muito que tivesse uma preocupa\u00e7\u00e3o do governo em criar pol\u00edticas para incentivar o treinamento de c\u00e3es-guia e tamb\u00e9m a adequa\u00e7\u00e3o dos espa\u00e7os para pessoas com defici\u00eancia visual. Contamos com o apoio locais como o Instituto Adimax, mas ainda \u00e9 muito pouco, n\u00e3o podemos ser invis\u00edveis, precisamos e merecemos muito mais\u201d, defende Giseli.<\/p>\n<p><strong>Sobre o Instituto Adimax<\/strong><\/p>\n<p>Localizada em Salto de Pirapora, interior de S\u00e3o Paulo, a sede conta com uma estrutura completa. S\u00e3o 15 mil metros quadrados, com maternidade, canil, cl\u00ednica veterin\u00e1ria, centro cir\u00fargico, \u00e1rea de soltura, lazer e treinamento, pr\u00e9dio administrativo e hotel para receber futuras pessoas com defici\u00eancia visual que receber\u00e3o os c\u00e3es-guias, e uma equipe multidisciplinar, distribu\u00edda nas \u00e1reas de sa\u00fade e bem-estar, equipe t\u00e9cnica, administrativo, rela\u00e7\u00f5es institucionais, assist\u00eancia social, responsabilidade social e operacionais, totalizando 53 colaboradores.<\/p>\n<p>O prop\u00f3sito do Instituto \u00e9 apoiar a inclus\u00e3o de pessoas com defici\u00eancia ou em situa\u00e7\u00e3o de vulnerabilidade e o bem-estar animal.<\/p>\n<p>Antes de chegarem ao seu destino, os c\u00e3es s\u00e3o acolhidos por fam\u00edlias volunt\u00e1rias onde ficam pelo per\u00edodo de um ano. O papel dos socializadores \u00e9 expor os animais \u00e0s mais diversas situa\u00e7\u00f5es do cotidiano, para promover seu desenvolvimento e acostum\u00e1-los \u00e0 rotina. Al\u00e9m, \u00e9 claro, de dar a eles tempo e amor. Depois desse per\u00edodo, os c\u00e3es voltam para o instituto e ficam entre 4 e 6 meses em treinamento. Ap\u00f3s formados, poder\u00e3o ser doados para dar in\u00edcio a miss\u00e3o: transformar a vida de pessoas com defici\u00eancia visual.<\/p>\n<p>Al\u00e9m do Programa C\u00e3o de Assist\u00eancia, o Instituto conta com outros 10programas sociais que tem como finalidade a inclus\u00e3o social e cuidado de pessoas em vulnerabilidade.<\/p>\n<p>A entrega do c\u00e3o guia \u00e9 feita de forma totalmente gratuita aos candidatos que preencham os requisitos do Programa. A inscri\u00e7\u00e3o \u00e9 feita diretamente no site:\u00a0<a href=\"http:\/\/www.institutoadimax.org.br\/\">www.institutoadimax.org.br<\/a>\u00a0na aba c\u00e3o guia.<\/p>\n<p>LEIA MAIS<\/p>\n<p><a href=\"https:\/\/redenoticiaz.com.br\/blog\/2026\/04\/28\/golpe-do-falso-mecanico-em-campo-limpo-paulista-suspeito-foge-com-cartao-e-faz-saques\">Golpe do falso mec\u00e2nico em Campo Limpo Paulista: suspeito foge com cart\u00e3o e faz saques<\/a><\/p>\n<p><a href=\"https:\/\/redenoticiaz.com.br\/blog\/2026\/04\/28\/acidente-na-rodovia-edgard-maximo-zambotto-deixa-cinco-feridos-e-interdita-via-em-jarinu\">Acidente na Rodovia Edgard M\u00e1ximo Zambotto deixa cinco feridos e interdita via em Jarinu<\/a><\/p>\n<p>&nbsp;<\/p>\n<p>&nbsp;<\/p>\n<p>&nbsp;<\/p>\n<p>&nbsp;<\/p>\n","protected":false},"excerpt":{"rendered":"<p>Quem v\u00ea a gra\u00e7a e leveza da bailarina Giseli, n\u00e3o imagina a dura jornada enfrentada por ela, que nasceu com baixa vis\u00e3o, se tornou cega aos 16, e na idade adulta se formou em educa\u00e7\u00e3o f\u00edsica, dan\u00e7a e yoga. Giseli Camillo tem 47 anos, \u00e9 natural de S\u00e3o Paulo, e nasceu com catarata cong\u00eanita, o &hellip;<\/p>\n","protected":false},"author":30,"featured_media":121287,"comment_status":"open","ping_status":"closed","sticky":false,"template":"","format":"standard","meta":{"footnotes":""},"categories":[20009],"tags":[19789,3509,31524,10993],"class_list":["post-121285","post","type-post","status-publish","format-standard","has-post-thumbnail","hentry","category-variedades","tag-bailarina","tag-cao-guia","tag-cega","tag-inclusao"],"yoast_head":"<!-- This site is optimized with the Yoast SEO plugin v27.4 - https:\/\/yoast.com\/product\/yoast-seo-wordpress\/ -->\n<title>Trajet\u00f3ria de bailarina cega com seu c\u00e3o-guia, mostra como autonomia e inclus\u00e3o deveriam ser direitos, mas s\u00e3o conquistas - Ribeir\u00e3o Preto e Regi\u00e3o<\/title>\n<meta name=\"description\" content=\"Giseli, n\u00e3o imagina a dura jornada enfrentada por ela, que nasceu com baixa vis\u00e3o, se tornou cega aos 16, e na idade adulta se formou em educa\u00e7\u00e3o f\u00edsica\" \/>\n<meta name=\"robots\" content=\"index, follow, max-snippet:-1, max-image-preview:large, max-video-preview:-1\" \/>\n<link rel=\"canonical\" href=\"https:\/\/redenoticiaz.com.br\/ribeiraopreto-regiao\/sp\/2026\/04\/28\/trajetoria-de-bailarina-cega-com-seu-cao-guia-mostra-como-autonomia-e-inclusao-deveriam-ser-direitos-mas-sao-conquistas\" \/>\n<meta property=\"og:locale\" content=\"pt_BR\" \/>\n<meta property=\"og:type\" content=\"article\" \/>\n<meta property=\"og:title\" content=\"Trajet\u00f3ria de bailarina cega com seu c\u00e3o-guia, mostra como autonomia e inclus\u00e3o deveriam ser direitos, mas s\u00e3o conquistas - Ribeir\u00e3o Preto e Regi\u00e3o\" \/>\n<meta property=\"og:description\" content=\"Giseli, n\u00e3o imagina a dura jornada enfrentada por ela, que nasceu com baixa vis\u00e3o, se tornou cega aos 16, e na idade adulta se formou em educa\u00e7\u00e3o f\u00edsica\" \/>\n<meta property=\"og:url\" content=\"https:\/\/redenoticiaz.com.br\/ribeiraopreto-regiao\/sp\/2026\/04\/28\/trajetoria-de-bailarina-cega-com-seu-cao-guia-mostra-como-autonomia-e-inclusao-deveriam-ser-direitos-mas-sao-conquistas\" \/>\n<meta property=\"og:site_name\" content=\"Ribeir\u00e3o Preto e Regi\u00e3o\" \/>\n<meta property=\"article:publisher\" content=\"https:\/\/m.facebook.com\/redenoticiaz.barretos\" \/>\n<meta property=\"article:published_time\" content=\"2026-04-28T15:30:35+00:00\" \/>\n<meta property=\"og:image\" content=\"https:\/\/redenoticiaz.com.br\/ribeiraopreto-regiao\/wp-content\/uploads\/sites\/4\/2026\/04\/WhatsApp-Image-2026-04-28-at-11.16.33-1.jpeg?v=1777390071\" \/>\n\t<meta property=\"og:image:width\" content=\"810\" \/>\n\t<meta property=\"og:image:height\" content=\"1080\" \/>\n\t<meta property=\"og:image:type\" content=\"image\/jpeg\" \/>\n<meta name=\"author\" content=\"Carina Reifonas\" \/>\n<meta name=\"twitter:card\" content=\"summary_large_image\" \/>\n<meta name=\"twitter:creator\" content=\"@RN_barretos\" \/>\n<meta name=\"twitter:site\" content=\"@RN_barretos\" \/>\n<meta name=\"twitter:label1\" content=\"Escrito por\" \/>\n\t<meta name=\"twitter:data1\" content=\"Carina Reifonas\" \/>\n\t<meta name=\"twitter:label2\" content=\"Est. tempo de leitura\" \/>\n\t<meta name=\"twitter:data2\" content=\"5 minutos\" \/>\n<script type=\"application\/ld+json\" class=\"yoast-schema-graph\">{\"@context\":\"https:\\\/\\\/schema.org\",\"@graph\":[{\"@type\":\"Article\",\"@id\":\"https:\\\/\\\/redenoticiaz.com.br\\\/ribeiraopreto-regiao\\\/sp\\\/2026\\\/04\\\/28\\\/trajetoria-de-bailarina-cega-com-seu-cao-guia-mostra-como-autonomia-e-inclusao-deveriam-ser-direitos-mas-sao-conquistas#article\",\"isPartOf\":{\"@id\":\"https:\\\/\\\/redenoticiaz.com.br\\\/ribeiraopreto-regiao\\\/sp\\\/2026\\\/04\\\/28\\\/trajetoria-de-bailarina-cega-com-seu-cao-guia-mostra-como-autonomia-e-inclusao-deveriam-ser-direitos-mas-sao-conquistas\"},\"author\":{\"name\":\"Carina Reifonas\",\"@id\":\"https:\\\/\\\/redenoticiaz.com.br\\\/ribeiraopreto-regiao\\\/#\\\/schema\\\/person\\\/1f84d6e94e6a62d2d81199d7503e9e90\"},\"headline\":\"Trajet\u00f3ria de bailarina cega com seu c\u00e3o-guia, mostra como autonomia e inclus\u00e3o deveriam ser direitos, mas s\u00e3o conquistas\",\"datePublished\":\"2026-04-28T15:30:35+00:00\",\"mainEntityOfPage\":{\"@id\":\"https:\\\/\\\/redenoticiaz.com.br\\\/ribeiraopreto-regiao\\\/sp\\\/2026\\\/04\\\/28\\\/trajetoria-de-bailarina-cega-com-seu-cao-guia-mostra-como-autonomia-e-inclusao-deveriam-ser-direitos-mas-sao-conquistas\"},\"wordCount\":892,\"commentCount\":0,\"publisher\":{\"@id\":\"https:\\\/\\\/redenoticiaz.com.br\\\/ribeiraopreto-regiao\\\/#organization\"},\"image\":{\"@id\":\"https:\\\/\\\/redenoticiaz.com.br\\\/ribeiraopreto-regiao\\\/sp\\\/2026\\\/04\\\/28\\\/trajetoria-de-bailarina-cega-com-seu-cao-guia-mostra-como-autonomia-e-inclusao-deveriam-ser-direitos-mas-sao-conquistas#primaryimage\"},\"thumbnailUrl\":\"https:\\\/\\\/redenoticiaz.com.br\\\/ribeiraopreto-regiao\\\/wp-content\\\/uploads\\\/sites\\\/4\\\/2026\\\/04\\\/WhatsApp-Image-2026-04-28-at-11.16.33-1.jpeg?v=1777390071\",\"keywords\":[\"bailarina\",\"C\u00c3O-GUIA\",\"cega\",\"INCLUS\u00c3O\"],\"articleSection\":[\"Variedades\"],\"inLanguage\":\"pt-BR\",\"potentialAction\":[{\"@type\":\"CommentAction\",\"name\":\"Comment\",\"target\":[\"https:\\\/\\\/redenoticiaz.com.br\\\/ribeiraopreto-regiao\\\/sp\\\/2026\\\/04\\\/28\\\/trajetoria-de-bailarina-cega-com-seu-cao-guia-mostra-como-autonomia-e-inclusao-deveriam-ser-direitos-mas-sao-conquistas#respond\"]}]},{\"@type\":\"WebPage\",\"@id\":\"https:\\\/\\\/redenoticiaz.com.br\\\/ribeiraopreto-regiao\\\/sp\\\/2026\\\/04\\\/28\\\/trajetoria-de-bailarina-cega-com-seu-cao-guia-mostra-como-autonomia-e-inclusao-deveriam-ser-direitos-mas-sao-conquistas\",\"url\":\"https:\\\/\\\/redenoticiaz.com.br\\\/ribeiraopreto-regiao\\\/sp\\\/2026\\\/04\\\/28\\\/trajetoria-de-bailarina-cega-com-seu-cao-guia-mostra-como-autonomia-e-inclusao-deveriam-ser-direitos-mas-sao-conquistas\",\"name\":\"Trajet\u00f3ria de bailarina cega com seu c\u00e3o-guia, mostra como autonomia e inclus\u00e3o deveriam ser direitos, mas s\u00e3o conquistas - Ribeir\u00e3o Preto e Regi\u00e3o\",\"isPartOf\":{\"@id\":\"https:\\\/\\\/redenoticiaz.com.br\\\/ribeiraopreto-regiao\\\/#website\"},\"primaryImageOfPage\":{\"@id\":\"https:\\\/\\\/redenoticiaz.com.br\\\/ribeiraopreto-regiao\\\/sp\\\/2026\\\/04\\\/28\\\/trajetoria-de-bailarina-cega-com-seu-cao-guia-mostra-como-autonomia-e-inclusao-deveriam-ser-direitos-mas-sao-conquistas#primaryimage\"},\"image\":{\"@id\":\"https:\\\/\\\/redenoticiaz.com.br\\\/ribeiraopreto-regiao\\\/sp\\\/2026\\\/04\\\/28\\\/trajetoria-de-bailarina-cega-com-seu-cao-guia-mostra-como-autonomia-e-inclusao-deveriam-ser-direitos-mas-sao-conquistas#primaryimage\"},\"thumbnailUrl\":\"https:\\\/\\\/redenoticiaz.com.br\\\/ribeiraopreto-regiao\\\/wp-content\\\/uploads\\\/sites\\\/4\\\/2026\\\/04\\\/WhatsApp-Image-2026-04-28-at-11.16.33-1.jpeg?v=1777390071\",\"datePublished\":\"2026-04-28T15:30:35+00:00\",\"description\":\"Giseli, n\u00e3o imagina a dura jornada enfrentada por ela, que nasceu com baixa vis\u00e3o, se tornou cega aos 16, e na idade adulta se formou em educa\u00e7\u00e3o f\u00edsica\",\"inLanguage\":\"pt-BR\",\"potentialAction\":[{\"@type\":\"ReadAction\",\"target\":[\"https:\\\/\\\/redenoticiaz.com.br\\\/ribeiraopreto-regiao\\\/sp\\\/2026\\\/04\\\/28\\\/trajetoria-de-bailarina-cega-com-seu-cao-guia-mostra-como-autonomia-e-inclusao-deveriam-ser-direitos-mas-sao-conquistas\"]}]},{\"@type\":\"ImageObject\",\"inLanguage\":\"pt-BR\",\"@id\":\"https:\\\/\\\/redenoticiaz.com.br\\\/ribeiraopreto-regiao\\\/sp\\\/2026\\\/04\\\/28\\\/trajetoria-de-bailarina-cega-com-seu-cao-guia-mostra-como-autonomia-e-inclusao-deveriam-ser-direitos-mas-sao-conquistas#primaryimage\",\"url\":\"https:\\\/\\\/redenoticiaz.com.br\\\/ribeiraopreto-regiao\\\/wp-content\\\/uploads\\\/sites\\\/4\\\/2026\\\/04\\\/WhatsApp-Image-2026-04-28-at-11.16.33-1.jpeg?v=1777390071\",\"contentUrl\":\"https:\\\/\\\/redenoticiaz.com.br\\\/ribeiraopreto-regiao\\\/wp-content\\\/uploads\\\/sites\\\/4\\\/2026\\\/04\\\/WhatsApp-Image-2026-04-28-at-11.16.33-1.jpeg?v=1777390071\",\"width\":810,\"height\":1080,\"caption\":\"Fa\u00edsca e Giseli \u2014 Foto: Divulga\u00e7\u00e3o\"},{\"@type\":\"WebSite\",\"@id\":\"https:\\\/\\\/redenoticiaz.com.br\\\/ribeiraopreto-regiao\\\/#website\",\"url\":\"https:\\\/\\\/redenoticiaz.com.br\\\/ribeiraopreto-regiao\\\/\",\"name\":\"Ribeir\u00e3o Preto e Regi\u00e3o\",\"description\":\"Rede NoticiaZ - Ribeir\u00e3o Preto e regi\u00e3o\",\"publisher\":{\"@id\":\"https:\\\/\\\/redenoticiaz.com.br\\\/ribeiraopreto-regiao\\\/#organization\"},\"potentialAction\":[{\"@type\":\"SearchAction\",\"target\":{\"@type\":\"EntryPoint\",\"urlTemplate\":\"https:\\\/\\\/redenoticiaz.com.br\\\/ribeiraopreto-regiao\\\/?s={search_term_string}\"},\"query-input\":{\"@type\":\"PropertyValueSpecification\",\"valueRequired\":true,\"valueName\":\"search_term_string\"}}],\"inLanguage\":\"pt-BR\"},{\"@type\":\"Organization\",\"@id\":\"https:\\\/\\\/redenoticiaz.com.br\\\/ribeiraopreto-regiao\\\/#organization\",\"name\":\"Ribeir\u00e3o Preto e Regi\u00e3o\",\"url\":\"https:\\\/\\\/redenoticiaz.com.br\\\/ribeiraopreto-regiao\\\/\",\"logo\":{\"@type\":\"ImageObject\",\"inLanguage\":\"pt-BR\",\"@id\":\"https:\\\/\\\/redenoticiaz.com.br\\\/ribeiraopreto-regiao\\\/#\\\/schema\\\/logo\\\/image\\\/\",\"url\":\"https:\\\/\\\/redenoticiaz.com.br\\\/barretos-regiao\\\/wp-content\\\/uploads\\\/sites\\\/4\\\/2022\\\/02\\\/logo.jpg\",\"contentUrl\":\"https:\\\/\\\/redenoticiaz.com.br\\\/barretos-regiao\\\/wp-content\\\/uploads\\\/sites\\\/4\\\/2022\\\/02\\\/logo.jpg\",\"width\":400,\"height\":250,\"caption\":\"Ribeir\u00e3o Preto e Regi\u00e3o\"},\"image\":{\"@id\":\"https:\\\/\\\/redenoticiaz.com.br\\\/ribeiraopreto-regiao\\\/#\\\/schema\\\/logo\\\/image\\\/\"},\"sameAs\":[\"https:\\\/\\\/m.facebook.com\\\/redenoticiaz.barretos\",\"https:\\\/\\\/x.com\\\/RN_barretos\",\"https:\\\/\\\/www.instagram.com\\\/redenoticiaz.barretos\\\/?igshid=YmMyMTA2M2Y\",\"https:\\\/\\\/www.linkedin.com\\\/company\\\/rede-noticiaz-barretos-e-regio\\\/\"]},{\"@type\":\"Person\",\"@id\":\"https:\\\/\\\/redenoticiaz.com.br\\\/ribeiraopreto-regiao\\\/#\\\/schema\\\/person\\\/1f84d6e94e6a62d2d81199d7503e9e90\",\"name\":\"Carina Reifonas\",\"image\":{\"@type\":\"ImageObject\",\"inLanguage\":\"pt-BR\",\"@id\":\"https:\\\/\\\/secure.gravatar.com\\\/avatar\\\/04c59859b23696cf867715880f81d5c037e60109730bdb4e6670ec2a2245bc97?s=96&d=mm&r=g\",\"url\":\"https:\\\/\\\/secure.gravatar.com\\\/avatar\\\/04c59859b23696cf867715880f81d5c037e60109730bdb4e6670ec2a2245bc97?s=96&d=mm&r=g\",\"contentUrl\":\"https:\\\/\\\/secure.gravatar.com\\\/avatar\\\/04c59859b23696cf867715880f81d5c037e60109730bdb4e6670ec2a2245bc97?s=96&d=mm&r=g\",\"caption\":\"Carina Reifonas\"},\"url\":\"https:\\\/\\\/redenoticiaz.com.br\\\/ribeiraopreto-regiao\\\/sp\\\/author\\\/carinareifonas\"}]}<\/script>\n<!-- \/ Yoast SEO plugin. -->","yoast_head_json":{"title":"Trajet\u00f3ria de bailarina cega com seu c\u00e3o-guia, mostra como autonomia e inclus\u00e3o deveriam ser direitos, mas s\u00e3o conquistas - Ribeir\u00e3o Preto e Regi\u00e3o","description":"Giseli, n\u00e3o imagina a dura jornada enfrentada por ela, que nasceu com baixa vis\u00e3o, se tornou cega aos 16, e na idade adulta se formou em educa\u00e7\u00e3o f\u00edsica","robots":{"index":"index","follow":"follow","max-snippet":"max-snippet:-1","max-image-preview":"max-image-preview:large","max-video-preview":"max-video-preview:-1"},"canonical":"https:\/\/redenoticiaz.com.br\/ribeiraopreto-regiao\/sp\/2026\/04\/28\/trajetoria-de-bailarina-cega-com-seu-cao-guia-mostra-como-autonomia-e-inclusao-deveriam-ser-direitos-mas-sao-conquistas","og_locale":"pt_BR","og_type":"article","og_title":"Trajet\u00f3ria de bailarina cega com seu c\u00e3o-guia, mostra como autonomia e inclus\u00e3o deveriam ser direitos, mas s\u00e3o conquistas - Ribeir\u00e3o Preto e Regi\u00e3o","og_description":"Giseli, n\u00e3o imagina a dura jornada enfrentada por ela, que nasceu com baixa vis\u00e3o, se tornou cega aos 16, e na idade adulta se formou em educa\u00e7\u00e3o f\u00edsica","og_url":"https:\/\/redenoticiaz.com.br\/ribeiraopreto-regiao\/sp\/2026\/04\/28\/trajetoria-de-bailarina-cega-com-seu-cao-guia-mostra-como-autonomia-e-inclusao-deveriam-ser-direitos-mas-sao-conquistas","og_site_name":"Ribeir\u00e3o Preto e Regi\u00e3o","article_publisher":"https:\/\/m.facebook.com\/redenoticiaz.barretos","article_published_time":"2026-04-28T15:30:35+00:00","og_image":[{"width":810,"height":1080,"url":"https:\/\/redenoticiaz.com.br\/ribeiraopreto-regiao\/wp-content\/uploads\/sites\/4\/2026\/04\/WhatsApp-Image-2026-04-28-at-11.16.33-1.jpeg?v=1777390071","type":"image\/jpeg"}],"author":"Carina Reifonas","twitter_card":"summary_large_image","twitter_creator":"@RN_barretos","twitter_site":"@RN_barretos","twitter_misc":{"Escrito por":"Carina Reifonas","Est. tempo de leitura":"5 minutos"},"schema":{"@context":"https:\/\/schema.org","@graph":[{"@type":"Article","@id":"https:\/\/redenoticiaz.com.br\/ribeiraopreto-regiao\/sp\/2026\/04\/28\/trajetoria-de-bailarina-cega-com-seu-cao-guia-mostra-como-autonomia-e-inclusao-deveriam-ser-direitos-mas-sao-conquistas#article","isPartOf":{"@id":"https:\/\/redenoticiaz.com.br\/ribeiraopreto-regiao\/sp\/2026\/04\/28\/trajetoria-de-bailarina-cega-com-seu-cao-guia-mostra-como-autonomia-e-inclusao-deveriam-ser-direitos-mas-sao-conquistas"},"author":{"name":"Carina Reifonas","@id":"https:\/\/redenoticiaz.com.br\/ribeiraopreto-regiao\/#\/schema\/person\/1f84d6e94e6a62d2d81199d7503e9e90"},"headline":"Trajet\u00f3ria de bailarina cega com seu c\u00e3o-guia, mostra como autonomia e inclus\u00e3o deveriam ser direitos, mas s\u00e3o conquistas","datePublished":"2026-04-28T15:30:35+00:00","mainEntityOfPage":{"@id":"https:\/\/redenoticiaz.com.br\/ribeiraopreto-regiao\/sp\/2026\/04\/28\/trajetoria-de-bailarina-cega-com-seu-cao-guia-mostra-como-autonomia-e-inclusao-deveriam-ser-direitos-mas-sao-conquistas"},"wordCount":892,"commentCount":0,"publisher":{"@id":"https:\/\/redenoticiaz.com.br\/ribeiraopreto-regiao\/#organization"},"image":{"@id":"https:\/\/redenoticiaz.com.br\/ribeiraopreto-regiao\/sp\/2026\/04\/28\/trajetoria-de-bailarina-cega-com-seu-cao-guia-mostra-como-autonomia-e-inclusao-deveriam-ser-direitos-mas-sao-conquistas#primaryimage"},"thumbnailUrl":"https:\/\/redenoticiaz.com.br\/ribeiraopreto-regiao\/wp-content\/uploads\/sites\/4\/2026\/04\/WhatsApp-Image-2026-04-28-at-11.16.33-1.jpeg?v=1777390071","keywords":["bailarina","C\u00c3O-GUIA","cega","INCLUS\u00c3O"],"articleSection":["Variedades"],"inLanguage":"pt-BR","potentialAction":[{"@type":"CommentAction","name":"Comment","target":["https:\/\/redenoticiaz.com.br\/ribeiraopreto-regiao\/sp\/2026\/04\/28\/trajetoria-de-bailarina-cega-com-seu-cao-guia-mostra-como-autonomia-e-inclusao-deveriam-ser-direitos-mas-sao-conquistas#respond"]}]},{"@type":"WebPage","@id":"https:\/\/redenoticiaz.com.br\/ribeiraopreto-regiao\/sp\/2026\/04\/28\/trajetoria-de-bailarina-cega-com-seu-cao-guia-mostra-como-autonomia-e-inclusao-deveriam-ser-direitos-mas-sao-conquistas","url":"https:\/\/redenoticiaz.com.br\/ribeiraopreto-regiao\/sp\/2026\/04\/28\/trajetoria-de-bailarina-cega-com-seu-cao-guia-mostra-como-autonomia-e-inclusao-deveriam-ser-direitos-mas-sao-conquistas","name":"Trajet\u00f3ria de bailarina cega com seu c\u00e3o-guia, mostra como autonomia e inclus\u00e3o deveriam ser direitos, mas s\u00e3o conquistas - Ribeir\u00e3o Preto e Regi\u00e3o","isPartOf":{"@id":"https:\/\/redenoticiaz.com.br\/ribeiraopreto-regiao\/#website"},"primaryImageOfPage":{"@id":"https:\/\/redenoticiaz.com.br\/ribeiraopreto-regiao\/sp\/2026\/04\/28\/trajetoria-de-bailarina-cega-com-seu-cao-guia-mostra-como-autonomia-e-inclusao-deveriam-ser-direitos-mas-sao-conquistas#primaryimage"},"image":{"@id":"https:\/\/redenoticiaz.com.br\/ribeiraopreto-regiao\/sp\/2026\/04\/28\/trajetoria-de-bailarina-cega-com-seu-cao-guia-mostra-como-autonomia-e-inclusao-deveriam-ser-direitos-mas-sao-conquistas#primaryimage"},"thumbnailUrl":"https:\/\/redenoticiaz.com.br\/ribeiraopreto-regiao\/wp-content\/uploads\/sites\/4\/2026\/04\/WhatsApp-Image-2026-04-28-at-11.16.33-1.jpeg?v=1777390071","datePublished":"2026-04-28T15:30:35+00:00","description":"Giseli, n\u00e3o imagina a dura jornada enfrentada por ela, que nasceu com baixa vis\u00e3o, se tornou cega aos 16, e na idade adulta se formou em educa\u00e7\u00e3o f\u00edsica","inLanguage":"pt-BR","potentialAction":[{"@type":"ReadAction","target":["https:\/\/redenoticiaz.com.br\/ribeiraopreto-regiao\/sp\/2026\/04\/28\/trajetoria-de-bailarina-cega-com-seu-cao-guia-mostra-como-autonomia-e-inclusao-deveriam-ser-direitos-mas-sao-conquistas"]}]},{"@type":"ImageObject","inLanguage":"pt-BR","@id":"https:\/\/redenoticiaz.com.br\/ribeiraopreto-regiao\/sp\/2026\/04\/28\/trajetoria-de-bailarina-cega-com-seu-cao-guia-mostra-como-autonomia-e-inclusao-deveriam-ser-direitos-mas-sao-conquistas#primaryimage","url":"https:\/\/redenoticiaz.com.br\/ribeiraopreto-regiao\/wp-content\/uploads\/sites\/4\/2026\/04\/WhatsApp-Image-2026-04-28-at-11.16.33-1.jpeg?v=1777390071","contentUrl":"https:\/\/redenoticiaz.com.br\/ribeiraopreto-regiao\/wp-content\/uploads\/sites\/4\/2026\/04\/WhatsApp-Image-2026-04-28-at-11.16.33-1.jpeg?v=1777390071","width":810,"height":1080,"caption":"Fa\u00edsca e Giseli \u2014 Foto: Divulga\u00e7\u00e3o"},{"@type":"WebSite","@id":"https:\/\/redenoticiaz.com.br\/ribeiraopreto-regiao\/#website","url":"https:\/\/redenoticiaz.com.br\/ribeiraopreto-regiao\/","name":"Ribeir\u00e3o Preto e Regi\u00e3o","description":"Rede NoticiaZ - Ribeir\u00e3o Preto e regi\u00e3o","publisher":{"@id":"https:\/\/redenoticiaz.com.br\/ribeiraopreto-regiao\/#organization"},"potentialAction":[{"@type":"SearchAction","target":{"@type":"EntryPoint","urlTemplate":"https:\/\/redenoticiaz.com.br\/ribeiraopreto-regiao\/?s={search_term_string}"},"query-input":{"@type":"PropertyValueSpecification","valueRequired":true,"valueName":"search_term_string"}}],"inLanguage":"pt-BR"},{"@type":"Organization","@id":"https:\/\/redenoticiaz.com.br\/ribeiraopreto-regiao\/#organization","name":"Ribeir\u00e3o Preto e Regi\u00e3o","url":"https:\/\/redenoticiaz.com.br\/ribeiraopreto-regiao\/","logo":{"@type":"ImageObject","inLanguage":"pt-BR","@id":"https:\/\/redenoticiaz.com.br\/ribeiraopreto-regiao\/#\/schema\/logo\/image\/","url":"https:\/\/redenoticiaz.com.br\/barretos-regiao\/wp-content\/uploads\/sites\/4\/2022\/02\/logo.jpg","contentUrl":"https:\/\/redenoticiaz.com.br\/barretos-regiao\/wp-content\/uploads\/sites\/4\/2022\/02\/logo.jpg","width":400,"height":250,"caption":"Ribeir\u00e3o Preto e Regi\u00e3o"},"image":{"@id":"https:\/\/redenoticiaz.com.br\/ribeiraopreto-regiao\/#\/schema\/logo\/image\/"},"sameAs":["https:\/\/m.facebook.com\/redenoticiaz.barretos","https:\/\/x.com\/RN_barretos","https:\/\/www.instagram.com\/redenoticiaz.barretos\/?igshid=YmMyMTA2M2Y","https:\/\/www.linkedin.com\/company\/rede-noticiaz-barretos-e-regio\/"]},{"@type":"Person","@id":"https:\/\/redenoticiaz.com.br\/ribeiraopreto-regiao\/#\/schema\/person\/1f84d6e94e6a62d2d81199d7503e9e90","name":"Carina Reifonas","image":{"@type":"ImageObject","inLanguage":"pt-BR","@id":"https:\/\/secure.gravatar.com\/avatar\/04c59859b23696cf867715880f81d5c037e60109730bdb4e6670ec2a2245bc97?s=96&d=mm&r=g","url":"https:\/\/secure.gravatar.com\/avatar\/04c59859b23696cf867715880f81d5c037e60109730bdb4e6670ec2a2245bc97?s=96&d=mm&r=g","contentUrl":"https:\/\/secure.gravatar.com\/avatar\/04c59859b23696cf867715880f81d5c037e60109730bdb4e6670ec2a2245bc97?s=96&d=mm&r=g","caption":"Carina Reifonas"},"url":"https:\/\/redenoticiaz.com.br\/ribeiraopreto-regiao\/sp\/author\/carinareifonas"}]}},"_links":{"self":[{"href":"https:\/\/redenoticiaz.com.br\/ribeiraopreto-regiao\/wp-json\/wp\/v2\/posts\/121285","targetHints":{"allow":["GET"]}}],"collection":[{"href":"https:\/\/redenoticiaz.com.br\/ribeiraopreto-regiao\/wp-json\/wp\/v2\/posts"}],"about":[{"href":"https:\/\/redenoticiaz.com.br\/ribeiraopreto-regiao\/wp-json\/wp\/v2\/types\/post"}],"author":[{"embeddable":true,"href":"https:\/\/redenoticiaz.com.br\/ribeiraopreto-regiao\/wp-json\/wp\/v2\/users\/30"}],"replies":[{"embeddable":true,"href":"https:\/\/redenoticiaz.com.br\/ribeiraopreto-regiao\/wp-json\/wp\/v2\/comments?post=121285"}],"version-history":[{"count":1,"href":"https:\/\/redenoticiaz.com.br\/ribeiraopreto-regiao\/wp-json\/wp\/v2\/posts\/121285\/revisions"}],"predecessor-version":[{"id":121288,"href":"https:\/\/redenoticiaz.com.br\/ribeiraopreto-regiao\/wp-json\/wp\/v2\/posts\/121285\/revisions\/121288"}],"wp:featuredmedia":[{"embeddable":true,"href":"https:\/\/redenoticiaz.com.br\/ribeiraopreto-regiao\/wp-json\/wp\/v2\/media\/121287"}],"wp:attachment":[{"href":"https:\/\/redenoticiaz.com.br\/ribeiraopreto-regiao\/wp-json\/wp\/v2\/media?parent=121285"}],"wp:term":[{"taxonomy":"category","embeddable":true,"href":"https:\/\/redenoticiaz.com.br\/ribeiraopreto-regiao\/wp-json\/wp\/v2\/categories?post=121285"},{"taxonomy":"post_tag","embeddable":true,"href":"https:\/\/redenoticiaz.com.br\/ribeiraopreto-regiao\/wp-json\/wp\/v2\/tags?post=121285"}],"curies":[{"name":"wp","href":"https:\/\/api.w.org\/{rel}","templated":true}]}}