{"id":121289,"date":"2026-04-28T12:43:39","date_gmt":"2026-04-28T15:43:39","guid":{"rendered":"https:\/\/redenoticiaz.com.br\/ribeiraopreto-regiao\/?p=121289"},"modified":"2026-04-28T12:43:39","modified_gmt":"2026-04-28T15:43:39","slug":"motociclista-e-baleado-em-tentativa-de-roubo-em-ribeirao-preto-criminosos-fogem-sem-levar-moto","status":"publish","type":"post","link":"https:\/\/redenoticiaz.com.br\/ribeiraopreto-regiao\/sp\/2026\/04\/28\/motociclista-e-baleado-em-tentativa-de-roubo-em-ribeirao-preto-criminosos-fogem-sem-levar-moto","title":{"rendered":"Motociclista \u00e9 baleado em tentativa de roubo em Ribeir\u00e3o Preto; criminosos fogem sem levar moto"},"content":{"rendered":"<p>Um motociclista foi baleado no p\u00e9 durante uma tentativa de roubo na noite de segunda-feira (27), em frente ao condom\u00ednio onde mora, no bairro Jardim Interlagos, zona Leste de Ribeir\u00e3o Preto.<\/p>\n<p>O crime aconteceu por volta das 19h30 e foi registrado por c\u00e2meras de seguran\u00e7a. Segundo informa\u00e7\u00f5es, a v\u00edtima havia acabado de chegar ao local com a esposa. Enquanto ela entrou no condom\u00ednio, ele permaneceu do lado de fora falando ao celular.<\/p>\n<p>Dois suspeitos se aproximaram em outra moto e anunciaram o assalto, exigindo o ve\u00edculo. No entanto, a dupla n\u00e3o conseguiu ligar a motocicleta. Durante a a\u00e7\u00e3o, um dos criminosos efetuou disparos, atingindo o p\u00e9 da v\u00edtima, que correu para dentro do condom\u00ednio.<\/p>\n<p>Na sequ\u00eancia, os assaltantes ainda dispararam novamente em dire\u00e7\u00e3o \u00e0 portaria, mas foram interrompidos ap\u00f3s moradores perceberem a situa\u00e7\u00e3o e come\u00e7arem a gritar das janelas. Eles fugiram sem levar nada e n\u00e3o foram localizados at\u00e9 o momento.<\/p>\n<p>O motociclista foi socorrido, encaminhado a um hospital e j\u00e1 recebeu alta. O caso foi registrado como tentativa de latroc\u00ednio \u2014 roubo seguido de morte \u2014 e ser\u00e1 investigado pela Pol\u00edcia Civil.<\/p>\n<p>LEIA MAIS<\/p>\n<p><a href=\"https:\/\/redenoticiaz.com.br\/ribeiraopreto-regiao\/sp\/2026\/04\/28\/trajetoria-de-bailarina-cega-com-seu-cao-guia-mostra-como-autonomia-e-inclusao-deveriam-ser-direitos-mas-sao-conquistas\">Trajet\u00f3ria de bailarina cega com seu c\u00e3o-guia, mostra como autonomia e inclus\u00e3o deveriam ser direitos, mas s\u00e3o conquistas<\/a><\/p>\n<p><a href=\"https:\/\/redenoticiaz.com.br\/ribeiraopreto-regiao\/sp\/2026\/04\/28\/combate-a-dengue-em-ribeirao-preto-arrastao-remove-200-kg-de-lixo-e-elimina-77-focos-do-mosquito\">Combate \u00e0 dengue em Ribeir\u00e3o Preto: arrast\u00e3o remove 200 kg de lixo e elimina 77 focos do mosquito<\/a><\/p>\n","protected":false},"excerpt":{"rendered":"<p>Um motociclista foi baleado no p\u00e9 durante uma tentativa de roubo na noite de segunda-feira (27), em frente ao condom\u00ednio onde mora, no bairro Jardim Interlagos, zona Leste de Ribeir\u00e3o Preto. O crime aconteceu por volta das 19h30 e foi registrado por c\u00e2meras de seguran\u00e7a. Segundo informa\u00e7\u00f5es, a v\u00edtima havia acabado de chegar ao local &hellip;<\/p>\n","protected":false},"author":30,"featured_media":121290,"comment_status":"open","ping_status":"closed","sticky":false,"template":"","format":"standard","meta":{"footnotes":""},"categories":[88,31500],"tags":[21466,8757,4097,3437],"class_list":["post-121289","post","type-post","status-publish","format-standard","has-post-thumbnail","hentry","category-policia","category-ribeirao-preto","tag-baleado","tag-motociclista","tag-ribeirao-preto","tag-roubo"],"yoast_head":"<!-- This site is optimized with the Yoast SEO plugin v27.4 - https:\/\/yoast.com\/product\/yoast-seo-wordpress\/ -->\n<title>Motociclista \u00e9 baleado em tentativa de roubo em Ribeir\u00e3o Preto; criminosos fogem sem levar moto - Ribeir\u00e3o Preto e Regi\u00e3o<\/title>\n<meta name=\"description\" content=\"Motociclista \u00e9 baleado durante tentativa de roubo em Ribeir\u00e3o Preto. Crime foi registrado por c\u00e2meras e suspeitos fugiram sem levar a moto.\" \/>\n<meta name=\"robots\" content=\"index, follow, max-snippet:-1, max-image-preview:large, max-video-preview:-1\" \/>\n<link rel=\"canonical\" href=\"https:\/\/redenoticiaz.com.br\/ribeiraopreto-regiao\/sp\/2026\/04\/28\/motociclista-e-baleado-em-tentativa-de-roubo-em-ribeirao-preto-criminosos-fogem-sem-levar-moto\" \/>\n<meta property=\"og:locale\" content=\"pt_BR\" \/>\n<meta property=\"og:type\" content=\"article\" \/>\n<meta property=\"og:title\" content=\"Motociclista \u00e9 baleado em tentativa de roubo em Ribeir\u00e3o Preto; criminosos fogem sem levar moto - Ribeir\u00e3o Preto e Regi\u00e3o\" \/>\n<meta property=\"og:description\" content=\"Motociclista \u00e9 baleado durante tentativa de roubo em Ribeir\u00e3o Preto. Crime foi registrado por c\u00e2meras e suspeitos fugiram sem levar a moto.\" \/>\n<meta property=\"og:url\" content=\"https:\/\/redenoticiaz.com.br\/ribeiraopreto-regiao\/sp\/2026\/04\/28\/motociclista-e-baleado-em-tentativa-de-roubo-em-ribeirao-preto-criminosos-fogem-sem-levar-moto\" \/>\n<meta property=\"og:site_name\" content=\"Ribeir\u00e3o Preto e Regi\u00e3o\" \/>\n<meta property=\"article:publisher\" content=\"https:\/\/m.facebook.com\/redenoticiaz.barretos\" \/>\n<meta property=\"article:published_time\" content=\"2026-04-28T15:43:39+00:00\" \/>\n<meta property=\"og:image\" content=\"https:\/\/redenoticiaz.com.br\/ribeiraopreto-regiao\/wp-content\/uploads\/sites\/4\/2026\/04\/Captura-de-tela-2026-04-28-123934.png\" \/>\n\t<meta property=\"og:image:width\" content=\"582\" \/>\n\t<meta property=\"og:image:height\" content=\"355\" \/>\n\t<meta property=\"og:image:type\" content=\"image\/png\" \/>\n<meta name=\"author\" content=\"Carina Reifonas\" \/>\n<meta name=\"twitter:card\" content=\"summary_large_image\" \/>\n<meta name=\"twitter:creator\" content=\"@RN_barretos\" \/>\n<meta name=\"twitter:site\" content=\"@RN_barretos\" \/>\n<meta name=\"twitter:label1\" content=\"Escrito por\" \/>\n\t<meta name=\"twitter:data1\" content=\"Carina Reifonas\" \/>\n\t<meta name=\"twitter:label2\" content=\"Est. tempo de leitura\" \/>\n\t<meta name=\"twitter:data2\" content=\"2 minutos\" \/>\n<script type=\"application\/ld+json\" class=\"yoast-schema-graph\">{\"@context\":\"https:\\\/\\\/schema.org\",\"@graph\":[{\"@type\":\"Article\",\"@id\":\"https:\\\/\\\/redenoticiaz.com.br\\\/ribeiraopreto-regiao\\\/sp\\\/2026\\\/04\\\/28\\\/motociclista-e-baleado-em-tentativa-de-roubo-em-ribeirao-preto-criminosos-fogem-sem-levar-moto#article\",\"isPartOf\":{\"@id\":\"https:\\\/\\\/redenoticiaz.com.br\\\/ribeiraopreto-regiao\\\/sp\\\/2026\\\/04\\\/28\\\/motociclista-e-baleado-em-tentativa-de-roubo-em-ribeirao-preto-criminosos-fogem-sem-levar-moto\"},\"author\":{\"name\":\"Carina Reifonas\",\"@id\":\"https:\\\/\\\/redenoticiaz.com.br\\\/ribeiraopreto-regiao\\\/#\\\/schema\\\/person\\\/1f84d6e94e6a62d2d81199d7503e9e90\"},\"headline\":\"Motociclista \u00e9 baleado em tentativa de roubo em Ribeir\u00e3o Preto; criminosos fogem sem levar moto\",\"datePublished\":\"2026-04-28T15:43:39+00:00\",\"mainEntityOfPage\":{\"@id\":\"https:\\\/\\\/redenoticiaz.com.br\\\/ribeiraopreto-regiao\\\/sp\\\/2026\\\/04\\\/28\\\/motociclista-e-baleado-em-tentativa-de-roubo-em-ribeirao-preto-criminosos-fogem-sem-levar-moto\"},\"wordCount\":255,\"commentCount\":0,\"publisher\":{\"@id\":\"https:\\\/\\\/redenoticiaz.com.br\\\/ribeiraopreto-regiao\\\/#organization\"},\"image\":{\"@id\":\"https:\\\/\\\/redenoticiaz.com.br\\\/ribeiraopreto-regiao\\\/sp\\\/2026\\\/04\\\/28\\\/motociclista-e-baleado-em-tentativa-de-roubo-em-ribeirao-preto-criminosos-fogem-sem-levar-moto#primaryimage\"},\"thumbnailUrl\":\"https:\\\/\\\/redenoticiaz.com.br\\\/ribeiraopreto-regiao\\\/wp-content\\\/uploads\\\/sites\\\/4\\\/2026\\\/04\\\/Captura-de-tela-2026-04-28-123934.png\",\"keywords\":[\"BALEADO\",\"MOTOCICLISTA\",\"RIBEIR\u00c3O PRETO\",\"roubo\"],\"articleSection\":[\"Pol\u00edcia\",\"Ribeir\u00e3o Preto\"],\"inLanguage\":\"pt-BR\",\"potentialAction\":[{\"@type\":\"CommentAction\",\"name\":\"Comment\",\"target\":[\"https:\\\/\\\/redenoticiaz.com.br\\\/ribeiraopreto-regiao\\\/sp\\\/2026\\\/04\\\/28\\\/motociclista-e-baleado-em-tentativa-de-roubo-em-ribeirao-preto-criminosos-fogem-sem-levar-moto#respond\"]}]},{\"@type\":\"WebPage\",\"@id\":\"https:\\\/\\\/redenoticiaz.com.br\\\/ribeiraopreto-regiao\\\/sp\\\/2026\\\/04\\\/28\\\/motociclista-e-baleado-em-tentativa-de-roubo-em-ribeirao-preto-criminosos-fogem-sem-levar-moto\",\"url\":\"https:\\\/\\\/redenoticiaz.com.br\\\/ribeiraopreto-regiao\\\/sp\\\/2026\\\/04\\\/28\\\/motociclista-e-baleado-em-tentativa-de-roubo-em-ribeirao-preto-criminosos-fogem-sem-levar-moto\",\"name\":\"Motociclista \u00e9 baleado em tentativa de roubo em Ribeir\u00e3o Preto; criminosos fogem sem levar moto - Ribeir\u00e3o Preto e Regi\u00e3o\",\"isPartOf\":{\"@id\":\"https:\\\/\\\/redenoticiaz.com.br\\\/ribeiraopreto-regiao\\\/#website\"},\"primaryImageOfPage\":{\"@id\":\"https:\\\/\\\/redenoticiaz.com.br\\\/ribeiraopreto-regiao\\\/sp\\\/2026\\\/04\\\/28\\\/motociclista-e-baleado-em-tentativa-de-roubo-em-ribeirao-preto-criminosos-fogem-sem-levar-moto#primaryimage\"},\"image\":{\"@id\":\"https:\\\/\\\/redenoticiaz.com.br\\\/ribeiraopreto-regiao\\\/sp\\\/2026\\\/04\\\/28\\\/motociclista-e-baleado-em-tentativa-de-roubo-em-ribeirao-preto-criminosos-fogem-sem-levar-moto#primaryimage\"},\"thumbnailUrl\":\"https:\\\/\\\/redenoticiaz.com.br\\\/ribeiraopreto-regiao\\\/wp-content\\\/uploads\\\/sites\\\/4\\\/2026\\\/04\\\/Captura-de-tela-2026-04-28-123934.png\",\"datePublished\":\"2026-04-28T15:43:39+00:00\",\"description\":\"Motociclista \u00e9 baleado durante tentativa de roubo em Ribeir\u00e3o Preto. Crime foi registrado por c\u00e2meras e suspeitos fugiram sem levar a moto.\",\"inLanguage\":\"pt-BR\",\"potentialAction\":[{\"@type\":\"ReadAction\",\"target\":[\"https:\\\/\\\/redenoticiaz.com.br\\\/ribeiraopreto-regiao\\\/sp\\\/2026\\\/04\\\/28\\\/motociclista-e-baleado-em-tentativa-de-roubo-em-ribeirao-preto-criminosos-fogem-sem-levar-moto\"]}]},{\"@type\":\"ImageObject\",\"inLanguage\":\"pt-BR\",\"@id\":\"https:\\\/\\\/redenoticiaz.com.br\\\/ribeiraopreto-regiao\\\/sp\\\/2026\\\/04\\\/28\\\/motociclista-e-baleado-em-tentativa-de-roubo-em-ribeirao-preto-criminosos-fogem-sem-levar-moto#primaryimage\",\"url\":\"https:\\\/\\\/redenoticiaz.com.br\\\/ribeiraopreto-regiao\\\/wp-content\\\/uploads\\\/sites\\\/4\\\/2026\\\/04\\\/Captura-de-tela-2026-04-28-123934.png\",\"contentUrl\":\"https:\\\/\\\/redenoticiaz.com.br\\\/ribeiraopreto-regiao\\\/wp-content\\\/uploads\\\/sites\\\/4\\\/2026\\\/04\\\/Captura-de-tela-2026-04-28-123934.png\",\"width\":582,\"height\":355,\"caption\":\"Motociclista \u00e9 baleado em tentativa de roubo em Ribeir\u00e3o Preto; criminosos fogem sem levar moto\"},{\"@type\":\"WebSite\",\"@id\":\"https:\\\/\\\/redenoticiaz.com.br\\\/ribeiraopreto-regiao\\\/#website\",\"url\":\"https:\\\/\\\/redenoticiaz.com.br\\\/ribeiraopreto-regiao\\\/\",\"name\":\"Ribeir\u00e3o Preto e Regi\u00e3o\",\"description\":\"Rede NoticiaZ - Ribeir\u00e3o Preto e regi\u00e3o\",\"publisher\":{\"@id\":\"https:\\\/\\\/redenoticiaz.com.br\\\/ribeiraopreto-regiao\\\/#organization\"},\"potentialAction\":[{\"@type\":\"SearchAction\",\"target\":{\"@type\":\"EntryPoint\",\"urlTemplate\":\"https:\\\/\\\/redenoticiaz.com.br\\\/ribeiraopreto-regiao\\\/?s={search_term_string}\"},\"query-input\":{\"@type\":\"PropertyValueSpecification\",\"valueRequired\":true,\"valueName\":\"search_term_string\"}}],\"inLanguage\":\"pt-BR\"},{\"@type\":\"Organization\",\"@id\":\"https:\\\/\\\/redenoticiaz.com.br\\\/ribeiraopreto-regiao\\\/#organization\",\"name\":\"Ribeir\u00e3o Preto e Regi\u00e3o\",\"url\":\"https:\\\/\\\/redenoticiaz.com.br\\\/ribeiraopreto-regiao\\\/\",\"logo\":{\"@type\":\"ImageObject\",\"inLanguage\":\"pt-BR\",\"@id\":\"https:\\\/\\\/redenoticiaz.com.br\\\/ribeiraopreto-regiao\\\/#\\\/schema\\\/logo\\\/image\\\/\",\"url\":\"https:\\\/\\\/redenoticiaz.com.br\\\/barretos-regiao\\\/wp-content\\\/uploads\\\/sites\\\/4\\\/2022\\\/02\\\/logo.jpg\",\"contentUrl\":\"https:\\\/\\\/redenoticiaz.com.br\\\/barretos-regiao\\\/wp-content\\\/uploads\\\/sites\\\/4\\\/2022\\\/02\\\/logo.jpg\",\"width\":400,\"height\":250,\"caption\":\"Ribeir\u00e3o Preto e Regi\u00e3o\"},\"image\":{\"@id\":\"https:\\\/\\\/redenoticiaz.com.br\\\/ribeiraopreto-regiao\\\/#\\\/schema\\\/logo\\\/image\\\/\"},\"sameAs\":[\"https:\\\/\\\/m.facebook.com\\\/redenoticiaz.barretos\",\"https:\\\/\\\/x.com\\\/RN_barretos\",\"https:\\\/\\\/www.instagram.com\\\/redenoticiaz.barretos\\\/?igshid=YmMyMTA2M2Y\",\"https:\\\/\\\/www.linkedin.com\\\/company\\\/rede-noticiaz-barretos-e-regio\\\/\"]},{\"@type\":\"Person\",\"@id\":\"https:\\\/\\\/redenoticiaz.com.br\\\/ribeiraopreto-regiao\\\/#\\\/schema\\\/person\\\/1f84d6e94e6a62d2d81199d7503e9e90\",\"name\":\"Carina Reifonas\",\"image\":{\"@type\":\"ImageObject\",\"inLanguage\":\"pt-BR\",\"@id\":\"https:\\\/\\\/secure.gravatar.com\\\/avatar\\\/04c59859b23696cf867715880f81d5c037e60109730bdb4e6670ec2a2245bc97?s=96&d=mm&r=g\",\"url\":\"https:\\\/\\\/secure.gravatar.com\\\/avatar\\\/04c59859b23696cf867715880f81d5c037e60109730bdb4e6670ec2a2245bc97?s=96&d=mm&r=g\",\"contentUrl\":\"https:\\\/\\\/secure.gravatar.com\\\/avatar\\\/04c59859b23696cf867715880f81d5c037e60109730bdb4e6670ec2a2245bc97?s=96&d=mm&r=g\",\"caption\":\"Carina Reifonas\"},\"url\":\"https:\\\/\\\/redenoticiaz.com.br\\\/ribeiraopreto-regiao\\\/sp\\\/author\\\/carinareifonas\"}]}<\/script>\n<!-- \/ Yoast SEO plugin. -->","yoast_head_json":{"title":"Motociclista \u00e9 baleado em tentativa de roubo em Ribeir\u00e3o Preto; criminosos fogem sem levar moto - Ribeir\u00e3o Preto e Regi\u00e3o","description":"Motociclista \u00e9 baleado durante tentativa de roubo em Ribeir\u00e3o Preto. Crime foi registrado por c\u00e2meras e suspeitos fugiram sem levar a moto.","robots":{"index":"index","follow":"follow","max-snippet":"max-snippet:-1","max-image-preview":"max-image-preview:large","max-video-preview":"max-video-preview:-1"},"canonical":"https:\/\/redenoticiaz.com.br\/ribeiraopreto-regiao\/sp\/2026\/04\/28\/motociclista-e-baleado-em-tentativa-de-roubo-em-ribeirao-preto-criminosos-fogem-sem-levar-moto","og_locale":"pt_BR","og_type":"article","og_title":"Motociclista \u00e9 baleado em tentativa de roubo em Ribeir\u00e3o Preto; criminosos fogem sem levar moto - Ribeir\u00e3o Preto e Regi\u00e3o","og_description":"Motociclista \u00e9 baleado durante tentativa de roubo em Ribeir\u00e3o Preto. Crime foi registrado por c\u00e2meras e suspeitos fugiram sem levar a moto.","og_url":"https:\/\/redenoticiaz.com.br\/ribeiraopreto-regiao\/sp\/2026\/04\/28\/motociclista-e-baleado-em-tentativa-de-roubo-em-ribeirao-preto-criminosos-fogem-sem-levar-moto","og_site_name":"Ribeir\u00e3o Preto e Regi\u00e3o","article_publisher":"https:\/\/m.facebook.com\/redenoticiaz.barretos","article_published_time":"2026-04-28T15:43:39+00:00","og_image":[{"width":582,"height":355,"url":"https:\/\/redenoticiaz.com.br\/ribeiraopreto-regiao\/wp-content\/uploads\/sites\/4\/2026\/04\/Captura-de-tela-2026-04-28-123934.png","type":"image\/png"}],"author":"Carina Reifonas","twitter_card":"summary_large_image","twitter_creator":"@RN_barretos","twitter_site":"@RN_barretos","twitter_misc":{"Escrito por":"Carina Reifonas","Est. tempo de leitura":"2 minutos"},"schema":{"@context":"https:\/\/schema.org","@graph":[{"@type":"Article","@id":"https:\/\/redenoticiaz.com.br\/ribeiraopreto-regiao\/sp\/2026\/04\/28\/motociclista-e-baleado-em-tentativa-de-roubo-em-ribeirao-preto-criminosos-fogem-sem-levar-moto#article","isPartOf":{"@id":"https:\/\/redenoticiaz.com.br\/ribeiraopreto-regiao\/sp\/2026\/04\/28\/motociclista-e-baleado-em-tentativa-de-roubo-em-ribeirao-preto-criminosos-fogem-sem-levar-moto"},"author":{"name":"Carina Reifonas","@id":"https:\/\/redenoticiaz.com.br\/ribeiraopreto-regiao\/#\/schema\/person\/1f84d6e94e6a62d2d81199d7503e9e90"},"headline":"Motociclista \u00e9 baleado em tentativa de roubo em Ribeir\u00e3o Preto; criminosos fogem sem levar moto","datePublished":"2026-04-28T15:43:39+00:00","mainEntityOfPage":{"@id":"https:\/\/redenoticiaz.com.br\/ribeiraopreto-regiao\/sp\/2026\/04\/28\/motociclista-e-baleado-em-tentativa-de-roubo-em-ribeirao-preto-criminosos-fogem-sem-levar-moto"},"wordCount":255,"commentCount":0,"publisher":{"@id":"https:\/\/redenoticiaz.com.br\/ribeiraopreto-regiao\/#organization"},"image":{"@id":"https:\/\/redenoticiaz.com.br\/ribeiraopreto-regiao\/sp\/2026\/04\/28\/motociclista-e-baleado-em-tentativa-de-roubo-em-ribeirao-preto-criminosos-fogem-sem-levar-moto#primaryimage"},"thumbnailUrl":"https:\/\/redenoticiaz.com.br\/ribeiraopreto-regiao\/wp-content\/uploads\/sites\/4\/2026\/04\/Captura-de-tela-2026-04-28-123934.png","keywords":["BALEADO","MOTOCICLISTA","RIBEIR\u00c3O PRETO","roubo"],"articleSection":["Pol\u00edcia","Ribeir\u00e3o Preto"],"inLanguage":"pt-BR","potentialAction":[{"@type":"CommentAction","name":"Comment","target":["https:\/\/redenoticiaz.com.br\/ribeiraopreto-regiao\/sp\/2026\/04\/28\/motociclista-e-baleado-em-tentativa-de-roubo-em-ribeirao-preto-criminosos-fogem-sem-levar-moto#respond"]}]},{"@type":"WebPage","@id":"https:\/\/redenoticiaz.com.br\/ribeiraopreto-regiao\/sp\/2026\/04\/28\/motociclista-e-baleado-em-tentativa-de-roubo-em-ribeirao-preto-criminosos-fogem-sem-levar-moto","url":"https:\/\/redenoticiaz.com.br\/ribeiraopreto-regiao\/sp\/2026\/04\/28\/motociclista-e-baleado-em-tentativa-de-roubo-em-ribeirao-preto-criminosos-fogem-sem-levar-moto","name":"Motociclista \u00e9 baleado em tentativa de roubo em Ribeir\u00e3o Preto; criminosos fogem sem levar moto - Ribeir\u00e3o Preto e Regi\u00e3o","isPartOf":{"@id":"https:\/\/redenoticiaz.com.br\/ribeiraopreto-regiao\/#website"},"primaryImageOfPage":{"@id":"https:\/\/redenoticiaz.com.br\/ribeiraopreto-regiao\/sp\/2026\/04\/28\/motociclista-e-baleado-em-tentativa-de-roubo-em-ribeirao-preto-criminosos-fogem-sem-levar-moto#primaryimage"},"image":{"@id":"https:\/\/redenoticiaz.com.br\/ribeiraopreto-regiao\/sp\/2026\/04\/28\/motociclista-e-baleado-em-tentativa-de-roubo-em-ribeirao-preto-criminosos-fogem-sem-levar-moto#primaryimage"},"thumbnailUrl":"https:\/\/redenoticiaz.com.br\/ribeiraopreto-regiao\/wp-content\/uploads\/sites\/4\/2026\/04\/Captura-de-tela-2026-04-28-123934.png","datePublished":"2026-04-28T15:43:39+00:00","description":"Motociclista \u00e9 baleado durante tentativa de roubo em Ribeir\u00e3o Preto. Crime foi registrado por c\u00e2meras e suspeitos fugiram sem levar a moto.","inLanguage":"pt-BR","potentialAction":[{"@type":"ReadAction","target":["https:\/\/redenoticiaz.com.br\/ribeiraopreto-regiao\/sp\/2026\/04\/28\/motociclista-e-baleado-em-tentativa-de-roubo-em-ribeirao-preto-criminosos-fogem-sem-levar-moto"]}]},{"@type":"ImageObject","inLanguage":"pt-BR","@id":"https:\/\/redenoticiaz.com.br\/ribeiraopreto-regiao\/sp\/2026\/04\/28\/motociclista-e-baleado-em-tentativa-de-roubo-em-ribeirao-preto-criminosos-fogem-sem-levar-moto#primaryimage","url":"https:\/\/redenoticiaz.com.br\/ribeiraopreto-regiao\/wp-content\/uploads\/sites\/4\/2026\/04\/Captura-de-tela-2026-04-28-123934.png","contentUrl":"https:\/\/redenoticiaz.com.br\/ribeiraopreto-regiao\/wp-content\/uploads\/sites\/4\/2026\/04\/Captura-de-tela-2026-04-28-123934.png","width":582,"height":355,"caption":"Motociclista \u00e9 baleado em tentativa de roubo em Ribeir\u00e3o Preto; criminosos fogem sem levar moto"},{"@type":"WebSite","@id":"https:\/\/redenoticiaz.com.br\/ribeiraopreto-regiao\/#website","url":"https:\/\/redenoticiaz.com.br\/ribeiraopreto-regiao\/","name":"Ribeir\u00e3o Preto e Regi\u00e3o","description":"Rede NoticiaZ - Ribeir\u00e3o Preto e regi\u00e3o","publisher":{"@id":"https:\/\/redenoticiaz.com.br\/ribeiraopreto-regiao\/#organization"},"potentialAction":[{"@type":"SearchAction","target":{"@type":"EntryPoint","urlTemplate":"https:\/\/redenoticiaz.com.br\/ribeiraopreto-regiao\/?s={search_term_string}"},"query-input":{"@type":"PropertyValueSpecification","valueRequired":true,"valueName":"search_term_string"}}],"inLanguage":"pt-BR"},{"@type":"Organization","@id":"https:\/\/redenoticiaz.com.br\/ribeiraopreto-regiao\/#organization","name":"Ribeir\u00e3o Preto e Regi\u00e3o","url":"https:\/\/redenoticiaz.com.br\/ribeiraopreto-regiao\/","logo":{"@type":"ImageObject","inLanguage":"pt-BR","@id":"https:\/\/redenoticiaz.com.br\/ribeiraopreto-regiao\/#\/schema\/logo\/image\/","url":"https:\/\/redenoticiaz.com.br\/barretos-regiao\/wp-content\/uploads\/sites\/4\/2022\/02\/logo.jpg","contentUrl":"https:\/\/redenoticiaz.com.br\/barretos-regiao\/wp-content\/uploads\/sites\/4\/2022\/02\/logo.jpg","width":400,"height":250,"caption":"Ribeir\u00e3o Preto e Regi\u00e3o"},"image":{"@id":"https:\/\/redenoticiaz.com.br\/ribeiraopreto-regiao\/#\/schema\/logo\/image\/"},"sameAs":["https:\/\/m.facebook.com\/redenoticiaz.barretos","https:\/\/x.com\/RN_barretos","https:\/\/www.instagram.com\/redenoticiaz.barretos\/?igshid=YmMyMTA2M2Y","https:\/\/www.linkedin.com\/company\/rede-noticiaz-barretos-e-regio\/"]},{"@type":"Person","@id":"https:\/\/redenoticiaz.com.br\/ribeiraopreto-regiao\/#\/schema\/person\/1f84d6e94e6a62d2d81199d7503e9e90","name":"Carina Reifonas","image":{"@type":"ImageObject","inLanguage":"pt-BR","@id":"https:\/\/secure.gravatar.com\/avatar\/04c59859b23696cf867715880f81d5c037e60109730bdb4e6670ec2a2245bc97?s=96&d=mm&r=g","url":"https:\/\/secure.gravatar.com\/avatar\/04c59859b23696cf867715880f81d5c037e60109730bdb4e6670ec2a2245bc97?s=96&d=mm&r=g","contentUrl":"https:\/\/secure.gravatar.com\/avatar\/04c59859b23696cf867715880f81d5c037e60109730bdb4e6670ec2a2245bc97?s=96&d=mm&r=g","caption":"Carina Reifonas"},"url":"https:\/\/redenoticiaz.com.br\/ribeiraopreto-regiao\/sp\/author\/carinareifonas"}]}},"_links":{"self":[{"href":"https:\/\/redenoticiaz.com.br\/ribeiraopreto-regiao\/wp-json\/wp\/v2\/posts\/121289","targetHints":{"allow":["GET"]}}],"collection":[{"href":"https:\/\/redenoticiaz.com.br\/ribeiraopreto-regiao\/wp-json\/wp\/v2\/posts"}],"about":[{"href":"https:\/\/redenoticiaz.com.br\/ribeiraopreto-regiao\/wp-json\/wp\/v2\/types\/post"}],"author":[{"embeddable":true,"href":"https:\/\/redenoticiaz.com.br\/ribeiraopreto-regiao\/wp-json\/wp\/v2\/users\/30"}],"replies":[{"embeddable":true,"href":"https:\/\/redenoticiaz.com.br\/ribeiraopreto-regiao\/wp-json\/wp\/v2\/comments?post=121289"}],"version-history":[{"count":1,"href":"https:\/\/redenoticiaz.com.br\/ribeiraopreto-regiao\/wp-json\/wp\/v2\/posts\/121289\/revisions"}],"predecessor-version":[{"id":121291,"href":"https:\/\/redenoticiaz.com.br\/ribeiraopreto-regiao\/wp-json\/wp\/v2\/posts\/121289\/revisions\/121291"}],"wp:featuredmedia":[{"embeddable":true,"href":"https:\/\/redenoticiaz.com.br\/ribeiraopreto-regiao\/wp-json\/wp\/v2\/media\/121290"}],"wp:attachment":[{"href":"https:\/\/redenoticiaz.com.br\/ribeiraopreto-regiao\/wp-json\/wp\/v2\/media?parent=121289"}],"wp:term":[{"taxonomy":"category","embeddable":true,"href":"https:\/\/redenoticiaz.com.br\/ribeiraopreto-regiao\/wp-json\/wp\/v2\/categories?post=121289"},{"taxonomy":"post_tag","embeddable":true,"href":"https:\/\/redenoticiaz.com.br\/ribeiraopreto-regiao\/wp-json\/wp\/v2\/tags?post=121289"}],"curies":[{"name":"wp","href":"https:\/\/api.w.org\/{rel}","templated":true}]}}