{"id":121295,"date":"2026-04-29T13:21:54","date_gmt":"2026-04-29T16:21:54","guid":{"rendered":"https:\/\/redenoticiaz.com.br\/ribeiraopreto-regiao\/?p=121295"},"modified":"2026-04-29T13:21:54","modified_gmt":"2026-04-29T16:21:54","slug":"governo-de-sp-anuncia-obras-do-anel-viario-sul-e-pacote-de-r-455-milhoes-na-agrishow-em-ribeirao-preto","status":"publish","type":"post","link":"https:\/\/redenoticiaz.com.br\/ribeiraopreto-regiao\/sp\/2026\/04\/29\/governo-de-sp-anuncia-obras-do-anel-viario-sul-e-pacote-de-r-455-milhoes-na-agrishow-em-ribeirao-preto","title":{"rendered":"Governo de SP anuncia obras do Anel Vi\u00e1rio Sul e pacote de R$ 455 milh\u00f5es na Agrishow em Ribeir\u00e3o Preto"},"content":{"rendered":"<p>O Governo de S\u00e3o Paulo confirmou o in\u00edcio das obras do Anel Vi\u00e1rio Sul em Ribeir\u00e3o Preto, com previs\u00e3o para setembro. O an\u00fancio foi feito durante a Agrishow, evento que tamb\u00e9m concentrou um pacote de R$ 455 milh\u00f5es voltado ao agroneg\u00f3cio paulista.<\/p>\n<p>A obra \u00e9 considerada estrat\u00e9gica para melhorar o tr\u00e1fego na cidade, especialmente em \u00e1reas de expans\u00e3o urbana e no acesso ao polo da feira agr\u00edcola. Parte dos projetos executivos deve ser conclu\u00edda at\u00e9 julho, com avan\u00e7o total das interven\u00e7\u00f5es previsto at\u00e9 janeiro de 2027.<\/p>\n<p>Al\u00e9m da mobilidade, o Estado detalhou investimentos de R$ 400 milh\u00f5es em cr\u00e9dito rural, seguro agr\u00edcola e regulariza\u00e7\u00e3o fundi\u00e1ria. Outros R$ 55 milh\u00f5es ser\u00e3o destinados \u00e0 entrega de m\u00e1quinas e equipamentos.<\/p>\n<p>Entre as medidas, est\u00e3o o refor\u00e7o ao Fundo de Expans\u00e3o do Agroneg\u00f3cio Paulista (FEAP), com linhas de financiamento para produ\u00e7\u00e3o e investimento, al\u00e9m de R$ 100 milh\u00f5es para seguro rural e R$ 40 milh\u00f5es para aquisi\u00e7\u00e3o de tratores e implementos.<\/p>\n<p>O pacote tamb\u00e9m inclui R$ 25 milh\u00f5es para o programa FEAP Mulher e a entrega de t\u00edtulos de regulariza\u00e7\u00e3o fundi\u00e1ria, ampliando a seguran\u00e7a jur\u00eddica para produtores. Durante o evento, foram distribu\u00eddas m\u00e1quinas agr\u00edcolas a munic\u00edpios e firmados conv\u00eanios com cidades participantes de programas estaduais.<\/p>\n<p>As a\u00e7\u00f5es integram a estrat\u00e9gia de ampliar a infraestrutura, fortalecer o campo e estimular o crescimento econ\u00f4mico regional.<\/p>\n<p>LEIA MAIS<\/p>\n<p><a href=\"https:\/\/redenoticiaz.com.br\/ribeiraopreto-regiao\/sp\/2026\/04\/29\/aeroporto-leite-lopes-e-reinaugurado-em-ribeirao-preto-apos-obra-de-r-48-milhoes\">Aeroporto Leite Lopes \u00e9 reinaugurado em Ribeir\u00e3o Preto ap\u00f3s obra de R$ 48 milh\u00f5es<\/a><\/p>\n<p><a href=\"https:\/\/redenoticiaz.com.br\/ribeiraopreto-regiao\/sp\/2026\/04\/28\/motociclista-e-baleado-em-tentativa-de-roubo-em-ribeirao-preto-criminosos-fogem-sem-levar-moto\">Motociclista \u00e9 baleado em tentativa de roubo em Ribeir\u00e3o Preto; criminosos fogem sem levar moto<\/a><\/p>\n","protected":false},"excerpt":{"rendered":"<p>O Governo de S\u00e3o Paulo confirmou o in\u00edcio das obras do Anel Vi\u00e1rio Sul em Ribeir\u00e3o Preto, com previs\u00e3o para setembro. O an\u00fancio foi feito durante a Agrishow, evento que tamb\u00e9m concentrou um pacote de R$ 455 milh\u00f5es voltado ao agroneg\u00f3cio paulista. A obra \u00e9 considerada estrat\u00e9gica para melhorar o tr\u00e1fego na cidade, especialmente em &hellip;<\/p>\n","protected":false},"author":30,"featured_media":121296,"comment_status":"open","ping_status":"closed","sticky":false,"template":"","format":"standard","meta":{"footnotes":""},"categories":[2920,31500],"tags":[31526,25323,3121],"class_list":["post-121295","post","type-post","status-publish","format-standard","has-post-thumbnail","hentry","category-obras","category-ribeirao-preto","tag-anel-viario","tag-governo-de-sp","tag-obras"],"yoast_head":"<!-- This site is optimized with the Yoast SEO plugin v27.5 - https:\/\/yoast.com\/product\/yoast-seo-wordpress\/ -->\n<title>Governo de SP anuncia obras do Anel Vi\u00e1rio Sul e pacote de R$ 455 milh\u00f5es na Agrishow em Ribeir\u00e3o Preto - Ribeir\u00e3o Preto e Regi\u00e3o<\/title>\n<meta name=\"description\" content=\"O Governo de S\u00e3o Paulo confirmou o in\u00edcio das obras do Anel Vi\u00e1rio Sul em Ribeir\u00e3o Preto, com previs\u00e3o para setembro.\" \/>\n<meta name=\"robots\" content=\"index, follow, max-snippet:-1, max-image-preview:large, max-video-preview:-1\" \/>\n<link rel=\"canonical\" href=\"https:\/\/redenoticiaz.com.br\/ribeiraopreto-regiao\/sp\/2026\/04\/29\/governo-de-sp-anuncia-obras-do-anel-viario-sul-e-pacote-de-r-455-milhoes-na-agrishow-em-ribeirao-preto\" \/>\n<meta property=\"og:locale\" content=\"pt_BR\" \/>\n<meta property=\"og:type\" content=\"article\" \/>\n<meta property=\"og:title\" content=\"Governo de SP anuncia obras do Anel Vi\u00e1rio Sul e pacote de R$ 455 milh\u00f5es na Agrishow em Ribeir\u00e3o Preto - Ribeir\u00e3o Preto e Regi\u00e3o\" \/>\n<meta property=\"og:description\" content=\"O Governo de S\u00e3o Paulo confirmou o in\u00edcio das obras do Anel Vi\u00e1rio Sul em Ribeir\u00e3o Preto, com previs\u00e3o para setembro.\" \/>\n<meta property=\"og:url\" content=\"https:\/\/redenoticiaz.com.br\/ribeiraopreto-regiao\/sp\/2026\/04\/29\/governo-de-sp-anuncia-obras-do-anel-viario-sul-e-pacote-de-r-455-milhoes-na-agrishow-em-ribeirao-preto\" \/>\n<meta property=\"og:site_name\" content=\"Ribeir\u00e3o Preto e Regi\u00e3o\" \/>\n<meta property=\"article:publisher\" content=\"https:\/\/m.facebook.com\/redenoticiaz.barretos\" \/>\n<meta property=\"article:published_time\" content=\"2026-04-29T16:21:54+00:00\" \/>\n<meta property=\"og:image\" content=\"https:\/\/redenoticiaz.com.br\/ribeiraopreto-regiao\/wp-content\/uploads\/sites\/4\/2026\/04\/agrishow_governador_terca_feira_-_foto_fernando_gonzaga_21.jpeg\" \/>\n\t<meta property=\"og:image:width\" content=\"1280\" \/>\n\t<meta property=\"og:image:height\" content=\"853\" \/>\n\t<meta property=\"og:image:type\" content=\"image\/jpeg\" \/>\n<meta name=\"author\" content=\"Carina Reifonas\" \/>\n<meta name=\"twitter:card\" content=\"summary_large_image\" \/>\n<meta name=\"twitter:creator\" content=\"@RN_barretos\" \/>\n<meta name=\"twitter:site\" content=\"@RN_barretos\" \/>\n<meta name=\"twitter:label1\" content=\"Escrito por\" \/>\n\t<meta name=\"twitter:data1\" content=\"Carina Reifonas\" \/>\n\t<meta name=\"twitter:label2\" content=\"Est. tempo de leitura\" \/>\n\t<meta name=\"twitter:data2\" content=\"2 minutos\" \/>\n<script type=\"application\/ld+json\" class=\"yoast-schema-graph\">{\"@context\":\"https:\\\/\\\/schema.org\",\"@graph\":[{\"@type\":\"Article\",\"@id\":\"https:\\\/\\\/redenoticiaz.com.br\\\/ribeiraopreto-regiao\\\/sp\\\/2026\\\/04\\\/29\\\/governo-de-sp-anuncia-obras-do-anel-viario-sul-e-pacote-de-r-455-milhoes-na-agrishow-em-ribeirao-preto#article\",\"isPartOf\":{\"@id\":\"https:\\\/\\\/redenoticiaz.com.br\\\/ribeiraopreto-regiao\\\/sp\\\/2026\\\/04\\\/29\\\/governo-de-sp-anuncia-obras-do-anel-viario-sul-e-pacote-de-r-455-milhoes-na-agrishow-em-ribeirao-preto\"},\"author\":{\"name\":\"Carina Reifonas\",\"@id\":\"https:\\\/\\\/redenoticiaz.com.br\\\/ribeiraopreto-regiao\\\/#\\\/schema\\\/person\\\/1f84d6e94e6a62d2d81199d7503e9e90\"},\"headline\":\"Governo de SP anuncia obras do Anel Vi\u00e1rio Sul e pacote de R$ 455 milh\u00f5es na Agrishow em Ribeir\u00e3o Preto\",\"datePublished\":\"2026-04-29T16:21:54+00:00\",\"mainEntityOfPage\":{\"@id\":\"https:\\\/\\\/redenoticiaz.com.br\\\/ribeiraopreto-regiao\\\/sp\\\/2026\\\/04\\\/29\\\/governo-de-sp-anuncia-obras-do-anel-viario-sul-e-pacote-de-r-455-milhoes-na-agrishow-em-ribeirao-preto\"},\"wordCount\":313,\"commentCount\":0,\"publisher\":{\"@id\":\"https:\\\/\\\/redenoticiaz.com.br\\\/ribeiraopreto-regiao\\\/#organization\"},\"image\":{\"@id\":\"https:\\\/\\\/redenoticiaz.com.br\\\/ribeiraopreto-regiao\\\/sp\\\/2026\\\/04\\\/29\\\/governo-de-sp-anuncia-obras-do-anel-viario-sul-e-pacote-de-r-455-milhoes-na-agrishow-em-ribeirao-preto#primaryimage\"},\"thumbnailUrl\":\"https:\\\/\\\/redenoticiaz.com.br\\\/ribeiraopreto-regiao\\\/wp-content\\\/uploads\\\/sites\\\/4\\\/2026\\\/04\\\/agrishow_governador_terca_feira_-_foto_fernando_gonzaga_21.jpeg\",\"keywords\":[\"Anel Vi\u00e1rio\",\"Governo de SP\",\"obras\"],\"articleSection\":[\"Obras\",\"Ribeir\u00e3o Preto\"],\"inLanguage\":\"pt-BR\",\"potentialAction\":[{\"@type\":\"CommentAction\",\"name\":\"Comment\",\"target\":[\"https:\\\/\\\/redenoticiaz.com.br\\\/ribeiraopreto-regiao\\\/sp\\\/2026\\\/04\\\/29\\\/governo-de-sp-anuncia-obras-do-anel-viario-sul-e-pacote-de-r-455-milhoes-na-agrishow-em-ribeirao-preto#respond\"]}]},{\"@type\":\"WebPage\",\"@id\":\"https:\\\/\\\/redenoticiaz.com.br\\\/ribeiraopreto-regiao\\\/sp\\\/2026\\\/04\\\/29\\\/governo-de-sp-anuncia-obras-do-anel-viario-sul-e-pacote-de-r-455-milhoes-na-agrishow-em-ribeirao-preto\",\"url\":\"https:\\\/\\\/redenoticiaz.com.br\\\/ribeiraopreto-regiao\\\/sp\\\/2026\\\/04\\\/29\\\/governo-de-sp-anuncia-obras-do-anel-viario-sul-e-pacote-de-r-455-milhoes-na-agrishow-em-ribeirao-preto\",\"name\":\"Governo de SP anuncia obras do Anel Vi\u00e1rio Sul e pacote de R$ 455 milh\u00f5es na Agrishow em Ribeir\u00e3o Preto - Ribeir\u00e3o Preto e Regi\u00e3o\",\"isPartOf\":{\"@id\":\"https:\\\/\\\/redenoticiaz.com.br\\\/ribeiraopreto-regiao\\\/#website\"},\"primaryImageOfPage\":{\"@id\":\"https:\\\/\\\/redenoticiaz.com.br\\\/ribeiraopreto-regiao\\\/sp\\\/2026\\\/04\\\/29\\\/governo-de-sp-anuncia-obras-do-anel-viario-sul-e-pacote-de-r-455-milhoes-na-agrishow-em-ribeirao-preto#primaryimage\"},\"image\":{\"@id\":\"https:\\\/\\\/redenoticiaz.com.br\\\/ribeiraopreto-regiao\\\/sp\\\/2026\\\/04\\\/29\\\/governo-de-sp-anuncia-obras-do-anel-viario-sul-e-pacote-de-r-455-milhoes-na-agrishow-em-ribeirao-preto#primaryimage\"},\"thumbnailUrl\":\"https:\\\/\\\/redenoticiaz.com.br\\\/ribeiraopreto-regiao\\\/wp-content\\\/uploads\\\/sites\\\/4\\\/2026\\\/04\\\/agrishow_governador_terca_feira_-_foto_fernando_gonzaga_21.jpeg\",\"datePublished\":\"2026-04-29T16:21:54+00:00\",\"description\":\"O Governo de S\u00e3o Paulo confirmou o in\u00edcio das obras do Anel Vi\u00e1rio Sul em Ribeir\u00e3o Preto, com previs\u00e3o para setembro.\",\"inLanguage\":\"pt-BR\",\"potentialAction\":[{\"@type\":\"ReadAction\",\"target\":[\"https:\\\/\\\/redenoticiaz.com.br\\\/ribeiraopreto-regiao\\\/sp\\\/2026\\\/04\\\/29\\\/governo-de-sp-anuncia-obras-do-anel-viario-sul-e-pacote-de-r-455-milhoes-na-agrishow-em-ribeirao-preto\"]}]},{\"@type\":\"ImageObject\",\"inLanguage\":\"pt-BR\",\"@id\":\"https:\\\/\\\/redenoticiaz.com.br\\\/ribeiraopreto-regiao\\\/sp\\\/2026\\\/04\\\/29\\\/governo-de-sp-anuncia-obras-do-anel-viario-sul-e-pacote-de-r-455-milhoes-na-agrishow-em-ribeirao-preto#primaryimage\",\"url\":\"https:\\\/\\\/redenoticiaz.com.br\\\/ribeiraopreto-regiao\\\/wp-content\\\/uploads\\\/sites\\\/4\\\/2026\\\/04\\\/agrishow_governador_terca_feira_-_foto_fernando_gonzaga_21.jpeg\",\"contentUrl\":\"https:\\\/\\\/redenoticiaz.com.br\\\/ribeiraopreto-regiao\\\/wp-content\\\/uploads\\\/sites\\\/4\\\/2026\\\/04\\\/agrishow_governador_terca_feira_-_foto_fernando_gonzaga_21.jpeg\",\"width\":1280,\"height\":853,\"caption\":\"Governo de SP anuncia obras do Anel Vi\u00e1rio Sul e pacote de R$ 455 milh\u00f5es \u2014 Foto: Divulga\u00e7\u00e3o\\\/Prefeitura de Ribeir\u00e3o Preto\"},{\"@type\":\"WebSite\",\"@id\":\"https:\\\/\\\/redenoticiaz.com.br\\\/ribeiraopreto-regiao\\\/#website\",\"url\":\"https:\\\/\\\/redenoticiaz.com.br\\\/ribeiraopreto-regiao\\\/\",\"name\":\"Ribeir\u00e3o Preto e Regi\u00e3o\",\"description\":\"Rede NoticiaZ - Ribeir\u00e3o Preto e regi\u00e3o\",\"publisher\":{\"@id\":\"https:\\\/\\\/redenoticiaz.com.br\\\/ribeiraopreto-regiao\\\/#organization\"},\"potentialAction\":[{\"@type\":\"SearchAction\",\"target\":{\"@type\":\"EntryPoint\",\"urlTemplate\":\"https:\\\/\\\/redenoticiaz.com.br\\\/ribeiraopreto-regiao\\\/?s={search_term_string}\"},\"query-input\":{\"@type\":\"PropertyValueSpecification\",\"valueRequired\":true,\"valueName\":\"search_term_string\"}}],\"inLanguage\":\"pt-BR\"},{\"@type\":\"Organization\",\"@id\":\"https:\\\/\\\/redenoticiaz.com.br\\\/ribeiraopreto-regiao\\\/#organization\",\"name\":\"Ribeir\u00e3o Preto e Regi\u00e3o\",\"url\":\"https:\\\/\\\/redenoticiaz.com.br\\\/ribeiraopreto-regiao\\\/\",\"logo\":{\"@type\":\"ImageObject\",\"inLanguage\":\"pt-BR\",\"@id\":\"https:\\\/\\\/redenoticiaz.com.br\\\/ribeiraopreto-regiao\\\/#\\\/schema\\\/logo\\\/image\\\/\",\"url\":\"https:\\\/\\\/redenoticiaz.com.br\\\/barretos-regiao\\\/wp-content\\\/uploads\\\/sites\\\/4\\\/2022\\\/02\\\/logo.jpg\",\"contentUrl\":\"https:\\\/\\\/redenoticiaz.com.br\\\/barretos-regiao\\\/wp-content\\\/uploads\\\/sites\\\/4\\\/2022\\\/02\\\/logo.jpg\",\"width\":400,\"height\":250,\"caption\":\"Ribeir\u00e3o Preto e Regi\u00e3o\"},\"image\":{\"@id\":\"https:\\\/\\\/redenoticiaz.com.br\\\/ribeiraopreto-regiao\\\/#\\\/schema\\\/logo\\\/image\\\/\"},\"sameAs\":[\"https:\\\/\\\/m.facebook.com\\\/redenoticiaz.barretos\",\"https:\\\/\\\/x.com\\\/RN_barretos\",\"https:\\\/\\\/www.instagram.com\\\/redenoticiaz.barretos\\\/?igshid=YmMyMTA2M2Y\",\"https:\\\/\\\/www.linkedin.com\\\/company\\\/rede-noticiaz-barretos-e-regio\\\/\"]},{\"@type\":\"Person\",\"@id\":\"https:\\\/\\\/redenoticiaz.com.br\\\/ribeiraopreto-regiao\\\/#\\\/schema\\\/person\\\/1f84d6e94e6a62d2d81199d7503e9e90\",\"name\":\"Carina Reifonas\",\"image\":{\"@type\":\"ImageObject\",\"inLanguage\":\"pt-BR\",\"@id\":\"https:\\\/\\\/secure.gravatar.com\\\/avatar\\\/04c59859b23696cf867715880f81d5c037e60109730bdb4e6670ec2a2245bc97?s=96&d=mm&r=g\",\"url\":\"https:\\\/\\\/secure.gravatar.com\\\/avatar\\\/04c59859b23696cf867715880f81d5c037e60109730bdb4e6670ec2a2245bc97?s=96&d=mm&r=g\",\"contentUrl\":\"https:\\\/\\\/secure.gravatar.com\\\/avatar\\\/04c59859b23696cf867715880f81d5c037e60109730bdb4e6670ec2a2245bc97?s=96&d=mm&r=g\",\"caption\":\"Carina Reifonas\"},\"url\":\"https:\\\/\\\/redenoticiaz.com.br\\\/ribeiraopreto-regiao\\\/sp\\\/author\\\/carinareifonas\"}]}<\/script>\n<!-- \/ Yoast SEO plugin. -->","yoast_head_json":{"title":"Governo de SP anuncia obras do Anel Vi\u00e1rio Sul e pacote de R$ 455 milh\u00f5es na Agrishow em Ribeir\u00e3o Preto - Ribeir\u00e3o Preto e Regi\u00e3o","description":"O Governo de S\u00e3o Paulo confirmou o in\u00edcio das obras do Anel Vi\u00e1rio Sul em Ribeir\u00e3o Preto, com previs\u00e3o para setembro.","robots":{"index":"index","follow":"follow","max-snippet":"max-snippet:-1","max-image-preview":"max-image-preview:large","max-video-preview":"max-video-preview:-1"},"canonical":"https:\/\/redenoticiaz.com.br\/ribeiraopreto-regiao\/sp\/2026\/04\/29\/governo-de-sp-anuncia-obras-do-anel-viario-sul-e-pacote-de-r-455-milhoes-na-agrishow-em-ribeirao-preto","og_locale":"pt_BR","og_type":"article","og_title":"Governo de SP anuncia obras do Anel Vi\u00e1rio Sul e pacote de R$ 455 milh\u00f5es na Agrishow em Ribeir\u00e3o Preto - Ribeir\u00e3o Preto e Regi\u00e3o","og_description":"O Governo de S\u00e3o Paulo confirmou o in\u00edcio das obras do Anel Vi\u00e1rio Sul em Ribeir\u00e3o Preto, com previs\u00e3o para setembro.","og_url":"https:\/\/redenoticiaz.com.br\/ribeiraopreto-regiao\/sp\/2026\/04\/29\/governo-de-sp-anuncia-obras-do-anel-viario-sul-e-pacote-de-r-455-milhoes-na-agrishow-em-ribeirao-preto","og_site_name":"Ribeir\u00e3o Preto e Regi\u00e3o","article_publisher":"https:\/\/m.facebook.com\/redenoticiaz.barretos","article_published_time":"2026-04-29T16:21:54+00:00","og_image":[{"width":1280,"height":853,"url":"https:\/\/redenoticiaz.com.br\/ribeiraopreto-regiao\/wp-content\/uploads\/sites\/4\/2026\/04\/agrishow_governador_terca_feira_-_foto_fernando_gonzaga_21.jpeg","type":"image\/jpeg"}],"author":"Carina Reifonas","twitter_card":"summary_large_image","twitter_creator":"@RN_barretos","twitter_site":"@RN_barretos","twitter_misc":{"Escrito por":"Carina Reifonas","Est. tempo de leitura":"2 minutos"},"schema":{"@context":"https:\/\/schema.org","@graph":[{"@type":"Article","@id":"https:\/\/redenoticiaz.com.br\/ribeiraopreto-regiao\/sp\/2026\/04\/29\/governo-de-sp-anuncia-obras-do-anel-viario-sul-e-pacote-de-r-455-milhoes-na-agrishow-em-ribeirao-preto#article","isPartOf":{"@id":"https:\/\/redenoticiaz.com.br\/ribeiraopreto-regiao\/sp\/2026\/04\/29\/governo-de-sp-anuncia-obras-do-anel-viario-sul-e-pacote-de-r-455-milhoes-na-agrishow-em-ribeirao-preto"},"author":{"name":"Carina Reifonas","@id":"https:\/\/redenoticiaz.com.br\/ribeiraopreto-regiao\/#\/schema\/person\/1f84d6e94e6a62d2d81199d7503e9e90"},"headline":"Governo de SP anuncia obras do Anel Vi\u00e1rio Sul e pacote de R$ 455 milh\u00f5es na Agrishow em Ribeir\u00e3o Preto","datePublished":"2026-04-29T16:21:54+00:00","mainEntityOfPage":{"@id":"https:\/\/redenoticiaz.com.br\/ribeiraopreto-regiao\/sp\/2026\/04\/29\/governo-de-sp-anuncia-obras-do-anel-viario-sul-e-pacote-de-r-455-milhoes-na-agrishow-em-ribeirao-preto"},"wordCount":313,"commentCount":0,"publisher":{"@id":"https:\/\/redenoticiaz.com.br\/ribeiraopreto-regiao\/#organization"},"image":{"@id":"https:\/\/redenoticiaz.com.br\/ribeiraopreto-regiao\/sp\/2026\/04\/29\/governo-de-sp-anuncia-obras-do-anel-viario-sul-e-pacote-de-r-455-milhoes-na-agrishow-em-ribeirao-preto#primaryimage"},"thumbnailUrl":"https:\/\/redenoticiaz.com.br\/ribeiraopreto-regiao\/wp-content\/uploads\/sites\/4\/2026\/04\/agrishow_governador_terca_feira_-_foto_fernando_gonzaga_21.jpeg","keywords":["Anel Vi\u00e1rio","Governo de SP","obras"],"articleSection":["Obras","Ribeir\u00e3o Preto"],"inLanguage":"pt-BR","potentialAction":[{"@type":"CommentAction","name":"Comment","target":["https:\/\/redenoticiaz.com.br\/ribeiraopreto-regiao\/sp\/2026\/04\/29\/governo-de-sp-anuncia-obras-do-anel-viario-sul-e-pacote-de-r-455-milhoes-na-agrishow-em-ribeirao-preto#respond"]}]},{"@type":"WebPage","@id":"https:\/\/redenoticiaz.com.br\/ribeiraopreto-regiao\/sp\/2026\/04\/29\/governo-de-sp-anuncia-obras-do-anel-viario-sul-e-pacote-de-r-455-milhoes-na-agrishow-em-ribeirao-preto","url":"https:\/\/redenoticiaz.com.br\/ribeiraopreto-regiao\/sp\/2026\/04\/29\/governo-de-sp-anuncia-obras-do-anel-viario-sul-e-pacote-de-r-455-milhoes-na-agrishow-em-ribeirao-preto","name":"Governo de SP anuncia obras do Anel Vi\u00e1rio Sul e pacote de R$ 455 milh\u00f5es na Agrishow em Ribeir\u00e3o Preto - Ribeir\u00e3o Preto e Regi\u00e3o","isPartOf":{"@id":"https:\/\/redenoticiaz.com.br\/ribeiraopreto-regiao\/#website"},"primaryImageOfPage":{"@id":"https:\/\/redenoticiaz.com.br\/ribeiraopreto-regiao\/sp\/2026\/04\/29\/governo-de-sp-anuncia-obras-do-anel-viario-sul-e-pacote-de-r-455-milhoes-na-agrishow-em-ribeirao-preto#primaryimage"},"image":{"@id":"https:\/\/redenoticiaz.com.br\/ribeiraopreto-regiao\/sp\/2026\/04\/29\/governo-de-sp-anuncia-obras-do-anel-viario-sul-e-pacote-de-r-455-milhoes-na-agrishow-em-ribeirao-preto#primaryimage"},"thumbnailUrl":"https:\/\/redenoticiaz.com.br\/ribeiraopreto-regiao\/wp-content\/uploads\/sites\/4\/2026\/04\/agrishow_governador_terca_feira_-_foto_fernando_gonzaga_21.jpeg","datePublished":"2026-04-29T16:21:54+00:00","description":"O Governo de S\u00e3o Paulo confirmou o in\u00edcio das obras do Anel Vi\u00e1rio Sul em Ribeir\u00e3o Preto, com previs\u00e3o para setembro.","inLanguage":"pt-BR","potentialAction":[{"@type":"ReadAction","target":["https:\/\/redenoticiaz.com.br\/ribeiraopreto-regiao\/sp\/2026\/04\/29\/governo-de-sp-anuncia-obras-do-anel-viario-sul-e-pacote-de-r-455-milhoes-na-agrishow-em-ribeirao-preto"]}]},{"@type":"ImageObject","inLanguage":"pt-BR","@id":"https:\/\/redenoticiaz.com.br\/ribeiraopreto-regiao\/sp\/2026\/04\/29\/governo-de-sp-anuncia-obras-do-anel-viario-sul-e-pacote-de-r-455-milhoes-na-agrishow-em-ribeirao-preto#primaryimage","url":"https:\/\/redenoticiaz.com.br\/ribeiraopreto-regiao\/wp-content\/uploads\/sites\/4\/2026\/04\/agrishow_governador_terca_feira_-_foto_fernando_gonzaga_21.jpeg","contentUrl":"https:\/\/redenoticiaz.com.br\/ribeiraopreto-regiao\/wp-content\/uploads\/sites\/4\/2026\/04\/agrishow_governador_terca_feira_-_foto_fernando_gonzaga_21.jpeg","width":1280,"height":853,"caption":"Governo de SP anuncia obras do Anel Vi\u00e1rio Sul e pacote de R$ 455 milh\u00f5es \u2014 Foto: Divulga\u00e7\u00e3o\/Prefeitura de Ribeir\u00e3o Preto"},{"@type":"WebSite","@id":"https:\/\/redenoticiaz.com.br\/ribeiraopreto-regiao\/#website","url":"https:\/\/redenoticiaz.com.br\/ribeiraopreto-regiao\/","name":"Ribeir\u00e3o Preto e Regi\u00e3o","description":"Rede NoticiaZ - Ribeir\u00e3o Preto e regi\u00e3o","publisher":{"@id":"https:\/\/redenoticiaz.com.br\/ribeiraopreto-regiao\/#organization"},"potentialAction":[{"@type":"SearchAction","target":{"@type":"EntryPoint","urlTemplate":"https:\/\/redenoticiaz.com.br\/ribeiraopreto-regiao\/?s={search_term_string}"},"query-input":{"@type":"PropertyValueSpecification","valueRequired":true,"valueName":"search_term_string"}}],"inLanguage":"pt-BR"},{"@type":"Organization","@id":"https:\/\/redenoticiaz.com.br\/ribeiraopreto-regiao\/#organization","name":"Ribeir\u00e3o Preto e Regi\u00e3o","url":"https:\/\/redenoticiaz.com.br\/ribeiraopreto-regiao\/","logo":{"@type":"ImageObject","inLanguage":"pt-BR","@id":"https:\/\/redenoticiaz.com.br\/ribeiraopreto-regiao\/#\/schema\/logo\/image\/","url":"https:\/\/redenoticiaz.com.br\/barretos-regiao\/wp-content\/uploads\/sites\/4\/2022\/02\/logo.jpg","contentUrl":"https:\/\/redenoticiaz.com.br\/barretos-regiao\/wp-content\/uploads\/sites\/4\/2022\/02\/logo.jpg","width":400,"height":250,"caption":"Ribeir\u00e3o Preto e Regi\u00e3o"},"image":{"@id":"https:\/\/redenoticiaz.com.br\/ribeiraopreto-regiao\/#\/schema\/logo\/image\/"},"sameAs":["https:\/\/m.facebook.com\/redenoticiaz.barretos","https:\/\/x.com\/RN_barretos","https:\/\/www.instagram.com\/redenoticiaz.barretos\/?igshid=YmMyMTA2M2Y","https:\/\/www.linkedin.com\/company\/rede-noticiaz-barretos-e-regio\/"]},{"@type":"Person","@id":"https:\/\/redenoticiaz.com.br\/ribeiraopreto-regiao\/#\/schema\/person\/1f84d6e94e6a62d2d81199d7503e9e90","name":"Carina Reifonas","image":{"@type":"ImageObject","inLanguage":"pt-BR","@id":"https:\/\/secure.gravatar.com\/avatar\/04c59859b23696cf867715880f81d5c037e60109730bdb4e6670ec2a2245bc97?s=96&d=mm&r=g","url":"https:\/\/secure.gravatar.com\/avatar\/04c59859b23696cf867715880f81d5c037e60109730bdb4e6670ec2a2245bc97?s=96&d=mm&r=g","contentUrl":"https:\/\/secure.gravatar.com\/avatar\/04c59859b23696cf867715880f81d5c037e60109730bdb4e6670ec2a2245bc97?s=96&d=mm&r=g","caption":"Carina Reifonas"},"url":"https:\/\/redenoticiaz.com.br\/ribeiraopreto-regiao\/sp\/author\/carinareifonas"}]}},"_links":{"self":[{"href":"https:\/\/redenoticiaz.com.br\/ribeiraopreto-regiao\/wp-json\/wp\/v2\/posts\/121295","targetHints":{"allow":["GET"]}}],"collection":[{"href":"https:\/\/redenoticiaz.com.br\/ribeiraopreto-regiao\/wp-json\/wp\/v2\/posts"}],"about":[{"href":"https:\/\/redenoticiaz.com.br\/ribeiraopreto-regiao\/wp-json\/wp\/v2\/types\/post"}],"author":[{"embeddable":true,"href":"https:\/\/redenoticiaz.com.br\/ribeiraopreto-regiao\/wp-json\/wp\/v2\/users\/30"}],"replies":[{"embeddable":true,"href":"https:\/\/redenoticiaz.com.br\/ribeiraopreto-regiao\/wp-json\/wp\/v2\/comments?post=121295"}],"version-history":[{"count":1,"href":"https:\/\/redenoticiaz.com.br\/ribeiraopreto-regiao\/wp-json\/wp\/v2\/posts\/121295\/revisions"}],"predecessor-version":[{"id":121303,"href":"https:\/\/redenoticiaz.com.br\/ribeiraopreto-regiao\/wp-json\/wp\/v2\/posts\/121295\/revisions\/121303"}],"wp:featuredmedia":[{"embeddable":true,"href":"https:\/\/redenoticiaz.com.br\/ribeiraopreto-regiao\/wp-json\/wp\/v2\/media\/121296"}],"wp:attachment":[{"href":"https:\/\/redenoticiaz.com.br\/ribeiraopreto-regiao\/wp-json\/wp\/v2\/media?parent=121295"}],"wp:term":[{"taxonomy":"category","embeddable":true,"href":"https:\/\/redenoticiaz.com.br\/ribeiraopreto-regiao\/wp-json\/wp\/v2\/categories?post=121295"},{"taxonomy":"post_tag","embeddable":true,"href":"https:\/\/redenoticiaz.com.br\/ribeiraopreto-regiao\/wp-json\/wp\/v2\/tags?post=121295"}],"curies":[{"name":"wp","href":"https:\/\/api.w.org\/{rel}","templated":true}]}}