{"id":121312,"date":"2026-04-30T10:04:39","date_gmt":"2026-04-30T13:04:39","guid":{"rendered":"https:\/\/redenoticiaz.com.br\/ribeiraopreto-regiao\/?p=121312"},"modified":"2026-04-30T10:04:39","modified_gmt":"2026-04-30T13:04:39","slug":"falta-de-agua-em-ribeirao-preto-reparo-emergencial-afeta-centro-e-seis-bairros-nesta-quinta-30","status":"publish","type":"post","link":"https:\/\/redenoticiaz.com.br\/ribeiraopreto-regiao\/sp\/2026\/04\/30\/falta-de-agua-em-ribeirao-preto-reparo-emergencial-afeta-centro-e-seis-bairros-nesta-quinta-30","title":{"rendered":"Falta de \u00e1gua em Ribeir\u00e3o Preto: reparo emergencial afeta Centro e seis bairros nesta quinta (30)"},"content":{"rendered":"<p>Um reparo emergencial na rede de abastecimento pode provocar falta de \u00e1gua em Ribeir\u00e3o Preto nesta quinta-feira (30). O alerta foi divulgado pela Secretaria de \u00c1gua e Esgoto (Saerp).<\/p>\n<p>Segundo o \u00f3rg\u00e3o, o servi\u00e7o \u00e9 realizado na Alameda Botafogo e deve ser conclu\u00eddo at\u00e9 as 15h. Durante esse per\u00edodo, o fornecimento pode ser afetado em diferentes regi\u00f5es da cidade.<\/p>\n<p>Os bairros com risco de desabastecimento s\u00e3o: Centro, Jardim Rep\u00fablica, Vila Virg\u00ednia, Vila Tib\u00e9rio, Vila Am\u00e9lia, Vila Seixas e \u00e1reas pr\u00f3ximas.<\/p>\n<p>A Saerp informa que o abastecimento ser\u00e1 retomado de forma gradual ap\u00f3s a finaliza\u00e7\u00e3o do reparo.<\/p>\n<p>Em caso de interrup\u00e7\u00e3o prolongada, a orienta\u00e7\u00e3o \u00e9 que moradores entrem em contato pelo telefone 0800 115 0115 ou busquem atendimento nos<a href=\"https:\/\/www.ribeiraopreto.sp.gov.br\/portal\/saerp\/\"> canais oficiais da autarquia.\u00a0\u00a0<\/a><\/p>\n<p>LEIA MAIS<\/p>\n<p><a href=\"https:\/\/redenoticiaz.com.br\/ribeiraopreto-regiao\/sp\/2026\/04\/30\/frente-fria-chega-a-sp-mas-nao-muda-o-tempo-em-ribeirao-preto-calor-pode-chegar-a-32c\">Frente fria chega a SP, mas n\u00e3o muda o tempo em Ribeir\u00e3o Preto; calor pode chegar a 32\u00b0C<\/a><\/p>\n<p><a href=\"https:\/\/redenoticiaz.com.br\/ribeiraopreto-regiao\/sp\/2026\/04\/28\/trajetoria-de-bailarina-cega-com-seu-cao-guia-mostra-como-autonomia-e-inclusao-deveriam-ser-direitos-mas-sao-conquistas\">Trajet\u00f3ria de bailarina cega com seu c\u00e3o-guia, mostra como autonomia e inclus\u00e3o deveriam ser direitos, mas s\u00e3o conquistas<\/a><\/p>\n<p>&nbsp;<\/p>\n","protected":false},"excerpt":{"rendered":"<p>Um reparo emergencial na rede de abastecimento pode provocar falta de \u00e1gua em Ribeir\u00e3o Preto nesta quinta-feira (30). O alerta foi divulgado pela Secretaria de \u00c1gua e Esgoto (Saerp). Segundo o \u00f3rg\u00e3o, o servi\u00e7o \u00e9 realizado na Alameda Botafogo e deve ser conclu\u00eddo at\u00e9 as 15h. Durante esse per\u00edodo, o fornecimento pode ser afetado em &hellip;<\/p>\n","protected":false},"author":30,"featured_media":116350,"comment_status":"open","ping_status":"closed","sticky":false,"template":"","format":"standard","meta":{"footnotes":""},"categories":[2920,31500],"tags":[17493,18449,27375,4097],"class_list":["post-121312","post","type-post","status-publish","format-standard","has-post-thumbnail","hentry","category-obras","category-ribeirao-preto","tag-bairros","tag-centro","tag-falta-de-agua","tag-ribeirao-preto"],"yoast_head":"<!-- This site is optimized with the Yoast SEO plugin v27.5 - https:\/\/yoast.com\/product\/yoast-seo-wordpress\/ -->\n<title>Falta de \u00e1gua em Ribeir\u00e3o Preto: reparo emergencial afeta Centro e seis bairros nesta quinta (30) - Ribeir\u00e3o Preto e Regi\u00e3o<\/title>\n<meta name=\"description\" content=\"Ribeir\u00e3o Preto pode ter falta de \u00e1gua nesta quinta (30) em bairros como Centro e Vila Tib\u00e9rio. Saerp realiza reparo emergencial com previs\u00e3o at\u00e9 15h.\" \/>\n<meta name=\"robots\" content=\"index, follow, max-snippet:-1, max-image-preview:large, max-video-preview:-1\" \/>\n<link rel=\"canonical\" href=\"https:\/\/redenoticiaz.com.br\/ribeiraopreto-regiao\/sp\/2026\/04\/30\/falta-de-agua-em-ribeirao-preto-reparo-emergencial-afeta-centro-e-seis-bairros-nesta-quinta-30\" \/>\n<meta property=\"og:locale\" content=\"pt_BR\" \/>\n<meta property=\"og:type\" content=\"article\" \/>\n<meta property=\"og:title\" content=\"Falta de \u00e1gua em Ribeir\u00e3o Preto: reparo emergencial afeta Centro e seis bairros nesta quinta (30) - Ribeir\u00e3o Preto e Regi\u00e3o\" \/>\n<meta property=\"og:description\" content=\"Ribeir\u00e3o Preto pode ter falta de \u00e1gua nesta quinta (30) em bairros como Centro e Vila Tib\u00e9rio. Saerp realiza reparo emergencial com previs\u00e3o at\u00e9 15h.\" \/>\n<meta property=\"og:url\" content=\"https:\/\/redenoticiaz.com.br\/ribeiraopreto-regiao\/sp\/2026\/04\/30\/falta-de-agua-em-ribeirao-preto-reparo-emergencial-afeta-centro-e-seis-bairros-nesta-quinta-30\" \/>\n<meta property=\"og:site_name\" content=\"Ribeir\u00e3o Preto e Regi\u00e3o\" \/>\n<meta property=\"article:publisher\" content=\"https:\/\/m.facebook.com\/redenoticiaz.barretos\" \/>\n<meta property=\"article:published_time\" content=\"2026-04-30T13:04:39+00:00\" \/>\n<meta property=\"og:image\" content=\"https:\/\/redenoticiaz.com.br\/ribeiraopreto-regiao\/wp-content\/uploads\/sites\/4\/2024\/03\/Moradores-de-Louveira-podem-ter-falta-de-agua-nesta-quinta-feira-29.jpg?v=1688044830\" \/>\n\t<meta property=\"og:image:width\" content=\"1640\" \/>\n\t<meta property=\"og:image:height\" content=\"924\" \/>\n\t<meta property=\"og:image:type\" content=\"image\/jpeg\" \/>\n<meta name=\"author\" content=\"Carina Reifonas\" \/>\n<meta name=\"twitter:card\" content=\"summary_large_image\" \/>\n<meta name=\"twitter:creator\" content=\"@RN_barretos\" \/>\n<meta name=\"twitter:site\" content=\"@RN_barretos\" \/>\n<meta name=\"twitter:label1\" content=\"Escrito por\" \/>\n\t<meta name=\"twitter:data1\" content=\"Carina Reifonas\" \/>\n\t<meta name=\"twitter:label2\" content=\"Est. tempo de leitura\" \/>\n\t<meta name=\"twitter:data2\" content=\"2 minutos\" \/>\n<script type=\"application\/ld+json\" class=\"yoast-schema-graph\">{\"@context\":\"https:\\\/\\\/schema.org\",\"@graph\":[{\"@type\":\"Article\",\"@id\":\"https:\\\/\\\/redenoticiaz.com.br\\\/ribeiraopreto-regiao\\\/sp\\\/2026\\\/04\\\/30\\\/falta-de-agua-em-ribeirao-preto-reparo-emergencial-afeta-centro-e-seis-bairros-nesta-quinta-30#article\",\"isPartOf\":{\"@id\":\"https:\\\/\\\/redenoticiaz.com.br\\\/ribeiraopreto-regiao\\\/sp\\\/2026\\\/04\\\/30\\\/falta-de-agua-em-ribeirao-preto-reparo-emergencial-afeta-centro-e-seis-bairros-nesta-quinta-30\"},\"author\":{\"name\":\"Carina Reifonas\",\"@id\":\"https:\\\/\\\/redenoticiaz.com.br\\\/ribeiraopreto-regiao\\\/#\\\/schema\\\/person\\\/1f84d6e94e6a62d2d81199d7503e9e90\"},\"headline\":\"Falta de \u00e1gua em Ribeir\u00e3o Preto: reparo emergencial afeta Centro e seis bairros nesta quinta (30)\",\"datePublished\":\"2026-04-30T13:04:39+00:00\",\"mainEntityOfPage\":{\"@id\":\"https:\\\/\\\/redenoticiaz.com.br\\\/ribeiraopreto-regiao\\\/sp\\\/2026\\\/04\\\/30\\\/falta-de-agua-em-ribeirao-preto-reparo-emergencial-afeta-centro-e-seis-bairros-nesta-quinta-30\"},\"wordCount\":193,\"commentCount\":0,\"publisher\":{\"@id\":\"https:\\\/\\\/redenoticiaz.com.br\\\/ribeiraopreto-regiao\\\/#organization\"},\"image\":{\"@id\":\"https:\\\/\\\/redenoticiaz.com.br\\\/ribeiraopreto-regiao\\\/sp\\\/2026\\\/04\\\/30\\\/falta-de-agua-em-ribeirao-preto-reparo-emergencial-afeta-centro-e-seis-bairros-nesta-quinta-30#primaryimage\"},\"thumbnailUrl\":\"https:\\\/\\\/redenoticiaz.com.br\\\/ribeiraopreto-regiao\\\/wp-content\\\/uploads\\\/sites\\\/4\\\/2024\\\/03\\\/Moradores-de-Louveira-podem-ter-falta-de-agua-nesta-quinta-feira-29.jpg?v=1688044830\",\"keywords\":[\"BAIRROS\",\"CENTRO\",\"Falta de \u00e1gua\",\"RIBEIR\u00c3O PRETO\"],\"articleSection\":[\"Obras\",\"Ribeir\u00e3o Preto\"],\"inLanguage\":\"pt-BR\",\"potentialAction\":[{\"@type\":\"CommentAction\",\"name\":\"Comment\",\"target\":[\"https:\\\/\\\/redenoticiaz.com.br\\\/ribeiraopreto-regiao\\\/sp\\\/2026\\\/04\\\/30\\\/falta-de-agua-em-ribeirao-preto-reparo-emergencial-afeta-centro-e-seis-bairros-nesta-quinta-30#respond\"]}]},{\"@type\":\"WebPage\",\"@id\":\"https:\\\/\\\/redenoticiaz.com.br\\\/ribeiraopreto-regiao\\\/sp\\\/2026\\\/04\\\/30\\\/falta-de-agua-em-ribeirao-preto-reparo-emergencial-afeta-centro-e-seis-bairros-nesta-quinta-30\",\"url\":\"https:\\\/\\\/redenoticiaz.com.br\\\/ribeiraopreto-regiao\\\/sp\\\/2026\\\/04\\\/30\\\/falta-de-agua-em-ribeirao-preto-reparo-emergencial-afeta-centro-e-seis-bairros-nesta-quinta-30\",\"name\":\"Falta de \u00e1gua em Ribeir\u00e3o Preto: reparo emergencial afeta Centro e seis bairros nesta quinta (30) - Ribeir\u00e3o Preto e Regi\u00e3o\",\"isPartOf\":{\"@id\":\"https:\\\/\\\/redenoticiaz.com.br\\\/ribeiraopreto-regiao\\\/#website\"},\"primaryImageOfPage\":{\"@id\":\"https:\\\/\\\/redenoticiaz.com.br\\\/ribeiraopreto-regiao\\\/sp\\\/2026\\\/04\\\/30\\\/falta-de-agua-em-ribeirao-preto-reparo-emergencial-afeta-centro-e-seis-bairros-nesta-quinta-30#primaryimage\"},\"image\":{\"@id\":\"https:\\\/\\\/redenoticiaz.com.br\\\/ribeiraopreto-regiao\\\/sp\\\/2026\\\/04\\\/30\\\/falta-de-agua-em-ribeirao-preto-reparo-emergencial-afeta-centro-e-seis-bairros-nesta-quinta-30#primaryimage\"},\"thumbnailUrl\":\"https:\\\/\\\/redenoticiaz.com.br\\\/ribeiraopreto-regiao\\\/wp-content\\\/uploads\\\/sites\\\/4\\\/2024\\\/03\\\/Moradores-de-Louveira-podem-ter-falta-de-agua-nesta-quinta-feira-29.jpg?v=1688044830\",\"datePublished\":\"2026-04-30T13:04:39+00:00\",\"description\":\"Ribeir\u00e3o Preto pode ter falta de \u00e1gua nesta quinta (30) em bairros como Centro e Vila Tib\u00e9rio. Saerp realiza reparo emergencial com previs\u00e3o at\u00e9 15h.\",\"inLanguage\":\"pt-BR\",\"potentialAction\":[{\"@type\":\"ReadAction\",\"target\":[\"https:\\\/\\\/redenoticiaz.com.br\\\/ribeiraopreto-regiao\\\/sp\\\/2026\\\/04\\\/30\\\/falta-de-agua-em-ribeirao-preto-reparo-emergencial-afeta-centro-e-seis-bairros-nesta-quinta-30\"]}]},{\"@type\":\"ImageObject\",\"inLanguage\":\"pt-BR\",\"@id\":\"https:\\\/\\\/redenoticiaz.com.br\\\/ribeiraopreto-regiao\\\/sp\\\/2026\\\/04\\\/30\\\/falta-de-agua-em-ribeirao-preto-reparo-emergencial-afeta-centro-e-seis-bairros-nesta-quinta-30#primaryimage\",\"url\":\"https:\\\/\\\/redenoticiaz.com.br\\\/ribeiraopreto-regiao\\\/wp-content\\\/uploads\\\/sites\\\/4\\\/2024\\\/03\\\/Moradores-de-Louveira-podem-ter-falta-de-agua-nesta-quinta-feira-29.jpg?v=1688044830\",\"contentUrl\":\"https:\\\/\\\/redenoticiaz.com.br\\\/ribeiraopreto-regiao\\\/wp-content\\\/uploads\\\/sites\\\/4\\\/2024\\\/03\\\/Moradores-de-Louveira-podem-ter-falta-de-agua-nesta-quinta-feira-29.jpg?v=1688044830\",\"width\":1640,\"height\":924},{\"@type\":\"WebSite\",\"@id\":\"https:\\\/\\\/redenoticiaz.com.br\\\/ribeiraopreto-regiao\\\/#website\",\"url\":\"https:\\\/\\\/redenoticiaz.com.br\\\/ribeiraopreto-regiao\\\/\",\"name\":\"Ribeir\u00e3o Preto e Regi\u00e3o\",\"description\":\"Rede NoticiaZ - Ribeir\u00e3o Preto e regi\u00e3o\",\"publisher\":{\"@id\":\"https:\\\/\\\/redenoticiaz.com.br\\\/ribeiraopreto-regiao\\\/#organization\"},\"potentialAction\":[{\"@type\":\"SearchAction\",\"target\":{\"@type\":\"EntryPoint\",\"urlTemplate\":\"https:\\\/\\\/redenoticiaz.com.br\\\/ribeiraopreto-regiao\\\/?s={search_term_string}\"},\"query-input\":{\"@type\":\"PropertyValueSpecification\",\"valueRequired\":true,\"valueName\":\"search_term_string\"}}],\"inLanguage\":\"pt-BR\"},{\"@type\":\"Organization\",\"@id\":\"https:\\\/\\\/redenoticiaz.com.br\\\/ribeiraopreto-regiao\\\/#organization\",\"name\":\"Ribeir\u00e3o Preto e Regi\u00e3o\",\"url\":\"https:\\\/\\\/redenoticiaz.com.br\\\/ribeiraopreto-regiao\\\/\",\"logo\":{\"@type\":\"ImageObject\",\"inLanguage\":\"pt-BR\",\"@id\":\"https:\\\/\\\/redenoticiaz.com.br\\\/ribeiraopreto-regiao\\\/#\\\/schema\\\/logo\\\/image\\\/\",\"url\":\"https:\\\/\\\/redenoticiaz.com.br\\\/barretos-regiao\\\/wp-content\\\/uploads\\\/sites\\\/4\\\/2022\\\/02\\\/logo.jpg\",\"contentUrl\":\"https:\\\/\\\/redenoticiaz.com.br\\\/barretos-regiao\\\/wp-content\\\/uploads\\\/sites\\\/4\\\/2022\\\/02\\\/logo.jpg\",\"width\":400,\"height\":250,\"caption\":\"Ribeir\u00e3o Preto e Regi\u00e3o\"},\"image\":{\"@id\":\"https:\\\/\\\/redenoticiaz.com.br\\\/ribeiraopreto-regiao\\\/#\\\/schema\\\/logo\\\/image\\\/\"},\"sameAs\":[\"https:\\\/\\\/m.facebook.com\\\/redenoticiaz.barretos\",\"https:\\\/\\\/x.com\\\/RN_barretos\",\"https:\\\/\\\/www.instagram.com\\\/redenoticiaz.barretos\\\/?igshid=YmMyMTA2M2Y\",\"https:\\\/\\\/www.linkedin.com\\\/company\\\/rede-noticiaz-barretos-e-regio\\\/\"]},{\"@type\":\"Person\",\"@id\":\"https:\\\/\\\/redenoticiaz.com.br\\\/ribeiraopreto-regiao\\\/#\\\/schema\\\/person\\\/1f84d6e94e6a62d2d81199d7503e9e90\",\"name\":\"Carina Reifonas\",\"image\":{\"@type\":\"ImageObject\",\"inLanguage\":\"pt-BR\",\"@id\":\"https:\\\/\\\/secure.gravatar.com\\\/avatar\\\/04c59859b23696cf867715880f81d5c037e60109730bdb4e6670ec2a2245bc97?s=96&d=mm&r=g\",\"url\":\"https:\\\/\\\/secure.gravatar.com\\\/avatar\\\/04c59859b23696cf867715880f81d5c037e60109730bdb4e6670ec2a2245bc97?s=96&d=mm&r=g\",\"contentUrl\":\"https:\\\/\\\/secure.gravatar.com\\\/avatar\\\/04c59859b23696cf867715880f81d5c037e60109730bdb4e6670ec2a2245bc97?s=96&d=mm&r=g\",\"caption\":\"Carina Reifonas\"},\"url\":\"https:\\\/\\\/redenoticiaz.com.br\\\/ribeiraopreto-regiao\\\/sp\\\/author\\\/carinareifonas\"}]}<\/script>\n<!-- \/ Yoast SEO plugin. -->","yoast_head_json":{"title":"Falta de \u00e1gua em Ribeir\u00e3o Preto: reparo emergencial afeta Centro e seis bairros nesta quinta (30) - Ribeir\u00e3o Preto e Regi\u00e3o","description":"Ribeir\u00e3o Preto pode ter falta de \u00e1gua nesta quinta (30) em bairros como Centro e Vila Tib\u00e9rio. Saerp realiza reparo emergencial com previs\u00e3o at\u00e9 15h.","robots":{"index":"index","follow":"follow","max-snippet":"max-snippet:-1","max-image-preview":"max-image-preview:large","max-video-preview":"max-video-preview:-1"},"canonical":"https:\/\/redenoticiaz.com.br\/ribeiraopreto-regiao\/sp\/2026\/04\/30\/falta-de-agua-em-ribeirao-preto-reparo-emergencial-afeta-centro-e-seis-bairros-nesta-quinta-30","og_locale":"pt_BR","og_type":"article","og_title":"Falta de \u00e1gua em Ribeir\u00e3o Preto: reparo emergencial afeta Centro e seis bairros nesta quinta (30) - Ribeir\u00e3o Preto e Regi\u00e3o","og_description":"Ribeir\u00e3o Preto pode ter falta de \u00e1gua nesta quinta (30) em bairros como Centro e Vila Tib\u00e9rio. Saerp realiza reparo emergencial com previs\u00e3o at\u00e9 15h.","og_url":"https:\/\/redenoticiaz.com.br\/ribeiraopreto-regiao\/sp\/2026\/04\/30\/falta-de-agua-em-ribeirao-preto-reparo-emergencial-afeta-centro-e-seis-bairros-nesta-quinta-30","og_site_name":"Ribeir\u00e3o Preto e Regi\u00e3o","article_publisher":"https:\/\/m.facebook.com\/redenoticiaz.barretos","article_published_time":"2026-04-30T13:04:39+00:00","og_image":[{"width":1640,"height":924,"url":"https:\/\/redenoticiaz.com.br\/ribeiraopreto-regiao\/wp-content\/uploads\/sites\/4\/2024\/03\/Moradores-de-Louveira-podem-ter-falta-de-agua-nesta-quinta-feira-29.jpg?v=1688044830","type":"image\/jpeg"}],"author":"Carina Reifonas","twitter_card":"summary_large_image","twitter_creator":"@RN_barretos","twitter_site":"@RN_barretos","twitter_misc":{"Escrito por":"Carina Reifonas","Est. tempo de leitura":"2 minutos"},"schema":{"@context":"https:\/\/schema.org","@graph":[{"@type":"Article","@id":"https:\/\/redenoticiaz.com.br\/ribeiraopreto-regiao\/sp\/2026\/04\/30\/falta-de-agua-em-ribeirao-preto-reparo-emergencial-afeta-centro-e-seis-bairros-nesta-quinta-30#article","isPartOf":{"@id":"https:\/\/redenoticiaz.com.br\/ribeiraopreto-regiao\/sp\/2026\/04\/30\/falta-de-agua-em-ribeirao-preto-reparo-emergencial-afeta-centro-e-seis-bairros-nesta-quinta-30"},"author":{"name":"Carina Reifonas","@id":"https:\/\/redenoticiaz.com.br\/ribeiraopreto-regiao\/#\/schema\/person\/1f84d6e94e6a62d2d81199d7503e9e90"},"headline":"Falta de \u00e1gua em Ribeir\u00e3o Preto: reparo emergencial afeta Centro e seis bairros nesta quinta (30)","datePublished":"2026-04-30T13:04:39+00:00","mainEntityOfPage":{"@id":"https:\/\/redenoticiaz.com.br\/ribeiraopreto-regiao\/sp\/2026\/04\/30\/falta-de-agua-em-ribeirao-preto-reparo-emergencial-afeta-centro-e-seis-bairros-nesta-quinta-30"},"wordCount":193,"commentCount":0,"publisher":{"@id":"https:\/\/redenoticiaz.com.br\/ribeiraopreto-regiao\/#organization"},"image":{"@id":"https:\/\/redenoticiaz.com.br\/ribeiraopreto-regiao\/sp\/2026\/04\/30\/falta-de-agua-em-ribeirao-preto-reparo-emergencial-afeta-centro-e-seis-bairros-nesta-quinta-30#primaryimage"},"thumbnailUrl":"https:\/\/redenoticiaz.com.br\/ribeiraopreto-regiao\/wp-content\/uploads\/sites\/4\/2024\/03\/Moradores-de-Louveira-podem-ter-falta-de-agua-nesta-quinta-feira-29.jpg?v=1688044830","keywords":["BAIRROS","CENTRO","Falta de \u00e1gua","RIBEIR\u00c3O PRETO"],"articleSection":["Obras","Ribeir\u00e3o Preto"],"inLanguage":"pt-BR","potentialAction":[{"@type":"CommentAction","name":"Comment","target":["https:\/\/redenoticiaz.com.br\/ribeiraopreto-regiao\/sp\/2026\/04\/30\/falta-de-agua-em-ribeirao-preto-reparo-emergencial-afeta-centro-e-seis-bairros-nesta-quinta-30#respond"]}]},{"@type":"WebPage","@id":"https:\/\/redenoticiaz.com.br\/ribeiraopreto-regiao\/sp\/2026\/04\/30\/falta-de-agua-em-ribeirao-preto-reparo-emergencial-afeta-centro-e-seis-bairros-nesta-quinta-30","url":"https:\/\/redenoticiaz.com.br\/ribeiraopreto-regiao\/sp\/2026\/04\/30\/falta-de-agua-em-ribeirao-preto-reparo-emergencial-afeta-centro-e-seis-bairros-nesta-quinta-30","name":"Falta de \u00e1gua em Ribeir\u00e3o Preto: reparo emergencial afeta Centro e seis bairros nesta quinta (30) - Ribeir\u00e3o Preto e Regi\u00e3o","isPartOf":{"@id":"https:\/\/redenoticiaz.com.br\/ribeiraopreto-regiao\/#website"},"primaryImageOfPage":{"@id":"https:\/\/redenoticiaz.com.br\/ribeiraopreto-regiao\/sp\/2026\/04\/30\/falta-de-agua-em-ribeirao-preto-reparo-emergencial-afeta-centro-e-seis-bairros-nesta-quinta-30#primaryimage"},"image":{"@id":"https:\/\/redenoticiaz.com.br\/ribeiraopreto-regiao\/sp\/2026\/04\/30\/falta-de-agua-em-ribeirao-preto-reparo-emergencial-afeta-centro-e-seis-bairros-nesta-quinta-30#primaryimage"},"thumbnailUrl":"https:\/\/redenoticiaz.com.br\/ribeiraopreto-regiao\/wp-content\/uploads\/sites\/4\/2024\/03\/Moradores-de-Louveira-podem-ter-falta-de-agua-nesta-quinta-feira-29.jpg?v=1688044830","datePublished":"2026-04-30T13:04:39+00:00","description":"Ribeir\u00e3o Preto pode ter falta de \u00e1gua nesta quinta (30) em bairros como Centro e Vila Tib\u00e9rio. Saerp realiza reparo emergencial com previs\u00e3o at\u00e9 15h.","inLanguage":"pt-BR","potentialAction":[{"@type":"ReadAction","target":["https:\/\/redenoticiaz.com.br\/ribeiraopreto-regiao\/sp\/2026\/04\/30\/falta-de-agua-em-ribeirao-preto-reparo-emergencial-afeta-centro-e-seis-bairros-nesta-quinta-30"]}]},{"@type":"ImageObject","inLanguage":"pt-BR","@id":"https:\/\/redenoticiaz.com.br\/ribeiraopreto-regiao\/sp\/2026\/04\/30\/falta-de-agua-em-ribeirao-preto-reparo-emergencial-afeta-centro-e-seis-bairros-nesta-quinta-30#primaryimage","url":"https:\/\/redenoticiaz.com.br\/ribeiraopreto-regiao\/wp-content\/uploads\/sites\/4\/2024\/03\/Moradores-de-Louveira-podem-ter-falta-de-agua-nesta-quinta-feira-29.jpg?v=1688044830","contentUrl":"https:\/\/redenoticiaz.com.br\/ribeiraopreto-regiao\/wp-content\/uploads\/sites\/4\/2024\/03\/Moradores-de-Louveira-podem-ter-falta-de-agua-nesta-quinta-feira-29.jpg?v=1688044830","width":1640,"height":924},{"@type":"WebSite","@id":"https:\/\/redenoticiaz.com.br\/ribeiraopreto-regiao\/#website","url":"https:\/\/redenoticiaz.com.br\/ribeiraopreto-regiao\/","name":"Ribeir\u00e3o Preto e Regi\u00e3o","description":"Rede NoticiaZ - Ribeir\u00e3o Preto e regi\u00e3o","publisher":{"@id":"https:\/\/redenoticiaz.com.br\/ribeiraopreto-regiao\/#organization"},"potentialAction":[{"@type":"SearchAction","target":{"@type":"EntryPoint","urlTemplate":"https:\/\/redenoticiaz.com.br\/ribeiraopreto-regiao\/?s={search_term_string}"},"query-input":{"@type":"PropertyValueSpecification","valueRequired":true,"valueName":"search_term_string"}}],"inLanguage":"pt-BR"},{"@type":"Organization","@id":"https:\/\/redenoticiaz.com.br\/ribeiraopreto-regiao\/#organization","name":"Ribeir\u00e3o Preto e Regi\u00e3o","url":"https:\/\/redenoticiaz.com.br\/ribeiraopreto-regiao\/","logo":{"@type":"ImageObject","inLanguage":"pt-BR","@id":"https:\/\/redenoticiaz.com.br\/ribeiraopreto-regiao\/#\/schema\/logo\/image\/","url":"https:\/\/redenoticiaz.com.br\/barretos-regiao\/wp-content\/uploads\/sites\/4\/2022\/02\/logo.jpg","contentUrl":"https:\/\/redenoticiaz.com.br\/barretos-regiao\/wp-content\/uploads\/sites\/4\/2022\/02\/logo.jpg","width":400,"height":250,"caption":"Ribeir\u00e3o Preto e Regi\u00e3o"},"image":{"@id":"https:\/\/redenoticiaz.com.br\/ribeiraopreto-regiao\/#\/schema\/logo\/image\/"},"sameAs":["https:\/\/m.facebook.com\/redenoticiaz.barretos","https:\/\/x.com\/RN_barretos","https:\/\/www.instagram.com\/redenoticiaz.barretos\/?igshid=YmMyMTA2M2Y","https:\/\/www.linkedin.com\/company\/rede-noticiaz-barretos-e-regio\/"]},{"@type":"Person","@id":"https:\/\/redenoticiaz.com.br\/ribeiraopreto-regiao\/#\/schema\/person\/1f84d6e94e6a62d2d81199d7503e9e90","name":"Carina Reifonas","image":{"@type":"ImageObject","inLanguage":"pt-BR","@id":"https:\/\/secure.gravatar.com\/avatar\/04c59859b23696cf867715880f81d5c037e60109730bdb4e6670ec2a2245bc97?s=96&d=mm&r=g","url":"https:\/\/secure.gravatar.com\/avatar\/04c59859b23696cf867715880f81d5c037e60109730bdb4e6670ec2a2245bc97?s=96&d=mm&r=g","contentUrl":"https:\/\/secure.gravatar.com\/avatar\/04c59859b23696cf867715880f81d5c037e60109730bdb4e6670ec2a2245bc97?s=96&d=mm&r=g","caption":"Carina Reifonas"},"url":"https:\/\/redenoticiaz.com.br\/ribeiraopreto-regiao\/sp\/author\/carinareifonas"}]}},"_links":{"self":[{"href":"https:\/\/redenoticiaz.com.br\/ribeiraopreto-regiao\/wp-json\/wp\/v2\/posts\/121312","targetHints":{"allow":["GET"]}}],"collection":[{"href":"https:\/\/redenoticiaz.com.br\/ribeiraopreto-regiao\/wp-json\/wp\/v2\/posts"}],"about":[{"href":"https:\/\/redenoticiaz.com.br\/ribeiraopreto-regiao\/wp-json\/wp\/v2\/types\/post"}],"author":[{"embeddable":true,"href":"https:\/\/redenoticiaz.com.br\/ribeiraopreto-regiao\/wp-json\/wp\/v2\/users\/30"}],"replies":[{"embeddable":true,"href":"https:\/\/redenoticiaz.com.br\/ribeiraopreto-regiao\/wp-json\/wp\/v2\/comments?post=121312"}],"version-history":[{"count":1,"href":"https:\/\/redenoticiaz.com.br\/ribeiraopreto-regiao\/wp-json\/wp\/v2\/posts\/121312\/revisions"}],"predecessor-version":[{"id":121314,"href":"https:\/\/redenoticiaz.com.br\/ribeiraopreto-regiao\/wp-json\/wp\/v2\/posts\/121312\/revisions\/121314"}],"wp:featuredmedia":[{"embeddable":true,"href":"https:\/\/redenoticiaz.com.br\/ribeiraopreto-regiao\/wp-json\/wp\/v2\/media\/116350"}],"wp:attachment":[{"href":"https:\/\/redenoticiaz.com.br\/ribeiraopreto-regiao\/wp-json\/wp\/v2\/media?parent=121312"}],"wp:term":[{"taxonomy":"category","embeddable":true,"href":"https:\/\/redenoticiaz.com.br\/ribeiraopreto-regiao\/wp-json\/wp\/v2\/categories?post=121312"},{"taxonomy":"post_tag","embeddable":true,"href":"https:\/\/redenoticiaz.com.br\/ribeiraopreto-regiao\/wp-json\/wp\/v2\/tags?post=121312"}],"curies":[{"name":"wp","href":"https:\/\/api.w.org\/{rel}","templated":true}]}}