{"id":121498,"date":"2026-05-25T14:00:13","date_gmt":"2026-05-25T17:00:13","guid":{"rendered":"https:\/\/redenoticiaz.com.br\/ribeiraopreto-regiao\/?p=121498"},"modified":"2026-05-25T13:32:48","modified_gmt":"2026-05-25T16:32:48","slug":"ribeirao-preto-amplia-exames-gratuitos-para-prevencao-do-cancer-bucal-durante-campanha-maio-vermelho","status":"publish","type":"post","link":"https:\/\/redenoticiaz.com.br\/ribeiraopreto-regiao\/sp\/2026\/05\/25\/ribeirao-preto-amplia-exames-gratuitos-para-prevencao-do-cancer-bucal-durante-campanha-maio-vermelho","title":{"rendered":"Ribeir\u00e3o Preto amplia exames gratuitos para preven\u00e7\u00e3o do c\u00e2ncer bucal durante campanha Maio Vermelho"},"content":{"rendered":"<p>A Prefeitura de Ribeir\u00e3o Preto intensificou nesta semana as a\u00e7\u00f5es de preven\u00e7\u00e3o e diagn\u00f3stico precoce do c\u00e2ncer bucal com a campanha Maio Vermelho. Entre os dias 25 e 29 de maio, unidades de sa\u00fade com atendimento odontol\u00f3gico v\u00e3o oferecer exames gratuitos sem necessidade de agendamento.<\/p>\n<p>A avalia\u00e7\u00e3o \u00e9 r\u00e1pida, simples e indolor, realizada por meio da observa\u00e7\u00e3o e palpa\u00e7\u00e3o das estruturas da boca e do pesco\u00e7o para identificar poss\u00edveis altera\u00e7\u00f5es suspeitas.<\/p>\n<p>Entre os principais sinais de alerta analisados pelos profissionais est\u00e3o feridas que n\u00e3o cicatrizam por mais de 15 dias, manchas na boca, rouquid\u00e3o persistente, n\u00f3dulos no pesco\u00e7o e dificuldade para mastigar, falar ou engolir. Caso necess\u00e1rio, os pacientes ser\u00e3o encaminhados para exames complementares e bi\u00f3psia.<\/p>\n<p>Segundo a Secretaria Municipal da Sa\u00fade, o diagn\u00f3stico precoce \u00e9 fundamental para aumentar as chances de cura e reduzir complica\u00e7\u00f5es no tratamento.<\/p>\n<p>Al\u00e9m dos exames, as unidades tamb\u00e9m realizam orienta\u00e7\u00f5es sobre os fatores de risco associados ao c\u00e2ncer bucal. O tabagismo e o consumo excessivo de \u00e1lcool est\u00e3o entre as principais causas da doen\u00e7a. Exposi\u00e7\u00e3o solar sem prote\u00e7\u00e3o, HPV e uso de cigarros eletr\u00f4nicos tamb\u00e9m aumentam os riscos.<\/p>\n<p>Dados da pasta mostram que cerca de 6 mil exames foram realizados no ano passado. Para 2026, a meta \u00e9 superar 7,1 mil avalia\u00e7\u00f5es, ampliando o acesso \u00e0 preven\u00e7\u00e3o, principalmente entre grupos mais vulner\u00e1veis.<\/p>\n<p>LEIA MAIS<\/p>\n<p><a href=\"https:\/\/redenoticiaz.com.br\/ribeiraopreto-regiao\/sp\/2026\/05\/25\/quase-20-dos-eleitores-de-ribeirao-preto-nao-poderao-votar-nas-eleicoes-de-outubro\" target=\"_blank\" rel=\"noopener\">Quase 20% dos eleitores de Ribeir\u00e3o Preto n\u00e3o poder\u00e3o votar nas elei\u00e7\u00f5es de outubro<\/a><\/p>\n<p><a href=\"https:\/\/redenoticiaz.com.br\/ribeiraopreto-regiao\/sp\/2026\/05\/25\/carro-capota-na-rodovia-abrao-assed-e-deixa-ferido-em-serra-azul\" target=\"_blank\" rel=\"noopener\">Carro capota na Rodovia Abr\u00e3o Assed e deixa ferido em Serra Azul<\/a><\/p>\n<p>&nbsp;<\/p>\n<p>&nbsp;<\/p>\n","protected":false},"excerpt":{"rendered":"<p>A Prefeitura de Ribeir\u00e3o Preto intensificou nesta semana as a\u00e7\u00f5es de preven\u00e7\u00e3o e diagn\u00f3stico precoce do c\u00e2ncer bucal com a campanha Maio Vermelho. Entre os dias 25 e 29 de maio, unidades de sa\u00fade com atendimento odontol\u00f3gico v\u00e3o oferecer exames gratuitos sem necessidade de agendamento. A avalia\u00e7\u00e3o \u00e9 r\u00e1pida, simples e indolor, realizada por meio &hellip;<\/p>\n","protected":false},"author":30,"featured_media":121499,"comment_status":"open","ping_status":"closed","sticky":false,"template":"","format":"standard","meta":{"footnotes":""},"categories":[31500,129],"tags":[31566,3222,17687,4097,165],"class_list":["post-121498","post","type-post","status-publish","format-standard","has-post-thumbnail","hentry","category-ribeirao-preto","category-saude","tag-cancer-bucal","tag-exames","tag-gratuitos","tag-ribeirao-preto","tag-saude"],"yoast_head":"<!-- This site is optimized with the Yoast SEO plugin v28.3 - https:\/\/yoast.com\/product\/yoast-seo-wordpress\/ -->\n<title>Ribeir\u00e3o Preto amplia exames gratuitos para preven\u00e7\u00e3o do c\u00e2ncer bucal durante campanha Maio Vermelho - Ribeir\u00e3o Preto e Regi\u00e3o<\/title>\n<meta name=\"description\" content=\"Ribeir\u00e3o Preto intensifica exames gratuitos para preven\u00e7\u00e3o do c\u00e2ncer bucal durante a campanha Maio Vermelho. Avalia\u00e7\u00f5es podem ser feitas sem agendamento nas unidades de sa\u00fade.\" \/>\n<meta name=\"robots\" content=\"index, follow, max-snippet:-1, max-image-preview:large, max-video-preview:-1\" \/>\n<link rel=\"canonical\" href=\"https:\/\/redenoticiaz.com.br\/ribeiraopreto-regiao\/sp\/2026\/05\/25\/ribeirao-preto-amplia-exames-gratuitos-para-prevencao-do-cancer-bucal-durante-campanha-maio-vermelho\" \/>\n<meta property=\"og:locale\" content=\"pt_BR\" \/>\n<meta property=\"og:type\" content=\"article\" \/>\n<meta property=\"og:title\" content=\"Ribeir\u00e3o Preto amplia exames gratuitos para preven\u00e7\u00e3o do c\u00e2ncer bucal durante campanha Maio Vermelho - Ribeir\u00e3o Preto e Regi\u00e3o\" \/>\n<meta property=\"og:description\" content=\"Ribeir\u00e3o Preto intensifica exames gratuitos para preven\u00e7\u00e3o do c\u00e2ncer bucal durante a campanha Maio Vermelho. Avalia\u00e7\u00f5es podem ser feitas sem agendamento nas unidades de sa\u00fade.\" \/>\n<meta property=\"og:url\" content=\"https:\/\/redenoticiaz.com.br\/ribeiraopreto-regiao\/sp\/2026\/05\/25\/ribeirao-preto-amplia-exames-gratuitos-para-prevencao-do-cancer-bucal-durante-campanha-maio-vermelho\" \/>\n<meta property=\"og:site_name\" content=\"Ribeir\u00e3o Preto e Regi\u00e3o\" \/>\n<meta property=\"article:publisher\" content=\"https:\/\/m.facebook.com\/redenoticiaz.barretos\" \/>\n<meta property=\"article:published_time\" content=\"2026-05-25T17:00:13+00:00\" \/>\n<meta property=\"og:image\" content=\"https:\/\/redenoticiaz.com.br\/ribeiraopreto-regiao\/wp-content\/uploads\/sites\/4\/2026\/05\/saude_odontologia_proteses_nga_-_foto_guilherme_sircili_2.jpg\" \/>\n\t<meta property=\"og:image:width\" content=\"1620\" \/>\n\t<meta property=\"og:image:height\" content=\"1080\" \/>\n\t<meta property=\"og:image:type\" content=\"image\/jpeg\" \/>\n<meta name=\"author\" content=\"Carina Reifonas\" \/>\n<meta name=\"twitter:card\" content=\"summary_large_image\" \/>\n<meta name=\"twitter:creator\" content=\"@RN_barretos\" \/>\n<meta name=\"twitter:site\" content=\"@RN_barretos\" \/>\n<meta name=\"twitter:label1\" content=\"Escrito por\" \/>\n\t<meta name=\"twitter:data1\" content=\"Carina Reifonas\" \/>\n\t<meta name=\"twitter:label2\" content=\"Est. tempo de leitura\" \/>\n\t<meta name=\"twitter:data2\" content=\"2 minutos\" \/>\n<script type=\"application\/ld+json\" class=\"yoast-schema-graph\">{\"@context\":\"https:\\\/\\\/schema.org\",\"@graph\":[{\"@type\":\"Article\",\"@id\":\"https:\\\/\\\/redenoticiaz.com.br\\\/ribeiraopreto-regiao\\\/sp\\\/2026\\\/05\\\/25\\\/ribeirao-preto-amplia-exames-gratuitos-para-prevencao-do-cancer-bucal-durante-campanha-maio-vermelho#article\",\"isPartOf\":{\"@id\":\"https:\\\/\\\/redenoticiaz.com.br\\\/ribeiraopreto-regiao\\\/sp\\\/2026\\\/05\\\/25\\\/ribeirao-preto-amplia-exames-gratuitos-para-prevencao-do-cancer-bucal-durante-campanha-maio-vermelho\"},\"author\":{\"name\":\"Carina Reifonas\",\"@id\":\"https:\\\/\\\/redenoticiaz.com.br\\\/ribeiraopreto-regiao\\\/#\\\/schema\\\/person\\\/1f84d6e94e6a62d2d81199d7503e9e90\"},\"headline\":\"Ribeir\u00e3o Preto amplia exames gratuitos para preven\u00e7\u00e3o do c\u00e2ncer bucal durante campanha Maio Vermelho\",\"datePublished\":\"2026-05-25T17:00:13+00:00\",\"mainEntityOfPage\":{\"@id\":\"https:\\\/\\\/redenoticiaz.com.br\\\/ribeiraopreto-regiao\\\/sp\\\/2026\\\/05\\\/25\\\/ribeirao-preto-amplia-exames-gratuitos-para-prevencao-do-cancer-bucal-durante-campanha-maio-vermelho\"},\"wordCount\":298,\"commentCount\":0,\"publisher\":{\"@id\":\"https:\\\/\\\/redenoticiaz.com.br\\\/ribeiraopreto-regiao\\\/#organization\"},\"image\":{\"@id\":\"https:\\\/\\\/redenoticiaz.com.br\\\/ribeiraopreto-regiao\\\/sp\\\/2026\\\/05\\\/25\\\/ribeirao-preto-amplia-exames-gratuitos-para-prevencao-do-cancer-bucal-durante-campanha-maio-vermelho#primaryimage\"},\"thumbnailUrl\":\"https:\\\/\\\/redenoticiaz.com.br\\\/ribeiraopreto-regiao\\\/wp-content\\\/uploads\\\/sites\\\/4\\\/2026\\\/05\\\/saude_odontologia_proteses_nga_-_foto_guilherme_sircili_2.jpg\",\"keywords\":[\"c\u00e2ncer Bucal\",\"EXAMES\",\"GRATUITOS\",\"RIBEIR\u00c3O PRETO\",\"saude\"],\"articleSection\":[\"Ribeir\u00e3o Preto\",\"Sa\u00fade\"],\"inLanguage\":\"pt-BR\",\"potentialAction\":[{\"@type\":\"CommentAction\",\"name\":\"Comment\",\"target\":[\"https:\\\/\\\/redenoticiaz.com.br\\\/ribeiraopreto-regiao\\\/sp\\\/2026\\\/05\\\/25\\\/ribeirao-preto-amplia-exames-gratuitos-para-prevencao-do-cancer-bucal-durante-campanha-maio-vermelho#respond\"]}]},{\"@type\":\"WebPage\",\"@id\":\"https:\\\/\\\/redenoticiaz.com.br\\\/ribeiraopreto-regiao\\\/sp\\\/2026\\\/05\\\/25\\\/ribeirao-preto-amplia-exames-gratuitos-para-prevencao-do-cancer-bucal-durante-campanha-maio-vermelho\",\"url\":\"https:\\\/\\\/redenoticiaz.com.br\\\/ribeiraopreto-regiao\\\/sp\\\/2026\\\/05\\\/25\\\/ribeirao-preto-amplia-exames-gratuitos-para-prevencao-do-cancer-bucal-durante-campanha-maio-vermelho\",\"name\":\"Ribeir\u00e3o Preto amplia exames gratuitos para preven\u00e7\u00e3o do c\u00e2ncer bucal durante campanha Maio Vermelho - Ribeir\u00e3o Preto e Regi\u00e3o\",\"isPartOf\":{\"@id\":\"https:\\\/\\\/redenoticiaz.com.br\\\/ribeiraopreto-regiao\\\/#website\"},\"primaryImageOfPage\":{\"@id\":\"https:\\\/\\\/redenoticiaz.com.br\\\/ribeiraopreto-regiao\\\/sp\\\/2026\\\/05\\\/25\\\/ribeirao-preto-amplia-exames-gratuitos-para-prevencao-do-cancer-bucal-durante-campanha-maio-vermelho#primaryimage\"},\"image\":{\"@id\":\"https:\\\/\\\/redenoticiaz.com.br\\\/ribeiraopreto-regiao\\\/sp\\\/2026\\\/05\\\/25\\\/ribeirao-preto-amplia-exames-gratuitos-para-prevencao-do-cancer-bucal-durante-campanha-maio-vermelho#primaryimage\"},\"thumbnailUrl\":\"https:\\\/\\\/redenoticiaz.com.br\\\/ribeiraopreto-regiao\\\/wp-content\\\/uploads\\\/sites\\\/4\\\/2026\\\/05\\\/saude_odontologia_proteses_nga_-_foto_guilherme_sircili_2.jpg\",\"datePublished\":\"2026-05-25T17:00:13+00:00\",\"description\":\"Ribeir\u00e3o Preto intensifica exames gratuitos para preven\u00e7\u00e3o do c\u00e2ncer bucal durante a campanha Maio Vermelho. Avalia\u00e7\u00f5es podem ser feitas sem agendamento nas unidades de sa\u00fade.\",\"inLanguage\":\"pt-BR\",\"potentialAction\":[{\"@type\":\"ReadAction\",\"target\":[\"https:\\\/\\\/redenoticiaz.com.br\\\/ribeiraopreto-regiao\\\/sp\\\/2026\\\/05\\\/25\\\/ribeirao-preto-amplia-exames-gratuitos-para-prevencao-do-cancer-bucal-durante-campanha-maio-vermelho\"]}]},{\"@type\":\"ImageObject\",\"inLanguage\":\"pt-BR\",\"@id\":\"https:\\\/\\\/redenoticiaz.com.br\\\/ribeiraopreto-regiao\\\/sp\\\/2026\\\/05\\\/25\\\/ribeirao-preto-amplia-exames-gratuitos-para-prevencao-do-cancer-bucal-durante-campanha-maio-vermelho#primaryimage\",\"url\":\"https:\\\/\\\/redenoticiaz.com.br\\\/ribeiraopreto-regiao\\\/wp-content\\\/uploads\\\/sites\\\/4\\\/2026\\\/05\\\/saude_odontologia_proteses_nga_-_foto_guilherme_sircili_2.jpg\",\"contentUrl\":\"https:\\\/\\\/redenoticiaz.com.br\\\/ribeiraopreto-regiao\\\/wp-content\\\/uploads\\\/sites\\\/4\\\/2026\\\/05\\\/saude_odontologia_proteses_nga_-_foto_guilherme_sircili_2.jpg\",\"width\":1620,\"height\":1080,\"caption\":\"Ribeir\u00e3o Preto amplia exames gratuitos para preven\u00e7\u00e3o do c\u00e2ncer bucal durante campanha Maio Vermelho Avalia\u00e7\u00f5es odontol\u00f3gicas ser\u00e3o realizadas sem agendamento nas unidades de sa\u00fade para incentivar diagn\u00f3stico precoce da doen\u00e7a A Prefeitura de Ribeir\u00e3o Preto intensificou nesta semana as a\u00e7\u00f5es de preven\u00e7\u00e3o e diagn\u00f3stico precoce do c\u00e2ncer bucal com a campanha Maio Vermelho. Entre os dias 25 e 29 de maio, unidades de sa\u00fade com atendimento odontol\u00f3gico v\u00e3o oferecer exames gratuitos sem necessidade de agendamento. A avalia\u00e7\u00e3o \u00e9 r\u00e1pida, simples e indolor, realizada por meio da observa\u00e7\u00e3o e palpa\u00e7\u00e3o das estruturas da boca e do pesco\u00e7o para identificar poss\u00edveis altera\u00e7\u00f5es suspeitas. Entre os principais sinais de alerta analisados pelos profissionais est\u00e3o feridas que n\u00e3o cicatrizam por mais de 15 dias, manchas na boca, rouquid\u00e3o persistente, n\u00f3dulos no pesco\u00e7o e dificuldade para mastigar, falar ou engolir. Caso necess\u00e1rio, os pacientes ser\u00e3o encaminhados para exames complementares e bi\u00f3psia. Segundo a Secretaria Municipal da Sa\u00fade, o diagn\u00f3stico precoce \u00e9 fundamental para aumentar as chances de cura e reduzir complica\u00e7\u00f5es no tratamento. Al\u00e9m dos exames, as unidades tamb\u00e9m realizam orienta\u00e7\u00f5es sobre os fatores de risco associados ao c\u00e2ncer bucal. O tabagismo e o consumo excessivo de \u00e1lcool est\u00e3o entre as principais causas da doen\u00e7a. Exposi\u00e7\u00e3o solar sem prote\u00e7\u00e3o, HPV e uso de cigarros eletr\u00f4nicos tamb\u00e9m aumentam os riscos. Dados da pasta mostram que cerca de 6 mil exames foram realizados no ano passado. Para 2026, a meta \u00e9 superar 7,1 mil avalia\u00e7\u00f5es, ampliando o acesso \u00e0 preven\u00e7\u00e3o, principalmente entre grupos mais vulner\u00e1veis. Metadescri\u00e7\u00e3o (SEO): Ribeir\u00e3o Preto intensifica exames gratuitos para preven\u00e7\u00e3o do c\u00e2ncer bucal durante a campanha Maio Vermelho. Avalia\u00e7\u00f5es podem ser feitas sem agendamento nas unidades de sa\u00fade.\"},{\"@type\":\"WebSite\",\"@id\":\"https:\\\/\\\/redenoticiaz.com.br\\\/ribeiraopreto-regiao\\\/#website\",\"url\":\"https:\\\/\\\/redenoticiaz.com.br\\\/ribeiraopreto-regiao\\\/\",\"name\":\"Ribeir\u00e3o Preto e Regi\u00e3o\",\"description\":\"Rede NoticiaZ - Ribeir\u00e3o Preto e regi\u00e3o\",\"publisher\":{\"@id\":\"https:\\\/\\\/redenoticiaz.com.br\\\/ribeiraopreto-regiao\\\/#organization\"},\"potentialAction\":[{\"@type\":\"SearchAction\",\"target\":{\"@type\":\"EntryPoint\",\"urlTemplate\":\"https:\\\/\\\/redenoticiaz.com.br\\\/ribeiraopreto-regiao\\\/?s={search_term_string}\"},\"query-input\":{\"@type\":\"PropertyValueSpecification\",\"valueRequired\":true,\"valueName\":\"search_term_string\"}}],\"inLanguage\":\"pt-BR\"},{\"@type\":\"Organization\",\"@id\":\"https:\\\/\\\/redenoticiaz.com.br\\\/ribeiraopreto-regiao\\\/#organization\",\"name\":\"Ribeir\u00e3o Preto e Regi\u00e3o\",\"url\":\"https:\\\/\\\/redenoticiaz.com.br\\\/ribeiraopreto-regiao\\\/\",\"logo\":{\"@type\":\"ImageObject\",\"inLanguage\":\"pt-BR\",\"@id\":\"https:\\\/\\\/redenoticiaz.com.br\\\/ribeiraopreto-regiao\\\/#\\\/schema\\\/logo\\\/image\\\/\",\"url\":\"https:\\\/\\\/redenoticiaz.com.br\\\/barretos-regiao\\\/wp-content\\\/uploads\\\/sites\\\/4\\\/2022\\\/02\\\/logo.jpg\",\"contentUrl\":\"https:\\\/\\\/redenoticiaz.com.br\\\/barretos-regiao\\\/wp-content\\\/uploads\\\/sites\\\/4\\\/2022\\\/02\\\/logo.jpg\",\"width\":400,\"height\":250,\"caption\":\"Ribeir\u00e3o Preto e Regi\u00e3o\"},\"image\":{\"@id\":\"https:\\\/\\\/redenoticiaz.com.br\\\/ribeiraopreto-regiao\\\/#\\\/schema\\\/logo\\\/image\\\/\"},\"sameAs\":[\"https:\\\/\\\/m.facebook.com\\\/redenoticiaz.barretos\",\"https:\\\/\\\/x.com\\\/RN_barretos\",\"https:\\\/\\\/www.instagram.com\\\/redenoticiaz.barretos\\\/?igshid=YmMyMTA2M2Y\",\"https:\\\/\\\/www.linkedin.com\\\/company\\\/rede-noticiaz-barretos-e-regio\\\/\"]},{\"@type\":\"Person\",\"@id\":\"https:\\\/\\\/redenoticiaz.com.br\\\/ribeiraopreto-regiao\\\/#\\\/schema\\\/person\\\/1f84d6e94e6a62d2d81199d7503e9e90\",\"name\":\"Carina Reifonas\",\"image\":{\"@type\":\"ImageObject\",\"inLanguage\":\"pt-BR\",\"@id\":\"https:\\\/\\\/secure.gravatar.com\\\/avatar\\\/04c59859b23696cf867715880f81d5c037e60109730bdb4e6670ec2a2245bc97?s=96&d=mm&r=g\",\"url\":\"https:\\\/\\\/secure.gravatar.com\\\/avatar\\\/04c59859b23696cf867715880f81d5c037e60109730bdb4e6670ec2a2245bc97?s=96&d=mm&r=g\",\"contentUrl\":\"https:\\\/\\\/secure.gravatar.com\\\/avatar\\\/04c59859b23696cf867715880f81d5c037e60109730bdb4e6670ec2a2245bc97?s=96&d=mm&r=g\",\"caption\":\"Carina Reifonas\"},\"url\":\"https:\\\/\\\/redenoticiaz.com.br\\\/ribeiraopreto-regiao\\\/sp\\\/author\\\/carinareifonas\"}]}<\/script>\n<!-- \/ Yoast SEO plugin. -->","yoast_head_json":{"title":"Ribeir\u00e3o Preto amplia exames gratuitos para preven\u00e7\u00e3o do c\u00e2ncer bucal durante campanha Maio Vermelho - Ribeir\u00e3o Preto e Regi\u00e3o","description":"Ribeir\u00e3o Preto intensifica exames gratuitos para preven\u00e7\u00e3o do c\u00e2ncer bucal durante a campanha Maio Vermelho. Avalia\u00e7\u00f5es podem ser feitas sem agendamento nas unidades de sa\u00fade.","robots":{"index":"index","follow":"follow","max-snippet":"max-snippet:-1","max-image-preview":"max-image-preview:large","max-video-preview":"max-video-preview:-1"},"canonical":"https:\/\/redenoticiaz.com.br\/ribeiraopreto-regiao\/sp\/2026\/05\/25\/ribeirao-preto-amplia-exames-gratuitos-para-prevencao-do-cancer-bucal-durante-campanha-maio-vermelho","og_locale":"pt_BR","og_type":"article","og_title":"Ribeir\u00e3o Preto amplia exames gratuitos para preven\u00e7\u00e3o do c\u00e2ncer bucal durante campanha Maio Vermelho - Ribeir\u00e3o Preto e Regi\u00e3o","og_description":"Ribeir\u00e3o Preto intensifica exames gratuitos para preven\u00e7\u00e3o do c\u00e2ncer bucal durante a campanha Maio Vermelho. Avalia\u00e7\u00f5es podem ser feitas sem agendamento nas unidades de sa\u00fade.","og_url":"https:\/\/redenoticiaz.com.br\/ribeiraopreto-regiao\/sp\/2026\/05\/25\/ribeirao-preto-amplia-exames-gratuitos-para-prevencao-do-cancer-bucal-durante-campanha-maio-vermelho","og_site_name":"Ribeir\u00e3o Preto e Regi\u00e3o","article_publisher":"https:\/\/m.facebook.com\/redenoticiaz.barretos","article_published_time":"2026-05-25T17:00:13+00:00","og_image":[{"width":1620,"height":1080,"url":"https:\/\/redenoticiaz.com.br\/ribeiraopreto-regiao\/wp-content\/uploads\/sites\/4\/2026\/05\/saude_odontologia_proteses_nga_-_foto_guilherme_sircili_2.jpg","type":"image\/jpeg"}],"author":"Carina Reifonas","twitter_card":"summary_large_image","twitter_creator":"@RN_barretos","twitter_site":"@RN_barretos","twitter_misc":{"Escrito por":"Carina Reifonas","Est. tempo de leitura":"2 minutos"},"schema":{"@context":"https:\/\/schema.org","@graph":[{"@type":"Article","@id":"https:\/\/redenoticiaz.com.br\/ribeiraopreto-regiao\/sp\/2026\/05\/25\/ribeirao-preto-amplia-exames-gratuitos-para-prevencao-do-cancer-bucal-durante-campanha-maio-vermelho#article","isPartOf":{"@id":"https:\/\/redenoticiaz.com.br\/ribeiraopreto-regiao\/sp\/2026\/05\/25\/ribeirao-preto-amplia-exames-gratuitos-para-prevencao-do-cancer-bucal-durante-campanha-maio-vermelho"},"author":{"name":"Carina Reifonas","@id":"https:\/\/redenoticiaz.com.br\/ribeiraopreto-regiao\/#\/schema\/person\/1f84d6e94e6a62d2d81199d7503e9e90"},"headline":"Ribeir\u00e3o Preto amplia exames gratuitos para preven\u00e7\u00e3o do c\u00e2ncer bucal durante campanha Maio Vermelho","datePublished":"2026-05-25T17:00:13+00:00","mainEntityOfPage":{"@id":"https:\/\/redenoticiaz.com.br\/ribeiraopreto-regiao\/sp\/2026\/05\/25\/ribeirao-preto-amplia-exames-gratuitos-para-prevencao-do-cancer-bucal-durante-campanha-maio-vermelho"},"wordCount":298,"commentCount":0,"publisher":{"@id":"https:\/\/redenoticiaz.com.br\/ribeiraopreto-regiao\/#organization"},"image":{"@id":"https:\/\/redenoticiaz.com.br\/ribeiraopreto-regiao\/sp\/2026\/05\/25\/ribeirao-preto-amplia-exames-gratuitos-para-prevencao-do-cancer-bucal-durante-campanha-maio-vermelho#primaryimage"},"thumbnailUrl":"https:\/\/redenoticiaz.com.br\/ribeiraopreto-regiao\/wp-content\/uploads\/sites\/4\/2026\/05\/saude_odontologia_proteses_nga_-_foto_guilherme_sircili_2.jpg","keywords":["c\u00e2ncer Bucal","EXAMES","GRATUITOS","RIBEIR\u00c3O PRETO","saude"],"articleSection":["Ribeir\u00e3o Preto","Sa\u00fade"],"inLanguage":"pt-BR","potentialAction":[{"@type":"CommentAction","name":"Comment","target":["https:\/\/redenoticiaz.com.br\/ribeiraopreto-regiao\/sp\/2026\/05\/25\/ribeirao-preto-amplia-exames-gratuitos-para-prevencao-do-cancer-bucal-durante-campanha-maio-vermelho#respond"]}]},{"@type":"WebPage","@id":"https:\/\/redenoticiaz.com.br\/ribeiraopreto-regiao\/sp\/2026\/05\/25\/ribeirao-preto-amplia-exames-gratuitos-para-prevencao-do-cancer-bucal-durante-campanha-maio-vermelho","url":"https:\/\/redenoticiaz.com.br\/ribeiraopreto-regiao\/sp\/2026\/05\/25\/ribeirao-preto-amplia-exames-gratuitos-para-prevencao-do-cancer-bucal-durante-campanha-maio-vermelho","name":"Ribeir\u00e3o Preto amplia exames gratuitos para preven\u00e7\u00e3o do c\u00e2ncer bucal durante campanha Maio Vermelho - Ribeir\u00e3o Preto e Regi\u00e3o","isPartOf":{"@id":"https:\/\/redenoticiaz.com.br\/ribeiraopreto-regiao\/#website"},"primaryImageOfPage":{"@id":"https:\/\/redenoticiaz.com.br\/ribeiraopreto-regiao\/sp\/2026\/05\/25\/ribeirao-preto-amplia-exames-gratuitos-para-prevencao-do-cancer-bucal-durante-campanha-maio-vermelho#primaryimage"},"image":{"@id":"https:\/\/redenoticiaz.com.br\/ribeiraopreto-regiao\/sp\/2026\/05\/25\/ribeirao-preto-amplia-exames-gratuitos-para-prevencao-do-cancer-bucal-durante-campanha-maio-vermelho#primaryimage"},"thumbnailUrl":"https:\/\/redenoticiaz.com.br\/ribeiraopreto-regiao\/wp-content\/uploads\/sites\/4\/2026\/05\/saude_odontologia_proteses_nga_-_foto_guilherme_sircili_2.jpg","datePublished":"2026-05-25T17:00:13+00:00","description":"Ribeir\u00e3o Preto intensifica exames gratuitos para preven\u00e7\u00e3o do c\u00e2ncer bucal durante a campanha Maio Vermelho. Avalia\u00e7\u00f5es podem ser feitas sem agendamento nas unidades de sa\u00fade.","inLanguage":"pt-BR","potentialAction":[{"@type":"ReadAction","target":["https:\/\/redenoticiaz.com.br\/ribeiraopreto-regiao\/sp\/2026\/05\/25\/ribeirao-preto-amplia-exames-gratuitos-para-prevencao-do-cancer-bucal-durante-campanha-maio-vermelho"]}]},{"@type":"ImageObject","inLanguage":"pt-BR","@id":"https:\/\/redenoticiaz.com.br\/ribeiraopreto-regiao\/sp\/2026\/05\/25\/ribeirao-preto-amplia-exames-gratuitos-para-prevencao-do-cancer-bucal-durante-campanha-maio-vermelho#primaryimage","url":"https:\/\/redenoticiaz.com.br\/ribeiraopreto-regiao\/wp-content\/uploads\/sites\/4\/2026\/05\/saude_odontologia_proteses_nga_-_foto_guilherme_sircili_2.jpg","contentUrl":"https:\/\/redenoticiaz.com.br\/ribeiraopreto-regiao\/wp-content\/uploads\/sites\/4\/2026\/05\/saude_odontologia_proteses_nga_-_foto_guilherme_sircili_2.jpg","width":1620,"height":1080,"caption":"Ribeir\u00e3o Preto amplia exames gratuitos para preven\u00e7\u00e3o do c\u00e2ncer bucal durante campanha Maio Vermelho Avalia\u00e7\u00f5es odontol\u00f3gicas ser\u00e3o realizadas sem agendamento nas unidades de sa\u00fade para incentivar diagn\u00f3stico precoce da doen\u00e7a A Prefeitura de Ribeir\u00e3o Preto intensificou nesta semana as a\u00e7\u00f5es de preven\u00e7\u00e3o e diagn\u00f3stico precoce do c\u00e2ncer bucal com a campanha Maio Vermelho. Entre os dias 25 e 29 de maio, unidades de sa\u00fade com atendimento odontol\u00f3gico v\u00e3o oferecer exames gratuitos sem necessidade de agendamento. A avalia\u00e7\u00e3o \u00e9 r\u00e1pida, simples e indolor, realizada por meio da observa\u00e7\u00e3o e palpa\u00e7\u00e3o das estruturas da boca e do pesco\u00e7o para identificar poss\u00edveis altera\u00e7\u00f5es suspeitas. Entre os principais sinais de alerta analisados pelos profissionais est\u00e3o feridas que n\u00e3o cicatrizam por mais de 15 dias, manchas na boca, rouquid\u00e3o persistente, n\u00f3dulos no pesco\u00e7o e dificuldade para mastigar, falar ou engolir. Caso necess\u00e1rio, os pacientes ser\u00e3o encaminhados para exames complementares e bi\u00f3psia. Segundo a Secretaria Municipal da Sa\u00fade, o diagn\u00f3stico precoce \u00e9 fundamental para aumentar as chances de cura e reduzir complica\u00e7\u00f5es no tratamento. Al\u00e9m dos exames, as unidades tamb\u00e9m realizam orienta\u00e7\u00f5es sobre os fatores de risco associados ao c\u00e2ncer bucal. O tabagismo e o consumo excessivo de \u00e1lcool est\u00e3o entre as principais causas da doen\u00e7a. Exposi\u00e7\u00e3o solar sem prote\u00e7\u00e3o, HPV e uso de cigarros eletr\u00f4nicos tamb\u00e9m aumentam os riscos. Dados da pasta mostram que cerca de 6 mil exames foram realizados no ano passado. Para 2026, a meta \u00e9 superar 7,1 mil avalia\u00e7\u00f5es, ampliando o acesso \u00e0 preven\u00e7\u00e3o, principalmente entre grupos mais vulner\u00e1veis. Metadescri\u00e7\u00e3o (SEO): Ribeir\u00e3o Preto intensifica exames gratuitos para preven\u00e7\u00e3o do c\u00e2ncer bucal durante a campanha Maio Vermelho. Avalia\u00e7\u00f5es podem ser feitas sem agendamento nas unidades de sa\u00fade."},{"@type":"WebSite","@id":"https:\/\/redenoticiaz.com.br\/ribeiraopreto-regiao\/#website","url":"https:\/\/redenoticiaz.com.br\/ribeiraopreto-regiao\/","name":"Ribeir\u00e3o Preto e Regi\u00e3o","description":"Rede NoticiaZ - Ribeir\u00e3o Preto e regi\u00e3o","publisher":{"@id":"https:\/\/redenoticiaz.com.br\/ribeiraopreto-regiao\/#organization"},"potentialAction":[{"@type":"SearchAction","target":{"@type":"EntryPoint","urlTemplate":"https:\/\/redenoticiaz.com.br\/ribeiraopreto-regiao\/?s={search_term_string}"},"query-input":{"@type":"PropertyValueSpecification","valueRequired":true,"valueName":"search_term_string"}}],"inLanguage":"pt-BR"},{"@type":"Organization","@id":"https:\/\/redenoticiaz.com.br\/ribeiraopreto-regiao\/#organization","name":"Ribeir\u00e3o Preto e Regi\u00e3o","url":"https:\/\/redenoticiaz.com.br\/ribeiraopreto-regiao\/","logo":{"@type":"ImageObject","inLanguage":"pt-BR","@id":"https:\/\/redenoticiaz.com.br\/ribeiraopreto-regiao\/#\/schema\/logo\/image\/","url":"https:\/\/redenoticiaz.com.br\/barretos-regiao\/wp-content\/uploads\/sites\/4\/2022\/02\/logo.jpg","contentUrl":"https:\/\/redenoticiaz.com.br\/barretos-regiao\/wp-content\/uploads\/sites\/4\/2022\/02\/logo.jpg","width":400,"height":250,"caption":"Ribeir\u00e3o Preto e Regi\u00e3o"},"image":{"@id":"https:\/\/redenoticiaz.com.br\/ribeiraopreto-regiao\/#\/schema\/logo\/image\/"},"sameAs":["https:\/\/m.facebook.com\/redenoticiaz.barretos","https:\/\/x.com\/RN_barretos","https:\/\/www.instagram.com\/redenoticiaz.barretos\/?igshid=YmMyMTA2M2Y","https:\/\/www.linkedin.com\/company\/rede-noticiaz-barretos-e-regio\/"]},{"@type":"Person","@id":"https:\/\/redenoticiaz.com.br\/ribeiraopreto-regiao\/#\/schema\/person\/1f84d6e94e6a62d2d81199d7503e9e90","name":"Carina Reifonas","image":{"@type":"ImageObject","inLanguage":"pt-BR","@id":"https:\/\/secure.gravatar.com\/avatar\/04c59859b23696cf867715880f81d5c037e60109730bdb4e6670ec2a2245bc97?s=96&d=mm&r=g","url":"https:\/\/secure.gravatar.com\/avatar\/04c59859b23696cf867715880f81d5c037e60109730bdb4e6670ec2a2245bc97?s=96&d=mm&r=g","contentUrl":"https:\/\/secure.gravatar.com\/avatar\/04c59859b23696cf867715880f81d5c037e60109730bdb4e6670ec2a2245bc97?s=96&d=mm&r=g","caption":"Carina Reifonas"},"url":"https:\/\/redenoticiaz.com.br\/ribeiraopreto-regiao\/sp\/author\/carinareifonas"}]}},"_links":{"self":[{"href":"https:\/\/redenoticiaz.com.br\/ribeiraopreto-regiao\/wp-json\/wp\/v2\/posts\/121498","targetHints":{"allow":["GET"]}}],"collection":[{"href":"https:\/\/redenoticiaz.com.br\/ribeiraopreto-regiao\/wp-json\/wp\/v2\/posts"}],"about":[{"href":"https:\/\/redenoticiaz.com.br\/ribeiraopreto-regiao\/wp-json\/wp\/v2\/types\/post"}],"author":[{"embeddable":true,"href":"https:\/\/redenoticiaz.com.br\/ribeiraopreto-regiao\/wp-json\/wp\/v2\/users\/30"}],"replies":[{"embeddable":true,"href":"https:\/\/redenoticiaz.com.br\/ribeiraopreto-regiao\/wp-json\/wp\/v2\/comments?post=121498"}],"version-history":[{"count":1,"href":"https:\/\/redenoticiaz.com.br\/ribeiraopreto-regiao\/wp-json\/wp\/v2\/posts\/121498\/revisions"}],"predecessor-version":[{"id":121500,"href":"https:\/\/redenoticiaz.com.br\/ribeiraopreto-regiao\/wp-json\/wp\/v2\/posts\/121498\/revisions\/121500"}],"wp:featuredmedia":[{"embeddable":true,"href":"https:\/\/redenoticiaz.com.br\/ribeiraopreto-regiao\/wp-json\/wp\/v2\/media\/121499"}],"wp:attachment":[{"href":"https:\/\/redenoticiaz.com.br\/ribeiraopreto-regiao\/wp-json\/wp\/v2\/media?parent=121498"}],"wp:term":[{"taxonomy":"category","embeddable":true,"href":"https:\/\/redenoticiaz.com.br\/ribeiraopreto-regiao\/wp-json\/wp\/v2\/categories?post=121498"},{"taxonomy":"post_tag","embeddable":true,"href":"https:\/\/redenoticiaz.com.br\/ribeiraopreto-regiao\/wp-json\/wp\/v2\/tags?post=121498"}],"curies":[{"name":"wp","href":"https:\/\/api.w.org\/{rel}","templated":true}]}}