{"id":122856,"date":"2026-08-30T07:18:20","date_gmt":"2026-08-30T10:18:20","guid":{"rendered":"https:\/\/redenoticiaz.com.br\/ribeiraopreto-regiao\/sp\/2026\/08\/30\/audiencia-publica-em-sertaozinho-discute-orcamento-participativo-2026"},"modified":"2026-08-30T07:18:20","modified_gmt":"2026-08-30T10:18:20","slug":"audiencia-publica-em-sertaozinho-discute-orcamento-participativo-2026","status":"publish","type":"post","link":"https:\/\/redenoticiaz.com.br\/ribeiraopreto-regiao\/sp\/2026\/08\/30\/audiencia-publica-em-sertaozinho-discute-orcamento-participativo-2026","title":{"rendered":"Audi\u00eancia p\u00fablica em Sert\u00e3ozinho discute Or\u00e7amento Participativo 2026"},"content":{"rendered":"<p>O Governo Municipal de Sert\u00e3ozinho realiza audi\u00eancias p\u00fablicas para a elabora\u00e7\u00e3o do Or\u00e7amento Participativo 2026\/2029. Nesta ter\u00e7a-feira, 25 de fevereiro, o encontro ocorreu na EMEF \u201c\u00c2ngelo Colaf\u00eamina\u201d, no Jardim Santa Paula, reunindo moradores de bairros pr\u00f3ximos ao Alto do Gin\u00e1sio, incluindo o Jardim Veneto I e II e Jardim Sul.<\/p>\n<p>Na quarta-feira, 26 de fevereiro, \u00e0s 18h, a pr\u00f3xima audi\u00eancia ser\u00e1 na EMEF \u201cProf\u00aa Elvira Arruda de Souza\u201d, situada \u00e0 rua Pedro Canesin, 621 \u2013 Jardim Alvorada. O p\u00fablico-alvo inclui residentes do Conjunto Habitacional UMM, bairros Jos\u00e9 Garcia da Costa, Jardim Santa Marta, Jardim Jamaica e Jardim Alvorada.<\/p>\n<p>Outras duas audi\u00eancias est\u00e3o programadas para os pr\u00f3ximos dias:<\/p>\n<p><strong>Setor Oeste &#8211;<\/strong> 27 de fevereiro (quinta-feira), \u00e0s 18h, na EMEF \u201cProf\u00aa Marilena Arantes Meneghini &#8211; CAIC\u201d, localizada \u00e0 rua Maria Aparecida Sala Grandizol, 1.111 \u2013 Conjunto Habitacional Walter de P\u00e1dua Becker. O p\u00fablico-alvo abrange conjuntos habitacionais desde o bairro Ant\u00f4nio Pedro Ortolan at\u00e9 a Vila \u00c1urea Mendes Gimenez, al\u00e9m dos arredores do Jardim das Palmeiras e Terras de Santa Elisa.<\/p>\n<p><strong>Cruz das Posses &#8211;<\/strong> 6 de mar\u00e7o (quinta-feira), \u00e0s 18h, na EMEF \u201cElydia Carneiro da Rocha\u201d, localizada \u00e0 rua Pedro Serafim Ramos, 51.<\/p>\n<p>O Or\u00e7amento Participativo (OP) \u00e9 uma ferramenta que auxilia na elabora\u00e7\u00e3o do Plano Plurianual, visando garantir que as prioridades da popula\u00e7\u00e3o sejam consideradas na distribui\u00e7\u00e3o de recursos e na defini\u00e7\u00e3o de pol\u00edticas p\u00fablicas para os pr\u00f3ximos quatro anos. As audi\u00eancias p\u00fablicas oferecem um espa\u00e7o para que os moradores contribuam com suas sugest\u00f5es.<\/p>\n","protected":false},"excerpt":{"rendered":"<p>O Governo Municipal de Sert\u00e3ozinho realiza audi\u00eancias p\u00fablicas para a elabora\u00e7\u00e3o do Or\u00e7amento Participativo 2026\/2029. Nesta ter\u00e7a-feira, 25 de fevereiro, o encontro ocorreu na EMEF \u201c\u00c2ngelo Colaf\u00eamina\u201d, no Jardim Santa Paula, reunindo moradores de bairros pr\u00f3ximos ao Alto do Gin\u00e1sio, incluindo o Jardim Veneto I e II e Jardim Sul. Na quarta-feira, 26 de fevereiro, &hellip;<\/p>\n","protected":false},"author":5,"featured_media":122857,"comment_status":"open","ping_status":"closed","sticky":false,"template":"","format":"standard","meta":{"footnotes":""},"categories":[12346,186,31923],"tags":[],"class_list":["post-122856","post","type-post","status-publish","format-standard","has-post-thumbnail","hentry","category-habitacao","category-politica","category-sertaozinho"],"yoast_head":"<!-- This site is optimized with the Yoast SEO plugin v28.3 - https:\/\/yoast.com\/product\/yoast-seo-wordpress\/ -->\n<title>Audi\u00eancia p\u00fablica em Sert\u00e3ozinho discute Or\u00e7amento Participativo 2026 - Ribeir\u00e3o Preto e Regi\u00e3o<\/title>\n<meta name=\"robots\" content=\"index, follow, max-snippet:-1, max-image-preview:large, max-video-preview:-1\" \/>\n<link rel=\"canonical\" href=\"https:\/\/redenoticiaz.com.br\/ribeiraopreto-regiao\/sp\/2026\/08\/30\/audiencia-publica-em-sertaozinho-discute-orcamento-participativo-2026\" \/>\n<meta property=\"og:locale\" content=\"pt_BR\" \/>\n<meta property=\"og:type\" content=\"article\" \/>\n<meta property=\"og:title\" content=\"Audi\u00eancia p\u00fablica em Sert\u00e3ozinho discute Or\u00e7amento Participativo 2026 - Ribeir\u00e3o Preto e Regi\u00e3o\" \/>\n<meta property=\"og:description\" content=\"O Governo Municipal de Sert\u00e3ozinho realiza audi\u00eancias p\u00fablicas para a elabora\u00e7\u00e3o do Or\u00e7amento Participativo 2026\/2029. Nesta ter\u00e7a-feira, 25 de fevereiro, o encontro ocorreu na EMEF \u201c\u00c2ngelo Colaf\u00eamina\u201d, no Jardim Santa Paula, reunindo moradores de bairros pr\u00f3ximos ao Alto do Gin\u00e1sio, incluindo o Jardim Veneto I e II e Jardim Sul. Na quarta-feira, 26 de fevereiro, &hellip;\" \/>\n<meta property=\"og:url\" content=\"https:\/\/redenoticiaz.com.br\/ribeiraopreto-regiao\/sp\/2026\/08\/30\/audiencia-publica-em-sertaozinho-discute-orcamento-participativo-2026\" \/>\n<meta property=\"og:site_name\" content=\"Ribeir\u00e3o Preto e Regi\u00e3o\" \/>\n<meta property=\"article:publisher\" content=\"https:\/\/m.facebook.com\/redenoticiaz.barretos\" \/>\n<meta property=\"article:published_time\" content=\"2026-08-30T10:18:20+00:00\" \/>\n<meta property=\"og:image\" content=\"https:\/\/redenoticiaz.com.br\/ribeiraopreto-regiao\/wp-content\/uploads\/sites\/4\/2022\/02\/logo.jpg\" \/>\n\t<meta property=\"og:image:width\" content=\"400\" \/>\n\t<meta property=\"og:image:height\" content=\"250\" \/>\n\t<meta property=\"og:image:type\" content=\"image\/jpeg\" \/>\n<meta name=\"author\" content=\"Patr\u00edcia Prado\" \/>\n<meta name=\"twitter:card\" content=\"summary_large_image\" \/>\n<meta name=\"twitter:creator\" content=\"@RN_barretos\" \/>\n<meta name=\"twitter:site\" content=\"@RN_barretos\" \/>\n<meta name=\"twitter:label1\" content=\"Escrito por\" \/>\n\t<meta name=\"twitter:data1\" content=\"Patr\u00edcia Prado\" \/>\n\t<meta name=\"twitter:label2\" content=\"Est. tempo de leitura\" \/>\n\t<meta name=\"twitter:data2\" content=\"1 minuto\" \/>\n<script type=\"application\/ld+json\" class=\"yoast-schema-graph\">{\"@context\":\"https:\\\/\\\/schema.org\",\"@graph\":[{\"@type\":\"Article\",\"@id\":\"https:\\\/\\\/redenoticiaz.com.br\\\/ribeiraopreto-regiao\\\/sp\\\/2026\\\/08\\\/30\\\/audiencia-publica-em-sertaozinho-discute-orcamento-participativo-2026#article\",\"isPartOf\":{\"@id\":\"https:\\\/\\\/redenoticiaz.com.br\\\/ribeiraopreto-regiao\\\/sp\\\/2026\\\/08\\\/30\\\/audiencia-publica-em-sertaozinho-discute-orcamento-participativo-2026\"},\"author\":{\"name\":\"Patr\u00edcia Prado\",\"@id\":\"https:\\\/\\\/redenoticiaz.com.br\\\/ribeiraopreto-regiao\\\/#\\\/schema\\\/person\\\/e1b0bd8c2637e2c1b6ddcbc2c33b116f\"},\"headline\":\"Audi\u00eancia p\u00fablica em Sert\u00e3ozinho discute Or\u00e7amento Participativo 2026\",\"datePublished\":\"2026-08-30T10:18:20+00:00\",\"mainEntityOfPage\":{\"@id\":\"https:\\\/\\\/redenoticiaz.com.br\\\/ribeiraopreto-regiao\\\/sp\\\/2026\\\/08\\\/30\\\/audiencia-publica-em-sertaozinho-discute-orcamento-participativo-2026\"},\"wordCount\":272,\"commentCount\":0,\"publisher\":{\"@id\":\"https:\\\/\\\/redenoticiaz.com.br\\\/ribeiraopreto-regiao\\\/#organization\"},\"image\":{\"@id\":\"https:\\\/\\\/redenoticiaz.com.br\\\/ribeiraopreto-regiao\\\/sp\\\/2026\\\/08\\\/30\\\/audiencia-publica-em-sertaozinho-discute-orcamento-participativo-2026#primaryimage\"},\"thumbnailUrl\":\"https:\\\/\\\/redenoticiaz.com.br\\\/ribeiraopreto-regiao\\\/wp-content\\\/uploads\\\/sites\\\/4\\\/2026\\\/08\\\/105f7110358f834c6f09c12c16957478.jpg\",\"articleSection\":[\"Habita\u00e7\u00e3o\",\"Pol\u00edtica\",\"Sert\u00e3ozinho\"],\"inLanguage\":\"pt-BR\",\"potentialAction\":[{\"@type\":\"CommentAction\",\"name\":\"Comment\",\"target\":[\"https:\\\/\\\/redenoticiaz.com.br\\\/ribeiraopreto-regiao\\\/sp\\\/2026\\\/08\\\/30\\\/audiencia-publica-em-sertaozinho-discute-orcamento-participativo-2026#respond\"]}]},{\"@type\":\"WebPage\",\"@id\":\"https:\\\/\\\/redenoticiaz.com.br\\\/ribeiraopreto-regiao\\\/sp\\\/2026\\\/08\\\/30\\\/audiencia-publica-em-sertaozinho-discute-orcamento-participativo-2026\",\"url\":\"https:\\\/\\\/redenoticiaz.com.br\\\/ribeiraopreto-regiao\\\/sp\\\/2026\\\/08\\\/30\\\/audiencia-publica-em-sertaozinho-discute-orcamento-participativo-2026\",\"name\":\"Audi\u00eancia p\u00fablica em Sert\u00e3ozinho discute Or\u00e7amento Participativo 2026 - Ribeir\u00e3o Preto e Regi\u00e3o\",\"isPartOf\":{\"@id\":\"https:\\\/\\\/redenoticiaz.com.br\\\/ribeiraopreto-regiao\\\/#website\"},\"primaryImageOfPage\":{\"@id\":\"https:\\\/\\\/redenoticiaz.com.br\\\/ribeiraopreto-regiao\\\/sp\\\/2026\\\/08\\\/30\\\/audiencia-publica-em-sertaozinho-discute-orcamento-participativo-2026#primaryimage\"},\"image\":{\"@id\":\"https:\\\/\\\/redenoticiaz.com.br\\\/ribeiraopreto-regiao\\\/sp\\\/2026\\\/08\\\/30\\\/audiencia-publica-em-sertaozinho-discute-orcamento-participativo-2026#primaryimage\"},\"thumbnailUrl\":\"https:\\\/\\\/redenoticiaz.com.br\\\/ribeiraopreto-regiao\\\/wp-content\\\/uploads\\\/sites\\\/4\\\/2026\\\/08\\\/105f7110358f834c6f09c12c16957478.jpg\",\"datePublished\":\"2026-08-30T10:18:20+00:00\",\"inLanguage\":\"pt-BR\",\"potentialAction\":[{\"@type\":\"ReadAction\",\"target\":[\"https:\\\/\\\/redenoticiaz.com.br\\\/ribeiraopreto-regiao\\\/sp\\\/2026\\\/08\\\/30\\\/audiencia-publica-em-sertaozinho-discute-orcamento-participativo-2026\"]}]},{\"@type\":\"ImageObject\",\"inLanguage\":\"pt-BR\",\"@id\":\"https:\\\/\\\/redenoticiaz.com.br\\\/ribeiraopreto-regiao\\\/sp\\\/2026\\\/08\\\/30\\\/audiencia-publica-em-sertaozinho-discute-orcamento-participativo-2026#primaryimage\",\"url\":\"https:\\\/\\\/redenoticiaz.com.br\\\/ribeiraopreto-regiao\\\/wp-content\\\/uploads\\\/sites\\\/4\\\/2026\\\/08\\\/105f7110358f834c6f09c12c16957478.jpg\",\"contentUrl\":\"https:\\\/\\\/redenoticiaz.com.br\\\/ribeiraopreto-regiao\\\/wp-content\\\/uploads\\\/sites\\\/4\\\/2026\\\/08\\\/105f7110358f834c6f09c12c16957478.jpg\",\"width\":800,\"height\":360},{\"@type\":\"WebSite\",\"@id\":\"https:\\\/\\\/redenoticiaz.com.br\\\/ribeiraopreto-regiao\\\/#website\",\"url\":\"https:\\\/\\\/redenoticiaz.com.br\\\/ribeiraopreto-regiao\\\/\",\"name\":\"Ribeir\u00e3o Preto e Regi\u00e3o\",\"description\":\"Rede NoticiaZ - Ribeir\u00e3o Preto e regi\u00e3o\",\"publisher\":{\"@id\":\"https:\\\/\\\/redenoticiaz.com.br\\\/ribeiraopreto-regiao\\\/#organization\"},\"potentialAction\":[{\"@type\":\"SearchAction\",\"target\":{\"@type\":\"EntryPoint\",\"urlTemplate\":\"https:\\\/\\\/redenoticiaz.com.br\\\/ribeiraopreto-regiao\\\/?s={search_term_string}\"},\"query-input\":{\"@type\":\"PropertyValueSpecification\",\"valueRequired\":true,\"valueName\":\"search_term_string\"}}],\"inLanguage\":\"pt-BR\"},{\"@type\":\"Organization\",\"@id\":\"https:\\\/\\\/redenoticiaz.com.br\\\/ribeiraopreto-regiao\\\/#organization\",\"name\":\"Ribeir\u00e3o Preto e Regi\u00e3o\",\"url\":\"https:\\\/\\\/redenoticiaz.com.br\\\/ribeiraopreto-regiao\\\/\",\"logo\":{\"@type\":\"ImageObject\",\"inLanguage\":\"pt-BR\",\"@id\":\"https:\\\/\\\/redenoticiaz.com.br\\\/ribeiraopreto-regiao\\\/#\\\/schema\\\/logo\\\/image\\\/\",\"url\":\"https:\\\/\\\/redenoticiaz.com.br\\\/barretos-regiao\\\/wp-content\\\/uploads\\\/sites\\\/4\\\/2022\\\/02\\\/logo.jpg\",\"contentUrl\":\"https:\\\/\\\/redenoticiaz.com.br\\\/barretos-regiao\\\/wp-content\\\/uploads\\\/sites\\\/4\\\/2022\\\/02\\\/logo.jpg\",\"width\":400,\"height\":250,\"caption\":\"Ribeir\u00e3o Preto e Regi\u00e3o\"},\"image\":{\"@id\":\"https:\\\/\\\/redenoticiaz.com.br\\\/ribeiraopreto-regiao\\\/#\\\/schema\\\/logo\\\/image\\\/\"},\"sameAs\":[\"https:\\\/\\\/m.facebook.com\\\/redenoticiaz.barretos\",\"https:\\\/\\\/x.com\\\/RN_barretos\",\"https:\\\/\\\/www.instagram.com\\\/redenoticiaz.barretos\\\/?igshid=YmMyMTA2M2Y\",\"https:\\\/\\\/www.linkedin.com\\\/company\\\/rede-noticiaz-barretos-e-regio\\\/\"]},{\"@type\":\"Person\",\"@id\":\"https:\\\/\\\/redenoticiaz.com.br\\\/ribeiraopreto-regiao\\\/#\\\/schema\\\/person\\\/e1b0bd8c2637e2c1b6ddcbc2c33b116f\",\"name\":\"Patr\u00edcia Prado\",\"image\":{\"@type\":\"ImageObject\",\"inLanguage\":\"pt-BR\",\"@id\":\"https:\\\/\\\/secure.gravatar.com\\\/avatar\\\/92e358bef22cfcec15e054ae4d9fee04dadf0c772dc4a17b382b8a34a15354c2?s=96&d=mm&r=g\",\"url\":\"https:\\\/\\\/secure.gravatar.com\\\/avatar\\\/92e358bef22cfcec15e054ae4d9fee04dadf0c772dc4a17b382b8a34a15354c2?s=96&d=mm&r=g\",\"contentUrl\":\"https:\\\/\\\/secure.gravatar.com\\\/avatar\\\/92e358bef22cfcec15e054ae4d9fee04dadf0c772dc4a17b382b8a34a15354c2?s=96&d=mm&r=g\",\"caption\":\"Patr\u00edcia Prado\"},\"url\":\"https:\\\/\\\/redenoticiaz.com.br\\\/ribeiraopreto-regiao\\\/sp\\\/author\\\/patricia-prado\"}]}<\/script>\n<!-- \/ Yoast SEO plugin. -->","yoast_head_json":{"title":"Audi\u00eancia p\u00fablica em Sert\u00e3ozinho discute Or\u00e7amento Participativo 2026 - Ribeir\u00e3o Preto e Regi\u00e3o","robots":{"index":"index","follow":"follow","max-snippet":"max-snippet:-1","max-image-preview":"max-image-preview:large","max-video-preview":"max-video-preview:-1"},"canonical":"https:\/\/redenoticiaz.com.br\/ribeiraopreto-regiao\/sp\/2026\/08\/30\/audiencia-publica-em-sertaozinho-discute-orcamento-participativo-2026","og_locale":"pt_BR","og_type":"article","og_title":"Audi\u00eancia p\u00fablica em Sert\u00e3ozinho discute Or\u00e7amento Participativo 2026 - Ribeir\u00e3o Preto e Regi\u00e3o","og_description":"O Governo Municipal de Sert\u00e3ozinho realiza audi\u00eancias p\u00fablicas para a elabora\u00e7\u00e3o do Or\u00e7amento Participativo 2026\/2029. Nesta ter\u00e7a-feira, 25 de fevereiro, o encontro ocorreu na EMEF \u201c\u00c2ngelo Colaf\u00eamina\u201d, no Jardim Santa Paula, reunindo moradores de bairros pr\u00f3ximos ao Alto do Gin\u00e1sio, incluindo o Jardim Veneto I e II e Jardim Sul. Na quarta-feira, 26 de fevereiro, &hellip;","og_url":"https:\/\/redenoticiaz.com.br\/ribeiraopreto-regiao\/sp\/2026\/08\/30\/audiencia-publica-em-sertaozinho-discute-orcamento-participativo-2026","og_site_name":"Ribeir\u00e3o Preto e Regi\u00e3o","article_publisher":"https:\/\/m.facebook.com\/redenoticiaz.barretos","article_published_time":"2026-08-30T10:18:20+00:00","og_image":[{"width":400,"height":250,"url":"https:\/\/redenoticiaz.com.br\/ribeiraopreto-regiao\/wp-content\/uploads\/sites\/4\/2022\/02\/logo.jpg","type":"image\/jpeg"}],"author":"Patr\u00edcia Prado","twitter_card":"summary_large_image","twitter_creator":"@RN_barretos","twitter_site":"@RN_barretos","twitter_misc":{"Escrito por":"Patr\u00edcia Prado","Est. tempo de leitura":"1 minuto"},"schema":{"@context":"https:\/\/schema.org","@graph":[{"@type":"Article","@id":"https:\/\/redenoticiaz.com.br\/ribeiraopreto-regiao\/sp\/2026\/08\/30\/audiencia-publica-em-sertaozinho-discute-orcamento-participativo-2026#article","isPartOf":{"@id":"https:\/\/redenoticiaz.com.br\/ribeiraopreto-regiao\/sp\/2026\/08\/30\/audiencia-publica-em-sertaozinho-discute-orcamento-participativo-2026"},"author":{"name":"Patr\u00edcia Prado","@id":"https:\/\/redenoticiaz.com.br\/ribeiraopreto-regiao\/#\/schema\/person\/e1b0bd8c2637e2c1b6ddcbc2c33b116f"},"headline":"Audi\u00eancia p\u00fablica em Sert\u00e3ozinho discute Or\u00e7amento Participativo 2026","datePublished":"2026-08-30T10:18:20+00:00","mainEntityOfPage":{"@id":"https:\/\/redenoticiaz.com.br\/ribeiraopreto-regiao\/sp\/2026\/08\/30\/audiencia-publica-em-sertaozinho-discute-orcamento-participativo-2026"},"wordCount":272,"commentCount":0,"publisher":{"@id":"https:\/\/redenoticiaz.com.br\/ribeiraopreto-regiao\/#organization"},"image":{"@id":"https:\/\/redenoticiaz.com.br\/ribeiraopreto-regiao\/sp\/2026\/08\/30\/audiencia-publica-em-sertaozinho-discute-orcamento-participativo-2026#primaryimage"},"thumbnailUrl":"https:\/\/redenoticiaz.com.br\/ribeiraopreto-regiao\/wp-content\/uploads\/sites\/4\/2026\/08\/105f7110358f834c6f09c12c16957478.jpg","articleSection":["Habita\u00e7\u00e3o","Pol\u00edtica","Sert\u00e3ozinho"],"inLanguage":"pt-BR","potentialAction":[{"@type":"CommentAction","name":"Comment","target":["https:\/\/redenoticiaz.com.br\/ribeiraopreto-regiao\/sp\/2026\/08\/30\/audiencia-publica-em-sertaozinho-discute-orcamento-participativo-2026#respond"]}]},{"@type":"WebPage","@id":"https:\/\/redenoticiaz.com.br\/ribeiraopreto-regiao\/sp\/2026\/08\/30\/audiencia-publica-em-sertaozinho-discute-orcamento-participativo-2026","url":"https:\/\/redenoticiaz.com.br\/ribeiraopreto-regiao\/sp\/2026\/08\/30\/audiencia-publica-em-sertaozinho-discute-orcamento-participativo-2026","name":"Audi\u00eancia p\u00fablica em Sert\u00e3ozinho discute Or\u00e7amento Participativo 2026 - Ribeir\u00e3o Preto e Regi\u00e3o","isPartOf":{"@id":"https:\/\/redenoticiaz.com.br\/ribeiraopreto-regiao\/#website"},"primaryImageOfPage":{"@id":"https:\/\/redenoticiaz.com.br\/ribeiraopreto-regiao\/sp\/2026\/08\/30\/audiencia-publica-em-sertaozinho-discute-orcamento-participativo-2026#primaryimage"},"image":{"@id":"https:\/\/redenoticiaz.com.br\/ribeiraopreto-regiao\/sp\/2026\/08\/30\/audiencia-publica-em-sertaozinho-discute-orcamento-participativo-2026#primaryimage"},"thumbnailUrl":"https:\/\/redenoticiaz.com.br\/ribeiraopreto-regiao\/wp-content\/uploads\/sites\/4\/2026\/08\/105f7110358f834c6f09c12c16957478.jpg","datePublished":"2026-08-30T10:18:20+00:00","inLanguage":"pt-BR","potentialAction":[{"@type":"ReadAction","target":["https:\/\/redenoticiaz.com.br\/ribeiraopreto-regiao\/sp\/2026\/08\/30\/audiencia-publica-em-sertaozinho-discute-orcamento-participativo-2026"]}]},{"@type":"ImageObject","inLanguage":"pt-BR","@id":"https:\/\/redenoticiaz.com.br\/ribeiraopreto-regiao\/sp\/2026\/08\/30\/audiencia-publica-em-sertaozinho-discute-orcamento-participativo-2026#primaryimage","url":"https:\/\/redenoticiaz.com.br\/ribeiraopreto-regiao\/wp-content\/uploads\/sites\/4\/2026\/08\/105f7110358f834c6f09c12c16957478.jpg","contentUrl":"https:\/\/redenoticiaz.com.br\/ribeiraopreto-regiao\/wp-content\/uploads\/sites\/4\/2026\/08\/105f7110358f834c6f09c12c16957478.jpg","width":800,"height":360},{"@type":"WebSite","@id":"https:\/\/redenoticiaz.com.br\/ribeiraopreto-regiao\/#website","url":"https:\/\/redenoticiaz.com.br\/ribeiraopreto-regiao\/","name":"Ribeir\u00e3o Preto e Regi\u00e3o","description":"Rede NoticiaZ - Ribeir\u00e3o Preto e regi\u00e3o","publisher":{"@id":"https:\/\/redenoticiaz.com.br\/ribeiraopreto-regiao\/#organization"},"potentialAction":[{"@type":"SearchAction","target":{"@type":"EntryPoint","urlTemplate":"https:\/\/redenoticiaz.com.br\/ribeiraopreto-regiao\/?s={search_term_string}"},"query-input":{"@type":"PropertyValueSpecification","valueRequired":true,"valueName":"search_term_string"}}],"inLanguage":"pt-BR"},{"@type":"Organization","@id":"https:\/\/redenoticiaz.com.br\/ribeiraopreto-regiao\/#organization","name":"Ribeir\u00e3o Preto e Regi\u00e3o","url":"https:\/\/redenoticiaz.com.br\/ribeiraopreto-regiao\/","logo":{"@type":"ImageObject","inLanguage":"pt-BR","@id":"https:\/\/redenoticiaz.com.br\/ribeiraopreto-regiao\/#\/schema\/logo\/image\/","url":"https:\/\/redenoticiaz.com.br\/barretos-regiao\/wp-content\/uploads\/sites\/4\/2022\/02\/logo.jpg","contentUrl":"https:\/\/redenoticiaz.com.br\/barretos-regiao\/wp-content\/uploads\/sites\/4\/2022\/02\/logo.jpg","width":400,"height":250,"caption":"Ribeir\u00e3o Preto e Regi\u00e3o"},"image":{"@id":"https:\/\/redenoticiaz.com.br\/ribeiraopreto-regiao\/#\/schema\/logo\/image\/"},"sameAs":["https:\/\/m.facebook.com\/redenoticiaz.barretos","https:\/\/x.com\/RN_barretos","https:\/\/www.instagram.com\/redenoticiaz.barretos\/?igshid=YmMyMTA2M2Y","https:\/\/www.linkedin.com\/company\/rede-noticiaz-barretos-e-regio\/"]},{"@type":"Person","@id":"https:\/\/redenoticiaz.com.br\/ribeiraopreto-regiao\/#\/schema\/person\/e1b0bd8c2637e2c1b6ddcbc2c33b116f","name":"Patr\u00edcia Prado","image":{"@type":"ImageObject","inLanguage":"pt-BR","@id":"https:\/\/secure.gravatar.com\/avatar\/92e358bef22cfcec15e054ae4d9fee04dadf0c772dc4a17b382b8a34a15354c2?s=96&d=mm&r=g","url":"https:\/\/secure.gravatar.com\/avatar\/92e358bef22cfcec15e054ae4d9fee04dadf0c772dc4a17b382b8a34a15354c2?s=96&d=mm&r=g","contentUrl":"https:\/\/secure.gravatar.com\/avatar\/92e358bef22cfcec15e054ae4d9fee04dadf0c772dc4a17b382b8a34a15354c2?s=96&d=mm&r=g","caption":"Patr\u00edcia Prado"},"url":"https:\/\/redenoticiaz.com.br\/ribeiraopreto-regiao\/sp\/author\/patricia-prado"}]}},"_links":{"self":[{"href":"https:\/\/redenoticiaz.com.br\/ribeiraopreto-regiao\/wp-json\/wp\/v2\/posts\/122856","targetHints":{"allow":["GET"]}}],"collection":[{"href":"https:\/\/redenoticiaz.com.br\/ribeiraopreto-regiao\/wp-json\/wp\/v2\/posts"}],"about":[{"href":"https:\/\/redenoticiaz.com.br\/ribeiraopreto-regiao\/wp-json\/wp\/v2\/types\/post"}],"author":[{"embeddable":true,"href":"https:\/\/redenoticiaz.com.br\/ribeiraopreto-regiao\/wp-json\/wp\/v2\/users\/5"}],"replies":[{"embeddable":true,"href":"https:\/\/redenoticiaz.com.br\/ribeiraopreto-regiao\/wp-json\/wp\/v2\/comments?post=122856"}],"version-history":[{"count":0,"href":"https:\/\/redenoticiaz.com.br\/ribeiraopreto-regiao\/wp-json\/wp\/v2\/posts\/122856\/revisions"}],"wp:featuredmedia":[{"embeddable":true,"href":"https:\/\/redenoticiaz.com.br\/ribeiraopreto-regiao\/wp-json\/wp\/v2\/media\/122857"}],"wp:attachment":[{"href":"https:\/\/redenoticiaz.com.br\/ribeiraopreto-regiao\/wp-json\/wp\/v2\/media?parent=122856"}],"wp:term":[{"taxonomy":"category","embeddable":true,"href":"https:\/\/redenoticiaz.com.br\/ribeiraopreto-regiao\/wp-json\/wp\/v2\/categories?post=122856"},{"taxonomy":"post_tag","embeddable":true,"href":"https:\/\/redenoticiaz.com.br\/ribeiraopreto-regiao\/wp-json\/wp\/v2\/tags?post=122856"}],"curies":[{"name":"wp","href":"https:\/\/api.w.org\/{rel}","templated":true}]}}