{"id":122902,"date":"2026-08-31T09:40:11","date_gmt":"2026-08-31T12:40:11","guid":{"rendered":"https:\/\/redenoticiaz.com.br\/ribeiraopreto-regiao\/sp\/2026\/08\/31\/beneficiarios-do-pe-de-meia-nascidos-em-novembro-e-dezembro-recebem-r-200"},"modified":"2026-08-31T09:40:11","modified_gmt":"2026-08-31T12:40:11","slug":"beneficiarios-do-pe-de-meia-nascidos-em-novembro-e-dezembro-recebem-r-200","status":"publish","type":"post","link":"https:\/\/redenoticiaz.com.br\/ribeiraopreto-regiao\/sp\/2026\/08\/31\/beneficiarios-do-pe-de-meia-nascidos-em-novembro-e-dezembro-recebem-r-200","title":{"rendered":"Benefici\u00e1rios do P\u00e9-de-Meia nascidos em novembro e dezembro recebem R$ 200"},"content":{"rendered":"<p>Benefici\u00e1rios do programa P\u00e9-de-Meia de 2026 nascidos em novembro e dezembro receber\u00e3o, nesta segunda-feira (31), mais uma parcela do incentivo \u00e0 frequ\u00eancia escolar. Para os estudantes do ensino m\u00e9dio regular, este \u00e9 o quinto pagamento do ano.<\/p>\n<p>Os alunos da educa\u00e7\u00e3o de jovens e adultos (EJA) tamb\u00e9m recebem hoje a parcela referente \u00e0 aprova\u00e7\u00e3o de ciclos de forma\u00e7\u00e3o e conclus\u00e3o dessa etapa final da educa\u00e7\u00e3o b\u00e1sica. \u00c9 necess\u00e1rio que os estudantes atinjam uma frequ\u00eancia m\u00ednima de 80% nas aulas para ter direito aos benef\u00edcios.<\/p>\n<p>No caso da EJA, os pagamentos ocorrem diferentemente em rela\u00e7\u00e3o ao ensino m\u00e9dio regular. Os estudantes da EJA podem receber at\u00e9 quatro parcelas do incentivo-frequ\u00eancia, cada uma no valor de R$ 225, totalizando at\u00e9 oito parcelas por ano. J\u00e1 os alunos do ensino m\u00e9dio regular t\u00eam direito a at\u00e9 nove parcelas, no valor de R$ 200 cada.<\/p>\n<p>O programa P\u00e9-de-Meia, tamb\u00e9m conhecido como Poupan\u00e7a do Ensino M\u00e9dio, visa incentivar a perman\u00eancia dos jovens nos estudos at\u00e9 a conclus\u00e3o do ensino m\u00e9dio.<\/p>\n<p>De acordo com o calend\u00e1rio de pagamentos do programa, as parcelas s\u00e3o depositadas conforme o m\u00eas de nascimento dos estudantes de 14 a 24 anos que atendem aos requisitos. Nascidos em janeiro e fevereiro receberam em 24 de agosto; mar\u00e7o e abril, em 25 de agosto; maio e junho, em 26 de agosto; julho e agosto, em 27 de agosto; setembro e outubro, em 28 de agosto; e, por fim, nascidos em novembro e dezembro recebem hoje.<\/p>\n<p>Al\u00e9m das parcelas de frequ\u00eancia, os estudantes poder\u00e3o ter acesso a outras parcelas referentes \u00e0 matr\u00edcula de 2026 e ao incentivo de meses anteriores, caso as redes de ensino fa\u00e7am as corre\u00e7\u00f5es necess\u00e1rias nos dados.<\/p>\n<p>Os benefici\u00e1rios do programa podem consultar informa\u00e7\u00f5es sobre os pagamentos na p\u00e1gina dedicada ao estudante no site do P\u00e9-de-Meia, acess\u00edvel com login na plataforma Gov.br.<\/p>\n<p>A participa\u00e7\u00e3o no P\u00e9-de-Meia \u00e9 autom\u00e1tica para estudantes que est\u00e3o matriculados na rede p\u00fablica de educa\u00e7\u00e3o e possuem inscri\u00e7\u00f5es ativas no Cadastro \u00danico de Programas Sociais do governo federal (Cad\u00danico). Para este ano, as fam\u00edlias devem ter cadastro ativo at\u00e9 a data-base de 7 de agosto de 2026, e a renda familiar deve ser de at\u00e9 meio sal\u00e1rio m\u00ednimo por pessoa. Os alunos devem ter entre 14 a 24 anos no ensino m\u00e9dio regular ou entre 19 a 24 anos na EJA, al\u00e9m de ter CPF regular e manter frequ\u00eancia m\u00ednima de 80%.<\/p>\n<p>Desde 2024, o Minist\u00e9rio da Educa\u00e7\u00e3o estima que o programa j\u00e1 beneficiou 6 milh\u00f5es de estudantes em todo o Brasil. Os valores anuais do P\u00e9-de-Meia podem alcan\u00e7ar at\u00e9 R$ 9,2 mil por aluno, incluindo todas as parcelas de incentivo e um adicional de R$ 200 pela participa\u00e7\u00e3o no Exame Nacional do Ensino M\u00e9dio (Enem).<\/p>\n<p>Estudantes, respons\u00e1veis e gestores escolares podem tirar suas d\u00favidas sobre o P\u00e9-de-Meia atrav\u00e9s da se\u00e7\u00e3o de Perguntas Frequentes dispon\u00edvel no site do MEC, onde encontram orienta\u00e7\u00f5es detalhadas. Para suporte adicional, o MEC disponibiliza o Fale Conosco pelo telefone 0800-616161, com atendimentos gratuitos.<\/p>\n","protected":false},"excerpt":{"rendered":"<p>Benefici\u00e1rios do programa P\u00e9-de-Meia de 2026 nascidos em novembro e dezembro receber\u00e3o, nesta segunda-feira (31), mais uma parcela do incentivo \u00e0 frequ\u00eancia escolar. Para os estudantes do ensino m\u00e9dio regular, este \u00e9 o quinto pagamento do ano. Os alunos da educa\u00e7\u00e3o de jovens e adultos (EJA) tamb\u00e9m recebem hoje a parcela referente \u00e0 aprova\u00e7\u00e3o de &hellip;<\/p>\n","protected":false},"author":5,"featured_media":122903,"comment_status":"open","ping_status":"closed","sticky":false,"template":"","format":"standard","meta":{"footnotes":""},"categories":[820,29902,186],"tags":[],"class_list":["post-122902","post","type-post","status-publish","format-standard","has-post-thumbnail","hentry","category-educacao","category-emprego","category-politica"],"yoast_head":"<!-- This site is optimized with the Yoast SEO plugin v28.3 - https:\/\/yoast.com\/product\/yoast-seo-wordpress\/ -->\n<title>Benefici\u00e1rios do P\u00e9-de-Meia nascidos em novembro e dezembro recebem R$ 200 - Ribeir\u00e3o Preto e Regi\u00e3o<\/title>\n<meta name=\"robots\" content=\"index, follow, max-snippet:-1, max-image-preview:large, max-video-preview:-1\" \/>\n<link rel=\"canonical\" href=\"https:\/\/redenoticiaz.com.br\/ribeiraopreto-regiao\/sp\/2026\/08\/31\/beneficiarios-do-pe-de-meia-nascidos-em-novembro-e-dezembro-recebem-r-200\" \/>\n<meta property=\"og:locale\" content=\"pt_BR\" \/>\n<meta property=\"og:type\" content=\"article\" \/>\n<meta property=\"og:title\" content=\"Benefici\u00e1rios do P\u00e9-de-Meia nascidos em novembro e dezembro recebem R$ 200 - Ribeir\u00e3o Preto e Regi\u00e3o\" \/>\n<meta property=\"og:description\" content=\"Benefici\u00e1rios do programa P\u00e9-de-Meia de 2026 nascidos em novembro e dezembro receber\u00e3o, nesta segunda-feira (31), mais uma parcela do incentivo \u00e0 frequ\u00eancia escolar. Para os estudantes do ensino m\u00e9dio regular, este \u00e9 o quinto pagamento do ano. Os alunos da educa\u00e7\u00e3o de jovens e adultos (EJA) tamb\u00e9m recebem hoje a parcela referente \u00e0 aprova\u00e7\u00e3o de &hellip;\" \/>\n<meta property=\"og:url\" content=\"https:\/\/redenoticiaz.com.br\/ribeiraopreto-regiao\/sp\/2026\/08\/31\/beneficiarios-do-pe-de-meia-nascidos-em-novembro-e-dezembro-recebem-r-200\" \/>\n<meta property=\"og:site_name\" content=\"Ribeir\u00e3o Preto e Regi\u00e3o\" \/>\n<meta property=\"article:publisher\" content=\"https:\/\/m.facebook.com\/redenoticiaz.barretos\" \/>\n<meta property=\"article:published_time\" content=\"2026-08-31T12:40:11+00:00\" \/>\n<meta property=\"og:image\" content=\"https:\/\/redenoticiaz.com.br\/ribeiraopreto-regiao\/wp-content\/uploads\/sites\/4\/2022\/02\/logo.jpg\" \/>\n\t<meta property=\"og:image:width\" content=\"400\" \/>\n\t<meta property=\"og:image:height\" content=\"250\" \/>\n\t<meta property=\"og:image:type\" content=\"image\/jpeg\" \/>\n<meta name=\"author\" content=\"Patr\u00edcia Prado\" \/>\n<meta name=\"twitter:card\" content=\"summary_large_image\" \/>\n<meta name=\"twitter:creator\" content=\"@RN_barretos\" \/>\n<meta name=\"twitter:site\" content=\"@RN_barretos\" \/>\n<meta name=\"twitter:label1\" content=\"Escrito por\" \/>\n\t<meta name=\"twitter:data1\" content=\"Patr\u00edcia Prado\" \/>\n\t<meta name=\"twitter:label2\" content=\"Est. tempo de leitura\" \/>\n\t<meta name=\"twitter:data2\" content=\"3 minutos\" \/>\n<script type=\"application\/ld+json\" class=\"yoast-schema-graph\">{\"@context\":\"https:\\\/\\\/schema.org\",\"@graph\":[{\"@type\":\"Article\",\"@id\":\"https:\\\/\\\/redenoticiaz.com.br\\\/ribeiraopreto-regiao\\\/sp\\\/2026\\\/08\\\/31\\\/beneficiarios-do-pe-de-meia-nascidos-em-novembro-e-dezembro-recebem-r-200#article\",\"isPartOf\":{\"@id\":\"https:\\\/\\\/redenoticiaz.com.br\\\/ribeiraopreto-regiao\\\/sp\\\/2026\\\/08\\\/31\\\/beneficiarios-do-pe-de-meia-nascidos-em-novembro-e-dezembro-recebem-r-200\"},\"author\":{\"name\":\"Patr\u00edcia Prado\",\"@id\":\"https:\\\/\\\/redenoticiaz.com.br\\\/ribeiraopreto-regiao\\\/#\\\/schema\\\/person\\\/e1b0bd8c2637e2c1b6ddcbc2c33b116f\"},\"headline\":\"Benefici\u00e1rios do P\u00e9-de-Meia nascidos em novembro e dezembro recebem R$ 200\",\"datePublished\":\"2026-08-31T12:40:11+00:00\",\"mainEntityOfPage\":{\"@id\":\"https:\\\/\\\/redenoticiaz.com.br\\\/ribeiraopreto-regiao\\\/sp\\\/2026\\\/08\\\/31\\\/beneficiarios-do-pe-de-meia-nascidos-em-novembro-e-dezembro-recebem-r-200\"},\"wordCount\":547,\"commentCount\":0,\"publisher\":{\"@id\":\"https:\\\/\\\/redenoticiaz.com.br\\\/ribeiraopreto-regiao\\\/#organization\"},\"image\":{\"@id\":\"https:\\\/\\\/redenoticiaz.com.br\\\/ribeiraopreto-regiao\\\/sp\\\/2026\\\/08\\\/31\\\/beneficiarios-do-pe-de-meia-nascidos-em-novembro-e-dezembro-recebem-r-200#primaryimage\"},\"thumbnailUrl\":\"https:\\\/\\\/redenoticiaz.com.br\\\/ribeiraopreto-regiao\\\/wp-content\\\/uploads\\\/sites\\\/4\\\/2026\\\/08\\\/1788180012_0d4a4702_0.jpg\",\"articleSection\":[\"Educa\u00e7\u00e3o\",\"Emprego\",\"Pol\u00edtica\"],\"inLanguage\":\"pt-BR\",\"potentialAction\":[{\"@type\":\"CommentAction\",\"name\":\"Comment\",\"target\":[\"https:\\\/\\\/redenoticiaz.com.br\\\/ribeiraopreto-regiao\\\/sp\\\/2026\\\/08\\\/31\\\/beneficiarios-do-pe-de-meia-nascidos-em-novembro-e-dezembro-recebem-r-200#respond\"]}]},{\"@type\":\"WebPage\",\"@id\":\"https:\\\/\\\/redenoticiaz.com.br\\\/ribeiraopreto-regiao\\\/sp\\\/2026\\\/08\\\/31\\\/beneficiarios-do-pe-de-meia-nascidos-em-novembro-e-dezembro-recebem-r-200\",\"url\":\"https:\\\/\\\/redenoticiaz.com.br\\\/ribeiraopreto-regiao\\\/sp\\\/2026\\\/08\\\/31\\\/beneficiarios-do-pe-de-meia-nascidos-em-novembro-e-dezembro-recebem-r-200\",\"name\":\"Benefici\u00e1rios do P\u00e9-de-Meia nascidos em novembro e dezembro recebem R$ 200 - Ribeir\u00e3o Preto e Regi\u00e3o\",\"isPartOf\":{\"@id\":\"https:\\\/\\\/redenoticiaz.com.br\\\/ribeiraopreto-regiao\\\/#website\"},\"primaryImageOfPage\":{\"@id\":\"https:\\\/\\\/redenoticiaz.com.br\\\/ribeiraopreto-regiao\\\/sp\\\/2026\\\/08\\\/31\\\/beneficiarios-do-pe-de-meia-nascidos-em-novembro-e-dezembro-recebem-r-200#primaryimage\"},\"image\":{\"@id\":\"https:\\\/\\\/redenoticiaz.com.br\\\/ribeiraopreto-regiao\\\/sp\\\/2026\\\/08\\\/31\\\/beneficiarios-do-pe-de-meia-nascidos-em-novembro-e-dezembro-recebem-r-200#primaryimage\"},\"thumbnailUrl\":\"https:\\\/\\\/redenoticiaz.com.br\\\/ribeiraopreto-regiao\\\/wp-content\\\/uploads\\\/sites\\\/4\\\/2026\\\/08\\\/1788180012_0d4a4702_0.jpg\",\"datePublished\":\"2026-08-31T12:40:11+00:00\",\"inLanguage\":\"pt-BR\",\"potentialAction\":[{\"@type\":\"ReadAction\",\"target\":[\"https:\\\/\\\/redenoticiaz.com.br\\\/ribeiraopreto-regiao\\\/sp\\\/2026\\\/08\\\/31\\\/beneficiarios-do-pe-de-meia-nascidos-em-novembro-e-dezembro-recebem-r-200\"]}]},{\"@type\":\"ImageObject\",\"inLanguage\":\"pt-BR\",\"@id\":\"https:\\\/\\\/redenoticiaz.com.br\\\/ribeiraopreto-regiao\\\/sp\\\/2026\\\/08\\\/31\\\/beneficiarios-do-pe-de-meia-nascidos-em-novembro-e-dezembro-recebem-r-200#primaryimage\",\"url\":\"https:\\\/\\\/redenoticiaz.com.br\\\/ribeiraopreto-regiao\\\/wp-content\\\/uploads\\\/sites\\\/4\\\/2026\\\/08\\\/1788180012_0d4a4702_0.jpg\",\"contentUrl\":\"https:\\\/\\\/redenoticiaz.com.br\\\/ribeiraopreto-regiao\\\/wp-content\\\/uploads\\\/sites\\\/4\\\/2026\\\/08\\\/1788180012_0d4a4702_0.jpg\",\"width\":1600,\"height\":800},{\"@type\":\"WebSite\",\"@id\":\"https:\\\/\\\/redenoticiaz.com.br\\\/ribeiraopreto-regiao\\\/#website\",\"url\":\"https:\\\/\\\/redenoticiaz.com.br\\\/ribeiraopreto-regiao\\\/\",\"name\":\"Ribeir\u00e3o Preto e Regi\u00e3o\",\"description\":\"Rede NoticiaZ - Ribeir\u00e3o Preto e regi\u00e3o\",\"publisher\":{\"@id\":\"https:\\\/\\\/redenoticiaz.com.br\\\/ribeiraopreto-regiao\\\/#organization\"},\"potentialAction\":[{\"@type\":\"SearchAction\",\"target\":{\"@type\":\"EntryPoint\",\"urlTemplate\":\"https:\\\/\\\/redenoticiaz.com.br\\\/ribeiraopreto-regiao\\\/?s={search_term_string}\"},\"query-input\":{\"@type\":\"PropertyValueSpecification\",\"valueRequired\":true,\"valueName\":\"search_term_string\"}}],\"inLanguage\":\"pt-BR\"},{\"@type\":\"Organization\",\"@id\":\"https:\\\/\\\/redenoticiaz.com.br\\\/ribeiraopreto-regiao\\\/#organization\",\"name\":\"Ribeir\u00e3o Preto e Regi\u00e3o\",\"url\":\"https:\\\/\\\/redenoticiaz.com.br\\\/ribeiraopreto-regiao\\\/\",\"logo\":{\"@type\":\"ImageObject\",\"inLanguage\":\"pt-BR\",\"@id\":\"https:\\\/\\\/redenoticiaz.com.br\\\/ribeiraopreto-regiao\\\/#\\\/schema\\\/logo\\\/image\\\/\",\"url\":\"https:\\\/\\\/redenoticiaz.com.br\\\/barretos-regiao\\\/wp-content\\\/uploads\\\/sites\\\/4\\\/2022\\\/02\\\/logo.jpg\",\"contentUrl\":\"https:\\\/\\\/redenoticiaz.com.br\\\/barretos-regiao\\\/wp-content\\\/uploads\\\/sites\\\/4\\\/2022\\\/02\\\/logo.jpg\",\"width\":400,\"height\":250,\"caption\":\"Ribeir\u00e3o Preto e Regi\u00e3o\"},\"image\":{\"@id\":\"https:\\\/\\\/redenoticiaz.com.br\\\/ribeiraopreto-regiao\\\/#\\\/schema\\\/logo\\\/image\\\/\"},\"sameAs\":[\"https:\\\/\\\/m.facebook.com\\\/redenoticiaz.barretos\",\"https:\\\/\\\/x.com\\\/RN_barretos\",\"https:\\\/\\\/www.instagram.com\\\/redenoticiaz.barretos\\\/?igshid=YmMyMTA2M2Y\",\"https:\\\/\\\/www.linkedin.com\\\/company\\\/rede-noticiaz-barretos-e-regio\\\/\"]},{\"@type\":\"Person\",\"@id\":\"https:\\\/\\\/redenoticiaz.com.br\\\/ribeiraopreto-regiao\\\/#\\\/schema\\\/person\\\/e1b0bd8c2637e2c1b6ddcbc2c33b116f\",\"name\":\"Patr\u00edcia Prado\",\"image\":{\"@type\":\"ImageObject\",\"inLanguage\":\"pt-BR\",\"@id\":\"https:\\\/\\\/secure.gravatar.com\\\/avatar\\\/92e358bef22cfcec15e054ae4d9fee04dadf0c772dc4a17b382b8a34a15354c2?s=96&d=mm&r=g\",\"url\":\"https:\\\/\\\/secure.gravatar.com\\\/avatar\\\/92e358bef22cfcec15e054ae4d9fee04dadf0c772dc4a17b382b8a34a15354c2?s=96&d=mm&r=g\",\"contentUrl\":\"https:\\\/\\\/secure.gravatar.com\\\/avatar\\\/92e358bef22cfcec15e054ae4d9fee04dadf0c772dc4a17b382b8a34a15354c2?s=96&d=mm&r=g\",\"caption\":\"Patr\u00edcia Prado\"},\"url\":\"https:\\\/\\\/redenoticiaz.com.br\\\/ribeiraopreto-regiao\\\/sp\\\/author\\\/patricia-prado\"}]}<\/script>\n<!-- \/ Yoast SEO plugin. -->","yoast_head_json":{"title":"Benefici\u00e1rios do P\u00e9-de-Meia nascidos em novembro e dezembro recebem R$ 200 - Ribeir\u00e3o Preto e Regi\u00e3o","robots":{"index":"index","follow":"follow","max-snippet":"max-snippet:-1","max-image-preview":"max-image-preview:large","max-video-preview":"max-video-preview:-1"},"canonical":"https:\/\/redenoticiaz.com.br\/ribeiraopreto-regiao\/sp\/2026\/08\/31\/beneficiarios-do-pe-de-meia-nascidos-em-novembro-e-dezembro-recebem-r-200","og_locale":"pt_BR","og_type":"article","og_title":"Benefici\u00e1rios do P\u00e9-de-Meia nascidos em novembro e dezembro recebem R$ 200 - Ribeir\u00e3o Preto e Regi\u00e3o","og_description":"Benefici\u00e1rios do programa P\u00e9-de-Meia de 2026 nascidos em novembro e dezembro receber\u00e3o, nesta segunda-feira (31), mais uma parcela do incentivo \u00e0 frequ\u00eancia escolar. Para os estudantes do ensino m\u00e9dio regular, este \u00e9 o quinto pagamento do ano. Os alunos da educa\u00e7\u00e3o de jovens e adultos (EJA) tamb\u00e9m recebem hoje a parcela referente \u00e0 aprova\u00e7\u00e3o de &hellip;","og_url":"https:\/\/redenoticiaz.com.br\/ribeiraopreto-regiao\/sp\/2026\/08\/31\/beneficiarios-do-pe-de-meia-nascidos-em-novembro-e-dezembro-recebem-r-200","og_site_name":"Ribeir\u00e3o Preto e Regi\u00e3o","article_publisher":"https:\/\/m.facebook.com\/redenoticiaz.barretos","article_published_time":"2026-08-31T12:40:11+00:00","og_image":[{"width":400,"height":250,"url":"https:\/\/redenoticiaz.com.br\/ribeiraopreto-regiao\/wp-content\/uploads\/sites\/4\/2022\/02\/logo.jpg","type":"image\/jpeg"}],"author":"Patr\u00edcia Prado","twitter_card":"summary_large_image","twitter_creator":"@RN_barretos","twitter_site":"@RN_barretos","twitter_misc":{"Escrito por":"Patr\u00edcia Prado","Est. tempo de leitura":"3 minutos"},"schema":{"@context":"https:\/\/schema.org","@graph":[{"@type":"Article","@id":"https:\/\/redenoticiaz.com.br\/ribeiraopreto-regiao\/sp\/2026\/08\/31\/beneficiarios-do-pe-de-meia-nascidos-em-novembro-e-dezembro-recebem-r-200#article","isPartOf":{"@id":"https:\/\/redenoticiaz.com.br\/ribeiraopreto-regiao\/sp\/2026\/08\/31\/beneficiarios-do-pe-de-meia-nascidos-em-novembro-e-dezembro-recebem-r-200"},"author":{"name":"Patr\u00edcia Prado","@id":"https:\/\/redenoticiaz.com.br\/ribeiraopreto-regiao\/#\/schema\/person\/e1b0bd8c2637e2c1b6ddcbc2c33b116f"},"headline":"Benefici\u00e1rios do P\u00e9-de-Meia nascidos em novembro e dezembro recebem R$ 200","datePublished":"2026-08-31T12:40:11+00:00","mainEntityOfPage":{"@id":"https:\/\/redenoticiaz.com.br\/ribeiraopreto-regiao\/sp\/2026\/08\/31\/beneficiarios-do-pe-de-meia-nascidos-em-novembro-e-dezembro-recebem-r-200"},"wordCount":547,"commentCount":0,"publisher":{"@id":"https:\/\/redenoticiaz.com.br\/ribeiraopreto-regiao\/#organization"},"image":{"@id":"https:\/\/redenoticiaz.com.br\/ribeiraopreto-regiao\/sp\/2026\/08\/31\/beneficiarios-do-pe-de-meia-nascidos-em-novembro-e-dezembro-recebem-r-200#primaryimage"},"thumbnailUrl":"https:\/\/redenoticiaz.com.br\/ribeiraopreto-regiao\/wp-content\/uploads\/sites\/4\/2026\/08\/1788180012_0d4a4702_0.jpg","articleSection":["Educa\u00e7\u00e3o","Emprego","Pol\u00edtica"],"inLanguage":"pt-BR","potentialAction":[{"@type":"CommentAction","name":"Comment","target":["https:\/\/redenoticiaz.com.br\/ribeiraopreto-regiao\/sp\/2026\/08\/31\/beneficiarios-do-pe-de-meia-nascidos-em-novembro-e-dezembro-recebem-r-200#respond"]}]},{"@type":"WebPage","@id":"https:\/\/redenoticiaz.com.br\/ribeiraopreto-regiao\/sp\/2026\/08\/31\/beneficiarios-do-pe-de-meia-nascidos-em-novembro-e-dezembro-recebem-r-200","url":"https:\/\/redenoticiaz.com.br\/ribeiraopreto-regiao\/sp\/2026\/08\/31\/beneficiarios-do-pe-de-meia-nascidos-em-novembro-e-dezembro-recebem-r-200","name":"Benefici\u00e1rios do P\u00e9-de-Meia nascidos em novembro e dezembro recebem R$ 200 - Ribeir\u00e3o Preto e Regi\u00e3o","isPartOf":{"@id":"https:\/\/redenoticiaz.com.br\/ribeiraopreto-regiao\/#website"},"primaryImageOfPage":{"@id":"https:\/\/redenoticiaz.com.br\/ribeiraopreto-regiao\/sp\/2026\/08\/31\/beneficiarios-do-pe-de-meia-nascidos-em-novembro-e-dezembro-recebem-r-200#primaryimage"},"image":{"@id":"https:\/\/redenoticiaz.com.br\/ribeiraopreto-regiao\/sp\/2026\/08\/31\/beneficiarios-do-pe-de-meia-nascidos-em-novembro-e-dezembro-recebem-r-200#primaryimage"},"thumbnailUrl":"https:\/\/redenoticiaz.com.br\/ribeiraopreto-regiao\/wp-content\/uploads\/sites\/4\/2026\/08\/1788180012_0d4a4702_0.jpg","datePublished":"2026-08-31T12:40:11+00:00","inLanguage":"pt-BR","potentialAction":[{"@type":"ReadAction","target":["https:\/\/redenoticiaz.com.br\/ribeiraopreto-regiao\/sp\/2026\/08\/31\/beneficiarios-do-pe-de-meia-nascidos-em-novembro-e-dezembro-recebem-r-200"]}]},{"@type":"ImageObject","inLanguage":"pt-BR","@id":"https:\/\/redenoticiaz.com.br\/ribeiraopreto-regiao\/sp\/2026\/08\/31\/beneficiarios-do-pe-de-meia-nascidos-em-novembro-e-dezembro-recebem-r-200#primaryimage","url":"https:\/\/redenoticiaz.com.br\/ribeiraopreto-regiao\/wp-content\/uploads\/sites\/4\/2026\/08\/1788180012_0d4a4702_0.jpg","contentUrl":"https:\/\/redenoticiaz.com.br\/ribeiraopreto-regiao\/wp-content\/uploads\/sites\/4\/2026\/08\/1788180012_0d4a4702_0.jpg","width":1600,"height":800},{"@type":"WebSite","@id":"https:\/\/redenoticiaz.com.br\/ribeiraopreto-regiao\/#website","url":"https:\/\/redenoticiaz.com.br\/ribeiraopreto-regiao\/","name":"Ribeir\u00e3o Preto e Regi\u00e3o","description":"Rede NoticiaZ - Ribeir\u00e3o Preto e regi\u00e3o","publisher":{"@id":"https:\/\/redenoticiaz.com.br\/ribeiraopreto-regiao\/#organization"},"potentialAction":[{"@type":"SearchAction","target":{"@type":"EntryPoint","urlTemplate":"https:\/\/redenoticiaz.com.br\/ribeiraopreto-regiao\/?s={search_term_string}"},"query-input":{"@type":"PropertyValueSpecification","valueRequired":true,"valueName":"search_term_string"}}],"inLanguage":"pt-BR"},{"@type":"Organization","@id":"https:\/\/redenoticiaz.com.br\/ribeiraopreto-regiao\/#organization","name":"Ribeir\u00e3o Preto e Regi\u00e3o","url":"https:\/\/redenoticiaz.com.br\/ribeiraopreto-regiao\/","logo":{"@type":"ImageObject","inLanguage":"pt-BR","@id":"https:\/\/redenoticiaz.com.br\/ribeiraopreto-regiao\/#\/schema\/logo\/image\/","url":"https:\/\/redenoticiaz.com.br\/barretos-regiao\/wp-content\/uploads\/sites\/4\/2022\/02\/logo.jpg","contentUrl":"https:\/\/redenoticiaz.com.br\/barretos-regiao\/wp-content\/uploads\/sites\/4\/2022\/02\/logo.jpg","width":400,"height":250,"caption":"Ribeir\u00e3o Preto e Regi\u00e3o"},"image":{"@id":"https:\/\/redenoticiaz.com.br\/ribeiraopreto-regiao\/#\/schema\/logo\/image\/"},"sameAs":["https:\/\/m.facebook.com\/redenoticiaz.barretos","https:\/\/x.com\/RN_barretos","https:\/\/www.instagram.com\/redenoticiaz.barretos\/?igshid=YmMyMTA2M2Y","https:\/\/www.linkedin.com\/company\/rede-noticiaz-barretos-e-regio\/"]},{"@type":"Person","@id":"https:\/\/redenoticiaz.com.br\/ribeiraopreto-regiao\/#\/schema\/person\/e1b0bd8c2637e2c1b6ddcbc2c33b116f","name":"Patr\u00edcia Prado","image":{"@type":"ImageObject","inLanguage":"pt-BR","@id":"https:\/\/secure.gravatar.com\/avatar\/92e358bef22cfcec15e054ae4d9fee04dadf0c772dc4a17b382b8a34a15354c2?s=96&d=mm&r=g","url":"https:\/\/secure.gravatar.com\/avatar\/92e358bef22cfcec15e054ae4d9fee04dadf0c772dc4a17b382b8a34a15354c2?s=96&d=mm&r=g","contentUrl":"https:\/\/secure.gravatar.com\/avatar\/92e358bef22cfcec15e054ae4d9fee04dadf0c772dc4a17b382b8a34a15354c2?s=96&d=mm&r=g","caption":"Patr\u00edcia Prado"},"url":"https:\/\/redenoticiaz.com.br\/ribeiraopreto-regiao\/sp\/author\/patricia-prado"}]}},"_links":{"self":[{"href":"https:\/\/redenoticiaz.com.br\/ribeiraopreto-regiao\/wp-json\/wp\/v2\/posts\/122902","targetHints":{"allow":["GET"]}}],"collection":[{"href":"https:\/\/redenoticiaz.com.br\/ribeiraopreto-regiao\/wp-json\/wp\/v2\/posts"}],"about":[{"href":"https:\/\/redenoticiaz.com.br\/ribeiraopreto-regiao\/wp-json\/wp\/v2\/types\/post"}],"author":[{"embeddable":true,"href":"https:\/\/redenoticiaz.com.br\/ribeiraopreto-regiao\/wp-json\/wp\/v2\/users\/5"}],"replies":[{"embeddable":true,"href":"https:\/\/redenoticiaz.com.br\/ribeiraopreto-regiao\/wp-json\/wp\/v2\/comments?post=122902"}],"version-history":[{"count":0,"href":"https:\/\/redenoticiaz.com.br\/ribeiraopreto-regiao\/wp-json\/wp\/v2\/posts\/122902\/revisions"}],"wp:featuredmedia":[{"embeddable":true,"href":"https:\/\/redenoticiaz.com.br\/ribeiraopreto-regiao\/wp-json\/wp\/v2\/media\/122903"}],"wp:attachment":[{"href":"https:\/\/redenoticiaz.com.br\/ribeiraopreto-regiao\/wp-json\/wp\/v2\/media?parent=122902"}],"wp:term":[{"taxonomy":"category","embeddable":true,"href":"https:\/\/redenoticiaz.com.br\/ribeiraopreto-regiao\/wp-json\/wp\/v2\/categories?post=122902"},{"taxonomy":"post_tag","embeddable":true,"href":"https:\/\/redenoticiaz.com.br\/ribeiraopreto-regiao\/wp-json\/wp\/v2\/tags?post=122902"}],"curies":[{"name":"wp","href":"https:\/\/api.w.org\/{rel}","templated":true}]}}