{"id":122904,"date":"2026-08-31T10:10:47","date_gmt":"2026-08-31T13:10:47","guid":{"rendered":"https:\/\/redenoticiaz.com.br\/ribeiraopreto-regiao\/sp\/2026\/08\/31\/caminhos-da-reportagem-investiga-a-construcao-da-identidade-parda-no-brasil"},"modified":"2026-08-31T10:10:47","modified_gmt":"2026-08-31T13:10:47","slug":"caminhos-da-reportagem-investiga-a-construcao-da-identidade-parda-no-brasil","status":"publish","type":"post","link":"https:\/\/redenoticiaz.com.br\/ribeiraopreto-regiao\/sp\/2026\/08\/31\/caminhos-da-reportagem-investiga-a-construcao-da-identidade-parda-no-brasil","title":{"rendered":"Caminhos da Reportagem investiga a constru\u00e7\u00e3o da identidade parda no Brasil"},"content":{"rendered":"<p>O programa <em>Caminhos da Reportagem<\/em>, da <strong>TV Brasil<\/strong>, aborda nesta segunda-feira (31) o tema &#8220;A Cor do Meio&#8221;, uma investiga\u00e7\u00e3o sobre a constru\u00e7\u00e3o da identidade parda no Brasil e sua presen\u00e7a na sociedade contempor\u00e2nea. A atra\u00e7\u00e3o vai ao ar \u00e0s 23h e traz entrevistas com especialistas, acad\u00eamicos e cidad\u00e3os, oferecendo uma vis\u00e3o ampla sobre essa identidade que abrange diversos tons de pele, povos e culturas.<\/p>\n<p>De acordo com o Censo de 2022, mais de 90 milh\u00f5es de brasileiros se declararam pardos, representando entre 40% e 50% da popula\u00e7\u00e3o. A Regi\u00e3o Norte do Brasil concentra 67,2% dessa popula\u00e7\u00e3o autodeclarada, e tamb\u00e9m abriga 45% dos ind\u00edgenas do pa\u00eds, que muitas vezes adotam a identidade parda como forma de sobreviv\u00eancia, segundo Gersem Baniwa, professor de Antropologia da Universidade de Bras\u00edlia.<\/p>\n<p>O fil\u00f3sofo e l\u00edder ind\u00edgena Ailton Krenak considera a promo\u00e7\u00e3o da identidade parda como um &#8220;truque colonial&#8221;, que silencia a verdadeira origem \u00e9tnica das pessoas e impede reivindica\u00e7\u00f5es territoriais. \u201cA disputa sobre quem \u00e9 pardo ou ind\u00edgena \u00e9 pol\u00edtica e os ind\u00edgenas n\u00e3o participaram dela, resultando na perda de suas identidades\u201d, afirma Krenak.<\/p>\n<p>Estat\u00edsticas revelam que a maioria dos estudantes pretos e pardos abandonam os estudos antes de alcan\u00e7ar o ensino superior. Contudo, a\u00e7\u00f5es afirmativas, como as cotas raciais, est\u00e3o mudando lentamente essa realidade. A assistente social Luiza Carvalho, que enfrentou preconceitos desde a inf\u00e2ncia, \u00e9 um exemplo de supera\u00e7\u00e3o: \u201cConclu\u00ed meu doutorado, mas foi extremamente cansativo e eu quase desisti. Fui a \u00fanica negra na sele\u00e7\u00e3o e sou uma mulher parda\u201d, relata com orgulho.<\/p>\n<p>Helio Santos, presidente do Centro de Estudos e Dados sobre Desigualdades Raciais, destaca que \u00e9 crucial incluir a popula\u00e7\u00e3o parda nas discuss\u00f5es sobre identidade. \u201cPara cada cem afro-brasileiros, 82 s\u00e3o pardos. A inclus\u00e3o \u00e9 essencial\u201d, menciona. Al\u00e9m disso, a historiadora Ana Fl\u00e1via Magalh\u00e3es critica a maneira como o racismo se perpetua no Brasil: \u201cNo Brasil n\u00e3o existe racismo porque os negros sabem o seu lugar, mas isso \u00e9 um pacto de sil\u00eancio\u201d, afirma.<\/p>\n<p>Gustavo Amora, um pesquisador que lutou judicialmente pela inclus\u00e3o nas cotas raciais, destaca a import\u00e2ncia da uni\u00e3o de pessoas que enfrentam situa\u00e7\u00f5es semelhantes. Ap\u00f3s conquistar o direito, ele aguarda para assumir um cargo no servi\u00e7o p\u00fablico. \u201cA press\u00e3o coletiva ajudou a mudar a heteroidentifica\u00e7\u00e3o nos concursos\u201d, relata.<\/p>\n<p>Para promover a representatividade dos pardos no Brasil, \u00e9 preciso um esfor\u00e7o conjunto em diversas \u00e1reas, incluindo a educa\u00e7\u00e3o. Em Ceil\u00e2ndia, uma escola p\u00fablica implementa conte\u00fados antirracistas durante o ano letivo, com atividades que mostram \u00e0s crian\u00e7as a diversidade das cores de pele. A orientadora educacional Eliane dos Santos afirma que \u00e9 fundamental tornar esse aprendizado efetivo. \u201cN\u00e3o precisamos de mais leis, mas sim de a\u00e7\u00f5es concretas\u201d, conclui.<\/p>\n<p>A aluna Ana Luisa Souza, de 10 anos, expressa seu entendimento sobre a beleza da diversidade: \u201cEu acho minha cor bonita e n\u00e3o pode algu\u00e9m dizer que a cor de outra pessoa \u00e9 feia\u201d, diz. Educadores reconhecem o impacto positivo desse trabalho nas novas gera\u00e7\u00f5es, promovendo respeito e aceita\u00e7\u00e3o entre os estudantes.<\/p>\n<p>O <em>Caminhos da Reportagem<\/em> \u00e9 exibido desde 2008 e j\u00e1 recebeu mais de 100 pr\u00eamios, atestando a qualidade das reportagens e o compromisso da equipe com a cobertura de temas relevantes. O programa est\u00e1 dispon\u00edvel no site da <strong>TV Brasil<\/strong> e no YouTube, al\u00e9m de ser veiculado em hor\u00e1rio alternativo nas ter\u00e7as-feiras.<\/p>\n","protected":false},"excerpt":{"rendered":"<p>O programa Caminhos da Reportagem, da TV Brasil, aborda nesta segunda-feira (31) o tema &#8220;A Cor do Meio&#8221;, uma investiga\u00e7\u00e3o sobre a constru\u00e7\u00e3o da identidade parda no Brasil e sua presen\u00e7a na sociedade contempor\u00e2nea. A atra\u00e7\u00e3o vai ao ar \u00e0s 23h e traz entrevistas com especialistas, acad\u00eamicos e cidad\u00e3os, oferecendo uma vis\u00e3o ampla sobre essa &hellip;<\/p>\n","protected":false},"author":5,"featured_media":122905,"comment_status":"open","ping_status":"closed","sticky":false,"template":"","format":"standard","meta":{"footnotes":""},"categories":[820,186,2075],"tags":[],"class_list":["post-122904","post","type-post","status-publish","format-standard","has-post-thumbnail","hentry","category-educacao","category-politica","category-trabalho"],"yoast_head":"<!-- This site is optimized with the Yoast SEO plugin v28.3 - https:\/\/yoast.com\/product\/yoast-seo-wordpress\/ -->\n<title>Caminhos da Reportagem investiga a constru\u00e7\u00e3o da identidade parda no Brasil - Ribeir\u00e3o Preto e Regi\u00e3o<\/title>\n<meta name=\"robots\" content=\"index, follow, max-snippet:-1, max-image-preview:large, max-video-preview:-1\" \/>\n<link rel=\"canonical\" href=\"https:\/\/redenoticiaz.com.br\/ribeiraopreto-regiao\/sp\/2026\/08\/31\/caminhos-da-reportagem-investiga-a-construcao-da-identidade-parda-no-brasil\" \/>\n<meta property=\"og:locale\" content=\"pt_BR\" \/>\n<meta property=\"og:type\" content=\"article\" \/>\n<meta property=\"og:title\" content=\"Caminhos da Reportagem investiga a constru\u00e7\u00e3o da identidade parda no Brasil - Ribeir\u00e3o Preto e Regi\u00e3o\" \/>\n<meta property=\"og:description\" content=\"O programa Caminhos da Reportagem, da TV Brasil, aborda nesta segunda-feira (31) o tema &#8220;A Cor do Meio&#8221;, uma investiga\u00e7\u00e3o sobre a constru\u00e7\u00e3o da identidade parda no Brasil e sua presen\u00e7a na sociedade contempor\u00e2nea. A atra\u00e7\u00e3o vai ao ar \u00e0s 23h e traz entrevistas com especialistas, acad\u00eamicos e cidad\u00e3os, oferecendo uma vis\u00e3o ampla sobre essa &hellip;\" \/>\n<meta property=\"og:url\" content=\"https:\/\/redenoticiaz.com.br\/ribeiraopreto-regiao\/sp\/2026\/08\/31\/caminhos-da-reportagem-investiga-a-construcao-da-identidade-parda-no-brasil\" \/>\n<meta property=\"og:site_name\" content=\"Ribeir\u00e3o Preto e Regi\u00e3o\" \/>\n<meta property=\"article:publisher\" content=\"https:\/\/m.facebook.com\/redenoticiaz.barretos\" \/>\n<meta property=\"article:published_time\" content=\"2026-08-31T13:10:47+00:00\" \/>\n<meta property=\"og:image\" content=\"https:\/\/redenoticiaz.com.br\/ribeiraopreto-regiao\/wp-content\/uploads\/sites\/4\/2022\/02\/logo.jpg\" \/>\n\t<meta property=\"og:image:width\" content=\"400\" \/>\n\t<meta property=\"og:image:height\" content=\"250\" \/>\n\t<meta property=\"og:image:type\" content=\"image\/jpeg\" \/>\n<meta name=\"author\" content=\"Patr\u00edcia Prado\" \/>\n<meta name=\"twitter:card\" content=\"summary_large_image\" \/>\n<meta name=\"twitter:creator\" content=\"@RN_barretos\" \/>\n<meta name=\"twitter:site\" content=\"@RN_barretos\" \/>\n<meta name=\"twitter:label1\" content=\"Escrito por\" \/>\n\t<meta name=\"twitter:data1\" content=\"Patr\u00edcia Prado\" \/>\n\t<meta name=\"twitter:label2\" content=\"Est. tempo de leitura\" \/>\n\t<meta name=\"twitter:data2\" content=\"3 minutos\" \/>\n<script type=\"application\/ld+json\" class=\"yoast-schema-graph\">{\"@context\":\"https:\\\/\\\/schema.org\",\"@graph\":[{\"@type\":\"Article\",\"@id\":\"https:\\\/\\\/redenoticiaz.com.br\\\/ribeiraopreto-regiao\\\/sp\\\/2026\\\/08\\\/31\\\/caminhos-da-reportagem-investiga-a-construcao-da-identidade-parda-no-brasil#article\",\"isPartOf\":{\"@id\":\"https:\\\/\\\/redenoticiaz.com.br\\\/ribeiraopreto-regiao\\\/sp\\\/2026\\\/08\\\/31\\\/caminhos-da-reportagem-investiga-a-construcao-da-identidade-parda-no-brasil\"},\"author\":{\"name\":\"Patr\u00edcia Prado\",\"@id\":\"https:\\\/\\\/redenoticiaz.com.br\\\/ribeiraopreto-regiao\\\/#\\\/schema\\\/person\\\/e1b0bd8c2637e2c1b6ddcbc2c33b116f\"},\"headline\":\"Caminhos da Reportagem investiga a constru\u00e7\u00e3o da identidade parda no Brasil\",\"datePublished\":\"2026-08-31T13:10:47+00:00\",\"mainEntityOfPage\":{\"@id\":\"https:\\\/\\\/redenoticiaz.com.br\\\/ribeiraopreto-regiao\\\/sp\\\/2026\\\/08\\\/31\\\/caminhos-da-reportagem-investiga-a-construcao-da-identidade-parda-no-brasil\"},\"wordCount\":603,\"commentCount\":0,\"publisher\":{\"@id\":\"https:\\\/\\\/redenoticiaz.com.br\\\/ribeiraopreto-regiao\\\/#organization\"},\"image\":{\"@id\":\"https:\\\/\\\/redenoticiaz.com.br\\\/ribeiraopreto-regiao\\\/sp\\\/2026\\\/08\\\/31\\\/caminhos-da-reportagem-investiga-a-construcao-da-identidade-parda-no-brasil#primaryimage\"},\"thumbnailUrl\":\"https:\\\/\\\/redenoticiaz.com.br\\\/ribeiraopreto-regiao\\\/wp-content\\\/uploads\\\/sites\\\/4\\\/2026\\\/08\\\/alunos-aprendem-sobre-cultura-e-ancestralidade-no-plantio-do-baoba.jpg\",\"articleSection\":[\"Educa\u00e7\u00e3o\",\"Pol\u00edtica\",\"Trabalho\"],\"inLanguage\":\"pt-BR\",\"potentialAction\":[{\"@type\":\"CommentAction\",\"name\":\"Comment\",\"target\":[\"https:\\\/\\\/redenoticiaz.com.br\\\/ribeiraopreto-regiao\\\/sp\\\/2026\\\/08\\\/31\\\/caminhos-da-reportagem-investiga-a-construcao-da-identidade-parda-no-brasil#respond\"]}]},{\"@type\":\"WebPage\",\"@id\":\"https:\\\/\\\/redenoticiaz.com.br\\\/ribeiraopreto-regiao\\\/sp\\\/2026\\\/08\\\/31\\\/caminhos-da-reportagem-investiga-a-construcao-da-identidade-parda-no-brasil\",\"url\":\"https:\\\/\\\/redenoticiaz.com.br\\\/ribeiraopreto-regiao\\\/sp\\\/2026\\\/08\\\/31\\\/caminhos-da-reportagem-investiga-a-construcao-da-identidade-parda-no-brasil\",\"name\":\"Caminhos da Reportagem investiga a constru\u00e7\u00e3o da identidade parda no Brasil - Ribeir\u00e3o Preto e Regi\u00e3o\",\"isPartOf\":{\"@id\":\"https:\\\/\\\/redenoticiaz.com.br\\\/ribeiraopreto-regiao\\\/#website\"},\"primaryImageOfPage\":{\"@id\":\"https:\\\/\\\/redenoticiaz.com.br\\\/ribeiraopreto-regiao\\\/sp\\\/2026\\\/08\\\/31\\\/caminhos-da-reportagem-investiga-a-construcao-da-identidade-parda-no-brasil#primaryimage\"},\"image\":{\"@id\":\"https:\\\/\\\/redenoticiaz.com.br\\\/ribeiraopreto-regiao\\\/sp\\\/2026\\\/08\\\/31\\\/caminhos-da-reportagem-investiga-a-construcao-da-identidade-parda-no-brasil#primaryimage\"},\"thumbnailUrl\":\"https:\\\/\\\/redenoticiaz.com.br\\\/ribeiraopreto-regiao\\\/wp-content\\\/uploads\\\/sites\\\/4\\\/2026\\\/08\\\/alunos-aprendem-sobre-cultura-e-ancestralidade-no-plantio-do-baoba.jpg\",\"datePublished\":\"2026-08-31T13:10:47+00:00\",\"inLanguage\":\"pt-BR\",\"potentialAction\":[{\"@type\":\"ReadAction\",\"target\":[\"https:\\\/\\\/redenoticiaz.com.br\\\/ribeiraopreto-regiao\\\/sp\\\/2026\\\/08\\\/31\\\/caminhos-da-reportagem-investiga-a-construcao-da-identidade-parda-no-brasil\"]}]},{\"@type\":\"ImageObject\",\"inLanguage\":\"pt-BR\",\"@id\":\"https:\\\/\\\/redenoticiaz.com.br\\\/ribeiraopreto-regiao\\\/sp\\\/2026\\\/08\\\/31\\\/caminhos-da-reportagem-investiga-a-construcao-da-identidade-parda-no-brasil#primaryimage\",\"url\":\"https:\\\/\\\/redenoticiaz.com.br\\\/ribeiraopreto-regiao\\\/wp-content\\\/uploads\\\/sites\\\/4\\\/2026\\\/08\\\/alunos-aprendem-sobre-cultura-e-ancestralidade-no-plantio-do-baoba.jpg\",\"contentUrl\":\"https:\\\/\\\/redenoticiaz.com.br\\\/ribeiraopreto-regiao\\\/wp-content\\\/uploads\\\/sites\\\/4\\\/2026\\\/08\\\/alunos-aprendem-sobre-cultura-e-ancestralidade-no-plantio-do-baoba.jpg\",\"width\":1600,\"height\":800},{\"@type\":\"WebSite\",\"@id\":\"https:\\\/\\\/redenoticiaz.com.br\\\/ribeiraopreto-regiao\\\/#website\",\"url\":\"https:\\\/\\\/redenoticiaz.com.br\\\/ribeiraopreto-regiao\\\/\",\"name\":\"Ribeir\u00e3o Preto e Regi\u00e3o\",\"description\":\"Rede NoticiaZ - Ribeir\u00e3o Preto e regi\u00e3o\",\"publisher\":{\"@id\":\"https:\\\/\\\/redenoticiaz.com.br\\\/ribeiraopreto-regiao\\\/#organization\"},\"potentialAction\":[{\"@type\":\"SearchAction\",\"target\":{\"@type\":\"EntryPoint\",\"urlTemplate\":\"https:\\\/\\\/redenoticiaz.com.br\\\/ribeiraopreto-regiao\\\/?s={search_term_string}\"},\"query-input\":{\"@type\":\"PropertyValueSpecification\",\"valueRequired\":true,\"valueName\":\"search_term_string\"}}],\"inLanguage\":\"pt-BR\"},{\"@type\":\"Organization\",\"@id\":\"https:\\\/\\\/redenoticiaz.com.br\\\/ribeiraopreto-regiao\\\/#organization\",\"name\":\"Ribeir\u00e3o Preto e Regi\u00e3o\",\"url\":\"https:\\\/\\\/redenoticiaz.com.br\\\/ribeiraopreto-regiao\\\/\",\"logo\":{\"@type\":\"ImageObject\",\"inLanguage\":\"pt-BR\",\"@id\":\"https:\\\/\\\/redenoticiaz.com.br\\\/ribeiraopreto-regiao\\\/#\\\/schema\\\/logo\\\/image\\\/\",\"url\":\"https:\\\/\\\/redenoticiaz.com.br\\\/barretos-regiao\\\/wp-content\\\/uploads\\\/sites\\\/4\\\/2022\\\/02\\\/logo.jpg\",\"contentUrl\":\"https:\\\/\\\/redenoticiaz.com.br\\\/barretos-regiao\\\/wp-content\\\/uploads\\\/sites\\\/4\\\/2022\\\/02\\\/logo.jpg\",\"width\":400,\"height\":250,\"caption\":\"Ribeir\u00e3o Preto e Regi\u00e3o\"},\"image\":{\"@id\":\"https:\\\/\\\/redenoticiaz.com.br\\\/ribeiraopreto-regiao\\\/#\\\/schema\\\/logo\\\/image\\\/\"},\"sameAs\":[\"https:\\\/\\\/m.facebook.com\\\/redenoticiaz.barretos\",\"https:\\\/\\\/x.com\\\/RN_barretos\",\"https:\\\/\\\/www.instagram.com\\\/redenoticiaz.barretos\\\/?igshid=YmMyMTA2M2Y\",\"https:\\\/\\\/www.linkedin.com\\\/company\\\/rede-noticiaz-barretos-e-regio\\\/\"]},{\"@type\":\"Person\",\"@id\":\"https:\\\/\\\/redenoticiaz.com.br\\\/ribeiraopreto-regiao\\\/#\\\/schema\\\/person\\\/e1b0bd8c2637e2c1b6ddcbc2c33b116f\",\"name\":\"Patr\u00edcia Prado\",\"image\":{\"@type\":\"ImageObject\",\"inLanguage\":\"pt-BR\",\"@id\":\"https:\\\/\\\/secure.gravatar.com\\\/avatar\\\/92e358bef22cfcec15e054ae4d9fee04dadf0c772dc4a17b382b8a34a15354c2?s=96&d=mm&r=g\",\"url\":\"https:\\\/\\\/secure.gravatar.com\\\/avatar\\\/92e358bef22cfcec15e054ae4d9fee04dadf0c772dc4a17b382b8a34a15354c2?s=96&d=mm&r=g\",\"contentUrl\":\"https:\\\/\\\/secure.gravatar.com\\\/avatar\\\/92e358bef22cfcec15e054ae4d9fee04dadf0c772dc4a17b382b8a34a15354c2?s=96&d=mm&r=g\",\"caption\":\"Patr\u00edcia Prado\"},\"url\":\"https:\\\/\\\/redenoticiaz.com.br\\\/ribeiraopreto-regiao\\\/sp\\\/author\\\/patricia-prado\"}]}<\/script>\n<!-- \/ Yoast SEO plugin. -->","yoast_head_json":{"title":"Caminhos da Reportagem investiga a constru\u00e7\u00e3o da identidade parda no Brasil - Ribeir\u00e3o Preto e Regi\u00e3o","robots":{"index":"index","follow":"follow","max-snippet":"max-snippet:-1","max-image-preview":"max-image-preview:large","max-video-preview":"max-video-preview:-1"},"canonical":"https:\/\/redenoticiaz.com.br\/ribeiraopreto-regiao\/sp\/2026\/08\/31\/caminhos-da-reportagem-investiga-a-construcao-da-identidade-parda-no-brasil","og_locale":"pt_BR","og_type":"article","og_title":"Caminhos da Reportagem investiga a constru\u00e7\u00e3o da identidade parda no Brasil - Ribeir\u00e3o Preto e Regi\u00e3o","og_description":"O programa Caminhos da Reportagem, da TV Brasil, aborda nesta segunda-feira (31) o tema &#8220;A Cor do Meio&#8221;, uma investiga\u00e7\u00e3o sobre a constru\u00e7\u00e3o da identidade parda no Brasil e sua presen\u00e7a na sociedade contempor\u00e2nea. A atra\u00e7\u00e3o vai ao ar \u00e0s 23h e traz entrevistas com especialistas, acad\u00eamicos e cidad\u00e3os, oferecendo uma vis\u00e3o ampla sobre essa &hellip;","og_url":"https:\/\/redenoticiaz.com.br\/ribeiraopreto-regiao\/sp\/2026\/08\/31\/caminhos-da-reportagem-investiga-a-construcao-da-identidade-parda-no-brasil","og_site_name":"Ribeir\u00e3o Preto e Regi\u00e3o","article_publisher":"https:\/\/m.facebook.com\/redenoticiaz.barretos","article_published_time":"2026-08-31T13:10:47+00:00","og_image":[{"width":400,"height":250,"url":"https:\/\/redenoticiaz.com.br\/ribeiraopreto-regiao\/wp-content\/uploads\/sites\/4\/2022\/02\/logo.jpg","type":"image\/jpeg"}],"author":"Patr\u00edcia Prado","twitter_card":"summary_large_image","twitter_creator":"@RN_barretos","twitter_site":"@RN_barretos","twitter_misc":{"Escrito por":"Patr\u00edcia Prado","Est. tempo de leitura":"3 minutos"},"schema":{"@context":"https:\/\/schema.org","@graph":[{"@type":"Article","@id":"https:\/\/redenoticiaz.com.br\/ribeiraopreto-regiao\/sp\/2026\/08\/31\/caminhos-da-reportagem-investiga-a-construcao-da-identidade-parda-no-brasil#article","isPartOf":{"@id":"https:\/\/redenoticiaz.com.br\/ribeiraopreto-regiao\/sp\/2026\/08\/31\/caminhos-da-reportagem-investiga-a-construcao-da-identidade-parda-no-brasil"},"author":{"name":"Patr\u00edcia Prado","@id":"https:\/\/redenoticiaz.com.br\/ribeiraopreto-regiao\/#\/schema\/person\/e1b0bd8c2637e2c1b6ddcbc2c33b116f"},"headline":"Caminhos da Reportagem investiga a constru\u00e7\u00e3o da identidade parda no Brasil","datePublished":"2026-08-31T13:10:47+00:00","mainEntityOfPage":{"@id":"https:\/\/redenoticiaz.com.br\/ribeiraopreto-regiao\/sp\/2026\/08\/31\/caminhos-da-reportagem-investiga-a-construcao-da-identidade-parda-no-brasil"},"wordCount":603,"commentCount":0,"publisher":{"@id":"https:\/\/redenoticiaz.com.br\/ribeiraopreto-regiao\/#organization"},"image":{"@id":"https:\/\/redenoticiaz.com.br\/ribeiraopreto-regiao\/sp\/2026\/08\/31\/caminhos-da-reportagem-investiga-a-construcao-da-identidade-parda-no-brasil#primaryimage"},"thumbnailUrl":"https:\/\/redenoticiaz.com.br\/ribeiraopreto-regiao\/wp-content\/uploads\/sites\/4\/2026\/08\/alunos-aprendem-sobre-cultura-e-ancestralidade-no-plantio-do-baoba.jpg","articleSection":["Educa\u00e7\u00e3o","Pol\u00edtica","Trabalho"],"inLanguage":"pt-BR","potentialAction":[{"@type":"CommentAction","name":"Comment","target":["https:\/\/redenoticiaz.com.br\/ribeiraopreto-regiao\/sp\/2026\/08\/31\/caminhos-da-reportagem-investiga-a-construcao-da-identidade-parda-no-brasil#respond"]}]},{"@type":"WebPage","@id":"https:\/\/redenoticiaz.com.br\/ribeiraopreto-regiao\/sp\/2026\/08\/31\/caminhos-da-reportagem-investiga-a-construcao-da-identidade-parda-no-brasil","url":"https:\/\/redenoticiaz.com.br\/ribeiraopreto-regiao\/sp\/2026\/08\/31\/caminhos-da-reportagem-investiga-a-construcao-da-identidade-parda-no-brasil","name":"Caminhos da Reportagem investiga a constru\u00e7\u00e3o da identidade parda no Brasil - Ribeir\u00e3o Preto e Regi\u00e3o","isPartOf":{"@id":"https:\/\/redenoticiaz.com.br\/ribeiraopreto-regiao\/#website"},"primaryImageOfPage":{"@id":"https:\/\/redenoticiaz.com.br\/ribeiraopreto-regiao\/sp\/2026\/08\/31\/caminhos-da-reportagem-investiga-a-construcao-da-identidade-parda-no-brasil#primaryimage"},"image":{"@id":"https:\/\/redenoticiaz.com.br\/ribeiraopreto-regiao\/sp\/2026\/08\/31\/caminhos-da-reportagem-investiga-a-construcao-da-identidade-parda-no-brasil#primaryimage"},"thumbnailUrl":"https:\/\/redenoticiaz.com.br\/ribeiraopreto-regiao\/wp-content\/uploads\/sites\/4\/2026\/08\/alunos-aprendem-sobre-cultura-e-ancestralidade-no-plantio-do-baoba.jpg","datePublished":"2026-08-31T13:10:47+00:00","inLanguage":"pt-BR","potentialAction":[{"@type":"ReadAction","target":["https:\/\/redenoticiaz.com.br\/ribeiraopreto-regiao\/sp\/2026\/08\/31\/caminhos-da-reportagem-investiga-a-construcao-da-identidade-parda-no-brasil"]}]},{"@type":"ImageObject","inLanguage":"pt-BR","@id":"https:\/\/redenoticiaz.com.br\/ribeiraopreto-regiao\/sp\/2026\/08\/31\/caminhos-da-reportagem-investiga-a-construcao-da-identidade-parda-no-brasil#primaryimage","url":"https:\/\/redenoticiaz.com.br\/ribeiraopreto-regiao\/wp-content\/uploads\/sites\/4\/2026\/08\/alunos-aprendem-sobre-cultura-e-ancestralidade-no-plantio-do-baoba.jpg","contentUrl":"https:\/\/redenoticiaz.com.br\/ribeiraopreto-regiao\/wp-content\/uploads\/sites\/4\/2026\/08\/alunos-aprendem-sobre-cultura-e-ancestralidade-no-plantio-do-baoba.jpg","width":1600,"height":800},{"@type":"WebSite","@id":"https:\/\/redenoticiaz.com.br\/ribeiraopreto-regiao\/#website","url":"https:\/\/redenoticiaz.com.br\/ribeiraopreto-regiao\/","name":"Ribeir\u00e3o Preto e Regi\u00e3o","description":"Rede NoticiaZ - Ribeir\u00e3o Preto e regi\u00e3o","publisher":{"@id":"https:\/\/redenoticiaz.com.br\/ribeiraopreto-regiao\/#organization"},"potentialAction":[{"@type":"SearchAction","target":{"@type":"EntryPoint","urlTemplate":"https:\/\/redenoticiaz.com.br\/ribeiraopreto-regiao\/?s={search_term_string}"},"query-input":{"@type":"PropertyValueSpecification","valueRequired":true,"valueName":"search_term_string"}}],"inLanguage":"pt-BR"},{"@type":"Organization","@id":"https:\/\/redenoticiaz.com.br\/ribeiraopreto-regiao\/#organization","name":"Ribeir\u00e3o Preto e Regi\u00e3o","url":"https:\/\/redenoticiaz.com.br\/ribeiraopreto-regiao\/","logo":{"@type":"ImageObject","inLanguage":"pt-BR","@id":"https:\/\/redenoticiaz.com.br\/ribeiraopreto-regiao\/#\/schema\/logo\/image\/","url":"https:\/\/redenoticiaz.com.br\/barretos-regiao\/wp-content\/uploads\/sites\/4\/2022\/02\/logo.jpg","contentUrl":"https:\/\/redenoticiaz.com.br\/barretos-regiao\/wp-content\/uploads\/sites\/4\/2022\/02\/logo.jpg","width":400,"height":250,"caption":"Ribeir\u00e3o Preto e Regi\u00e3o"},"image":{"@id":"https:\/\/redenoticiaz.com.br\/ribeiraopreto-regiao\/#\/schema\/logo\/image\/"},"sameAs":["https:\/\/m.facebook.com\/redenoticiaz.barretos","https:\/\/x.com\/RN_barretos","https:\/\/www.instagram.com\/redenoticiaz.barretos\/?igshid=YmMyMTA2M2Y","https:\/\/www.linkedin.com\/company\/rede-noticiaz-barretos-e-regio\/"]},{"@type":"Person","@id":"https:\/\/redenoticiaz.com.br\/ribeiraopreto-regiao\/#\/schema\/person\/e1b0bd8c2637e2c1b6ddcbc2c33b116f","name":"Patr\u00edcia Prado","image":{"@type":"ImageObject","inLanguage":"pt-BR","@id":"https:\/\/secure.gravatar.com\/avatar\/92e358bef22cfcec15e054ae4d9fee04dadf0c772dc4a17b382b8a34a15354c2?s=96&d=mm&r=g","url":"https:\/\/secure.gravatar.com\/avatar\/92e358bef22cfcec15e054ae4d9fee04dadf0c772dc4a17b382b8a34a15354c2?s=96&d=mm&r=g","contentUrl":"https:\/\/secure.gravatar.com\/avatar\/92e358bef22cfcec15e054ae4d9fee04dadf0c772dc4a17b382b8a34a15354c2?s=96&d=mm&r=g","caption":"Patr\u00edcia Prado"},"url":"https:\/\/redenoticiaz.com.br\/ribeiraopreto-regiao\/sp\/author\/patricia-prado"}]}},"_links":{"self":[{"href":"https:\/\/redenoticiaz.com.br\/ribeiraopreto-regiao\/wp-json\/wp\/v2\/posts\/122904","targetHints":{"allow":["GET"]}}],"collection":[{"href":"https:\/\/redenoticiaz.com.br\/ribeiraopreto-regiao\/wp-json\/wp\/v2\/posts"}],"about":[{"href":"https:\/\/redenoticiaz.com.br\/ribeiraopreto-regiao\/wp-json\/wp\/v2\/types\/post"}],"author":[{"embeddable":true,"href":"https:\/\/redenoticiaz.com.br\/ribeiraopreto-regiao\/wp-json\/wp\/v2\/users\/5"}],"replies":[{"embeddable":true,"href":"https:\/\/redenoticiaz.com.br\/ribeiraopreto-regiao\/wp-json\/wp\/v2\/comments?post=122904"}],"version-history":[{"count":0,"href":"https:\/\/redenoticiaz.com.br\/ribeiraopreto-regiao\/wp-json\/wp\/v2\/posts\/122904\/revisions"}],"wp:featuredmedia":[{"embeddable":true,"href":"https:\/\/redenoticiaz.com.br\/ribeiraopreto-regiao\/wp-json\/wp\/v2\/media\/122905"}],"wp:attachment":[{"href":"https:\/\/redenoticiaz.com.br\/ribeiraopreto-regiao\/wp-json\/wp\/v2\/media?parent=122904"}],"wp:term":[{"taxonomy":"category","embeddable":true,"href":"https:\/\/redenoticiaz.com.br\/ribeiraopreto-regiao\/wp-json\/wp\/v2\/categories?post=122904"},{"taxonomy":"post_tag","embeddable":true,"href":"https:\/\/redenoticiaz.com.br\/ribeiraopreto-regiao\/wp-json\/wp\/v2\/tags?post=122904"}],"curies":[{"name":"wp","href":"https:\/\/api.w.org\/{rel}","templated":true}]}}