{"id":122906,"date":"2026-08-31T10:41:16","date_gmt":"2026-08-31T13:41:16","guid":{"rendered":"https:\/\/redenoticiaz.com.br\/ribeiraopreto-regiao\/sp\/2026\/08\/31\/agenda-dos-candidatos-a-presidencia-inclui-debates-e-caminhadas-hoje"},"modified":"2026-08-31T10:41:16","modified_gmt":"2026-08-31T13:41:16","slug":"agenda-dos-candidatos-a-presidencia-inclui-debates-e-caminhadas-hoje","status":"publish","type":"post","link":"https:\/\/redenoticiaz.com.br\/ribeiraopreto-regiao\/sp\/2026\/08\/31\/agenda-dos-candidatos-a-presidencia-inclui-debates-e-caminhadas-hoje","title":{"rendered":"Agenda dos candidatos \u00e0 presid\u00eancia inclui debates e caminhadas hoje"},"content":{"rendered":"<p>A agenda dos candidatos \u00e0 Presid\u00eancia da Rep\u00fablica nesta segunda-feira (31) est\u00e1 repleta de atividades que incluem sabatinas, debates, caminhadas e a\u00e7\u00f5es de campanha em v\u00e1rias cidades do pa\u00eds.<\/p>\n<p>Al\u00e9m desses compromissos, os candidatos tamb\u00e9m realizam panfletagens e encontros com apoiadores e empres\u00e1rios locais.<\/p>\n<p><strong>Ronaldo Caiado<\/strong> participa de uma sabatina na r\u00e1dio Jovem Pan, no programa <em>Jornal da Manh\u00e3<\/em>, em S\u00e3o Paulo, \u00e0s 8h. \u00c0s 10h, ele se re\u00fane com a diretoria da Associa\u00e7\u00e3o Nacional dos Fabricantes de Ve\u00edculos Automotores (Anfavea). Ao meio-dia e meia, promove um encontro com o Sindicato da Ind\u00fastria da Constru\u00e7\u00e3o Civil do Estado de S\u00e3o Paulo (SindusCon-SP).<\/p>\n<p><strong>Wilson Grassi (Democrata)<\/strong> tem uma reuni\u00e3o de alinhamento com o comit\u00ea de campanha \u00e0s 9h, seguida por grava\u00e7\u00e3o de v\u00eddeos para a campanha com a \u00e1rea de marketing \u00e0s 15h.<\/p>\n<p><strong>Augusto Cury (Avante)<\/strong> agendou um encontro com a equipe do Sebrae Paran\u00e1 em Curitiba para \u00e0s 10h30, mas sua agenda em Florian\u00f3polis foi cancelada por conta do mau tempo.<\/p>\n<p><strong>Clariana Bar\u00e3o<\/strong> participa de uma entrevista na R\u00e1dio Pinel, no Rio Grande do Sul, \u00e0s 21h.<\/p>\n<p><strong>Hertz Dias (PSTU)<\/strong> inicia seu dia com panfletagem e conversas com trabalhadores dos Correios em Porto Alegre \u00e0s 7h30. \u00c0s 9h30, participa de uma caminhada no centro da cidade. Em seguida, visita o campus do Vale da UFRGS \u00e0s 11h30. \u00c0s 15h, se re\u00fane com sindicalistas no Simpe, seguido por mais panfletagem no Hospital de Cl\u00ednicas \u00e0s 17h. \u00c0s 19h, ter\u00e1 um encontro com apoiadores na sede do PSTU.<\/p>\n<p><strong>Renan Santos (Miss\u00e3o)<\/strong> participa do programa <em>Estad\u00e3o Entrevista &#8211; Presidenci\u00e1veis<\/em> em S\u00e3o Paulo \u00e0s 7h30. \u00c0s 11h, tem uma sabatina no jornal Gazeta do Povo e \u00e0s 19h estar\u00e1 na sabatina da Veja em Foco.<\/p>\n<p><strong>Romeu Zema (Novo)<\/strong> se re\u00fane com moradores em Santa C\u00e2ndida, Curitiba, para discutir corrup\u00e7\u00e3o, \u00e0s 12h30.<\/p>\n<p>Os candidatos <strong>Rui Costa Pimenta (PCO)<\/strong>, <strong>Samara Martins (UP)<\/strong>, <strong>Edmilson Costa (PCB)<\/strong>, <strong>Fl\u00e1vio Bolsonaro (PL)<\/strong> e <strong>Luiz In\u00e1cio Lula da Silva (PT)<\/strong> n\u00e3o divulgaram suas agendas de campanha at\u00e9 o momento.<\/p>\n<p>A cobertura da agenda dos candidatos segue um rod\u00edzio di\u00e1rio em ordem alfab\u00e9tica.<\/p>\n<p><em>*Colaborou Paula Laboissi\u00e8re. Texto atualizado \u00e0s 10h32.<\/em><\/p>\n","protected":false},"excerpt":{"rendered":"<p>A agenda dos candidatos \u00e0 Presid\u00eancia da Rep\u00fablica nesta segunda-feira (31) est\u00e1 repleta de atividades que incluem sabatinas, debates, caminhadas e a\u00e7\u00f5es de campanha em v\u00e1rias cidades do pa\u00eds. Al\u00e9m desses compromissos, os candidatos tamb\u00e9m realizam panfletagens e encontros com apoiadores e empres\u00e1rios locais. Ronaldo Caiado participa de uma sabatina na r\u00e1dio Jovem Pan, no &hellip;<\/p>\n","protected":false},"author":5,"featured_media":122907,"comment_status":"open","ping_status":"closed","sticky":false,"template":"","format":"standard","meta":{"footnotes":""},"categories":[101,9271,29902,186,129,2075],"tags":[],"class_list":["post-122906","post","type-post","status-publish","format-standard","has-post-thumbnail","hentry","category-economia","category-eleicoes","category-emprego","category-politica","category-saude","category-trabalho"],"yoast_head":"<!-- This site is optimized with the Yoast SEO plugin v28.3 - https:\/\/yoast.com\/product\/yoast-seo-wordpress\/ -->\n<title>Agenda dos candidatos \u00e0 presid\u00eancia inclui debates e caminhadas hoje - Ribeir\u00e3o Preto e Regi\u00e3o<\/title>\n<meta name=\"robots\" content=\"index, follow, max-snippet:-1, max-image-preview:large, max-video-preview:-1\" \/>\n<link rel=\"canonical\" href=\"https:\/\/redenoticiaz.com.br\/ribeiraopreto-regiao\/sp\/2026\/08\/31\/agenda-dos-candidatos-a-presidencia-inclui-debates-e-caminhadas-hoje\" \/>\n<meta property=\"og:locale\" content=\"pt_BR\" \/>\n<meta property=\"og:type\" content=\"article\" \/>\n<meta property=\"og:title\" content=\"Agenda dos candidatos \u00e0 presid\u00eancia inclui debates e caminhadas hoje - Ribeir\u00e3o Preto e Regi\u00e3o\" \/>\n<meta property=\"og:description\" content=\"A agenda dos candidatos \u00e0 Presid\u00eancia da Rep\u00fablica nesta segunda-feira (31) est\u00e1 repleta de atividades que incluem sabatinas, debates, caminhadas e a\u00e7\u00f5es de campanha em v\u00e1rias cidades do pa\u00eds. Al\u00e9m desses compromissos, os candidatos tamb\u00e9m realizam panfletagens e encontros com apoiadores e empres\u00e1rios locais. Ronaldo Caiado participa de uma sabatina na r\u00e1dio Jovem Pan, no &hellip;\" \/>\n<meta property=\"og:url\" content=\"https:\/\/redenoticiaz.com.br\/ribeiraopreto-regiao\/sp\/2026\/08\/31\/agenda-dos-candidatos-a-presidencia-inclui-debates-e-caminhadas-hoje\" \/>\n<meta property=\"og:site_name\" content=\"Ribeir\u00e3o Preto e Regi\u00e3o\" \/>\n<meta property=\"article:publisher\" content=\"https:\/\/m.facebook.com\/redenoticiaz.barretos\" \/>\n<meta property=\"article:published_time\" content=\"2026-08-31T13:41:16+00:00\" \/>\n<meta property=\"og:image\" content=\"https:\/\/redenoticiaz.com.br\/ribeiraopreto-regiao\/wp-content\/uploads\/sites\/4\/2022\/02\/logo.jpg\" \/>\n\t<meta property=\"og:image:width\" content=\"400\" \/>\n\t<meta property=\"og:image:height\" content=\"250\" \/>\n\t<meta property=\"og:image:type\" content=\"image\/jpeg\" \/>\n<meta name=\"author\" content=\"Patr\u00edcia Prado\" \/>\n<meta name=\"twitter:card\" content=\"summary_large_image\" \/>\n<meta name=\"twitter:creator\" content=\"@RN_barretos\" \/>\n<meta name=\"twitter:site\" content=\"@RN_barretos\" \/>\n<meta name=\"twitter:label1\" content=\"Escrito por\" \/>\n\t<meta name=\"twitter:data1\" content=\"Patr\u00edcia Prado\" \/>\n\t<meta name=\"twitter:label2\" content=\"Est. tempo de leitura\" \/>\n\t<meta name=\"twitter:data2\" content=\"2 minutos\" \/>\n<script type=\"application\/ld+json\" class=\"yoast-schema-graph\">{\"@context\":\"https:\\\/\\\/schema.org\",\"@graph\":[{\"@type\":\"Article\",\"@id\":\"https:\\\/\\\/redenoticiaz.com.br\\\/ribeiraopreto-regiao\\\/sp\\\/2026\\\/08\\\/31\\\/agenda-dos-candidatos-a-presidencia-inclui-debates-e-caminhadas-hoje#article\",\"isPartOf\":{\"@id\":\"https:\\\/\\\/redenoticiaz.com.br\\\/ribeiraopreto-regiao\\\/sp\\\/2026\\\/08\\\/31\\\/agenda-dos-candidatos-a-presidencia-inclui-debates-e-caminhadas-hoje\"},\"author\":{\"name\":\"Patr\u00edcia Prado\",\"@id\":\"https:\\\/\\\/redenoticiaz.com.br\\\/ribeiraopreto-regiao\\\/#\\\/schema\\\/person\\\/e1b0bd8c2637e2c1b6ddcbc2c33b116f\"},\"headline\":\"Agenda dos candidatos \u00e0 presid\u00eancia inclui debates e caminhadas hoje\",\"datePublished\":\"2026-08-31T13:41:16+00:00\",\"mainEntityOfPage\":{\"@id\":\"https:\\\/\\\/redenoticiaz.com.br\\\/ribeiraopreto-regiao\\\/sp\\\/2026\\\/08\\\/31\\\/agenda-dos-candidatos-a-presidencia-inclui-debates-e-caminhadas-hoje\"},\"wordCount\":394,\"commentCount\":0,\"publisher\":{\"@id\":\"https:\\\/\\\/redenoticiaz.com.br\\\/ribeiraopreto-regiao\\\/#organization\"},\"image\":{\"@id\":\"https:\\\/\\\/redenoticiaz.com.br\\\/ribeiraopreto-regiao\\\/sp\\\/2026\\\/08\\\/31\\\/agenda-dos-candidatos-a-presidencia-inclui-debates-e-caminhadas-hoje#primaryimage\"},\"thumbnailUrl\":\"https:\\\/\\\/redenoticiaz.com.br\\\/ribeiraopreto-regiao\\\/wp-content\\\/uploads\\\/sites\\\/4\\\/2026\\\/08\\\/1788183677_banner_agenda_-_1170x700.png\",\"articleSection\":[\"Economia\",\"Elei\u00e7\u00f5es\",\"Emprego\",\"Pol\u00edtica\",\"Sa\u00fade\",\"Trabalho\"],\"inLanguage\":\"pt-BR\",\"potentialAction\":[{\"@type\":\"CommentAction\",\"name\":\"Comment\",\"target\":[\"https:\\\/\\\/redenoticiaz.com.br\\\/ribeiraopreto-regiao\\\/sp\\\/2026\\\/08\\\/31\\\/agenda-dos-candidatos-a-presidencia-inclui-debates-e-caminhadas-hoje#respond\"]}]},{\"@type\":\"WebPage\",\"@id\":\"https:\\\/\\\/redenoticiaz.com.br\\\/ribeiraopreto-regiao\\\/sp\\\/2026\\\/08\\\/31\\\/agenda-dos-candidatos-a-presidencia-inclui-debates-e-caminhadas-hoje\",\"url\":\"https:\\\/\\\/redenoticiaz.com.br\\\/ribeiraopreto-regiao\\\/sp\\\/2026\\\/08\\\/31\\\/agenda-dos-candidatos-a-presidencia-inclui-debates-e-caminhadas-hoje\",\"name\":\"Agenda dos candidatos \u00e0 presid\u00eancia inclui debates e caminhadas hoje - Ribeir\u00e3o Preto e Regi\u00e3o\",\"isPartOf\":{\"@id\":\"https:\\\/\\\/redenoticiaz.com.br\\\/ribeiraopreto-regiao\\\/#website\"},\"primaryImageOfPage\":{\"@id\":\"https:\\\/\\\/redenoticiaz.com.br\\\/ribeiraopreto-regiao\\\/sp\\\/2026\\\/08\\\/31\\\/agenda-dos-candidatos-a-presidencia-inclui-debates-e-caminhadas-hoje#primaryimage\"},\"image\":{\"@id\":\"https:\\\/\\\/redenoticiaz.com.br\\\/ribeiraopreto-regiao\\\/sp\\\/2026\\\/08\\\/31\\\/agenda-dos-candidatos-a-presidencia-inclui-debates-e-caminhadas-hoje#primaryimage\"},\"thumbnailUrl\":\"https:\\\/\\\/redenoticiaz.com.br\\\/ribeiraopreto-regiao\\\/wp-content\\\/uploads\\\/sites\\\/4\\\/2026\\\/08\\\/1788183677_banner_agenda_-_1170x700.png\",\"datePublished\":\"2026-08-31T13:41:16+00:00\",\"inLanguage\":\"pt-BR\",\"potentialAction\":[{\"@type\":\"ReadAction\",\"target\":[\"https:\\\/\\\/redenoticiaz.com.br\\\/ribeiraopreto-regiao\\\/sp\\\/2026\\\/08\\\/31\\\/agenda-dos-candidatos-a-presidencia-inclui-debates-e-caminhadas-hoje\"]}]},{\"@type\":\"ImageObject\",\"inLanguage\":\"pt-BR\",\"@id\":\"https:\\\/\\\/redenoticiaz.com.br\\\/ribeiraopreto-regiao\\\/sp\\\/2026\\\/08\\\/31\\\/agenda-dos-candidatos-a-presidencia-inclui-debates-e-caminhadas-hoje#primaryimage\",\"url\":\"https:\\\/\\\/redenoticiaz.com.br\\\/ribeiraopreto-regiao\\\/wp-content\\\/uploads\\\/sites\\\/4\\\/2026\\\/08\\\/1788183677_banner_agenda_-_1170x700.png\",\"contentUrl\":\"https:\\\/\\\/redenoticiaz.com.br\\\/ribeiraopreto-regiao\\\/wp-content\\\/uploads\\\/sites\\\/4\\\/2026\\\/08\\\/1788183677_banner_agenda_-_1170x700.png\",\"width\":1600,\"height\":800},{\"@type\":\"WebSite\",\"@id\":\"https:\\\/\\\/redenoticiaz.com.br\\\/ribeiraopreto-regiao\\\/#website\",\"url\":\"https:\\\/\\\/redenoticiaz.com.br\\\/ribeiraopreto-regiao\\\/\",\"name\":\"Ribeir\u00e3o Preto e Regi\u00e3o\",\"description\":\"Rede NoticiaZ - Ribeir\u00e3o Preto e regi\u00e3o\",\"publisher\":{\"@id\":\"https:\\\/\\\/redenoticiaz.com.br\\\/ribeiraopreto-regiao\\\/#organization\"},\"potentialAction\":[{\"@type\":\"SearchAction\",\"target\":{\"@type\":\"EntryPoint\",\"urlTemplate\":\"https:\\\/\\\/redenoticiaz.com.br\\\/ribeiraopreto-regiao\\\/?s={search_term_string}\"},\"query-input\":{\"@type\":\"PropertyValueSpecification\",\"valueRequired\":true,\"valueName\":\"search_term_string\"}}],\"inLanguage\":\"pt-BR\"},{\"@type\":\"Organization\",\"@id\":\"https:\\\/\\\/redenoticiaz.com.br\\\/ribeiraopreto-regiao\\\/#organization\",\"name\":\"Ribeir\u00e3o Preto e Regi\u00e3o\",\"url\":\"https:\\\/\\\/redenoticiaz.com.br\\\/ribeiraopreto-regiao\\\/\",\"logo\":{\"@type\":\"ImageObject\",\"inLanguage\":\"pt-BR\",\"@id\":\"https:\\\/\\\/redenoticiaz.com.br\\\/ribeiraopreto-regiao\\\/#\\\/schema\\\/logo\\\/image\\\/\",\"url\":\"https:\\\/\\\/redenoticiaz.com.br\\\/barretos-regiao\\\/wp-content\\\/uploads\\\/sites\\\/4\\\/2022\\\/02\\\/logo.jpg\",\"contentUrl\":\"https:\\\/\\\/redenoticiaz.com.br\\\/barretos-regiao\\\/wp-content\\\/uploads\\\/sites\\\/4\\\/2022\\\/02\\\/logo.jpg\",\"width\":400,\"height\":250,\"caption\":\"Ribeir\u00e3o Preto e Regi\u00e3o\"},\"image\":{\"@id\":\"https:\\\/\\\/redenoticiaz.com.br\\\/ribeiraopreto-regiao\\\/#\\\/schema\\\/logo\\\/image\\\/\"},\"sameAs\":[\"https:\\\/\\\/m.facebook.com\\\/redenoticiaz.barretos\",\"https:\\\/\\\/x.com\\\/RN_barretos\",\"https:\\\/\\\/www.instagram.com\\\/redenoticiaz.barretos\\\/?igshid=YmMyMTA2M2Y\",\"https:\\\/\\\/www.linkedin.com\\\/company\\\/rede-noticiaz-barretos-e-regio\\\/\"]},{\"@type\":\"Person\",\"@id\":\"https:\\\/\\\/redenoticiaz.com.br\\\/ribeiraopreto-regiao\\\/#\\\/schema\\\/person\\\/e1b0bd8c2637e2c1b6ddcbc2c33b116f\",\"name\":\"Patr\u00edcia Prado\",\"image\":{\"@type\":\"ImageObject\",\"inLanguage\":\"pt-BR\",\"@id\":\"https:\\\/\\\/secure.gravatar.com\\\/avatar\\\/92e358bef22cfcec15e054ae4d9fee04dadf0c772dc4a17b382b8a34a15354c2?s=96&d=mm&r=g\",\"url\":\"https:\\\/\\\/secure.gravatar.com\\\/avatar\\\/92e358bef22cfcec15e054ae4d9fee04dadf0c772dc4a17b382b8a34a15354c2?s=96&d=mm&r=g\",\"contentUrl\":\"https:\\\/\\\/secure.gravatar.com\\\/avatar\\\/92e358bef22cfcec15e054ae4d9fee04dadf0c772dc4a17b382b8a34a15354c2?s=96&d=mm&r=g\",\"caption\":\"Patr\u00edcia Prado\"},\"url\":\"https:\\\/\\\/redenoticiaz.com.br\\\/ribeiraopreto-regiao\\\/sp\\\/author\\\/patricia-prado\"}]}<\/script>\n<!-- \/ Yoast SEO plugin. -->","yoast_head_json":{"title":"Agenda dos candidatos \u00e0 presid\u00eancia inclui debates e caminhadas hoje - Ribeir\u00e3o Preto e Regi\u00e3o","robots":{"index":"index","follow":"follow","max-snippet":"max-snippet:-1","max-image-preview":"max-image-preview:large","max-video-preview":"max-video-preview:-1"},"canonical":"https:\/\/redenoticiaz.com.br\/ribeiraopreto-regiao\/sp\/2026\/08\/31\/agenda-dos-candidatos-a-presidencia-inclui-debates-e-caminhadas-hoje","og_locale":"pt_BR","og_type":"article","og_title":"Agenda dos candidatos \u00e0 presid\u00eancia inclui debates e caminhadas hoje - Ribeir\u00e3o Preto e Regi\u00e3o","og_description":"A agenda dos candidatos \u00e0 Presid\u00eancia da Rep\u00fablica nesta segunda-feira (31) est\u00e1 repleta de atividades que incluem sabatinas, debates, caminhadas e a\u00e7\u00f5es de campanha em v\u00e1rias cidades do pa\u00eds. Al\u00e9m desses compromissos, os candidatos tamb\u00e9m realizam panfletagens e encontros com apoiadores e empres\u00e1rios locais. Ronaldo Caiado participa de uma sabatina na r\u00e1dio Jovem Pan, no &hellip;","og_url":"https:\/\/redenoticiaz.com.br\/ribeiraopreto-regiao\/sp\/2026\/08\/31\/agenda-dos-candidatos-a-presidencia-inclui-debates-e-caminhadas-hoje","og_site_name":"Ribeir\u00e3o Preto e Regi\u00e3o","article_publisher":"https:\/\/m.facebook.com\/redenoticiaz.barretos","article_published_time":"2026-08-31T13:41:16+00:00","og_image":[{"width":400,"height":250,"url":"https:\/\/redenoticiaz.com.br\/ribeiraopreto-regiao\/wp-content\/uploads\/sites\/4\/2022\/02\/logo.jpg","type":"image\/jpeg"}],"author":"Patr\u00edcia Prado","twitter_card":"summary_large_image","twitter_creator":"@RN_barretos","twitter_site":"@RN_barretos","twitter_misc":{"Escrito por":"Patr\u00edcia Prado","Est. tempo de leitura":"2 minutos"},"schema":{"@context":"https:\/\/schema.org","@graph":[{"@type":"Article","@id":"https:\/\/redenoticiaz.com.br\/ribeiraopreto-regiao\/sp\/2026\/08\/31\/agenda-dos-candidatos-a-presidencia-inclui-debates-e-caminhadas-hoje#article","isPartOf":{"@id":"https:\/\/redenoticiaz.com.br\/ribeiraopreto-regiao\/sp\/2026\/08\/31\/agenda-dos-candidatos-a-presidencia-inclui-debates-e-caminhadas-hoje"},"author":{"name":"Patr\u00edcia Prado","@id":"https:\/\/redenoticiaz.com.br\/ribeiraopreto-regiao\/#\/schema\/person\/e1b0bd8c2637e2c1b6ddcbc2c33b116f"},"headline":"Agenda dos candidatos \u00e0 presid\u00eancia inclui debates e caminhadas hoje","datePublished":"2026-08-31T13:41:16+00:00","mainEntityOfPage":{"@id":"https:\/\/redenoticiaz.com.br\/ribeiraopreto-regiao\/sp\/2026\/08\/31\/agenda-dos-candidatos-a-presidencia-inclui-debates-e-caminhadas-hoje"},"wordCount":394,"commentCount":0,"publisher":{"@id":"https:\/\/redenoticiaz.com.br\/ribeiraopreto-regiao\/#organization"},"image":{"@id":"https:\/\/redenoticiaz.com.br\/ribeiraopreto-regiao\/sp\/2026\/08\/31\/agenda-dos-candidatos-a-presidencia-inclui-debates-e-caminhadas-hoje#primaryimage"},"thumbnailUrl":"https:\/\/redenoticiaz.com.br\/ribeiraopreto-regiao\/wp-content\/uploads\/sites\/4\/2026\/08\/1788183677_banner_agenda_-_1170x700.png","articleSection":["Economia","Elei\u00e7\u00f5es","Emprego","Pol\u00edtica","Sa\u00fade","Trabalho"],"inLanguage":"pt-BR","potentialAction":[{"@type":"CommentAction","name":"Comment","target":["https:\/\/redenoticiaz.com.br\/ribeiraopreto-regiao\/sp\/2026\/08\/31\/agenda-dos-candidatos-a-presidencia-inclui-debates-e-caminhadas-hoje#respond"]}]},{"@type":"WebPage","@id":"https:\/\/redenoticiaz.com.br\/ribeiraopreto-regiao\/sp\/2026\/08\/31\/agenda-dos-candidatos-a-presidencia-inclui-debates-e-caminhadas-hoje","url":"https:\/\/redenoticiaz.com.br\/ribeiraopreto-regiao\/sp\/2026\/08\/31\/agenda-dos-candidatos-a-presidencia-inclui-debates-e-caminhadas-hoje","name":"Agenda dos candidatos \u00e0 presid\u00eancia inclui debates e caminhadas hoje - Ribeir\u00e3o Preto e Regi\u00e3o","isPartOf":{"@id":"https:\/\/redenoticiaz.com.br\/ribeiraopreto-regiao\/#website"},"primaryImageOfPage":{"@id":"https:\/\/redenoticiaz.com.br\/ribeiraopreto-regiao\/sp\/2026\/08\/31\/agenda-dos-candidatos-a-presidencia-inclui-debates-e-caminhadas-hoje#primaryimage"},"image":{"@id":"https:\/\/redenoticiaz.com.br\/ribeiraopreto-regiao\/sp\/2026\/08\/31\/agenda-dos-candidatos-a-presidencia-inclui-debates-e-caminhadas-hoje#primaryimage"},"thumbnailUrl":"https:\/\/redenoticiaz.com.br\/ribeiraopreto-regiao\/wp-content\/uploads\/sites\/4\/2026\/08\/1788183677_banner_agenda_-_1170x700.png","datePublished":"2026-08-31T13:41:16+00:00","inLanguage":"pt-BR","potentialAction":[{"@type":"ReadAction","target":["https:\/\/redenoticiaz.com.br\/ribeiraopreto-regiao\/sp\/2026\/08\/31\/agenda-dos-candidatos-a-presidencia-inclui-debates-e-caminhadas-hoje"]}]},{"@type":"ImageObject","inLanguage":"pt-BR","@id":"https:\/\/redenoticiaz.com.br\/ribeiraopreto-regiao\/sp\/2026\/08\/31\/agenda-dos-candidatos-a-presidencia-inclui-debates-e-caminhadas-hoje#primaryimage","url":"https:\/\/redenoticiaz.com.br\/ribeiraopreto-regiao\/wp-content\/uploads\/sites\/4\/2026\/08\/1788183677_banner_agenda_-_1170x700.png","contentUrl":"https:\/\/redenoticiaz.com.br\/ribeiraopreto-regiao\/wp-content\/uploads\/sites\/4\/2026\/08\/1788183677_banner_agenda_-_1170x700.png","width":1600,"height":800},{"@type":"WebSite","@id":"https:\/\/redenoticiaz.com.br\/ribeiraopreto-regiao\/#website","url":"https:\/\/redenoticiaz.com.br\/ribeiraopreto-regiao\/","name":"Ribeir\u00e3o Preto e Regi\u00e3o","description":"Rede NoticiaZ - Ribeir\u00e3o Preto e regi\u00e3o","publisher":{"@id":"https:\/\/redenoticiaz.com.br\/ribeiraopreto-regiao\/#organization"},"potentialAction":[{"@type":"SearchAction","target":{"@type":"EntryPoint","urlTemplate":"https:\/\/redenoticiaz.com.br\/ribeiraopreto-regiao\/?s={search_term_string}"},"query-input":{"@type":"PropertyValueSpecification","valueRequired":true,"valueName":"search_term_string"}}],"inLanguage":"pt-BR"},{"@type":"Organization","@id":"https:\/\/redenoticiaz.com.br\/ribeiraopreto-regiao\/#organization","name":"Ribeir\u00e3o Preto e Regi\u00e3o","url":"https:\/\/redenoticiaz.com.br\/ribeiraopreto-regiao\/","logo":{"@type":"ImageObject","inLanguage":"pt-BR","@id":"https:\/\/redenoticiaz.com.br\/ribeiraopreto-regiao\/#\/schema\/logo\/image\/","url":"https:\/\/redenoticiaz.com.br\/barretos-regiao\/wp-content\/uploads\/sites\/4\/2022\/02\/logo.jpg","contentUrl":"https:\/\/redenoticiaz.com.br\/barretos-regiao\/wp-content\/uploads\/sites\/4\/2022\/02\/logo.jpg","width":400,"height":250,"caption":"Ribeir\u00e3o Preto e Regi\u00e3o"},"image":{"@id":"https:\/\/redenoticiaz.com.br\/ribeiraopreto-regiao\/#\/schema\/logo\/image\/"},"sameAs":["https:\/\/m.facebook.com\/redenoticiaz.barretos","https:\/\/x.com\/RN_barretos","https:\/\/www.instagram.com\/redenoticiaz.barretos\/?igshid=YmMyMTA2M2Y","https:\/\/www.linkedin.com\/company\/rede-noticiaz-barretos-e-regio\/"]},{"@type":"Person","@id":"https:\/\/redenoticiaz.com.br\/ribeiraopreto-regiao\/#\/schema\/person\/e1b0bd8c2637e2c1b6ddcbc2c33b116f","name":"Patr\u00edcia Prado","image":{"@type":"ImageObject","inLanguage":"pt-BR","@id":"https:\/\/secure.gravatar.com\/avatar\/92e358bef22cfcec15e054ae4d9fee04dadf0c772dc4a17b382b8a34a15354c2?s=96&d=mm&r=g","url":"https:\/\/secure.gravatar.com\/avatar\/92e358bef22cfcec15e054ae4d9fee04dadf0c772dc4a17b382b8a34a15354c2?s=96&d=mm&r=g","contentUrl":"https:\/\/secure.gravatar.com\/avatar\/92e358bef22cfcec15e054ae4d9fee04dadf0c772dc4a17b382b8a34a15354c2?s=96&d=mm&r=g","caption":"Patr\u00edcia Prado"},"url":"https:\/\/redenoticiaz.com.br\/ribeiraopreto-regiao\/sp\/author\/patricia-prado"}]}},"_links":{"self":[{"href":"https:\/\/redenoticiaz.com.br\/ribeiraopreto-regiao\/wp-json\/wp\/v2\/posts\/122906","targetHints":{"allow":["GET"]}}],"collection":[{"href":"https:\/\/redenoticiaz.com.br\/ribeiraopreto-regiao\/wp-json\/wp\/v2\/posts"}],"about":[{"href":"https:\/\/redenoticiaz.com.br\/ribeiraopreto-regiao\/wp-json\/wp\/v2\/types\/post"}],"author":[{"embeddable":true,"href":"https:\/\/redenoticiaz.com.br\/ribeiraopreto-regiao\/wp-json\/wp\/v2\/users\/5"}],"replies":[{"embeddable":true,"href":"https:\/\/redenoticiaz.com.br\/ribeiraopreto-regiao\/wp-json\/wp\/v2\/comments?post=122906"}],"version-history":[{"count":0,"href":"https:\/\/redenoticiaz.com.br\/ribeiraopreto-regiao\/wp-json\/wp\/v2\/posts\/122906\/revisions"}],"wp:featuredmedia":[{"embeddable":true,"href":"https:\/\/redenoticiaz.com.br\/ribeiraopreto-regiao\/wp-json\/wp\/v2\/media\/122907"}],"wp:attachment":[{"href":"https:\/\/redenoticiaz.com.br\/ribeiraopreto-regiao\/wp-json\/wp\/v2\/media?parent=122906"}],"wp:term":[{"taxonomy":"category","embeddable":true,"href":"https:\/\/redenoticiaz.com.br\/ribeiraopreto-regiao\/wp-json\/wp\/v2\/categories?post=122906"},{"taxonomy":"post_tag","embeddable":true,"href":"https:\/\/redenoticiaz.com.br\/ribeiraopreto-regiao\/wp-json\/wp\/v2\/tags?post=122906"}],"curies":[{"name":"wp","href":"https:\/\/api.w.org\/{rel}","templated":true}]}}