{"id":122921,"date":"2026-08-31T13:16:00","date_gmt":"2026-08-31T16:16:00","guid":{"rendered":"https:\/\/redenoticiaz.com.br\/ribeiraopreto-regiao\/sp\/2026\/08\/31\/brasil-e-eua-reiniciam-negociacoes-apos-tarifas-de-25-e-125"},"modified":"2026-08-31T13:16:00","modified_gmt":"2026-08-31T16:16:00","slug":"brasil-e-eua-reiniciam-negociacoes-apos-tarifas-de-25-e-125","status":"publish","type":"post","link":"https:\/\/redenoticiaz.com.br\/ribeiraopreto-regiao\/sp\/2026\/08\/31\/brasil-e-eua-reiniciam-negociacoes-apos-tarifas-de-25-e-125","title":{"rendered":"Brasil e EUA reiniciam negocia\u00e7\u00f5es ap\u00f3s tarifas de 25% e 12,5%"},"content":{"rendered":"<p>Os governos do Brasil e dos Estados Unidos retomam, nesta segunda-feira (31), as negocia\u00e7\u00f5es comerciais ap\u00f3s a aplica\u00e7\u00e3o, por parte da Casa Branca, de uma tarifa de 25% sobre algumas importa\u00e7\u00f5es brasileiras, implementada no final de julho.<\/p>\n<p>A retomada das conversas se d\u00e1 ap\u00f3s uma liga\u00e7\u00e3o entre os presidentes Luiz In\u00e1cio Lula da Silva e Donald Trump em 21 de agosto, durante a qual Lula reiterou a posi\u00e7\u00e3o do Brasil de que as tarifas s\u00e3o infundadas. Trump, por sua vez, prop\u00f4s reiniciar as discuss\u00f5es entre as equipes dos dois pa\u00edses.<\/p>\n<p>Al\u00e9m da tarifa de 25%, o Brasil enfrentou uma nova imposi\u00e7\u00e3o de 12,5% sob a justificativa de supostas falhas no combate ao trabalho for\u00e7ado. Essa mesma justificativa foi utilizada pelos EUA para taxar um total de 59 pa\u00edses e a Uni\u00e3o Europeia.<\/p>\n<p>O governo brasileiro acredita que a justificativa para essa nova tarifa foi criada como uma forma de contornar a decis\u00e3o da Suprema Corte dos EUA, que anulou tarifas anteriores em fevereiro. De acordo com Bras\u00edlia, essa \u00e9 uma nova tentativa do governo Trump de justificar tarifas que j\u00e1 haviam sido derrubadas judicialmente.<\/p>\n<p>Para a tarifa de 25%, a administra\u00e7\u00e3o Trump se baseou em uma investiga\u00e7\u00e3o do Escrit\u00f3rio do Representante Comercial dos EUA (USTR), que alega que o Brasil adota pr\u00e1ticas comerciais desleais, especialmente em rela\u00e7\u00e3o a pagamentos eletr\u00f4nicos, como o Pix, e ao acesso ao mercado de etanol.<\/p>\n<p>O governo brasileiro contesta a validade dessas justificativas, argumentando que a tarifa tem motiva\u00e7\u00f5es pol\u00edticas. O ministro das Rela\u00e7\u00f5es Exteriores, Mauro Vieira, afirmou que os negociadores dos EUA estavam exigindo a abertura total do mercado brasileiro sem oferecer contrapartidas.<\/p>\n<p>A imposi\u00e7\u00e3o de tarifas por parte do governo Trump ocorre em um contexto de busca pela reafirma\u00e7\u00e3o da &#8220;proemin\u00eancia&#8221; dos EUA na Am\u00e9rica Latina, principalmente em face do crescimento da influ\u00eancia econ\u00f4mica da China na regi\u00e3o. Bras\u00edlia tamb\u00e9m v\u00ea isso como uma tentativa de influenciar as elei\u00e7\u00f5es gerais de outubro no Brasil.<\/p>\n","protected":false},"excerpt":{"rendered":"<p>Os governos do Brasil e dos Estados Unidos retomam, nesta segunda-feira (31), as negocia\u00e7\u00f5es comerciais ap\u00f3s a aplica\u00e7\u00e3o, por parte da Casa Branca, de uma tarifa de 25% sobre algumas importa\u00e7\u00f5es brasileiras, implementada no final de julho. A retomada das conversas se d\u00e1 ap\u00f3s uma liga\u00e7\u00e3o entre os presidentes Luiz In\u00e1cio Lula da Silva e &hellip;<\/p>\n","protected":false},"author":5,"featured_media":122922,"comment_status":"open","ping_status":"closed","sticky":false,"template":"","format":"standard","meta":{"footnotes":""},"categories":[9271,68,186,2075],"tags":[],"class_list":["post-122921","post","type-post","status-publish","format-standard","has-post-thumbnail","hentry","category-eleicoes","category-mundo","category-politica","category-trabalho"],"yoast_head":"<!-- This site is optimized with the Yoast SEO plugin v28.3 - https:\/\/yoast.com\/product\/yoast-seo-wordpress\/ -->\n<title>Brasil e EUA reiniciam negocia\u00e7\u00f5es ap\u00f3s tarifas de 25% e 12,5% - Ribeir\u00e3o Preto e Regi\u00e3o<\/title>\n<meta name=\"robots\" content=\"index, follow, max-snippet:-1, max-image-preview:large, max-video-preview:-1\" \/>\n<link rel=\"canonical\" href=\"https:\/\/redenoticiaz.com.br\/ribeiraopreto-regiao\/sp\/2026\/08\/31\/brasil-e-eua-reiniciam-negociacoes-apos-tarifas-de-25-e-125\" \/>\n<meta property=\"og:locale\" content=\"pt_BR\" \/>\n<meta property=\"og:type\" content=\"article\" \/>\n<meta property=\"og:title\" content=\"Brasil e EUA reiniciam negocia\u00e7\u00f5es ap\u00f3s tarifas de 25% e 12,5% - Ribeir\u00e3o Preto e Regi\u00e3o\" \/>\n<meta property=\"og:description\" content=\"Os governos do Brasil e dos Estados Unidos retomam, nesta segunda-feira (31), as negocia\u00e7\u00f5es comerciais ap\u00f3s a aplica\u00e7\u00e3o, por parte da Casa Branca, de uma tarifa de 25% sobre algumas importa\u00e7\u00f5es brasileiras, implementada no final de julho. A retomada das conversas se d\u00e1 ap\u00f3s uma liga\u00e7\u00e3o entre os presidentes Luiz In\u00e1cio Lula da Silva e &hellip;\" \/>\n<meta property=\"og:url\" content=\"https:\/\/redenoticiaz.com.br\/ribeiraopreto-regiao\/sp\/2026\/08\/31\/brasil-e-eua-reiniciam-negociacoes-apos-tarifas-de-25-e-125\" \/>\n<meta property=\"og:site_name\" content=\"Ribeir\u00e3o Preto e Regi\u00e3o\" \/>\n<meta property=\"article:publisher\" content=\"https:\/\/m.facebook.com\/redenoticiaz.barretos\" \/>\n<meta property=\"article:published_time\" content=\"2026-08-31T16:16:00+00:00\" \/>\n<meta property=\"og:image\" content=\"https:\/\/redenoticiaz.com.br\/ribeiraopreto-regiao\/wp-content\/uploads\/sites\/4\/2022\/02\/logo.jpg\" \/>\n\t<meta property=\"og:image:width\" content=\"400\" \/>\n\t<meta property=\"og:image:height\" content=\"250\" \/>\n\t<meta property=\"og:image:type\" content=\"image\/jpeg\" \/>\n<meta name=\"author\" content=\"Patr\u00edcia Prado\" \/>\n<meta name=\"twitter:card\" content=\"summary_large_image\" \/>\n<meta name=\"twitter:creator\" content=\"@RN_barretos\" \/>\n<meta name=\"twitter:site\" content=\"@RN_barretos\" \/>\n<meta name=\"twitter:label1\" content=\"Escrito por\" \/>\n\t<meta name=\"twitter:data1\" content=\"Patr\u00edcia Prado\" \/>\n\t<meta name=\"twitter:label2\" content=\"Est. tempo de leitura\" \/>\n\t<meta name=\"twitter:data2\" content=\"2 minutos\" \/>\n<script type=\"application\/ld+json\" class=\"yoast-schema-graph\">{\"@context\":\"https:\\\/\\\/schema.org\",\"@graph\":[{\"@type\":\"Article\",\"@id\":\"https:\\\/\\\/redenoticiaz.com.br\\\/ribeiraopreto-regiao\\\/sp\\\/2026\\\/08\\\/31\\\/brasil-e-eua-reiniciam-negociacoes-apos-tarifas-de-25-e-125#article\",\"isPartOf\":{\"@id\":\"https:\\\/\\\/redenoticiaz.com.br\\\/ribeiraopreto-regiao\\\/sp\\\/2026\\\/08\\\/31\\\/brasil-e-eua-reiniciam-negociacoes-apos-tarifas-de-25-e-125\"},\"author\":{\"name\":\"Patr\u00edcia Prado\",\"@id\":\"https:\\\/\\\/redenoticiaz.com.br\\\/ribeiraopreto-regiao\\\/#\\\/schema\\\/person\\\/e1b0bd8c2637e2c1b6ddcbc2c33b116f\"},\"headline\":\"Brasil e EUA reiniciam negocia\u00e7\u00f5es ap\u00f3s tarifas de 25% e 12,5%\",\"datePublished\":\"2026-08-31T16:16:00+00:00\",\"mainEntityOfPage\":{\"@id\":\"https:\\\/\\\/redenoticiaz.com.br\\\/ribeiraopreto-regiao\\\/sp\\\/2026\\\/08\\\/31\\\/brasil-e-eua-reiniciam-negociacoes-apos-tarifas-de-25-e-125\"},\"wordCount\":362,\"commentCount\":0,\"publisher\":{\"@id\":\"https:\\\/\\\/redenoticiaz.com.br\\\/ribeiraopreto-regiao\\\/#organization\"},\"image\":{\"@id\":\"https:\\\/\\\/redenoticiaz.com.br\\\/ribeiraopreto-regiao\\\/sp\\\/2026\\\/08\\\/31\\\/brasil-e-eua-reiniciam-negociacoes-apos-tarifas-de-25-e-125#primaryimage\"},\"thumbnailUrl\":\"https:\\\/\\\/redenoticiaz.com.br\\\/ribeiraopreto-regiao\\\/wp-content\\\/uploads\\\/sites\\\/4\\\/2026\\\/08\\\/mca_abr_24041914609.jpg\",\"articleSection\":[\"Elei\u00e7\u00f5es\",\"Mundo\",\"Pol\u00edtica\",\"Trabalho\"],\"inLanguage\":\"pt-BR\",\"potentialAction\":[{\"@type\":\"CommentAction\",\"name\":\"Comment\",\"target\":[\"https:\\\/\\\/redenoticiaz.com.br\\\/ribeiraopreto-regiao\\\/sp\\\/2026\\\/08\\\/31\\\/brasil-e-eua-reiniciam-negociacoes-apos-tarifas-de-25-e-125#respond\"]}]},{\"@type\":\"WebPage\",\"@id\":\"https:\\\/\\\/redenoticiaz.com.br\\\/ribeiraopreto-regiao\\\/sp\\\/2026\\\/08\\\/31\\\/brasil-e-eua-reiniciam-negociacoes-apos-tarifas-de-25-e-125\",\"url\":\"https:\\\/\\\/redenoticiaz.com.br\\\/ribeiraopreto-regiao\\\/sp\\\/2026\\\/08\\\/31\\\/brasil-e-eua-reiniciam-negociacoes-apos-tarifas-de-25-e-125\",\"name\":\"Brasil e EUA reiniciam negocia\u00e7\u00f5es ap\u00f3s tarifas de 25% e 12,5% - Ribeir\u00e3o Preto e Regi\u00e3o\",\"isPartOf\":{\"@id\":\"https:\\\/\\\/redenoticiaz.com.br\\\/ribeiraopreto-regiao\\\/#website\"},\"primaryImageOfPage\":{\"@id\":\"https:\\\/\\\/redenoticiaz.com.br\\\/ribeiraopreto-regiao\\\/sp\\\/2026\\\/08\\\/31\\\/brasil-e-eua-reiniciam-negociacoes-apos-tarifas-de-25-e-125#primaryimage\"},\"image\":{\"@id\":\"https:\\\/\\\/redenoticiaz.com.br\\\/ribeiraopreto-regiao\\\/sp\\\/2026\\\/08\\\/31\\\/brasil-e-eua-reiniciam-negociacoes-apos-tarifas-de-25-e-125#primaryimage\"},\"thumbnailUrl\":\"https:\\\/\\\/redenoticiaz.com.br\\\/ribeiraopreto-regiao\\\/wp-content\\\/uploads\\\/sites\\\/4\\\/2026\\\/08\\\/mca_abr_24041914609.jpg\",\"datePublished\":\"2026-08-31T16:16:00+00:00\",\"inLanguage\":\"pt-BR\",\"potentialAction\":[{\"@type\":\"ReadAction\",\"target\":[\"https:\\\/\\\/redenoticiaz.com.br\\\/ribeiraopreto-regiao\\\/sp\\\/2026\\\/08\\\/31\\\/brasil-e-eua-reiniciam-negociacoes-apos-tarifas-de-25-e-125\"]}]},{\"@type\":\"ImageObject\",\"inLanguage\":\"pt-BR\",\"@id\":\"https:\\\/\\\/redenoticiaz.com.br\\\/ribeiraopreto-regiao\\\/sp\\\/2026\\\/08\\\/31\\\/brasil-e-eua-reiniciam-negociacoes-apos-tarifas-de-25-e-125#primaryimage\",\"url\":\"https:\\\/\\\/redenoticiaz.com.br\\\/ribeiraopreto-regiao\\\/wp-content\\\/uploads\\\/sites\\\/4\\\/2026\\\/08\\\/mca_abr_24041914609.jpg\",\"contentUrl\":\"https:\\\/\\\/redenoticiaz.com.br\\\/ribeiraopreto-regiao\\\/wp-content\\\/uploads\\\/sites\\\/4\\\/2026\\\/08\\\/mca_abr_24041914609.jpg\",\"width\":1600,\"height\":800},{\"@type\":\"WebSite\",\"@id\":\"https:\\\/\\\/redenoticiaz.com.br\\\/ribeiraopreto-regiao\\\/#website\",\"url\":\"https:\\\/\\\/redenoticiaz.com.br\\\/ribeiraopreto-regiao\\\/\",\"name\":\"Ribeir\u00e3o Preto e Regi\u00e3o\",\"description\":\"Rede NoticiaZ - Ribeir\u00e3o Preto e regi\u00e3o\",\"publisher\":{\"@id\":\"https:\\\/\\\/redenoticiaz.com.br\\\/ribeiraopreto-regiao\\\/#organization\"},\"potentialAction\":[{\"@type\":\"SearchAction\",\"target\":{\"@type\":\"EntryPoint\",\"urlTemplate\":\"https:\\\/\\\/redenoticiaz.com.br\\\/ribeiraopreto-regiao\\\/?s={search_term_string}\"},\"query-input\":{\"@type\":\"PropertyValueSpecification\",\"valueRequired\":true,\"valueName\":\"search_term_string\"}}],\"inLanguage\":\"pt-BR\"},{\"@type\":\"Organization\",\"@id\":\"https:\\\/\\\/redenoticiaz.com.br\\\/ribeiraopreto-regiao\\\/#organization\",\"name\":\"Ribeir\u00e3o Preto e Regi\u00e3o\",\"url\":\"https:\\\/\\\/redenoticiaz.com.br\\\/ribeiraopreto-regiao\\\/\",\"logo\":{\"@type\":\"ImageObject\",\"inLanguage\":\"pt-BR\",\"@id\":\"https:\\\/\\\/redenoticiaz.com.br\\\/ribeiraopreto-regiao\\\/#\\\/schema\\\/logo\\\/image\\\/\",\"url\":\"https:\\\/\\\/redenoticiaz.com.br\\\/barretos-regiao\\\/wp-content\\\/uploads\\\/sites\\\/4\\\/2022\\\/02\\\/logo.jpg\",\"contentUrl\":\"https:\\\/\\\/redenoticiaz.com.br\\\/barretos-regiao\\\/wp-content\\\/uploads\\\/sites\\\/4\\\/2022\\\/02\\\/logo.jpg\",\"width\":400,\"height\":250,\"caption\":\"Ribeir\u00e3o Preto e Regi\u00e3o\"},\"image\":{\"@id\":\"https:\\\/\\\/redenoticiaz.com.br\\\/ribeiraopreto-regiao\\\/#\\\/schema\\\/logo\\\/image\\\/\"},\"sameAs\":[\"https:\\\/\\\/m.facebook.com\\\/redenoticiaz.barretos\",\"https:\\\/\\\/x.com\\\/RN_barretos\",\"https:\\\/\\\/www.instagram.com\\\/redenoticiaz.barretos\\\/?igshid=YmMyMTA2M2Y\",\"https:\\\/\\\/www.linkedin.com\\\/company\\\/rede-noticiaz-barretos-e-regio\\\/\"]},{\"@type\":\"Person\",\"@id\":\"https:\\\/\\\/redenoticiaz.com.br\\\/ribeiraopreto-regiao\\\/#\\\/schema\\\/person\\\/e1b0bd8c2637e2c1b6ddcbc2c33b116f\",\"name\":\"Patr\u00edcia Prado\",\"image\":{\"@type\":\"ImageObject\",\"inLanguage\":\"pt-BR\",\"@id\":\"https:\\\/\\\/secure.gravatar.com\\\/avatar\\\/92e358bef22cfcec15e054ae4d9fee04dadf0c772dc4a17b382b8a34a15354c2?s=96&d=mm&r=g\",\"url\":\"https:\\\/\\\/secure.gravatar.com\\\/avatar\\\/92e358bef22cfcec15e054ae4d9fee04dadf0c772dc4a17b382b8a34a15354c2?s=96&d=mm&r=g\",\"contentUrl\":\"https:\\\/\\\/secure.gravatar.com\\\/avatar\\\/92e358bef22cfcec15e054ae4d9fee04dadf0c772dc4a17b382b8a34a15354c2?s=96&d=mm&r=g\",\"caption\":\"Patr\u00edcia Prado\"},\"url\":\"https:\\\/\\\/redenoticiaz.com.br\\\/ribeiraopreto-regiao\\\/sp\\\/author\\\/patricia-prado\"}]}<\/script>\n<!-- \/ Yoast SEO plugin. -->","yoast_head_json":{"title":"Brasil e EUA reiniciam negocia\u00e7\u00f5es ap\u00f3s tarifas de 25% e 12,5% - Ribeir\u00e3o Preto e Regi\u00e3o","robots":{"index":"index","follow":"follow","max-snippet":"max-snippet:-1","max-image-preview":"max-image-preview:large","max-video-preview":"max-video-preview:-1"},"canonical":"https:\/\/redenoticiaz.com.br\/ribeiraopreto-regiao\/sp\/2026\/08\/31\/brasil-e-eua-reiniciam-negociacoes-apos-tarifas-de-25-e-125","og_locale":"pt_BR","og_type":"article","og_title":"Brasil e EUA reiniciam negocia\u00e7\u00f5es ap\u00f3s tarifas de 25% e 12,5% - Ribeir\u00e3o Preto e Regi\u00e3o","og_description":"Os governos do Brasil e dos Estados Unidos retomam, nesta segunda-feira (31), as negocia\u00e7\u00f5es comerciais ap\u00f3s a aplica\u00e7\u00e3o, por parte da Casa Branca, de uma tarifa de 25% sobre algumas importa\u00e7\u00f5es brasileiras, implementada no final de julho. A retomada das conversas se d\u00e1 ap\u00f3s uma liga\u00e7\u00e3o entre os presidentes Luiz In\u00e1cio Lula da Silva e &hellip;","og_url":"https:\/\/redenoticiaz.com.br\/ribeiraopreto-regiao\/sp\/2026\/08\/31\/brasil-e-eua-reiniciam-negociacoes-apos-tarifas-de-25-e-125","og_site_name":"Ribeir\u00e3o Preto e Regi\u00e3o","article_publisher":"https:\/\/m.facebook.com\/redenoticiaz.barretos","article_published_time":"2026-08-31T16:16:00+00:00","og_image":[{"width":400,"height":250,"url":"https:\/\/redenoticiaz.com.br\/ribeiraopreto-regiao\/wp-content\/uploads\/sites\/4\/2022\/02\/logo.jpg","type":"image\/jpeg"}],"author":"Patr\u00edcia Prado","twitter_card":"summary_large_image","twitter_creator":"@RN_barretos","twitter_site":"@RN_barretos","twitter_misc":{"Escrito por":"Patr\u00edcia Prado","Est. tempo de leitura":"2 minutos"},"schema":{"@context":"https:\/\/schema.org","@graph":[{"@type":"Article","@id":"https:\/\/redenoticiaz.com.br\/ribeiraopreto-regiao\/sp\/2026\/08\/31\/brasil-e-eua-reiniciam-negociacoes-apos-tarifas-de-25-e-125#article","isPartOf":{"@id":"https:\/\/redenoticiaz.com.br\/ribeiraopreto-regiao\/sp\/2026\/08\/31\/brasil-e-eua-reiniciam-negociacoes-apos-tarifas-de-25-e-125"},"author":{"name":"Patr\u00edcia Prado","@id":"https:\/\/redenoticiaz.com.br\/ribeiraopreto-regiao\/#\/schema\/person\/e1b0bd8c2637e2c1b6ddcbc2c33b116f"},"headline":"Brasil e EUA reiniciam negocia\u00e7\u00f5es ap\u00f3s tarifas de 25% e 12,5%","datePublished":"2026-08-31T16:16:00+00:00","mainEntityOfPage":{"@id":"https:\/\/redenoticiaz.com.br\/ribeiraopreto-regiao\/sp\/2026\/08\/31\/brasil-e-eua-reiniciam-negociacoes-apos-tarifas-de-25-e-125"},"wordCount":362,"commentCount":0,"publisher":{"@id":"https:\/\/redenoticiaz.com.br\/ribeiraopreto-regiao\/#organization"},"image":{"@id":"https:\/\/redenoticiaz.com.br\/ribeiraopreto-regiao\/sp\/2026\/08\/31\/brasil-e-eua-reiniciam-negociacoes-apos-tarifas-de-25-e-125#primaryimage"},"thumbnailUrl":"https:\/\/redenoticiaz.com.br\/ribeiraopreto-regiao\/wp-content\/uploads\/sites\/4\/2026\/08\/mca_abr_24041914609.jpg","articleSection":["Elei\u00e7\u00f5es","Mundo","Pol\u00edtica","Trabalho"],"inLanguage":"pt-BR","potentialAction":[{"@type":"CommentAction","name":"Comment","target":["https:\/\/redenoticiaz.com.br\/ribeiraopreto-regiao\/sp\/2026\/08\/31\/brasil-e-eua-reiniciam-negociacoes-apos-tarifas-de-25-e-125#respond"]}]},{"@type":"WebPage","@id":"https:\/\/redenoticiaz.com.br\/ribeiraopreto-regiao\/sp\/2026\/08\/31\/brasil-e-eua-reiniciam-negociacoes-apos-tarifas-de-25-e-125","url":"https:\/\/redenoticiaz.com.br\/ribeiraopreto-regiao\/sp\/2026\/08\/31\/brasil-e-eua-reiniciam-negociacoes-apos-tarifas-de-25-e-125","name":"Brasil e EUA reiniciam negocia\u00e7\u00f5es ap\u00f3s tarifas de 25% e 12,5% - Ribeir\u00e3o Preto e Regi\u00e3o","isPartOf":{"@id":"https:\/\/redenoticiaz.com.br\/ribeiraopreto-regiao\/#website"},"primaryImageOfPage":{"@id":"https:\/\/redenoticiaz.com.br\/ribeiraopreto-regiao\/sp\/2026\/08\/31\/brasil-e-eua-reiniciam-negociacoes-apos-tarifas-de-25-e-125#primaryimage"},"image":{"@id":"https:\/\/redenoticiaz.com.br\/ribeiraopreto-regiao\/sp\/2026\/08\/31\/brasil-e-eua-reiniciam-negociacoes-apos-tarifas-de-25-e-125#primaryimage"},"thumbnailUrl":"https:\/\/redenoticiaz.com.br\/ribeiraopreto-regiao\/wp-content\/uploads\/sites\/4\/2026\/08\/mca_abr_24041914609.jpg","datePublished":"2026-08-31T16:16:00+00:00","inLanguage":"pt-BR","potentialAction":[{"@type":"ReadAction","target":["https:\/\/redenoticiaz.com.br\/ribeiraopreto-regiao\/sp\/2026\/08\/31\/brasil-e-eua-reiniciam-negociacoes-apos-tarifas-de-25-e-125"]}]},{"@type":"ImageObject","inLanguage":"pt-BR","@id":"https:\/\/redenoticiaz.com.br\/ribeiraopreto-regiao\/sp\/2026\/08\/31\/brasil-e-eua-reiniciam-negociacoes-apos-tarifas-de-25-e-125#primaryimage","url":"https:\/\/redenoticiaz.com.br\/ribeiraopreto-regiao\/wp-content\/uploads\/sites\/4\/2026\/08\/mca_abr_24041914609.jpg","contentUrl":"https:\/\/redenoticiaz.com.br\/ribeiraopreto-regiao\/wp-content\/uploads\/sites\/4\/2026\/08\/mca_abr_24041914609.jpg","width":1600,"height":800},{"@type":"WebSite","@id":"https:\/\/redenoticiaz.com.br\/ribeiraopreto-regiao\/#website","url":"https:\/\/redenoticiaz.com.br\/ribeiraopreto-regiao\/","name":"Ribeir\u00e3o Preto e Regi\u00e3o","description":"Rede NoticiaZ - Ribeir\u00e3o Preto e regi\u00e3o","publisher":{"@id":"https:\/\/redenoticiaz.com.br\/ribeiraopreto-regiao\/#organization"},"potentialAction":[{"@type":"SearchAction","target":{"@type":"EntryPoint","urlTemplate":"https:\/\/redenoticiaz.com.br\/ribeiraopreto-regiao\/?s={search_term_string}"},"query-input":{"@type":"PropertyValueSpecification","valueRequired":true,"valueName":"search_term_string"}}],"inLanguage":"pt-BR"},{"@type":"Organization","@id":"https:\/\/redenoticiaz.com.br\/ribeiraopreto-regiao\/#organization","name":"Ribeir\u00e3o Preto e Regi\u00e3o","url":"https:\/\/redenoticiaz.com.br\/ribeiraopreto-regiao\/","logo":{"@type":"ImageObject","inLanguage":"pt-BR","@id":"https:\/\/redenoticiaz.com.br\/ribeiraopreto-regiao\/#\/schema\/logo\/image\/","url":"https:\/\/redenoticiaz.com.br\/barretos-regiao\/wp-content\/uploads\/sites\/4\/2022\/02\/logo.jpg","contentUrl":"https:\/\/redenoticiaz.com.br\/barretos-regiao\/wp-content\/uploads\/sites\/4\/2022\/02\/logo.jpg","width":400,"height":250,"caption":"Ribeir\u00e3o Preto e Regi\u00e3o"},"image":{"@id":"https:\/\/redenoticiaz.com.br\/ribeiraopreto-regiao\/#\/schema\/logo\/image\/"},"sameAs":["https:\/\/m.facebook.com\/redenoticiaz.barretos","https:\/\/x.com\/RN_barretos","https:\/\/www.instagram.com\/redenoticiaz.barretos\/?igshid=YmMyMTA2M2Y","https:\/\/www.linkedin.com\/company\/rede-noticiaz-barretos-e-regio\/"]},{"@type":"Person","@id":"https:\/\/redenoticiaz.com.br\/ribeiraopreto-regiao\/#\/schema\/person\/e1b0bd8c2637e2c1b6ddcbc2c33b116f","name":"Patr\u00edcia Prado","image":{"@type":"ImageObject","inLanguage":"pt-BR","@id":"https:\/\/secure.gravatar.com\/avatar\/92e358bef22cfcec15e054ae4d9fee04dadf0c772dc4a17b382b8a34a15354c2?s=96&d=mm&r=g","url":"https:\/\/secure.gravatar.com\/avatar\/92e358bef22cfcec15e054ae4d9fee04dadf0c772dc4a17b382b8a34a15354c2?s=96&d=mm&r=g","contentUrl":"https:\/\/secure.gravatar.com\/avatar\/92e358bef22cfcec15e054ae4d9fee04dadf0c772dc4a17b382b8a34a15354c2?s=96&d=mm&r=g","caption":"Patr\u00edcia Prado"},"url":"https:\/\/redenoticiaz.com.br\/ribeiraopreto-regiao\/sp\/author\/patricia-prado"}]}},"_links":{"self":[{"href":"https:\/\/redenoticiaz.com.br\/ribeiraopreto-regiao\/wp-json\/wp\/v2\/posts\/122921","targetHints":{"allow":["GET"]}}],"collection":[{"href":"https:\/\/redenoticiaz.com.br\/ribeiraopreto-regiao\/wp-json\/wp\/v2\/posts"}],"about":[{"href":"https:\/\/redenoticiaz.com.br\/ribeiraopreto-regiao\/wp-json\/wp\/v2\/types\/post"}],"author":[{"embeddable":true,"href":"https:\/\/redenoticiaz.com.br\/ribeiraopreto-regiao\/wp-json\/wp\/v2\/users\/5"}],"replies":[{"embeddable":true,"href":"https:\/\/redenoticiaz.com.br\/ribeiraopreto-regiao\/wp-json\/wp\/v2\/comments?post=122921"}],"version-history":[{"count":0,"href":"https:\/\/redenoticiaz.com.br\/ribeiraopreto-regiao\/wp-json\/wp\/v2\/posts\/122921\/revisions"}],"wp:featuredmedia":[{"embeddable":true,"href":"https:\/\/redenoticiaz.com.br\/ribeiraopreto-regiao\/wp-json\/wp\/v2\/media\/122922"}],"wp:attachment":[{"href":"https:\/\/redenoticiaz.com.br\/ribeiraopreto-regiao\/wp-json\/wp\/v2\/media?parent=122921"}],"wp:term":[{"taxonomy":"category","embeddable":true,"href":"https:\/\/redenoticiaz.com.br\/ribeiraopreto-regiao\/wp-json\/wp\/v2\/categories?post=122921"},{"taxonomy":"post_tag","embeddable":true,"href":"https:\/\/redenoticiaz.com.br\/ribeiraopreto-regiao\/wp-json\/wp\/v2\/tags?post=122921"}],"curies":[{"name":"wp","href":"https:\/\/api.w.org\/{rel}","templated":true}]}}