{"id":122923,"date":"2026-08-31T13:47:00","date_gmt":"2026-08-31T16:47:00","guid":{"rendered":"https:\/\/redenoticiaz.com.br\/ribeiraopreto-regiao\/sp\/2026\/08\/31\/nepal-intensifica-busca-por-centenas-de-trabalhadores-presos-em-tuneis"},"modified":"2026-08-31T13:47:00","modified_gmt":"2026-08-31T16:47:00","slug":"nepal-intensifica-busca-por-centenas-de-trabalhadores-presos-em-tuneis","status":"publish","type":"post","link":"https:\/\/redenoticiaz.com.br\/ribeiraopreto-regiao\/sp\/2026\/08\/31\/nepal-intensifica-busca-por-centenas-de-trabalhadores-presos-em-tuneis","title":{"rendered":"Nepal intensifica busca por centenas de trabalhadores presos em t\u00faneis"},"content":{"rendered":"<p>Equipes de resgate do Nepal, com apoio de especialistas da China e da \u00cdndia, intensificaram os esfor\u00e7os nesta segunda-feira (31) para localizar centenas de pessoas supostamente presas em t\u00faneis bloqueados de projetos hidrel\u00e9tricos. A recente enchente na regi\u00e3o do Himalaia, que ocorreu na semana passada, causou devasta\u00e7\u00e3o em diversas cidades e vilarejos, tanto no Nepal quanto na China.<\/p>\n<p>Segundo relatos, a enxurrada, que carregou gelo, rochas, lama e detritos, foi desencadeada pelo colapso de uma geleira em 26 de outubro e resultou na morte de mais de 900 pessoas. Quase 5 mil indiv\u00edduos continuam desaparecidos.<\/p>\n<p>A situa\u00e7\u00e3o \u00e9 cr\u00edtica: centenas de corpos, muitos deles n\u00e3o identificados, foram enterrados em valas rasas devido \u00e0 decomposi\u00e7\u00e3o acelerada ocasionada pelo clima \u00famido. As autoridades do Nepal confirmaram que o foco das opera\u00e7\u00f5es de resgate \u00e9 recuperar 933 trabalhadores que est\u00e3o desaparecidos em 11 projetos hidrel\u00e9tricos, principalmente em t\u00faneis situados nos distritos de Rasuwa e Nuwakot.<\/p>\n<p>Imagens e v\u00eddeos divulgados por equipes de resgate mostram escavadeiras trabalhando sob holofotes durante a noite, enquanto soldados buscam por entradas em um dos t\u00faneis. O Ex\u00e9rcito nepal\u00eas informou que est\u00e1 utilizando explos\u00f5es controladas e escavadeiras para remover lama e \u00e1gua e alcan\u00e7ar as pessoas presas. At\u00e9 agora, tr\u00eas corpos foram recuperados em duas opera\u00e7\u00f5es de resgate em t\u00faneis, mas ainda h\u00e1 se\u00e7\u00f5es que permanecem soterradas.<\/p>\n<blockquote>\n<p>\u201cUma grande quantidade de escombros se acumulou, o que est\u00e1 representando enorme desafio para abrirmos os t\u00faneis\u201d, afirmou o porta-voz do Ex\u00e9rcito do Nepal, Raja Ram Basnet, \u00e0 Reuters. \u201cNosso foco principal \u00e9 abrir os t\u00faneis.\u201d<\/p>\n<\/blockquote>\n<p>As autoridades nepalesas relataram que at\u00e9 o momento, 903 mortes foram confirmadas e 4.247 pessoas est\u00e3o desaparecidas, incluindo os 933 que est\u00e3o vinculados aos projetos hidrel\u00e9tricos. No lado chin\u00eas, 16 pessoas morreram no condado de Gyirong, com 546 desaparecidos.<\/p>\n<p>A Cruz Vermelha estima que mais de 90 mil pessoas foram afetadas pelo desastre, que a China atribui \u00e0s mudan\u00e7as clim\u00e1ticas. Desde o in\u00edcio deste s\u00e9culo, o Nepal tem investido fortemente em projetos hidrel\u00e9tricos para aproveitar seus recursos h\u00eddricos e aliviar a escassez de energia interna, al\u00e9m de explorar a possibilidade de exportar eletricidade para a \u00cdndia.<\/p>\n<p>Os projetos no Nepal dependem de t\u00faneis para direcionar a \u00e1gua atrav\u00e9s do terreno montanhoso, aproveitando a diferen\u00e7a de altitude entre os rios do Himalaia e as usinas. O primeiro-ministro Balendra Shah classificou a enchente como um \u201cdesastre natural sem precedentes e devastador\u201d e reconheceu que a avalia\u00e7\u00e3o dos danos ainda \u00e9 complicada.<\/p>\n<p>A China informou que 261 cidad\u00e3os de 23 pa\u00edses est\u00e3o desaparecidos no Tibete, pr\u00f3ximo a um importante ponto de passagem de fronteira. Apesar de afirmar que n\u00e3o precisa de ajuda externa para as opera\u00e7\u00f5es de resgate, o Nepal tem contado com a expertise de seus vizinhos \u00cdndia e China para a busca em t\u00faneis.<\/p>\n<p>As opera\u00e7\u00f5es de resgate foram interrompidas em diversas ocasi\u00f5es devido a condi\u00e7\u00f5es clim\u00e1ticas adversas e a preocupa\u00e7\u00e3o sobre um lago formado pr\u00f3ximo \u00e0 fronteira, que pode provocar novas inunda\u00e7\u00f5es. Relatos da televis\u00e3o estatal chinesa CCTV indicam que as geleiras ao redor de uma cratera de impacto, formada ap\u00f3s o colapso da geleira, continuam em risco de desabamento.<\/p>\n<p>* Reportagem adicional de Sahana Bajracharya, Navesh Chitrakar, Ethan Wang, Qiaoyi Li, Liz Lee, Shilpa Jamkhandikar e Hritam Mukherjee. \u00c9 proibida a reprodu\u00e7\u00e3o deste conte\u00fado.<\/p>\n","protected":false},"excerpt":{"rendered":"<p>Equipes de resgate do Nepal, com apoio de especialistas da China e da \u00cdndia, intensificaram os esfor\u00e7os nesta segunda-feira (31) para localizar centenas de pessoas supostamente presas em t\u00faneis bloqueados de projetos hidrel\u00e9tricos. A recente enchente na regi\u00e3o do Himalaia, que ocorreu na semana passada, causou devasta\u00e7\u00e3o em diversas cidades e vilarejos, tanto no Nepal &hellip;<\/p>\n","protected":false},"author":5,"featured_media":122924,"comment_status":"open","ping_status":"closed","sticky":false,"template":"","format":"standard","meta":{"footnotes":""},"categories":[1771,29902,134,68,186,2075],"tags":[],"class_list":["post-122923","post","type-post","status-publish","format-standard","has-post-thumbnail","hentry","category-climatologia","category-emprego","category-entretenimento","category-mundo","category-politica","category-trabalho"],"yoast_head":"<!-- This site is optimized with the Yoast SEO plugin v28.3 - https:\/\/yoast.com\/product\/yoast-seo-wordpress\/ -->\n<title>Nepal intensifica busca por centenas de trabalhadores presos em t\u00faneis - Ribeir\u00e3o Preto e Regi\u00e3o<\/title>\n<meta name=\"robots\" content=\"index, follow, max-snippet:-1, max-image-preview:large, max-video-preview:-1\" \/>\n<link rel=\"canonical\" href=\"https:\/\/redenoticiaz.com.br\/ribeiraopreto-regiao\/sp\/2026\/08\/31\/nepal-intensifica-busca-por-centenas-de-trabalhadores-presos-em-tuneis\" \/>\n<meta property=\"og:locale\" content=\"pt_BR\" \/>\n<meta property=\"og:type\" content=\"article\" \/>\n<meta property=\"og:title\" content=\"Nepal intensifica busca por centenas de trabalhadores presos em t\u00faneis - Ribeir\u00e3o Preto e Regi\u00e3o\" \/>\n<meta property=\"og:description\" content=\"Equipes de resgate do Nepal, com apoio de especialistas da China e da \u00cdndia, intensificaram os esfor\u00e7os nesta segunda-feira (31) para localizar centenas de pessoas supostamente presas em t\u00faneis bloqueados de projetos hidrel\u00e9tricos. A recente enchente na regi\u00e3o do Himalaia, que ocorreu na semana passada, causou devasta\u00e7\u00e3o em diversas cidades e vilarejos, tanto no Nepal &hellip;\" \/>\n<meta property=\"og:url\" content=\"https:\/\/redenoticiaz.com.br\/ribeiraopreto-regiao\/sp\/2026\/08\/31\/nepal-intensifica-busca-por-centenas-de-trabalhadores-presos-em-tuneis\" \/>\n<meta property=\"og:site_name\" content=\"Ribeir\u00e3o Preto e Regi\u00e3o\" \/>\n<meta property=\"article:publisher\" content=\"https:\/\/m.facebook.com\/redenoticiaz.barretos\" \/>\n<meta property=\"article:published_time\" content=\"2026-08-31T16:47:00+00:00\" \/>\n<meta property=\"og:image\" content=\"https:\/\/redenoticiaz.com.br\/ribeiraopreto-regiao\/wp-content\/uploads\/sites\/4\/2022\/02\/logo.jpg\" \/>\n\t<meta property=\"og:image:width\" content=\"400\" \/>\n\t<meta property=\"og:image:height\" content=\"250\" \/>\n\t<meta property=\"og:image:type\" content=\"image\/jpeg\" \/>\n<meta name=\"author\" content=\"Patr\u00edcia Prado\" \/>\n<meta name=\"twitter:card\" content=\"summary_large_image\" \/>\n<meta name=\"twitter:creator\" content=\"@RN_barretos\" \/>\n<meta name=\"twitter:site\" content=\"@RN_barretos\" \/>\n<meta name=\"twitter:label1\" content=\"Escrito por\" \/>\n\t<meta name=\"twitter:data1\" content=\"Patr\u00edcia Prado\" \/>\n\t<meta name=\"twitter:label2\" content=\"Est. tempo de leitura\" \/>\n\t<meta name=\"twitter:data2\" content=\"3 minutos\" \/>\n<script type=\"application\/ld+json\" class=\"yoast-schema-graph\">{\"@context\":\"https:\\\/\\\/schema.org\",\"@graph\":[{\"@type\":\"Article\",\"@id\":\"https:\\\/\\\/redenoticiaz.com.br\\\/ribeiraopreto-regiao\\\/sp\\\/2026\\\/08\\\/31\\\/nepal-intensifica-busca-por-centenas-de-trabalhadores-presos-em-tuneis#article\",\"isPartOf\":{\"@id\":\"https:\\\/\\\/redenoticiaz.com.br\\\/ribeiraopreto-regiao\\\/sp\\\/2026\\\/08\\\/31\\\/nepal-intensifica-busca-por-centenas-de-trabalhadores-presos-em-tuneis\"},\"author\":{\"name\":\"Patr\u00edcia Prado\",\"@id\":\"https:\\\/\\\/redenoticiaz.com.br\\\/ribeiraopreto-regiao\\\/#\\\/schema\\\/person\\\/e1b0bd8c2637e2c1b6ddcbc2c33b116f\"},\"headline\":\"Nepal intensifica busca por centenas de trabalhadores presos em t\u00faneis\",\"datePublished\":\"2026-08-31T16:47:00+00:00\",\"mainEntityOfPage\":{\"@id\":\"https:\\\/\\\/redenoticiaz.com.br\\\/ribeiraopreto-regiao\\\/sp\\\/2026\\\/08\\\/31\\\/nepal-intensifica-busca-por-centenas-de-trabalhadores-presos-em-tuneis\"},\"wordCount\":587,\"commentCount\":0,\"publisher\":{\"@id\":\"https:\\\/\\\/redenoticiaz.com.br\\\/ribeiraopreto-regiao\\\/#organization\"},\"image\":{\"@id\":\"https:\\\/\\\/redenoticiaz.com.br\\\/ribeiraopreto-regiao\\\/sp\\\/2026\\\/08\\\/31\\\/nepal-intensifica-busca-por-centenas-de-trabalhadores-presos-em-tuneis#primaryimage\"},\"thumbnailUrl\":\"https:\\\/\\\/redenoticiaz.com.br\\\/ribeiraopreto-regiao\\\/wp-content\\\/uploads\\\/sites\\\/4\\\/2026\\\/08\\\/2026-08-31t114441z_1_lynxmpem7u0uh_rtroptp_4_nepal-floods.jpg\",\"articleSection\":[\"Climatologia\",\"Emprego\",\"Entretenimento\",\"Mundo\",\"Pol\u00edtica\",\"Trabalho\"],\"inLanguage\":\"pt-BR\",\"potentialAction\":[{\"@type\":\"CommentAction\",\"name\":\"Comment\",\"target\":[\"https:\\\/\\\/redenoticiaz.com.br\\\/ribeiraopreto-regiao\\\/sp\\\/2026\\\/08\\\/31\\\/nepal-intensifica-busca-por-centenas-de-trabalhadores-presos-em-tuneis#respond\"]}]},{\"@type\":\"WebPage\",\"@id\":\"https:\\\/\\\/redenoticiaz.com.br\\\/ribeiraopreto-regiao\\\/sp\\\/2026\\\/08\\\/31\\\/nepal-intensifica-busca-por-centenas-de-trabalhadores-presos-em-tuneis\",\"url\":\"https:\\\/\\\/redenoticiaz.com.br\\\/ribeiraopreto-regiao\\\/sp\\\/2026\\\/08\\\/31\\\/nepal-intensifica-busca-por-centenas-de-trabalhadores-presos-em-tuneis\",\"name\":\"Nepal intensifica busca por centenas de trabalhadores presos em t\u00faneis - Ribeir\u00e3o Preto e Regi\u00e3o\",\"isPartOf\":{\"@id\":\"https:\\\/\\\/redenoticiaz.com.br\\\/ribeiraopreto-regiao\\\/#website\"},\"primaryImageOfPage\":{\"@id\":\"https:\\\/\\\/redenoticiaz.com.br\\\/ribeiraopreto-regiao\\\/sp\\\/2026\\\/08\\\/31\\\/nepal-intensifica-busca-por-centenas-de-trabalhadores-presos-em-tuneis#primaryimage\"},\"image\":{\"@id\":\"https:\\\/\\\/redenoticiaz.com.br\\\/ribeiraopreto-regiao\\\/sp\\\/2026\\\/08\\\/31\\\/nepal-intensifica-busca-por-centenas-de-trabalhadores-presos-em-tuneis#primaryimage\"},\"thumbnailUrl\":\"https:\\\/\\\/redenoticiaz.com.br\\\/ribeiraopreto-regiao\\\/wp-content\\\/uploads\\\/sites\\\/4\\\/2026\\\/08\\\/2026-08-31t114441z_1_lynxmpem7u0uh_rtroptp_4_nepal-floods.jpg\",\"datePublished\":\"2026-08-31T16:47:00+00:00\",\"inLanguage\":\"pt-BR\",\"potentialAction\":[{\"@type\":\"ReadAction\",\"target\":[\"https:\\\/\\\/redenoticiaz.com.br\\\/ribeiraopreto-regiao\\\/sp\\\/2026\\\/08\\\/31\\\/nepal-intensifica-busca-por-centenas-de-trabalhadores-presos-em-tuneis\"]}]},{\"@type\":\"ImageObject\",\"inLanguage\":\"pt-BR\",\"@id\":\"https:\\\/\\\/redenoticiaz.com.br\\\/ribeiraopreto-regiao\\\/sp\\\/2026\\\/08\\\/31\\\/nepal-intensifica-busca-por-centenas-de-trabalhadores-presos-em-tuneis#primaryimage\",\"url\":\"https:\\\/\\\/redenoticiaz.com.br\\\/ribeiraopreto-regiao\\\/wp-content\\\/uploads\\\/sites\\\/4\\\/2026\\\/08\\\/2026-08-31t114441z_1_lynxmpem7u0uh_rtroptp_4_nepal-floods.jpg\",\"contentUrl\":\"https:\\\/\\\/redenoticiaz.com.br\\\/ribeiraopreto-regiao\\\/wp-content\\\/uploads\\\/sites\\\/4\\\/2026\\\/08\\\/2026-08-31t114441z_1_lynxmpem7u0uh_rtroptp_4_nepal-floods.jpg\",\"width\":1600,\"height\":800},{\"@type\":\"WebSite\",\"@id\":\"https:\\\/\\\/redenoticiaz.com.br\\\/ribeiraopreto-regiao\\\/#website\",\"url\":\"https:\\\/\\\/redenoticiaz.com.br\\\/ribeiraopreto-regiao\\\/\",\"name\":\"Ribeir\u00e3o Preto e Regi\u00e3o\",\"description\":\"Rede NoticiaZ - Ribeir\u00e3o Preto e regi\u00e3o\",\"publisher\":{\"@id\":\"https:\\\/\\\/redenoticiaz.com.br\\\/ribeiraopreto-regiao\\\/#organization\"},\"potentialAction\":[{\"@type\":\"SearchAction\",\"target\":{\"@type\":\"EntryPoint\",\"urlTemplate\":\"https:\\\/\\\/redenoticiaz.com.br\\\/ribeiraopreto-regiao\\\/?s={search_term_string}\"},\"query-input\":{\"@type\":\"PropertyValueSpecification\",\"valueRequired\":true,\"valueName\":\"search_term_string\"}}],\"inLanguage\":\"pt-BR\"},{\"@type\":\"Organization\",\"@id\":\"https:\\\/\\\/redenoticiaz.com.br\\\/ribeiraopreto-regiao\\\/#organization\",\"name\":\"Ribeir\u00e3o Preto e Regi\u00e3o\",\"url\":\"https:\\\/\\\/redenoticiaz.com.br\\\/ribeiraopreto-regiao\\\/\",\"logo\":{\"@type\":\"ImageObject\",\"inLanguage\":\"pt-BR\",\"@id\":\"https:\\\/\\\/redenoticiaz.com.br\\\/ribeiraopreto-regiao\\\/#\\\/schema\\\/logo\\\/image\\\/\",\"url\":\"https:\\\/\\\/redenoticiaz.com.br\\\/barretos-regiao\\\/wp-content\\\/uploads\\\/sites\\\/4\\\/2022\\\/02\\\/logo.jpg\",\"contentUrl\":\"https:\\\/\\\/redenoticiaz.com.br\\\/barretos-regiao\\\/wp-content\\\/uploads\\\/sites\\\/4\\\/2022\\\/02\\\/logo.jpg\",\"width\":400,\"height\":250,\"caption\":\"Ribeir\u00e3o Preto e Regi\u00e3o\"},\"image\":{\"@id\":\"https:\\\/\\\/redenoticiaz.com.br\\\/ribeiraopreto-regiao\\\/#\\\/schema\\\/logo\\\/image\\\/\"},\"sameAs\":[\"https:\\\/\\\/m.facebook.com\\\/redenoticiaz.barretos\",\"https:\\\/\\\/x.com\\\/RN_barretos\",\"https:\\\/\\\/www.instagram.com\\\/redenoticiaz.barretos\\\/?igshid=YmMyMTA2M2Y\",\"https:\\\/\\\/www.linkedin.com\\\/company\\\/rede-noticiaz-barretos-e-regio\\\/\"]},{\"@type\":\"Person\",\"@id\":\"https:\\\/\\\/redenoticiaz.com.br\\\/ribeiraopreto-regiao\\\/#\\\/schema\\\/person\\\/e1b0bd8c2637e2c1b6ddcbc2c33b116f\",\"name\":\"Patr\u00edcia Prado\",\"image\":{\"@type\":\"ImageObject\",\"inLanguage\":\"pt-BR\",\"@id\":\"https:\\\/\\\/secure.gravatar.com\\\/avatar\\\/92e358bef22cfcec15e054ae4d9fee04dadf0c772dc4a17b382b8a34a15354c2?s=96&d=mm&r=g\",\"url\":\"https:\\\/\\\/secure.gravatar.com\\\/avatar\\\/92e358bef22cfcec15e054ae4d9fee04dadf0c772dc4a17b382b8a34a15354c2?s=96&d=mm&r=g\",\"contentUrl\":\"https:\\\/\\\/secure.gravatar.com\\\/avatar\\\/92e358bef22cfcec15e054ae4d9fee04dadf0c772dc4a17b382b8a34a15354c2?s=96&d=mm&r=g\",\"caption\":\"Patr\u00edcia Prado\"},\"url\":\"https:\\\/\\\/redenoticiaz.com.br\\\/ribeiraopreto-regiao\\\/sp\\\/author\\\/patricia-prado\"}]}<\/script>\n<!-- \/ Yoast SEO plugin. -->","yoast_head_json":{"title":"Nepal intensifica busca por centenas de trabalhadores presos em t\u00faneis - Ribeir\u00e3o Preto e Regi\u00e3o","robots":{"index":"index","follow":"follow","max-snippet":"max-snippet:-1","max-image-preview":"max-image-preview:large","max-video-preview":"max-video-preview:-1"},"canonical":"https:\/\/redenoticiaz.com.br\/ribeiraopreto-regiao\/sp\/2026\/08\/31\/nepal-intensifica-busca-por-centenas-de-trabalhadores-presos-em-tuneis","og_locale":"pt_BR","og_type":"article","og_title":"Nepal intensifica busca por centenas de trabalhadores presos em t\u00faneis - Ribeir\u00e3o Preto e Regi\u00e3o","og_description":"Equipes de resgate do Nepal, com apoio de especialistas da China e da \u00cdndia, intensificaram os esfor\u00e7os nesta segunda-feira (31) para localizar centenas de pessoas supostamente presas em t\u00faneis bloqueados de projetos hidrel\u00e9tricos. A recente enchente na regi\u00e3o do Himalaia, que ocorreu na semana passada, causou devasta\u00e7\u00e3o em diversas cidades e vilarejos, tanto no Nepal &hellip;","og_url":"https:\/\/redenoticiaz.com.br\/ribeiraopreto-regiao\/sp\/2026\/08\/31\/nepal-intensifica-busca-por-centenas-de-trabalhadores-presos-em-tuneis","og_site_name":"Ribeir\u00e3o Preto e Regi\u00e3o","article_publisher":"https:\/\/m.facebook.com\/redenoticiaz.barretos","article_published_time":"2026-08-31T16:47:00+00:00","og_image":[{"width":400,"height":250,"url":"https:\/\/redenoticiaz.com.br\/ribeiraopreto-regiao\/wp-content\/uploads\/sites\/4\/2022\/02\/logo.jpg","type":"image\/jpeg"}],"author":"Patr\u00edcia Prado","twitter_card":"summary_large_image","twitter_creator":"@RN_barretos","twitter_site":"@RN_barretos","twitter_misc":{"Escrito por":"Patr\u00edcia Prado","Est. tempo de leitura":"3 minutos"},"schema":{"@context":"https:\/\/schema.org","@graph":[{"@type":"Article","@id":"https:\/\/redenoticiaz.com.br\/ribeiraopreto-regiao\/sp\/2026\/08\/31\/nepal-intensifica-busca-por-centenas-de-trabalhadores-presos-em-tuneis#article","isPartOf":{"@id":"https:\/\/redenoticiaz.com.br\/ribeiraopreto-regiao\/sp\/2026\/08\/31\/nepal-intensifica-busca-por-centenas-de-trabalhadores-presos-em-tuneis"},"author":{"name":"Patr\u00edcia Prado","@id":"https:\/\/redenoticiaz.com.br\/ribeiraopreto-regiao\/#\/schema\/person\/e1b0bd8c2637e2c1b6ddcbc2c33b116f"},"headline":"Nepal intensifica busca por centenas de trabalhadores presos em t\u00faneis","datePublished":"2026-08-31T16:47:00+00:00","mainEntityOfPage":{"@id":"https:\/\/redenoticiaz.com.br\/ribeiraopreto-regiao\/sp\/2026\/08\/31\/nepal-intensifica-busca-por-centenas-de-trabalhadores-presos-em-tuneis"},"wordCount":587,"commentCount":0,"publisher":{"@id":"https:\/\/redenoticiaz.com.br\/ribeiraopreto-regiao\/#organization"},"image":{"@id":"https:\/\/redenoticiaz.com.br\/ribeiraopreto-regiao\/sp\/2026\/08\/31\/nepal-intensifica-busca-por-centenas-de-trabalhadores-presos-em-tuneis#primaryimage"},"thumbnailUrl":"https:\/\/redenoticiaz.com.br\/ribeiraopreto-regiao\/wp-content\/uploads\/sites\/4\/2026\/08\/2026-08-31t114441z_1_lynxmpem7u0uh_rtroptp_4_nepal-floods.jpg","articleSection":["Climatologia","Emprego","Entretenimento","Mundo","Pol\u00edtica","Trabalho"],"inLanguage":"pt-BR","potentialAction":[{"@type":"CommentAction","name":"Comment","target":["https:\/\/redenoticiaz.com.br\/ribeiraopreto-regiao\/sp\/2026\/08\/31\/nepal-intensifica-busca-por-centenas-de-trabalhadores-presos-em-tuneis#respond"]}]},{"@type":"WebPage","@id":"https:\/\/redenoticiaz.com.br\/ribeiraopreto-regiao\/sp\/2026\/08\/31\/nepal-intensifica-busca-por-centenas-de-trabalhadores-presos-em-tuneis","url":"https:\/\/redenoticiaz.com.br\/ribeiraopreto-regiao\/sp\/2026\/08\/31\/nepal-intensifica-busca-por-centenas-de-trabalhadores-presos-em-tuneis","name":"Nepal intensifica busca por centenas de trabalhadores presos em t\u00faneis - Ribeir\u00e3o Preto e Regi\u00e3o","isPartOf":{"@id":"https:\/\/redenoticiaz.com.br\/ribeiraopreto-regiao\/#website"},"primaryImageOfPage":{"@id":"https:\/\/redenoticiaz.com.br\/ribeiraopreto-regiao\/sp\/2026\/08\/31\/nepal-intensifica-busca-por-centenas-de-trabalhadores-presos-em-tuneis#primaryimage"},"image":{"@id":"https:\/\/redenoticiaz.com.br\/ribeiraopreto-regiao\/sp\/2026\/08\/31\/nepal-intensifica-busca-por-centenas-de-trabalhadores-presos-em-tuneis#primaryimage"},"thumbnailUrl":"https:\/\/redenoticiaz.com.br\/ribeiraopreto-regiao\/wp-content\/uploads\/sites\/4\/2026\/08\/2026-08-31t114441z_1_lynxmpem7u0uh_rtroptp_4_nepal-floods.jpg","datePublished":"2026-08-31T16:47:00+00:00","inLanguage":"pt-BR","potentialAction":[{"@type":"ReadAction","target":["https:\/\/redenoticiaz.com.br\/ribeiraopreto-regiao\/sp\/2026\/08\/31\/nepal-intensifica-busca-por-centenas-de-trabalhadores-presos-em-tuneis"]}]},{"@type":"ImageObject","inLanguage":"pt-BR","@id":"https:\/\/redenoticiaz.com.br\/ribeiraopreto-regiao\/sp\/2026\/08\/31\/nepal-intensifica-busca-por-centenas-de-trabalhadores-presos-em-tuneis#primaryimage","url":"https:\/\/redenoticiaz.com.br\/ribeiraopreto-regiao\/wp-content\/uploads\/sites\/4\/2026\/08\/2026-08-31t114441z_1_lynxmpem7u0uh_rtroptp_4_nepal-floods.jpg","contentUrl":"https:\/\/redenoticiaz.com.br\/ribeiraopreto-regiao\/wp-content\/uploads\/sites\/4\/2026\/08\/2026-08-31t114441z_1_lynxmpem7u0uh_rtroptp_4_nepal-floods.jpg","width":1600,"height":800},{"@type":"WebSite","@id":"https:\/\/redenoticiaz.com.br\/ribeiraopreto-regiao\/#website","url":"https:\/\/redenoticiaz.com.br\/ribeiraopreto-regiao\/","name":"Ribeir\u00e3o Preto e Regi\u00e3o","description":"Rede NoticiaZ - Ribeir\u00e3o Preto e regi\u00e3o","publisher":{"@id":"https:\/\/redenoticiaz.com.br\/ribeiraopreto-regiao\/#organization"},"potentialAction":[{"@type":"SearchAction","target":{"@type":"EntryPoint","urlTemplate":"https:\/\/redenoticiaz.com.br\/ribeiraopreto-regiao\/?s={search_term_string}"},"query-input":{"@type":"PropertyValueSpecification","valueRequired":true,"valueName":"search_term_string"}}],"inLanguage":"pt-BR"},{"@type":"Organization","@id":"https:\/\/redenoticiaz.com.br\/ribeiraopreto-regiao\/#organization","name":"Ribeir\u00e3o Preto e Regi\u00e3o","url":"https:\/\/redenoticiaz.com.br\/ribeiraopreto-regiao\/","logo":{"@type":"ImageObject","inLanguage":"pt-BR","@id":"https:\/\/redenoticiaz.com.br\/ribeiraopreto-regiao\/#\/schema\/logo\/image\/","url":"https:\/\/redenoticiaz.com.br\/barretos-regiao\/wp-content\/uploads\/sites\/4\/2022\/02\/logo.jpg","contentUrl":"https:\/\/redenoticiaz.com.br\/barretos-regiao\/wp-content\/uploads\/sites\/4\/2022\/02\/logo.jpg","width":400,"height":250,"caption":"Ribeir\u00e3o Preto e Regi\u00e3o"},"image":{"@id":"https:\/\/redenoticiaz.com.br\/ribeiraopreto-regiao\/#\/schema\/logo\/image\/"},"sameAs":["https:\/\/m.facebook.com\/redenoticiaz.barretos","https:\/\/x.com\/RN_barretos","https:\/\/www.instagram.com\/redenoticiaz.barretos\/?igshid=YmMyMTA2M2Y","https:\/\/www.linkedin.com\/company\/rede-noticiaz-barretos-e-regio\/"]},{"@type":"Person","@id":"https:\/\/redenoticiaz.com.br\/ribeiraopreto-regiao\/#\/schema\/person\/e1b0bd8c2637e2c1b6ddcbc2c33b116f","name":"Patr\u00edcia Prado","image":{"@type":"ImageObject","inLanguage":"pt-BR","@id":"https:\/\/secure.gravatar.com\/avatar\/92e358bef22cfcec15e054ae4d9fee04dadf0c772dc4a17b382b8a34a15354c2?s=96&d=mm&r=g","url":"https:\/\/secure.gravatar.com\/avatar\/92e358bef22cfcec15e054ae4d9fee04dadf0c772dc4a17b382b8a34a15354c2?s=96&d=mm&r=g","contentUrl":"https:\/\/secure.gravatar.com\/avatar\/92e358bef22cfcec15e054ae4d9fee04dadf0c772dc4a17b382b8a34a15354c2?s=96&d=mm&r=g","caption":"Patr\u00edcia Prado"},"url":"https:\/\/redenoticiaz.com.br\/ribeiraopreto-regiao\/sp\/author\/patricia-prado"}]}},"_links":{"self":[{"href":"https:\/\/redenoticiaz.com.br\/ribeiraopreto-regiao\/wp-json\/wp\/v2\/posts\/122923","targetHints":{"allow":["GET"]}}],"collection":[{"href":"https:\/\/redenoticiaz.com.br\/ribeiraopreto-regiao\/wp-json\/wp\/v2\/posts"}],"about":[{"href":"https:\/\/redenoticiaz.com.br\/ribeiraopreto-regiao\/wp-json\/wp\/v2\/types\/post"}],"author":[{"embeddable":true,"href":"https:\/\/redenoticiaz.com.br\/ribeiraopreto-regiao\/wp-json\/wp\/v2\/users\/5"}],"replies":[{"embeddable":true,"href":"https:\/\/redenoticiaz.com.br\/ribeiraopreto-regiao\/wp-json\/wp\/v2\/comments?post=122923"}],"version-history":[{"count":0,"href":"https:\/\/redenoticiaz.com.br\/ribeiraopreto-regiao\/wp-json\/wp\/v2\/posts\/122923\/revisions"}],"wp:featuredmedia":[{"embeddable":true,"href":"https:\/\/redenoticiaz.com.br\/ribeiraopreto-regiao\/wp-json\/wp\/v2\/media\/122924"}],"wp:attachment":[{"href":"https:\/\/redenoticiaz.com.br\/ribeiraopreto-regiao\/wp-json\/wp\/v2\/media?parent=122923"}],"wp:term":[{"taxonomy":"category","embeddable":true,"href":"https:\/\/redenoticiaz.com.br\/ribeiraopreto-regiao\/wp-json\/wp\/v2\/categories?post=122923"},{"taxonomy":"post_tag","embeddable":true,"href":"https:\/\/redenoticiaz.com.br\/ribeiraopreto-regiao\/wp-json\/wp\/v2\/tags?post=122923"}],"curies":[{"name":"wp","href":"https:\/\/api.w.org\/{rel}","templated":true}]}}