{"id":122927,"date":"2026-08-31T14:49:41","date_gmt":"2026-08-31T17:49:41","guid":{"rendered":"https:\/\/redenoticiaz.com.br\/ribeiraopreto-regiao\/sp\/2026\/08\/31\/jogadores-do-vasco-e-vila-nova-sao-alvos-de-operacao-contra-trafico-e-armas"},"modified":"2026-08-31T14:49:41","modified_gmt":"2026-08-31T17:49:41","slug":"jogadores-do-vasco-e-vila-nova-sao-alvos-de-operacao-contra-trafico-e-armas","status":"publish","type":"post","link":"https:\/\/redenoticiaz.com.br\/ribeiraopreto-regiao\/sp\/2026\/08\/31\/jogadores-do-vasco-e-vila-nova-sao-alvos-de-operacao-contra-trafico-e-armas","title":{"rendered":"Jogadores do Vasco e Vila Nova s\u00e3o alvos de opera\u00e7\u00e3o contra tr\u00e1fico e armas"},"content":{"rendered":"<p>Na manh\u00e3 desta segunda-feira (31), os jogadores de futebol David Corr\u00eaa, do Vasco da Gama (RJ), e Hayner Cordeiro, do Vila Nova (GO), foram alvos de mandados de busca e apreens\u00e3o em uma opera\u00e7\u00e3o da Pol\u00edcia Civil do Esp\u00edrito Santo. A a\u00e7\u00e3o investiga supostos crimes de tr\u00e1fico de drogas, tr\u00e1fico de armas e lavagem de dinheiro, relacionados a uma organiza\u00e7\u00e3o criminosa com atua\u00e7\u00e3o interestadual.<\/p>\n<p>De acordo com a Pol\u00edcia Civil, foram cumpridos quatro mandados de pris\u00e3o tempor\u00e1ria e 15 mandados de busca e apreens\u00e3o. As dilig\u00eancias ocorreram em munic\u00edpios da Grande Vit\u00f3ria e em Afonso Cl\u00e1udio, no Esp\u00edrito Santo, al\u00e9m de outros alvos no Rio de Janeiro, Goi\u00e1s e no Distrito Federal.<\/p>\n<p>O objetivo da opera\u00e7\u00e3o \u00e9 esclarecer os crimes e desarticular a estrutura da organiza\u00e7\u00e3o criminosa. O nome da opera\u00e7\u00e3o \u00e9 uma refer\u00eancia ao termo utilizado pelos pr\u00f3prios investigados para denominar o grupo.<\/p>\n<p>O Vasco da Gama informou que est\u00e1 colaborando com as autoridades e aguarda a conclus\u00e3o das investiga\u00e7\u00f5es. No Rio de Janeiro, David Corr\u00eaa \u00e9 o \u00fanico alvo da opera\u00e7\u00e3o, e os mandados foram cumpridos na resid\u00eancia do jogador e no Centro de Treinamento do clube.<\/p>\n<p>O Vila Nova tamb\u00e9m se manifestou sobre o assunto, afirmando que Hayner nega qualquer envolvimento em atividades il\u00edcitas. O clube aguarda os desdobramentos da opera\u00e7\u00e3o e tomar\u00e1 as medidas cab\u00edveis com base nas investiga\u00e7\u00f5es. Os mandados de busca e apreens\u00e3o foram realizados na casa do atleta e no Centro de Treinamento Vila do Tigre, focando em seu arm\u00e1rio pessoal.<\/p>\n<p>Hayner acredita que sua inclus\u00e3o na opera\u00e7\u00e3o deve-se a uma amizade de inf\u00e2ncia com um dos investigados, que tem origem na mesma comunidade do jogador no Esp\u00edrito Santo. O Vila Nova destacou que Hayner colaborou integralmente com as autoridades e continua exercendo suas fun\u00e7\u00f5es normalmente.<\/p>\n<p>No Rio de Janeiro, os mandados foram cumpridos pela Pol\u00edcia Civil em \u00e1reas como Barra da Tijuca e Vargem Grande, com a investiga\u00e7\u00e3o envolvendo n\u00e3o apenas os atletas, mas tamb\u00e9m empres\u00e1rios associados \u00e0 organiza\u00e7\u00e3o criminosa. As a\u00e7\u00f5es no estado fluminense s\u00e3o coordenadas pela 14\u00aa DP (Leblon), com apoio de outras unidades da pol\u00edcia.<\/p>\n<p>No Esp\u00edrito Santo, cerca de 100 policiais civis est\u00e3o envolvidos na opera\u00e7\u00e3o, que conta ainda com apoio da Superintend\u00eancia de Pol\u00edcia Especializada, da Coordenadoria de Recursos Especiais e do N\u00facleo de Opera\u00e7\u00f5es e Transporte A\u00e9reo. A Pol\u00edcia Civil de Goi\u00e1s tamb\u00e9m informou ter prestado apoio operacional \u00e0 a\u00e7\u00e3o coordenada. <\/p>\n","protected":false},"excerpt":{"rendered":"<p>Na manh\u00e3 desta segunda-feira (31), os jogadores de futebol David Corr\u00eaa, do Vasco da Gama (RJ), e Hayner Cordeiro, do Vila Nova (GO), foram alvos de mandados de busca e apreens\u00e3o em uma opera\u00e7\u00e3o da Pol\u00edcia Civil do Esp\u00edrito Santo. A a\u00e7\u00e3o investiga supostos crimes de tr\u00e1fico de drogas, tr\u00e1fico de armas e lavagem de &hellip;<\/p>\n","protected":false},"author":5,"featured_media":122928,"comment_status":"open","ping_status":"closed","sticky":false,"template":"","format":"standard","meta":{"footnotes":""},"categories":[87,88],"tags":[],"class_list":["post-122927","post","type-post","status-publish","format-standard","has-post-thumbnail","hentry","category-esporte","category-policia"],"yoast_head":"<!-- This site is optimized with the Yoast SEO plugin v28.3 - https:\/\/yoast.com\/product\/yoast-seo-wordpress\/ -->\n<title>Jogadores do Vasco e Vila Nova s\u00e3o alvos de opera\u00e7\u00e3o contra tr\u00e1fico e armas - Ribeir\u00e3o Preto e Regi\u00e3o<\/title>\n<meta name=\"robots\" content=\"index, follow, max-snippet:-1, max-image-preview:large, max-video-preview:-1\" \/>\n<link rel=\"canonical\" href=\"https:\/\/redenoticiaz.com.br\/ribeiraopreto-regiao\/sp\/2026\/08\/31\/jogadores-do-vasco-e-vila-nova-sao-alvos-de-operacao-contra-trafico-e-armas\" \/>\n<meta property=\"og:locale\" content=\"pt_BR\" \/>\n<meta property=\"og:type\" content=\"article\" \/>\n<meta property=\"og:title\" content=\"Jogadores do Vasco e Vila Nova s\u00e3o alvos de opera\u00e7\u00e3o contra tr\u00e1fico e armas - Ribeir\u00e3o Preto e Regi\u00e3o\" \/>\n<meta property=\"og:description\" content=\"Na manh\u00e3 desta segunda-feira (31), os jogadores de futebol David Corr\u00eaa, do Vasco da Gama (RJ), e Hayner Cordeiro, do Vila Nova (GO), foram alvos de mandados de busca e apreens\u00e3o em uma opera\u00e7\u00e3o da Pol\u00edcia Civil do Esp\u00edrito Santo. A a\u00e7\u00e3o investiga supostos crimes de tr\u00e1fico de drogas, tr\u00e1fico de armas e lavagem de &hellip;\" \/>\n<meta property=\"og:url\" content=\"https:\/\/redenoticiaz.com.br\/ribeiraopreto-regiao\/sp\/2026\/08\/31\/jogadores-do-vasco-e-vila-nova-sao-alvos-de-operacao-contra-trafico-e-armas\" \/>\n<meta property=\"og:site_name\" content=\"Ribeir\u00e3o Preto e Regi\u00e3o\" \/>\n<meta property=\"article:publisher\" content=\"https:\/\/m.facebook.com\/redenoticiaz.barretos\" \/>\n<meta property=\"article:published_time\" content=\"2026-08-31T17:49:41+00:00\" \/>\n<meta property=\"og:image\" content=\"https:\/\/redenoticiaz.com.br\/ribeiraopreto-regiao\/wp-content\/uploads\/sites\/4\/2022\/02\/logo.jpg\" \/>\n\t<meta property=\"og:image:width\" content=\"400\" \/>\n\t<meta property=\"og:image:height\" content=\"250\" \/>\n\t<meta property=\"og:image:type\" content=\"image\/jpeg\" \/>\n<meta name=\"author\" content=\"Patr\u00edcia Prado\" \/>\n<meta name=\"twitter:card\" content=\"summary_large_image\" \/>\n<meta name=\"twitter:creator\" content=\"@RN_barretos\" \/>\n<meta name=\"twitter:site\" content=\"@RN_barretos\" \/>\n<meta name=\"twitter:label1\" content=\"Escrito por\" \/>\n\t<meta name=\"twitter:data1\" content=\"Patr\u00edcia Prado\" \/>\n\t<meta name=\"twitter:label2\" content=\"Est. tempo de leitura\" \/>\n\t<meta name=\"twitter:data2\" content=\"2 minutos\" \/>\n<script type=\"application\/ld+json\" class=\"yoast-schema-graph\">{\"@context\":\"https:\\\/\\\/schema.org\",\"@graph\":[{\"@type\":\"Article\",\"@id\":\"https:\\\/\\\/redenoticiaz.com.br\\\/ribeiraopreto-regiao\\\/sp\\\/2026\\\/08\\\/31\\\/jogadores-do-vasco-e-vila-nova-sao-alvos-de-operacao-contra-trafico-e-armas#article\",\"isPartOf\":{\"@id\":\"https:\\\/\\\/redenoticiaz.com.br\\\/ribeiraopreto-regiao\\\/sp\\\/2026\\\/08\\\/31\\\/jogadores-do-vasco-e-vila-nova-sao-alvos-de-operacao-contra-trafico-e-armas\"},\"author\":{\"name\":\"Patr\u00edcia Prado\",\"@id\":\"https:\\\/\\\/redenoticiaz.com.br\\\/ribeiraopreto-regiao\\\/#\\\/schema\\\/person\\\/e1b0bd8c2637e2c1b6ddcbc2c33b116f\"},\"headline\":\"Jogadores do Vasco e Vila Nova s\u00e3o alvos de opera\u00e7\u00e3o contra tr\u00e1fico e armas\",\"datePublished\":\"2026-08-31T17:49:41+00:00\",\"mainEntityOfPage\":{\"@id\":\"https:\\\/\\\/redenoticiaz.com.br\\\/ribeiraopreto-regiao\\\/sp\\\/2026\\\/08\\\/31\\\/jogadores-do-vasco-e-vila-nova-sao-alvos-de-operacao-contra-trafico-e-armas\"},\"wordCount\":467,\"commentCount\":0,\"publisher\":{\"@id\":\"https:\\\/\\\/redenoticiaz.com.br\\\/ribeiraopreto-regiao\\\/#organization\"},\"image\":{\"@id\":\"https:\\\/\\\/redenoticiaz.com.br\\\/ribeiraopreto-regiao\\\/sp\\\/2026\\\/08\\\/31\\\/jogadores-do-vasco-e-vila-nova-sao-alvos-de-operacao-contra-trafico-e-armas#primaryimage\"},\"thumbnailUrl\":\"https:\\\/\\\/redenoticiaz.com.br\\\/ribeiraopreto-regiao\\\/wp-content\\\/uploads\\\/sites\\\/4\\\/2026\\\/08\\\/operacao-vasco_copy.jpg\",\"articleSection\":[\"Esporte\",\"Pol\u00edcia\"],\"inLanguage\":\"pt-BR\",\"potentialAction\":[{\"@type\":\"CommentAction\",\"name\":\"Comment\",\"target\":[\"https:\\\/\\\/redenoticiaz.com.br\\\/ribeiraopreto-regiao\\\/sp\\\/2026\\\/08\\\/31\\\/jogadores-do-vasco-e-vila-nova-sao-alvos-de-operacao-contra-trafico-e-armas#respond\"]}]},{\"@type\":\"WebPage\",\"@id\":\"https:\\\/\\\/redenoticiaz.com.br\\\/ribeiraopreto-regiao\\\/sp\\\/2026\\\/08\\\/31\\\/jogadores-do-vasco-e-vila-nova-sao-alvos-de-operacao-contra-trafico-e-armas\",\"url\":\"https:\\\/\\\/redenoticiaz.com.br\\\/ribeiraopreto-regiao\\\/sp\\\/2026\\\/08\\\/31\\\/jogadores-do-vasco-e-vila-nova-sao-alvos-de-operacao-contra-trafico-e-armas\",\"name\":\"Jogadores do Vasco e Vila Nova s\u00e3o alvos de opera\u00e7\u00e3o contra tr\u00e1fico e armas - Ribeir\u00e3o Preto e Regi\u00e3o\",\"isPartOf\":{\"@id\":\"https:\\\/\\\/redenoticiaz.com.br\\\/ribeiraopreto-regiao\\\/#website\"},\"primaryImageOfPage\":{\"@id\":\"https:\\\/\\\/redenoticiaz.com.br\\\/ribeiraopreto-regiao\\\/sp\\\/2026\\\/08\\\/31\\\/jogadores-do-vasco-e-vila-nova-sao-alvos-de-operacao-contra-trafico-e-armas#primaryimage\"},\"image\":{\"@id\":\"https:\\\/\\\/redenoticiaz.com.br\\\/ribeiraopreto-regiao\\\/sp\\\/2026\\\/08\\\/31\\\/jogadores-do-vasco-e-vila-nova-sao-alvos-de-operacao-contra-trafico-e-armas#primaryimage\"},\"thumbnailUrl\":\"https:\\\/\\\/redenoticiaz.com.br\\\/ribeiraopreto-regiao\\\/wp-content\\\/uploads\\\/sites\\\/4\\\/2026\\\/08\\\/operacao-vasco_copy.jpg\",\"datePublished\":\"2026-08-31T17:49:41+00:00\",\"inLanguage\":\"pt-BR\",\"potentialAction\":[{\"@type\":\"ReadAction\",\"target\":[\"https:\\\/\\\/redenoticiaz.com.br\\\/ribeiraopreto-regiao\\\/sp\\\/2026\\\/08\\\/31\\\/jogadores-do-vasco-e-vila-nova-sao-alvos-de-operacao-contra-trafico-e-armas\"]}]},{\"@type\":\"ImageObject\",\"inLanguage\":\"pt-BR\",\"@id\":\"https:\\\/\\\/redenoticiaz.com.br\\\/ribeiraopreto-regiao\\\/sp\\\/2026\\\/08\\\/31\\\/jogadores-do-vasco-e-vila-nova-sao-alvos-de-operacao-contra-trafico-e-armas#primaryimage\",\"url\":\"https:\\\/\\\/redenoticiaz.com.br\\\/ribeiraopreto-regiao\\\/wp-content\\\/uploads\\\/sites\\\/4\\\/2026\\\/08\\\/operacao-vasco_copy.jpg\",\"contentUrl\":\"https:\\\/\\\/redenoticiaz.com.br\\\/ribeiraopreto-regiao\\\/wp-content\\\/uploads\\\/sites\\\/4\\\/2026\\\/08\\\/operacao-vasco_copy.jpg\",\"width\":1600,\"height\":800},{\"@type\":\"WebSite\",\"@id\":\"https:\\\/\\\/redenoticiaz.com.br\\\/ribeiraopreto-regiao\\\/#website\",\"url\":\"https:\\\/\\\/redenoticiaz.com.br\\\/ribeiraopreto-regiao\\\/\",\"name\":\"Ribeir\u00e3o Preto e Regi\u00e3o\",\"description\":\"Rede NoticiaZ - Ribeir\u00e3o Preto e regi\u00e3o\",\"publisher\":{\"@id\":\"https:\\\/\\\/redenoticiaz.com.br\\\/ribeiraopreto-regiao\\\/#organization\"},\"potentialAction\":[{\"@type\":\"SearchAction\",\"target\":{\"@type\":\"EntryPoint\",\"urlTemplate\":\"https:\\\/\\\/redenoticiaz.com.br\\\/ribeiraopreto-regiao\\\/?s={search_term_string}\"},\"query-input\":{\"@type\":\"PropertyValueSpecification\",\"valueRequired\":true,\"valueName\":\"search_term_string\"}}],\"inLanguage\":\"pt-BR\"},{\"@type\":\"Organization\",\"@id\":\"https:\\\/\\\/redenoticiaz.com.br\\\/ribeiraopreto-regiao\\\/#organization\",\"name\":\"Ribeir\u00e3o Preto e Regi\u00e3o\",\"url\":\"https:\\\/\\\/redenoticiaz.com.br\\\/ribeiraopreto-regiao\\\/\",\"logo\":{\"@type\":\"ImageObject\",\"inLanguage\":\"pt-BR\",\"@id\":\"https:\\\/\\\/redenoticiaz.com.br\\\/ribeiraopreto-regiao\\\/#\\\/schema\\\/logo\\\/image\\\/\",\"url\":\"https:\\\/\\\/redenoticiaz.com.br\\\/barretos-regiao\\\/wp-content\\\/uploads\\\/sites\\\/4\\\/2022\\\/02\\\/logo.jpg\",\"contentUrl\":\"https:\\\/\\\/redenoticiaz.com.br\\\/barretos-regiao\\\/wp-content\\\/uploads\\\/sites\\\/4\\\/2022\\\/02\\\/logo.jpg\",\"width\":400,\"height\":250,\"caption\":\"Ribeir\u00e3o Preto e Regi\u00e3o\"},\"image\":{\"@id\":\"https:\\\/\\\/redenoticiaz.com.br\\\/ribeiraopreto-regiao\\\/#\\\/schema\\\/logo\\\/image\\\/\"},\"sameAs\":[\"https:\\\/\\\/m.facebook.com\\\/redenoticiaz.barretos\",\"https:\\\/\\\/x.com\\\/RN_barretos\",\"https:\\\/\\\/www.instagram.com\\\/redenoticiaz.barretos\\\/?igshid=YmMyMTA2M2Y\",\"https:\\\/\\\/www.linkedin.com\\\/company\\\/rede-noticiaz-barretos-e-regio\\\/\"]},{\"@type\":\"Person\",\"@id\":\"https:\\\/\\\/redenoticiaz.com.br\\\/ribeiraopreto-regiao\\\/#\\\/schema\\\/person\\\/e1b0bd8c2637e2c1b6ddcbc2c33b116f\",\"name\":\"Patr\u00edcia Prado\",\"image\":{\"@type\":\"ImageObject\",\"inLanguage\":\"pt-BR\",\"@id\":\"https:\\\/\\\/secure.gravatar.com\\\/avatar\\\/92e358bef22cfcec15e054ae4d9fee04dadf0c772dc4a17b382b8a34a15354c2?s=96&d=mm&r=g\",\"url\":\"https:\\\/\\\/secure.gravatar.com\\\/avatar\\\/92e358bef22cfcec15e054ae4d9fee04dadf0c772dc4a17b382b8a34a15354c2?s=96&d=mm&r=g\",\"contentUrl\":\"https:\\\/\\\/secure.gravatar.com\\\/avatar\\\/92e358bef22cfcec15e054ae4d9fee04dadf0c772dc4a17b382b8a34a15354c2?s=96&d=mm&r=g\",\"caption\":\"Patr\u00edcia Prado\"},\"url\":\"https:\\\/\\\/redenoticiaz.com.br\\\/ribeiraopreto-regiao\\\/sp\\\/author\\\/patricia-prado\"}]}<\/script>\n<!-- \/ Yoast SEO plugin. -->","yoast_head_json":{"title":"Jogadores do Vasco e Vila Nova s\u00e3o alvos de opera\u00e7\u00e3o contra tr\u00e1fico e armas - Ribeir\u00e3o Preto e Regi\u00e3o","robots":{"index":"index","follow":"follow","max-snippet":"max-snippet:-1","max-image-preview":"max-image-preview:large","max-video-preview":"max-video-preview:-1"},"canonical":"https:\/\/redenoticiaz.com.br\/ribeiraopreto-regiao\/sp\/2026\/08\/31\/jogadores-do-vasco-e-vila-nova-sao-alvos-de-operacao-contra-trafico-e-armas","og_locale":"pt_BR","og_type":"article","og_title":"Jogadores do Vasco e Vila Nova s\u00e3o alvos de opera\u00e7\u00e3o contra tr\u00e1fico e armas - Ribeir\u00e3o Preto e Regi\u00e3o","og_description":"Na manh\u00e3 desta segunda-feira (31), os jogadores de futebol David Corr\u00eaa, do Vasco da Gama (RJ), e Hayner Cordeiro, do Vila Nova (GO), foram alvos de mandados de busca e apreens\u00e3o em uma opera\u00e7\u00e3o da Pol\u00edcia Civil do Esp\u00edrito Santo. A a\u00e7\u00e3o investiga supostos crimes de tr\u00e1fico de drogas, tr\u00e1fico de armas e lavagem de &hellip;","og_url":"https:\/\/redenoticiaz.com.br\/ribeiraopreto-regiao\/sp\/2026\/08\/31\/jogadores-do-vasco-e-vila-nova-sao-alvos-de-operacao-contra-trafico-e-armas","og_site_name":"Ribeir\u00e3o Preto e Regi\u00e3o","article_publisher":"https:\/\/m.facebook.com\/redenoticiaz.barretos","article_published_time":"2026-08-31T17:49:41+00:00","og_image":[{"width":400,"height":250,"url":"https:\/\/redenoticiaz.com.br\/ribeiraopreto-regiao\/wp-content\/uploads\/sites\/4\/2022\/02\/logo.jpg","type":"image\/jpeg"}],"author":"Patr\u00edcia Prado","twitter_card":"summary_large_image","twitter_creator":"@RN_barretos","twitter_site":"@RN_barretos","twitter_misc":{"Escrito por":"Patr\u00edcia Prado","Est. tempo de leitura":"2 minutos"},"schema":{"@context":"https:\/\/schema.org","@graph":[{"@type":"Article","@id":"https:\/\/redenoticiaz.com.br\/ribeiraopreto-regiao\/sp\/2026\/08\/31\/jogadores-do-vasco-e-vila-nova-sao-alvos-de-operacao-contra-trafico-e-armas#article","isPartOf":{"@id":"https:\/\/redenoticiaz.com.br\/ribeiraopreto-regiao\/sp\/2026\/08\/31\/jogadores-do-vasco-e-vila-nova-sao-alvos-de-operacao-contra-trafico-e-armas"},"author":{"name":"Patr\u00edcia Prado","@id":"https:\/\/redenoticiaz.com.br\/ribeiraopreto-regiao\/#\/schema\/person\/e1b0bd8c2637e2c1b6ddcbc2c33b116f"},"headline":"Jogadores do Vasco e Vila Nova s\u00e3o alvos de opera\u00e7\u00e3o contra tr\u00e1fico e armas","datePublished":"2026-08-31T17:49:41+00:00","mainEntityOfPage":{"@id":"https:\/\/redenoticiaz.com.br\/ribeiraopreto-regiao\/sp\/2026\/08\/31\/jogadores-do-vasco-e-vila-nova-sao-alvos-de-operacao-contra-trafico-e-armas"},"wordCount":467,"commentCount":0,"publisher":{"@id":"https:\/\/redenoticiaz.com.br\/ribeiraopreto-regiao\/#organization"},"image":{"@id":"https:\/\/redenoticiaz.com.br\/ribeiraopreto-regiao\/sp\/2026\/08\/31\/jogadores-do-vasco-e-vila-nova-sao-alvos-de-operacao-contra-trafico-e-armas#primaryimage"},"thumbnailUrl":"https:\/\/redenoticiaz.com.br\/ribeiraopreto-regiao\/wp-content\/uploads\/sites\/4\/2026\/08\/operacao-vasco_copy.jpg","articleSection":["Esporte","Pol\u00edcia"],"inLanguage":"pt-BR","potentialAction":[{"@type":"CommentAction","name":"Comment","target":["https:\/\/redenoticiaz.com.br\/ribeiraopreto-regiao\/sp\/2026\/08\/31\/jogadores-do-vasco-e-vila-nova-sao-alvos-de-operacao-contra-trafico-e-armas#respond"]}]},{"@type":"WebPage","@id":"https:\/\/redenoticiaz.com.br\/ribeiraopreto-regiao\/sp\/2026\/08\/31\/jogadores-do-vasco-e-vila-nova-sao-alvos-de-operacao-contra-trafico-e-armas","url":"https:\/\/redenoticiaz.com.br\/ribeiraopreto-regiao\/sp\/2026\/08\/31\/jogadores-do-vasco-e-vila-nova-sao-alvos-de-operacao-contra-trafico-e-armas","name":"Jogadores do Vasco e Vila Nova s\u00e3o alvos de opera\u00e7\u00e3o contra tr\u00e1fico e armas - Ribeir\u00e3o Preto e Regi\u00e3o","isPartOf":{"@id":"https:\/\/redenoticiaz.com.br\/ribeiraopreto-regiao\/#website"},"primaryImageOfPage":{"@id":"https:\/\/redenoticiaz.com.br\/ribeiraopreto-regiao\/sp\/2026\/08\/31\/jogadores-do-vasco-e-vila-nova-sao-alvos-de-operacao-contra-trafico-e-armas#primaryimage"},"image":{"@id":"https:\/\/redenoticiaz.com.br\/ribeiraopreto-regiao\/sp\/2026\/08\/31\/jogadores-do-vasco-e-vila-nova-sao-alvos-de-operacao-contra-trafico-e-armas#primaryimage"},"thumbnailUrl":"https:\/\/redenoticiaz.com.br\/ribeiraopreto-regiao\/wp-content\/uploads\/sites\/4\/2026\/08\/operacao-vasco_copy.jpg","datePublished":"2026-08-31T17:49:41+00:00","inLanguage":"pt-BR","potentialAction":[{"@type":"ReadAction","target":["https:\/\/redenoticiaz.com.br\/ribeiraopreto-regiao\/sp\/2026\/08\/31\/jogadores-do-vasco-e-vila-nova-sao-alvos-de-operacao-contra-trafico-e-armas"]}]},{"@type":"ImageObject","inLanguage":"pt-BR","@id":"https:\/\/redenoticiaz.com.br\/ribeiraopreto-regiao\/sp\/2026\/08\/31\/jogadores-do-vasco-e-vila-nova-sao-alvos-de-operacao-contra-trafico-e-armas#primaryimage","url":"https:\/\/redenoticiaz.com.br\/ribeiraopreto-regiao\/wp-content\/uploads\/sites\/4\/2026\/08\/operacao-vasco_copy.jpg","contentUrl":"https:\/\/redenoticiaz.com.br\/ribeiraopreto-regiao\/wp-content\/uploads\/sites\/4\/2026\/08\/operacao-vasco_copy.jpg","width":1600,"height":800},{"@type":"WebSite","@id":"https:\/\/redenoticiaz.com.br\/ribeiraopreto-regiao\/#website","url":"https:\/\/redenoticiaz.com.br\/ribeiraopreto-regiao\/","name":"Ribeir\u00e3o Preto e Regi\u00e3o","description":"Rede NoticiaZ - Ribeir\u00e3o Preto e regi\u00e3o","publisher":{"@id":"https:\/\/redenoticiaz.com.br\/ribeiraopreto-regiao\/#organization"},"potentialAction":[{"@type":"SearchAction","target":{"@type":"EntryPoint","urlTemplate":"https:\/\/redenoticiaz.com.br\/ribeiraopreto-regiao\/?s={search_term_string}"},"query-input":{"@type":"PropertyValueSpecification","valueRequired":true,"valueName":"search_term_string"}}],"inLanguage":"pt-BR"},{"@type":"Organization","@id":"https:\/\/redenoticiaz.com.br\/ribeiraopreto-regiao\/#organization","name":"Ribeir\u00e3o Preto e Regi\u00e3o","url":"https:\/\/redenoticiaz.com.br\/ribeiraopreto-regiao\/","logo":{"@type":"ImageObject","inLanguage":"pt-BR","@id":"https:\/\/redenoticiaz.com.br\/ribeiraopreto-regiao\/#\/schema\/logo\/image\/","url":"https:\/\/redenoticiaz.com.br\/barretos-regiao\/wp-content\/uploads\/sites\/4\/2022\/02\/logo.jpg","contentUrl":"https:\/\/redenoticiaz.com.br\/barretos-regiao\/wp-content\/uploads\/sites\/4\/2022\/02\/logo.jpg","width":400,"height":250,"caption":"Ribeir\u00e3o Preto e Regi\u00e3o"},"image":{"@id":"https:\/\/redenoticiaz.com.br\/ribeiraopreto-regiao\/#\/schema\/logo\/image\/"},"sameAs":["https:\/\/m.facebook.com\/redenoticiaz.barretos","https:\/\/x.com\/RN_barretos","https:\/\/www.instagram.com\/redenoticiaz.barretos\/?igshid=YmMyMTA2M2Y","https:\/\/www.linkedin.com\/company\/rede-noticiaz-barretos-e-regio\/"]},{"@type":"Person","@id":"https:\/\/redenoticiaz.com.br\/ribeiraopreto-regiao\/#\/schema\/person\/e1b0bd8c2637e2c1b6ddcbc2c33b116f","name":"Patr\u00edcia Prado","image":{"@type":"ImageObject","inLanguage":"pt-BR","@id":"https:\/\/secure.gravatar.com\/avatar\/92e358bef22cfcec15e054ae4d9fee04dadf0c772dc4a17b382b8a34a15354c2?s=96&d=mm&r=g","url":"https:\/\/secure.gravatar.com\/avatar\/92e358bef22cfcec15e054ae4d9fee04dadf0c772dc4a17b382b8a34a15354c2?s=96&d=mm&r=g","contentUrl":"https:\/\/secure.gravatar.com\/avatar\/92e358bef22cfcec15e054ae4d9fee04dadf0c772dc4a17b382b8a34a15354c2?s=96&d=mm&r=g","caption":"Patr\u00edcia Prado"},"url":"https:\/\/redenoticiaz.com.br\/ribeiraopreto-regiao\/sp\/author\/patricia-prado"}]}},"_links":{"self":[{"href":"https:\/\/redenoticiaz.com.br\/ribeiraopreto-regiao\/wp-json\/wp\/v2\/posts\/122927","targetHints":{"allow":["GET"]}}],"collection":[{"href":"https:\/\/redenoticiaz.com.br\/ribeiraopreto-regiao\/wp-json\/wp\/v2\/posts"}],"about":[{"href":"https:\/\/redenoticiaz.com.br\/ribeiraopreto-regiao\/wp-json\/wp\/v2\/types\/post"}],"author":[{"embeddable":true,"href":"https:\/\/redenoticiaz.com.br\/ribeiraopreto-regiao\/wp-json\/wp\/v2\/users\/5"}],"replies":[{"embeddable":true,"href":"https:\/\/redenoticiaz.com.br\/ribeiraopreto-regiao\/wp-json\/wp\/v2\/comments?post=122927"}],"version-history":[{"count":0,"href":"https:\/\/redenoticiaz.com.br\/ribeiraopreto-regiao\/wp-json\/wp\/v2\/posts\/122927\/revisions"}],"wp:featuredmedia":[{"embeddable":true,"href":"https:\/\/redenoticiaz.com.br\/ribeiraopreto-regiao\/wp-json\/wp\/v2\/media\/122928"}],"wp:attachment":[{"href":"https:\/\/redenoticiaz.com.br\/ribeiraopreto-regiao\/wp-json\/wp\/v2\/media?parent=122927"}],"wp:term":[{"taxonomy":"category","embeddable":true,"href":"https:\/\/redenoticiaz.com.br\/ribeiraopreto-regiao\/wp-json\/wp\/v2\/categories?post=122927"},{"taxonomy":"post_tag","embeddable":true,"href":"https:\/\/redenoticiaz.com.br\/ribeiraopreto-regiao\/wp-json\/wp\/v2\/tags?post=122927"}],"curies":[{"name":"wp","href":"https:\/\/api.w.org\/{rel}","templated":true}]}}