{"id":122929,"date":"2026-08-31T14:59:27","date_gmt":"2026-08-31T17:59:27","guid":{"rendered":"https:\/\/redenoticiaz.com.br\/ribeiraopreto-regiao\/sp\/2026\/08\/31\/saerp-lanca-nova-conta-de-agua-e-esgoto-em-ribeirao-preto-aumentando-a-transparencia-e-facilitando-o-acesso-aos-servicos-municipais"},"modified":"2026-08-31T14:59:27","modified_gmt":"2026-08-31T17:59:27","slug":"saerp-lanca-nova-conta-de-agua-e-esgoto-em-ribeirao-preto-aumentando-a-transparencia-e-facilitando-o-acesso-aos-servicos-municipais","status":"publish","type":"post","link":"https:\/\/redenoticiaz.com.br\/ribeiraopreto-regiao\/sp\/2026\/08\/31\/saerp-lanca-nova-conta-de-agua-e-esgoto-em-ribeirao-preto-aumentando-a-transparencia-e-facilitando-o-acesso-aos-servicos-municipais","title":{"rendered":"Saerp lan\u00e7a nova conta de \u00e1gua e esgoto em Ribeir\u00e3o Preto, aumentando a transpar\u00eancia e facilitando o acesso aos servi\u00e7os municipais"},"content":{"rendered":"<p>A Saerp deu in\u00edcio \u00e0 distribui\u00e7\u00e3o da nova conta de \u00e1gua e esgoto para os consumidores de Ribeir\u00e3o Preto, com a implementa\u00e7\u00e3o do modelo NFAg (Nota Fiscal de \u00c1gua e Saneamento Eletr\u00f4nica). Essa mudan\u00e7a foi efetivada nesta segunda-feira, 31 de agosto, e visa modernizar a apresenta\u00e7\u00e3o dos documentos fiscais, substituindo o formato anterior.<\/p>\n<p>O novo modelo foi desenvolvido em conformidade com diretrizes nacionais que visam a moderniza\u00e7\u00e3o na emiss\u00e3o de documentos de \u00e1gua e saneamento. A NFAg possui validade jur\u00eddica assegurada por assinatura digital, o que aumenta a seguran\u00e7a e a confiabilidade no processo, al\u00e9m de facilitar o cumprimento das obriga\u00e7\u00f5es fiscais.<\/p>\n<p>A reforma tribut\u00e1ria brasileira tamb\u00e9m \u00e9 contemplada com essa mudan\u00e7a, adequando a cobran\u00e7a dos servi\u00e7os \u00e0s novas normativas e permitindo uma padroniza\u00e7\u00e3o nacional no formato das contas de \u00e1gua e saneamento em todo o pa\u00eds.<\/p>\n<p>A nova conta traz um n\u00edvel maior de transpar\u00eancia ao detalhar de maneira clara os valores relacionados ao consumo de \u00e1gua, coleta e tratamento de esgoto, al\u00e9m de outros servi\u00e7os que podem ser prestados. O documento pode ser utilizado como comprovante oficial de resid\u00eancia e de pagamento, proporcionando maior seguran\u00e7a jur\u00eddica aos consumidores.<\/p>\n<p>Os cidad\u00e3os tamb\u00e9m ter\u00e3o mais alternativas para acessar suas contas, podendo receb\u00ea-las e consult\u00e1-las de forma digital. Os mun\u00edcipes podem utilizar o WhatsApp da Saerp, pelo n\u00famero 16-3607-2200, e o site da Prefeitura de Ribeir\u00e3o Preto, tornando esse processo mais \u00e1gil e pr\u00e1tico.<\/p>\n<p>Al\u00e9m disso, o novo sistema mant\u00e9m os benef\u00edcios da Tarifa Social, identificando automaticamente os usu\u00e1rios com direito ao desconto, que ser\u00e3o aplicados de maneira segura e eficaz.<\/p>\n<p>O secret\u00e1rio da Saerp, Jos\u00e9 Rui Bonatto, aconselhou os consumidores a prestarem aten\u00e7\u00e3o ao novo formato da conta durante os ciclos de faturamento subsequentes, esclarecendo que a mudan\u00e7a n\u00e3o afetar\u00e1 os servi\u00e7os prestados nem os prazos de vencimento, representando apenas uma atualiza\u00e7\u00e3o na emiss\u00e3o do documento fiscal.<\/p>\n","protected":false},"excerpt":{"rendered":"<p>A Saerp deu in\u00edcio \u00e0 distribui\u00e7\u00e3o da nova conta de \u00e1gua e esgoto para os consumidores de Ribeir\u00e3o Preto, com a implementa\u00e7\u00e3o do modelo NFAg (Nota Fiscal de \u00c1gua e Saneamento Eletr\u00f4nica). Essa mudan\u00e7a foi efetivada nesta segunda-feira, 31 de agosto, e visa modernizar a apresenta\u00e7\u00e3o dos documentos fiscais, substituindo o formato anterior. O novo &hellip;<\/p>\n","protected":false},"author":5,"featured_media":122930,"comment_status":"open","ping_status":"closed","sticky":false,"template":"","format":"standard","meta":{"footnotes":""},"categories":[31500],"tags":[],"class_list":["post-122929","post","type-post","status-publish","format-standard","has-post-thumbnail","hentry","category-ribeirao-preto"],"yoast_head":"<!-- This site is optimized with the Yoast SEO plugin v28.3 - https:\/\/yoast.com\/product\/yoast-seo-wordpress\/ -->\n<title>Saerp lan\u00e7a nova conta de \u00e1gua e esgoto em Ribeir\u00e3o Preto, aumentando a transpar\u00eancia e facilitando o acesso aos servi\u00e7os municipais - Ribeir\u00e3o Preto e Regi\u00e3o<\/title>\n<meta name=\"robots\" content=\"index, follow, max-snippet:-1, max-image-preview:large, max-video-preview:-1\" \/>\n<link rel=\"canonical\" href=\"https:\/\/redenoticiaz.com.br\/ribeiraopreto-regiao\/sp\/2026\/08\/31\/saerp-lanca-nova-conta-de-agua-e-esgoto-em-ribeirao-preto-aumentando-a-transparencia-e-facilitando-o-acesso-aos-servicos-municipais\" \/>\n<meta property=\"og:locale\" content=\"pt_BR\" \/>\n<meta property=\"og:type\" content=\"article\" \/>\n<meta property=\"og:title\" content=\"Saerp lan\u00e7a nova conta de \u00e1gua e esgoto em Ribeir\u00e3o Preto, aumentando a transpar\u00eancia e facilitando o acesso aos servi\u00e7os municipais - Ribeir\u00e3o Preto e Regi\u00e3o\" \/>\n<meta property=\"og:description\" content=\"A Saerp deu in\u00edcio \u00e0 distribui\u00e7\u00e3o da nova conta de \u00e1gua e esgoto para os consumidores de Ribeir\u00e3o Preto, com a implementa\u00e7\u00e3o do modelo NFAg (Nota Fiscal de \u00c1gua e Saneamento Eletr\u00f4nica). Essa mudan\u00e7a foi efetivada nesta segunda-feira, 31 de agosto, e visa modernizar a apresenta\u00e7\u00e3o dos documentos fiscais, substituindo o formato anterior. O novo &hellip;\" \/>\n<meta property=\"og:url\" content=\"https:\/\/redenoticiaz.com.br\/ribeiraopreto-regiao\/sp\/2026\/08\/31\/saerp-lanca-nova-conta-de-agua-e-esgoto-em-ribeirao-preto-aumentando-a-transparencia-e-facilitando-o-acesso-aos-servicos-municipais\" \/>\n<meta property=\"og:site_name\" content=\"Ribeir\u00e3o Preto e Regi\u00e3o\" \/>\n<meta property=\"article:publisher\" content=\"https:\/\/m.facebook.com\/redenoticiaz.barretos\" \/>\n<meta property=\"article:published_time\" content=\"2026-08-31T17:59:27+00:00\" \/>\n<meta property=\"og:image\" content=\"https:\/\/redenoticiaz.com.br\/ribeiraopreto-regiao\/wp-content\/uploads\/sites\/4\/2022\/02\/logo.jpg\" \/>\n\t<meta property=\"og:image:width\" content=\"400\" \/>\n\t<meta property=\"og:image:height\" content=\"250\" \/>\n\t<meta property=\"og:image:type\" content=\"image\/jpeg\" \/>\n<meta name=\"author\" content=\"Patr\u00edcia Prado\" \/>\n<meta name=\"twitter:card\" content=\"summary_large_image\" \/>\n<meta name=\"twitter:creator\" content=\"@RN_barretos\" \/>\n<meta name=\"twitter:site\" content=\"@RN_barretos\" \/>\n<meta name=\"twitter:label1\" content=\"Escrito por\" \/>\n\t<meta name=\"twitter:data1\" content=\"Patr\u00edcia Prado\" \/>\n\t<meta name=\"twitter:label2\" content=\"Est. tempo de leitura\" \/>\n\t<meta name=\"twitter:data2\" content=\"2 minutos\" \/>\n<script type=\"application\/ld+json\" class=\"yoast-schema-graph\">{\"@context\":\"https:\\\/\\\/schema.org\",\"@graph\":[{\"@type\":\"Article\",\"@id\":\"https:\\\/\\\/redenoticiaz.com.br\\\/ribeiraopreto-regiao\\\/sp\\\/2026\\\/08\\\/31\\\/saerp-lanca-nova-conta-de-agua-e-esgoto-em-ribeirao-preto-aumentando-a-transparencia-e-facilitando-o-acesso-aos-servicos-municipais#article\",\"isPartOf\":{\"@id\":\"https:\\\/\\\/redenoticiaz.com.br\\\/ribeiraopreto-regiao\\\/sp\\\/2026\\\/08\\\/31\\\/saerp-lanca-nova-conta-de-agua-e-esgoto-em-ribeirao-preto-aumentando-a-transparencia-e-facilitando-o-acesso-aos-servicos-municipais\"},\"author\":{\"name\":\"Patr\u00edcia Prado\",\"@id\":\"https:\\\/\\\/redenoticiaz.com.br\\\/ribeiraopreto-regiao\\\/#\\\/schema\\\/person\\\/e1b0bd8c2637e2c1b6ddcbc2c33b116f\"},\"headline\":\"Saerp lan\u00e7a nova conta de \u00e1gua e esgoto em Ribeir\u00e3o Preto, aumentando a transpar\u00eancia e facilitando o acesso aos servi\u00e7os municipais\",\"datePublished\":\"2026-08-31T17:59:27+00:00\",\"mainEntityOfPage\":{\"@id\":\"https:\\\/\\\/redenoticiaz.com.br\\\/ribeiraopreto-regiao\\\/sp\\\/2026\\\/08\\\/31\\\/saerp-lanca-nova-conta-de-agua-e-esgoto-em-ribeirao-preto-aumentando-a-transparencia-e-facilitando-o-acesso-aos-servicos-municipais\"},\"wordCount\":378,\"commentCount\":0,\"publisher\":{\"@id\":\"https:\\\/\\\/redenoticiaz.com.br\\\/ribeiraopreto-regiao\\\/#organization\"},\"image\":{\"@id\":\"https:\\\/\\\/redenoticiaz.com.br\\\/ribeiraopreto-regiao\\\/sp\\\/2026\\\/08\\\/31\\\/saerp-lanca-nova-conta-de-agua-e-esgoto-em-ribeirao-preto-aumentando-a-transparencia-e-facilitando-o-acesso-aos-servicos-municipais#primaryimage\"},\"thumbnailUrl\":\"https:\\\/\\\/redenoticiaz.com.br\\\/ribeiraopreto-regiao\\\/wp-content\\\/uploads\\\/sites\\\/4\\\/2026\\\/08\\\/novacontasaerp_1.jpg\",\"articleSection\":[\"Ribeir\u00e3o Preto\"],\"inLanguage\":\"pt-BR\",\"potentialAction\":[{\"@type\":\"CommentAction\",\"name\":\"Comment\",\"target\":[\"https:\\\/\\\/redenoticiaz.com.br\\\/ribeiraopreto-regiao\\\/sp\\\/2026\\\/08\\\/31\\\/saerp-lanca-nova-conta-de-agua-e-esgoto-em-ribeirao-preto-aumentando-a-transparencia-e-facilitando-o-acesso-aos-servicos-municipais#respond\"]}]},{\"@type\":\"WebPage\",\"@id\":\"https:\\\/\\\/redenoticiaz.com.br\\\/ribeiraopreto-regiao\\\/sp\\\/2026\\\/08\\\/31\\\/saerp-lanca-nova-conta-de-agua-e-esgoto-em-ribeirao-preto-aumentando-a-transparencia-e-facilitando-o-acesso-aos-servicos-municipais\",\"url\":\"https:\\\/\\\/redenoticiaz.com.br\\\/ribeiraopreto-regiao\\\/sp\\\/2026\\\/08\\\/31\\\/saerp-lanca-nova-conta-de-agua-e-esgoto-em-ribeirao-preto-aumentando-a-transparencia-e-facilitando-o-acesso-aos-servicos-municipais\",\"name\":\"Saerp lan\u00e7a nova conta de \u00e1gua e esgoto em Ribeir\u00e3o Preto, aumentando a transpar\u00eancia e facilitando o acesso aos servi\u00e7os municipais - Ribeir\u00e3o Preto e Regi\u00e3o\",\"isPartOf\":{\"@id\":\"https:\\\/\\\/redenoticiaz.com.br\\\/ribeiraopreto-regiao\\\/#website\"},\"primaryImageOfPage\":{\"@id\":\"https:\\\/\\\/redenoticiaz.com.br\\\/ribeiraopreto-regiao\\\/sp\\\/2026\\\/08\\\/31\\\/saerp-lanca-nova-conta-de-agua-e-esgoto-em-ribeirao-preto-aumentando-a-transparencia-e-facilitando-o-acesso-aos-servicos-municipais#primaryimage\"},\"image\":{\"@id\":\"https:\\\/\\\/redenoticiaz.com.br\\\/ribeiraopreto-regiao\\\/sp\\\/2026\\\/08\\\/31\\\/saerp-lanca-nova-conta-de-agua-e-esgoto-em-ribeirao-preto-aumentando-a-transparencia-e-facilitando-o-acesso-aos-servicos-municipais#primaryimage\"},\"thumbnailUrl\":\"https:\\\/\\\/redenoticiaz.com.br\\\/ribeiraopreto-regiao\\\/wp-content\\\/uploads\\\/sites\\\/4\\\/2026\\\/08\\\/novacontasaerp_1.jpg\",\"datePublished\":\"2026-08-31T17:59:27+00:00\",\"inLanguage\":\"pt-BR\",\"potentialAction\":[{\"@type\":\"ReadAction\",\"target\":[\"https:\\\/\\\/redenoticiaz.com.br\\\/ribeiraopreto-regiao\\\/sp\\\/2026\\\/08\\\/31\\\/saerp-lanca-nova-conta-de-agua-e-esgoto-em-ribeirao-preto-aumentando-a-transparencia-e-facilitando-o-acesso-aos-servicos-municipais\"]}]},{\"@type\":\"ImageObject\",\"inLanguage\":\"pt-BR\",\"@id\":\"https:\\\/\\\/redenoticiaz.com.br\\\/ribeiraopreto-regiao\\\/sp\\\/2026\\\/08\\\/31\\\/saerp-lanca-nova-conta-de-agua-e-esgoto-em-ribeirao-preto-aumentando-a-transparencia-e-facilitando-o-acesso-aos-servicos-municipais#primaryimage\",\"url\":\"https:\\\/\\\/redenoticiaz.com.br\\\/ribeiraopreto-regiao\\\/wp-content\\\/uploads\\\/sites\\\/4\\\/2026\\\/08\\\/novacontasaerp_1.jpg\",\"contentUrl\":\"https:\\\/\\\/redenoticiaz.com.br\\\/ribeiraopreto-regiao\\\/wp-content\\\/uploads\\\/sites\\\/4\\\/2026\\\/08\\\/novacontasaerp_1.jpg\",\"width\":1600,\"height\":1064},{\"@type\":\"WebSite\",\"@id\":\"https:\\\/\\\/redenoticiaz.com.br\\\/ribeiraopreto-regiao\\\/#website\",\"url\":\"https:\\\/\\\/redenoticiaz.com.br\\\/ribeiraopreto-regiao\\\/\",\"name\":\"Ribeir\u00e3o Preto e Regi\u00e3o\",\"description\":\"Rede NoticiaZ - Ribeir\u00e3o Preto e regi\u00e3o\",\"publisher\":{\"@id\":\"https:\\\/\\\/redenoticiaz.com.br\\\/ribeiraopreto-regiao\\\/#organization\"},\"potentialAction\":[{\"@type\":\"SearchAction\",\"target\":{\"@type\":\"EntryPoint\",\"urlTemplate\":\"https:\\\/\\\/redenoticiaz.com.br\\\/ribeiraopreto-regiao\\\/?s={search_term_string}\"},\"query-input\":{\"@type\":\"PropertyValueSpecification\",\"valueRequired\":true,\"valueName\":\"search_term_string\"}}],\"inLanguage\":\"pt-BR\"},{\"@type\":\"Organization\",\"@id\":\"https:\\\/\\\/redenoticiaz.com.br\\\/ribeiraopreto-regiao\\\/#organization\",\"name\":\"Ribeir\u00e3o Preto e Regi\u00e3o\",\"url\":\"https:\\\/\\\/redenoticiaz.com.br\\\/ribeiraopreto-regiao\\\/\",\"logo\":{\"@type\":\"ImageObject\",\"inLanguage\":\"pt-BR\",\"@id\":\"https:\\\/\\\/redenoticiaz.com.br\\\/ribeiraopreto-regiao\\\/#\\\/schema\\\/logo\\\/image\\\/\",\"url\":\"https:\\\/\\\/redenoticiaz.com.br\\\/barretos-regiao\\\/wp-content\\\/uploads\\\/sites\\\/4\\\/2022\\\/02\\\/logo.jpg\",\"contentUrl\":\"https:\\\/\\\/redenoticiaz.com.br\\\/barretos-regiao\\\/wp-content\\\/uploads\\\/sites\\\/4\\\/2022\\\/02\\\/logo.jpg\",\"width\":400,\"height\":250,\"caption\":\"Ribeir\u00e3o Preto e Regi\u00e3o\"},\"image\":{\"@id\":\"https:\\\/\\\/redenoticiaz.com.br\\\/ribeiraopreto-regiao\\\/#\\\/schema\\\/logo\\\/image\\\/\"},\"sameAs\":[\"https:\\\/\\\/m.facebook.com\\\/redenoticiaz.barretos\",\"https:\\\/\\\/x.com\\\/RN_barretos\",\"https:\\\/\\\/www.instagram.com\\\/redenoticiaz.barretos\\\/?igshid=YmMyMTA2M2Y\",\"https:\\\/\\\/www.linkedin.com\\\/company\\\/rede-noticiaz-barretos-e-regio\\\/\"]},{\"@type\":\"Person\",\"@id\":\"https:\\\/\\\/redenoticiaz.com.br\\\/ribeiraopreto-regiao\\\/#\\\/schema\\\/person\\\/e1b0bd8c2637e2c1b6ddcbc2c33b116f\",\"name\":\"Patr\u00edcia Prado\",\"image\":{\"@type\":\"ImageObject\",\"inLanguage\":\"pt-BR\",\"@id\":\"https:\\\/\\\/secure.gravatar.com\\\/avatar\\\/92e358bef22cfcec15e054ae4d9fee04dadf0c772dc4a17b382b8a34a15354c2?s=96&d=mm&r=g\",\"url\":\"https:\\\/\\\/secure.gravatar.com\\\/avatar\\\/92e358bef22cfcec15e054ae4d9fee04dadf0c772dc4a17b382b8a34a15354c2?s=96&d=mm&r=g\",\"contentUrl\":\"https:\\\/\\\/secure.gravatar.com\\\/avatar\\\/92e358bef22cfcec15e054ae4d9fee04dadf0c772dc4a17b382b8a34a15354c2?s=96&d=mm&r=g\",\"caption\":\"Patr\u00edcia Prado\"},\"url\":\"https:\\\/\\\/redenoticiaz.com.br\\\/ribeiraopreto-regiao\\\/sp\\\/author\\\/patricia-prado\"}]}<\/script>\n<!-- \/ Yoast SEO plugin. -->","yoast_head_json":{"title":"Saerp lan\u00e7a nova conta de \u00e1gua e esgoto em Ribeir\u00e3o Preto, aumentando a transpar\u00eancia e facilitando o acesso aos servi\u00e7os municipais - Ribeir\u00e3o Preto e Regi\u00e3o","robots":{"index":"index","follow":"follow","max-snippet":"max-snippet:-1","max-image-preview":"max-image-preview:large","max-video-preview":"max-video-preview:-1"},"canonical":"https:\/\/redenoticiaz.com.br\/ribeiraopreto-regiao\/sp\/2026\/08\/31\/saerp-lanca-nova-conta-de-agua-e-esgoto-em-ribeirao-preto-aumentando-a-transparencia-e-facilitando-o-acesso-aos-servicos-municipais","og_locale":"pt_BR","og_type":"article","og_title":"Saerp lan\u00e7a nova conta de \u00e1gua e esgoto em Ribeir\u00e3o Preto, aumentando a transpar\u00eancia e facilitando o acesso aos servi\u00e7os municipais - Ribeir\u00e3o Preto e Regi\u00e3o","og_description":"A Saerp deu in\u00edcio \u00e0 distribui\u00e7\u00e3o da nova conta de \u00e1gua e esgoto para os consumidores de Ribeir\u00e3o Preto, com a implementa\u00e7\u00e3o do modelo NFAg (Nota Fiscal de \u00c1gua e Saneamento Eletr\u00f4nica). Essa mudan\u00e7a foi efetivada nesta segunda-feira, 31 de agosto, e visa modernizar a apresenta\u00e7\u00e3o dos documentos fiscais, substituindo o formato anterior. O novo &hellip;","og_url":"https:\/\/redenoticiaz.com.br\/ribeiraopreto-regiao\/sp\/2026\/08\/31\/saerp-lanca-nova-conta-de-agua-e-esgoto-em-ribeirao-preto-aumentando-a-transparencia-e-facilitando-o-acesso-aos-servicos-municipais","og_site_name":"Ribeir\u00e3o Preto e Regi\u00e3o","article_publisher":"https:\/\/m.facebook.com\/redenoticiaz.barretos","article_published_time":"2026-08-31T17:59:27+00:00","og_image":[{"width":400,"height":250,"url":"https:\/\/redenoticiaz.com.br\/ribeiraopreto-regiao\/wp-content\/uploads\/sites\/4\/2022\/02\/logo.jpg","type":"image\/jpeg"}],"author":"Patr\u00edcia Prado","twitter_card":"summary_large_image","twitter_creator":"@RN_barretos","twitter_site":"@RN_barretos","twitter_misc":{"Escrito por":"Patr\u00edcia Prado","Est. tempo de leitura":"2 minutos"},"schema":{"@context":"https:\/\/schema.org","@graph":[{"@type":"Article","@id":"https:\/\/redenoticiaz.com.br\/ribeiraopreto-regiao\/sp\/2026\/08\/31\/saerp-lanca-nova-conta-de-agua-e-esgoto-em-ribeirao-preto-aumentando-a-transparencia-e-facilitando-o-acesso-aos-servicos-municipais#article","isPartOf":{"@id":"https:\/\/redenoticiaz.com.br\/ribeiraopreto-regiao\/sp\/2026\/08\/31\/saerp-lanca-nova-conta-de-agua-e-esgoto-em-ribeirao-preto-aumentando-a-transparencia-e-facilitando-o-acesso-aos-servicos-municipais"},"author":{"name":"Patr\u00edcia Prado","@id":"https:\/\/redenoticiaz.com.br\/ribeiraopreto-regiao\/#\/schema\/person\/e1b0bd8c2637e2c1b6ddcbc2c33b116f"},"headline":"Saerp lan\u00e7a nova conta de \u00e1gua e esgoto em Ribeir\u00e3o Preto, aumentando a transpar\u00eancia e facilitando o acesso aos servi\u00e7os municipais","datePublished":"2026-08-31T17:59:27+00:00","mainEntityOfPage":{"@id":"https:\/\/redenoticiaz.com.br\/ribeiraopreto-regiao\/sp\/2026\/08\/31\/saerp-lanca-nova-conta-de-agua-e-esgoto-em-ribeirao-preto-aumentando-a-transparencia-e-facilitando-o-acesso-aos-servicos-municipais"},"wordCount":378,"commentCount":0,"publisher":{"@id":"https:\/\/redenoticiaz.com.br\/ribeiraopreto-regiao\/#organization"},"image":{"@id":"https:\/\/redenoticiaz.com.br\/ribeiraopreto-regiao\/sp\/2026\/08\/31\/saerp-lanca-nova-conta-de-agua-e-esgoto-em-ribeirao-preto-aumentando-a-transparencia-e-facilitando-o-acesso-aos-servicos-municipais#primaryimage"},"thumbnailUrl":"https:\/\/redenoticiaz.com.br\/ribeiraopreto-regiao\/wp-content\/uploads\/sites\/4\/2026\/08\/novacontasaerp_1.jpg","articleSection":["Ribeir\u00e3o Preto"],"inLanguage":"pt-BR","potentialAction":[{"@type":"CommentAction","name":"Comment","target":["https:\/\/redenoticiaz.com.br\/ribeiraopreto-regiao\/sp\/2026\/08\/31\/saerp-lanca-nova-conta-de-agua-e-esgoto-em-ribeirao-preto-aumentando-a-transparencia-e-facilitando-o-acesso-aos-servicos-municipais#respond"]}]},{"@type":"WebPage","@id":"https:\/\/redenoticiaz.com.br\/ribeiraopreto-regiao\/sp\/2026\/08\/31\/saerp-lanca-nova-conta-de-agua-e-esgoto-em-ribeirao-preto-aumentando-a-transparencia-e-facilitando-o-acesso-aos-servicos-municipais","url":"https:\/\/redenoticiaz.com.br\/ribeiraopreto-regiao\/sp\/2026\/08\/31\/saerp-lanca-nova-conta-de-agua-e-esgoto-em-ribeirao-preto-aumentando-a-transparencia-e-facilitando-o-acesso-aos-servicos-municipais","name":"Saerp lan\u00e7a nova conta de \u00e1gua e esgoto em Ribeir\u00e3o Preto, aumentando a transpar\u00eancia e facilitando o acesso aos servi\u00e7os municipais - Ribeir\u00e3o Preto e Regi\u00e3o","isPartOf":{"@id":"https:\/\/redenoticiaz.com.br\/ribeiraopreto-regiao\/#website"},"primaryImageOfPage":{"@id":"https:\/\/redenoticiaz.com.br\/ribeiraopreto-regiao\/sp\/2026\/08\/31\/saerp-lanca-nova-conta-de-agua-e-esgoto-em-ribeirao-preto-aumentando-a-transparencia-e-facilitando-o-acesso-aos-servicos-municipais#primaryimage"},"image":{"@id":"https:\/\/redenoticiaz.com.br\/ribeiraopreto-regiao\/sp\/2026\/08\/31\/saerp-lanca-nova-conta-de-agua-e-esgoto-em-ribeirao-preto-aumentando-a-transparencia-e-facilitando-o-acesso-aos-servicos-municipais#primaryimage"},"thumbnailUrl":"https:\/\/redenoticiaz.com.br\/ribeiraopreto-regiao\/wp-content\/uploads\/sites\/4\/2026\/08\/novacontasaerp_1.jpg","datePublished":"2026-08-31T17:59:27+00:00","inLanguage":"pt-BR","potentialAction":[{"@type":"ReadAction","target":["https:\/\/redenoticiaz.com.br\/ribeiraopreto-regiao\/sp\/2026\/08\/31\/saerp-lanca-nova-conta-de-agua-e-esgoto-em-ribeirao-preto-aumentando-a-transparencia-e-facilitando-o-acesso-aos-servicos-municipais"]}]},{"@type":"ImageObject","inLanguage":"pt-BR","@id":"https:\/\/redenoticiaz.com.br\/ribeiraopreto-regiao\/sp\/2026\/08\/31\/saerp-lanca-nova-conta-de-agua-e-esgoto-em-ribeirao-preto-aumentando-a-transparencia-e-facilitando-o-acesso-aos-servicos-municipais#primaryimage","url":"https:\/\/redenoticiaz.com.br\/ribeiraopreto-regiao\/wp-content\/uploads\/sites\/4\/2026\/08\/novacontasaerp_1.jpg","contentUrl":"https:\/\/redenoticiaz.com.br\/ribeiraopreto-regiao\/wp-content\/uploads\/sites\/4\/2026\/08\/novacontasaerp_1.jpg","width":1600,"height":1064},{"@type":"WebSite","@id":"https:\/\/redenoticiaz.com.br\/ribeiraopreto-regiao\/#website","url":"https:\/\/redenoticiaz.com.br\/ribeiraopreto-regiao\/","name":"Ribeir\u00e3o Preto e Regi\u00e3o","description":"Rede NoticiaZ - Ribeir\u00e3o Preto e regi\u00e3o","publisher":{"@id":"https:\/\/redenoticiaz.com.br\/ribeiraopreto-regiao\/#organization"},"potentialAction":[{"@type":"SearchAction","target":{"@type":"EntryPoint","urlTemplate":"https:\/\/redenoticiaz.com.br\/ribeiraopreto-regiao\/?s={search_term_string}"},"query-input":{"@type":"PropertyValueSpecification","valueRequired":true,"valueName":"search_term_string"}}],"inLanguage":"pt-BR"},{"@type":"Organization","@id":"https:\/\/redenoticiaz.com.br\/ribeiraopreto-regiao\/#organization","name":"Ribeir\u00e3o Preto e Regi\u00e3o","url":"https:\/\/redenoticiaz.com.br\/ribeiraopreto-regiao\/","logo":{"@type":"ImageObject","inLanguage":"pt-BR","@id":"https:\/\/redenoticiaz.com.br\/ribeiraopreto-regiao\/#\/schema\/logo\/image\/","url":"https:\/\/redenoticiaz.com.br\/barretos-regiao\/wp-content\/uploads\/sites\/4\/2022\/02\/logo.jpg","contentUrl":"https:\/\/redenoticiaz.com.br\/barretos-regiao\/wp-content\/uploads\/sites\/4\/2022\/02\/logo.jpg","width":400,"height":250,"caption":"Ribeir\u00e3o Preto e Regi\u00e3o"},"image":{"@id":"https:\/\/redenoticiaz.com.br\/ribeiraopreto-regiao\/#\/schema\/logo\/image\/"},"sameAs":["https:\/\/m.facebook.com\/redenoticiaz.barretos","https:\/\/x.com\/RN_barretos","https:\/\/www.instagram.com\/redenoticiaz.barretos\/?igshid=YmMyMTA2M2Y","https:\/\/www.linkedin.com\/company\/rede-noticiaz-barretos-e-regio\/"]},{"@type":"Person","@id":"https:\/\/redenoticiaz.com.br\/ribeiraopreto-regiao\/#\/schema\/person\/e1b0bd8c2637e2c1b6ddcbc2c33b116f","name":"Patr\u00edcia Prado","image":{"@type":"ImageObject","inLanguage":"pt-BR","@id":"https:\/\/secure.gravatar.com\/avatar\/92e358bef22cfcec15e054ae4d9fee04dadf0c772dc4a17b382b8a34a15354c2?s=96&d=mm&r=g","url":"https:\/\/secure.gravatar.com\/avatar\/92e358bef22cfcec15e054ae4d9fee04dadf0c772dc4a17b382b8a34a15354c2?s=96&d=mm&r=g","contentUrl":"https:\/\/secure.gravatar.com\/avatar\/92e358bef22cfcec15e054ae4d9fee04dadf0c772dc4a17b382b8a34a15354c2?s=96&d=mm&r=g","caption":"Patr\u00edcia Prado"},"url":"https:\/\/redenoticiaz.com.br\/ribeiraopreto-regiao\/sp\/author\/patricia-prado"}]}},"_links":{"self":[{"href":"https:\/\/redenoticiaz.com.br\/ribeiraopreto-regiao\/wp-json\/wp\/v2\/posts\/122929","targetHints":{"allow":["GET"]}}],"collection":[{"href":"https:\/\/redenoticiaz.com.br\/ribeiraopreto-regiao\/wp-json\/wp\/v2\/posts"}],"about":[{"href":"https:\/\/redenoticiaz.com.br\/ribeiraopreto-regiao\/wp-json\/wp\/v2\/types\/post"}],"author":[{"embeddable":true,"href":"https:\/\/redenoticiaz.com.br\/ribeiraopreto-regiao\/wp-json\/wp\/v2\/users\/5"}],"replies":[{"embeddable":true,"href":"https:\/\/redenoticiaz.com.br\/ribeiraopreto-regiao\/wp-json\/wp\/v2\/comments?post=122929"}],"version-history":[{"count":0,"href":"https:\/\/redenoticiaz.com.br\/ribeiraopreto-regiao\/wp-json\/wp\/v2\/posts\/122929\/revisions"}],"wp:featuredmedia":[{"embeddable":true,"href":"https:\/\/redenoticiaz.com.br\/ribeiraopreto-regiao\/wp-json\/wp\/v2\/media\/122930"}],"wp:attachment":[{"href":"https:\/\/redenoticiaz.com.br\/ribeiraopreto-regiao\/wp-json\/wp\/v2\/media?parent=122929"}],"wp:term":[{"taxonomy":"category","embeddable":true,"href":"https:\/\/redenoticiaz.com.br\/ribeiraopreto-regiao\/wp-json\/wp\/v2\/categories?post=122929"},{"taxonomy":"post_tag","embeddable":true,"href":"https:\/\/redenoticiaz.com.br\/ribeiraopreto-regiao\/wp-json\/wp\/v2\/tags?post=122929"}],"curies":[{"name":"wp","href":"https:\/\/api.w.org\/{rel}","templated":true}]}}