{"id":122935,"date":"2026-08-31T15:42:01","date_gmt":"2026-08-31T18:42:01","guid":{"rendered":"https:\/\/redenoticiaz.com.br\/ribeiraopreto-regiao\/sp\/2026\/08\/31\/prefeitura-de-ribeirao-preto-promove-orientacao-sobre-servico-de-inspecao-municipal-na-feira-do-livro"},"modified":"2026-08-31T15:42:01","modified_gmt":"2026-08-31T18:42:01","slug":"prefeitura-de-ribeirao-preto-promove-orientacao-sobre-servico-de-inspecao-municipal-na-feira-do-livro","status":"publish","type":"post","link":"https:\/\/redenoticiaz.com.br\/ribeiraopreto-regiao\/sp\/2026\/08\/31\/prefeitura-de-ribeirao-preto-promove-orientacao-sobre-servico-de-inspecao-municipal-na-feira-do-livro","title":{"rendered":"Prefeitura de Ribeir\u00e3o Preto promove orienta\u00e7\u00e3o sobre Servi\u00e7o de Inspe\u00e7\u00e3o Municipal na Feira do Livro"},"content":{"rendered":"<p>A Prefeitura de Ribeir\u00e3o Preto, por meio da Secretaria de Meio Ambiente, Agricultura e Sustentabilidade, realizar\u00e1 uma a\u00e7\u00e3o informativa sobre o Servi\u00e7o de Inspe\u00e7\u00e3o Municipal (SIM) durante a Feira Internacional do Livro. O evento ocorrer\u00e1 nesta ter\u00e7a-feira, 1\u00ba de setembro, das 8h30 \u00e0s 16h, no estande alternativo da Prefeitura.<\/p>\n<p>O objetivo da iniciativa \u00e9 esclarecer d\u00favidas a respeito do SIM e orientar os produtores de alimentos de origem animal sobre como solicitar o selo de inspe\u00e7\u00e3o municipal. Mariana Sargento, secret\u00e1ria da pasta, destaca a import\u00e2ncia do servi\u00e7o para certificar a qualidade e a seguran\u00e7a dos produtos comercializados no munic\u00edpio. \u201cO SIM \u00e9 um servi\u00e7o essencial para garantir que os produtores de alimentos de origem animal sejam certificados pelo munic\u00edpio como aptos \u00e0 comercializa\u00e7\u00e3o de seus produtos, atestando que a produ\u00e7\u00e3o atende aos requisitos de qualidade e seguran\u00e7a. Com essa orienta\u00e7\u00e3o na Feira do Livro, al\u00e9m de esclarecer d\u00favidas, aproximamos a popula\u00e7\u00e3o desse trabalho\u201d, afirmou.<\/p>\n<p>O Servi\u00e7o de Inspe\u00e7\u00e3o Municipal avalia produtos de origem animal, como carnes, latic\u00ednios, ovos, mel, e pescado, assegurando que atendem \u00e0s normas de qualidade estabelecidas.<\/p>\n<p>Produtores interessados em obter o selo do SIM podem consultar as orienta\u00e7\u00f5es e procedimentos necess\u00e1rios no site da Prefeitura de Ribeir\u00e3o Preto, na p\u00e1gina da Secretaria de Meio Ambiente, Agricultura e Sustentabilidade.<\/p>\n","protected":false},"excerpt":{"rendered":"<p>A Prefeitura de Ribeir\u00e3o Preto, por meio da Secretaria de Meio Ambiente, Agricultura e Sustentabilidade, realizar\u00e1 uma a\u00e7\u00e3o informativa sobre o Servi\u00e7o de Inspe\u00e7\u00e3o Municipal (SIM) durante a Feira Internacional do Livro. O evento ocorrer\u00e1 nesta ter\u00e7a-feira, 1\u00ba de setembro, das 8h30 \u00e0s 16h, no estande alternativo da Prefeitura. O objetivo da iniciativa \u00e9 esclarecer &hellip;<\/p>\n","protected":false},"author":5,"featured_media":122936,"comment_status":"open","ping_status":"closed","sticky":false,"template":"","format":"standard","meta":{"footnotes":""},"categories":[5267,469,94,31500],"tags":[],"class_list":["post-122935","post","type-post","status-publish","format-standard","has-post-thumbnail","hentry","category-agricultura","category-cultura","category-meio-ambiente","category-ribeirao-preto"],"yoast_head":"<!-- This site is optimized with the Yoast SEO plugin v28.3 - https:\/\/yoast.com\/product\/yoast-seo-wordpress\/ -->\n<title>Prefeitura de Ribeir\u00e3o Preto promove orienta\u00e7\u00e3o sobre Servi\u00e7o de Inspe\u00e7\u00e3o Municipal na Feira do Livro - Ribeir\u00e3o Preto e Regi\u00e3o<\/title>\n<meta name=\"robots\" content=\"index, follow, max-snippet:-1, max-image-preview:large, max-video-preview:-1\" \/>\n<link rel=\"canonical\" href=\"https:\/\/redenoticiaz.com.br\/ribeiraopreto-regiao\/sp\/2026\/08\/31\/prefeitura-de-ribeirao-preto-promove-orientacao-sobre-servico-de-inspecao-municipal-na-feira-do-livro\" \/>\n<meta property=\"og:locale\" content=\"pt_BR\" \/>\n<meta property=\"og:type\" content=\"article\" \/>\n<meta property=\"og:title\" content=\"Prefeitura de Ribeir\u00e3o Preto promove orienta\u00e7\u00e3o sobre Servi\u00e7o de Inspe\u00e7\u00e3o Municipal na Feira do Livro - Ribeir\u00e3o Preto e Regi\u00e3o\" \/>\n<meta property=\"og:description\" content=\"A Prefeitura de Ribeir\u00e3o Preto, por meio da Secretaria de Meio Ambiente, Agricultura e Sustentabilidade, realizar\u00e1 uma a\u00e7\u00e3o informativa sobre o Servi\u00e7o de Inspe\u00e7\u00e3o Municipal (SIM) durante a Feira Internacional do Livro. O evento ocorrer\u00e1 nesta ter\u00e7a-feira, 1\u00ba de setembro, das 8h30 \u00e0s 16h, no estande alternativo da Prefeitura. O objetivo da iniciativa \u00e9 esclarecer &hellip;\" \/>\n<meta property=\"og:url\" content=\"https:\/\/redenoticiaz.com.br\/ribeiraopreto-regiao\/sp\/2026\/08\/31\/prefeitura-de-ribeirao-preto-promove-orientacao-sobre-servico-de-inspecao-municipal-na-feira-do-livro\" \/>\n<meta property=\"og:site_name\" content=\"Ribeir\u00e3o Preto e Regi\u00e3o\" \/>\n<meta property=\"article:publisher\" content=\"https:\/\/m.facebook.com\/redenoticiaz.barretos\" \/>\n<meta property=\"article:published_time\" content=\"2026-08-31T18:42:01+00:00\" \/>\n<meta property=\"og:image\" content=\"https:\/\/redenoticiaz.com.br\/ribeiraopreto-regiao\/wp-content\/uploads\/sites\/4\/2022\/02\/logo.jpg\" \/>\n\t<meta property=\"og:image:width\" content=\"400\" \/>\n\t<meta property=\"og:image:height\" content=\"250\" \/>\n\t<meta property=\"og:image:type\" content=\"image\/jpeg\" \/>\n<meta name=\"author\" content=\"Patr\u00edcia Prado\" \/>\n<meta name=\"twitter:card\" content=\"summary_large_image\" \/>\n<meta name=\"twitter:creator\" content=\"@RN_barretos\" \/>\n<meta name=\"twitter:site\" content=\"@RN_barretos\" \/>\n<meta name=\"twitter:label1\" content=\"Escrito por\" \/>\n\t<meta name=\"twitter:data1\" content=\"Patr\u00edcia Prado\" \/>\n\t<meta name=\"twitter:label2\" content=\"Est. tempo de leitura\" \/>\n\t<meta name=\"twitter:data2\" content=\"1 minuto\" \/>\n<script type=\"application\/ld+json\" class=\"yoast-schema-graph\">{\"@context\":\"https:\\\/\\\/schema.org\",\"@graph\":[{\"@type\":\"Article\",\"@id\":\"https:\\\/\\\/redenoticiaz.com.br\\\/ribeiraopreto-regiao\\\/sp\\\/2026\\\/08\\\/31\\\/prefeitura-de-ribeirao-preto-promove-orientacao-sobre-servico-de-inspecao-municipal-na-feira-do-livro#article\",\"isPartOf\":{\"@id\":\"https:\\\/\\\/redenoticiaz.com.br\\\/ribeiraopreto-regiao\\\/sp\\\/2026\\\/08\\\/31\\\/prefeitura-de-ribeirao-preto-promove-orientacao-sobre-servico-de-inspecao-municipal-na-feira-do-livro\"},\"author\":{\"name\":\"Patr\u00edcia Prado\",\"@id\":\"https:\\\/\\\/redenoticiaz.com.br\\\/ribeiraopreto-regiao\\\/#\\\/schema\\\/person\\\/e1b0bd8c2637e2c1b6ddcbc2c33b116f\"},\"headline\":\"Prefeitura de Ribeir\u00e3o Preto promove orienta\u00e7\u00e3o sobre Servi\u00e7o de Inspe\u00e7\u00e3o Municipal na Feira do Livro\",\"datePublished\":\"2026-08-31T18:42:01+00:00\",\"mainEntityOfPage\":{\"@id\":\"https:\\\/\\\/redenoticiaz.com.br\\\/ribeiraopreto-regiao\\\/sp\\\/2026\\\/08\\\/31\\\/prefeitura-de-ribeirao-preto-promove-orientacao-sobre-servico-de-inspecao-municipal-na-feira-do-livro\"},\"wordCount\":254,\"commentCount\":0,\"publisher\":{\"@id\":\"https:\\\/\\\/redenoticiaz.com.br\\\/ribeiraopreto-regiao\\\/#organization\"},\"image\":{\"@id\":\"https:\\\/\\\/redenoticiaz.com.br\\\/ribeiraopreto-regiao\\\/sp\\\/2026\\\/08\\\/31\\\/prefeitura-de-ribeirao-preto-promove-orientacao-sobre-servico-de-inspecao-municipal-na-feira-do-livro#primaryimage\"},\"thumbnailUrl\":\"https:\\\/\\\/redenoticiaz.com.br\\\/ribeiraopreto-regiao\\\/wp-content\\\/uploads\\\/sites\\\/4\\\/2026\\\/08\\\/sim_prefeitura1.jpg\",\"articleSection\":[\"Agricultura\",\"Cultura\",\"Meio Ambiente\",\"Ribeir\u00e3o Preto\"],\"inLanguage\":\"pt-BR\",\"potentialAction\":[{\"@type\":\"CommentAction\",\"name\":\"Comment\",\"target\":[\"https:\\\/\\\/redenoticiaz.com.br\\\/ribeiraopreto-regiao\\\/sp\\\/2026\\\/08\\\/31\\\/prefeitura-de-ribeirao-preto-promove-orientacao-sobre-servico-de-inspecao-municipal-na-feira-do-livro#respond\"]}]},{\"@type\":\"WebPage\",\"@id\":\"https:\\\/\\\/redenoticiaz.com.br\\\/ribeiraopreto-regiao\\\/sp\\\/2026\\\/08\\\/31\\\/prefeitura-de-ribeirao-preto-promove-orientacao-sobre-servico-de-inspecao-municipal-na-feira-do-livro\",\"url\":\"https:\\\/\\\/redenoticiaz.com.br\\\/ribeiraopreto-regiao\\\/sp\\\/2026\\\/08\\\/31\\\/prefeitura-de-ribeirao-preto-promove-orientacao-sobre-servico-de-inspecao-municipal-na-feira-do-livro\",\"name\":\"Prefeitura de Ribeir\u00e3o Preto promove orienta\u00e7\u00e3o sobre Servi\u00e7o de Inspe\u00e7\u00e3o Municipal na Feira do Livro - Ribeir\u00e3o Preto e Regi\u00e3o\",\"isPartOf\":{\"@id\":\"https:\\\/\\\/redenoticiaz.com.br\\\/ribeiraopreto-regiao\\\/#website\"},\"primaryImageOfPage\":{\"@id\":\"https:\\\/\\\/redenoticiaz.com.br\\\/ribeiraopreto-regiao\\\/sp\\\/2026\\\/08\\\/31\\\/prefeitura-de-ribeirao-preto-promove-orientacao-sobre-servico-de-inspecao-municipal-na-feira-do-livro#primaryimage\"},\"image\":{\"@id\":\"https:\\\/\\\/redenoticiaz.com.br\\\/ribeiraopreto-regiao\\\/sp\\\/2026\\\/08\\\/31\\\/prefeitura-de-ribeirao-preto-promove-orientacao-sobre-servico-de-inspecao-municipal-na-feira-do-livro#primaryimage\"},\"thumbnailUrl\":\"https:\\\/\\\/redenoticiaz.com.br\\\/ribeiraopreto-regiao\\\/wp-content\\\/uploads\\\/sites\\\/4\\\/2026\\\/08\\\/sim_prefeitura1.jpg\",\"datePublished\":\"2026-08-31T18:42:01+00:00\",\"inLanguage\":\"pt-BR\",\"potentialAction\":[{\"@type\":\"ReadAction\",\"target\":[\"https:\\\/\\\/redenoticiaz.com.br\\\/ribeiraopreto-regiao\\\/sp\\\/2026\\\/08\\\/31\\\/prefeitura-de-ribeirao-preto-promove-orientacao-sobre-servico-de-inspecao-municipal-na-feira-do-livro\"]}]},{\"@type\":\"ImageObject\",\"inLanguage\":\"pt-BR\",\"@id\":\"https:\\\/\\\/redenoticiaz.com.br\\\/ribeiraopreto-regiao\\\/sp\\\/2026\\\/08\\\/31\\\/prefeitura-de-ribeirao-preto-promove-orientacao-sobre-servico-de-inspecao-municipal-na-feira-do-livro#primaryimage\",\"url\":\"https:\\\/\\\/redenoticiaz.com.br\\\/ribeiraopreto-regiao\\\/wp-content\\\/uploads\\\/sites\\\/4\\\/2026\\\/08\\\/sim_prefeitura1.jpg\",\"contentUrl\":\"https:\\\/\\\/redenoticiaz.com.br\\\/ribeiraopreto-regiao\\\/wp-content\\\/uploads\\\/sites\\\/4\\\/2026\\\/08\\\/sim_prefeitura1.jpg\",\"width\":1536,\"height\":1024},{\"@type\":\"WebSite\",\"@id\":\"https:\\\/\\\/redenoticiaz.com.br\\\/ribeiraopreto-regiao\\\/#website\",\"url\":\"https:\\\/\\\/redenoticiaz.com.br\\\/ribeiraopreto-regiao\\\/\",\"name\":\"Ribeir\u00e3o Preto e Regi\u00e3o\",\"description\":\"Rede NoticiaZ - Ribeir\u00e3o Preto e regi\u00e3o\",\"publisher\":{\"@id\":\"https:\\\/\\\/redenoticiaz.com.br\\\/ribeiraopreto-regiao\\\/#organization\"},\"potentialAction\":[{\"@type\":\"SearchAction\",\"target\":{\"@type\":\"EntryPoint\",\"urlTemplate\":\"https:\\\/\\\/redenoticiaz.com.br\\\/ribeiraopreto-regiao\\\/?s={search_term_string}\"},\"query-input\":{\"@type\":\"PropertyValueSpecification\",\"valueRequired\":true,\"valueName\":\"search_term_string\"}}],\"inLanguage\":\"pt-BR\"},{\"@type\":\"Organization\",\"@id\":\"https:\\\/\\\/redenoticiaz.com.br\\\/ribeiraopreto-regiao\\\/#organization\",\"name\":\"Ribeir\u00e3o Preto e Regi\u00e3o\",\"url\":\"https:\\\/\\\/redenoticiaz.com.br\\\/ribeiraopreto-regiao\\\/\",\"logo\":{\"@type\":\"ImageObject\",\"inLanguage\":\"pt-BR\",\"@id\":\"https:\\\/\\\/redenoticiaz.com.br\\\/ribeiraopreto-regiao\\\/#\\\/schema\\\/logo\\\/image\\\/\",\"url\":\"https:\\\/\\\/redenoticiaz.com.br\\\/barretos-regiao\\\/wp-content\\\/uploads\\\/sites\\\/4\\\/2022\\\/02\\\/logo.jpg\",\"contentUrl\":\"https:\\\/\\\/redenoticiaz.com.br\\\/barretos-regiao\\\/wp-content\\\/uploads\\\/sites\\\/4\\\/2022\\\/02\\\/logo.jpg\",\"width\":400,\"height\":250,\"caption\":\"Ribeir\u00e3o Preto e Regi\u00e3o\"},\"image\":{\"@id\":\"https:\\\/\\\/redenoticiaz.com.br\\\/ribeiraopreto-regiao\\\/#\\\/schema\\\/logo\\\/image\\\/\"},\"sameAs\":[\"https:\\\/\\\/m.facebook.com\\\/redenoticiaz.barretos\",\"https:\\\/\\\/x.com\\\/RN_barretos\",\"https:\\\/\\\/www.instagram.com\\\/redenoticiaz.barretos\\\/?igshid=YmMyMTA2M2Y\",\"https:\\\/\\\/www.linkedin.com\\\/company\\\/rede-noticiaz-barretos-e-regio\\\/\"]},{\"@type\":\"Person\",\"@id\":\"https:\\\/\\\/redenoticiaz.com.br\\\/ribeiraopreto-regiao\\\/#\\\/schema\\\/person\\\/e1b0bd8c2637e2c1b6ddcbc2c33b116f\",\"name\":\"Patr\u00edcia Prado\",\"image\":{\"@type\":\"ImageObject\",\"inLanguage\":\"pt-BR\",\"@id\":\"https:\\\/\\\/secure.gravatar.com\\\/avatar\\\/92e358bef22cfcec15e054ae4d9fee04dadf0c772dc4a17b382b8a34a15354c2?s=96&d=mm&r=g\",\"url\":\"https:\\\/\\\/secure.gravatar.com\\\/avatar\\\/92e358bef22cfcec15e054ae4d9fee04dadf0c772dc4a17b382b8a34a15354c2?s=96&d=mm&r=g\",\"contentUrl\":\"https:\\\/\\\/secure.gravatar.com\\\/avatar\\\/92e358bef22cfcec15e054ae4d9fee04dadf0c772dc4a17b382b8a34a15354c2?s=96&d=mm&r=g\",\"caption\":\"Patr\u00edcia Prado\"},\"url\":\"https:\\\/\\\/redenoticiaz.com.br\\\/ribeiraopreto-regiao\\\/sp\\\/author\\\/patricia-prado\"}]}<\/script>\n<!-- \/ Yoast SEO plugin. -->","yoast_head_json":{"title":"Prefeitura de Ribeir\u00e3o Preto promove orienta\u00e7\u00e3o sobre Servi\u00e7o de Inspe\u00e7\u00e3o Municipal na Feira do Livro - Ribeir\u00e3o Preto e Regi\u00e3o","robots":{"index":"index","follow":"follow","max-snippet":"max-snippet:-1","max-image-preview":"max-image-preview:large","max-video-preview":"max-video-preview:-1"},"canonical":"https:\/\/redenoticiaz.com.br\/ribeiraopreto-regiao\/sp\/2026\/08\/31\/prefeitura-de-ribeirao-preto-promove-orientacao-sobre-servico-de-inspecao-municipal-na-feira-do-livro","og_locale":"pt_BR","og_type":"article","og_title":"Prefeitura de Ribeir\u00e3o Preto promove orienta\u00e7\u00e3o sobre Servi\u00e7o de Inspe\u00e7\u00e3o Municipal na Feira do Livro - Ribeir\u00e3o Preto e Regi\u00e3o","og_description":"A Prefeitura de Ribeir\u00e3o Preto, por meio da Secretaria de Meio Ambiente, Agricultura e Sustentabilidade, realizar\u00e1 uma a\u00e7\u00e3o informativa sobre o Servi\u00e7o de Inspe\u00e7\u00e3o Municipal (SIM) durante a Feira Internacional do Livro. O evento ocorrer\u00e1 nesta ter\u00e7a-feira, 1\u00ba de setembro, das 8h30 \u00e0s 16h, no estande alternativo da Prefeitura. O objetivo da iniciativa \u00e9 esclarecer &hellip;","og_url":"https:\/\/redenoticiaz.com.br\/ribeiraopreto-regiao\/sp\/2026\/08\/31\/prefeitura-de-ribeirao-preto-promove-orientacao-sobre-servico-de-inspecao-municipal-na-feira-do-livro","og_site_name":"Ribeir\u00e3o Preto e Regi\u00e3o","article_publisher":"https:\/\/m.facebook.com\/redenoticiaz.barretos","article_published_time":"2026-08-31T18:42:01+00:00","og_image":[{"width":400,"height":250,"url":"https:\/\/redenoticiaz.com.br\/ribeiraopreto-regiao\/wp-content\/uploads\/sites\/4\/2022\/02\/logo.jpg","type":"image\/jpeg"}],"author":"Patr\u00edcia Prado","twitter_card":"summary_large_image","twitter_creator":"@RN_barretos","twitter_site":"@RN_barretos","twitter_misc":{"Escrito por":"Patr\u00edcia Prado","Est. tempo de leitura":"1 minuto"},"schema":{"@context":"https:\/\/schema.org","@graph":[{"@type":"Article","@id":"https:\/\/redenoticiaz.com.br\/ribeiraopreto-regiao\/sp\/2026\/08\/31\/prefeitura-de-ribeirao-preto-promove-orientacao-sobre-servico-de-inspecao-municipal-na-feira-do-livro#article","isPartOf":{"@id":"https:\/\/redenoticiaz.com.br\/ribeiraopreto-regiao\/sp\/2026\/08\/31\/prefeitura-de-ribeirao-preto-promove-orientacao-sobre-servico-de-inspecao-municipal-na-feira-do-livro"},"author":{"name":"Patr\u00edcia Prado","@id":"https:\/\/redenoticiaz.com.br\/ribeiraopreto-regiao\/#\/schema\/person\/e1b0bd8c2637e2c1b6ddcbc2c33b116f"},"headline":"Prefeitura de Ribeir\u00e3o Preto promove orienta\u00e7\u00e3o sobre Servi\u00e7o de Inspe\u00e7\u00e3o Municipal na Feira do Livro","datePublished":"2026-08-31T18:42:01+00:00","mainEntityOfPage":{"@id":"https:\/\/redenoticiaz.com.br\/ribeiraopreto-regiao\/sp\/2026\/08\/31\/prefeitura-de-ribeirao-preto-promove-orientacao-sobre-servico-de-inspecao-municipal-na-feira-do-livro"},"wordCount":254,"commentCount":0,"publisher":{"@id":"https:\/\/redenoticiaz.com.br\/ribeiraopreto-regiao\/#organization"},"image":{"@id":"https:\/\/redenoticiaz.com.br\/ribeiraopreto-regiao\/sp\/2026\/08\/31\/prefeitura-de-ribeirao-preto-promove-orientacao-sobre-servico-de-inspecao-municipal-na-feira-do-livro#primaryimage"},"thumbnailUrl":"https:\/\/redenoticiaz.com.br\/ribeiraopreto-regiao\/wp-content\/uploads\/sites\/4\/2026\/08\/sim_prefeitura1.jpg","articleSection":["Agricultura","Cultura","Meio Ambiente","Ribeir\u00e3o Preto"],"inLanguage":"pt-BR","potentialAction":[{"@type":"CommentAction","name":"Comment","target":["https:\/\/redenoticiaz.com.br\/ribeiraopreto-regiao\/sp\/2026\/08\/31\/prefeitura-de-ribeirao-preto-promove-orientacao-sobre-servico-de-inspecao-municipal-na-feira-do-livro#respond"]}]},{"@type":"WebPage","@id":"https:\/\/redenoticiaz.com.br\/ribeiraopreto-regiao\/sp\/2026\/08\/31\/prefeitura-de-ribeirao-preto-promove-orientacao-sobre-servico-de-inspecao-municipal-na-feira-do-livro","url":"https:\/\/redenoticiaz.com.br\/ribeiraopreto-regiao\/sp\/2026\/08\/31\/prefeitura-de-ribeirao-preto-promove-orientacao-sobre-servico-de-inspecao-municipal-na-feira-do-livro","name":"Prefeitura de Ribeir\u00e3o Preto promove orienta\u00e7\u00e3o sobre Servi\u00e7o de Inspe\u00e7\u00e3o Municipal na Feira do Livro - Ribeir\u00e3o Preto e Regi\u00e3o","isPartOf":{"@id":"https:\/\/redenoticiaz.com.br\/ribeiraopreto-regiao\/#website"},"primaryImageOfPage":{"@id":"https:\/\/redenoticiaz.com.br\/ribeiraopreto-regiao\/sp\/2026\/08\/31\/prefeitura-de-ribeirao-preto-promove-orientacao-sobre-servico-de-inspecao-municipal-na-feira-do-livro#primaryimage"},"image":{"@id":"https:\/\/redenoticiaz.com.br\/ribeiraopreto-regiao\/sp\/2026\/08\/31\/prefeitura-de-ribeirao-preto-promove-orientacao-sobre-servico-de-inspecao-municipal-na-feira-do-livro#primaryimage"},"thumbnailUrl":"https:\/\/redenoticiaz.com.br\/ribeiraopreto-regiao\/wp-content\/uploads\/sites\/4\/2026\/08\/sim_prefeitura1.jpg","datePublished":"2026-08-31T18:42:01+00:00","inLanguage":"pt-BR","potentialAction":[{"@type":"ReadAction","target":["https:\/\/redenoticiaz.com.br\/ribeiraopreto-regiao\/sp\/2026\/08\/31\/prefeitura-de-ribeirao-preto-promove-orientacao-sobre-servico-de-inspecao-municipal-na-feira-do-livro"]}]},{"@type":"ImageObject","inLanguage":"pt-BR","@id":"https:\/\/redenoticiaz.com.br\/ribeiraopreto-regiao\/sp\/2026\/08\/31\/prefeitura-de-ribeirao-preto-promove-orientacao-sobre-servico-de-inspecao-municipal-na-feira-do-livro#primaryimage","url":"https:\/\/redenoticiaz.com.br\/ribeiraopreto-regiao\/wp-content\/uploads\/sites\/4\/2026\/08\/sim_prefeitura1.jpg","contentUrl":"https:\/\/redenoticiaz.com.br\/ribeiraopreto-regiao\/wp-content\/uploads\/sites\/4\/2026\/08\/sim_prefeitura1.jpg","width":1536,"height":1024},{"@type":"WebSite","@id":"https:\/\/redenoticiaz.com.br\/ribeiraopreto-regiao\/#website","url":"https:\/\/redenoticiaz.com.br\/ribeiraopreto-regiao\/","name":"Ribeir\u00e3o Preto e Regi\u00e3o","description":"Rede NoticiaZ - Ribeir\u00e3o Preto e regi\u00e3o","publisher":{"@id":"https:\/\/redenoticiaz.com.br\/ribeiraopreto-regiao\/#organization"},"potentialAction":[{"@type":"SearchAction","target":{"@type":"EntryPoint","urlTemplate":"https:\/\/redenoticiaz.com.br\/ribeiraopreto-regiao\/?s={search_term_string}"},"query-input":{"@type":"PropertyValueSpecification","valueRequired":true,"valueName":"search_term_string"}}],"inLanguage":"pt-BR"},{"@type":"Organization","@id":"https:\/\/redenoticiaz.com.br\/ribeiraopreto-regiao\/#organization","name":"Ribeir\u00e3o Preto e Regi\u00e3o","url":"https:\/\/redenoticiaz.com.br\/ribeiraopreto-regiao\/","logo":{"@type":"ImageObject","inLanguage":"pt-BR","@id":"https:\/\/redenoticiaz.com.br\/ribeiraopreto-regiao\/#\/schema\/logo\/image\/","url":"https:\/\/redenoticiaz.com.br\/barretos-regiao\/wp-content\/uploads\/sites\/4\/2022\/02\/logo.jpg","contentUrl":"https:\/\/redenoticiaz.com.br\/barretos-regiao\/wp-content\/uploads\/sites\/4\/2022\/02\/logo.jpg","width":400,"height":250,"caption":"Ribeir\u00e3o Preto e Regi\u00e3o"},"image":{"@id":"https:\/\/redenoticiaz.com.br\/ribeiraopreto-regiao\/#\/schema\/logo\/image\/"},"sameAs":["https:\/\/m.facebook.com\/redenoticiaz.barretos","https:\/\/x.com\/RN_barretos","https:\/\/www.instagram.com\/redenoticiaz.barretos\/?igshid=YmMyMTA2M2Y","https:\/\/www.linkedin.com\/company\/rede-noticiaz-barretos-e-regio\/"]},{"@type":"Person","@id":"https:\/\/redenoticiaz.com.br\/ribeiraopreto-regiao\/#\/schema\/person\/e1b0bd8c2637e2c1b6ddcbc2c33b116f","name":"Patr\u00edcia Prado","image":{"@type":"ImageObject","inLanguage":"pt-BR","@id":"https:\/\/secure.gravatar.com\/avatar\/92e358bef22cfcec15e054ae4d9fee04dadf0c772dc4a17b382b8a34a15354c2?s=96&d=mm&r=g","url":"https:\/\/secure.gravatar.com\/avatar\/92e358bef22cfcec15e054ae4d9fee04dadf0c772dc4a17b382b8a34a15354c2?s=96&d=mm&r=g","contentUrl":"https:\/\/secure.gravatar.com\/avatar\/92e358bef22cfcec15e054ae4d9fee04dadf0c772dc4a17b382b8a34a15354c2?s=96&d=mm&r=g","caption":"Patr\u00edcia Prado"},"url":"https:\/\/redenoticiaz.com.br\/ribeiraopreto-regiao\/sp\/author\/patricia-prado"}]}},"_links":{"self":[{"href":"https:\/\/redenoticiaz.com.br\/ribeiraopreto-regiao\/wp-json\/wp\/v2\/posts\/122935","targetHints":{"allow":["GET"]}}],"collection":[{"href":"https:\/\/redenoticiaz.com.br\/ribeiraopreto-regiao\/wp-json\/wp\/v2\/posts"}],"about":[{"href":"https:\/\/redenoticiaz.com.br\/ribeiraopreto-regiao\/wp-json\/wp\/v2\/types\/post"}],"author":[{"embeddable":true,"href":"https:\/\/redenoticiaz.com.br\/ribeiraopreto-regiao\/wp-json\/wp\/v2\/users\/5"}],"replies":[{"embeddable":true,"href":"https:\/\/redenoticiaz.com.br\/ribeiraopreto-regiao\/wp-json\/wp\/v2\/comments?post=122935"}],"version-history":[{"count":0,"href":"https:\/\/redenoticiaz.com.br\/ribeiraopreto-regiao\/wp-json\/wp\/v2\/posts\/122935\/revisions"}],"wp:featuredmedia":[{"embeddable":true,"href":"https:\/\/redenoticiaz.com.br\/ribeiraopreto-regiao\/wp-json\/wp\/v2\/media\/122936"}],"wp:attachment":[{"href":"https:\/\/redenoticiaz.com.br\/ribeiraopreto-regiao\/wp-json\/wp\/v2\/media?parent=122935"}],"wp:term":[{"taxonomy":"category","embeddable":true,"href":"https:\/\/redenoticiaz.com.br\/ribeiraopreto-regiao\/wp-json\/wp\/v2\/categories?post=122935"},{"taxonomy":"post_tag","embeddable":true,"href":"https:\/\/redenoticiaz.com.br\/ribeiraopreto-regiao\/wp-json\/wp\/v2\/tags?post=122935"}],"curies":[{"name":"wp","href":"https:\/\/api.w.org\/{rel}","templated":true}]}}