{"id":122943,"date":"2026-08-31T16:21:55","date_gmt":"2026-08-31T19:21:55","guid":{"rendered":"https:\/\/redenoticiaz.com.br\/ribeiraopreto-regiao\/sp\/2026\/08\/31\/sete-em-cada-dez-brasileiros-tem-dificuldade-em-entender-seus-direitos"},"modified":"2026-08-31T16:21:55","modified_gmt":"2026-08-31T19:21:55","slug":"sete-em-cada-dez-brasileiros-tem-dificuldade-em-entender-seus-direitos","status":"publish","type":"post","link":"https:\/\/redenoticiaz.com.br\/ribeiraopreto-regiao\/sp\/2026\/08\/31\/sete-em-cada-dez-brasileiros-tem-dificuldade-em-entender-seus-direitos","title":{"rendered":"Sete em cada dez brasileiros t\u00eam dificuldade em entender seus direitos"},"content":{"rendered":"<p>Uma pesquisa realizada pela Ipsos, encomendada pelo portal Jusbrasil, revelou que 70% dos brasileiros que se consideram v\u00edtimas de ilegalidades enfrentam dificuldades para encontrar informa\u00e7\u00f5es sobre seus direitos e processos judiciais. A pesquisa foi divulgada com exclusividade pela Ag\u00eancia Brasil.<\/p>\n<p>Segundo os dados, 72% dos entrevistados ou membros de seus lares afirmaram ter tido ou suspeitar ter tido direitos violados no \u00faltimo ano. Desse total, 36% t\u00eam certeza da viola\u00e7\u00e3o, enquanto outros 36% apenas suspeitam. Por outro lado, 22% n\u00e3o reportaram nenhuma viola\u00e7\u00e3o, e 6% n\u00e3o souberam ou n\u00e3o se lembraram de um epis\u00f3dio desse tipo.<\/p>\n<p>Entre aqueles que suspeitam de uma viola\u00e7\u00e3o, 42% n\u00e3o conseguem afirmar com seguran\u00e7a se, de fato, algum direito deles ou de familiares foi comprometido. Essa incerteza pode impedir que as pessoas busquem orienta\u00e7\u00e3o ou decidam como agir.<\/p>\n<p>A pesquisa foi realizada entre 28 de julho e 4 de agosto deste ano, com 1.500 entrevistas em todo o Brasil, abrangendo homens e mulheres com 18 anos ou mais de todas as classes sociais. A margem de erro \u00e9 de 2,5 pontos percentuais.<\/p>\n<p>Os resultados mostram que a dificuldade de acesso a informa\u00e7\u00f5es sobre direitos atinge todas as classes sociais, com taxas semelhantes nas classes AB e DE. Al\u00e9m disso, a escolaridade n\u00e3o se traduziu em maior compreens\u00e3o sobre direitos e os meios de garanti-los.<\/p>\n<p>O levantamento aponta que 60% dos entrevistados j\u00e1 abriram m\u00e3o de algum direito ou benef\u00edcio por n\u00e3o saberem como proceder. Entre os que identificaram uma viola\u00e7\u00e3o, 33% deram seguimento ao problema, enquanto 10% est\u00e3o em processo legal, e 17% j\u00e1 o finalizaram. Outros 27% t\u00eam um processo judicial que ainda n\u00e3o foi iniciado, e 13% n\u00e3o sabem informar a situa\u00e7\u00e3o atual.<\/p>\n<p>O advogado Paulo Mariante, da Rede Nacional de Advogadas e Advogados Populares, defende que o Estado deve se responsabilizar pela democratiza\u00e7\u00e3o do conhecimento sobre direitos, implementando pol\u00edticas p\u00fablicas de divulga\u00e7\u00e3o desde as escolas. Ele ressalta que, apesar das iniciativas de centros culturais e pol\u00edticos, essas n\u00e3o atingem toda a popula\u00e7\u00e3o.<\/p>\n<p>Mariante destaca a import\u00e2ncia de se ensinar direitos com a mesma seriedade com que se ensina matem\u00e1tica, enfatizando que a forma\u00e7\u00e3o sobre direitos precisa ser uma prioridade na educa\u00e7\u00e3o.<\/p>\n<p>As defensorias p\u00fablicas, respons\u00e1veis pela assist\u00eancia jur\u00eddica a pessoas de baixa renda, s\u00e3o consideradas recentes no Brasil. A primeira no Rio de Janeiro foi criada em 1954, seguida pela de Minas Gerais em 1981 e a de S\u00e3o Paulo, que completa 20 anos este ano.<\/p>\n<p>Segundo Mariante, a atua\u00e7\u00e3o de coletivos que oferecem apoio jur\u00eddico \u00e0 popula\u00e7\u00e3o \u00e9 um indicativo do que o Estado poderia fazer, enfatizando que o avan\u00e7o nesse sentido depende de vontade pol\u00edtica. Ele critica a linguagem jur\u00eddica, que considera complexa e intimidadora, e defende a educa\u00e7\u00e3o em direitos como uma necessidade fundamental, apesar dos desafios atuais enfrentados pela educa\u00e7\u00e3o. <\/p>\n","protected":false},"excerpt":{"rendered":"<p>Uma pesquisa realizada pela Ipsos, encomendada pelo portal Jusbrasil, revelou que 70% dos brasileiros que se consideram v\u00edtimas de ilegalidades enfrentam dificuldades para encontrar informa\u00e7\u00f5es sobre seus direitos e processos judiciais. A pesquisa foi divulgada com exclusividade pela Ag\u00eancia Brasil. Segundo os dados, 72% dos entrevistados ou membros de seus lares afirmaram ter tido ou &hellip;<\/p>\n","protected":false},"author":5,"featured_media":122944,"comment_status":"open","ping_status":"closed","sticky":false,"template":"","format":"standard","meta":{"footnotes":""},"categories":[820,683,186],"tags":[],"class_list":["post-122943","post","type-post","status-publish","format-standard","has-post-thumbnail","hentry","category-educacao","category-justica","category-politica"],"yoast_head":"<!-- This site is optimized with the Yoast SEO plugin v28.3 - https:\/\/yoast.com\/product\/yoast-seo-wordpress\/ -->\n<title>Sete em cada dez brasileiros t\u00eam dificuldade em entender seus direitos - Ribeir\u00e3o Preto e Regi\u00e3o<\/title>\n<meta name=\"robots\" content=\"index, follow, max-snippet:-1, max-image-preview:large, max-video-preview:-1\" \/>\n<link rel=\"canonical\" href=\"https:\/\/redenoticiaz.com.br\/ribeiraopreto-regiao\/sp\/2026\/08\/31\/sete-em-cada-dez-brasileiros-tem-dificuldade-em-entender-seus-direitos\" \/>\n<meta property=\"og:locale\" content=\"pt_BR\" \/>\n<meta property=\"og:type\" content=\"article\" \/>\n<meta property=\"og:title\" content=\"Sete em cada dez brasileiros t\u00eam dificuldade em entender seus direitos - Ribeir\u00e3o Preto e Regi\u00e3o\" \/>\n<meta property=\"og:description\" content=\"Uma pesquisa realizada pela Ipsos, encomendada pelo portal Jusbrasil, revelou que 70% dos brasileiros que se consideram v\u00edtimas de ilegalidades enfrentam dificuldades para encontrar informa\u00e7\u00f5es sobre seus direitos e processos judiciais. A pesquisa foi divulgada com exclusividade pela Ag\u00eancia Brasil. Segundo os dados, 72% dos entrevistados ou membros de seus lares afirmaram ter tido ou &hellip;\" \/>\n<meta property=\"og:url\" content=\"https:\/\/redenoticiaz.com.br\/ribeiraopreto-regiao\/sp\/2026\/08\/31\/sete-em-cada-dez-brasileiros-tem-dificuldade-em-entender-seus-direitos\" \/>\n<meta property=\"og:site_name\" content=\"Ribeir\u00e3o Preto e Regi\u00e3o\" \/>\n<meta property=\"article:publisher\" content=\"https:\/\/m.facebook.com\/redenoticiaz.barretos\" \/>\n<meta property=\"article:published_time\" content=\"2026-08-31T19:21:55+00:00\" \/>\n<meta property=\"og:image\" content=\"https:\/\/redenoticiaz.com.br\/ribeiraopreto-regiao\/wp-content\/uploads\/sites\/4\/2022\/02\/logo.jpg\" \/>\n\t<meta property=\"og:image:width\" content=\"400\" \/>\n\t<meta property=\"og:image:height\" content=\"250\" \/>\n\t<meta property=\"og:image:type\" content=\"image\/jpeg\" \/>\n<meta name=\"author\" content=\"Patr\u00edcia Prado\" \/>\n<meta name=\"twitter:card\" content=\"summary_large_image\" \/>\n<meta name=\"twitter:creator\" content=\"@RN_barretos\" \/>\n<meta name=\"twitter:site\" content=\"@RN_barretos\" \/>\n<meta name=\"twitter:label1\" content=\"Escrito por\" \/>\n\t<meta name=\"twitter:data1\" content=\"Patr\u00edcia Prado\" \/>\n\t<meta name=\"twitter:label2\" content=\"Est. tempo de leitura\" \/>\n\t<meta name=\"twitter:data2\" content=\"2 minutos\" \/>\n<script type=\"application\/ld+json\" class=\"yoast-schema-graph\">{\"@context\":\"https:\\\/\\\/schema.org\",\"@graph\":[{\"@type\":\"Article\",\"@id\":\"https:\\\/\\\/redenoticiaz.com.br\\\/ribeiraopreto-regiao\\\/sp\\\/2026\\\/08\\\/31\\\/sete-em-cada-dez-brasileiros-tem-dificuldade-em-entender-seus-direitos#article\",\"isPartOf\":{\"@id\":\"https:\\\/\\\/redenoticiaz.com.br\\\/ribeiraopreto-regiao\\\/sp\\\/2026\\\/08\\\/31\\\/sete-em-cada-dez-brasileiros-tem-dificuldade-em-entender-seus-direitos\"},\"author\":{\"name\":\"Patr\u00edcia Prado\",\"@id\":\"https:\\\/\\\/redenoticiaz.com.br\\\/ribeiraopreto-regiao\\\/#\\\/schema\\\/person\\\/e1b0bd8c2637e2c1b6ddcbc2c33b116f\"},\"headline\":\"Sete em cada dez brasileiros t\u00eam dificuldade em entender seus direitos\",\"datePublished\":\"2026-08-31T19:21:55+00:00\",\"mainEntityOfPage\":{\"@id\":\"https:\\\/\\\/redenoticiaz.com.br\\\/ribeiraopreto-regiao\\\/sp\\\/2026\\\/08\\\/31\\\/sete-em-cada-dez-brasileiros-tem-dificuldade-em-entender-seus-direitos\"},\"wordCount\":502,\"commentCount\":0,\"publisher\":{\"@id\":\"https:\\\/\\\/redenoticiaz.com.br\\\/ribeiraopreto-regiao\\\/#organization\"},\"image\":{\"@id\":\"https:\\\/\\\/redenoticiaz.com.br\\\/ribeiraopreto-regiao\\\/sp\\\/2026\\\/08\\\/31\\\/sete-em-cada-dez-brasileiros-tem-dificuldade-em-entender-seus-direitos#primaryimage\"},\"thumbnailUrl\":\"https:\\\/\\\/redenoticiaz.com.br\\\/ribeiraopreto-regiao\\\/wp-content\\\/uploads\\\/sites\\\/4\\\/2026\\\/08\\\/pzzb9899.jpg\",\"articleSection\":[\"Educa\u00e7\u00e3o\",\"Justi\u00e7a\",\"Pol\u00edtica\"],\"inLanguage\":\"pt-BR\",\"potentialAction\":[{\"@type\":\"CommentAction\",\"name\":\"Comment\",\"target\":[\"https:\\\/\\\/redenoticiaz.com.br\\\/ribeiraopreto-regiao\\\/sp\\\/2026\\\/08\\\/31\\\/sete-em-cada-dez-brasileiros-tem-dificuldade-em-entender-seus-direitos#respond\"]}]},{\"@type\":\"WebPage\",\"@id\":\"https:\\\/\\\/redenoticiaz.com.br\\\/ribeiraopreto-regiao\\\/sp\\\/2026\\\/08\\\/31\\\/sete-em-cada-dez-brasileiros-tem-dificuldade-em-entender-seus-direitos\",\"url\":\"https:\\\/\\\/redenoticiaz.com.br\\\/ribeiraopreto-regiao\\\/sp\\\/2026\\\/08\\\/31\\\/sete-em-cada-dez-brasileiros-tem-dificuldade-em-entender-seus-direitos\",\"name\":\"Sete em cada dez brasileiros t\u00eam dificuldade em entender seus direitos - Ribeir\u00e3o Preto e Regi\u00e3o\",\"isPartOf\":{\"@id\":\"https:\\\/\\\/redenoticiaz.com.br\\\/ribeiraopreto-regiao\\\/#website\"},\"primaryImageOfPage\":{\"@id\":\"https:\\\/\\\/redenoticiaz.com.br\\\/ribeiraopreto-regiao\\\/sp\\\/2026\\\/08\\\/31\\\/sete-em-cada-dez-brasileiros-tem-dificuldade-em-entender-seus-direitos#primaryimage\"},\"image\":{\"@id\":\"https:\\\/\\\/redenoticiaz.com.br\\\/ribeiraopreto-regiao\\\/sp\\\/2026\\\/08\\\/31\\\/sete-em-cada-dez-brasileiros-tem-dificuldade-em-entender-seus-direitos#primaryimage\"},\"thumbnailUrl\":\"https:\\\/\\\/redenoticiaz.com.br\\\/ribeiraopreto-regiao\\\/wp-content\\\/uploads\\\/sites\\\/4\\\/2026\\\/08\\\/pzzb9899.jpg\",\"datePublished\":\"2026-08-31T19:21:55+00:00\",\"inLanguage\":\"pt-BR\",\"potentialAction\":[{\"@type\":\"ReadAction\",\"target\":[\"https:\\\/\\\/redenoticiaz.com.br\\\/ribeiraopreto-regiao\\\/sp\\\/2026\\\/08\\\/31\\\/sete-em-cada-dez-brasileiros-tem-dificuldade-em-entender-seus-direitos\"]}]},{\"@type\":\"ImageObject\",\"inLanguage\":\"pt-BR\",\"@id\":\"https:\\\/\\\/redenoticiaz.com.br\\\/ribeiraopreto-regiao\\\/sp\\\/2026\\\/08\\\/31\\\/sete-em-cada-dez-brasileiros-tem-dificuldade-em-entender-seus-direitos#primaryimage\",\"url\":\"https:\\\/\\\/redenoticiaz.com.br\\\/ribeiraopreto-regiao\\\/wp-content\\\/uploads\\\/sites\\\/4\\\/2026\\\/08\\\/pzzb9899.jpg\",\"contentUrl\":\"https:\\\/\\\/redenoticiaz.com.br\\\/ribeiraopreto-regiao\\\/wp-content\\\/uploads\\\/sites\\\/4\\\/2026\\\/08\\\/pzzb9899.jpg\",\"width\":1600,\"height\":800},{\"@type\":\"WebSite\",\"@id\":\"https:\\\/\\\/redenoticiaz.com.br\\\/ribeiraopreto-regiao\\\/#website\",\"url\":\"https:\\\/\\\/redenoticiaz.com.br\\\/ribeiraopreto-regiao\\\/\",\"name\":\"Ribeir\u00e3o Preto e Regi\u00e3o\",\"description\":\"Rede NoticiaZ - Ribeir\u00e3o Preto e regi\u00e3o\",\"publisher\":{\"@id\":\"https:\\\/\\\/redenoticiaz.com.br\\\/ribeiraopreto-regiao\\\/#organization\"},\"potentialAction\":[{\"@type\":\"SearchAction\",\"target\":{\"@type\":\"EntryPoint\",\"urlTemplate\":\"https:\\\/\\\/redenoticiaz.com.br\\\/ribeiraopreto-regiao\\\/?s={search_term_string}\"},\"query-input\":{\"@type\":\"PropertyValueSpecification\",\"valueRequired\":true,\"valueName\":\"search_term_string\"}}],\"inLanguage\":\"pt-BR\"},{\"@type\":\"Organization\",\"@id\":\"https:\\\/\\\/redenoticiaz.com.br\\\/ribeiraopreto-regiao\\\/#organization\",\"name\":\"Ribeir\u00e3o Preto e Regi\u00e3o\",\"url\":\"https:\\\/\\\/redenoticiaz.com.br\\\/ribeiraopreto-regiao\\\/\",\"logo\":{\"@type\":\"ImageObject\",\"inLanguage\":\"pt-BR\",\"@id\":\"https:\\\/\\\/redenoticiaz.com.br\\\/ribeiraopreto-regiao\\\/#\\\/schema\\\/logo\\\/image\\\/\",\"url\":\"https:\\\/\\\/redenoticiaz.com.br\\\/barretos-regiao\\\/wp-content\\\/uploads\\\/sites\\\/4\\\/2022\\\/02\\\/logo.jpg\",\"contentUrl\":\"https:\\\/\\\/redenoticiaz.com.br\\\/barretos-regiao\\\/wp-content\\\/uploads\\\/sites\\\/4\\\/2022\\\/02\\\/logo.jpg\",\"width\":400,\"height\":250,\"caption\":\"Ribeir\u00e3o Preto e Regi\u00e3o\"},\"image\":{\"@id\":\"https:\\\/\\\/redenoticiaz.com.br\\\/ribeiraopreto-regiao\\\/#\\\/schema\\\/logo\\\/image\\\/\"},\"sameAs\":[\"https:\\\/\\\/m.facebook.com\\\/redenoticiaz.barretos\",\"https:\\\/\\\/x.com\\\/RN_barretos\",\"https:\\\/\\\/www.instagram.com\\\/redenoticiaz.barretos\\\/?igshid=YmMyMTA2M2Y\",\"https:\\\/\\\/www.linkedin.com\\\/company\\\/rede-noticiaz-barretos-e-regio\\\/\"]},{\"@type\":\"Person\",\"@id\":\"https:\\\/\\\/redenoticiaz.com.br\\\/ribeiraopreto-regiao\\\/#\\\/schema\\\/person\\\/e1b0bd8c2637e2c1b6ddcbc2c33b116f\",\"name\":\"Patr\u00edcia Prado\",\"image\":{\"@type\":\"ImageObject\",\"inLanguage\":\"pt-BR\",\"@id\":\"https:\\\/\\\/secure.gravatar.com\\\/avatar\\\/92e358bef22cfcec15e054ae4d9fee04dadf0c772dc4a17b382b8a34a15354c2?s=96&d=mm&r=g\",\"url\":\"https:\\\/\\\/secure.gravatar.com\\\/avatar\\\/92e358bef22cfcec15e054ae4d9fee04dadf0c772dc4a17b382b8a34a15354c2?s=96&d=mm&r=g\",\"contentUrl\":\"https:\\\/\\\/secure.gravatar.com\\\/avatar\\\/92e358bef22cfcec15e054ae4d9fee04dadf0c772dc4a17b382b8a34a15354c2?s=96&d=mm&r=g\",\"caption\":\"Patr\u00edcia Prado\"},\"url\":\"https:\\\/\\\/redenoticiaz.com.br\\\/ribeiraopreto-regiao\\\/sp\\\/author\\\/patricia-prado\"}]}<\/script>\n<!-- \/ Yoast SEO plugin. -->","yoast_head_json":{"title":"Sete em cada dez brasileiros t\u00eam dificuldade em entender seus direitos - Ribeir\u00e3o Preto e Regi\u00e3o","robots":{"index":"index","follow":"follow","max-snippet":"max-snippet:-1","max-image-preview":"max-image-preview:large","max-video-preview":"max-video-preview:-1"},"canonical":"https:\/\/redenoticiaz.com.br\/ribeiraopreto-regiao\/sp\/2026\/08\/31\/sete-em-cada-dez-brasileiros-tem-dificuldade-em-entender-seus-direitos","og_locale":"pt_BR","og_type":"article","og_title":"Sete em cada dez brasileiros t\u00eam dificuldade em entender seus direitos - Ribeir\u00e3o Preto e Regi\u00e3o","og_description":"Uma pesquisa realizada pela Ipsos, encomendada pelo portal Jusbrasil, revelou que 70% dos brasileiros que se consideram v\u00edtimas de ilegalidades enfrentam dificuldades para encontrar informa\u00e7\u00f5es sobre seus direitos e processos judiciais. A pesquisa foi divulgada com exclusividade pela Ag\u00eancia Brasil. Segundo os dados, 72% dos entrevistados ou membros de seus lares afirmaram ter tido ou &hellip;","og_url":"https:\/\/redenoticiaz.com.br\/ribeiraopreto-regiao\/sp\/2026\/08\/31\/sete-em-cada-dez-brasileiros-tem-dificuldade-em-entender-seus-direitos","og_site_name":"Ribeir\u00e3o Preto e Regi\u00e3o","article_publisher":"https:\/\/m.facebook.com\/redenoticiaz.barretos","article_published_time":"2026-08-31T19:21:55+00:00","og_image":[{"width":400,"height":250,"url":"https:\/\/redenoticiaz.com.br\/ribeiraopreto-regiao\/wp-content\/uploads\/sites\/4\/2022\/02\/logo.jpg","type":"image\/jpeg"}],"author":"Patr\u00edcia Prado","twitter_card":"summary_large_image","twitter_creator":"@RN_barretos","twitter_site":"@RN_barretos","twitter_misc":{"Escrito por":"Patr\u00edcia Prado","Est. tempo de leitura":"2 minutos"},"schema":{"@context":"https:\/\/schema.org","@graph":[{"@type":"Article","@id":"https:\/\/redenoticiaz.com.br\/ribeiraopreto-regiao\/sp\/2026\/08\/31\/sete-em-cada-dez-brasileiros-tem-dificuldade-em-entender-seus-direitos#article","isPartOf":{"@id":"https:\/\/redenoticiaz.com.br\/ribeiraopreto-regiao\/sp\/2026\/08\/31\/sete-em-cada-dez-brasileiros-tem-dificuldade-em-entender-seus-direitos"},"author":{"name":"Patr\u00edcia Prado","@id":"https:\/\/redenoticiaz.com.br\/ribeiraopreto-regiao\/#\/schema\/person\/e1b0bd8c2637e2c1b6ddcbc2c33b116f"},"headline":"Sete em cada dez brasileiros t\u00eam dificuldade em entender seus direitos","datePublished":"2026-08-31T19:21:55+00:00","mainEntityOfPage":{"@id":"https:\/\/redenoticiaz.com.br\/ribeiraopreto-regiao\/sp\/2026\/08\/31\/sete-em-cada-dez-brasileiros-tem-dificuldade-em-entender-seus-direitos"},"wordCount":502,"commentCount":0,"publisher":{"@id":"https:\/\/redenoticiaz.com.br\/ribeiraopreto-regiao\/#organization"},"image":{"@id":"https:\/\/redenoticiaz.com.br\/ribeiraopreto-regiao\/sp\/2026\/08\/31\/sete-em-cada-dez-brasileiros-tem-dificuldade-em-entender-seus-direitos#primaryimage"},"thumbnailUrl":"https:\/\/redenoticiaz.com.br\/ribeiraopreto-regiao\/wp-content\/uploads\/sites\/4\/2026\/08\/pzzb9899.jpg","articleSection":["Educa\u00e7\u00e3o","Justi\u00e7a","Pol\u00edtica"],"inLanguage":"pt-BR","potentialAction":[{"@type":"CommentAction","name":"Comment","target":["https:\/\/redenoticiaz.com.br\/ribeiraopreto-regiao\/sp\/2026\/08\/31\/sete-em-cada-dez-brasileiros-tem-dificuldade-em-entender-seus-direitos#respond"]}]},{"@type":"WebPage","@id":"https:\/\/redenoticiaz.com.br\/ribeiraopreto-regiao\/sp\/2026\/08\/31\/sete-em-cada-dez-brasileiros-tem-dificuldade-em-entender-seus-direitos","url":"https:\/\/redenoticiaz.com.br\/ribeiraopreto-regiao\/sp\/2026\/08\/31\/sete-em-cada-dez-brasileiros-tem-dificuldade-em-entender-seus-direitos","name":"Sete em cada dez brasileiros t\u00eam dificuldade em entender seus direitos - Ribeir\u00e3o Preto e Regi\u00e3o","isPartOf":{"@id":"https:\/\/redenoticiaz.com.br\/ribeiraopreto-regiao\/#website"},"primaryImageOfPage":{"@id":"https:\/\/redenoticiaz.com.br\/ribeiraopreto-regiao\/sp\/2026\/08\/31\/sete-em-cada-dez-brasileiros-tem-dificuldade-em-entender-seus-direitos#primaryimage"},"image":{"@id":"https:\/\/redenoticiaz.com.br\/ribeiraopreto-regiao\/sp\/2026\/08\/31\/sete-em-cada-dez-brasileiros-tem-dificuldade-em-entender-seus-direitos#primaryimage"},"thumbnailUrl":"https:\/\/redenoticiaz.com.br\/ribeiraopreto-regiao\/wp-content\/uploads\/sites\/4\/2026\/08\/pzzb9899.jpg","datePublished":"2026-08-31T19:21:55+00:00","inLanguage":"pt-BR","potentialAction":[{"@type":"ReadAction","target":["https:\/\/redenoticiaz.com.br\/ribeiraopreto-regiao\/sp\/2026\/08\/31\/sete-em-cada-dez-brasileiros-tem-dificuldade-em-entender-seus-direitos"]}]},{"@type":"ImageObject","inLanguage":"pt-BR","@id":"https:\/\/redenoticiaz.com.br\/ribeiraopreto-regiao\/sp\/2026\/08\/31\/sete-em-cada-dez-brasileiros-tem-dificuldade-em-entender-seus-direitos#primaryimage","url":"https:\/\/redenoticiaz.com.br\/ribeiraopreto-regiao\/wp-content\/uploads\/sites\/4\/2026\/08\/pzzb9899.jpg","contentUrl":"https:\/\/redenoticiaz.com.br\/ribeiraopreto-regiao\/wp-content\/uploads\/sites\/4\/2026\/08\/pzzb9899.jpg","width":1600,"height":800},{"@type":"WebSite","@id":"https:\/\/redenoticiaz.com.br\/ribeiraopreto-regiao\/#website","url":"https:\/\/redenoticiaz.com.br\/ribeiraopreto-regiao\/","name":"Ribeir\u00e3o Preto e Regi\u00e3o","description":"Rede NoticiaZ - Ribeir\u00e3o Preto e regi\u00e3o","publisher":{"@id":"https:\/\/redenoticiaz.com.br\/ribeiraopreto-regiao\/#organization"},"potentialAction":[{"@type":"SearchAction","target":{"@type":"EntryPoint","urlTemplate":"https:\/\/redenoticiaz.com.br\/ribeiraopreto-regiao\/?s={search_term_string}"},"query-input":{"@type":"PropertyValueSpecification","valueRequired":true,"valueName":"search_term_string"}}],"inLanguage":"pt-BR"},{"@type":"Organization","@id":"https:\/\/redenoticiaz.com.br\/ribeiraopreto-regiao\/#organization","name":"Ribeir\u00e3o Preto e Regi\u00e3o","url":"https:\/\/redenoticiaz.com.br\/ribeiraopreto-regiao\/","logo":{"@type":"ImageObject","inLanguage":"pt-BR","@id":"https:\/\/redenoticiaz.com.br\/ribeiraopreto-regiao\/#\/schema\/logo\/image\/","url":"https:\/\/redenoticiaz.com.br\/barretos-regiao\/wp-content\/uploads\/sites\/4\/2022\/02\/logo.jpg","contentUrl":"https:\/\/redenoticiaz.com.br\/barretos-regiao\/wp-content\/uploads\/sites\/4\/2022\/02\/logo.jpg","width":400,"height":250,"caption":"Ribeir\u00e3o Preto e Regi\u00e3o"},"image":{"@id":"https:\/\/redenoticiaz.com.br\/ribeiraopreto-regiao\/#\/schema\/logo\/image\/"},"sameAs":["https:\/\/m.facebook.com\/redenoticiaz.barretos","https:\/\/x.com\/RN_barretos","https:\/\/www.instagram.com\/redenoticiaz.barretos\/?igshid=YmMyMTA2M2Y","https:\/\/www.linkedin.com\/company\/rede-noticiaz-barretos-e-regio\/"]},{"@type":"Person","@id":"https:\/\/redenoticiaz.com.br\/ribeiraopreto-regiao\/#\/schema\/person\/e1b0bd8c2637e2c1b6ddcbc2c33b116f","name":"Patr\u00edcia Prado","image":{"@type":"ImageObject","inLanguage":"pt-BR","@id":"https:\/\/secure.gravatar.com\/avatar\/92e358bef22cfcec15e054ae4d9fee04dadf0c772dc4a17b382b8a34a15354c2?s=96&d=mm&r=g","url":"https:\/\/secure.gravatar.com\/avatar\/92e358bef22cfcec15e054ae4d9fee04dadf0c772dc4a17b382b8a34a15354c2?s=96&d=mm&r=g","contentUrl":"https:\/\/secure.gravatar.com\/avatar\/92e358bef22cfcec15e054ae4d9fee04dadf0c772dc4a17b382b8a34a15354c2?s=96&d=mm&r=g","caption":"Patr\u00edcia Prado"},"url":"https:\/\/redenoticiaz.com.br\/ribeiraopreto-regiao\/sp\/author\/patricia-prado"}]}},"_links":{"self":[{"href":"https:\/\/redenoticiaz.com.br\/ribeiraopreto-regiao\/wp-json\/wp\/v2\/posts\/122943","targetHints":{"allow":["GET"]}}],"collection":[{"href":"https:\/\/redenoticiaz.com.br\/ribeiraopreto-regiao\/wp-json\/wp\/v2\/posts"}],"about":[{"href":"https:\/\/redenoticiaz.com.br\/ribeiraopreto-regiao\/wp-json\/wp\/v2\/types\/post"}],"author":[{"embeddable":true,"href":"https:\/\/redenoticiaz.com.br\/ribeiraopreto-regiao\/wp-json\/wp\/v2\/users\/5"}],"replies":[{"embeddable":true,"href":"https:\/\/redenoticiaz.com.br\/ribeiraopreto-regiao\/wp-json\/wp\/v2\/comments?post=122943"}],"version-history":[{"count":0,"href":"https:\/\/redenoticiaz.com.br\/ribeiraopreto-regiao\/wp-json\/wp\/v2\/posts\/122943\/revisions"}],"wp:featuredmedia":[{"embeddable":true,"href":"https:\/\/redenoticiaz.com.br\/ribeiraopreto-regiao\/wp-json\/wp\/v2\/media\/122944"}],"wp:attachment":[{"href":"https:\/\/redenoticiaz.com.br\/ribeiraopreto-regiao\/wp-json\/wp\/v2\/media?parent=122943"}],"wp:term":[{"taxonomy":"category","embeddable":true,"href":"https:\/\/redenoticiaz.com.br\/ribeiraopreto-regiao\/wp-json\/wp\/v2\/categories?post=122943"},{"taxonomy":"post_tag","embeddable":true,"href":"https:\/\/redenoticiaz.com.br\/ribeiraopreto-regiao\/wp-json\/wp\/v2\/tags?post=122943"}],"curies":[{"name":"wp","href":"https:\/\/api.w.org\/{rel}","templated":true}]}}