{"id":122945,"date":"2026-08-31T16:44:56","date_gmt":"2026-08-31T19:44:56","guid":{"rendered":"https:\/\/redenoticiaz.com.br\/ribeiraopreto-regiao\/sp\/2026\/08\/31\/inscricoes-para-o-ensino-fundamental-na-rede-publica-de-ribeirao-preto-abrem-amanha-e-seguem-ate-18-de-setembro"},"modified":"2026-08-31T16:44:56","modified_gmt":"2026-08-31T19:44:56","slug":"inscricoes-para-o-ensino-fundamental-na-rede-publica-de-ribeirao-preto-abrem-amanha-e-seguem-ate-18-de-setembro","status":"publish","type":"post","link":"https:\/\/redenoticiaz.com.br\/ribeiraopreto-regiao\/sp\/2026\/08\/31\/inscricoes-para-o-ensino-fundamental-na-rede-publica-de-ribeirao-preto-abrem-amanha-e-seguem-ate-18-de-setembro","title":{"rendered":"Inscri\u00e7\u00f5es para o Ensino Fundamental na rede p\u00fablica de Ribeir\u00e3o Preto abrem amanh\u00e3 e seguem at\u00e9 18 de setembro"},"content":{"rendered":"<p>As inscri\u00e7\u00f5es para vagas no Ensino Fundamental da rede p\u00fablica de Ribeir\u00e3o Preto ter\u00e3o in\u00edcio nesta ter\u00e7a-feira, dia 1\u00ba de setembro, e estar\u00e3o abertas at\u00e9 o dia 18 do mesmo m\u00eas. Este processo \u00e9 voltado para crian\u00e7as e adolescentes entre 6 e 17 anos que est\u00e3o fora do sistema p\u00fablico de ensino em 2026, incluindo aqueles matriculados em escolas particulares, e desejam ingressar em uma unidade municipal ou estadual no ano letivo de 2027.<\/p>\n<p>Os respons\u00e1veis podem efetuar a inscri\u00e7\u00e3o nas unidades de ensino, seja municipal ou estadual, no Poupatempo ou atrav\u00e9s do portal da Educa\u00e7\u00e3o do Estado de S\u00e3o Paulo (SED SP). \u00c9 necess\u00e1rio apresentar a certid\u00e3o de nascimento, comprovante de endere\u00e7o e, se dispon\u00edvel, o hist\u00f3rico escolar do aluno.<\/p>\n<p>Importante destacar que durante a inscri\u00e7\u00e3o, os pais ou respons\u00e1veis n\u00e3o poder\u00e3o indicar uma escola espec\u00edfica. A defini\u00e7\u00e3o do local ser\u00e1 feita automaticamente, levando em conta a localiza\u00e7\u00e3o do endere\u00e7o fornecido, e o resultado ser\u00e1 divulgado no dia 4 de janeiro de 2027.<\/p>\n<p>O secret\u00e1rio Municipal de Educa\u00e7\u00e3o, Christian Viana Oliveira, enfatizou a relev\u00e2ncia desse procedimento para garantir que todos os alunos tenham acesso a uma vaga na rede p\u00fablica. &#8220;Orientamos as fam\u00edlias a respeitarem o per\u00edodo de inscri\u00e7\u00e3o e manterem os dados atualizados, especialmente o endere\u00e7o, para que o sistema possa alocar de acordo com os crit\u00e9rios estabelecidos\u201d, afirmou o secret\u00e1rio.<\/p>\n<p>Os alunos que j\u00e1 est\u00e3o na rede p\u00fablica e possuem continuidade de estudos n\u00e3o precisar\u00e3o realizar uma nova inscri\u00e7\u00e3o, pois a matr\u00edcula para 2027 ser\u00e1 assegurada automaticamente. Para os que est\u00e3o em unidades que n\u00e3o oferecem a sequ\u00eancia de estudos, ser\u00e1 indicada outra escola da rede p\u00fablica. Caso haja mudan\u00e7a de endere\u00e7o, as fam\u00edlias poder\u00e3o solicitar uma transfer\u00eancia a partir de 4 de janeiro de 2027. J\u00e1 manifestar \u201cinten\u00e7\u00e3o de transfer\u00eancia\u201d tamb\u00e9m ser\u00e1 poss\u00edvel, dependendo da disponibilidade de vagas.<\/p>\n<p><strong>Servi\u00e7o:<\/strong><\/p>\n<p>Inscri\u00e7\u00f5es para o Ensino Fundamental da rede p\u00fablica \u2013 2027<\/p>\n<p><strong>Per\u00edodo:<\/strong> 1\u00ba a 18 de setembro de 2026<\/p>\n<p><strong>Onde:<\/strong> qualquer unidade de ensino (municipal ou estadual); no Poupatempo e online pelo portal da Educa\u00e7\u00e3o Estadual (SED &#8211; Secretaria Escolar Digital).<\/p>\n<p><strong>Link para inscri\u00e7\u00e3o:<\/strong> <a href=\"https:\/\/sed.educacao.sp.gov.br\/NCA\/PreInscricaoOnline\/login\" style=\"color:#3498db\">https:\/\/sed.educacao.sp.gov.br\/NCA\/PreInscricaoOnline\/login<\/a><\/p>\n","protected":false},"excerpt":{"rendered":"<p>As inscri\u00e7\u00f5es para vagas no Ensino Fundamental da rede p\u00fablica de Ribeir\u00e3o Preto ter\u00e3o in\u00edcio nesta ter\u00e7a-feira, dia 1\u00ba de setembro, e estar\u00e3o abertas at\u00e9 o dia 18 do mesmo m\u00eas. Este processo \u00e9 voltado para crian\u00e7as e adolescentes entre 6 e 17 anos que est\u00e3o fora do sistema p\u00fablico de ensino em 2026, incluindo &hellip;<\/p>\n","protected":false},"author":5,"featured_media":122946,"comment_status":"open","ping_status":"closed","sticky":false,"template":"","format":"standard","meta":{"footnotes":""},"categories":[820,186,31500],"tags":[],"class_list":["post-122945","post","type-post","status-publish","format-standard","has-post-thumbnail","hentry","category-educacao","category-politica","category-ribeirao-preto"],"yoast_head":"<!-- This site is optimized with the Yoast SEO plugin v28.3 - https:\/\/yoast.com\/product\/yoast-seo-wordpress\/ -->\n<title>Inscri\u00e7\u00f5es para o Ensino Fundamental na rede p\u00fablica de Ribeir\u00e3o Preto abrem amanh\u00e3 e seguem at\u00e9 18 de setembro - Ribeir\u00e3o Preto e Regi\u00e3o<\/title>\n<meta name=\"robots\" content=\"index, follow, max-snippet:-1, max-image-preview:large, max-video-preview:-1\" \/>\n<link rel=\"canonical\" href=\"https:\/\/redenoticiaz.com.br\/ribeiraopreto-regiao\/sp\/2026\/08\/31\/inscricoes-para-o-ensino-fundamental-na-rede-publica-de-ribeirao-preto-abrem-amanha-e-seguem-ate-18-de-setembro\" \/>\n<meta property=\"og:locale\" content=\"pt_BR\" \/>\n<meta property=\"og:type\" content=\"article\" \/>\n<meta property=\"og:title\" content=\"Inscri\u00e7\u00f5es para o Ensino Fundamental na rede p\u00fablica de Ribeir\u00e3o Preto abrem amanh\u00e3 e seguem at\u00e9 18 de setembro - Ribeir\u00e3o Preto e Regi\u00e3o\" \/>\n<meta property=\"og:description\" content=\"As inscri\u00e7\u00f5es para vagas no Ensino Fundamental da rede p\u00fablica de Ribeir\u00e3o Preto ter\u00e3o in\u00edcio nesta ter\u00e7a-feira, dia 1\u00ba de setembro, e estar\u00e3o abertas at\u00e9 o dia 18 do mesmo m\u00eas. Este processo \u00e9 voltado para crian\u00e7as e adolescentes entre 6 e 17 anos que est\u00e3o fora do sistema p\u00fablico de ensino em 2026, incluindo &hellip;\" \/>\n<meta property=\"og:url\" content=\"https:\/\/redenoticiaz.com.br\/ribeiraopreto-regiao\/sp\/2026\/08\/31\/inscricoes-para-o-ensino-fundamental-na-rede-publica-de-ribeirao-preto-abrem-amanha-e-seguem-ate-18-de-setembro\" \/>\n<meta property=\"og:site_name\" content=\"Ribeir\u00e3o Preto e Regi\u00e3o\" \/>\n<meta property=\"article:publisher\" content=\"https:\/\/m.facebook.com\/redenoticiaz.barretos\" \/>\n<meta property=\"article:published_time\" content=\"2026-08-31T19:44:56+00:00\" \/>\n<meta property=\"og:image\" content=\"https:\/\/redenoticiaz.com.br\/ribeiraopreto-regiao\/wp-content\/uploads\/sites\/4\/2022\/02\/logo.jpg\" \/>\n\t<meta property=\"og:image:width\" content=\"400\" \/>\n\t<meta property=\"og:image:height\" content=\"250\" \/>\n\t<meta property=\"og:image:type\" content=\"image\/jpeg\" \/>\n<meta name=\"author\" content=\"Patr\u00edcia Prado\" \/>\n<meta name=\"twitter:card\" content=\"summary_large_image\" \/>\n<meta name=\"twitter:creator\" content=\"@RN_barretos\" \/>\n<meta name=\"twitter:site\" content=\"@RN_barretos\" \/>\n<meta name=\"twitter:label1\" content=\"Escrito por\" \/>\n\t<meta name=\"twitter:data1\" content=\"Patr\u00edcia Prado\" \/>\n\t<meta name=\"twitter:label2\" content=\"Est. tempo de leitura\" \/>\n\t<meta name=\"twitter:data2\" content=\"2 minutos\" \/>\n<script type=\"application\/ld+json\" class=\"yoast-schema-graph\">{\"@context\":\"https:\\\/\\\/schema.org\",\"@graph\":[{\"@type\":\"Article\",\"@id\":\"https:\\\/\\\/redenoticiaz.com.br\\\/ribeiraopreto-regiao\\\/sp\\\/2026\\\/08\\\/31\\\/inscricoes-para-o-ensino-fundamental-na-rede-publica-de-ribeirao-preto-abrem-amanha-e-seguem-ate-18-de-setembro#article\",\"isPartOf\":{\"@id\":\"https:\\\/\\\/redenoticiaz.com.br\\\/ribeiraopreto-regiao\\\/sp\\\/2026\\\/08\\\/31\\\/inscricoes-para-o-ensino-fundamental-na-rede-publica-de-ribeirao-preto-abrem-amanha-e-seguem-ate-18-de-setembro\"},\"author\":{\"name\":\"Patr\u00edcia Prado\",\"@id\":\"https:\\\/\\\/redenoticiaz.com.br\\\/ribeiraopreto-regiao\\\/#\\\/schema\\\/person\\\/e1b0bd8c2637e2c1b6ddcbc2c33b116f\"},\"headline\":\"Inscri\u00e7\u00f5es para o Ensino Fundamental na rede p\u00fablica de Ribeir\u00e3o Preto abrem amanh\u00e3 e seguem at\u00e9 18 de setembro\",\"datePublished\":\"2026-08-31T19:44:56+00:00\",\"mainEntityOfPage\":{\"@id\":\"https:\\\/\\\/redenoticiaz.com.br\\\/ribeiraopreto-regiao\\\/sp\\\/2026\\\/08\\\/31\\\/inscricoes-para-o-ensino-fundamental-na-rede-publica-de-ribeirao-preto-abrem-amanha-e-seguem-ate-18-de-setembro\"},\"wordCount\":422,\"commentCount\":0,\"publisher\":{\"@id\":\"https:\\\/\\\/redenoticiaz.com.br\\\/ribeiraopreto-regiao\\\/#organization\"},\"image\":{\"@id\":\"https:\\\/\\\/redenoticiaz.com.br\\\/ribeiraopreto-regiao\\\/sp\\\/2026\\\/08\\\/31\\\/inscricoes-para-o-ensino-fundamental-na-rede-publica-de-ribeirao-preto-abrem-amanha-e-seguem-ate-18-de-setembro#primaryimage\"},\"thumbnailUrl\":\"https:\\\/\\\/redenoticiaz.com.br\\\/ribeiraopreto-regiao\\\/wp-content\\\/uploads\\\/sites\\\/4\\\/2026\\\/08\\\/educacao_26_volta_as_aulas_-_foto_guilherme_sircili_104.jpg\",\"articleSection\":[\"Educa\u00e7\u00e3o\",\"Pol\u00edtica\",\"Ribeir\u00e3o Preto\"],\"inLanguage\":\"pt-BR\",\"potentialAction\":[{\"@type\":\"CommentAction\",\"name\":\"Comment\",\"target\":[\"https:\\\/\\\/redenoticiaz.com.br\\\/ribeiraopreto-regiao\\\/sp\\\/2026\\\/08\\\/31\\\/inscricoes-para-o-ensino-fundamental-na-rede-publica-de-ribeirao-preto-abrem-amanha-e-seguem-ate-18-de-setembro#respond\"]}]},{\"@type\":\"WebPage\",\"@id\":\"https:\\\/\\\/redenoticiaz.com.br\\\/ribeiraopreto-regiao\\\/sp\\\/2026\\\/08\\\/31\\\/inscricoes-para-o-ensino-fundamental-na-rede-publica-de-ribeirao-preto-abrem-amanha-e-seguem-ate-18-de-setembro\",\"url\":\"https:\\\/\\\/redenoticiaz.com.br\\\/ribeiraopreto-regiao\\\/sp\\\/2026\\\/08\\\/31\\\/inscricoes-para-o-ensino-fundamental-na-rede-publica-de-ribeirao-preto-abrem-amanha-e-seguem-ate-18-de-setembro\",\"name\":\"Inscri\u00e7\u00f5es para o Ensino Fundamental na rede p\u00fablica de Ribeir\u00e3o Preto abrem amanh\u00e3 e seguem at\u00e9 18 de setembro - Ribeir\u00e3o Preto e Regi\u00e3o\",\"isPartOf\":{\"@id\":\"https:\\\/\\\/redenoticiaz.com.br\\\/ribeiraopreto-regiao\\\/#website\"},\"primaryImageOfPage\":{\"@id\":\"https:\\\/\\\/redenoticiaz.com.br\\\/ribeiraopreto-regiao\\\/sp\\\/2026\\\/08\\\/31\\\/inscricoes-para-o-ensino-fundamental-na-rede-publica-de-ribeirao-preto-abrem-amanha-e-seguem-ate-18-de-setembro#primaryimage\"},\"image\":{\"@id\":\"https:\\\/\\\/redenoticiaz.com.br\\\/ribeiraopreto-regiao\\\/sp\\\/2026\\\/08\\\/31\\\/inscricoes-para-o-ensino-fundamental-na-rede-publica-de-ribeirao-preto-abrem-amanha-e-seguem-ate-18-de-setembro#primaryimage\"},\"thumbnailUrl\":\"https:\\\/\\\/redenoticiaz.com.br\\\/ribeiraopreto-regiao\\\/wp-content\\\/uploads\\\/sites\\\/4\\\/2026\\\/08\\\/educacao_26_volta_as_aulas_-_foto_guilherme_sircili_104.jpg\",\"datePublished\":\"2026-08-31T19:44:56+00:00\",\"inLanguage\":\"pt-BR\",\"potentialAction\":[{\"@type\":\"ReadAction\",\"target\":[\"https:\\\/\\\/redenoticiaz.com.br\\\/ribeiraopreto-regiao\\\/sp\\\/2026\\\/08\\\/31\\\/inscricoes-para-o-ensino-fundamental-na-rede-publica-de-ribeirao-preto-abrem-amanha-e-seguem-ate-18-de-setembro\"]}]},{\"@type\":\"ImageObject\",\"inLanguage\":\"pt-BR\",\"@id\":\"https:\\\/\\\/redenoticiaz.com.br\\\/ribeiraopreto-regiao\\\/sp\\\/2026\\\/08\\\/31\\\/inscricoes-para-o-ensino-fundamental-na-rede-publica-de-ribeirao-preto-abrem-amanha-e-seguem-ate-18-de-setembro#primaryimage\",\"url\":\"https:\\\/\\\/redenoticiaz.com.br\\\/ribeiraopreto-regiao\\\/wp-content\\\/uploads\\\/sites\\\/4\\\/2026\\\/08\\\/educacao_26_volta_as_aulas_-_foto_guilherme_sircili_104.jpg\",\"contentUrl\":\"https:\\\/\\\/redenoticiaz.com.br\\\/ribeiraopreto-regiao\\\/wp-content\\\/uploads\\\/sites\\\/4\\\/2026\\\/08\\\/educacao_26_volta_as_aulas_-_foto_guilherme_sircili_104.jpg\",\"width\":1620,\"height\":1080},{\"@type\":\"WebSite\",\"@id\":\"https:\\\/\\\/redenoticiaz.com.br\\\/ribeiraopreto-regiao\\\/#website\",\"url\":\"https:\\\/\\\/redenoticiaz.com.br\\\/ribeiraopreto-regiao\\\/\",\"name\":\"Ribeir\u00e3o Preto e Regi\u00e3o\",\"description\":\"Rede NoticiaZ - Ribeir\u00e3o Preto e regi\u00e3o\",\"publisher\":{\"@id\":\"https:\\\/\\\/redenoticiaz.com.br\\\/ribeiraopreto-regiao\\\/#organization\"},\"potentialAction\":[{\"@type\":\"SearchAction\",\"target\":{\"@type\":\"EntryPoint\",\"urlTemplate\":\"https:\\\/\\\/redenoticiaz.com.br\\\/ribeiraopreto-regiao\\\/?s={search_term_string}\"},\"query-input\":{\"@type\":\"PropertyValueSpecification\",\"valueRequired\":true,\"valueName\":\"search_term_string\"}}],\"inLanguage\":\"pt-BR\"},{\"@type\":\"Organization\",\"@id\":\"https:\\\/\\\/redenoticiaz.com.br\\\/ribeiraopreto-regiao\\\/#organization\",\"name\":\"Ribeir\u00e3o Preto e Regi\u00e3o\",\"url\":\"https:\\\/\\\/redenoticiaz.com.br\\\/ribeiraopreto-regiao\\\/\",\"logo\":{\"@type\":\"ImageObject\",\"inLanguage\":\"pt-BR\",\"@id\":\"https:\\\/\\\/redenoticiaz.com.br\\\/ribeiraopreto-regiao\\\/#\\\/schema\\\/logo\\\/image\\\/\",\"url\":\"https:\\\/\\\/redenoticiaz.com.br\\\/barretos-regiao\\\/wp-content\\\/uploads\\\/sites\\\/4\\\/2022\\\/02\\\/logo.jpg\",\"contentUrl\":\"https:\\\/\\\/redenoticiaz.com.br\\\/barretos-regiao\\\/wp-content\\\/uploads\\\/sites\\\/4\\\/2022\\\/02\\\/logo.jpg\",\"width\":400,\"height\":250,\"caption\":\"Ribeir\u00e3o Preto e Regi\u00e3o\"},\"image\":{\"@id\":\"https:\\\/\\\/redenoticiaz.com.br\\\/ribeiraopreto-regiao\\\/#\\\/schema\\\/logo\\\/image\\\/\"},\"sameAs\":[\"https:\\\/\\\/m.facebook.com\\\/redenoticiaz.barretos\",\"https:\\\/\\\/x.com\\\/RN_barretos\",\"https:\\\/\\\/www.instagram.com\\\/redenoticiaz.barretos\\\/?igshid=YmMyMTA2M2Y\",\"https:\\\/\\\/www.linkedin.com\\\/company\\\/rede-noticiaz-barretos-e-regio\\\/\"]},{\"@type\":\"Person\",\"@id\":\"https:\\\/\\\/redenoticiaz.com.br\\\/ribeiraopreto-regiao\\\/#\\\/schema\\\/person\\\/e1b0bd8c2637e2c1b6ddcbc2c33b116f\",\"name\":\"Patr\u00edcia Prado\",\"image\":{\"@type\":\"ImageObject\",\"inLanguage\":\"pt-BR\",\"@id\":\"https:\\\/\\\/secure.gravatar.com\\\/avatar\\\/92e358bef22cfcec15e054ae4d9fee04dadf0c772dc4a17b382b8a34a15354c2?s=96&d=mm&r=g\",\"url\":\"https:\\\/\\\/secure.gravatar.com\\\/avatar\\\/92e358bef22cfcec15e054ae4d9fee04dadf0c772dc4a17b382b8a34a15354c2?s=96&d=mm&r=g\",\"contentUrl\":\"https:\\\/\\\/secure.gravatar.com\\\/avatar\\\/92e358bef22cfcec15e054ae4d9fee04dadf0c772dc4a17b382b8a34a15354c2?s=96&d=mm&r=g\",\"caption\":\"Patr\u00edcia Prado\"},\"url\":\"https:\\\/\\\/redenoticiaz.com.br\\\/ribeiraopreto-regiao\\\/sp\\\/author\\\/patricia-prado\"}]}<\/script>\n<!-- \/ Yoast SEO plugin. -->","yoast_head_json":{"title":"Inscri\u00e7\u00f5es para o Ensino Fundamental na rede p\u00fablica de Ribeir\u00e3o Preto abrem amanh\u00e3 e seguem at\u00e9 18 de setembro - Ribeir\u00e3o Preto e Regi\u00e3o","robots":{"index":"index","follow":"follow","max-snippet":"max-snippet:-1","max-image-preview":"max-image-preview:large","max-video-preview":"max-video-preview:-1"},"canonical":"https:\/\/redenoticiaz.com.br\/ribeiraopreto-regiao\/sp\/2026\/08\/31\/inscricoes-para-o-ensino-fundamental-na-rede-publica-de-ribeirao-preto-abrem-amanha-e-seguem-ate-18-de-setembro","og_locale":"pt_BR","og_type":"article","og_title":"Inscri\u00e7\u00f5es para o Ensino Fundamental na rede p\u00fablica de Ribeir\u00e3o Preto abrem amanh\u00e3 e seguem at\u00e9 18 de setembro - Ribeir\u00e3o Preto e Regi\u00e3o","og_description":"As inscri\u00e7\u00f5es para vagas no Ensino Fundamental da rede p\u00fablica de Ribeir\u00e3o Preto ter\u00e3o in\u00edcio nesta ter\u00e7a-feira, dia 1\u00ba de setembro, e estar\u00e3o abertas at\u00e9 o dia 18 do mesmo m\u00eas. Este processo \u00e9 voltado para crian\u00e7as e adolescentes entre 6 e 17 anos que est\u00e3o fora do sistema p\u00fablico de ensino em 2026, incluindo &hellip;","og_url":"https:\/\/redenoticiaz.com.br\/ribeiraopreto-regiao\/sp\/2026\/08\/31\/inscricoes-para-o-ensino-fundamental-na-rede-publica-de-ribeirao-preto-abrem-amanha-e-seguem-ate-18-de-setembro","og_site_name":"Ribeir\u00e3o Preto e Regi\u00e3o","article_publisher":"https:\/\/m.facebook.com\/redenoticiaz.barretos","article_published_time":"2026-08-31T19:44:56+00:00","og_image":[{"width":400,"height":250,"url":"https:\/\/redenoticiaz.com.br\/ribeiraopreto-regiao\/wp-content\/uploads\/sites\/4\/2022\/02\/logo.jpg","type":"image\/jpeg"}],"author":"Patr\u00edcia Prado","twitter_card":"summary_large_image","twitter_creator":"@RN_barretos","twitter_site":"@RN_barretos","twitter_misc":{"Escrito por":"Patr\u00edcia Prado","Est. tempo de leitura":"2 minutos"},"schema":{"@context":"https:\/\/schema.org","@graph":[{"@type":"Article","@id":"https:\/\/redenoticiaz.com.br\/ribeiraopreto-regiao\/sp\/2026\/08\/31\/inscricoes-para-o-ensino-fundamental-na-rede-publica-de-ribeirao-preto-abrem-amanha-e-seguem-ate-18-de-setembro#article","isPartOf":{"@id":"https:\/\/redenoticiaz.com.br\/ribeiraopreto-regiao\/sp\/2026\/08\/31\/inscricoes-para-o-ensino-fundamental-na-rede-publica-de-ribeirao-preto-abrem-amanha-e-seguem-ate-18-de-setembro"},"author":{"name":"Patr\u00edcia Prado","@id":"https:\/\/redenoticiaz.com.br\/ribeiraopreto-regiao\/#\/schema\/person\/e1b0bd8c2637e2c1b6ddcbc2c33b116f"},"headline":"Inscri\u00e7\u00f5es para o Ensino Fundamental na rede p\u00fablica de Ribeir\u00e3o Preto abrem amanh\u00e3 e seguem at\u00e9 18 de setembro","datePublished":"2026-08-31T19:44:56+00:00","mainEntityOfPage":{"@id":"https:\/\/redenoticiaz.com.br\/ribeiraopreto-regiao\/sp\/2026\/08\/31\/inscricoes-para-o-ensino-fundamental-na-rede-publica-de-ribeirao-preto-abrem-amanha-e-seguem-ate-18-de-setembro"},"wordCount":422,"commentCount":0,"publisher":{"@id":"https:\/\/redenoticiaz.com.br\/ribeiraopreto-regiao\/#organization"},"image":{"@id":"https:\/\/redenoticiaz.com.br\/ribeiraopreto-regiao\/sp\/2026\/08\/31\/inscricoes-para-o-ensino-fundamental-na-rede-publica-de-ribeirao-preto-abrem-amanha-e-seguem-ate-18-de-setembro#primaryimage"},"thumbnailUrl":"https:\/\/redenoticiaz.com.br\/ribeiraopreto-regiao\/wp-content\/uploads\/sites\/4\/2026\/08\/educacao_26_volta_as_aulas_-_foto_guilherme_sircili_104.jpg","articleSection":["Educa\u00e7\u00e3o","Pol\u00edtica","Ribeir\u00e3o Preto"],"inLanguage":"pt-BR","potentialAction":[{"@type":"CommentAction","name":"Comment","target":["https:\/\/redenoticiaz.com.br\/ribeiraopreto-regiao\/sp\/2026\/08\/31\/inscricoes-para-o-ensino-fundamental-na-rede-publica-de-ribeirao-preto-abrem-amanha-e-seguem-ate-18-de-setembro#respond"]}]},{"@type":"WebPage","@id":"https:\/\/redenoticiaz.com.br\/ribeiraopreto-regiao\/sp\/2026\/08\/31\/inscricoes-para-o-ensino-fundamental-na-rede-publica-de-ribeirao-preto-abrem-amanha-e-seguem-ate-18-de-setembro","url":"https:\/\/redenoticiaz.com.br\/ribeiraopreto-regiao\/sp\/2026\/08\/31\/inscricoes-para-o-ensino-fundamental-na-rede-publica-de-ribeirao-preto-abrem-amanha-e-seguem-ate-18-de-setembro","name":"Inscri\u00e7\u00f5es para o Ensino Fundamental na rede p\u00fablica de Ribeir\u00e3o Preto abrem amanh\u00e3 e seguem at\u00e9 18 de setembro - Ribeir\u00e3o Preto e Regi\u00e3o","isPartOf":{"@id":"https:\/\/redenoticiaz.com.br\/ribeiraopreto-regiao\/#website"},"primaryImageOfPage":{"@id":"https:\/\/redenoticiaz.com.br\/ribeiraopreto-regiao\/sp\/2026\/08\/31\/inscricoes-para-o-ensino-fundamental-na-rede-publica-de-ribeirao-preto-abrem-amanha-e-seguem-ate-18-de-setembro#primaryimage"},"image":{"@id":"https:\/\/redenoticiaz.com.br\/ribeiraopreto-regiao\/sp\/2026\/08\/31\/inscricoes-para-o-ensino-fundamental-na-rede-publica-de-ribeirao-preto-abrem-amanha-e-seguem-ate-18-de-setembro#primaryimage"},"thumbnailUrl":"https:\/\/redenoticiaz.com.br\/ribeiraopreto-regiao\/wp-content\/uploads\/sites\/4\/2026\/08\/educacao_26_volta_as_aulas_-_foto_guilherme_sircili_104.jpg","datePublished":"2026-08-31T19:44:56+00:00","inLanguage":"pt-BR","potentialAction":[{"@type":"ReadAction","target":["https:\/\/redenoticiaz.com.br\/ribeiraopreto-regiao\/sp\/2026\/08\/31\/inscricoes-para-o-ensino-fundamental-na-rede-publica-de-ribeirao-preto-abrem-amanha-e-seguem-ate-18-de-setembro"]}]},{"@type":"ImageObject","inLanguage":"pt-BR","@id":"https:\/\/redenoticiaz.com.br\/ribeiraopreto-regiao\/sp\/2026\/08\/31\/inscricoes-para-o-ensino-fundamental-na-rede-publica-de-ribeirao-preto-abrem-amanha-e-seguem-ate-18-de-setembro#primaryimage","url":"https:\/\/redenoticiaz.com.br\/ribeiraopreto-regiao\/wp-content\/uploads\/sites\/4\/2026\/08\/educacao_26_volta_as_aulas_-_foto_guilherme_sircili_104.jpg","contentUrl":"https:\/\/redenoticiaz.com.br\/ribeiraopreto-regiao\/wp-content\/uploads\/sites\/4\/2026\/08\/educacao_26_volta_as_aulas_-_foto_guilherme_sircili_104.jpg","width":1620,"height":1080},{"@type":"WebSite","@id":"https:\/\/redenoticiaz.com.br\/ribeiraopreto-regiao\/#website","url":"https:\/\/redenoticiaz.com.br\/ribeiraopreto-regiao\/","name":"Ribeir\u00e3o Preto e Regi\u00e3o","description":"Rede NoticiaZ - Ribeir\u00e3o Preto e regi\u00e3o","publisher":{"@id":"https:\/\/redenoticiaz.com.br\/ribeiraopreto-regiao\/#organization"},"potentialAction":[{"@type":"SearchAction","target":{"@type":"EntryPoint","urlTemplate":"https:\/\/redenoticiaz.com.br\/ribeiraopreto-regiao\/?s={search_term_string}"},"query-input":{"@type":"PropertyValueSpecification","valueRequired":true,"valueName":"search_term_string"}}],"inLanguage":"pt-BR"},{"@type":"Organization","@id":"https:\/\/redenoticiaz.com.br\/ribeiraopreto-regiao\/#organization","name":"Ribeir\u00e3o Preto e Regi\u00e3o","url":"https:\/\/redenoticiaz.com.br\/ribeiraopreto-regiao\/","logo":{"@type":"ImageObject","inLanguage":"pt-BR","@id":"https:\/\/redenoticiaz.com.br\/ribeiraopreto-regiao\/#\/schema\/logo\/image\/","url":"https:\/\/redenoticiaz.com.br\/barretos-regiao\/wp-content\/uploads\/sites\/4\/2022\/02\/logo.jpg","contentUrl":"https:\/\/redenoticiaz.com.br\/barretos-regiao\/wp-content\/uploads\/sites\/4\/2022\/02\/logo.jpg","width":400,"height":250,"caption":"Ribeir\u00e3o Preto e Regi\u00e3o"},"image":{"@id":"https:\/\/redenoticiaz.com.br\/ribeiraopreto-regiao\/#\/schema\/logo\/image\/"},"sameAs":["https:\/\/m.facebook.com\/redenoticiaz.barretos","https:\/\/x.com\/RN_barretos","https:\/\/www.instagram.com\/redenoticiaz.barretos\/?igshid=YmMyMTA2M2Y","https:\/\/www.linkedin.com\/company\/rede-noticiaz-barretos-e-regio\/"]},{"@type":"Person","@id":"https:\/\/redenoticiaz.com.br\/ribeiraopreto-regiao\/#\/schema\/person\/e1b0bd8c2637e2c1b6ddcbc2c33b116f","name":"Patr\u00edcia Prado","image":{"@type":"ImageObject","inLanguage":"pt-BR","@id":"https:\/\/secure.gravatar.com\/avatar\/92e358bef22cfcec15e054ae4d9fee04dadf0c772dc4a17b382b8a34a15354c2?s=96&d=mm&r=g","url":"https:\/\/secure.gravatar.com\/avatar\/92e358bef22cfcec15e054ae4d9fee04dadf0c772dc4a17b382b8a34a15354c2?s=96&d=mm&r=g","contentUrl":"https:\/\/secure.gravatar.com\/avatar\/92e358bef22cfcec15e054ae4d9fee04dadf0c772dc4a17b382b8a34a15354c2?s=96&d=mm&r=g","caption":"Patr\u00edcia Prado"},"url":"https:\/\/redenoticiaz.com.br\/ribeiraopreto-regiao\/sp\/author\/patricia-prado"}]}},"_links":{"self":[{"href":"https:\/\/redenoticiaz.com.br\/ribeiraopreto-regiao\/wp-json\/wp\/v2\/posts\/122945","targetHints":{"allow":["GET"]}}],"collection":[{"href":"https:\/\/redenoticiaz.com.br\/ribeiraopreto-regiao\/wp-json\/wp\/v2\/posts"}],"about":[{"href":"https:\/\/redenoticiaz.com.br\/ribeiraopreto-regiao\/wp-json\/wp\/v2\/types\/post"}],"author":[{"embeddable":true,"href":"https:\/\/redenoticiaz.com.br\/ribeiraopreto-regiao\/wp-json\/wp\/v2\/users\/5"}],"replies":[{"embeddable":true,"href":"https:\/\/redenoticiaz.com.br\/ribeiraopreto-regiao\/wp-json\/wp\/v2\/comments?post=122945"}],"version-history":[{"count":0,"href":"https:\/\/redenoticiaz.com.br\/ribeiraopreto-regiao\/wp-json\/wp\/v2\/posts\/122945\/revisions"}],"wp:featuredmedia":[{"embeddable":true,"href":"https:\/\/redenoticiaz.com.br\/ribeiraopreto-regiao\/wp-json\/wp\/v2\/media\/122946"}],"wp:attachment":[{"href":"https:\/\/redenoticiaz.com.br\/ribeiraopreto-regiao\/wp-json\/wp\/v2\/media?parent=122945"}],"wp:term":[{"taxonomy":"category","embeddable":true,"href":"https:\/\/redenoticiaz.com.br\/ribeiraopreto-regiao\/wp-json\/wp\/v2\/categories?post=122945"},{"taxonomy":"post_tag","embeddable":true,"href":"https:\/\/redenoticiaz.com.br\/ribeiraopreto-regiao\/wp-json\/wp\/v2\/tags?post=122945"}],"curies":[{"name":"wp","href":"https:\/\/api.w.org\/{rel}","templated":true}]}}