{"id":122947,"date":"2026-08-31T16:52:30","date_gmt":"2026-08-31T19:52:30","guid":{"rendered":"https:\/\/redenoticiaz.com.br\/ribeiraopreto-regiao\/sp\/2026\/08\/31\/governo-federal-destina-r-6-bilhoes-aos-correios-em-orcamento-de-2027"},"modified":"2026-08-31T16:52:30","modified_gmt":"2026-08-31T19:52:30","slug":"governo-federal-destina-r-6-bilhoes-aos-correios-em-orcamento-de-2027","status":"publish","type":"post","link":"https:\/\/redenoticiaz.com.br\/ribeiraopreto-regiao\/sp\/2026\/08\/31\/governo-federal-destina-r-6-bilhoes-aos-correios-em-orcamento-de-2027","title":{"rendered":"Governo federal destina R$ 6 bilh\u00f5es aos Correios em or\u00e7amento de 2027"},"content":{"rendered":"<p>O governo federal ir\u00e1 incluir um aporte de R$ 6 bilh\u00f5es para os Correios na Projetada Lei Or\u00e7ament\u00e1ria Anual (PLOA) de 2027, conforme um acordo de financiamento estabelecido no final de 2025 e o plano de reestrutura\u00e7\u00e3o da empresa. A proposta ser\u00e1 enviada ao Congresso Nacional nesta segunda-feira (31), ap\u00f3s a estatal reportar um preju\u00edzo l\u00edquido de R$ 2,4 bilh\u00f5es no segundo trimestre de 2026.<\/p>\n<p>A confirma\u00e7\u00e3o do aporte foi divulgada em uma nota conjunta dos Minist\u00e9rios das Comunica\u00e7\u00f5es, Gest\u00e3o e Inova\u00e7\u00e3o em Servi\u00e7os P\u00fablicos, e Planejamento e Or\u00e7amento. O valor est\u00e1 vinculado \u00e0s condi\u00e7\u00f5es do empr\u00e9stimo de R$ 12 bilh\u00f5es que os Correios firmaram com cinco institui\u00e7\u00f5es banc\u00e1rias em dezembro de 2025.<\/p>\n<p>O acordo estipula que a Uni\u00e3o deve injetar pelo menos R$ 6 bilh\u00f5es para auxiliar na implementa\u00e7\u00e3o do plano de reequil\u00edbrio da estatal. Embora o contrato exija que esses recursos estejam dispon\u00edveis at\u00e9 o final de 2027, o governo ter\u00e1 liberdade para determinar a forma e o tempo de sua libera\u00e7\u00e3o.<\/p>\n<p>Esse empr\u00e9stimo \u00e9 garantido pelo Tesouro Nacional, significando que, caso os Correios n\u00e3o cumpram suas obriga\u00e7\u00f5es financeiras, a Uni\u00e3o poder\u00e1 ser acionada para quitar a d\u00edvida com os credores.<\/p>\n<p>A inclus\u00e3o do valor na PLOA indica apenas uma previs\u00e3o or\u00e7ament\u00e1ria e n\u00e3o necessariamente a transfer\u00eancia integral do montante no in\u00edcio de 2027.<\/p>\n<p>Recentemente, os Correios divulgaram que seu preju\u00edzo l\u00edquido foi de R$ 2,4 bilh\u00f5es no segundo trimestre e de R$ 5,5 bilh\u00f5es no primeiro semestre de 2026. Embora tenha havido uma redu\u00e7\u00e3o em rela\u00e7\u00e3o ao mesmo per\u00edodo de 2025, o preju\u00edzo \u00e9 30% maior que o acumulado na primeira metade do ano anterior.<\/p>\n<p>Os detalhes financeiros incluem R$ 7,9 bilh\u00f5es em receitas no primeiro semestre, uma margem bruta de R$ 274,5 milh\u00f5es e uma diminui\u00e7\u00e3o de 4,2% nos gastos com pessoal, resultando em uma economia de R$ 233,7 milh\u00f5es. O Programa de Demiss\u00e3o Volunt\u00e1ria (PDV) resultou no desligamento de 6.545 empregados, sendo 2.767 na primeira metade de 2026.<\/p>\n<p>Os Correios enfrentam uma crise financeira com sucessivos preju\u00edzos, queda nas receitas e aumento nas despesas. O plano de reestrutura\u00e7\u00e3o anunciado em dezembro de 2025 busca melhorar o fluxo de caixa e recuperar o desempenho, incluindo medidas como a venda de im\u00f3veis ociosos e a renegocia\u00e7\u00e3o de contratos.<\/p>\n<p>Al\u00e9m do resultado adverso, o governo aponta uma melhora no perfil da d\u00edvida da estatal, que terminou o primeiro semestre sem empr\u00e9stimos no curto prazo e com a quita\u00e7\u00e3o de uma opera\u00e7\u00e3o considerada onerosa, al\u00e9m de ter ampliado o prazo de parte da d\u00edvida de 18 para 180 meses.<\/p>\n<p>A empresa tamb\u00e9m finalizou a capta\u00e7\u00e3o de R$ 12 bilh\u00f5es com garantia da Uni\u00e3o e est\u00e1 em negocia\u00e7\u00f5es para uma nova opera\u00e7\u00e3o de cr\u00e9dito de aproximadamente R$ 7 bilh\u00f5es, tamb\u00e9m com aval governamental. Os Correios afirmam que as tratativas est\u00e3o em est\u00e1gio avan\u00e7ado.<\/p>\n<p>Os custos operacionais foram reduzidos, com total de R$ 7,6 bilh\u00f5es no primeiro semestre, 14% abaixo do previsto or\u00e7ament\u00e1rio. Os gastos com pessoal ca\u00edram em parte devido ao PDV, enquanto o Ebitda, indicador de desempenho operacional, superou as expectativas em 18%, alcan\u00e7ando R$ 910 milh\u00f5es.<\/p>\n<p>O empr\u00e9stimo de R$ 12 bilh\u00f5es foi concedido por cinco institui\u00e7\u00f5es financeiras, com garantia da Uni\u00e3o, e o contrato prev\u00ea a\u00e7\u00f5es caso o aporte m\u00ednimo n\u00e3o seja realizado, podendo resultar na antecipa\u00e7\u00e3o do vencimento da d\u00edvida. Em maio, o Tribunal de Contas da Uni\u00e3o (TCU) orientou o governo a adotar medidas para assegurar que a obrigatoriedade seja cumprida no prazo estabelecido.<\/p>\n","protected":false},"excerpt":{"rendered":"<p>O governo federal ir\u00e1 incluir um aporte de R$ 6 bilh\u00f5es para os Correios na Projetada Lei Or\u00e7ament\u00e1ria Anual (PLOA) de 2027, conforme um acordo de financiamento estabelecido no final de 2025 e o plano de reestrutura\u00e7\u00e3o da empresa. A proposta ser\u00e1 enviada ao Congresso Nacional nesta segunda-feira (31), ap\u00f3s a estatal reportar um preju\u00edzo &hellip;<\/p>\n","protected":false},"author":5,"featured_media":122948,"comment_status":"open","ping_status":"closed","sticky":false,"template":"","format":"standard","meta":{"footnotes":""},"categories":[101,186],"tags":[],"class_list":["post-122947","post","type-post","status-publish","format-standard","has-post-thumbnail","hentry","category-economia","category-politica"],"yoast_head":"<!-- This site is optimized with the Yoast SEO plugin v28.3 - https:\/\/yoast.com\/product\/yoast-seo-wordpress\/ -->\n<title>Governo federal destina R$ 6 bilh\u00f5es aos Correios em or\u00e7amento de 2027 - Ribeir\u00e3o Preto e Regi\u00e3o<\/title>\n<meta name=\"robots\" content=\"index, follow, max-snippet:-1, max-image-preview:large, max-video-preview:-1\" \/>\n<link rel=\"canonical\" href=\"https:\/\/redenoticiaz.com.br\/ribeiraopreto-regiao\/sp\/2026\/08\/31\/governo-federal-destina-r-6-bilhoes-aos-correios-em-orcamento-de-2027\" \/>\n<meta property=\"og:locale\" content=\"pt_BR\" \/>\n<meta property=\"og:type\" content=\"article\" \/>\n<meta property=\"og:title\" content=\"Governo federal destina R$ 6 bilh\u00f5es aos Correios em or\u00e7amento de 2027 - Ribeir\u00e3o Preto e Regi\u00e3o\" \/>\n<meta property=\"og:description\" content=\"O governo federal ir\u00e1 incluir um aporte de R$ 6 bilh\u00f5es para os Correios na Projetada Lei Or\u00e7ament\u00e1ria Anual (PLOA) de 2027, conforme um acordo de financiamento estabelecido no final de 2025 e o plano de reestrutura\u00e7\u00e3o da empresa. A proposta ser\u00e1 enviada ao Congresso Nacional nesta segunda-feira (31), ap\u00f3s a estatal reportar um preju\u00edzo &hellip;\" \/>\n<meta property=\"og:url\" content=\"https:\/\/redenoticiaz.com.br\/ribeiraopreto-regiao\/sp\/2026\/08\/31\/governo-federal-destina-r-6-bilhoes-aos-correios-em-orcamento-de-2027\" \/>\n<meta property=\"og:site_name\" content=\"Ribeir\u00e3o Preto e Regi\u00e3o\" \/>\n<meta property=\"article:publisher\" content=\"https:\/\/m.facebook.com\/redenoticiaz.barretos\" \/>\n<meta property=\"article:published_time\" content=\"2026-08-31T19:52:30+00:00\" \/>\n<meta property=\"og:image\" content=\"https:\/\/redenoticiaz.com.br\/ribeiraopreto-regiao\/wp-content\/uploads\/sites\/4\/2022\/02\/logo.jpg\" \/>\n\t<meta property=\"og:image:width\" content=\"400\" \/>\n\t<meta property=\"og:image:height\" content=\"250\" \/>\n\t<meta property=\"og:image:type\" content=\"image\/jpeg\" \/>\n<meta name=\"author\" content=\"Patr\u00edcia Prado\" \/>\n<meta name=\"twitter:card\" content=\"summary_large_image\" \/>\n<meta name=\"twitter:creator\" content=\"@RN_barretos\" \/>\n<meta name=\"twitter:site\" content=\"@RN_barretos\" \/>\n<meta name=\"twitter:label1\" content=\"Escrito por\" \/>\n\t<meta name=\"twitter:data1\" content=\"Patr\u00edcia Prado\" \/>\n\t<meta name=\"twitter:label2\" content=\"Est. tempo de leitura\" \/>\n\t<meta name=\"twitter:data2\" content=\"3 minutos\" \/>\n<script type=\"application\/ld+json\" class=\"yoast-schema-graph\">{\"@context\":\"https:\\\/\\\/schema.org\",\"@graph\":[{\"@type\":\"Article\",\"@id\":\"https:\\\/\\\/redenoticiaz.com.br\\\/ribeiraopreto-regiao\\\/sp\\\/2026\\\/08\\\/31\\\/governo-federal-destina-r-6-bilhoes-aos-correios-em-orcamento-de-2027#article\",\"isPartOf\":{\"@id\":\"https:\\\/\\\/redenoticiaz.com.br\\\/ribeiraopreto-regiao\\\/sp\\\/2026\\\/08\\\/31\\\/governo-federal-destina-r-6-bilhoes-aos-correios-em-orcamento-de-2027\"},\"author\":{\"name\":\"Patr\u00edcia Prado\",\"@id\":\"https:\\\/\\\/redenoticiaz.com.br\\\/ribeiraopreto-regiao\\\/#\\\/schema\\\/person\\\/e1b0bd8c2637e2c1b6ddcbc2c33b116f\"},\"headline\":\"Governo federal destina R$ 6 bilh\u00f5es aos Correios em or\u00e7amento de 2027\",\"datePublished\":\"2026-08-31T19:52:30+00:00\",\"mainEntityOfPage\":{\"@id\":\"https:\\\/\\\/redenoticiaz.com.br\\\/ribeiraopreto-regiao\\\/sp\\\/2026\\\/08\\\/31\\\/governo-federal-destina-r-6-bilhoes-aos-correios-em-orcamento-de-2027\"},\"wordCount\":638,\"commentCount\":0,\"publisher\":{\"@id\":\"https:\\\/\\\/redenoticiaz.com.br\\\/ribeiraopreto-regiao\\\/#organization\"},\"image\":{\"@id\":\"https:\\\/\\\/redenoticiaz.com.br\\\/ribeiraopreto-regiao\\\/sp\\\/2026\\\/08\\\/31\\\/governo-federal-destina-r-6-bilhoes-aos-correios-em-orcamento-de-2027#primaryimage\"},\"thumbnailUrl\":\"https:\\\/\\\/redenoticiaz.com.br\\\/ribeiraopreto-regiao\\\/wp-content\\\/uploads\\\/sites\\\/4\\\/2026\\\/08\\\/pzzb6151.jpg\",\"articleSection\":[\"Economia\",\"Pol\u00edtica\"],\"inLanguage\":\"pt-BR\",\"potentialAction\":[{\"@type\":\"CommentAction\",\"name\":\"Comment\",\"target\":[\"https:\\\/\\\/redenoticiaz.com.br\\\/ribeiraopreto-regiao\\\/sp\\\/2026\\\/08\\\/31\\\/governo-federal-destina-r-6-bilhoes-aos-correios-em-orcamento-de-2027#respond\"]}]},{\"@type\":\"WebPage\",\"@id\":\"https:\\\/\\\/redenoticiaz.com.br\\\/ribeiraopreto-regiao\\\/sp\\\/2026\\\/08\\\/31\\\/governo-federal-destina-r-6-bilhoes-aos-correios-em-orcamento-de-2027\",\"url\":\"https:\\\/\\\/redenoticiaz.com.br\\\/ribeiraopreto-regiao\\\/sp\\\/2026\\\/08\\\/31\\\/governo-federal-destina-r-6-bilhoes-aos-correios-em-orcamento-de-2027\",\"name\":\"Governo federal destina R$ 6 bilh\u00f5es aos Correios em or\u00e7amento de 2027 - Ribeir\u00e3o Preto e Regi\u00e3o\",\"isPartOf\":{\"@id\":\"https:\\\/\\\/redenoticiaz.com.br\\\/ribeiraopreto-regiao\\\/#website\"},\"primaryImageOfPage\":{\"@id\":\"https:\\\/\\\/redenoticiaz.com.br\\\/ribeiraopreto-regiao\\\/sp\\\/2026\\\/08\\\/31\\\/governo-federal-destina-r-6-bilhoes-aos-correios-em-orcamento-de-2027#primaryimage\"},\"image\":{\"@id\":\"https:\\\/\\\/redenoticiaz.com.br\\\/ribeiraopreto-regiao\\\/sp\\\/2026\\\/08\\\/31\\\/governo-federal-destina-r-6-bilhoes-aos-correios-em-orcamento-de-2027#primaryimage\"},\"thumbnailUrl\":\"https:\\\/\\\/redenoticiaz.com.br\\\/ribeiraopreto-regiao\\\/wp-content\\\/uploads\\\/sites\\\/4\\\/2026\\\/08\\\/pzzb6151.jpg\",\"datePublished\":\"2026-08-31T19:52:30+00:00\",\"inLanguage\":\"pt-BR\",\"potentialAction\":[{\"@type\":\"ReadAction\",\"target\":[\"https:\\\/\\\/redenoticiaz.com.br\\\/ribeiraopreto-regiao\\\/sp\\\/2026\\\/08\\\/31\\\/governo-federal-destina-r-6-bilhoes-aos-correios-em-orcamento-de-2027\"]}]},{\"@type\":\"ImageObject\",\"inLanguage\":\"pt-BR\",\"@id\":\"https:\\\/\\\/redenoticiaz.com.br\\\/ribeiraopreto-regiao\\\/sp\\\/2026\\\/08\\\/31\\\/governo-federal-destina-r-6-bilhoes-aos-correios-em-orcamento-de-2027#primaryimage\",\"url\":\"https:\\\/\\\/redenoticiaz.com.br\\\/ribeiraopreto-regiao\\\/wp-content\\\/uploads\\\/sites\\\/4\\\/2026\\\/08\\\/pzzb6151.jpg\",\"contentUrl\":\"https:\\\/\\\/redenoticiaz.com.br\\\/ribeiraopreto-regiao\\\/wp-content\\\/uploads\\\/sites\\\/4\\\/2026\\\/08\\\/pzzb6151.jpg\",\"width\":1600,\"height\":800},{\"@type\":\"WebSite\",\"@id\":\"https:\\\/\\\/redenoticiaz.com.br\\\/ribeiraopreto-regiao\\\/#website\",\"url\":\"https:\\\/\\\/redenoticiaz.com.br\\\/ribeiraopreto-regiao\\\/\",\"name\":\"Ribeir\u00e3o Preto e Regi\u00e3o\",\"description\":\"Rede NoticiaZ - Ribeir\u00e3o Preto e regi\u00e3o\",\"publisher\":{\"@id\":\"https:\\\/\\\/redenoticiaz.com.br\\\/ribeiraopreto-regiao\\\/#organization\"},\"potentialAction\":[{\"@type\":\"SearchAction\",\"target\":{\"@type\":\"EntryPoint\",\"urlTemplate\":\"https:\\\/\\\/redenoticiaz.com.br\\\/ribeiraopreto-regiao\\\/?s={search_term_string}\"},\"query-input\":{\"@type\":\"PropertyValueSpecification\",\"valueRequired\":true,\"valueName\":\"search_term_string\"}}],\"inLanguage\":\"pt-BR\"},{\"@type\":\"Organization\",\"@id\":\"https:\\\/\\\/redenoticiaz.com.br\\\/ribeiraopreto-regiao\\\/#organization\",\"name\":\"Ribeir\u00e3o Preto e Regi\u00e3o\",\"url\":\"https:\\\/\\\/redenoticiaz.com.br\\\/ribeiraopreto-regiao\\\/\",\"logo\":{\"@type\":\"ImageObject\",\"inLanguage\":\"pt-BR\",\"@id\":\"https:\\\/\\\/redenoticiaz.com.br\\\/ribeiraopreto-regiao\\\/#\\\/schema\\\/logo\\\/image\\\/\",\"url\":\"https:\\\/\\\/redenoticiaz.com.br\\\/barretos-regiao\\\/wp-content\\\/uploads\\\/sites\\\/4\\\/2022\\\/02\\\/logo.jpg\",\"contentUrl\":\"https:\\\/\\\/redenoticiaz.com.br\\\/barretos-regiao\\\/wp-content\\\/uploads\\\/sites\\\/4\\\/2022\\\/02\\\/logo.jpg\",\"width\":400,\"height\":250,\"caption\":\"Ribeir\u00e3o Preto e Regi\u00e3o\"},\"image\":{\"@id\":\"https:\\\/\\\/redenoticiaz.com.br\\\/ribeiraopreto-regiao\\\/#\\\/schema\\\/logo\\\/image\\\/\"},\"sameAs\":[\"https:\\\/\\\/m.facebook.com\\\/redenoticiaz.barretos\",\"https:\\\/\\\/x.com\\\/RN_barretos\",\"https:\\\/\\\/www.instagram.com\\\/redenoticiaz.barretos\\\/?igshid=YmMyMTA2M2Y\",\"https:\\\/\\\/www.linkedin.com\\\/company\\\/rede-noticiaz-barretos-e-regio\\\/\"]},{\"@type\":\"Person\",\"@id\":\"https:\\\/\\\/redenoticiaz.com.br\\\/ribeiraopreto-regiao\\\/#\\\/schema\\\/person\\\/e1b0bd8c2637e2c1b6ddcbc2c33b116f\",\"name\":\"Patr\u00edcia Prado\",\"image\":{\"@type\":\"ImageObject\",\"inLanguage\":\"pt-BR\",\"@id\":\"https:\\\/\\\/secure.gravatar.com\\\/avatar\\\/92e358bef22cfcec15e054ae4d9fee04dadf0c772dc4a17b382b8a34a15354c2?s=96&d=mm&r=g\",\"url\":\"https:\\\/\\\/secure.gravatar.com\\\/avatar\\\/92e358bef22cfcec15e054ae4d9fee04dadf0c772dc4a17b382b8a34a15354c2?s=96&d=mm&r=g\",\"contentUrl\":\"https:\\\/\\\/secure.gravatar.com\\\/avatar\\\/92e358bef22cfcec15e054ae4d9fee04dadf0c772dc4a17b382b8a34a15354c2?s=96&d=mm&r=g\",\"caption\":\"Patr\u00edcia Prado\"},\"url\":\"https:\\\/\\\/redenoticiaz.com.br\\\/ribeiraopreto-regiao\\\/sp\\\/author\\\/patricia-prado\"}]}<\/script>\n<!-- \/ Yoast SEO plugin. -->","yoast_head_json":{"title":"Governo federal destina R$ 6 bilh\u00f5es aos Correios em or\u00e7amento de 2027 - Ribeir\u00e3o Preto e Regi\u00e3o","robots":{"index":"index","follow":"follow","max-snippet":"max-snippet:-1","max-image-preview":"max-image-preview:large","max-video-preview":"max-video-preview:-1"},"canonical":"https:\/\/redenoticiaz.com.br\/ribeiraopreto-regiao\/sp\/2026\/08\/31\/governo-federal-destina-r-6-bilhoes-aos-correios-em-orcamento-de-2027","og_locale":"pt_BR","og_type":"article","og_title":"Governo federal destina R$ 6 bilh\u00f5es aos Correios em or\u00e7amento de 2027 - Ribeir\u00e3o Preto e Regi\u00e3o","og_description":"O governo federal ir\u00e1 incluir um aporte de R$ 6 bilh\u00f5es para os Correios na Projetada Lei Or\u00e7ament\u00e1ria Anual (PLOA) de 2027, conforme um acordo de financiamento estabelecido no final de 2025 e o plano de reestrutura\u00e7\u00e3o da empresa. A proposta ser\u00e1 enviada ao Congresso Nacional nesta segunda-feira (31), ap\u00f3s a estatal reportar um preju\u00edzo &hellip;","og_url":"https:\/\/redenoticiaz.com.br\/ribeiraopreto-regiao\/sp\/2026\/08\/31\/governo-federal-destina-r-6-bilhoes-aos-correios-em-orcamento-de-2027","og_site_name":"Ribeir\u00e3o Preto e Regi\u00e3o","article_publisher":"https:\/\/m.facebook.com\/redenoticiaz.barretos","article_published_time":"2026-08-31T19:52:30+00:00","og_image":[{"width":400,"height":250,"url":"https:\/\/redenoticiaz.com.br\/ribeiraopreto-regiao\/wp-content\/uploads\/sites\/4\/2022\/02\/logo.jpg","type":"image\/jpeg"}],"author":"Patr\u00edcia Prado","twitter_card":"summary_large_image","twitter_creator":"@RN_barretos","twitter_site":"@RN_barretos","twitter_misc":{"Escrito por":"Patr\u00edcia Prado","Est. tempo de leitura":"3 minutos"},"schema":{"@context":"https:\/\/schema.org","@graph":[{"@type":"Article","@id":"https:\/\/redenoticiaz.com.br\/ribeiraopreto-regiao\/sp\/2026\/08\/31\/governo-federal-destina-r-6-bilhoes-aos-correios-em-orcamento-de-2027#article","isPartOf":{"@id":"https:\/\/redenoticiaz.com.br\/ribeiraopreto-regiao\/sp\/2026\/08\/31\/governo-federal-destina-r-6-bilhoes-aos-correios-em-orcamento-de-2027"},"author":{"name":"Patr\u00edcia Prado","@id":"https:\/\/redenoticiaz.com.br\/ribeiraopreto-regiao\/#\/schema\/person\/e1b0bd8c2637e2c1b6ddcbc2c33b116f"},"headline":"Governo federal destina R$ 6 bilh\u00f5es aos Correios em or\u00e7amento de 2027","datePublished":"2026-08-31T19:52:30+00:00","mainEntityOfPage":{"@id":"https:\/\/redenoticiaz.com.br\/ribeiraopreto-regiao\/sp\/2026\/08\/31\/governo-federal-destina-r-6-bilhoes-aos-correios-em-orcamento-de-2027"},"wordCount":638,"commentCount":0,"publisher":{"@id":"https:\/\/redenoticiaz.com.br\/ribeiraopreto-regiao\/#organization"},"image":{"@id":"https:\/\/redenoticiaz.com.br\/ribeiraopreto-regiao\/sp\/2026\/08\/31\/governo-federal-destina-r-6-bilhoes-aos-correios-em-orcamento-de-2027#primaryimage"},"thumbnailUrl":"https:\/\/redenoticiaz.com.br\/ribeiraopreto-regiao\/wp-content\/uploads\/sites\/4\/2026\/08\/pzzb6151.jpg","articleSection":["Economia","Pol\u00edtica"],"inLanguage":"pt-BR","potentialAction":[{"@type":"CommentAction","name":"Comment","target":["https:\/\/redenoticiaz.com.br\/ribeiraopreto-regiao\/sp\/2026\/08\/31\/governo-federal-destina-r-6-bilhoes-aos-correios-em-orcamento-de-2027#respond"]}]},{"@type":"WebPage","@id":"https:\/\/redenoticiaz.com.br\/ribeiraopreto-regiao\/sp\/2026\/08\/31\/governo-federal-destina-r-6-bilhoes-aos-correios-em-orcamento-de-2027","url":"https:\/\/redenoticiaz.com.br\/ribeiraopreto-regiao\/sp\/2026\/08\/31\/governo-federal-destina-r-6-bilhoes-aos-correios-em-orcamento-de-2027","name":"Governo federal destina R$ 6 bilh\u00f5es aos Correios em or\u00e7amento de 2027 - Ribeir\u00e3o Preto e Regi\u00e3o","isPartOf":{"@id":"https:\/\/redenoticiaz.com.br\/ribeiraopreto-regiao\/#website"},"primaryImageOfPage":{"@id":"https:\/\/redenoticiaz.com.br\/ribeiraopreto-regiao\/sp\/2026\/08\/31\/governo-federal-destina-r-6-bilhoes-aos-correios-em-orcamento-de-2027#primaryimage"},"image":{"@id":"https:\/\/redenoticiaz.com.br\/ribeiraopreto-regiao\/sp\/2026\/08\/31\/governo-federal-destina-r-6-bilhoes-aos-correios-em-orcamento-de-2027#primaryimage"},"thumbnailUrl":"https:\/\/redenoticiaz.com.br\/ribeiraopreto-regiao\/wp-content\/uploads\/sites\/4\/2026\/08\/pzzb6151.jpg","datePublished":"2026-08-31T19:52:30+00:00","inLanguage":"pt-BR","potentialAction":[{"@type":"ReadAction","target":["https:\/\/redenoticiaz.com.br\/ribeiraopreto-regiao\/sp\/2026\/08\/31\/governo-federal-destina-r-6-bilhoes-aos-correios-em-orcamento-de-2027"]}]},{"@type":"ImageObject","inLanguage":"pt-BR","@id":"https:\/\/redenoticiaz.com.br\/ribeiraopreto-regiao\/sp\/2026\/08\/31\/governo-federal-destina-r-6-bilhoes-aos-correios-em-orcamento-de-2027#primaryimage","url":"https:\/\/redenoticiaz.com.br\/ribeiraopreto-regiao\/wp-content\/uploads\/sites\/4\/2026\/08\/pzzb6151.jpg","contentUrl":"https:\/\/redenoticiaz.com.br\/ribeiraopreto-regiao\/wp-content\/uploads\/sites\/4\/2026\/08\/pzzb6151.jpg","width":1600,"height":800},{"@type":"WebSite","@id":"https:\/\/redenoticiaz.com.br\/ribeiraopreto-regiao\/#website","url":"https:\/\/redenoticiaz.com.br\/ribeiraopreto-regiao\/","name":"Ribeir\u00e3o Preto e Regi\u00e3o","description":"Rede NoticiaZ - Ribeir\u00e3o Preto e regi\u00e3o","publisher":{"@id":"https:\/\/redenoticiaz.com.br\/ribeiraopreto-regiao\/#organization"},"potentialAction":[{"@type":"SearchAction","target":{"@type":"EntryPoint","urlTemplate":"https:\/\/redenoticiaz.com.br\/ribeiraopreto-regiao\/?s={search_term_string}"},"query-input":{"@type":"PropertyValueSpecification","valueRequired":true,"valueName":"search_term_string"}}],"inLanguage":"pt-BR"},{"@type":"Organization","@id":"https:\/\/redenoticiaz.com.br\/ribeiraopreto-regiao\/#organization","name":"Ribeir\u00e3o Preto e Regi\u00e3o","url":"https:\/\/redenoticiaz.com.br\/ribeiraopreto-regiao\/","logo":{"@type":"ImageObject","inLanguage":"pt-BR","@id":"https:\/\/redenoticiaz.com.br\/ribeiraopreto-regiao\/#\/schema\/logo\/image\/","url":"https:\/\/redenoticiaz.com.br\/barretos-regiao\/wp-content\/uploads\/sites\/4\/2022\/02\/logo.jpg","contentUrl":"https:\/\/redenoticiaz.com.br\/barretos-regiao\/wp-content\/uploads\/sites\/4\/2022\/02\/logo.jpg","width":400,"height":250,"caption":"Ribeir\u00e3o Preto e Regi\u00e3o"},"image":{"@id":"https:\/\/redenoticiaz.com.br\/ribeiraopreto-regiao\/#\/schema\/logo\/image\/"},"sameAs":["https:\/\/m.facebook.com\/redenoticiaz.barretos","https:\/\/x.com\/RN_barretos","https:\/\/www.instagram.com\/redenoticiaz.barretos\/?igshid=YmMyMTA2M2Y","https:\/\/www.linkedin.com\/company\/rede-noticiaz-barretos-e-regio\/"]},{"@type":"Person","@id":"https:\/\/redenoticiaz.com.br\/ribeiraopreto-regiao\/#\/schema\/person\/e1b0bd8c2637e2c1b6ddcbc2c33b116f","name":"Patr\u00edcia Prado","image":{"@type":"ImageObject","inLanguage":"pt-BR","@id":"https:\/\/secure.gravatar.com\/avatar\/92e358bef22cfcec15e054ae4d9fee04dadf0c772dc4a17b382b8a34a15354c2?s=96&d=mm&r=g","url":"https:\/\/secure.gravatar.com\/avatar\/92e358bef22cfcec15e054ae4d9fee04dadf0c772dc4a17b382b8a34a15354c2?s=96&d=mm&r=g","contentUrl":"https:\/\/secure.gravatar.com\/avatar\/92e358bef22cfcec15e054ae4d9fee04dadf0c772dc4a17b382b8a34a15354c2?s=96&d=mm&r=g","caption":"Patr\u00edcia Prado"},"url":"https:\/\/redenoticiaz.com.br\/ribeiraopreto-regiao\/sp\/author\/patricia-prado"}]}},"_links":{"self":[{"href":"https:\/\/redenoticiaz.com.br\/ribeiraopreto-regiao\/wp-json\/wp\/v2\/posts\/122947","targetHints":{"allow":["GET"]}}],"collection":[{"href":"https:\/\/redenoticiaz.com.br\/ribeiraopreto-regiao\/wp-json\/wp\/v2\/posts"}],"about":[{"href":"https:\/\/redenoticiaz.com.br\/ribeiraopreto-regiao\/wp-json\/wp\/v2\/types\/post"}],"author":[{"embeddable":true,"href":"https:\/\/redenoticiaz.com.br\/ribeiraopreto-regiao\/wp-json\/wp\/v2\/users\/5"}],"replies":[{"embeddable":true,"href":"https:\/\/redenoticiaz.com.br\/ribeiraopreto-regiao\/wp-json\/wp\/v2\/comments?post=122947"}],"version-history":[{"count":0,"href":"https:\/\/redenoticiaz.com.br\/ribeiraopreto-regiao\/wp-json\/wp\/v2\/posts\/122947\/revisions"}],"wp:featuredmedia":[{"embeddable":true,"href":"https:\/\/redenoticiaz.com.br\/ribeiraopreto-regiao\/wp-json\/wp\/v2\/media\/122948"}],"wp:attachment":[{"href":"https:\/\/redenoticiaz.com.br\/ribeiraopreto-regiao\/wp-json\/wp\/v2\/media?parent=122947"}],"wp:term":[{"taxonomy":"category","embeddable":true,"href":"https:\/\/redenoticiaz.com.br\/ribeiraopreto-regiao\/wp-json\/wp\/v2\/categories?post=122947"},{"taxonomy":"post_tag","embeddable":true,"href":"https:\/\/redenoticiaz.com.br\/ribeiraopreto-regiao\/wp-json\/wp\/v2\/tags?post=122947"}],"curies":[{"name":"wp","href":"https:\/\/api.w.org\/{rel}","templated":true}]}}