{"id":122957,"date":"2026-08-31T19:27:01","date_gmt":"2026-08-31T22:27:01","guid":{"rendered":"https:\/\/redenoticiaz.com.br\/ribeiraopreto-regiao\/sp\/2026\/08\/31\/orcamento-de-2027-preve-superavit-primario-de-r-834-bilhoes"},"modified":"2026-08-31T19:27:01","modified_gmt":"2026-08-31T22:27:01","slug":"orcamento-de-2027-preve-superavit-primario-de-r-834-bilhoes","status":"publish","type":"post","link":"https:\/\/redenoticiaz.com.br\/ribeiraopreto-regiao\/sp\/2026\/08\/31\/orcamento-de-2027-preve-superavit-primario-de-r-834-bilhoes","title":{"rendered":"Or\u00e7amento de 2027 prev\u00ea super\u00e1vit prim\u00e1rio de R$ 83,4 bilh\u00f5es"},"content":{"rendered":"<p>O projeto do Or\u00e7amento de 2027, enviado ao Congresso Nacional nesta segunda-feira (31), prev\u00ea um super\u00e1vit prim\u00e1rio de R$ 83,4 bilh\u00f5es, superando em R$ 10 bilh\u00f5es a meta de R$ 73,2 bilh\u00f5es, equivalente a 0,5% do Produto Interno Bruto (PIB) do Brasil. Entretanto, ao considerar gastos fora do arcabou\u00e7o fiscal, a estimativa para o pr\u00f3ximo ano \u00e9 de um super\u00e1vit de apenas R$ 18,6 bilh\u00f5es.<\/p>\n<p>O ministro do Planejamento e Or\u00e7amento, Bruno Moretti, afirmou: &#8220;Uma das nossas mensagens centrais \u00e9 que, no pr\u00f3ximo ano, teremos um Or\u00e7amento equilibrado.&#8221; O super\u00e1vit prim\u00e1rio \u00e9 a diferen\u00e7a entre as receitas e despesas do governo, desconsiderando os juros da d\u00edvida p\u00fablica.<\/p>\n<p>O arcabou\u00e7o fiscal em vigor desde 2023 permite uma margem de toler\u00e2ncia de 0,25 ponto percentual do PIB para o super\u00e1vit, o que significa que o governo pode encerrar o ano com um super\u00e1vit de at\u00e9 0,25% do PIB sem violar a meta estabelecida.<\/p>\n<p>Para 2027, as receitas totais l\u00edquidas s\u00e3o estimadas em R$ 2,849 trilh\u00f5es, ou 19,27% do PIB, excluindo transfer\u00eancias obrigat\u00f3rias a estados e munic\u00edpios. As despesas totais devem somar R$ 2,83 trilh\u00f5es (19,14% do PIB), considerando apenas o Governo Central, que abrange o Tesouro Nacional, a Previd\u00eancia Social e o Banco Central. Diante desse cen\u00e1rio, o governo determina um super\u00e1vit prim\u00e1rio efetivo de R$ 18,6 bilh\u00f5es, correspondente a 0,13% do PIB.<\/p>\n<p>A inclus\u00e3o da exclus\u00e3o de R$ 64,8 bilh\u00f5es em gastos que n\u00e3o devem ser considerados na meta fiscal melhora a perspectiva, elevando a estimativa de super\u00e1vit para R$ 83,4 bilh\u00f5es. A decis\u00e3o \u00e9 resultado de um acordo com o Supremo Tribunal Federal no final de 2023, que retirou os gastos com precat\u00f3rios do c\u00e1lculo da meta de resultado prim\u00e1rio. Leis sancionadas nos \u00faltimos anos tamb\u00e9m isentam certas despesas com sa\u00fade, educa\u00e7\u00e3o e defesa das metas fiscais.<\/p>\n<p>Durante a coletiva de imprensa, Moretti destacou que os &#8220;gatilhos&#8221; do arcabou\u00e7o fiscal ajudam a controlar o crescimento das despesas obrigat\u00f3rias, resultando em uma folga or\u00e7ament\u00e1ria em rela\u00e7\u00e3o \u00e0s metas. Um dos dispositivos limita o crescimento dos gastos com servidores p\u00fablicos a 0,6% acima da infla\u00e7\u00e3o, com exce\u00e7\u00e3o dos gastos relacionados a senten\u00e7as judiciais, o que dever\u00e1 gerar uma economia de cerca de R$ 9 bilh\u00f5es no pr\u00f3ximo ano.<\/p>\n<p>Outro gatilho, institu\u00eddo pelo artigo 14 do arcabou\u00e7o fiscal, restringe o crescimento de gastos vinculados, como os do Fundo Nacional de Desenvolvimento Cient\u00edfico e Tecnol\u00f3gico (FNDCT), a um aumento de 2,5% acima da infla\u00e7\u00e3o. O Minist\u00e9rio do Planejamento e Or\u00e7amento anunciou que os limites previstos nesse artigo devem proporcionar uma economia adicional de R$ 8,9 bilh\u00f5es.<\/p>\n<p>Em 2027, um novo gatilho entrar\u00e1 em vigor, que pro\u00edbe a cria\u00e7\u00e3o ou amplia\u00e7\u00e3o de benef\u00edcios fiscais em raz\u00e3o do d\u00e9ficit fiscal registrado em 2025. No entanto, o ministro n\u00e3o apresentou uma estimativa de economia relacionada a essa medida.<\/p>\n","protected":false},"excerpt":{"rendered":"<p>O projeto do Or\u00e7amento de 2027, enviado ao Congresso Nacional nesta segunda-feira (31), prev\u00ea um super\u00e1vit prim\u00e1rio de R$ 83,4 bilh\u00f5es, superando em R$ 10 bilh\u00f5es a meta de R$ 73,2 bilh\u00f5es, equivalente a 0,5% do Produto Interno Bruto (PIB) do Brasil. Entretanto, ao considerar gastos fora do arcabou\u00e7o fiscal, a estimativa para o pr\u00f3ximo &hellip;<\/p>\n","protected":false},"author":5,"featured_media":122958,"comment_status":"open","ping_status":"closed","sticky":false,"template":"","format":"standard","meta":{"footnotes":""},"categories":[101,820,683,186,129],"tags":[],"class_list":["post-122957","post","type-post","status-publish","format-standard","has-post-thumbnail","hentry","category-economia","category-educacao","category-justica","category-politica","category-saude"],"yoast_head":"<!-- This site is optimized with the Yoast SEO plugin v28.3 - https:\/\/yoast.com\/product\/yoast-seo-wordpress\/ -->\n<title>Or\u00e7amento de 2027 prev\u00ea super\u00e1vit prim\u00e1rio de R$ 83,4 bilh\u00f5es - Ribeir\u00e3o Preto e Regi\u00e3o<\/title>\n<meta name=\"robots\" content=\"index, follow, max-snippet:-1, max-image-preview:large, max-video-preview:-1\" \/>\n<link rel=\"canonical\" href=\"https:\/\/redenoticiaz.com.br\/ribeiraopreto-regiao\/sp\/2026\/08\/31\/orcamento-de-2027-preve-superavit-primario-de-r-834-bilhoes\" \/>\n<meta property=\"og:locale\" content=\"pt_BR\" \/>\n<meta property=\"og:type\" content=\"article\" \/>\n<meta property=\"og:title\" content=\"Or\u00e7amento de 2027 prev\u00ea super\u00e1vit prim\u00e1rio de R$ 83,4 bilh\u00f5es - Ribeir\u00e3o Preto e Regi\u00e3o\" \/>\n<meta property=\"og:description\" content=\"O projeto do Or\u00e7amento de 2027, enviado ao Congresso Nacional nesta segunda-feira (31), prev\u00ea um super\u00e1vit prim\u00e1rio de R$ 83,4 bilh\u00f5es, superando em R$ 10 bilh\u00f5es a meta de R$ 73,2 bilh\u00f5es, equivalente a 0,5% do Produto Interno Bruto (PIB) do Brasil. Entretanto, ao considerar gastos fora do arcabou\u00e7o fiscal, a estimativa para o pr\u00f3ximo &hellip;\" \/>\n<meta property=\"og:url\" content=\"https:\/\/redenoticiaz.com.br\/ribeiraopreto-regiao\/sp\/2026\/08\/31\/orcamento-de-2027-preve-superavit-primario-de-r-834-bilhoes\" \/>\n<meta property=\"og:site_name\" content=\"Ribeir\u00e3o Preto e Regi\u00e3o\" \/>\n<meta property=\"article:publisher\" content=\"https:\/\/m.facebook.com\/redenoticiaz.barretos\" \/>\n<meta property=\"article:published_time\" content=\"2026-08-31T22:27:01+00:00\" \/>\n<meta property=\"og:image\" content=\"https:\/\/redenoticiaz.com.br\/ribeiraopreto-regiao\/wp-content\/uploads\/sites\/4\/2022\/02\/logo.jpg\" \/>\n\t<meta property=\"og:image:width\" content=\"400\" \/>\n\t<meta property=\"og:image:height\" content=\"250\" \/>\n\t<meta property=\"og:image:type\" content=\"image\/jpeg\" \/>\n<meta name=\"author\" content=\"Patr\u00edcia Prado\" \/>\n<meta name=\"twitter:card\" content=\"summary_large_image\" \/>\n<meta name=\"twitter:creator\" content=\"@RN_barretos\" \/>\n<meta name=\"twitter:site\" content=\"@RN_barretos\" \/>\n<meta name=\"twitter:label1\" content=\"Escrito por\" \/>\n\t<meta name=\"twitter:data1\" content=\"Patr\u00edcia Prado\" \/>\n\t<meta name=\"twitter:label2\" content=\"Est. tempo de leitura\" \/>\n\t<meta name=\"twitter:data2\" content=\"3 minutos\" \/>\n<script type=\"application\/ld+json\" class=\"yoast-schema-graph\">{\"@context\":\"https:\\\/\\\/schema.org\",\"@graph\":[{\"@type\":\"Article\",\"@id\":\"https:\\\/\\\/redenoticiaz.com.br\\\/ribeiraopreto-regiao\\\/sp\\\/2026\\\/08\\\/31\\\/orcamento-de-2027-preve-superavit-primario-de-r-834-bilhoes#article\",\"isPartOf\":{\"@id\":\"https:\\\/\\\/redenoticiaz.com.br\\\/ribeiraopreto-regiao\\\/sp\\\/2026\\\/08\\\/31\\\/orcamento-de-2027-preve-superavit-primario-de-r-834-bilhoes\"},\"author\":{\"name\":\"Patr\u00edcia Prado\",\"@id\":\"https:\\\/\\\/redenoticiaz.com.br\\\/ribeiraopreto-regiao\\\/#\\\/schema\\\/person\\\/e1b0bd8c2637e2c1b6ddcbc2c33b116f\"},\"headline\":\"Or\u00e7amento de 2027 prev\u00ea super\u00e1vit prim\u00e1rio de R$ 83,4 bilh\u00f5es\",\"datePublished\":\"2026-08-31T22:27:01+00:00\",\"mainEntityOfPage\":{\"@id\":\"https:\\\/\\\/redenoticiaz.com.br\\\/ribeiraopreto-regiao\\\/sp\\\/2026\\\/08\\\/31\\\/orcamento-de-2027-preve-superavit-primario-de-r-834-bilhoes\"},\"wordCount\":515,\"commentCount\":0,\"publisher\":{\"@id\":\"https:\\\/\\\/redenoticiaz.com.br\\\/ribeiraopreto-regiao\\\/#organization\"},\"image\":{\"@id\":\"https:\\\/\\\/redenoticiaz.com.br\\\/ribeiraopreto-regiao\\\/sp\\\/2026\\\/08\\\/31\\\/orcamento-de-2027-preve-superavit-primario-de-r-834-bilhoes#primaryimage\"},\"thumbnailUrl\":\"https:\\\/\\\/redenoticiaz.com.br\\\/ribeiraopreto-regiao\\\/wp-content\\\/uploads\\\/sites\\\/4\\\/2026\\\/08\\\/1788215222_img_7609_1.jpg\",\"articleSection\":[\"Economia\",\"Educa\u00e7\u00e3o\",\"Justi\u00e7a\",\"Pol\u00edtica\",\"Sa\u00fade\"],\"inLanguage\":\"pt-BR\",\"potentialAction\":[{\"@type\":\"CommentAction\",\"name\":\"Comment\",\"target\":[\"https:\\\/\\\/redenoticiaz.com.br\\\/ribeiraopreto-regiao\\\/sp\\\/2026\\\/08\\\/31\\\/orcamento-de-2027-preve-superavit-primario-de-r-834-bilhoes#respond\"]}]},{\"@type\":\"WebPage\",\"@id\":\"https:\\\/\\\/redenoticiaz.com.br\\\/ribeiraopreto-regiao\\\/sp\\\/2026\\\/08\\\/31\\\/orcamento-de-2027-preve-superavit-primario-de-r-834-bilhoes\",\"url\":\"https:\\\/\\\/redenoticiaz.com.br\\\/ribeiraopreto-regiao\\\/sp\\\/2026\\\/08\\\/31\\\/orcamento-de-2027-preve-superavit-primario-de-r-834-bilhoes\",\"name\":\"Or\u00e7amento de 2027 prev\u00ea super\u00e1vit prim\u00e1rio de R$ 83,4 bilh\u00f5es - Ribeir\u00e3o Preto e Regi\u00e3o\",\"isPartOf\":{\"@id\":\"https:\\\/\\\/redenoticiaz.com.br\\\/ribeiraopreto-regiao\\\/#website\"},\"primaryImageOfPage\":{\"@id\":\"https:\\\/\\\/redenoticiaz.com.br\\\/ribeiraopreto-regiao\\\/sp\\\/2026\\\/08\\\/31\\\/orcamento-de-2027-preve-superavit-primario-de-r-834-bilhoes#primaryimage\"},\"image\":{\"@id\":\"https:\\\/\\\/redenoticiaz.com.br\\\/ribeiraopreto-regiao\\\/sp\\\/2026\\\/08\\\/31\\\/orcamento-de-2027-preve-superavit-primario-de-r-834-bilhoes#primaryimage\"},\"thumbnailUrl\":\"https:\\\/\\\/redenoticiaz.com.br\\\/ribeiraopreto-regiao\\\/wp-content\\\/uploads\\\/sites\\\/4\\\/2026\\\/08\\\/1788215222_img_7609_1.jpg\",\"datePublished\":\"2026-08-31T22:27:01+00:00\",\"inLanguage\":\"pt-BR\",\"potentialAction\":[{\"@type\":\"ReadAction\",\"target\":[\"https:\\\/\\\/redenoticiaz.com.br\\\/ribeiraopreto-regiao\\\/sp\\\/2026\\\/08\\\/31\\\/orcamento-de-2027-preve-superavit-primario-de-r-834-bilhoes\"]}]},{\"@type\":\"ImageObject\",\"inLanguage\":\"pt-BR\",\"@id\":\"https:\\\/\\\/redenoticiaz.com.br\\\/ribeiraopreto-regiao\\\/sp\\\/2026\\\/08\\\/31\\\/orcamento-de-2027-preve-superavit-primario-de-r-834-bilhoes#primaryimage\",\"url\":\"https:\\\/\\\/redenoticiaz.com.br\\\/ribeiraopreto-regiao\\\/wp-content\\\/uploads\\\/sites\\\/4\\\/2026\\\/08\\\/1788215222_img_7609_1.jpg\",\"contentUrl\":\"https:\\\/\\\/redenoticiaz.com.br\\\/ribeiraopreto-regiao\\\/wp-content\\\/uploads\\\/sites\\\/4\\\/2026\\\/08\\\/1788215222_img_7609_1.jpg\",\"width\":1600,\"height\":800},{\"@type\":\"WebSite\",\"@id\":\"https:\\\/\\\/redenoticiaz.com.br\\\/ribeiraopreto-regiao\\\/#website\",\"url\":\"https:\\\/\\\/redenoticiaz.com.br\\\/ribeiraopreto-regiao\\\/\",\"name\":\"Ribeir\u00e3o Preto e Regi\u00e3o\",\"description\":\"Rede NoticiaZ - Ribeir\u00e3o Preto e regi\u00e3o\",\"publisher\":{\"@id\":\"https:\\\/\\\/redenoticiaz.com.br\\\/ribeiraopreto-regiao\\\/#organization\"},\"potentialAction\":[{\"@type\":\"SearchAction\",\"target\":{\"@type\":\"EntryPoint\",\"urlTemplate\":\"https:\\\/\\\/redenoticiaz.com.br\\\/ribeiraopreto-regiao\\\/?s={search_term_string}\"},\"query-input\":{\"@type\":\"PropertyValueSpecification\",\"valueRequired\":true,\"valueName\":\"search_term_string\"}}],\"inLanguage\":\"pt-BR\"},{\"@type\":\"Organization\",\"@id\":\"https:\\\/\\\/redenoticiaz.com.br\\\/ribeiraopreto-regiao\\\/#organization\",\"name\":\"Ribeir\u00e3o Preto e Regi\u00e3o\",\"url\":\"https:\\\/\\\/redenoticiaz.com.br\\\/ribeiraopreto-regiao\\\/\",\"logo\":{\"@type\":\"ImageObject\",\"inLanguage\":\"pt-BR\",\"@id\":\"https:\\\/\\\/redenoticiaz.com.br\\\/ribeiraopreto-regiao\\\/#\\\/schema\\\/logo\\\/image\\\/\",\"url\":\"https:\\\/\\\/redenoticiaz.com.br\\\/barretos-regiao\\\/wp-content\\\/uploads\\\/sites\\\/4\\\/2022\\\/02\\\/logo.jpg\",\"contentUrl\":\"https:\\\/\\\/redenoticiaz.com.br\\\/barretos-regiao\\\/wp-content\\\/uploads\\\/sites\\\/4\\\/2022\\\/02\\\/logo.jpg\",\"width\":400,\"height\":250,\"caption\":\"Ribeir\u00e3o Preto e Regi\u00e3o\"},\"image\":{\"@id\":\"https:\\\/\\\/redenoticiaz.com.br\\\/ribeiraopreto-regiao\\\/#\\\/schema\\\/logo\\\/image\\\/\"},\"sameAs\":[\"https:\\\/\\\/m.facebook.com\\\/redenoticiaz.barretos\",\"https:\\\/\\\/x.com\\\/RN_barretos\",\"https:\\\/\\\/www.instagram.com\\\/redenoticiaz.barretos\\\/?igshid=YmMyMTA2M2Y\",\"https:\\\/\\\/www.linkedin.com\\\/company\\\/rede-noticiaz-barretos-e-regio\\\/\"]},{\"@type\":\"Person\",\"@id\":\"https:\\\/\\\/redenoticiaz.com.br\\\/ribeiraopreto-regiao\\\/#\\\/schema\\\/person\\\/e1b0bd8c2637e2c1b6ddcbc2c33b116f\",\"name\":\"Patr\u00edcia Prado\",\"image\":{\"@type\":\"ImageObject\",\"inLanguage\":\"pt-BR\",\"@id\":\"https:\\\/\\\/secure.gravatar.com\\\/avatar\\\/92e358bef22cfcec15e054ae4d9fee04dadf0c772dc4a17b382b8a34a15354c2?s=96&d=mm&r=g\",\"url\":\"https:\\\/\\\/secure.gravatar.com\\\/avatar\\\/92e358bef22cfcec15e054ae4d9fee04dadf0c772dc4a17b382b8a34a15354c2?s=96&d=mm&r=g\",\"contentUrl\":\"https:\\\/\\\/secure.gravatar.com\\\/avatar\\\/92e358bef22cfcec15e054ae4d9fee04dadf0c772dc4a17b382b8a34a15354c2?s=96&d=mm&r=g\",\"caption\":\"Patr\u00edcia Prado\"},\"url\":\"https:\\\/\\\/redenoticiaz.com.br\\\/ribeiraopreto-regiao\\\/sp\\\/author\\\/patricia-prado\"}]}<\/script>\n<!-- \/ Yoast SEO plugin. -->","yoast_head_json":{"title":"Or\u00e7amento de 2027 prev\u00ea super\u00e1vit prim\u00e1rio de R$ 83,4 bilh\u00f5es - Ribeir\u00e3o Preto e Regi\u00e3o","robots":{"index":"index","follow":"follow","max-snippet":"max-snippet:-1","max-image-preview":"max-image-preview:large","max-video-preview":"max-video-preview:-1"},"canonical":"https:\/\/redenoticiaz.com.br\/ribeiraopreto-regiao\/sp\/2026\/08\/31\/orcamento-de-2027-preve-superavit-primario-de-r-834-bilhoes","og_locale":"pt_BR","og_type":"article","og_title":"Or\u00e7amento de 2027 prev\u00ea super\u00e1vit prim\u00e1rio de R$ 83,4 bilh\u00f5es - Ribeir\u00e3o Preto e Regi\u00e3o","og_description":"O projeto do Or\u00e7amento de 2027, enviado ao Congresso Nacional nesta segunda-feira (31), prev\u00ea um super\u00e1vit prim\u00e1rio de R$ 83,4 bilh\u00f5es, superando em R$ 10 bilh\u00f5es a meta de R$ 73,2 bilh\u00f5es, equivalente a 0,5% do Produto Interno Bruto (PIB) do Brasil. Entretanto, ao considerar gastos fora do arcabou\u00e7o fiscal, a estimativa para o pr\u00f3ximo &hellip;","og_url":"https:\/\/redenoticiaz.com.br\/ribeiraopreto-regiao\/sp\/2026\/08\/31\/orcamento-de-2027-preve-superavit-primario-de-r-834-bilhoes","og_site_name":"Ribeir\u00e3o Preto e Regi\u00e3o","article_publisher":"https:\/\/m.facebook.com\/redenoticiaz.barretos","article_published_time":"2026-08-31T22:27:01+00:00","og_image":[{"width":400,"height":250,"url":"https:\/\/redenoticiaz.com.br\/ribeiraopreto-regiao\/wp-content\/uploads\/sites\/4\/2022\/02\/logo.jpg","type":"image\/jpeg"}],"author":"Patr\u00edcia Prado","twitter_card":"summary_large_image","twitter_creator":"@RN_barretos","twitter_site":"@RN_barretos","twitter_misc":{"Escrito por":"Patr\u00edcia Prado","Est. tempo de leitura":"3 minutos"},"schema":{"@context":"https:\/\/schema.org","@graph":[{"@type":"Article","@id":"https:\/\/redenoticiaz.com.br\/ribeiraopreto-regiao\/sp\/2026\/08\/31\/orcamento-de-2027-preve-superavit-primario-de-r-834-bilhoes#article","isPartOf":{"@id":"https:\/\/redenoticiaz.com.br\/ribeiraopreto-regiao\/sp\/2026\/08\/31\/orcamento-de-2027-preve-superavit-primario-de-r-834-bilhoes"},"author":{"name":"Patr\u00edcia Prado","@id":"https:\/\/redenoticiaz.com.br\/ribeiraopreto-regiao\/#\/schema\/person\/e1b0bd8c2637e2c1b6ddcbc2c33b116f"},"headline":"Or\u00e7amento de 2027 prev\u00ea super\u00e1vit prim\u00e1rio de R$ 83,4 bilh\u00f5es","datePublished":"2026-08-31T22:27:01+00:00","mainEntityOfPage":{"@id":"https:\/\/redenoticiaz.com.br\/ribeiraopreto-regiao\/sp\/2026\/08\/31\/orcamento-de-2027-preve-superavit-primario-de-r-834-bilhoes"},"wordCount":515,"commentCount":0,"publisher":{"@id":"https:\/\/redenoticiaz.com.br\/ribeiraopreto-regiao\/#organization"},"image":{"@id":"https:\/\/redenoticiaz.com.br\/ribeiraopreto-regiao\/sp\/2026\/08\/31\/orcamento-de-2027-preve-superavit-primario-de-r-834-bilhoes#primaryimage"},"thumbnailUrl":"https:\/\/redenoticiaz.com.br\/ribeiraopreto-regiao\/wp-content\/uploads\/sites\/4\/2026\/08\/1788215222_img_7609_1.jpg","articleSection":["Economia","Educa\u00e7\u00e3o","Justi\u00e7a","Pol\u00edtica","Sa\u00fade"],"inLanguage":"pt-BR","potentialAction":[{"@type":"CommentAction","name":"Comment","target":["https:\/\/redenoticiaz.com.br\/ribeiraopreto-regiao\/sp\/2026\/08\/31\/orcamento-de-2027-preve-superavit-primario-de-r-834-bilhoes#respond"]}]},{"@type":"WebPage","@id":"https:\/\/redenoticiaz.com.br\/ribeiraopreto-regiao\/sp\/2026\/08\/31\/orcamento-de-2027-preve-superavit-primario-de-r-834-bilhoes","url":"https:\/\/redenoticiaz.com.br\/ribeiraopreto-regiao\/sp\/2026\/08\/31\/orcamento-de-2027-preve-superavit-primario-de-r-834-bilhoes","name":"Or\u00e7amento de 2027 prev\u00ea super\u00e1vit prim\u00e1rio de R$ 83,4 bilh\u00f5es - Ribeir\u00e3o Preto e Regi\u00e3o","isPartOf":{"@id":"https:\/\/redenoticiaz.com.br\/ribeiraopreto-regiao\/#website"},"primaryImageOfPage":{"@id":"https:\/\/redenoticiaz.com.br\/ribeiraopreto-regiao\/sp\/2026\/08\/31\/orcamento-de-2027-preve-superavit-primario-de-r-834-bilhoes#primaryimage"},"image":{"@id":"https:\/\/redenoticiaz.com.br\/ribeiraopreto-regiao\/sp\/2026\/08\/31\/orcamento-de-2027-preve-superavit-primario-de-r-834-bilhoes#primaryimage"},"thumbnailUrl":"https:\/\/redenoticiaz.com.br\/ribeiraopreto-regiao\/wp-content\/uploads\/sites\/4\/2026\/08\/1788215222_img_7609_1.jpg","datePublished":"2026-08-31T22:27:01+00:00","inLanguage":"pt-BR","potentialAction":[{"@type":"ReadAction","target":["https:\/\/redenoticiaz.com.br\/ribeiraopreto-regiao\/sp\/2026\/08\/31\/orcamento-de-2027-preve-superavit-primario-de-r-834-bilhoes"]}]},{"@type":"ImageObject","inLanguage":"pt-BR","@id":"https:\/\/redenoticiaz.com.br\/ribeiraopreto-regiao\/sp\/2026\/08\/31\/orcamento-de-2027-preve-superavit-primario-de-r-834-bilhoes#primaryimage","url":"https:\/\/redenoticiaz.com.br\/ribeiraopreto-regiao\/wp-content\/uploads\/sites\/4\/2026\/08\/1788215222_img_7609_1.jpg","contentUrl":"https:\/\/redenoticiaz.com.br\/ribeiraopreto-regiao\/wp-content\/uploads\/sites\/4\/2026\/08\/1788215222_img_7609_1.jpg","width":1600,"height":800},{"@type":"WebSite","@id":"https:\/\/redenoticiaz.com.br\/ribeiraopreto-regiao\/#website","url":"https:\/\/redenoticiaz.com.br\/ribeiraopreto-regiao\/","name":"Ribeir\u00e3o Preto e Regi\u00e3o","description":"Rede NoticiaZ - Ribeir\u00e3o Preto e regi\u00e3o","publisher":{"@id":"https:\/\/redenoticiaz.com.br\/ribeiraopreto-regiao\/#organization"},"potentialAction":[{"@type":"SearchAction","target":{"@type":"EntryPoint","urlTemplate":"https:\/\/redenoticiaz.com.br\/ribeiraopreto-regiao\/?s={search_term_string}"},"query-input":{"@type":"PropertyValueSpecification","valueRequired":true,"valueName":"search_term_string"}}],"inLanguage":"pt-BR"},{"@type":"Organization","@id":"https:\/\/redenoticiaz.com.br\/ribeiraopreto-regiao\/#organization","name":"Ribeir\u00e3o Preto e Regi\u00e3o","url":"https:\/\/redenoticiaz.com.br\/ribeiraopreto-regiao\/","logo":{"@type":"ImageObject","inLanguage":"pt-BR","@id":"https:\/\/redenoticiaz.com.br\/ribeiraopreto-regiao\/#\/schema\/logo\/image\/","url":"https:\/\/redenoticiaz.com.br\/barretos-regiao\/wp-content\/uploads\/sites\/4\/2022\/02\/logo.jpg","contentUrl":"https:\/\/redenoticiaz.com.br\/barretos-regiao\/wp-content\/uploads\/sites\/4\/2022\/02\/logo.jpg","width":400,"height":250,"caption":"Ribeir\u00e3o Preto e Regi\u00e3o"},"image":{"@id":"https:\/\/redenoticiaz.com.br\/ribeiraopreto-regiao\/#\/schema\/logo\/image\/"},"sameAs":["https:\/\/m.facebook.com\/redenoticiaz.barretos","https:\/\/x.com\/RN_barretos","https:\/\/www.instagram.com\/redenoticiaz.barretos\/?igshid=YmMyMTA2M2Y","https:\/\/www.linkedin.com\/company\/rede-noticiaz-barretos-e-regio\/"]},{"@type":"Person","@id":"https:\/\/redenoticiaz.com.br\/ribeiraopreto-regiao\/#\/schema\/person\/e1b0bd8c2637e2c1b6ddcbc2c33b116f","name":"Patr\u00edcia Prado","image":{"@type":"ImageObject","inLanguage":"pt-BR","@id":"https:\/\/secure.gravatar.com\/avatar\/92e358bef22cfcec15e054ae4d9fee04dadf0c772dc4a17b382b8a34a15354c2?s=96&d=mm&r=g","url":"https:\/\/secure.gravatar.com\/avatar\/92e358bef22cfcec15e054ae4d9fee04dadf0c772dc4a17b382b8a34a15354c2?s=96&d=mm&r=g","contentUrl":"https:\/\/secure.gravatar.com\/avatar\/92e358bef22cfcec15e054ae4d9fee04dadf0c772dc4a17b382b8a34a15354c2?s=96&d=mm&r=g","caption":"Patr\u00edcia Prado"},"url":"https:\/\/redenoticiaz.com.br\/ribeiraopreto-regiao\/sp\/author\/patricia-prado"}]}},"_links":{"self":[{"href":"https:\/\/redenoticiaz.com.br\/ribeiraopreto-regiao\/wp-json\/wp\/v2\/posts\/122957","targetHints":{"allow":["GET"]}}],"collection":[{"href":"https:\/\/redenoticiaz.com.br\/ribeiraopreto-regiao\/wp-json\/wp\/v2\/posts"}],"about":[{"href":"https:\/\/redenoticiaz.com.br\/ribeiraopreto-regiao\/wp-json\/wp\/v2\/types\/post"}],"author":[{"embeddable":true,"href":"https:\/\/redenoticiaz.com.br\/ribeiraopreto-regiao\/wp-json\/wp\/v2\/users\/5"}],"replies":[{"embeddable":true,"href":"https:\/\/redenoticiaz.com.br\/ribeiraopreto-regiao\/wp-json\/wp\/v2\/comments?post=122957"}],"version-history":[{"count":0,"href":"https:\/\/redenoticiaz.com.br\/ribeiraopreto-regiao\/wp-json\/wp\/v2\/posts\/122957\/revisions"}],"wp:featuredmedia":[{"embeddable":true,"href":"https:\/\/redenoticiaz.com.br\/ribeiraopreto-regiao\/wp-json\/wp\/v2\/media\/122958"}],"wp:attachment":[{"href":"https:\/\/redenoticiaz.com.br\/ribeiraopreto-regiao\/wp-json\/wp\/v2\/media?parent=122957"}],"wp:term":[{"taxonomy":"category","embeddable":true,"href":"https:\/\/redenoticiaz.com.br\/ribeiraopreto-regiao\/wp-json\/wp\/v2\/categories?post=122957"},{"taxonomy":"post_tag","embeddable":true,"href":"https:\/\/redenoticiaz.com.br\/ribeiraopreto-regiao\/wp-json\/wp\/v2\/tags?post=122957"}],"curies":[{"name":"wp","href":"https:\/\/api.w.org\/{rel}","templated":true}]}}