{"id":122959,"date":"2026-08-31T19:58:07","date_gmt":"2026-08-31T22:58:07","guid":{"rendered":"https:\/\/redenoticiaz.com.br\/ribeiraopreto-regiao\/sp\/2026\/08\/31\/jose-antonio-santos-de-19-anos-conquista-ouro-no-mundial-de-bocha-em-seul"},"modified":"2026-08-31T19:58:07","modified_gmt":"2026-08-31T22:58:07","slug":"jose-antonio-santos-de-19-anos-conquista-ouro-no-mundial-de-bocha-em-seul","status":"publish","type":"post","link":"https:\/\/redenoticiaz.com.br\/ribeiraopreto-regiao\/sp\/2026\/08\/31\/jose-antonio-santos-de-19-anos-conquista-ouro-no-mundial-de-bocha-em-seul","title":{"rendered":"Jos\u00e9 Ant\u00f4nio Santos, de 19 anos, conquista ouro no Mundial de Bocha em Seul"},"content":{"rendered":"<p>O Brasil conquistou tr\u00eas medalhas no Mundial de Bocha, realizado em Seul, na Coreia do Sul, nesta segunda-feira (31). O pa\u00eds garantiu um ouro, uma prata e um bronze nas competi\u00e7\u00f5es individuais. O potiguar Jos\u00e9 Ant\u00f4nio Santos, de 19 anos, destacou-se ao vencer na classe BC4, destinada a atletas com defici\u00eancias severas que n\u00e3o t\u00eam op\u00e7\u00e3o de aux\u00edlio.<\/p>\n<p>Jos\u00e9 Ant\u00f4nio conquistou o t\u00edtulo ao derrotar o atleta de Hong Kong, Yuk Wing Leung, com um expressivo placar de 6 a 1. No ano passado, ele j\u00e1 havia se destacado ao conquistar o t\u00edtulo do Mundial de Jovens em Curitiba. O jovem atleta, que tem distrofia muscular de Duchenne, tamb\u00e9m foi campe\u00e3o da Copa Am\u00e9rica em outubro na Col\u00f4mbia.<\/p>\n<p>O mineiro Mateus Carvalho tamb\u00e9m teve um bom desempenho e trouxe a medalha de prata para casa na classe BC3, onde compete atletas que recebem aux\u00edlio de um calheiro. Mateus garantiu sua vaga na final ap\u00f3s vencer o franc\u00eas Jules Menard por 5 a 0, mas foi derrotado pelo australiano Daniel Michel na decis\u00e3o, com um placar apertado de 3 a 2.<\/p>\n<p>O cearense Maciel Santos, medalhista paral\u00edmpico, completou o p\u00f3dio brasileiro ao conquistar o bronze na classe BC2, onde n\u00e3o h\u00e1 op\u00e7\u00e3o de aux\u00edlio. Ele garantiu a medalha ao vencer o chin\u00eas Zhiqiang Yan com um impressionante 10 a 0 na disputa pelo terceiro lugar. Maciel j\u00e1 foi campe\u00e3o ol\u00edmpico individual em Londres 2012 e T\u00f3quio 2020, al\u00e9m de ter conquistado uma prata na disputa de pares durante os Jogos do Rio 2016.<\/p>\n<p>Com as tr\u00eas medalhas, o desempenho do Brasil em Seul superou os resultados obtidos h\u00e1 quatro anos na edi\u00e7\u00e3o realizada no Rio de Janeiro, onde o pa\u00eds conquistou apenas um ouro. A competi\u00e7\u00e3o continua at\u00e9 a pr\u00f3xima quinta-feira (3), com as disputas de pares e equipes.<\/p>\n","protected":false},"excerpt":{"rendered":"<p>O Brasil conquistou tr\u00eas medalhas no Mundial de Bocha, realizado em Seul, na Coreia do Sul, nesta segunda-feira (31). O pa\u00eds garantiu um ouro, uma prata e um bronze nas competi\u00e7\u00f5es individuais. O potiguar Jos\u00e9 Ant\u00f4nio Santos, de 19 anos, destacou-se ao vencer na classe BC4, destinada a atletas com defici\u00eancias severas que n\u00e3o t\u00eam &hellip;<\/p>\n","protected":false},"author":5,"featured_media":122960,"comment_status":"open","ping_status":"closed","sticky":false,"template":"","format":"standard","meta":{"footnotes":""},"categories":[87],"tags":[],"class_list":["post-122959","post","type-post","status-publish","format-standard","has-post-thumbnail","hentry","category-esporte"],"yoast_head":"<!-- This site is optimized with the Yoast SEO plugin v28.3 - https:\/\/yoast.com\/product\/yoast-seo-wordpress\/ -->\n<title>Jos\u00e9 Ant\u00f4nio Santos, de 19 anos, conquista ouro no Mundial de Bocha em Seul - Ribeir\u00e3o Preto e Regi\u00e3o<\/title>\n<meta name=\"robots\" content=\"index, follow, max-snippet:-1, max-image-preview:large, max-video-preview:-1\" \/>\n<link rel=\"canonical\" href=\"https:\/\/redenoticiaz.com.br\/ribeiraopreto-regiao\/sp\/2026\/08\/31\/jose-antonio-santos-de-19-anos-conquista-ouro-no-mundial-de-bocha-em-seul\" \/>\n<meta property=\"og:locale\" content=\"pt_BR\" \/>\n<meta property=\"og:type\" content=\"article\" \/>\n<meta property=\"og:title\" content=\"Jos\u00e9 Ant\u00f4nio Santos, de 19 anos, conquista ouro no Mundial de Bocha em Seul - Ribeir\u00e3o Preto e Regi\u00e3o\" \/>\n<meta property=\"og:description\" content=\"O Brasil conquistou tr\u00eas medalhas no Mundial de Bocha, realizado em Seul, na Coreia do Sul, nesta segunda-feira (31). O pa\u00eds garantiu um ouro, uma prata e um bronze nas competi\u00e7\u00f5es individuais. O potiguar Jos\u00e9 Ant\u00f4nio Santos, de 19 anos, destacou-se ao vencer na classe BC4, destinada a atletas com defici\u00eancias severas que n\u00e3o t\u00eam &hellip;\" \/>\n<meta property=\"og:url\" content=\"https:\/\/redenoticiaz.com.br\/ribeiraopreto-regiao\/sp\/2026\/08\/31\/jose-antonio-santos-de-19-anos-conquista-ouro-no-mundial-de-bocha-em-seul\" \/>\n<meta property=\"og:site_name\" content=\"Ribeir\u00e3o Preto e Regi\u00e3o\" \/>\n<meta property=\"article:publisher\" content=\"https:\/\/m.facebook.com\/redenoticiaz.barretos\" \/>\n<meta property=\"article:published_time\" content=\"2026-08-31T22:58:07+00:00\" \/>\n<meta property=\"og:image\" content=\"https:\/\/redenoticiaz.com.br\/ribeiraopreto-regiao\/wp-content\/uploads\/sites\/4\/2022\/02\/logo.jpg\" \/>\n\t<meta property=\"og:image:width\" content=\"400\" \/>\n\t<meta property=\"og:image:height\" content=\"250\" \/>\n\t<meta property=\"og:image:type\" content=\"image\/jpeg\" \/>\n<meta name=\"author\" content=\"Patr\u00edcia Prado\" \/>\n<meta name=\"twitter:card\" content=\"summary_large_image\" \/>\n<meta name=\"twitter:creator\" content=\"@RN_barretos\" \/>\n<meta name=\"twitter:site\" content=\"@RN_barretos\" \/>\n<meta name=\"twitter:label1\" content=\"Escrito por\" \/>\n\t<meta name=\"twitter:data1\" content=\"Patr\u00edcia Prado\" \/>\n\t<meta name=\"twitter:label2\" content=\"Est. tempo de leitura\" \/>\n\t<meta name=\"twitter:data2\" content=\"2 minutos\" \/>\n<script type=\"application\/ld+json\" class=\"yoast-schema-graph\">{\"@context\":\"https:\\\/\\\/schema.org\",\"@graph\":[{\"@type\":\"Article\",\"@id\":\"https:\\\/\\\/redenoticiaz.com.br\\\/ribeiraopreto-regiao\\\/sp\\\/2026\\\/08\\\/31\\\/jose-antonio-santos-de-19-anos-conquista-ouro-no-mundial-de-bocha-em-seul#article\",\"isPartOf\":{\"@id\":\"https:\\\/\\\/redenoticiaz.com.br\\\/ribeiraopreto-regiao\\\/sp\\\/2026\\\/08\\\/31\\\/jose-antonio-santos-de-19-anos-conquista-ouro-no-mundial-de-bocha-em-seul\"},\"author\":{\"name\":\"Patr\u00edcia Prado\",\"@id\":\"https:\\\/\\\/redenoticiaz.com.br\\\/ribeiraopreto-regiao\\\/#\\\/schema\\\/person\\\/e1b0bd8c2637e2c1b6ddcbc2c33b116f\"},\"headline\":\"Jos\u00e9 Ant\u00f4nio Santos, de 19 anos, conquista ouro no Mundial de Bocha em Seul\",\"datePublished\":\"2026-08-31T22:58:07+00:00\",\"mainEntityOfPage\":{\"@id\":\"https:\\\/\\\/redenoticiaz.com.br\\\/ribeiraopreto-regiao\\\/sp\\\/2026\\\/08\\\/31\\\/jose-antonio-santos-de-19-anos-conquista-ouro-no-mundial-de-bocha-em-seul\"},\"wordCount\":334,\"commentCount\":0,\"publisher\":{\"@id\":\"https:\\\/\\\/redenoticiaz.com.br\\\/ribeiraopreto-regiao\\\/#organization\"},\"image\":{\"@id\":\"https:\\\/\\\/redenoticiaz.com.br\\\/ribeiraopreto-regiao\\\/sp\\\/2026\\\/08\\\/31\\\/jose-antonio-santos-de-19-anos-conquista-ouro-no-mundial-de-bocha-em-seul#primaryimage\"},\"thumbnailUrl\":\"https:\\\/\\\/redenoticiaz.com.br\\\/ribeiraopreto-regiao\\\/wp-content\\\/uploads\\\/sites\\\/4\\\/2026\\\/08\\\/jose_antonio_santos_bocha_2025.jpg\",\"articleSection\":[\"Esporte\"],\"inLanguage\":\"pt-BR\",\"potentialAction\":[{\"@type\":\"CommentAction\",\"name\":\"Comment\",\"target\":[\"https:\\\/\\\/redenoticiaz.com.br\\\/ribeiraopreto-regiao\\\/sp\\\/2026\\\/08\\\/31\\\/jose-antonio-santos-de-19-anos-conquista-ouro-no-mundial-de-bocha-em-seul#respond\"]}]},{\"@type\":\"WebPage\",\"@id\":\"https:\\\/\\\/redenoticiaz.com.br\\\/ribeiraopreto-regiao\\\/sp\\\/2026\\\/08\\\/31\\\/jose-antonio-santos-de-19-anos-conquista-ouro-no-mundial-de-bocha-em-seul\",\"url\":\"https:\\\/\\\/redenoticiaz.com.br\\\/ribeiraopreto-regiao\\\/sp\\\/2026\\\/08\\\/31\\\/jose-antonio-santos-de-19-anos-conquista-ouro-no-mundial-de-bocha-em-seul\",\"name\":\"Jos\u00e9 Ant\u00f4nio Santos, de 19 anos, conquista ouro no Mundial de Bocha em Seul - Ribeir\u00e3o Preto e Regi\u00e3o\",\"isPartOf\":{\"@id\":\"https:\\\/\\\/redenoticiaz.com.br\\\/ribeiraopreto-regiao\\\/#website\"},\"primaryImageOfPage\":{\"@id\":\"https:\\\/\\\/redenoticiaz.com.br\\\/ribeiraopreto-regiao\\\/sp\\\/2026\\\/08\\\/31\\\/jose-antonio-santos-de-19-anos-conquista-ouro-no-mundial-de-bocha-em-seul#primaryimage\"},\"image\":{\"@id\":\"https:\\\/\\\/redenoticiaz.com.br\\\/ribeiraopreto-regiao\\\/sp\\\/2026\\\/08\\\/31\\\/jose-antonio-santos-de-19-anos-conquista-ouro-no-mundial-de-bocha-em-seul#primaryimage\"},\"thumbnailUrl\":\"https:\\\/\\\/redenoticiaz.com.br\\\/ribeiraopreto-regiao\\\/wp-content\\\/uploads\\\/sites\\\/4\\\/2026\\\/08\\\/jose_antonio_santos_bocha_2025.jpg\",\"datePublished\":\"2026-08-31T22:58:07+00:00\",\"inLanguage\":\"pt-BR\",\"potentialAction\":[{\"@type\":\"ReadAction\",\"target\":[\"https:\\\/\\\/redenoticiaz.com.br\\\/ribeiraopreto-regiao\\\/sp\\\/2026\\\/08\\\/31\\\/jose-antonio-santos-de-19-anos-conquista-ouro-no-mundial-de-bocha-em-seul\"]}]},{\"@type\":\"ImageObject\",\"inLanguage\":\"pt-BR\",\"@id\":\"https:\\\/\\\/redenoticiaz.com.br\\\/ribeiraopreto-regiao\\\/sp\\\/2026\\\/08\\\/31\\\/jose-antonio-santos-de-19-anos-conquista-ouro-no-mundial-de-bocha-em-seul#primaryimage\",\"url\":\"https:\\\/\\\/redenoticiaz.com.br\\\/ribeiraopreto-regiao\\\/wp-content\\\/uploads\\\/sites\\\/4\\\/2026\\\/08\\\/jose_antonio_santos_bocha_2025.jpg\",\"contentUrl\":\"https:\\\/\\\/redenoticiaz.com.br\\\/ribeiraopreto-regiao\\\/wp-content\\\/uploads\\\/sites\\\/4\\\/2026\\\/08\\\/jose_antonio_santos_bocha_2025.jpg\",\"width\":1600,\"height\":800},{\"@type\":\"WebSite\",\"@id\":\"https:\\\/\\\/redenoticiaz.com.br\\\/ribeiraopreto-regiao\\\/#website\",\"url\":\"https:\\\/\\\/redenoticiaz.com.br\\\/ribeiraopreto-regiao\\\/\",\"name\":\"Ribeir\u00e3o Preto e Regi\u00e3o\",\"description\":\"Rede NoticiaZ - Ribeir\u00e3o Preto e regi\u00e3o\",\"publisher\":{\"@id\":\"https:\\\/\\\/redenoticiaz.com.br\\\/ribeiraopreto-regiao\\\/#organization\"},\"potentialAction\":[{\"@type\":\"SearchAction\",\"target\":{\"@type\":\"EntryPoint\",\"urlTemplate\":\"https:\\\/\\\/redenoticiaz.com.br\\\/ribeiraopreto-regiao\\\/?s={search_term_string}\"},\"query-input\":{\"@type\":\"PropertyValueSpecification\",\"valueRequired\":true,\"valueName\":\"search_term_string\"}}],\"inLanguage\":\"pt-BR\"},{\"@type\":\"Organization\",\"@id\":\"https:\\\/\\\/redenoticiaz.com.br\\\/ribeiraopreto-regiao\\\/#organization\",\"name\":\"Ribeir\u00e3o Preto e Regi\u00e3o\",\"url\":\"https:\\\/\\\/redenoticiaz.com.br\\\/ribeiraopreto-regiao\\\/\",\"logo\":{\"@type\":\"ImageObject\",\"inLanguage\":\"pt-BR\",\"@id\":\"https:\\\/\\\/redenoticiaz.com.br\\\/ribeiraopreto-regiao\\\/#\\\/schema\\\/logo\\\/image\\\/\",\"url\":\"https:\\\/\\\/redenoticiaz.com.br\\\/barretos-regiao\\\/wp-content\\\/uploads\\\/sites\\\/4\\\/2022\\\/02\\\/logo.jpg\",\"contentUrl\":\"https:\\\/\\\/redenoticiaz.com.br\\\/barretos-regiao\\\/wp-content\\\/uploads\\\/sites\\\/4\\\/2022\\\/02\\\/logo.jpg\",\"width\":400,\"height\":250,\"caption\":\"Ribeir\u00e3o Preto e Regi\u00e3o\"},\"image\":{\"@id\":\"https:\\\/\\\/redenoticiaz.com.br\\\/ribeiraopreto-regiao\\\/#\\\/schema\\\/logo\\\/image\\\/\"},\"sameAs\":[\"https:\\\/\\\/m.facebook.com\\\/redenoticiaz.barretos\",\"https:\\\/\\\/x.com\\\/RN_barretos\",\"https:\\\/\\\/www.instagram.com\\\/redenoticiaz.barretos\\\/?igshid=YmMyMTA2M2Y\",\"https:\\\/\\\/www.linkedin.com\\\/company\\\/rede-noticiaz-barretos-e-regio\\\/\"]},{\"@type\":\"Person\",\"@id\":\"https:\\\/\\\/redenoticiaz.com.br\\\/ribeiraopreto-regiao\\\/#\\\/schema\\\/person\\\/e1b0bd8c2637e2c1b6ddcbc2c33b116f\",\"name\":\"Patr\u00edcia Prado\",\"image\":{\"@type\":\"ImageObject\",\"inLanguage\":\"pt-BR\",\"@id\":\"https:\\\/\\\/secure.gravatar.com\\\/avatar\\\/92e358bef22cfcec15e054ae4d9fee04dadf0c772dc4a17b382b8a34a15354c2?s=96&d=mm&r=g\",\"url\":\"https:\\\/\\\/secure.gravatar.com\\\/avatar\\\/92e358bef22cfcec15e054ae4d9fee04dadf0c772dc4a17b382b8a34a15354c2?s=96&d=mm&r=g\",\"contentUrl\":\"https:\\\/\\\/secure.gravatar.com\\\/avatar\\\/92e358bef22cfcec15e054ae4d9fee04dadf0c772dc4a17b382b8a34a15354c2?s=96&d=mm&r=g\",\"caption\":\"Patr\u00edcia Prado\"},\"url\":\"https:\\\/\\\/redenoticiaz.com.br\\\/ribeiraopreto-regiao\\\/sp\\\/author\\\/patricia-prado\"}]}<\/script>\n<!-- \/ Yoast SEO plugin. -->","yoast_head_json":{"title":"Jos\u00e9 Ant\u00f4nio Santos, de 19 anos, conquista ouro no Mundial de Bocha em Seul - Ribeir\u00e3o Preto e Regi\u00e3o","robots":{"index":"index","follow":"follow","max-snippet":"max-snippet:-1","max-image-preview":"max-image-preview:large","max-video-preview":"max-video-preview:-1"},"canonical":"https:\/\/redenoticiaz.com.br\/ribeiraopreto-regiao\/sp\/2026\/08\/31\/jose-antonio-santos-de-19-anos-conquista-ouro-no-mundial-de-bocha-em-seul","og_locale":"pt_BR","og_type":"article","og_title":"Jos\u00e9 Ant\u00f4nio Santos, de 19 anos, conquista ouro no Mundial de Bocha em Seul - Ribeir\u00e3o Preto e Regi\u00e3o","og_description":"O Brasil conquistou tr\u00eas medalhas no Mundial de Bocha, realizado em Seul, na Coreia do Sul, nesta segunda-feira (31). O pa\u00eds garantiu um ouro, uma prata e um bronze nas competi\u00e7\u00f5es individuais. O potiguar Jos\u00e9 Ant\u00f4nio Santos, de 19 anos, destacou-se ao vencer na classe BC4, destinada a atletas com defici\u00eancias severas que n\u00e3o t\u00eam &hellip;","og_url":"https:\/\/redenoticiaz.com.br\/ribeiraopreto-regiao\/sp\/2026\/08\/31\/jose-antonio-santos-de-19-anos-conquista-ouro-no-mundial-de-bocha-em-seul","og_site_name":"Ribeir\u00e3o Preto e Regi\u00e3o","article_publisher":"https:\/\/m.facebook.com\/redenoticiaz.barretos","article_published_time":"2026-08-31T22:58:07+00:00","og_image":[{"width":400,"height":250,"url":"https:\/\/redenoticiaz.com.br\/ribeiraopreto-regiao\/wp-content\/uploads\/sites\/4\/2022\/02\/logo.jpg","type":"image\/jpeg"}],"author":"Patr\u00edcia Prado","twitter_card":"summary_large_image","twitter_creator":"@RN_barretos","twitter_site":"@RN_barretos","twitter_misc":{"Escrito por":"Patr\u00edcia Prado","Est. tempo de leitura":"2 minutos"},"schema":{"@context":"https:\/\/schema.org","@graph":[{"@type":"Article","@id":"https:\/\/redenoticiaz.com.br\/ribeiraopreto-regiao\/sp\/2026\/08\/31\/jose-antonio-santos-de-19-anos-conquista-ouro-no-mundial-de-bocha-em-seul#article","isPartOf":{"@id":"https:\/\/redenoticiaz.com.br\/ribeiraopreto-regiao\/sp\/2026\/08\/31\/jose-antonio-santos-de-19-anos-conquista-ouro-no-mundial-de-bocha-em-seul"},"author":{"name":"Patr\u00edcia Prado","@id":"https:\/\/redenoticiaz.com.br\/ribeiraopreto-regiao\/#\/schema\/person\/e1b0bd8c2637e2c1b6ddcbc2c33b116f"},"headline":"Jos\u00e9 Ant\u00f4nio Santos, de 19 anos, conquista ouro no Mundial de Bocha em Seul","datePublished":"2026-08-31T22:58:07+00:00","mainEntityOfPage":{"@id":"https:\/\/redenoticiaz.com.br\/ribeiraopreto-regiao\/sp\/2026\/08\/31\/jose-antonio-santos-de-19-anos-conquista-ouro-no-mundial-de-bocha-em-seul"},"wordCount":334,"commentCount":0,"publisher":{"@id":"https:\/\/redenoticiaz.com.br\/ribeiraopreto-regiao\/#organization"},"image":{"@id":"https:\/\/redenoticiaz.com.br\/ribeiraopreto-regiao\/sp\/2026\/08\/31\/jose-antonio-santos-de-19-anos-conquista-ouro-no-mundial-de-bocha-em-seul#primaryimage"},"thumbnailUrl":"https:\/\/redenoticiaz.com.br\/ribeiraopreto-regiao\/wp-content\/uploads\/sites\/4\/2026\/08\/jose_antonio_santos_bocha_2025.jpg","articleSection":["Esporte"],"inLanguage":"pt-BR","potentialAction":[{"@type":"CommentAction","name":"Comment","target":["https:\/\/redenoticiaz.com.br\/ribeiraopreto-regiao\/sp\/2026\/08\/31\/jose-antonio-santos-de-19-anos-conquista-ouro-no-mundial-de-bocha-em-seul#respond"]}]},{"@type":"WebPage","@id":"https:\/\/redenoticiaz.com.br\/ribeiraopreto-regiao\/sp\/2026\/08\/31\/jose-antonio-santos-de-19-anos-conquista-ouro-no-mundial-de-bocha-em-seul","url":"https:\/\/redenoticiaz.com.br\/ribeiraopreto-regiao\/sp\/2026\/08\/31\/jose-antonio-santos-de-19-anos-conquista-ouro-no-mundial-de-bocha-em-seul","name":"Jos\u00e9 Ant\u00f4nio Santos, de 19 anos, conquista ouro no Mundial de Bocha em Seul - Ribeir\u00e3o Preto e Regi\u00e3o","isPartOf":{"@id":"https:\/\/redenoticiaz.com.br\/ribeiraopreto-regiao\/#website"},"primaryImageOfPage":{"@id":"https:\/\/redenoticiaz.com.br\/ribeiraopreto-regiao\/sp\/2026\/08\/31\/jose-antonio-santos-de-19-anos-conquista-ouro-no-mundial-de-bocha-em-seul#primaryimage"},"image":{"@id":"https:\/\/redenoticiaz.com.br\/ribeiraopreto-regiao\/sp\/2026\/08\/31\/jose-antonio-santos-de-19-anos-conquista-ouro-no-mundial-de-bocha-em-seul#primaryimage"},"thumbnailUrl":"https:\/\/redenoticiaz.com.br\/ribeiraopreto-regiao\/wp-content\/uploads\/sites\/4\/2026\/08\/jose_antonio_santos_bocha_2025.jpg","datePublished":"2026-08-31T22:58:07+00:00","inLanguage":"pt-BR","potentialAction":[{"@type":"ReadAction","target":["https:\/\/redenoticiaz.com.br\/ribeiraopreto-regiao\/sp\/2026\/08\/31\/jose-antonio-santos-de-19-anos-conquista-ouro-no-mundial-de-bocha-em-seul"]}]},{"@type":"ImageObject","inLanguage":"pt-BR","@id":"https:\/\/redenoticiaz.com.br\/ribeiraopreto-regiao\/sp\/2026\/08\/31\/jose-antonio-santos-de-19-anos-conquista-ouro-no-mundial-de-bocha-em-seul#primaryimage","url":"https:\/\/redenoticiaz.com.br\/ribeiraopreto-regiao\/wp-content\/uploads\/sites\/4\/2026\/08\/jose_antonio_santos_bocha_2025.jpg","contentUrl":"https:\/\/redenoticiaz.com.br\/ribeiraopreto-regiao\/wp-content\/uploads\/sites\/4\/2026\/08\/jose_antonio_santos_bocha_2025.jpg","width":1600,"height":800},{"@type":"WebSite","@id":"https:\/\/redenoticiaz.com.br\/ribeiraopreto-regiao\/#website","url":"https:\/\/redenoticiaz.com.br\/ribeiraopreto-regiao\/","name":"Ribeir\u00e3o Preto e Regi\u00e3o","description":"Rede NoticiaZ - Ribeir\u00e3o Preto e regi\u00e3o","publisher":{"@id":"https:\/\/redenoticiaz.com.br\/ribeiraopreto-regiao\/#organization"},"potentialAction":[{"@type":"SearchAction","target":{"@type":"EntryPoint","urlTemplate":"https:\/\/redenoticiaz.com.br\/ribeiraopreto-regiao\/?s={search_term_string}"},"query-input":{"@type":"PropertyValueSpecification","valueRequired":true,"valueName":"search_term_string"}}],"inLanguage":"pt-BR"},{"@type":"Organization","@id":"https:\/\/redenoticiaz.com.br\/ribeiraopreto-regiao\/#organization","name":"Ribeir\u00e3o Preto e Regi\u00e3o","url":"https:\/\/redenoticiaz.com.br\/ribeiraopreto-regiao\/","logo":{"@type":"ImageObject","inLanguage":"pt-BR","@id":"https:\/\/redenoticiaz.com.br\/ribeiraopreto-regiao\/#\/schema\/logo\/image\/","url":"https:\/\/redenoticiaz.com.br\/barretos-regiao\/wp-content\/uploads\/sites\/4\/2022\/02\/logo.jpg","contentUrl":"https:\/\/redenoticiaz.com.br\/barretos-regiao\/wp-content\/uploads\/sites\/4\/2022\/02\/logo.jpg","width":400,"height":250,"caption":"Ribeir\u00e3o Preto e Regi\u00e3o"},"image":{"@id":"https:\/\/redenoticiaz.com.br\/ribeiraopreto-regiao\/#\/schema\/logo\/image\/"},"sameAs":["https:\/\/m.facebook.com\/redenoticiaz.barretos","https:\/\/x.com\/RN_barretos","https:\/\/www.instagram.com\/redenoticiaz.barretos\/?igshid=YmMyMTA2M2Y","https:\/\/www.linkedin.com\/company\/rede-noticiaz-barretos-e-regio\/"]},{"@type":"Person","@id":"https:\/\/redenoticiaz.com.br\/ribeiraopreto-regiao\/#\/schema\/person\/e1b0bd8c2637e2c1b6ddcbc2c33b116f","name":"Patr\u00edcia Prado","image":{"@type":"ImageObject","inLanguage":"pt-BR","@id":"https:\/\/secure.gravatar.com\/avatar\/92e358bef22cfcec15e054ae4d9fee04dadf0c772dc4a17b382b8a34a15354c2?s=96&d=mm&r=g","url":"https:\/\/secure.gravatar.com\/avatar\/92e358bef22cfcec15e054ae4d9fee04dadf0c772dc4a17b382b8a34a15354c2?s=96&d=mm&r=g","contentUrl":"https:\/\/secure.gravatar.com\/avatar\/92e358bef22cfcec15e054ae4d9fee04dadf0c772dc4a17b382b8a34a15354c2?s=96&d=mm&r=g","caption":"Patr\u00edcia Prado"},"url":"https:\/\/redenoticiaz.com.br\/ribeiraopreto-regiao\/sp\/author\/patricia-prado"}]}},"_links":{"self":[{"href":"https:\/\/redenoticiaz.com.br\/ribeiraopreto-regiao\/wp-json\/wp\/v2\/posts\/122959","targetHints":{"allow":["GET"]}}],"collection":[{"href":"https:\/\/redenoticiaz.com.br\/ribeiraopreto-regiao\/wp-json\/wp\/v2\/posts"}],"about":[{"href":"https:\/\/redenoticiaz.com.br\/ribeiraopreto-regiao\/wp-json\/wp\/v2\/types\/post"}],"author":[{"embeddable":true,"href":"https:\/\/redenoticiaz.com.br\/ribeiraopreto-regiao\/wp-json\/wp\/v2\/users\/5"}],"replies":[{"embeddable":true,"href":"https:\/\/redenoticiaz.com.br\/ribeiraopreto-regiao\/wp-json\/wp\/v2\/comments?post=122959"}],"version-history":[{"count":0,"href":"https:\/\/redenoticiaz.com.br\/ribeiraopreto-regiao\/wp-json\/wp\/v2\/posts\/122959\/revisions"}],"wp:featuredmedia":[{"embeddable":true,"href":"https:\/\/redenoticiaz.com.br\/ribeiraopreto-regiao\/wp-json\/wp\/v2\/media\/122960"}],"wp:attachment":[{"href":"https:\/\/redenoticiaz.com.br\/ribeiraopreto-regiao\/wp-json\/wp\/v2\/media?parent=122959"}],"wp:term":[{"taxonomy":"category","embeddable":true,"href":"https:\/\/redenoticiaz.com.br\/ribeiraopreto-regiao\/wp-json\/wp\/v2\/categories?post=122959"},{"taxonomy":"post_tag","embeddable":true,"href":"https:\/\/redenoticiaz.com.br\/ribeiraopreto-regiao\/wp-json\/wp\/v2\/tags?post=122959"}],"curies":[{"name":"wp","href":"https:\/\/api.w.org\/{rel}","templated":true}]}}