{"id":122963,"date":"2026-08-31T21:00:03","date_gmt":"2026-09-01T00:00:03","guid":{"rendered":"https:\/\/redenoticiaz.com.br\/ribeiraopreto-regiao\/sp\/2026\/08\/31\/governo-projeta-arrecadacao-de-r-636-bilhoes-com-nova-cbs-em-2027"},"modified":"2026-08-31T21:00:03","modified_gmt":"2026-09-01T00:00:03","slug":"governo-projeta-arrecadacao-de-r-636-bilhoes-com-nova-cbs-em-2027","status":"publish","type":"post","link":"https:\/\/redenoticiaz.com.br\/ribeiraopreto-regiao\/sp\/2026\/08\/31\/governo-projeta-arrecadacao-de-r-636-bilhoes-com-nova-cbs-em-2027","title":{"rendered":"Governo projeta arrecada\u00e7\u00e3o de R$ 636 bilh\u00f5es com nova CBS em 2027"},"content":{"rendered":"<p>Nesta segunda-feira (31), o governo federal enviou ao Congresso Nacional o projeto da Lei Or\u00e7ament\u00e1ria Anual (PLOA) de 2027, que inclui as primeiras proje\u00e7\u00f5es de arrecada\u00e7\u00e3o dos novos tributos resultantes da reforma tribut\u00e1ria. A expectativa \u00e9 de que a Contribui\u00e7\u00e3o sobre Bens e Servi\u00e7os (CBS), a ser gerida pela Uni\u00e3o, arrecade R$ 636 bilh\u00f5es no pr\u00f3ximo ano.<\/p>\n<p>Embora a receita j\u00e1 esteja prevista, o governo n\u00e3o especificou qual ser\u00e1 a al\u00edquota da CBS. Esse percentual ser\u00e1 definido com base na metodologia estabelecida pela reforma tribut\u00e1ria e deve ser fixado pelo Senado at\u00e9 15 de dezembro, com vig\u00eancia a partir de janeiro de 2027.<\/p>\n<p>A CBS ser\u00e1 implementada de forma gradual at\u00e9 2032, passando a valer completamente em 2033. O novo tributo substituir\u00e1 o Programa de Integra\u00e7\u00e3o Social (PIS) e a Contribui\u00e7\u00e3o para o Financiamento da Seguridade Social (Cofins), al\u00e9m de assumir parte das fun\u00e7\u00f5es do Imposto sobre Produtos Industrializados (IPI).<\/p>\n<p>Conforme as diretrizes da reforma, a Receita Federal enviar\u00e1, at\u00e9 14 de setembro, uma proposta de c\u00e1lculo da al\u00edquota de refer\u00eancia da CBS ao Tribunal de Contas da Uni\u00e3o (TCU). O TCU ter\u00e1 at\u00e9 30 de outubro para analisar e aprovar esses c\u00e1lculos, antes de o Senado fixar a al\u00edquota para 2027.<\/p>\n<p>O ministro da Fazenda, Dario Durigan, esclareceu que o percentual n\u00e3o ser\u00e1 definido diretamente pelo Minist\u00e9rio da Fazenda, ressaltando que a metodologia j\u00e1 aprovada pelo TCU estabelece uma transi\u00e7\u00e3o de longo prazo.<\/p>\n<p>A CBS come\u00e7ar\u00e1 a ser cobrada integralmente em 2027, e o IPI ser\u00e1 reduzido para a maioria dos produtos, mantendo-se apenas para itens ligados \u00e0 Zona Franca de Manaus. No mesmo ano, iniciar\u00e1 a cobran\u00e7a do Imposto Seletivo, que dever\u00e1 arrecadar R$ 41,9 bilh\u00f5es, incidindo sobre produtos prejudiciais \u00e0 sa\u00fade ou ao meio ambiente, como ve\u00edculos, tabaco e bebidas alco\u00f3licas.<\/p>\n<p>A reforma tribut\u00e1ria tamb\u00e9m introduzir\u00e1 o Imposto sobre Bens e Servi\u00e7os (IBS), cujas compet\u00eancias ser\u00e3o dos estados e munic\u00edpios, com uma implementa\u00e7\u00e3o gradual. Tanto a CBS quanto o IBS seguir\u00e3o um modelo de Imposto sobre Valor Agregado (IVA), permitindo a compensa\u00e7\u00e3o de tributos pagos em etapas anteriores da cadeia produtiva, o que visa reduzir a cumulatividade da tributa\u00e7\u00e3o.<\/p>\n<p>Al\u00e9m das novas receitas, o ministro do Planejamento e Or\u00e7amento, Bruno Moretti, informou que a arrecada\u00e7\u00e3o de recursos naturais, incluindo royalties de petr\u00f3leo, dever\u00e1 totalizar R$ 176 bilh\u00f5es em 2027. A receita com dividendos est\u00e1 projetada em pouco mais de R$ 31 bilh\u00f5es, inferior \u00e0 expectativa de R$ 55,5 bilh\u00f5es para 2026.<\/p>\n<p>O governo estima um super\u00e1vit prim\u00e1rio efetivo de R$ 18,6 bilh\u00f5es para 2027. Considerando a exclus\u00e3o de gastos com precat\u00f3rios e algumas despesas de sa\u00fade, educa\u00e7\u00e3o e defesa, a previs\u00e3o de super\u00e1vit sobe para R$ 83,4 bilh\u00f5es, superando a meta do arcabou\u00e7o fiscal em R$ 10,2 bilh\u00f5es.<\/p>\n<p>Durigan destacou que essa folga fiscal pode proporcionar ao governo maior liberdade para gerenciar a execu\u00e7\u00e3o do Or\u00e7amento de 2027.<\/p>\n","protected":false},"excerpt":{"rendered":"<p>Nesta segunda-feira (31), o governo federal enviou ao Congresso Nacional o projeto da Lei Or\u00e7ament\u00e1ria Anual (PLOA) de 2027, que inclui as primeiras proje\u00e7\u00f5es de arrecada\u00e7\u00e3o dos novos tributos resultantes da reforma tribut\u00e1ria. A expectativa \u00e9 de que a Contribui\u00e7\u00e3o sobre Bens e Servi\u00e7os (CBS), a ser gerida pela Uni\u00e3o, arrecade R$ 636 bilh\u00f5es no &hellip;<\/p>\n","protected":false},"author":5,"featured_media":122964,"comment_status":"open","ping_status":"closed","sticky":false,"template":"","format":"standard","meta":{"footnotes":""},"categories":[101,820,94,186,129],"tags":[],"class_list":["post-122963","post","type-post","status-publish","format-standard","has-post-thumbnail","hentry","category-economia","category-educacao","category-meio-ambiente","category-politica","category-saude"],"yoast_head":"<!-- This site is optimized with the Yoast SEO plugin v28.3 - https:\/\/yoast.com\/product\/yoast-seo-wordpress\/ -->\n<title>Governo projeta arrecada\u00e7\u00e3o de R$ 636 bilh\u00f5es com nova CBS em 2027 - Ribeir\u00e3o Preto e Regi\u00e3o<\/title>\n<meta name=\"robots\" content=\"index, follow, max-snippet:-1, max-image-preview:large, max-video-preview:-1\" \/>\n<link rel=\"canonical\" href=\"https:\/\/redenoticiaz.com.br\/ribeiraopreto-regiao\/sp\/2026\/08\/31\/governo-projeta-arrecadacao-de-r-636-bilhoes-com-nova-cbs-em-2027\" \/>\n<meta property=\"og:locale\" content=\"pt_BR\" \/>\n<meta property=\"og:type\" content=\"article\" \/>\n<meta property=\"og:title\" content=\"Governo projeta arrecada\u00e7\u00e3o de R$ 636 bilh\u00f5es com nova CBS em 2027 - Ribeir\u00e3o Preto e Regi\u00e3o\" \/>\n<meta property=\"og:description\" content=\"Nesta segunda-feira (31), o governo federal enviou ao Congresso Nacional o projeto da Lei Or\u00e7ament\u00e1ria Anual (PLOA) de 2027, que inclui as primeiras proje\u00e7\u00f5es de arrecada\u00e7\u00e3o dos novos tributos resultantes da reforma tribut\u00e1ria. A expectativa \u00e9 de que a Contribui\u00e7\u00e3o sobre Bens e Servi\u00e7os (CBS), a ser gerida pela Uni\u00e3o, arrecade R$ 636 bilh\u00f5es no &hellip;\" \/>\n<meta property=\"og:url\" content=\"https:\/\/redenoticiaz.com.br\/ribeiraopreto-regiao\/sp\/2026\/08\/31\/governo-projeta-arrecadacao-de-r-636-bilhoes-com-nova-cbs-em-2027\" \/>\n<meta property=\"og:site_name\" content=\"Ribeir\u00e3o Preto e Regi\u00e3o\" \/>\n<meta property=\"article:publisher\" content=\"https:\/\/m.facebook.com\/redenoticiaz.barretos\" \/>\n<meta property=\"article:published_time\" content=\"2026-09-01T00:00:03+00:00\" \/>\n<meta property=\"og:image\" content=\"https:\/\/redenoticiaz.com.br\/ribeiraopreto-regiao\/wp-content\/uploads\/sites\/4\/2022\/02\/logo.jpg\" \/>\n\t<meta property=\"og:image:width\" content=\"400\" \/>\n\t<meta property=\"og:image:height\" content=\"250\" \/>\n\t<meta property=\"og:image:type\" content=\"image\/jpeg\" \/>\n<meta name=\"author\" content=\"Patr\u00edcia Prado\" \/>\n<meta name=\"twitter:card\" content=\"summary_large_image\" \/>\n<meta name=\"twitter:creator\" content=\"@RN_barretos\" \/>\n<meta name=\"twitter:site\" content=\"@RN_barretos\" \/>\n<meta name=\"twitter:label1\" content=\"Escrito por\" \/>\n\t<meta name=\"twitter:data1\" content=\"Patr\u00edcia Prado\" \/>\n\t<meta name=\"twitter:label2\" content=\"Est. tempo de leitura\" \/>\n\t<meta name=\"twitter:data2\" content=\"3 minutos\" \/>\n<script type=\"application\/ld+json\" class=\"yoast-schema-graph\">{\"@context\":\"https:\\\/\\\/schema.org\",\"@graph\":[{\"@type\":\"Article\",\"@id\":\"https:\\\/\\\/redenoticiaz.com.br\\\/ribeiraopreto-regiao\\\/sp\\\/2026\\\/08\\\/31\\\/governo-projeta-arrecadacao-de-r-636-bilhoes-com-nova-cbs-em-2027#article\",\"isPartOf\":{\"@id\":\"https:\\\/\\\/redenoticiaz.com.br\\\/ribeiraopreto-regiao\\\/sp\\\/2026\\\/08\\\/31\\\/governo-projeta-arrecadacao-de-r-636-bilhoes-com-nova-cbs-em-2027\"},\"author\":{\"name\":\"Patr\u00edcia Prado\",\"@id\":\"https:\\\/\\\/redenoticiaz.com.br\\\/ribeiraopreto-regiao\\\/#\\\/schema\\\/person\\\/e1b0bd8c2637e2c1b6ddcbc2c33b116f\"},\"headline\":\"Governo projeta arrecada\u00e7\u00e3o de R$ 636 bilh\u00f5es com nova CBS em 2027\",\"datePublished\":\"2026-09-01T00:00:03+00:00\",\"mainEntityOfPage\":{\"@id\":\"https:\\\/\\\/redenoticiaz.com.br\\\/ribeiraopreto-regiao\\\/sp\\\/2026\\\/08\\\/31\\\/governo-projeta-arrecadacao-de-r-636-bilhoes-com-nova-cbs-em-2027\"},\"wordCount\":521,\"commentCount\":0,\"publisher\":{\"@id\":\"https:\\\/\\\/redenoticiaz.com.br\\\/ribeiraopreto-regiao\\\/#organization\"},\"image\":{\"@id\":\"https:\\\/\\\/redenoticiaz.com.br\\\/ribeiraopreto-regiao\\\/sp\\\/2026\\\/08\\\/31\\\/governo-projeta-arrecadacao-de-r-636-bilhoes-com-nova-cbs-em-2027#primaryimage\"},\"thumbnailUrl\":\"https:\\\/\\\/redenoticiaz.com.br\\\/ribeiraopreto-regiao\\\/wp-content\\\/uploads\\\/sites\\\/4\\\/2026\\\/08\\\/economia_1609210412_0.jpg\",\"articleSection\":[\"Economia\",\"Educa\u00e7\u00e3o\",\"Meio Ambiente\",\"Pol\u00edtica\",\"Sa\u00fade\"],\"inLanguage\":\"pt-BR\",\"potentialAction\":[{\"@type\":\"CommentAction\",\"name\":\"Comment\",\"target\":[\"https:\\\/\\\/redenoticiaz.com.br\\\/ribeiraopreto-regiao\\\/sp\\\/2026\\\/08\\\/31\\\/governo-projeta-arrecadacao-de-r-636-bilhoes-com-nova-cbs-em-2027#respond\"]}]},{\"@type\":\"WebPage\",\"@id\":\"https:\\\/\\\/redenoticiaz.com.br\\\/ribeiraopreto-regiao\\\/sp\\\/2026\\\/08\\\/31\\\/governo-projeta-arrecadacao-de-r-636-bilhoes-com-nova-cbs-em-2027\",\"url\":\"https:\\\/\\\/redenoticiaz.com.br\\\/ribeiraopreto-regiao\\\/sp\\\/2026\\\/08\\\/31\\\/governo-projeta-arrecadacao-de-r-636-bilhoes-com-nova-cbs-em-2027\",\"name\":\"Governo projeta arrecada\u00e7\u00e3o de R$ 636 bilh\u00f5es com nova CBS em 2027 - Ribeir\u00e3o Preto e Regi\u00e3o\",\"isPartOf\":{\"@id\":\"https:\\\/\\\/redenoticiaz.com.br\\\/ribeiraopreto-regiao\\\/#website\"},\"primaryImageOfPage\":{\"@id\":\"https:\\\/\\\/redenoticiaz.com.br\\\/ribeiraopreto-regiao\\\/sp\\\/2026\\\/08\\\/31\\\/governo-projeta-arrecadacao-de-r-636-bilhoes-com-nova-cbs-em-2027#primaryimage\"},\"image\":{\"@id\":\"https:\\\/\\\/redenoticiaz.com.br\\\/ribeiraopreto-regiao\\\/sp\\\/2026\\\/08\\\/31\\\/governo-projeta-arrecadacao-de-r-636-bilhoes-com-nova-cbs-em-2027#primaryimage\"},\"thumbnailUrl\":\"https:\\\/\\\/redenoticiaz.com.br\\\/ribeiraopreto-regiao\\\/wp-content\\\/uploads\\\/sites\\\/4\\\/2026\\\/08\\\/economia_1609210412_0.jpg\",\"datePublished\":\"2026-09-01T00:00:03+00:00\",\"inLanguage\":\"pt-BR\",\"potentialAction\":[{\"@type\":\"ReadAction\",\"target\":[\"https:\\\/\\\/redenoticiaz.com.br\\\/ribeiraopreto-regiao\\\/sp\\\/2026\\\/08\\\/31\\\/governo-projeta-arrecadacao-de-r-636-bilhoes-com-nova-cbs-em-2027\"]}]},{\"@type\":\"ImageObject\",\"inLanguage\":\"pt-BR\",\"@id\":\"https:\\\/\\\/redenoticiaz.com.br\\\/ribeiraopreto-regiao\\\/sp\\\/2026\\\/08\\\/31\\\/governo-projeta-arrecadacao-de-r-636-bilhoes-com-nova-cbs-em-2027#primaryimage\",\"url\":\"https:\\\/\\\/redenoticiaz.com.br\\\/ribeiraopreto-regiao\\\/wp-content\\\/uploads\\\/sites\\\/4\\\/2026\\\/08\\\/economia_1609210412_0.jpg\",\"contentUrl\":\"https:\\\/\\\/redenoticiaz.com.br\\\/ribeiraopreto-regiao\\\/wp-content\\\/uploads\\\/sites\\\/4\\\/2026\\\/08\\\/economia_1609210412_0.jpg\",\"width\":1600,\"height\":800},{\"@type\":\"WebSite\",\"@id\":\"https:\\\/\\\/redenoticiaz.com.br\\\/ribeiraopreto-regiao\\\/#website\",\"url\":\"https:\\\/\\\/redenoticiaz.com.br\\\/ribeiraopreto-regiao\\\/\",\"name\":\"Ribeir\u00e3o Preto e Regi\u00e3o\",\"description\":\"Rede NoticiaZ - Ribeir\u00e3o Preto e regi\u00e3o\",\"publisher\":{\"@id\":\"https:\\\/\\\/redenoticiaz.com.br\\\/ribeiraopreto-regiao\\\/#organization\"},\"potentialAction\":[{\"@type\":\"SearchAction\",\"target\":{\"@type\":\"EntryPoint\",\"urlTemplate\":\"https:\\\/\\\/redenoticiaz.com.br\\\/ribeiraopreto-regiao\\\/?s={search_term_string}\"},\"query-input\":{\"@type\":\"PropertyValueSpecification\",\"valueRequired\":true,\"valueName\":\"search_term_string\"}}],\"inLanguage\":\"pt-BR\"},{\"@type\":\"Organization\",\"@id\":\"https:\\\/\\\/redenoticiaz.com.br\\\/ribeiraopreto-regiao\\\/#organization\",\"name\":\"Ribeir\u00e3o Preto e Regi\u00e3o\",\"url\":\"https:\\\/\\\/redenoticiaz.com.br\\\/ribeiraopreto-regiao\\\/\",\"logo\":{\"@type\":\"ImageObject\",\"inLanguage\":\"pt-BR\",\"@id\":\"https:\\\/\\\/redenoticiaz.com.br\\\/ribeiraopreto-regiao\\\/#\\\/schema\\\/logo\\\/image\\\/\",\"url\":\"https:\\\/\\\/redenoticiaz.com.br\\\/barretos-regiao\\\/wp-content\\\/uploads\\\/sites\\\/4\\\/2022\\\/02\\\/logo.jpg\",\"contentUrl\":\"https:\\\/\\\/redenoticiaz.com.br\\\/barretos-regiao\\\/wp-content\\\/uploads\\\/sites\\\/4\\\/2022\\\/02\\\/logo.jpg\",\"width\":400,\"height\":250,\"caption\":\"Ribeir\u00e3o Preto e Regi\u00e3o\"},\"image\":{\"@id\":\"https:\\\/\\\/redenoticiaz.com.br\\\/ribeiraopreto-regiao\\\/#\\\/schema\\\/logo\\\/image\\\/\"},\"sameAs\":[\"https:\\\/\\\/m.facebook.com\\\/redenoticiaz.barretos\",\"https:\\\/\\\/x.com\\\/RN_barretos\",\"https:\\\/\\\/www.instagram.com\\\/redenoticiaz.barretos\\\/?igshid=YmMyMTA2M2Y\",\"https:\\\/\\\/www.linkedin.com\\\/company\\\/rede-noticiaz-barretos-e-regio\\\/\"]},{\"@type\":\"Person\",\"@id\":\"https:\\\/\\\/redenoticiaz.com.br\\\/ribeiraopreto-regiao\\\/#\\\/schema\\\/person\\\/e1b0bd8c2637e2c1b6ddcbc2c33b116f\",\"name\":\"Patr\u00edcia Prado\",\"image\":{\"@type\":\"ImageObject\",\"inLanguage\":\"pt-BR\",\"@id\":\"https:\\\/\\\/secure.gravatar.com\\\/avatar\\\/92e358bef22cfcec15e054ae4d9fee04dadf0c772dc4a17b382b8a34a15354c2?s=96&d=mm&r=g\",\"url\":\"https:\\\/\\\/secure.gravatar.com\\\/avatar\\\/92e358bef22cfcec15e054ae4d9fee04dadf0c772dc4a17b382b8a34a15354c2?s=96&d=mm&r=g\",\"contentUrl\":\"https:\\\/\\\/secure.gravatar.com\\\/avatar\\\/92e358bef22cfcec15e054ae4d9fee04dadf0c772dc4a17b382b8a34a15354c2?s=96&d=mm&r=g\",\"caption\":\"Patr\u00edcia Prado\"},\"url\":\"https:\\\/\\\/redenoticiaz.com.br\\\/ribeiraopreto-regiao\\\/sp\\\/author\\\/patricia-prado\"}]}<\/script>\n<!-- \/ Yoast SEO plugin. -->","yoast_head_json":{"title":"Governo projeta arrecada\u00e7\u00e3o de R$ 636 bilh\u00f5es com nova CBS em 2027 - Ribeir\u00e3o Preto e Regi\u00e3o","robots":{"index":"index","follow":"follow","max-snippet":"max-snippet:-1","max-image-preview":"max-image-preview:large","max-video-preview":"max-video-preview:-1"},"canonical":"https:\/\/redenoticiaz.com.br\/ribeiraopreto-regiao\/sp\/2026\/08\/31\/governo-projeta-arrecadacao-de-r-636-bilhoes-com-nova-cbs-em-2027","og_locale":"pt_BR","og_type":"article","og_title":"Governo projeta arrecada\u00e7\u00e3o de R$ 636 bilh\u00f5es com nova CBS em 2027 - Ribeir\u00e3o Preto e Regi\u00e3o","og_description":"Nesta segunda-feira (31), o governo federal enviou ao Congresso Nacional o projeto da Lei Or\u00e7ament\u00e1ria Anual (PLOA) de 2027, que inclui as primeiras proje\u00e7\u00f5es de arrecada\u00e7\u00e3o dos novos tributos resultantes da reforma tribut\u00e1ria. A expectativa \u00e9 de que a Contribui\u00e7\u00e3o sobre Bens e Servi\u00e7os (CBS), a ser gerida pela Uni\u00e3o, arrecade R$ 636 bilh\u00f5es no &hellip;","og_url":"https:\/\/redenoticiaz.com.br\/ribeiraopreto-regiao\/sp\/2026\/08\/31\/governo-projeta-arrecadacao-de-r-636-bilhoes-com-nova-cbs-em-2027","og_site_name":"Ribeir\u00e3o Preto e Regi\u00e3o","article_publisher":"https:\/\/m.facebook.com\/redenoticiaz.barretos","article_published_time":"2026-09-01T00:00:03+00:00","og_image":[{"width":400,"height":250,"url":"https:\/\/redenoticiaz.com.br\/ribeiraopreto-regiao\/wp-content\/uploads\/sites\/4\/2022\/02\/logo.jpg","type":"image\/jpeg"}],"author":"Patr\u00edcia Prado","twitter_card":"summary_large_image","twitter_creator":"@RN_barretos","twitter_site":"@RN_barretos","twitter_misc":{"Escrito por":"Patr\u00edcia Prado","Est. tempo de leitura":"3 minutos"},"schema":{"@context":"https:\/\/schema.org","@graph":[{"@type":"Article","@id":"https:\/\/redenoticiaz.com.br\/ribeiraopreto-regiao\/sp\/2026\/08\/31\/governo-projeta-arrecadacao-de-r-636-bilhoes-com-nova-cbs-em-2027#article","isPartOf":{"@id":"https:\/\/redenoticiaz.com.br\/ribeiraopreto-regiao\/sp\/2026\/08\/31\/governo-projeta-arrecadacao-de-r-636-bilhoes-com-nova-cbs-em-2027"},"author":{"name":"Patr\u00edcia Prado","@id":"https:\/\/redenoticiaz.com.br\/ribeiraopreto-regiao\/#\/schema\/person\/e1b0bd8c2637e2c1b6ddcbc2c33b116f"},"headline":"Governo projeta arrecada\u00e7\u00e3o de R$ 636 bilh\u00f5es com nova CBS em 2027","datePublished":"2026-09-01T00:00:03+00:00","mainEntityOfPage":{"@id":"https:\/\/redenoticiaz.com.br\/ribeiraopreto-regiao\/sp\/2026\/08\/31\/governo-projeta-arrecadacao-de-r-636-bilhoes-com-nova-cbs-em-2027"},"wordCount":521,"commentCount":0,"publisher":{"@id":"https:\/\/redenoticiaz.com.br\/ribeiraopreto-regiao\/#organization"},"image":{"@id":"https:\/\/redenoticiaz.com.br\/ribeiraopreto-regiao\/sp\/2026\/08\/31\/governo-projeta-arrecadacao-de-r-636-bilhoes-com-nova-cbs-em-2027#primaryimage"},"thumbnailUrl":"https:\/\/redenoticiaz.com.br\/ribeiraopreto-regiao\/wp-content\/uploads\/sites\/4\/2026\/08\/economia_1609210412_0.jpg","articleSection":["Economia","Educa\u00e7\u00e3o","Meio Ambiente","Pol\u00edtica","Sa\u00fade"],"inLanguage":"pt-BR","potentialAction":[{"@type":"CommentAction","name":"Comment","target":["https:\/\/redenoticiaz.com.br\/ribeiraopreto-regiao\/sp\/2026\/08\/31\/governo-projeta-arrecadacao-de-r-636-bilhoes-com-nova-cbs-em-2027#respond"]}]},{"@type":"WebPage","@id":"https:\/\/redenoticiaz.com.br\/ribeiraopreto-regiao\/sp\/2026\/08\/31\/governo-projeta-arrecadacao-de-r-636-bilhoes-com-nova-cbs-em-2027","url":"https:\/\/redenoticiaz.com.br\/ribeiraopreto-regiao\/sp\/2026\/08\/31\/governo-projeta-arrecadacao-de-r-636-bilhoes-com-nova-cbs-em-2027","name":"Governo projeta arrecada\u00e7\u00e3o de R$ 636 bilh\u00f5es com nova CBS em 2027 - Ribeir\u00e3o Preto e Regi\u00e3o","isPartOf":{"@id":"https:\/\/redenoticiaz.com.br\/ribeiraopreto-regiao\/#website"},"primaryImageOfPage":{"@id":"https:\/\/redenoticiaz.com.br\/ribeiraopreto-regiao\/sp\/2026\/08\/31\/governo-projeta-arrecadacao-de-r-636-bilhoes-com-nova-cbs-em-2027#primaryimage"},"image":{"@id":"https:\/\/redenoticiaz.com.br\/ribeiraopreto-regiao\/sp\/2026\/08\/31\/governo-projeta-arrecadacao-de-r-636-bilhoes-com-nova-cbs-em-2027#primaryimage"},"thumbnailUrl":"https:\/\/redenoticiaz.com.br\/ribeiraopreto-regiao\/wp-content\/uploads\/sites\/4\/2026\/08\/economia_1609210412_0.jpg","datePublished":"2026-09-01T00:00:03+00:00","inLanguage":"pt-BR","potentialAction":[{"@type":"ReadAction","target":["https:\/\/redenoticiaz.com.br\/ribeiraopreto-regiao\/sp\/2026\/08\/31\/governo-projeta-arrecadacao-de-r-636-bilhoes-com-nova-cbs-em-2027"]}]},{"@type":"ImageObject","inLanguage":"pt-BR","@id":"https:\/\/redenoticiaz.com.br\/ribeiraopreto-regiao\/sp\/2026\/08\/31\/governo-projeta-arrecadacao-de-r-636-bilhoes-com-nova-cbs-em-2027#primaryimage","url":"https:\/\/redenoticiaz.com.br\/ribeiraopreto-regiao\/wp-content\/uploads\/sites\/4\/2026\/08\/economia_1609210412_0.jpg","contentUrl":"https:\/\/redenoticiaz.com.br\/ribeiraopreto-regiao\/wp-content\/uploads\/sites\/4\/2026\/08\/economia_1609210412_0.jpg","width":1600,"height":800},{"@type":"WebSite","@id":"https:\/\/redenoticiaz.com.br\/ribeiraopreto-regiao\/#website","url":"https:\/\/redenoticiaz.com.br\/ribeiraopreto-regiao\/","name":"Ribeir\u00e3o Preto e Regi\u00e3o","description":"Rede NoticiaZ - Ribeir\u00e3o Preto e regi\u00e3o","publisher":{"@id":"https:\/\/redenoticiaz.com.br\/ribeiraopreto-regiao\/#organization"},"potentialAction":[{"@type":"SearchAction","target":{"@type":"EntryPoint","urlTemplate":"https:\/\/redenoticiaz.com.br\/ribeiraopreto-regiao\/?s={search_term_string}"},"query-input":{"@type":"PropertyValueSpecification","valueRequired":true,"valueName":"search_term_string"}}],"inLanguage":"pt-BR"},{"@type":"Organization","@id":"https:\/\/redenoticiaz.com.br\/ribeiraopreto-regiao\/#organization","name":"Ribeir\u00e3o Preto e Regi\u00e3o","url":"https:\/\/redenoticiaz.com.br\/ribeiraopreto-regiao\/","logo":{"@type":"ImageObject","inLanguage":"pt-BR","@id":"https:\/\/redenoticiaz.com.br\/ribeiraopreto-regiao\/#\/schema\/logo\/image\/","url":"https:\/\/redenoticiaz.com.br\/barretos-regiao\/wp-content\/uploads\/sites\/4\/2022\/02\/logo.jpg","contentUrl":"https:\/\/redenoticiaz.com.br\/barretos-regiao\/wp-content\/uploads\/sites\/4\/2022\/02\/logo.jpg","width":400,"height":250,"caption":"Ribeir\u00e3o Preto e Regi\u00e3o"},"image":{"@id":"https:\/\/redenoticiaz.com.br\/ribeiraopreto-regiao\/#\/schema\/logo\/image\/"},"sameAs":["https:\/\/m.facebook.com\/redenoticiaz.barretos","https:\/\/x.com\/RN_barretos","https:\/\/www.instagram.com\/redenoticiaz.barretos\/?igshid=YmMyMTA2M2Y","https:\/\/www.linkedin.com\/company\/rede-noticiaz-barretos-e-regio\/"]},{"@type":"Person","@id":"https:\/\/redenoticiaz.com.br\/ribeiraopreto-regiao\/#\/schema\/person\/e1b0bd8c2637e2c1b6ddcbc2c33b116f","name":"Patr\u00edcia Prado","image":{"@type":"ImageObject","inLanguage":"pt-BR","@id":"https:\/\/secure.gravatar.com\/avatar\/92e358bef22cfcec15e054ae4d9fee04dadf0c772dc4a17b382b8a34a15354c2?s=96&d=mm&r=g","url":"https:\/\/secure.gravatar.com\/avatar\/92e358bef22cfcec15e054ae4d9fee04dadf0c772dc4a17b382b8a34a15354c2?s=96&d=mm&r=g","contentUrl":"https:\/\/secure.gravatar.com\/avatar\/92e358bef22cfcec15e054ae4d9fee04dadf0c772dc4a17b382b8a34a15354c2?s=96&d=mm&r=g","caption":"Patr\u00edcia Prado"},"url":"https:\/\/redenoticiaz.com.br\/ribeiraopreto-regiao\/sp\/author\/patricia-prado"}]}},"_links":{"self":[{"href":"https:\/\/redenoticiaz.com.br\/ribeiraopreto-regiao\/wp-json\/wp\/v2\/posts\/122963","targetHints":{"allow":["GET"]}}],"collection":[{"href":"https:\/\/redenoticiaz.com.br\/ribeiraopreto-regiao\/wp-json\/wp\/v2\/posts"}],"about":[{"href":"https:\/\/redenoticiaz.com.br\/ribeiraopreto-regiao\/wp-json\/wp\/v2\/types\/post"}],"author":[{"embeddable":true,"href":"https:\/\/redenoticiaz.com.br\/ribeiraopreto-regiao\/wp-json\/wp\/v2\/users\/5"}],"replies":[{"embeddable":true,"href":"https:\/\/redenoticiaz.com.br\/ribeiraopreto-regiao\/wp-json\/wp\/v2\/comments?post=122963"}],"version-history":[{"count":0,"href":"https:\/\/redenoticiaz.com.br\/ribeiraopreto-regiao\/wp-json\/wp\/v2\/posts\/122963\/revisions"}],"wp:featuredmedia":[{"embeddable":true,"href":"https:\/\/redenoticiaz.com.br\/ribeiraopreto-regiao\/wp-json\/wp\/v2\/media\/122964"}],"wp:attachment":[{"href":"https:\/\/redenoticiaz.com.br\/ribeiraopreto-regiao\/wp-json\/wp\/v2\/media?parent=122963"}],"wp:term":[{"taxonomy":"category","embeddable":true,"href":"https:\/\/redenoticiaz.com.br\/ribeiraopreto-regiao\/wp-json\/wp\/v2\/categories?post=122963"},{"taxonomy":"post_tag","embeddable":true,"href":"https:\/\/redenoticiaz.com.br\/ribeiraopreto-regiao\/wp-json\/wp\/v2\/tags?post=122963"}],"curies":[{"name":"wp","href":"https:\/\/api.w.org\/{rel}","templated":true}]}}