{"id":122972,"date":"2026-08-31T23:04:54","date_gmt":"2026-09-01T02:04:54","guid":{"rendered":"https:\/\/redenoticiaz.com.br\/ribeiraopreto-regiao\/sp\/2026\/08\/31\/ebc-inaugura-centro-de-inovacao-e-pesquisa-em-comunicacao-publica"},"modified":"2026-08-31T23:04:54","modified_gmt":"2026-09-01T02:04:54","slug":"ebc-inaugura-centro-de-inovacao-e-pesquisa-em-comunicacao-publica","status":"publish","type":"post","link":"https:\/\/redenoticiaz.com.br\/ribeiraopreto-regiao\/sp\/2026\/08\/31\/ebc-inaugura-centro-de-inovacao-e-pesquisa-em-comunicacao-publica","title":{"rendered":"EBC inaugura Centro de Inova\u00e7\u00e3o e Pesquisa em Comunica\u00e7\u00e3o P\u00fablica"},"content":{"rendered":"<p>A Empresa Brasil de Comunica\u00e7\u00e3o (EBC) lan\u00e7ou, nesta segunda-feira (31), o Centro de Inova\u00e7\u00e3o e Pesquisa em Comunica\u00e7\u00e3o P\u00fablica (CIP\u00fablica), um novo espa\u00e7o voltado para inova\u00e7\u00e3o e produ\u00e7\u00e3o de conhecimento.<\/p>\n<p>O CIP\u00fablica ter\u00e1 como foco coordenar e promover a\u00e7\u00f5es de ci\u00eancia, tecnologia e inova\u00e7\u00e3o, facilitando o desenvolvimento de projetos e parcerias da EBC com outras organiza\u00e7\u00f5es. O objetivo \u00e9 criar uma cultura que estimule novas ideias e iniciativas em diversas \u00e1reas, abordando temas como Intelig\u00eancia Artificial e TV 3.0.<\/p>\n<p>Thiago Regotto, diretor-geral da EBC, destacou a import\u00e2ncia do CIP\u00fablica para a empresa: &#8220;Esse centro representa um passo importante para consolidar uma cultura permanente de inova\u00e7\u00e3o, pesquisa e produ\u00e7\u00e3o de conhecimento&#8221;. Segundo ele, o projeto permitir\u00e1 uma aproxima\u00e7\u00e3o maior entre a EBC, universidades, pesquisadores e outras institui\u00e7\u00f5es.<\/p>\n<p>Jonas Valente, gerente de Inova\u00e7\u00e3o e Tecnologia da EBC, acrescentou que o centro visa facilitar projetos de ci\u00eancia, tecnologia e inova\u00e7\u00e3o voltados para o campo p\u00fablico, fortalecendo a comunica\u00e7\u00e3o no Brasil. O CIP\u00fablica ser\u00e1 respons\u00e1vel pela implementa\u00e7\u00e3o da Pol\u00edtica de Inova\u00e7\u00e3o da EBC, aprovada em maio deste ano, que busca modernizar as atividades da empresa e promover di\u00e1logos com institui\u00e7\u00f5es e grupos de pesquisa.<\/p>\n<p>Uma das primeiras iniciativas do CIP\u00fablica \u00e9 a cria\u00e7\u00e3o do Reposit\u00f3rio de Pesquisa em Comunica\u00e7\u00e3o P\u00fablica, que reunir\u00e1 publica\u00e7\u00f5es acad\u00eamicas e t\u00e9cnicas sobre o tema. Este reposit\u00f3rio estar\u00e1 dispon\u00edvel no website do CIP\u00fablica e dar\u00e1 visibilidade a pesquisadores da EBC e de outras institui\u00e7\u00f5es. No in\u00edcio, ser\u00e3o convocados os empregados da EBC a compartilharem seus trabalhos, e posteriormente, pesquisadores externos ser\u00e3o convidados a cadastrar suas produ\u00e7\u00f5es.<\/p>\n<p>Valente ressaltou que a ideia \u00e9 criar um hub de conhecimento acess\u00edvel sobre comunica\u00e7\u00e3o p\u00fablica, valorizando tanto os pesquisadores da EBC quanto os de fora. Al\u00e9m disso, os trabalhos enviados ser\u00e3o analisados para garantir que atendam aos requisitos de produ\u00e7\u00e3o acad\u00eamica e t\u00e9cnica, respeitando a independ\u00eancia dos autores.<\/p>\n<p>Outra a\u00e7\u00e3o do CIP\u00fablica ser\u00e1 o lan\u00e7amento de um pitching interno de inova\u00e7\u00e3o, onde empregados poder\u00e3o propor novas formas de melhorar processos da EBC. Ser\u00e3o selecionadas as tr\u00eas melhores propostas, que receber\u00e3o apoio metodol\u00f3gico e discuss\u00f5es sobre a viabilidade de implementa\u00e7\u00e3o. O cronograma do pitching ocorrer\u00e1 de 1\u00ba de setembro at\u00e9 a segunda semana de novembro, quando ser\u00e3o apresentados os pilotos para as \u00e1reas envolvidas.<\/p>\n","protected":false},"excerpt":{"rendered":"<p>A Empresa Brasil de Comunica\u00e7\u00e3o (EBC) lan\u00e7ou, nesta segunda-feira (31), o Centro de Inova\u00e7\u00e3o e Pesquisa em Comunica\u00e7\u00e3o P\u00fablica (CIP\u00fablica), um novo espa\u00e7o voltado para inova\u00e7\u00e3o e produ\u00e7\u00e3o de conhecimento. O CIP\u00fablica ter\u00e1 como foco coordenar e promover a\u00e7\u00f5es de ci\u00eancia, tecnologia e inova\u00e7\u00e3o, facilitando o desenvolvimento de projetos e parcerias da EBC com outras &hellip;<\/p>\n","protected":false},"author":5,"featured_media":122973,"comment_status":"open","ping_status":"closed","sticky":false,"template":"","format":"standard","meta":{"footnotes":""},"categories":[469,101,820,186,1561],"tags":[],"class_list":["post-122972","post","type-post","status-publish","format-standard","has-post-thumbnail","hentry","category-cultura","category-economia","category-educacao","category-politica","category-tecnologia"],"yoast_head":"<!-- This site is optimized with the Yoast SEO plugin v28.3 - https:\/\/yoast.com\/product\/yoast-seo-wordpress\/ -->\n<title>EBC inaugura Centro de Inova\u00e7\u00e3o e Pesquisa em Comunica\u00e7\u00e3o P\u00fablica - Ribeir\u00e3o Preto e Regi\u00e3o<\/title>\n<meta name=\"robots\" content=\"index, follow, max-snippet:-1, max-image-preview:large, max-video-preview:-1\" \/>\n<link rel=\"canonical\" href=\"https:\/\/redenoticiaz.com.br\/ribeiraopreto-regiao\/sp\/2026\/08\/31\/ebc-inaugura-centro-de-inovacao-e-pesquisa-em-comunicacao-publica\" \/>\n<meta property=\"og:locale\" content=\"pt_BR\" \/>\n<meta property=\"og:type\" content=\"article\" \/>\n<meta property=\"og:title\" content=\"EBC inaugura Centro de Inova\u00e7\u00e3o e Pesquisa em Comunica\u00e7\u00e3o P\u00fablica - Ribeir\u00e3o Preto e Regi\u00e3o\" \/>\n<meta property=\"og:description\" content=\"A Empresa Brasil de Comunica\u00e7\u00e3o (EBC) lan\u00e7ou, nesta segunda-feira (31), o Centro de Inova\u00e7\u00e3o e Pesquisa em Comunica\u00e7\u00e3o P\u00fablica (CIP\u00fablica), um novo espa\u00e7o voltado para inova\u00e7\u00e3o e produ\u00e7\u00e3o de conhecimento. O CIP\u00fablica ter\u00e1 como foco coordenar e promover a\u00e7\u00f5es de ci\u00eancia, tecnologia e inova\u00e7\u00e3o, facilitando o desenvolvimento de projetos e parcerias da EBC com outras &hellip;\" \/>\n<meta property=\"og:url\" content=\"https:\/\/redenoticiaz.com.br\/ribeiraopreto-regiao\/sp\/2026\/08\/31\/ebc-inaugura-centro-de-inovacao-e-pesquisa-em-comunicacao-publica\" \/>\n<meta property=\"og:site_name\" content=\"Ribeir\u00e3o Preto e Regi\u00e3o\" \/>\n<meta property=\"article:publisher\" content=\"https:\/\/m.facebook.com\/redenoticiaz.barretos\" \/>\n<meta property=\"article:published_time\" content=\"2026-09-01T02:04:54+00:00\" \/>\n<meta property=\"og:image\" content=\"https:\/\/redenoticiaz.com.br\/ribeiraopreto-regiao\/wp-content\/uploads\/sites\/4\/2022\/02\/logo.jpg\" \/>\n\t<meta property=\"og:image:width\" content=\"400\" \/>\n\t<meta property=\"og:image:height\" content=\"250\" \/>\n\t<meta property=\"og:image:type\" content=\"image\/jpeg\" \/>\n<meta name=\"author\" content=\"Patr\u00edcia Prado\" \/>\n<meta name=\"twitter:card\" content=\"summary_large_image\" \/>\n<meta name=\"twitter:creator\" content=\"@RN_barretos\" \/>\n<meta name=\"twitter:site\" content=\"@RN_barretos\" \/>\n<meta name=\"twitter:label1\" content=\"Escrito por\" \/>\n\t<meta name=\"twitter:data1\" content=\"Patr\u00edcia Prado\" \/>\n\t<meta name=\"twitter:label2\" content=\"Est. tempo de leitura\" \/>\n\t<meta name=\"twitter:data2\" content=\"2 minutos\" \/>\n<script type=\"application\/ld+json\" class=\"yoast-schema-graph\">{\"@context\":\"https:\\\/\\\/schema.org\",\"@graph\":[{\"@type\":\"Article\",\"@id\":\"https:\\\/\\\/redenoticiaz.com.br\\\/ribeiraopreto-regiao\\\/sp\\\/2026\\\/08\\\/31\\\/ebc-inaugura-centro-de-inovacao-e-pesquisa-em-comunicacao-publica#article\",\"isPartOf\":{\"@id\":\"https:\\\/\\\/redenoticiaz.com.br\\\/ribeiraopreto-regiao\\\/sp\\\/2026\\\/08\\\/31\\\/ebc-inaugura-centro-de-inovacao-e-pesquisa-em-comunicacao-publica\"},\"author\":{\"name\":\"Patr\u00edcia Prado\",\"@id\":\"https:\\\/\\\/redenoticiaz.com.br\\\/ribeiraopreto-regiao\\\/#\\\/schema\\\/person\\\/e1b0bd8c2637e2c1b6ddcbc2c33b116f\"},\"headline\":\"EBC inaugura Centro de Inova\u00e7\u00e3o e Pesquisa em Comunica\u00e7\u00e3o P\u00fablica\",\"datePublished\":\"2026-09-01T02:04:54+00:00\",\"mainEntityOfPage\":{\"@id\":\"https:\\\/\\\/redenoticiaz.com.br\\\/ribeiraopreto-regiao\\\/sp\\\/2026\\\/08\\\/31\\\/ebc-inaugura-centro-de-inovacao-e-pesquisa-em-comunicacao-publica\"},\"wordCount\":446,\"commentCount\":0,\"publisher\":{\"@id\":\"https:\\\/\\\/redenoticiaz.com.br\\\/ribeiraopreto-regiao\\\/#organization\"},\"image\":{\"@id\":\"https:\\\/\\\/redenoticiaz.com.br\\\/ribeiraopreto-regiao\\\/sp\\\/2026\\\/08\\\/31\\\/ebc-inaugura-centro-de-inovacao-e-pesquisa-em-comunicacao-publica#primaryimage\"},\"thumbnailUrl\":\"https:\\\/\\\/redenoticiaz.com.br\\\/ribeiraopreto-regiao\\\/wp-content\\\/uploads\\\/sites\\\/4\\\/2026\\\/08\\\/cipublica.jpg\",\"articleSection\":[\"Cultura\",\"Economia\",\"Educa\u00e7\u00e3o\",\"Pol\u00edtica\",\"Tecnologia\"],\"inLanguage\":\"pt-BR\",\"potentialAction\":[{\"@type\":\"CommentAction\",\"name\":\"Comment\",\"target\":[\"https:\\\/\\\/redenoticiaz.com.br\\\/ribeiraopreto-regiao\\\/sp\\\/2026\\\/08\\\/31\\\/ebc-inaugura-centro-de-inovacao-e-pesquisa-em-comunicacao-publica#respond\"]}]},{\"@type\":\"WebPage\",\"@id\":\"https:\\\/\\\/redenoticiaz.com.br\\\/ribeiraopreto-regiao\\\/sp\\\/2026\\\/08\\\/31\\\/ebc-inaugura-centro-de-inovacao-e-pesquisa-em-comunicacao-publica\",\"url\":\"https:\\\/\\\/redenoticiaz.com.br\\\/ribeiraopreto-regiao\\\/sp\\\/2026\\\/08\\\/31\\\/ebc-inaugura-centro-de-inovacao-e-pesquisa-em-comunicacao-publica\",\"name\":\"EBC inaugura Centro de Inova\u00e7\u00e3o e Pesquisa em Comunica\u00e7\u00e3o P\u00fablica - Ribeir\u00e3o Preto e Regi\u00e3o\",\"isPartOf\":{\"@id\":\"https:\\\/\\\/redenoticiaz.com.br\\\/ribeiraopreto-regiao\\\/#website\"},\"primaryImageOfPage\":{\"@id\":\"https:\\\/\\\/redenoticiaz.com.br\\\/ribeiraopreto-regiao\\\/sp\\\/2026\\\/08\\\/31\\\/ebc-inaugura-centro-de-inovacao-e-pesquisa-em-comunicacao-publica#primaryimage\"},\"image\":{\"@id\":\"https:\\\/\\\/redenoticiaz.com.br\\\/ribeiraopreto-regiao\\\/sp\\\/2026\\\/08\\\/31\\\/ebc-inaugura-centro-de-inovacao-e-pesquisa-em-comunicacao-publica#primaryimage\"},\"thumbnailUrl\":\"https:\\\/\\\/redenoticiaz.com.br\\\/ribeiraopreto-regiao\\\/wp-content\\\/uploads\\\/sites\\\/4\\\/2026\\\/08\\\/cipublica.jpg\",\"datePublished\":\"2026-09-01T02:04:54+00:00\",\"inLanguage\":\"pt-BR\",\"potentialAction\":[{\"@type\":\"ReadAction\",\"target\":[\"https:\\\/\\\/redenoticiaz.com.br\\\/ribeiraopreto-regiao\\\/sp\\\/2026\\\/08\\\/31\\\/ebc-inaugura-centro-de-inovacao-e-pesquisa-em-comunicacao-publica\"]}]},{\"@type\":\"ImageObject\",\"inLanguage\":\"pt-BR\",\"@id\":\"https:\\\/\\\/redenoticiaz.com.br\\\/ribeiraopreto-regiao\\\/sp\\\/2026\\\/08\\\/31\\\/ebc-inaugura-centro-de-inovacao-e-pesquisa-em-comunicacao-publica#primaryimage\",\"url\":\"https:\\\/\\\/redenoticiaz.com.br\\\/ribeiraopreto-regiao\\\/wp-content\\\/uploads\\\/sites\\\/4\\\/2026\\\/08\\\/cipublica.jpg\",\"contentUrl\":\"https:\\\/\\\/redenoticiaz.com.br\\\/ribeiraopreto-regiao\\\/wp-content\\\/uploads\\\/sites\\\/4\\\/2026\\\/08\\\/cipublica.jpg\",\"width\":1600,\"height\":800},{\"@type\":\"WebSite\",\"@id\":\"https:\\\/\\\/redenoticiaz.com.br\\\/ribeiraopreto-regiao\\\/#website\",\"url\":\"https:\\\/\\\/redenoticiaz.com.br\\\/ribeiraopreto-regiao\\\/\",\"name\":\"Ribeir\u00e3o Preto e Regi\u00e3o\",\"description\":\"Rede NoticiaZ - Ribeir\u00e3o Preto e regi\u00e3o\",\"publisher\":{\"@id\":\"https:\\\/\\\/redenoticiaz.com.br\\\/ribeiraopreto-regiao\\\/#organization\"},\"potentialAction\":[{\"@type\":\"SearchAction\",\"target\":{\"@type\":\"EntryPoint\",\"urlTemplate\":\"https:\\\/\\\/redenoticiaz.com.br\\\/ribeiraopreto-regiao\\\/?s={search_term_string}\"},\"query-input\":{\"@type\":\"PropertyValueSpecification\",\"valueRequired\":true,\"valueName\":\"search_term_string\"}}],\"inLanguage\":\"pt-BR\"},{\"@type\":\"Organization\",\"@id\":\"https:\\\/\\\/redenoticiaz.com.br\\\/ribeiraopreto-regiao\\\/#organization\",\"name\":\"Ribeir\u00e3o Preto e Regi\u00e3o\",\"url\":\"https:\\\/\\\/redenoticiaz.com.br\\\/ribeiraopreto-regiao\\\/\",\"logo\":{\"@type\":\"ImageObject\",\"inLanguage\":\"pt-BR\",\"@id\":\"https:\\\/\\\/redenoticiaz.com.br\\\/ribeiraopreto-regiao\\\/#\\\/schema\\\/logo\\\/image\\\/\",\"url\":\"https:\\\/\\\/redenoticiaz.com.br\\\/barretos-regiao\\\/wp-content\\\/uploads\\\/sites\\\/4\\\/2022\\\/02\\\/logo.jpg\",\"contentUrl\":\"https:\\\/\\\/redenoticiaz.com.br\\\/barretos-regiao\\\/wp-content\\\/uploads\\\/sites\\\/4\\\/2022\\\/02\\\/logo.jpg\",\"width\":400,\"height\":250,\"caption\":\"Ribeir\u00e3o Preto e Regi\u00e3o\"},\"image\":{\"@id\":\"https:\\\/\\\/redenoticiaz.com.br\\\/ribeiraopreto-regiao\\\/#\\\/schema\\\/logo\\\/image\\\/\"},\"sameAs\":[\"https:\\\/\\\/m.facebook.com\\\/redenoticiaz.barretos\",\"https:\\\/\\\/x.com\\\/RN_barretos\",\"https:\\\/\\\/www.instagram.com\\\/redenoticiaz.barretos\\\/?igshid=YmMyMTA2M2Y\",\"https:\\\/\\\/www.linkedin.com\\\/company\\\/rede-noticiaz-barretos-e-regio\\\/\"]},{\"@type\":\"Person\",\"@id\":\"https:\\\/\\\/redenoticiaz.com.br\\\/ribeiraopreto-regiao\\\/#\\\/schema\\\/person\\\/e1b0bd8c2637e2c1b6ddcbc2c33b116f\",\"name\":\"Patr\u00edcia Prado\",\"image\":{\"@type\":\"ImageObject\",\"inLanguage\":\"pt-BR\",\"@id\":\"https:\\\/\\\/secure.gravatar.com\\\/avatar\\\/92e358bef22cfcec15e054ae4d9fee04dadf0c772dc4a17b382b8a34a15354c2?s=96&d=mm&r=g\",\"url\":\"https:\\\/\\\/secure.gravatar.com\\\/avatar\\\/92e358bef22cfcec15e054ae4d9fee04dadf0c772dc4a17b382b8a34a15354c2?s=96&d=mm&r=g\",\"contentUrl\":\"https:\\\/\\\/secure.gravatar.com\\\/avatar\\\/92e358bef22cfcec15e054ae4d9fee04dadf0c772dc4a17b382b8a34a15354c2?s=96&d=mm&r=g\",\"caption\":\"Patr\u00edcia Prado\"},\"url\":\"https:\\\/\\\/redenoticiaz.com.br\\\/ribeiraopreto-regiao\\\/sp\\\/author\\\/patricia-prado\"}]}<\/script>\n<!-- \/ Yoast SEO plugin. -->","yoast_head_json":{"title":"EBC inaugura Centro de Inova\u00e7\u00e3o e Pesquisa em Comunica\u00e7\u00e3o P\u00fablica - Ribeir\u00e3o Preto e Regi\u00e3o","robots":{"index":"index","follow":"follow","max-snippet":"max-snippet:-1","max-image-preview":"max-image-preview:large","max-video-preview":"max-video-preview:-1"},"canonical":"https:\/\/redenoticiaz.com.br\/ribeiraopreto-regiao\/sp\/2026\/08\/31\/ebc-inaugura-centro-de-inovacao-e-pesquisa-em-comunicacao-publica","og_locale":"pt_BR","og_type":"article","og_title":"EBC inaugura Centro de Inova\u00e7\u00e3o e Pesquisa em Comunica\u00e7\u00e3o P\u00fablica - Ribeir\u00e3o Preto e Regi\u00e3o","og_description":"A Empresa Brasil de Comunica\u00e7\u00e3o (EBC) lan\u00e7ou, nesta segunda-feira (31), o Centro de Inova\u00e7\u00e3o e Pesquisa em Comunica\u00e7\u00e3o P\u00fablica (CIP\u00fablica), um novo espa\u00e7o voltado para inova\u00e7\u00e3o e produ\u00e7\u00e3o de conhecimento. O CIP\u00fablica ter\u00e1 como foco coordenar e promover a\u00e7\u00f5es de ci\u00eancia, tecnologia e inova\u00e7\u00e3o, facilitando o desenvolvimento de projetos e parcerias da EBC com outras &hellip;","og_url":"https:\/\/redenoticiaz.com.br\/ribeiraopreto-regiao\/sp\/2026\/08\/31\/ebc-inaugura-centro-de-inovacao-e-pesquisa-em-comunicacao-publica","og_site_name":"Ribeir\u00e3o Preto e Regi\u00e3o","article_publisher":"https:\/\/m.facebook.com\/redenoticiaz.barretos","article_published_time":"2026-09-01T02:04:54+00:00","og_image":[{"width":400,"height":250,"url":"https:\/\/redenoticiaz.com.br\/ribeiraopreto-regiao\/wp-content\/uploads\/sites\/4\/2022\/02\/logo.jpg","type":"image\/jpeg"}],"author":"Patr\u00edcia Prado","twitter_card":"summary_large_image","twitter_creator":"@RN_barretos","twitter_site":"@RN_barretos","twitter_misc":{"Escrito por":"Patr\u00edcia Prado","Est. tempo de leitura":"2 minutos"},"schema":{"@context":"https:\/\/schema.org","@graph":[{"@type":"Article","@id":"https:\/\/redenoticiaz.com.br\/ribeiraopreto-regiao\/sp\/2026\/08\/31\/ebc-inaugura-centro-de-inovacao-e-pesquisa-em-comunicacao-publica#article","isPartOf":{"@id":"https:\/\/redenoticiaz.com.br\/ribeiraopreto-regiao\/sp\/2026\/08\/31\/ebc-inaugura-centro-de-inovacao-e-pesquisa-em-comunicacao-publica"},"author":{"name":"Patr\u00edcia Prado","@id":"https:\/\/redenoticiaz.com.br\/ribeiraopreto-regiao\/#\/schema\/person\/e1b0bd8c2637e2c1b6ddcbc2c33b116f"},"headline":"EBC inaugura Centro de Inova\u00e7\u00e3o e Pesquisa em Comunica\u00e7\u00e3o P\u00fablica","datePublished":"2026-09-01T02:04:54+00:00","mainEntityOfPage":{"@id":"https:\/\/redenoticiaz.com.br\/ribeiraopreto-regiao\/sp\/2026\/08\/31\/ebc-inaugura-centro-de-inovacao-e-pesquisa-em-comunicacao-publica"},"wordCount":446,"commentCount":0,"publisher":{"@id":"https:\/\/redenoticiaz.com.br\/ribeiraopreto-regiao\/#organization"},"image":{"@id":"https:\/\/redenoticiaz.com.br\/ribeiraopreto-regiao\/sp\/2026\/08\/31\/ebc-inaugura-centro-de-inovacao-e-pesquisa-em-comunicacao-publica#primaryimage"},"thumbnailUrl":"https:\/\/redenoticiaz.com.br\/ribeiraopreto-regiao\/wp-content\/uploads\/sites\/4\/2026\/08\/cipublica.jpg","articleSection":["Cultura","Economia","Educa\u00e7\u00e3o","Pol\u00edtica","Tecnologia"],"inLanguage":"pt-BR","potentialAction":[{"@type":"CommentAction","name":"Comment","target":["https:\/\/redenoticiaz.com.br\/ribeiraopreto-regiao\/sp\/2026\/08\/31\/ebc-inaugura-centro-de-inovacao-e-pesquisa-em-comunicacao-publica#respond"]}]},{"@type":"WebPage","@id":"https:\/\/redenoticiaz.com.br\/ribeiraopreto-regiao\/sp\/2026\/08\/31\/ebc-inaugura-centro-de-inovacao-e-pesquisa-em-comunicacao-publica","url":"https:\/\/redenoticiaz.com.br\/ribeiraopreto-regiao\/sp\/2026\/08\/31\/ebc-inaugura-centro-de-inovacao-e-pesquisa-em-comunicacao-publica","name":"EBC inaugura Centro de Inova\u00e7\u00e3o e Pesquisa em Comunica\u00e7\u00e3o P\u00fablica - Ribeir\u00e3o Preto e Regi\u00e3o","isPartOf":{"@id":"https:\/\/redenoticiaz.com.br\/ribeiraopreto-regiao\/#website"},"primaryImageOfPage":{"@id":"https:\/\/redenoticiaz.com.br\/ribeiraopreto-regiao\/sp\/2026\/08\/31\/ebc-inaugura-centro-de-inovacao-e-pesquisa-em-comunicacao-publica#primaryimage"},"image":{"@id":"https:\/\/redenoticiaz.com.br\/ribeiraopreto-regiao\/sp\/2026\/08\/31\/ebc-inaugura-centro-de-inovacao-e-pesquisa-em-comunicacao-publica#primaryimage"},"thumbnailUrl":"https:\/\/redenoticiaz.com.br\/ribeiraopreto-regiao\/wp-content\/uploads\/sites\/4\/2026\/08\/cipublica.jpg","datePublished":"2026-09-01T02:04:54+00:00","inLanguage":"pt-BR","potentialAction":[{"@type":"ReadAction","target":["https:\/\/redenoticiaz.com.br\/ribeiraopreto-regiao\/sp\/2026\/08\/31\/ebc-inaugura-centro-de-inovacao-e-pesquisa-em-comunicacao-publica"]}]},{"@type":"ImageObject","inLanguage":"pt-BR","@id":"https:\/\/redenoticiaz.com.br\/ribeiraopreto-regiao\/sp\/2026\/08\/31\/ebc-inaugura-centro-de-inovacao-e-pesquisa-em-comunicacao-publica#primaryimage","url":"https:\/\/redenoticiaz.com.br\/ribeiraopreto-regiao\/wp-content\/uploads\/sites\/4\/2026\/08\/cipublica.jpg","contentUrl":"https:\/\/redenoticiaz.com.br\/ribeiraopreto-regiao\/wp-content\/uploads\/sites\/4\/2026\/08\/cipublica.jpg","width":1600,"height":800},{"@type":"WebSite","@id":"https:\/\/redenoticiaz.com.br\/ribeiraopreto-regiao\/#website","url":"https:\/\/redenoticiaz.com.br\/ribeiraopreto-regiao\/","name":"Ribeir\u00e3o Preto e Regi\u00e3o","description":"Rede NoticiaZ - Ribeir\u00e3o Preto e regi\u00e3o","publisher":{"@id":"https:\/\/redenoticiaz.com.br\/ribeiraopreto-regiao\/#organization"},"potentialAction":[{"@type":"SearchAction","target":{"@type":"EntryPoint","urlTemplate":"https:\/\/redenoticiaz.com.br\/ribeiraopreto-regiao\/?s={search_term_string}"},"query-input":{"@type":"PropertyValueSpecification","valueRequired":true,"valueName":"search_term_string"}}],"inLanguage":"pt-BR"},{"@type":"Organization","@id":"https:\/\/redenoticiaz.com.br\/ribeiraopreto-regiao\/#organization","name":"Ribeir\u00e3o Preto e Regi\u00e3o","url":"https:\/\/redenoticiaz.com.br\/ribeiraopreto-regiao\/","logo":{"@type":"ImageObject","inLanguage":"pt-BR","@id":"https:\/\/redenoticiaz.com.br\/ribeiraopreto-regiao\/#\/schema\/logo\/image\/","url":"https:\/\/redenoticiaz.com.br\/barretos-regiao\/wp-content\/uploads\/sites\/4\/2022\/02\/logo.jpg","contentUrl":"https:\/\/redenoticiaz.com.br\/barretos-regiao\/wp-content\/uploads\/sites\/4\/2022\/02\/logo.jpg","width":400,"height":250,"caption":"Ribeir\u00e3o Preto e Regi\u00e3o"},"image":{"@id":"https:\/\/redenoticiaz.com.br\/ribeiraopreto-regiao\/#\/schema\/logo\/image\/"},"sameAs":["https:\/\/m.facebook.com\/redenoticiaz.barretos","https:\/\/x.com\/RN_barretos","https:\/\/www.instagram.com\/redenoticiaz.barretos\/?igshid=YmMyMTA2M2Y","https:\/\/www.linkedin.com\/company\/rede-noticiaz-barretos-e-regio\/"]},{"@type":"Person","@id":"https:\/\/redenoticiaz.com.br\/ribeiraopreto-regiao\/#\/schema\/person\/e1b0bd8c2637e2c1b6ddcbc2c33b116f","name":"Patr\u00edcia Prado","image":{"@type":"ImageObject","inLanguage":"pt-BR","@id":"https:\/\/secure.gravatar.com\/avatar\/92e358bef22cfcec15e054ae4d9fee04dadf0c772dc4a17b382b8a34a15354c2?s=96&d=mm&r=g","url":"https:\/\/secure.gravatar.com\/avatar\/92e358bef22cfcec15e054ae4d9fee04dadf0c772dc4a17b382b8a34a15354c2?s=96&d=mm&r=g","contentUrl":"https:\/\/secure.gravatar.com\/avatar\/92e358bef22cfcec15e054ae4d9fee04dadf0c772dc4a17b382b8a34a15354c2?s=96&d=mm&r=g","caption":"Patr\u00edcia Prado"},"url":"https:\/\/redenoticiaz.com.br\/ribeiraopreto-regiao\/sp\/author\/patricia-prado"}]}},"_links":{"self":[{"href":"https:\/\/redenoticiaz.com.br\/ribeiraopreto-regiao\/wp-json\/wp\/v2\/posts\/122972","targetHints":{"allow":["GET"]}}],"collection":[{"href":"https:\/\/redenoticiaz.com.br\/ribeiraopreto-regiao\/wp-json\/wp\/v2\/posts"}],"about":[{"href":"https:\/\/redenoticiaz.com.br\/ribeiraopreto-regiao\/wp-json\/wp\/v2\/types\/post"}],"author":[{"embeddable":true,"href":"https:\/\/redenoticiaz.com.br\/ribeiraopreto-regiao\/wp-json\/wp\/v2\/users\/5"}],"replies":[{"embeddable":true,"href":"https:\/\/redenoticiaz.com.br\/ribeiraopreto-regiao\/wp-json\/wp\/v2\/comments?post=122972"}],"version-history":[{"count":0,"href":"https:\/\/redenoticiaz.com.br\/ribeiraopreto-regiao\/wp-json\/wp\/v2\/posts\/122972\/revisions"}],"wp:featuredmedia":[{"embeddable":true,"href":"https:\/\/redenoticiaz.com.br\/ribeiraopreto-regiao\/wp-json\/wp\/v2\/media\/122973"}],"wp:attachment":[{"href":"https:\/\/redenoticiaz.com.br\/ribeiraopreto-regiao\/wp-json\/wp\/v2\/media?parent=122972"}],"wp:term":[{"taxonomy":"category","embeddable":true,"href":"https:\/\/redenoticiaz.com.br\/ribeiraopreto-regiao\/wp-json\/wp\/v2\/categories?post=122972"},{"taxonomy":"post_tag","embeddable":true,"href":"https:\/\/redenoticiaz.com.br\/ribeiraopreto-regiao\/wp-json\/wp\/v2\/tags?post=122972"}],"curies":[{"name":"wp","href":"https:\/\/api.w.org\/{rel}","templated":true}]}}