{"id":122986,"date":"2026-09-01T08:36:01","date_gmt":"2026-09-01T11:36:01","guid":{"rendered":"https:\/\/redenoticiaz.com.br\/ribeiraopreto-regiao\/sp\/2026\/09\/01\/ciclone-extratropical-traz-chuvas-e-queda-de-temperatura-em-setembro"},"modified":"2026-09-01T08:36:01","modified_gmt":"2026-09-01T11:36:01","slug":"ciclone-extratropical-traz-chuvas-e-queda-de-temperatura-em-setembro","status":"publish","type":"post","link":"https:\/\/redenoticiaz.com.br\/ribeiraopreto-regiao\/sp\/2026\/09\/01\/ciclone-extratropical-traz-chuvas-e-queda-de-temperatura-em-setembro","title":{"rendered":"Ciclone extratropical traz chuvas e queda de temperatura em setembro"},"content":{"rendered":"<p>O Instituto Nacional de Meteorologia (Inmet) prev\u00ea a forma\u00e7\u00e3o de um ciclone extratropical na costa da Regi\u00e3o Sul a partir de ter\u00e7a-feira (1\u00ba de setembro), resultando em \u00e1reas de instabilidade que podem gerar chuvas e trovoadas no Sul, Sudeste e Centro-Oeste. A chegada de uma massa de ar frio e seco faz com que as temperaturas caiam acentuadamente no Sul, enquanto o calor intenso continua no Norte e Nordeste, onde m\u00e1ximas podem atingir 41\u00b0C no Piau\u00ed.<\/p>\n<p>No Norte, o m\u00eas come\u00e7a com tempo seco e quente. Nesta ter\u00e7a-feira, muitas nuvens s\u00e3o esperadas em Roraima, Amazonas, Acre e sul de Rond\u00f4nia, com pancadas de chuva concentradas no centro-oeste e norte do Amazonas, al\u00e9m de possibilidade de chuvas isoladas no sul de Rond\u00f4nia. Na quarta-feira (2), a instabilidade aumenta, com chuvas e trovoadas previstas no norte de Roraima, oeste e norte do Amazonas e oeste do Acre, enquanto as demais \u00e1reas da regi\u00e3o ter\u00e3o chuvas isoladas. As temperaturas no sul da Amaz\u00f4nia variam entre m\u00ednimas de 22\u00b0C em Rio Branco e m\u00e1ximas de 39\u00b0C em Palmas e Porto Velho.<\/p>\n<p>No Nordeste, a semana come\u00e7a com tempo firme, mas nesta ter\u00e7a-feira h\u00e1 muitas nuvens na faixa leste e chuvas isoladas pela manh\u00e3 no litoral da Bahia, Sergipe, Alagoas, Pernambuco e Para\u00edba, al\u00e9m do litoral do Rio Grande do Norte. Para quarta-feira, a previs\u00e3o \u00e9 de aumento da instabilidade, com chuvas isoladas em v\u00e1rias \u00e1reas, incluindo o litoral do Rio Grande do Norte, Para\u00edba, Pernambuco e Alagoas, e a possibilidade de chuvas no Maranh\u00e3o, Piau\u00ed, Cear\u00e1 e Bahia. O calor continua intenso, especialmente no Piau\u00ed, onde as m\u00e1ximas podem chegar a 41\u00b0C, enquanto em Salvador e Macei\u00f3 as m\u00ednimas ficam na casa dos 21\u00b0C.<\/p>\n<p>Na Regi\u00e3o Centro-Oeste, a ter\u00e7a-feira traz pancadas isoladas de chuva no centro-sul de Mato Grosso e Goi\u00e1s, com previs\u00e3o de chegada de chuvas ao Distrito Federal \u00e0 noite. Na quarta-feira, a instabilidade persiste na regi\u00e3o, exceto no extremo norte de Goi\u00e1s e no extremo nordeste de Mato Grosso. As temperaturas dever\u00e3o variar entre m\u00ednimas de 16\u00b0C em Campo Grande, com m\u00e1ximas de at\u00e9 36\u00b0C em Goi\u00e2nia. No Distrito Federal, os term\u00f4metros marcam entre 20\u00b0C e 33\u00b0C nesta ter\u00e7a-feira.<\/p>\n<p>No Sudeste, a previs\u00e3o para esta ter\u00e7a-feira inclui chuvas e trovoadas isoladas em S\u00e3o Paulo e sul do Rio de Janeiro, al\u00e9m de poss\u00edveis chuvas no centro-sul de Minas Gerais e em outras \u00e1reas do Rio de Janeiro e sul do Esp\u00edrito Santo. As instabilidades se intensificam \u00e0 tarde e noite, com pancadas de chuva em v\u00e1rias partes da regi\u00e3o. Na quarta-feira, a instabilidade continua, especialmente em Minas Gerais, Rio de Janeiro, e no sudeste de S\u00e3o Paulo. Entre as capitais, S\u00e3o Paulo ter\u00e1 m\u00ednima de 12\u00b0C e m\u00e1xima de 22\u00b0C, enquanto Belo Horizonte dever\u00e1 chegar a 34\u00b0C, com previs\u00e3o de queda na temperatura m\u00e1xima para 29\u00b0C no dia seguinte.<\/p>\n<p>Por fim, a Regi\u00e3o Sul inicia setembro com tempo inst\u00e1vel, com chuvas e trovoadas previstas para a manh\u00e3 de ter\u00e7a-feira em Paran\u00e1, Santa Catarina e leste do Rio Grande do Sul. Durante a tarde, as \u00e1reas de instabilidade devem se deslocar para o Sudeste, com pancadas de chuva ocorrendo em v\u00e1rias regi\u00f5es. \u00c0 noite, as chuvas se concentram novamente no nordeste e leste do Paran\u00e1 e de Santa Catarina. Na quarta-feira (2), h\u00e1 possibilidade de chuvas isoladas, mas a instabilidade diminui. As temperaturas m\u00ednimas poder\u00e3o cair para 6\u00b0C em Curitiba e 8\u00b0C em Porto Alegre, com m\u00e1ximas n\u00e3o ultrapassando 22\u00b0C em Florian\u00f3polis nesta ter\u00e7a-feira e caindo ainda mais no dia seguinte.<\/p>\n","protected":false},"excerpt":{"rendered":"<p>O Instituto Nacional de Meteorologia (Inmet) prev\u00ea a forma\u00e7\u00e3o de um ciclone extratropical na costa da Regi\u00e3o Sul a partir de ter\u00e7a-feira (1\u00ba de setembro), resultando em \u00e1reas de instabilidade que podem gerar chuvas e trovoadas no Sul, Sudeste e Centro-Oeste. A chegada de uma massa de ar frio e seco faz com que as &hellip;<\/p>\n","protected":false},"author":5,"featured_media":122987,"comment_status":"open","ping_status":"closed","sticky":false,"template":"","format":"standard","meta":{"footnotes":""},"categories":[1771],"tags":[],"class_list":["post-122986","post","type-post","status-publish","format-standard","has-post-thumbnail","hentry","category-climatologia"],"yoast_head":"<!-- This site is optimized with the Yoast SEO plugin v28.3 - https:\/\/yoast.com\/product\/yoast-seo-wordpress\/ -->\n<title>Ciclone extratropical traz chuvas e queda de temperatura em setembro - Ribeir\u00e3o Preto e Regi\u00e3o<\/title>\n<meta name=\"robots\" content=\"index, follow, max-snippet:-1, max-image-preview:large, max-video-preview:-1\" \/>\n<link rel=\"canonical\" href=\"https:\/\/redenoticiaz.com.br\/ribeiraopreto-regiao\/sp\/2026\/09\/01\/ciclone-extratropical-traz-chuvas-e-queda-de-temperatura-em-setembro\" \/>\n<meta property=\"og:locale\" content=\"pt_BR\" \/>\n<meta property=\"og:type\" content=\"article\" \/>\n<meta property=\"og:title\" content=\"Ciclone extratropical traz chuvas e queda de temperatura em setembro - Ribeir\u00e3o Preto e Regi\u00e3o\" \/>\n<meta property=\"og:description\" content=\"O Instituto Nacional de Meteorologia (Inmet) prev\u00ea a forma\u00e7\u00e3o de um ciclone extratropical na costa da Regi\u00e3o Sul a partir de ter\u00e7a-feira (1\u00ba de setembro), resultando em \u00e1reas de instabilidade que podem gerar chuvas e trovoadas no Sul, Sudeste e Centro-Oeste. A chegada de uma massa de ar frio e seco faz com que as &hellip;\" \/>\n<meta property=\"og:url\" content=\"https:\/\/redenoticiaz.com.br\/ribeiraopreto-regiao\/sp\/2026\/09\/01\/ciclone-extratropical-traz-chuvas-e-queda-de-temperatura-em-setembro\" \/>\n<meta property=\"og:site_name\" content=\"Ribeir\u00e3o Preto e Regi\u00e3o\" \/>\n<meta property=\"article:publisher\" content=\"https:\/\/m.facebook.com\/redenoticiaz.barretos\" \/>\n<meta property=\"article:published_time\" content=\"2026-09-01T11:36:01+00:00\" \/>\n<meta property=\"og:image\" content=\"https:\/\/redenoticiaz.com.br\/ribeiraopreto-regiao\/wp-content\/uploads\/sites\/4\/2022\/02\/logo.jpg\" \/>\n\t<meta property=\"og:image:width\" content=\"400\" \/>\n\t<meta property=\"og:image:height\" content=\"250\" \/>\n\t<meta property=\"og:image:type\" content=\"image\/jpeg\" \/>\n<meta name=\"author\" content=\"Patr\u00edcia Prado\" \/>\n<meta name=\"twitter:card\" content=\"summary_large_image\" \/>\n<meta name=\"twitter:creator\" content=\"@RN_barretos\" \/>\n<meta name=\"twitter:site\" content=\"@RN_barretos\" \/>\n<meta name=\"twitter:label1\" content=\"Escrito por\" \/>\n\t<meta name=\"twitter:data1\" content=\"Patr\u00edcia Prado\" \/>\n\t<meta name=\"twitter:label2\" content=\"Est. tempo de leitura\" \/>\n\t<meta name=\"twitter:data2\" content=\"3 minutos\" \/>\n<script type=\"application\/ld+json\" class=\"yoast-schema-graph\">{\"@context\":\"https:\\\/\\\/schema.org\",\"@graph\":[{\"@type\":\"Article\",\"@id\":\"https:\\\/\\\/redenoticiaz.com.br\\\/ribeiraopreto-regiao\\\/sp\\\/2026\\\/09\\\/01\\\/ciclone-extratropical-traz-chuvas-e-queda-de-temperatura-em-setembro#article\",\"isPartOf\":{\"@id\":\"https:\\\/\\\/redenoticiaz.com.br\\\/ribeiraopreto-regiao\\\/sp\\\/2026\\\/09\\\/01\\\/ciclone-extratropical-traz-chuvas-e-queda-de-temperatura-em-setembro\"},\"author\":{\"name\":\"Patr\u00edcia Prado\",\"@id\":\"https:\\\/\\\/redenoticiaz.com.br\\\/ribeiraopreto-regiao\\\/#\\\/schema\\\/person\\\/e1b0bd8c2637e2c1b6ddcbc2c33b116f\"},\"headline\":\"Ciclone extratropical traz chuvas e queda de temperatura em setembro\",\"datePublished\":\"2026-09-01T11:36:01+00:00\",\"mainEntityOfPage\":{\"@id\":\"https:\\\/\\\/redenoticiaz.com.br\\\/ribeiraopreto-regiao\\\/sp\\\/2026\\\/09\\\/01\\\/ciclone-extratropical-traz-chuvas-e-queda-de-temperatura-em-setembro\"},\"wordCount\":645,\"commentCount\":0,\"publisher\":{\"@id\":\"https:\\\/\\\/redenoticiaz.com.br\\\/ribeiraopreto-regiao\\\/#organization\"},\"image\":{\"@id\":\"https:\\\/\\\/redenoticiaz.com.br\\\/ribeiraopreto-regiao\\\/sp\\\/2026\\\/09\\\/01\\\/ciclone-extratropical-traz-chuvas-e-queda-de-temperatura-em-setembro#primaryimage\"},\"thumbnailUrl\":\"https:\\\/\\\/redenoticiaz.com.br\\\/ribeiraopreto-regiao\\\/wp-content\\\/uploads\\\/sites\\\/4\\\/2026\\\/09\\\/captura_de_tela_2025-11-08_as_17.15.18.jpg\",\"articleSection\":[\"Climatologia\"],\"inLanguage\":\"pt-BR\",\"potentialAction\":[{\"@type\":\"CommentAction\",\"name\":\"Comment\",\"target\":[\"https:\\\/\\\/redenoticiaz.com.br\\\/ribeiraopreto-regiao\\\/sp\\\/2026\\\/09\\\/01\\\/ciclone-extratropical-traz-chuvas-e-queda-de-temperatura-em-setembro#respond\"]}]},{\"@type\":\"WebPage\",\"@id\":\"https:\\\/\\\/redenoticiaz.com.br\\\/ribeiraopreto-regiao\\\/sp\\\/2026\\\/09\\\/01\\\/ciclone-extratropical-traz-chuvas-e-queda-de-temperatura-em-setembro\",\"url\":\"https:\\\/\\\/redenoticiaz.com.br\\\/ribeiraopreto-regiao\\\/sp\\\/2026\\\/09\\\/01\\\/ciclone-extratropical-traz-chuvas-e-queda-de-temperatura-em-setembro\",\"name\":\"Ciclone extratropical traz chuvas e queda de temperatura em setembro - Ribeir\u00e3o Preto e Regi\u00e3o\",\"isPartOf\":{\"@id\":\"https:\\\/\\\/redenoticiaz.com.br\\\/ribeiraopreto-regiao\\\/#website\"},\"primaryImageOfPage\":{\"@id\":\"https:\\\/\\\/redenoticiaz.com.br\\\/ribeiraopreto-regiao\\\/sp\\\/2026\\\/09\\\/01\\\/ciclone-extratropical-traz-chuvas-e-queda-de-temperatura-em-setembro#primaryimage\"},\"image\":{\"@id\":\"https:\\\/\\\/redenoticiaz.com.br\\\/ribeiraopreto-regiao\\\/sp\\\/2026\\\/09\\\/01\\\/ciclone-extratropical-traz-chuvas-e-queda-de-temperatura-em-setembro#primaryimage\"},\"thumbnailUrl\":\"https:\\\/\\\/redenoticiaz.com.br\\\/ribeiraopreto-regiao\\\/wp-content\\\/uploads\\\/sites\\\/4\\\/2026\\\/09\\\/captura_de_tela_2025-11-08_as_17.15.18.jpg\",\"datePublished\":\"2026-09-01T11:36:01+00:00\",\"inLanguage\":\"pt-BR\",\"potentialAction\":[{\"@type\":\"ReadAction\",\"target\":[\"https:\\\/\\\/redenoticiaz.com.br\\\/ribeiraopreto-regiao\\\/sp\\\/2026\\\/09\\\/01\\\/ciclone-extratropical-traz-chuvas-e-queda-de-temperatura-em-setembro\"]}]},{\"@type\":\"ImageObject\",\"inLanguage\":\"pt-BR\",\"@id\":\"https:\\\/\\\/redenoticiaz.com.br\\\/ribeiraopreto-regiao\\\/sp\\\/2026\\\/09\\\/01\\\/ciclone-extratropical-traz-chuvas-e-queda-de-temperatura-em-setembro#primaryimage\",\"url\":\"https:\\\/\\\/redenoticiaz.com.br\\\/ribeiraopreto-regiao\\\/wp-content\\\/uploads\\\/sites\\\/4\\\/2026\\\/09\\\/captura_de_tela_2025-11-08_as_17.15.18.jpg\",\"contentUrl\":\"https:\\\/\\\/redenoticiaz.com.br\\\/ribeiraopreto-regiao\\\/wp-content\\\/uploads\\\/sites\\\/4\\\/2026\\\/09\\\/captura_de_tela_2025-11-08_as_17.15.18.jpg\",\"width\":1600,\"height\":800},{\"@type\":\"WebSite\",\"@id\":\"https:\\\/\\\/redenoticiaz.com.br\\\/ribeiraopreto-regiao\\\/#website\",\"url\":\"https:\\\/\\\/redenoticiaz.com.br\\\/ribeiraopreto-regiao\\\/\",\"name\":\"Ribeir\u00e3o Preto e Regi\u00e3o\",\"description\":\"Rede NoticiaZ - Ribeir\u00e3o Preto e regi\u00e3o\",\"publisher\":{\"@id\":\"https:\\\/\\\/redenoticiaz.com.br\\\/ribeiraopreto-regiao\\\/#organization\"},\"potentialAction\":[{\"@type\":\"SearchAction\",\"target\":{\"@type\":\"EntryPoint\",\"urlTemplate\":\"https:\\\/\\\/redenoticiaz.com.br\\\/ribeiraopreto-regiao\\\/?s={search_term_string}\"},\"query-input\":{\"@type\":\"PropertyValueSpecification\",\"valueRequired\":true,\"valueName\":\"search_term_string\"}}],\"inLanguage\":\"pt-BR\"},{\"@type\":\"Organization\",\"@id\":\"https:\\\/\\\/redenoticiaz.com.br\\\/ribeiraopreto-regiao\\\/#organization\",\"name\":\"Ribeir\u00e3o Preto e Regi\u00e3o\",\"url\":\"https:\\\/\\\/redenoticiaz.com.br\\\/ribeiraopreto-regiao\\\/\",\"logo\":{\"@type\":\"ImageObject\",\"inLanguage\":\"pt-BR\",\"@id\":\"https:\\\/\\\/redenoticiaz.com.br\\\/ribeiraopreto-regiao\\\/#\\\/schema\\\/logo\\\/image\\\/\",\"url\":\"https:\\\/\\\/redenoticiaz.com.br\\\/barretos-regiao\\\/wp-content\\\/uploads\\\/sites\\\/4\\\/2022\\\/02\\\/logo.jpg\",\"contentUrl\":\"https:\\\/\\\/redenoticiaz.com.br\\\/barretos-regiao\\\/wp-content\\\/uploads\\\/sites\\\/4\\\/2022\\\/02\\\/logo.jpg\",\"width\":400,\"height\":250,\"caption\":\"Ribeir\u00e3o Preto e Regi\u00e3o\"},\"image\":{\"@id\":\"https:\\\/\\\/redenoticiaz.com.br\\\/ribeiraopreto-regiao\\\/#\\\/schema\\\/logo\\\/image\\\/\"},\"sameAs\":[\"https:\\\/\\\/m.facebook.com\\\/redenoticiaz.barretos\",\"https:\\\/\\\/x.com\\\/RN_barretos\",\"https:\\\/\\\/www.instagram.com\\\/redenoticiaz.barretos\\\/?igshid=YmMyMTA2M2Y\",\"https:\\\/\\\/www.linkedin.com\\\/company\\\/rede-noticiaz-barretos-e-regio\\\/\"]},{\"@type\":\"Person\",\"@id\":\"https:\\\/\\\/redenoticiaz.com.br\\\/ribeiraopreto-regiao\\\/#\\\/schema\\\/person\\\/e1b0bd8c2637e2c1b6ddcbc2c33b116f\",\"name\":\"Patr\u00edcia Prado\",\"image\":{\"@type\":\"ImageObject\",\"inLanguage\":\"pt-BR\",\"@id\":\"https:\\\/\\\/secure.gravatar.com\\\/avatar\\\/92e358bef22cfcec15e054ae4d9fee04dadf0c772dc4a17b382b8a34a15354c2?s=96&d=mm&r=g\",\"url\":\"https:\\\/\\\/secure.gravatar.com\\\/avatar\\\/92e358bef22cfcec15e054ae4d9fee04dadf0c772dc4a17b382b8a34a15354c2?s=96&d=mm&r=g\",\"contentUrl\":\"https:\\\/\\\/secure.gravatar.com\\\/avatar\\\/92e358bef22cfcec15e054ae4d9fee04dadf0c772dc4a17b382b8a34a15354c2?s=96&d=mm&r=g\",\"caption\":\"Patr\u00edcia Prado\"},\"url\":\"https:\\\/\\\/redenoticiaz.com.br\\\/ribeiraopreto-regiao\\\/sp\\\/author\\\/patricia-prado\"}]}<\/script>\n<!-- \/ Yoast SEO plugin. -->","yoast_head_json":{"title":"Ciclone extratropical traz chuvas e queda de temperatura em setembro - Ribeir\u00e3o Preto e Regi\u00e3o","robots":{"index":"index","follow":"follow","max-snippet":"max-snippet:-1","max-image-preview":"max-image-preview:large","max-video-preview":"max-video-preview:-1"},"canonical":"https:\/\/redenoticiaz.com.br\/ribeiraopreto-regiao\/sp\/2026\/09\/01\/ciclone-extratropical-traz-chuvas-e-queda-de-temperatura-em-setembro","og_locale":"pt_BR","og_type":"article","og_title":"Ciclone extratropical traz chuvas e queda de temperatura em setembro - Ribeir\u00e3o Preto e Regi\u00e3o","og_description":"O Instituto Nacional de Meteorologia (Inmet) prev\u00ea a forma\u00e7\u00e3o de um ciclone extratropical na costa da Regi\u00e3o Sul a partir de ter\u00e7a-feira (1\u00ba de setembro), resultando em \u00e1reas de instabilidade que podem gerar chuvas e trovoadas no Sul, Sudeste e Centro-Oeste. A chegada de uma massa de ar frio e seco faz com que as &hellip;","og_url":"https:\/\/redenoticiaz.com.br\/ribeiraopreto-regiao\/sp\/2026\/09\/01\/ciclone-extratropical-traz-chuvas-e-queda-de-temperatura-em-setembro","og_site_name":"Ribeir\u00e3o Preto e Regi\u00e3o","article_publisher":"https:\/\/m.facebook.com\/redenoticiaz.barretos","article_published_time":"2026-09-01T11:36:01+00:00","og_image":[{"width":400,"height":250,"url":"https:\/\/redenoticiaz.com.br\/ribeiraopreto-regiao\/wp-content\/uploads\/sites\/4\/2022\/02\/logo.jpg","type":"image\/jpeg"}],"author":"Patr\u00edcia Prado","twitter_card":"summary_large_image","twitter_creator":"@RN_barretos","twitter_site":"@RN_barretos","twitter_misc":{"Escrito por":"Patr\u00edcia Prado","Est. tempo de leitura":"3 minutos"},"schema":{"@context":"https:\/\/schema.org","@graph":[{"@type":"Article","@id":"https:\/\/redenoticiaz.com.br\/ribeiraopreto-regiao\/sp\/2026\/09\/01\/ciclone-extratropical-traz-chuvas-e-queda-de-temperatura-em-setembro#article","isPartOf":{"@id":"https:\/\/redenoticiaz.com.br\/ribeiraopreto-regiao\/sp\/2026\/09\/01\/ciclone-extratropical-traz-chuvas-e-queda-de-temperatura-em-setembro"},"author":{"name":"Patr\u00edcia Prado","@id":"https:\/\/redenoticiaz.com.br\/ribeiraopreto-regiao\/#\/schema\/person\/e1b0bd8c2637e2c1b6ddcbc2c33b116f"},"headline":"Ciclone extratropical traz chuvas e queda de temperatura em setembro","datePublished":"2026-09-01T11:36:01+00:00","mainEntityOfPage":{"@id":"https:\/\/redenoticiaz.com.br\/ribeiraopreto-regiao\/sp\/2026\/09\/01\/ciclone-extratropical-traz-chuvas-e-queda-de-temperatura-em-setembro"},"wordCount":645,"commentCount":0,"publisher":{"@id":"https:\/\/redenoticiaz.com.br\/ribeiraopreto-regiao\/#organization"},"image":{"@id":"https:\/\/redenoticiaz.com.br\/ribeiraopreto-regiao\/sp\/2026\/09\/01\/ciclone-extratropical-traz-chuvas-e-queda-de-temperatura-em-setembro#primaryimage"},"thumbnailUrl":"https:\/\/redenoticiaz.com.br\/ribeiraopreto-regiao\/wp-content\/uploads\/sites\/4\/2026\/09\/captura_de_tela_2025-11-08_as_17.15.18.jpg","articleSection":["Climatologia"],"inLanguage":"pt-BR","potentialAction":[{"@type":"CommentAction","name":"Comment","target":["https:\/\/redenoticiaz.com.br\/ribeiraopreto-regiao\/sp\/2026\/09\/01\/ciclone-extratropical-traz-chuvas-e-queda-de-temperatura-em-setembro#respond"]}]},{"@type":"WebPage","@id":"https:\/\/redenoticiaz.com.br\/ribeiraopreto-regiao\/sp\/2026\/09\/01\/ciclone-extratropical-traz-chuvas-e-queda-de-temperatura-em-setembro","url":"https:\/\/redenoticiaz.com.br\/ribeiraopreto-regiao\/sp\/2026\/09\/01\/ciclone-extratropical-traz-chuvas-e-queda-de-temperatura-em-setembro","name":"Ciclone extratropical traz chuvas e queda de temperatura em setembro - Ribeir\u00e3o Preto e Regi\u00e3o","isPartOf":{"@id":"https:\/\/redenoticiaz.com.br\/ribeiraopreto-regiao\/#website"},"primaryImageOfPage":{"@id":"https:\/\/redenoticiaz.com.br\/ribeiraopreto-regiao\/sp\/2026\/09\/01\/ciclone-extratropical-traz-chuvas-e-queda-de-temperatura-em-setembro#primaryimage"},"image":{"@id":"https:\/\/redenoticiaz.com.br\/ribeiraopreto-regiao\/sp\/2026\/09\/01\/ciclone-extratropical-traz-chuvas-e-queda-de-temperatura-em-setembro#primaryimage"},"thumbnailUrl":"https:\/\/redenoticiaz.com.br\/ribeiraopreto-regiao\/wp-content\/uploads\/sites\/4\/2026\/09\/captura_de_tela_2025-11-08_as_17.15.18.jpg","datePublished":"2026-09-01T11:36:01+00:00","inLanguage":"pt-BR","potentialAction":[{"@type":"ReadAction","target":["https:\/\/redenoticiaz.com.br\/ribeiraopreto-regiao\/sp\/2026\/09\/01\/ciclone-extratropical-traz-chuvas-e-queda-de-temperatura-em-setembro"]}]},{"@type":"ImageObject","inLanguage":"pt-BR","@id":"https:\/\/redenoticiaz.com.br\/ribeiraopreto-regiao\/sp\/2026\/09\/01\/ciclone-extratropical-traz-chuvas-e-queda-de-temperatura-em-setembro#primaryimage","url":"https:\/\/redenoticiaz.com.br\/ribeiraopreto-regiao\/wp-content\/uploads\/sites\/4\/2026\/09\/captura_de_tela_2025-11-08_as_17.15.18.jpg","contentUrl":"https:\/\/redenoticiaz.com.br\/ribeiraopreto-regiao\/wp-content\/uploads\/sites\/4\/2026\/09\/captura_de_tela_2025-11-08_as_17.15.18.jpg","width":1600,"height":800},{"@type":"WebSite","@id":"https:\/\/redenoticiaz.com.br\/ribeiraopreto-regiao\/#website","url":"https:\/\/redenoticiaz.com.br\/ribeiraopreto-regiao\/","name":"Ribeir\u00e3o Preto e Regi\u00e3o","description":"Rede NoticiaZ - Ribeir\u00e3o Preto e regi\u00e3o","publisher":{"@id":"https:\/\/redenoticiaz.com.br\/ribeiraopreto-regiao\/#organization"},"potentialAction":[{"@type":"SearchAction","target":{"@type":"EntryPoint","urlTemplate":"https:\/\/redenoticiaz.com.br\/ribeiraopreto-regiao\/?s={search_term_string}"},"query-input":{"@type":"PropertyValueSpecification","valueRequired":true,"valueName":"search_term_string"}}],"inLanguage":"pt-BR"},{"@type":"Organization","@id":"https:\/\/redenoticiaz.com.br\/ribeiraopreto-regiao\/#organization","name":"Ribeir\u00e3o Preto e Regi\u00e3o","url":"https:\/\/redenoticiaz.com.br\/ribeiraopreto-regiao\/","logo":{"@type":"ImageObject","inLanguage":"pt-BR","@id":"https:\/\/redenoticiaz.com.br\/ribeiraopreto-regiao\/#\/schema\/logo\/image\/","url":"https:\/\/redenoticiaz.com.br\/barretos-regiao\/wp-content\/uploads\/sites\/4\/2022\/02\/logo.jpg","contentUrl":"https:\/\/redenoticiaz.com.br\/barretos-regiao\/wp-content\/uploads\/sites\/4\/2022\/02\/logo.jpg","width":400,"height":250,"caption":"Ribeir\u00e3o Preto e Regi\u00e3o"},"image":{"@id":"https:\/\/redenoticiaz.com.br\/ribeiraopreto-regiao\/#\/schema\/logo\/image\/"},"sameAs":["https:\/\/m.facebook.com\/redenoticiaz.barretos","https:\/\/x.com\/RN_barretos","https:\/\/www.instagram.com\/redenoticiaz.barretos\/?igshid=YmMyMTA2M2Y","https:\/\/www.linkedin.com\/company\/rede-noticiaz-barretos-e-regio\/"]},{"@type":"Person","@id":"https:\/\/redenoticiaz.com.br\/ribeiraopreto-regiao\/#\/schema\/person\/e1b0bd8c2637e2c1b6ddcbc2c33b116f","name":"Patr\u00edcia Prado","image":{"@type":"ImageObject","inLanguage":"pt-BR","@id":"https:\/\/secure.gravatar.com\/avatar\/92e358bef22cfcec15e054ae4d9fee04dadf0c772dc4a17b382b8a34a15354c2?s=96&d=mm&r=g","url":"https:\/\/secure.gravatar.com\/avatar\/92e358bef22cfcec15e054ae4d9fee04dadf0c772dc4a17b382b8a34a15354c2?s=96&d=mm&r=g","contentUrl":"https:\/\/secure.gravatar.com\/avatar\/92e358bef22cfcec15e054ae4d9fee04dadf0c772dc4a17b382b8a34a15354c2?s=96&d=mm&r=g","caption":"Patr\u00edcia Prado"},"url":"https:\/\/redenoticiaz.com.br\/ribeiraopreto-regiao\/sp\/author\/patricia-prado"}]}},"_links":{"self":[{"href":"https:\/\/redenoticiaz.com.br\/ribeiraopreto-regiao\/wp-json\/wp\/v2\/posts\/122986","targetHints":{"allow":["GET"]}}],"collection":[{"href":"https:\/\/redenoticiaz.com.br\/ribeiraopreto-regiao\/wp-json\/wp\/v2\/posts"}],"about":[{"href":"https:\/\/redenoticiaz.com.br\/ribeiraopreto-regiao\/wp-json\/wp\/v2\/types\/post"}],"author":[{"embeddable":true,"href":"https:\/\/redenoticiaz.com.br\/ribeiraopreto-regiao\/wp-json\/wp\/v2\/users\/5"}],"replies":[{"embeddable":true,"href":"https:\/\/redenoticiaz.com.br\/ribeiraopreto-regiao\/wp-json\/wp\/v2\/comments?post=122986"}],"version-history":[{"count":0,"href":"https:\/\/redenoticiaz.com.br\/ribeiraopreto-regiao\/wp-json\/wp\/v2\/posts\/122986\/revisions"}],"wp:featuredmedia":[{"embeddable":true,"href":"https:\/\/redenoticiaz.com.br\/ribeiraopreto-regiao\/wp-json\/wp\/v2\/media\/122987"}],"wp:attachment":[{"href":"https:\/\/redenoticiaz.com.br\/ribeiraopreto-regiao\/wp-json\/wp\/v2\/media?parent=122986"}],"wp:term":[{"taxonomy":"category","embeddable":true,"href":"https:\/\/redenoticiaz.com.br\/ribeiraopreto-regiao\/wp-json\/wp\/v2\/categories?post=122986"},{"taxonomy":"post_tag","embeddable":true,"href":"https:\/\/redenoticiaz.com.br\/ribeiraopreto-regiao\/wp-json\/wp\/v2\/tags?post=122986"}],"curies":[{"name":"wp","href":"https:\/\/api.w.org\/{rel}","templated":true}]}}