{"id":122992,"date":"2026-09-01T10:09:20","date_gmt":"2026-09-01T13:09:20","guid":{"rendered":"https:\/\/redenoticiaz.com.br\/ribeiraopreto-regiao\/sp\/2026\/09\/01\/agenda-dos-presidenciaveis-inclui-eventos-e-entrevistas-nesta-terca-feira"},"modified":"2026-09-01T10:09:20","modified_gmt":"2026-09-01T13:09:20","slug":"agenda-dos-presidenciaveis-inclui-eventos-e-entrevistas-nesta-terca-feira","status":"publish","type":"post","link":"https:\/\/redenoticiaz.com.br\/ribeiraopreto-regiao\/sp\/2026\/09\/01\/agenda-dos-presidenciaveis-inclui-eventos-e-entrevistas-nesta-terca-feira","title":{"rendered":"Agenda dos presidenci\u00e1veis inclui eventos e entrevistas nesta ter\u00e7a-feira"},"content":{"rendered":"<p>Na ter\u00e7a-feira, 1\u00ba, os candidatos \u00e0 Presid\u00eancia da Rep\u00fablica t\u00eam uma agenda repleta de compromissos, incluindo visitas a institui\u00e7\u00f5es, entrevistas e encontros com a sociedade. Atividades como caminhadas e panfletagens tamb\u00e9m est\u00e3o programadas, com foco em temas como educa\u00e7\u00e3o e sa\u00fade.<\/p>\n<p>Wilson Grassi (Democrata) concede entrevista ao Poder 360 pela manh\u00e3 e, \u00e0s 18h, fala ao Metr\u00f3poles.<\/p>\n<p>Augusto Cury (Avante) participa de um caf\u00e9 da manh\u00e3 no Centro das Ind\u00fastrias em Cachoeirinha (RS) e visita a 46\u00aa edi\u00e7\u00e3o da Expointer, em Esteio (RS). \u00c0 noite, ele inaugura a primeira Casa Cury em Belo Horizonte (MG).<\/p>\n<p>Edmilson Costa (PCB) realiza uma caminhada pelo centro de S\u00e3o Paulo, come\u00e7ando no Teatro Municipal.<\/p>\n<p>Hertz Dias (PSTU) se encontra em Santa Cruz do Sul (RS), onde participa de uma coletiva de imprensa e almo\u00e7o com militantes no Sindicato dos Comerci\u00e1rios. \u00c0 tarde, ele faz uma caminhada e panfletagem pelo centro da cidade.<\/p>\n<p>Romeu Zema (Novo) conversa com pais e representantes de Joinville (SC) para tratar de quest\u00f5es educacionais em uma das escolas de refer\u00eancia no Ideb de Santa Catarina.<\/p>\n<p>Ronaldo Caiado (PSD) visita a Santa Casa de Miseric\u00f3rdia em S\u00e3o Paulo e far\u00e1 uma coletiva de imprensa ao final da visita.<\/p>\n<p>Rui Costa Pimenta (PCO) viaja para Bras\u00edlia, onde, \u00e0s 12h, participa de uma panfletagem em frente ao restaurante universit\u00e1rio da Universidade de Bras\u00edlia (UnB) com militantes. \u00c0s 16h30, ele d\u00e1 uma entrevista ao Metr\u00f3poles e retorna a S\u00e3o Paulo \u00e0s 19h.<\/p>\n<p>Os candidatos Fl\u00e1vio Bolsonaro (PL), Luiz In\u00e1cio Lula da Silva (PT) e Samara Martins (UP) n\u00e3o possuem agenda p\u00fablica de campanha nesta ter\u00e7a-feira.<\/p>\n<p>Renan Santos (Miss\u00e3o) e Clariana Bar\u00e3o (Democracia Crist\u00e3) n\u00e3o divulgaram suas agendas de campanha at\u00e9 o fechamento desta mat\u00e9ria.<\/p>\n<p>A cobertura da agenda dos candidatos a presidente segue um rod\u00edzio di\u00e1rio em ordem alfab\u00e9tica.<\/p>\n","protected":false},"excerpt":{"rendered":"<p>Na ter\u00e7a-feira, 1\u00ba, os candidatos \u00e0 Presid\u00eancia da Rep\u00fablica t\u00eam uma agenda repleta de compromissos, incluindo visitas a institui\u00e7\u00f5es, entrevistas e encontros com a sociedade. Atividades como caminhadas e panfletagens tamb\u00e9m est\u00e3o programadas, com foco em temas como educa\u00e7\u00e3o e sa\u00fade. Wilson Grassi (Democrata) concede entrevista ao Poder 360 pela manh\u00e3 e, \u00e0s 18h, fala &hellip;<\/p>\n","protected":false},"author":5,"featured_media":122993,"comment_status":"open","ping_status":"closed","sticky":false,"template":"","format":"standard","meta":{"footnotes":""},"categories":[469,820,9271,175,186,129,2075],"tags":[],"class_list":["post-122992","post","type-post","status-publish","format-standard","has-post-thumbnail","hentry","category-cultura","category-educacao","category-eleicoes","category-gastronomia","category-politica","category-saude","category-trabalho"],"yoast_head":"<!-- This site is optimized with the Yoast SEO plugin v28.3 - https:\/\/yoast.com\/product\/yoast-seo-wordpress\/ -->\n<title>Agenda dos presidenci\u00e1veis inclui eventos e entrevistas nesta ter\u00e7a-feira - Ribeir\u00e3o Preto e Regi\u00e3o<\/title>\n<meta name=\"robots\" content=\"index, follow, max-snippet:-1, max-image-preview:large, max-video-preview:-1\" \/>\n<link rel=\"canonical\" href=\"https:\/\/redenoticiaz.com.br\/ribeiraopreto-regiao\/sp\/2026\/09\/01\/agenda-dos-presidenciaveis-inclui-eventos-e-entrevistas-nesta-terca-feira\" \/>\n<meta property=\"og:locale\" content=\"pt_BR\" \/>\n<meta property=\"og:type\" content=\"article\" \/>\n<meta property=\"og:title\" content=\"Agenda dos presidenci\u00e1veis inclui eventos e entrevistas nesta ter\u00e7a-feira - Ribeir\u00e3o Preto e Regi\u00e3o\" \/>\n<meta property=\"og:description\" content=\"Na ter\u00e7a-feira, 1\u00ba, os candidatos \u00e0 Presid\u00eancia da Rep\u00fablica t\u00eam uma agenda repleta de compromissos, incluindo visitas a institui\u00e7\u00f5es, entrevistas e encontros com a sociedade. Atividades como caminhadas e panfletagens tamb\u00e9m est\u00e3o programadas, com foco em temas como educa\u00e7\u00e3o e sa\u00fade. Wilson Grassi (Democrata) concede entrevista ao Poder 360 pela manh\u00e3 e, \u00e0s 18h, fala &hellip;\" \/>\n<meta property=\"og:url\" content=\"https:\/\/redenoticiaz.com.br\/ribeiraopreto-regiao\/sp\/2026\/09\/01\/agenda-dos-presidenciaveis-inclui-eventos-e-entrevistas-nesta-terca-feira\" \/>\n<meta property=\"og:site_name\" content=\"Ribeir\u00e3o Preto e Regi\u00e3o\" \/>\n<meta property=\"article:publisher\" content=\"https:\/\/m.facebook.com\/redenoticiaz.barretos\" \/>\n<meta property=\"article:published_time\" content=\"2026-09-01T13:09:20+00:00\" \/>\n<meta property=\"og:image\" content=\"https:\/\/redenoticiaz.com.br\/ribeiraopreto-regiao\/wp-content\/uploads\/sites\/4\/2022\/02\/logo.jpg\" \/>\n\t<meta property=\"og:image:width\" content=\"400\" \/>\n\t<meta property=\"og:image:height\" content=\"250\" \/>\n\t<meta property=\"og:image:type\" content=\"image\/jpeg\" \/>\n<meta name=\"author\" content=\"Patr\u00edcia Prado\" \/>\n<meta name=\"twitter:card\" content=\"summary_large_image\" \/>\n<meta name=\"twitter:creator\" content=\"@RN_barretos\" \/>\n<meta name=\"twitter:site\" content=\"@RN_barretos\" \/>\n<meta name=\"twitter:label1\" content=\"Escrito por\" \/>\n\t<meta name=\"twitter:data1\" content=\"Patr\u00edcia Prado\" \/>\n\t<meta name=\"twitter:label2\" content=\"Est. tempo de leitura\" \/>\n\t<meta name=\"twitter:data2\" content=\"2 minutos\" \/>\n<script type=\"application\/ld+json\" class=\"yoast-schema-graph\">{\"@context\":\"https:\\\/\\\/schema.org\",\"@graph\":[{\"@type\":\"Article\",\"@id\":\"https:\\\/\\\/redenoticiaz.com.br\\\/ribeiraopreto-regiao\\\/sp\\\/2026\\\/09\\\/01\\\/agenda-dos-presidenciaveis-inclui-eventos-e-entrevistas-nesta-terca-feira#article\",\"isPartOf\":{\"@id\":\"https:\\\/\\\/redenoticiaz.com.br\\\/ribeiraopreto-regiao\\\/sp\\\/2026\\\/09\\\/01\\\/agenda-dos-presidenciaveis-inclui-eventos-e-entrevistas-nesta-terca-feira\"},\"author\":{\"name\":\"Patr\u00edcia Prado\",\"@id\":\"https:\\\/\\\/redenoticiaz.com.br\\\/ribeiraopreto-regiao\\\/#\\\/schema\\\/person\\\/e1b0bd8c2637e2c1b6ddcbc2c33b116f\"},\"headline\":\"Agenda dos presidenci\u00e1veis inclui eventos e entrevistas nesta ter\u00e7a-feira\",\"datePublished\":\"2026-09-01T13:09:20+00:00\",\"mainEntityOfPage\":{\"@id\":\"https:\\\/\\\/redenoticiaz.com.br\\\/ribeiraopreto-regiao\\\/sp\\\/2026\\\/09\\\/01\\\/agenda-dos-presidenciaveis-inclui-eventos-e-entrevistas-nesta-terca-feira\"},\"wordCount\":337,\"commentCount\":0,\"publisher\":{\"@id\":\"https:\\\/\\\/redenoticiaz.com.br\\\/ribeiraopreto-regiao\\\/#organization\"},\"image\":{\"@id\":\"https:\\\/\\\/redenoticiaz.com.br\\\/ribeiraopreto-regiao\\\/sp\\\/2026\\\/09\\\/01\\\/agenda-dos-presidenciaveis-inclui-eventos-e-entrevistas-nesta-terca-feira#primaryimage\"},\"thumbnailUrl\":\"https:\\\/\\\/redenoticiaz.com.br\\\/ribeiraopreto-regiao\\\/wp-content\\\/uploads\\\/sites\\\/4\\\/2026\\\/09\\\/banner_agenda_-_1170x700.png\",\"articleSection\":[\"Cultura\",\"Educa\u00e7\u00e3o\",\"Elei\u00e7\u00f5es\",\"Gastronomia\",\"Pol\u00edtica\",\"Sa\u00fade\",\"Trabalho\"],\"inLanguage\":\"pt-BR\",\"potentialAction\":[{\"@type\":\"CommentAction\",\"name\":\"Comment\",\"target\":[\"https:\\\/\\\/redenoticiaz.com.br\\\/ribeiraopreto-regiao\\\/sp\\\/2026\\\/09\\\/01\\\/agenda-dos-presidenciaveis-inclui-eventos-e-entrevistas-nesta-terca-feira#respond\"]}]},{\"@type\":\"WebPage\",\"@id\":\"https:\\\/\\\/redenoticiaz.com.br\\\/ribeiraopreto-regiao\\\/sp\\\/2026\\\/09\\\/01\\\/agenda-dos-presidenciaveis-inclui-eventos-e-entrevistas-nesta-terca-feira\",\"url\":\"https:\\\/\\\/redenoticiaz.com.br\\\/ribeiraopreto-regiao\\\/sp\\\/2026\\\/09\\\/01\\\/agenda-dos-presidenciaveis-inclui-eventos-e-entrevistas-nesta-terca-feira\",\"name\":\"Agenda dos presidenci\u00e1veis inclui eventos e entrevistas nesta ter\u00e7a-feira - Ribeir\u00e3o Preto e Regi\u00e3o\",\"isPartOf\":{\"@id\":\"https:\\\/\\\/redenoticiaz.com.br\\\/ribeiraopreto-regiao\\\/#website\"},\"primaryImageOfPage\":{\"@id\":\"https:\\\/\\\/redenoticiaz.com.br\\\/ribeiraopreto-regiao\\\/sp\\\/2026\\\/09\\\/01\\\/agenda-dos-presidenciaveis-inclui-eventos-e-entrevistas-nesta-terca-feira#primaryimage\"},\"image\":{\"@id\":\"https:\\\/\\\/redenoticiaz.com.br\\\/ribeiraopreto-regiao\\\/sp\\\/2026\\\/09\\\/01\\\/agenda-dos-presidenciaveis-inclui-eventos-e-entrevistas-nesta-terca-feira#primaryimage\"},\"thumbnailUrl\":\"https:\\\/\\\/redenoticiaz.com.br\\\/ribeiraopreto-regiao\\\/wp-content\\\/uploads\\\/sites\\\/4\\\/2026\\\/09\\\/banner_agenda_-_1170x700.png\",\"datePublished\":\"2026-09-01T13:09:20+00:00\",\"inLanguage\":\"pt-BR\",\"potentialAction\":[{\"@type\":\"ReadAction\",\"target\":[\"https:\\\/\\\/redenoticiaz.com.br\\\/ribeiraopreto-regiao\\\/sp\\\/2026\\\/09\\\/01\\\/agenda-dos-presidenciaveis-inclui-eventos-e-entrevistas-nesta-terca-feira\"]}]},{\"@type\":\"ImageObject\",\"inLanguage\":\"pt-BR\",\"@id\":\"https:\\\/\\\/redenoticiaz.com.br\\\/ribeiraopreto-regiao\\\/sp\\\/2026\\\/09\\\/01\\\/agenda-dos-presidenciaveis-inclui-eventos-e-entrevistas-nesta-terca-feira#primaryimage\",\"url\":\"https:\\\/\\\/redenoticiaz.com.br\\\/ribeiraopreto-regiao\\\/wp-content\\\/uploads\\\/sites\\\/4\\\/2026\\\/09\\\/banner_agenda_-_1170x700.png\",\"contentUrl\":\"https:\\\/\\\/redenoticiaz.com.br\\\/ribeiraopreto-regiao\\\/wp-content\\\/uploads\\\/sites\\\/4\\\/2026\\\/09\\\/banner_agenda_-_1170x700.png\",\"width\":1600,\"height\":800},{\"@type\":\"WebSite\",\"@id\":\"https:\\\/\\\/redenoticiaz.com.br\\\/ribeiraopreto-regiao\\\/#website\",\"url\":\"https:\\\/\\\/redenoticiaz.com.br\\\/ribeiraopreto-regiao\\\/\",\"name\":\"Ribeir\u00e3o Preto e Regi\u00e3o\",\"description\":\"Rede NoticiaZ - Ribeir\u00e3o Preto e regi\u00e3o\",\"publisher\":{\"@id\":\"https:\\\/\\\/redenoticiaz.com.br\\\/ribeiraopreto-regiao\\\/#organization\"},\"potentialAction\":[{\"@type\":\"SearchAction\",\"target\":{\"@type\":\"EntryPoint\",\"urlTemplate\":\"https:\\\/\\\/redenoticiaz.com.br\\\/ribeiraopreto-regiao\\\/?s={search_term_string}\"},\"query-input\":{\"@type\":\"PropertyValueSpecification\",\"valueRequired\":true,\"valueName\":\"search_term_string\"}}],\"inLanguage\":\"pt-BR\"},{\"@type\":\"Organization\",\"@id\":\"https:\\\/\\\/redenoticiaz.com.br\\\/ribeiraopreto-regiao\\\/#organization\",\"name\":\"Ribeir\u00e3o Preto e Regi\u00e3o\",\"url\":\"https:\\\/\\\/redenoticiaz.com.br\\\/ribeiraopreto-regiao\\\/\",\"logo\":{\"@type\":\"ImageObject\",\"inLanguage\":\"pt-BR\",\"@id\":\"https:\\\/\\\/redenoticiaz.com.br\\\/ribeiraopreto-regiao\\\/#\\\/schema\\\/logo\\\/image\\\/\",\"url\":\"https:\\\/\\\/redenoticiaz.com.br\\\/barretos-regiao\\\/wp-content\\\/uploads\\\/sites\\\/4\\\/2022\\\/02\\\/logo.jpg\",\"contentUrl\":\"https:\\\/\\\/redenoticiaz.com.br\\\/barretos-regiao\\\/wp-content\\\/uploads\\\/sites\\\/4\\\/2022\\\/02\\\/logo.jpg\",\"width\":400,\"height\":250,\"caption\":\"Ribeir\u00e3o Preto e Regi\u00e3o\"},\"image\":{\"@id\":\"https:\\\/\\\/redenoticiaz.com.br\\\/ribeiraopreto-regiao\\\/#\\\/schema\\\/logo\\\/image\\\/\"},\"sameAs\":[\"https:\\\/\\\/m.facebook.com\\\/redenoticiaz.barretos\",\"https:\\\/\\\/x.com\\\/RN_barretos\",\"https:\\\/\\\/www.instagram.com\\\/redenoticiaz.barretos\\\/?igshid=YmMyMTA2M2Y\",\"https:\\\/\\\/www.linkedin.com\\\/company\\\/rede-noticiaz-barretos-e-regio\\\/\"]},{\"@type\":\"Person\",\"@id\":\"https:\\\/\\\/redenoticiaz.com.br\\\/ribeiraopreto-regiao\\\/#\\\/schema\\\/person\\\/e1b0bd8c2637e2c1b6ddcbc2c33b116f\",\"name\":\"Patr\u00edcia Prado\",\"image\":{\"@type\":\"ImageObject\",\"inLanguage\":\"pt-BR\",\"@id\":\"https:\\\/\\\/secure.gravatar.com\\\/avatar\\\/92e358bef22cfcec15e054ae4d9fee04dadf0c772dc4a17b382b8a34a15354c2?s=96&d=mm&r=g\",\"url\":\"https:\\\/\\\/secure.gravatar.com\\\/avatar\\\/92e358bef22cfcec15e054ae4d9fee04dadf0c772dc4a17b382b8a34a15354c2?s=96&d=mm&r=g\",\"contentUrl\":\"https:\\\/\\\/secure.gravatar.com\\\/avatar\\\/92e358bef22cfcec15e054ae4d9fee04dadf0c772dc4a17b382b8a34a15354c2?s=96&d=mm&r=g\",\"caption\":\"Patr\u00edcia Prado\"},\"url\":\"https:\\\/\\\/redenoticiaz.com.br\\\/ribeiraopreto-regiao\\\/sp\\\/author\\\/patricia-prado\"}]}<\/script>\n<!-- \/ Yoast SEO plugin. -->","yoast_head_json":{"title":"Agenda dos presidenci\u00e1veis inclui eventos e entrevistas nesta ter\u00e7a-feira - Ribeir\u00e3o Preto e Regi\u00e3o","robots":{"index":"index","follow":"follow","max-snippet":"max-snippet:-1","max-image-preview":"max-image-preview:large","max-video-preview":"max-video-preview:-1"},"canonical":"https:\/\/redenoticiaz.com.br\/ribeiraopreto-regiao\/sp\/2026\/09\/01\/agenda-dos-presidenciaveis-inclui-eventos-e-entrevistas-nesta-terca-feira","og_locale":"pt_BR","og_type":"article","og_title":"Agenda dos presidenci\u00e1veis inclui eventos e entrevistas nesta ter\u00e7a-feira - Ribeir\u00e3o Preto e Regi\u00e3o","og_description":"Na ter\u00e7a-feira, 1\u00ba, os candidatos \u00e0 Presid\u00eancia da Rep\u00fablica t\u00eam uma agenda repleta de compromissos, incluindo visitas a institui\u00e7\u00f5es, entrevistas e encontros com a sociedade. Atividades como caminhadas e panfletagens tamb\u00e9m est\u00e3o programadas, com foco em temas como educa\u00e7\u00e3o e sa\u00fade. Wilson Grassi (Democrata) concede entrevista ao Poder 360 pela manh\u00e3 e, \u00e0s 18h, fala &hellip;","og_url":"https:\/\/redenoticiaz.com.br\/ribeiraopreto-regiao\/sp\/2026\/09\/01\/agenda-dos-presidenciaveis-inclui-eventos-e-entrevistas-nesta-terca-feira","og_site_name":"Ribeir\u00e3o Preto e Regi\u00e3o","article_publisher":"https:\/\/m.facebook.com\/redenoticiaz.barretos","article_published_time":"2026-09-01T13:09:20+00:00","og_image":[{"width":400,"height":250,"url":"https:\/\/redenoticiaz.com.br\/ribeiraopreto-regiao\/wp-content\/uploads\/sites\/4\/2022\/02\/logo.jpg","type":"image\/jpeg"}],"author":"Patr\u00edcia Prado","twitter_card":"summary_large_image","twitter_creator":"@RN_barretos","twitter_site":"@RN_barretos","twitter_misc":{"Escrito por":"Patr\u00edcia Prado","Est. tempo de leitura":"2 minutos"},"schema":{"@context":"https:\/\/schema.org","@graph":[{"@type":"Article","@id":"https:\/\/redenoticiaz.com.br\/ribeiraopreto-regiao\/sp\/2026\/09\/01\/agenda-dos-presidenciaveis-inclui-eventos-e-entrevistas-nesta-terca-feira#article","isPartOf":{"@id":"https:\/\/redenoticiaz.com.br\/ribeiraopreto-regiao\/sp\/2026\/09\/01\/agenda-dos-presidenciaveis-inclui-eventos-e-entrevistas-nesta-terca-feira"},"author":{"name":"Patr\u00edcia Prado","@id":"https:\/\/redenoticiaz.com.br\/ribeiraopreto-regiao\/#\/schema\/person\/e1b0bd8c2637e2c1b6ddcbc2c33b116f"},"headline":"Agenda dos presidenci\u00e1veis inclui eventos e entrevistas nesta ter\u00e7a-feira","datePublished":"2026-09-01T13:09:20+00:00","mainEntityOfPage":{"@id":"https:\/\/redenoticiaz.com.br\/ribeiraopreto-regiao\/sp\/2026\/09\/01\/agenda-dos-presidenciaveis-inclui-eventos-e-entrevistas-nesta-terca-feira"},"wordCount":337,"commentCount":0,"publisher":{"@id":"https:\/\/redenoticiaz.com.br\/ribeiraopreto-regiao\/#organization"},"image":{"@id":"https:\/\/redenoticiaz.com.br\/ribeiraopreto-regiao\/sp\/2026\/09\/01\/agenda-dos-presidenciaveis-inclui-eventos-e-entrevistas-nesta-terca-feira#primaryimage"},"thumbnailUrl":"https:\/\/redenoticiaz.com.br\/ribeiraopreto-regiao\/wp-content\/uploads\/sites\/4\/2026\/09\/banner_agenda_-_1170x700.png","articleSection":["Cultura","Educa\u00e7\u00e3o","Elei\u00e7\u00f5es","Gastronomia","Pol\u00edtica","Sa\u00fade","Trabalho"],"inLanguage":"pt-BR","potentialAction":[{"@type":"CommentAction","name":"Comment","target":["https:\/\/redenoticiaz.com.br\/ribeiraopreto-regiao\/sp\/2026\/09\/01\/agenda-dos-presidenciaveis-inclui-eventos-e-entrevistas-nesta-terca-feira#respond"]}]},{"@type":"WebPage","@id":"https:\/\/redenoticiaz.com.br\/ribeiraopreto-regiao\/sp\/2026\/09\/01\/agenda-dos-presidenciaveis-inclui-eventos-e-entrevistas-nesta-terca-feira","url":"https:\/\/redenoticiaz.com.br\/ribeiraopreto-regiao\/sp\/2026\/09\/01\/agenda-dos-presidenciaveis-inclui-eventos-e-entrevistas-nesta-terca-feira","name":"Agenda dos presidenci\u00e1veis inclui eventos e entrevistas nesta ter\u00e7a-feira - Ribeir\u00e3o Preto e Regi\u00e3o","isPartOf":{"@id":"https:\/\/redenoticiaz.com.br\/ribeiraopreto-regiao\/#website"},"primaryImageOfPage":{"@id":"https:\/\/redenoticiaz.com.br\/ribeiraopreto-regiao\/sp\/2026\/09\/01\/agenda-dos-presidenciaveis-inclui-eventos-e-entrevistas-nesta-terca-feira#primaryimage"},"image":{"@id":"https:\/\/redenoticiaz.com.br\/ribeiraopreto-regiao\/sp\/2026\/09\/01\/agenda-dos-presidenciaveis-inclui-eventos-e-entrevistas-nesta-terca-feira#primaryimage"},"thumbnailUrl":"https:\/\/redenoticiaz.com.br\/ribeiraopreto-regiao\/wp-content\/uploads\/sites\/4\/2026\/09\/banner_agenda_-_1170x700.png","datePublished":"2026-09-01T13:09:20+00:00","inLanguage":"pt-BR","potentialAction":[{"@type":"ReadAction","target":["https:\/\/redenoticiaz.com.br\/ribeiraopreto-regiao\/sp\/2026\/09\/01\/agenda-dos-presidenciaveis-inclui-eventos-e-entrevistas-nesta-terca-feira"]}]},{"@type":"ImageObject","inLanguage":"pt-BR","@id":"https:\/\/redenoticiaz.com.br\/ribeiraopreto-regiao\/sp\/2026\/09\/01\/agenda-dos-presidenciaveis-inclui-eventos-e-entrevistas-nesta-terca-feira#primaryimage","url":"https:\/\/redenoticiaz.com.br\/ribeiraopreto-regiao\/wp-content\/uploads\/sites\/4\/2026\/09\/banner_agenda_-_1170x700.png","contentUrl":"https:\/\/redenoticiaz.com.br\/ribeiraopreto-regiao\/wp-content\/uploads\/sites\/4\/2026\/09\/banner_agenda_-_1170x700.png","width":1600,"height":800},{"@type":"WebSite","@id":"https:\/\/redenoticiaz.com.br\/ribeiraopreto-regiao\/#website","url":"https:\/\/redenoticiaz.com.br\/ribeiraopreto-regiao\/","name":"Ribeir\u00e3o Preto e Regi\u00e3o","description":"Rede NoticiaZ - Ribeir\u00e3o Preto e regi\u00e3o","publisher":{"@id":"https:\/\/redenoticiaz.com.br\/ribeiraopreto-regiao\/#organization"},"potentialAction":[{"@type":"SearchAction","target":{"@type":"EntryPoint","urlTemplate":"https:\/\/redenoticiaz.com.br\/ribeiraopreto-regiao\/?s={search_term_string}"},"query-input":{"@type":"PropertyValueSpecification","valueRequired":true,"valueName":"search_term_string"}}],"inLanguage":"pt-BR"},{"@type":"Organization","@id":"https:\/\/redenoticiaz.com.br\/ribeiraopreto-regiao\/#organization","name":"Ribeir\u00e3o Preto e Regi\u00e3o","url":"https:\/\/redenoticiaz.com.br\/ribeiraopreto-regiao\/","logo":{"@type":"ImageObject","inLanguage":"pt-BR","@id":"https:\/\/redenoticiaz.com.br\/ribeiraopreto-regiao\/#\/schema\/logo\/image\/","url":"https:\/\/redenoticiaz.com.br\/barretos-regiao\/wp-content\/uploads\/sites\/4\/2022\/02\/logo.jpg","contentUrl":"https:\/\/redenoticiaz.com.br\/barretos-regiao\/wp-content\/uploads\/sites\/4\/2022\/02\/logo.jpg","width":400,"height":250,"caption":"Ribeir\u00e3o Preto e Regi\u00e3o"},"image":{"@id":"https:\/\/redenoticiaz.com.br\/ribeiraopreto-regiao\/#\/schema\/logo\/image\/"},"sameAs":["https:\/\/m.facebook.com\/redenoticiaz.barretos","https:\/\/x.com\/RN_barretos","https:\/\/www.instagram.com\/redenoticiaz.barretos\/?igshid=YmMyMTA2M2Y","https:\/\/www.linkedin.com\/company\/rede-noticiaz-barretos-e-regio\/"]},{"@type":"Person","@id":"https:\/\/redenoticiaz.com.br\/ribeiraopreto-regiao\/#\/schema\/person\/e1b0bd8c2637e2c1b6ddcbc2c33b116f","name":"Patr\u00edcia Prado","image":{"@type":"ImageObject","inLanguage":"pt-BR","@id":"https:\/\/secure.gravatar.com\/avatar\/92e358bef22cfcec15e054ae4d9fee04dadf0c772dc4a17b382b8a34a15354c2?s=96&d=mm&r=g","url":"https:\/\/secure.gravatar.com\/avatar\/92e358bef22cfcec15e054ae4d9fee04dadf0c772dc4a17b382b8a34a15354c2?s=96&d=mm&r=g","contentUrl":"https:\/\/secure.gravatar.com\/avatar\/92e358bef22cfcec15e054ae4d9fee04dadf0c772dc4a17b382b8a34a15354c2?s=96&d=mm&r=g","caption":"Patr\u00edcia Prado"},"url":"https:\/\/redenoticiaz.com.br\/ribeiraopreto-regiao\/sp\/author\/patricia-prado"}]}},"_links":{"self":[{"href":"https:\/\/redenoticiaz.com.br\/ribeiraopreto-regiao\/wp-json\/wp\/v2\/posts\/122992","targetHints":{"allow":["GET"]}}],"collection":[{"href":"https:\/\/redenoticiaz.com.br\/ribeiraopreto-regiao\/wp-json\/wp\/v2\/posts"}],"about":[{"href":"https:\/\/redenoticiaz.com.br\/ribeiraopreto-regiao\/wp-json\/wp\/v2\/types\/post"}],"author":[{"embeddable":true,"href":"https:\/\/redenoticiaz.com.br\/ribeiraopreto-regiao\/wp-json\/wp\/v2\/users\/5"}],"replies":[{"embeddable":true,"href":"https:\/\/redenoticiaz.com.br\/ribeiraopreto-regiao\/wp-json\/wp\/v2\/comments?post=122992"}],"version-history":[{"count":0,"href":"https:\/\/redenoticiaz.com.br\/ribeiraopreto-regiao\/wp-json\/wp\/v2\/posts\/122992\/revisions"}],"wp:featuredmedia":[{"embeddable":true,"href":"https:\/\/redenoticiaz.com.br\/ribeiraopreto-regiao\/wp-json\/wp\/v2\/media\/122993"}],"wp:attachment":[{"href":"https:\/\/redenoticiaz.com.br\/ribeiraopreto-regiao\/wp-json\/wp\/v2\/media?parent=122992"}],"wp:term":[{"taxonomy":"category","embeddable":true,"href":"https:\/\/redenoticiaz.com.br\/ribeiraopreto-regiao\/wp-json\/wp\/v2\/categories?post=122992"},{"taxonomy":"post_tag","embeddable":true,"href":"https:\/\/redenoticiaz.com.br\/ribeiraopreto-regiao\/wp-json\/wp\/v2\/tags?post=122992"}],"curies":[{"name":"wp","href":"https:\/\/api.w.org\/{rel}","templated":true}]}}