{"id":123008,"date":"2026-09-01T13:15:03","date_gmt":"2026-09-01T16:15:03","guid":{"rendered":"https:\/\/redenoticiaz.com.br\/ribeiraopreto-regiao\/sp\/2026\/09\/01\/anpd-abre-prazo-para-contribuicoes-a-agenda-regulatoria-2027-2028"},"modified":"2026-09-01T13:15:03","modified_gmt":"2026-09-01T16:15:03","slug":"anpd-abre-prazo-para-contribuicoes-a-agenda-regulatoria-2027-2028","status":"publish","type":"post","link":"https:\/\/redenoticiaz.com.br\/ribeiraopreto-regiao\/sp\/2026\/09\/01\/anpd-abre-prazo-para-contribuicoes-a-agenda-regulatoria-2027-2028","title":{"rendered":"ANPD abre prazo para contribui\u00e7\u00f5es \u00e0 agenda regulat\u00f3ria 2027-2028"},"content":{"rendered":"<p>A Ag\u00eancia Nacional de Prote\u00e7\u00e3o de Dados (ANPD) abriu, nesta ter\u00e7a-feira (1), o prazo para o envio de sugest\u00f5es e contribui\u00e7\u00f5es para a agenda regulat\u00f3ria do setor referente aos anos de 2027 e 2028. Os interessados, incluindo pesquisadores, empresas, organiza\u00e7\u00f5es da sociedade civil, institui\u00e7\u00f5es p\u00fablicas e cidad\u00e3os, podem participar at\u00e9 o dia 16 de outubro, por meio da plataforma Brasil Participativo.<\/p>\n<p>As contribui\u00e7\u00f5es ajudar\u00e3o a ANPD na prepara\u00e7\u00e3o da Agenda de Avalia\u00e7\u00e3o de Resultado Regulat\u00f3rio para o per\u00edodo de 2027 a 2030. Al\u00e9m de regulamentar a prote\u00e7\u00e3o de dados pessoais, a agenda busca garantir a aplica\u00e7\u00e3o do Estatuto Digital da Crian\u00e7a e do Adolescente.<\/p>\n<p>A agenda regulat\u00f3ria da ANPD serve como um planejamento estrat\u00e9gico, destacando temas priorit\u00e1rios para a cria\u00e7\u00e3o de regulamentos e orienta\u00e7\u00f5es, al\u00e9m de definir metas e prazos para projetos de regulamenta\u00e7\u00e3o. Entre os eixos tem\u00e1ticos propostos, est\u00e1 a promo\u00e7\u00e3o de um ambiente digital seguro, especialmente para crian\u00e7as, adolescentes e mulheres.<\/p>\n<p>As a\u00e7\u00f5es relacionadas a esse tema incluem a supervis\u00e3o de pais e cuidadores, a implementa\u00e7\u00e3o de padr\u00f5es de design seguro por plataformas digitais, a regulamenta\u00e7\u00e3o do uso de intelig\u00eancia artificial por jovens e a transpar\u00eancia nas a\u00e7\u00f5es dessas plataformas, al\u00e9m do combate ao conte\u00fado il\u00edcito gerado por intelig\u00eancia artificial. Tamb\u00e9m \u00e9 destacado o eixo de privacidade e prote\u00e7\u00e3o de dados pessoais.<\/p>\n<p>De acordo com a Portaria n\u00ba 16\/2021, a agenda regulat\u00f3ria deve ser aprovada at\u00e9 1\u00ba de fevereiro de 2027. A Agenda de Avalia\u00e7\u00e3o de Resultado Regulat\u00f3rio permitir\u00e1 a an\u00e1lise dos resultados alcan\u00e7ados e seu impacto na sociedade, incluindo normativos como o Regulamento de Transfer\u00eancia Internacional de Dados e o Guia Orientativo sobre Mecanismos de Aferi\u00e7\u00e3o de Idade.<\/p>\n<p>Mais informa\u00e7\u00f5es sobre as iniciativas regulat\u00f3rias da ANPD est\u00e3o dispon\u00edveis na p\u00e1gina de Regula\u00e7\u00e3o da ag\u00eancia, onde tamb\u00e9m \u00e9 poss\u00edvel acompanhar a Agenda Regulat\u00f3ria 2025-2026.<\/p>\n","protected":false},"excerpt":{"rendered":"<p>A Ag\u00eancia Nacional de Prote\u00e7\u00e3o de Dados (ANPD) abriu, nesta ter\u00e7a-feira (1), o prazo para o envio de sugest\u00f5es e contribui\u00e7\u00f5es para a agenda regulat\u00f3ria do setor referente aos anos de 2027 e 2028. Os interessados, incluindo pesquisadores, empresas, organiza\u00e7\u00f5es da sociedade civil, institui\u00e7\u00f5es p\u00fablicas e cidad\u00e3os, podem participar at\u00e9 o dia 16 de outubro, &hellip;<\/p>\n","protected":false},"author":5,"featured_media":123009,"comment_status":"open","ping_status":"closed","sticky":false,"template":"","format":"standard","meta":{"footnotes":""},"categories":[101,68,1561],"tags":[],"class_list":["post-123008","post","type-post","status-publish","format-standard","has-post-thumbnail","hentry","category-economia","category-mundo","category-tecnologia"],"yoast_head":"<!-- This site is optimized with the Yoast SEO plugin v28.3 - https:\/\/yoast.com\/product\/yoast-seo-wordpress\/ -->\n<title>ANPD abre prazo para contribui\u00e7\u00f5es \u00e0 agenda regulat\u00f3ria 2027-2028 - Ribeir\u00e3o Preto e Regi\u00e3o<\/title>\n<meta name=\"robots\" content=\"index, follow, max-snippet:-1, max-image-preview:large, max-video-preview:-1\" \/>\n<link rel=\"canonical\" href=\"https:\/\/redenoticiaz.com.br\/ribeiraopreto-regiao\/sp\/2026\/09\/01\/anpd-abre-prazo-para-contribuicoes-a-agenda-regulatoria-2027-2028\" \/>\n<meta property=\"og:locale\" content=\"pt_BR\" \/>\n<meta property=\"og:type\" content=\"article\" \/>\n<meta property=\"og:title\" content=\"ANPD abre prazo para contribui\u00e7\u00f5es \u00e0 agenda regulat\u00f3ria 2027-2028 - Ribeir\u00e3o Preto e Regi\u00e3o\" \/>\n<meta property=\"og:description\" content=\"A Ag\u00eancia Nacional de Prote\u00e7\u00e3o de Dados (ANPD) abriu, nesta ter\u00e7a-feira (1), o prazo para o envio de sugest\u00f5es e contribui\u00e7\u00f5es para a agenda regulat\u00f3ria do setor referente aos anos de 2027 e 2028. Os interessados, incluindo pesquisadores, empresas, organiza\u00e7\u00f5es da sociedade civil, institui\u00e7\u00f5es p\u00fablicas e cidad\u00e3os, podem participar at\u00e9 o dia 16 de outubro, &hellip;\" \/>\n<meta property=\"og:url\" content=\"https:\/\/redenoticiaz.com.br\/ribeiraopreto-regiao\/sp\/2026\/09\/01\/anpd-abre-prazo-para-contribuicoes-a-agenda-regulatoria-2027-2028\" \/>\n<meta property=\"og:site_name\" content=\"Ribeir\u00e3o Preto e Regi\u00e3o\" \/>\n<meta property=\"article:publisher\" content=\"https:\/\/m.facebook.com\/redenoticiaz.barretos\" \/>\n<meta property=\"article:published_time\" content=\"2026-09-01T16:15:03+00:00\" \/>\n<meta property=\"og:image\" content=\"https:\/\/redenoticiaz.com.br\/ribeiraopreto-regiao\/wp-content\/uploads\/sites\/4\/2022\/02\/logo.jpg\" \/>\n\t<meta property=\"og:image:width\" content=\"400\" \/>\n\t<meta property=\"og:image:height\" content=\"250\" \/>\n\t<meta property=\"og:image:type\" content=\"image\/jpeg\" \/>\n<meta name=\"author\" content=\"Patr\u00edcia Prado\" \/>\n<meta name=\"twitter:card\" content=\"summary_large_image\" \/>\n<meta name=\"twitter:creator\" content=\"@RN_barretos\" \/>\n<meta name=\"twitter:site\" content=\"@RN_barretos\" \/>\n<meta name=\"twitter:label1\" content=\"Escrito por\" \/>\n\t<meta name=\"twitter:data1\" content=\"Patr\u00edcia Prado\" \/>\n\t<meta name=\"twitter:label2\" content=\"Est. tempo de leitura\" \/>\n\t<meta name=\"twitter:data2\" content=\"2 minutos\" \/>\n<script type=\"application\/ld+json\" class=\"yoast-schema-graph\">{\"@context\":\"https:\\\/\\\/schema.org\",\"@graph\":[{\"@type\":\"Article\",\"@id\":\"https:\\\/\\\/redenoticiaz.com.br\\\/ribeiraopreto-regiao\\\/sp\\\/2026\\\/09\\\/01\\\/anpd-abre-prazo-para-contribuicoes-a-agenda-regulatoria-2027-2028#article\",\"isPartOf\":{\"@id\":\"https:\\\/\\\/redenoticiaz.com.br\\\/ribeiraopreto-regiao\\\/sp\\\/2026\\\/09\\\/01\\\/anpd-abre-prazo-para-contribuicoes-a-agenda-regulatoria-2027-2028\"},\"author\":{\"name\":\"Patr\u00edcia Prado\",\"@id\":\"https:\\\/\\\/redenoticiaz.com.br\\\/ribeiraopreto-regiao\\\/#\\\/schema\\\/person\\\/e1b0bd8c2637e2c1b6ddcbc2c33b116f\"},\"headline\":\"ANPD abre prazo para contribui\u00e7\u00f5es \u00e0 agenda regulat\u00f3ria 2027-2028\",\"datePublished\":\"2026-09-01T16:15:03+00:00\",\"mainEntityOfPage\":{\"@id\":\"https:\\\/\\\/redenoticiaz.com.br\\\/ribeiraopreto-regiao\\\/sp\\\/2026\\\/09\\\/01\\\/anpd-abre-prazo-para-contribuicoes-a-agenda-regulatoria-2027-2028\"},\"wordCount\":356,\"commentCount\":0,\"publisher\":{\"@id\":\"https:\\\/\\\/redenoticiaz.com.br\\\/ribeiraopreto-regiao\\\/#organization\"},\"image\":{\"@id\":\"https:\\\/\\\/redenoticiaz.com.br\\\/ribeiraopreto-regiao\\\/sp\\\/2026\\\/09\\\/01\\\/anpd-abre-prazo-para-contribuicoes-a-agenda-regulatoria-2027-2028#primaryimage\"},\"thumbnailUrl\":\"https:\\\/\\\/redenoticiaz.com.br\\\/ribeiraopreto-regiao\\\/wp-content\\\/uploads\\\/sites\\\/4\\\/2026\\\/09\\\/image-907-65aa450ba7deac49f008f187e48012ff_copy.jpg\",\"articleSection\":[\"Economia\",\"Mundo\",\"Tecnologia\"],\"inLanguage\":\"pt-BR\",\"potentialAction\":[{\"@type\":\"CommentAction\",\"name\":\"Comment\",\"target\":[\"https:\\\/\\\/redenoticiaz.com.br\\\/ribeiraopreto-regiao\\\/sp\\\/2026\\\/09\\\/01\\\/anpd-abre-prazo-para-contribuicoes-a-agenda-regulatoria-2027-2028#respond\"]}]},{\"@type\":\"WebPage\",\"@id\":\"https:\\\/\\\/redenoticiaz.com.br\\\/ribeiraopreto-regiao\\\/sp\\\/2026\\\/09\\\/01\\\/anpd-abre-prazo-para-contribuicoes-a-agenda-regulatoria-2027-2028\",\"url\":\"https:\\\/\\\/redenoticiaz.com.br\\\/ribeiraopreto-regiao\\\/sp\\\/2026\\\/09\\\/01\\\/anpd-abre-prazo-para-contribuicoes-a-agenda-regulatoria-2027-2028\",\"name\":\"ANPD abre prazo para contribui\u00e7\u00f5es \u00e0 agenda regulat\u00f3ria 2027-2028 - Ribeir\u00e3o Preto e Regi\u00e3o\",\"isPartOf\":{\"@id\":\"https:\\\/\\\/redenoticiaz.com.br\\\/ribeiraopreto-regiao\\\/#website\"},\"primaryImageOfPage\":{\"@id\":\"https:\\\/\\\/redenoticiaz.com.br\\\/ribeiraopreto-regiao\\\/sp\\\/2026\\\/09\\\/01\\\/anpd-abre-prazo-para-contribuicoes-a-agenda-regulatoria-2027-2028#primaryimage\"},\"image\":{\"@id\":\"https:\\\/\\\/redenoticiaz.com.br\\\/ribeiraopreto-regiao\\\/sp\\\/2026\\\/09\\\/01\\\/anpd-abre-prazo-para-contribuicoes-a-agenda-regulatoria-2027-2028#primaryimage\"},\"thumbnailUrl\":\"https:\\\/\\\/redenoticiaz.com.br\\\/ribeiraopreto-regiao\\\/wp-content\\\/uploads\\\/sites\\\/4\\\/2026\\\/09\\\/image-907-65aa450ba7deac49f008f187e48012ff_copy.jpg\",\"datePublished\":\"2026-09-01T16:15:03+00:00\",\"inLanguage\":\"pt-BR\",\"potentialAction\":[{\"@type\":\"ReadAction\",\"target\":[\"https:\\\/\\\/redenoticiaz.com.br\\\/ribeiraopreto-regiao\\\/sp\\\/2026\\\/09\\\/01\\\/anpd-abre-prazo-para-contribuicoes-a-agenda-regulatoria-2027-2028\"]}]},{\"@type\":\"ImageObject\",\"inLanguage\":\"pt-BR\",\"@id\":\"https:\\\/\\\/redenoticiaz.com.br\\\/ribeiraopreto-regiao\\\/sp\\\/2026\\\/09\\\/01\\\/anpd-abre-prazo-para-contribuicoes-a-agenda-regulatoria-2027-2028#primaryimage\",\"url\":\"https:\\\/\\\/redenoticiaz.com.br\\\/ribeiraopreto-regiao\\\/wp-content\\\/uploads\\\/sites\\\/4\\\/2026\\\/09\\\/image-907-65aa450ba7deac49f008f187e48012ff_copy.jpg\",\"contentUrl\":\"https:\\\/\\\/redenoticiaz.com.br\\\/ribeiraopreto-regiao\\\/wp-content\\\/uploads\\\/sites\\\/4\\\/2026\\\/09\\\/image-907-65aa450ba7deac49f008f187e48012ff_copy.jpg\",\"width\":1600,\"height\":800},{\"@type\":\"WebSite\",\"@id\":\"https:\\\/\\\/redenoticiaz.com.br\\\/ribeiraopreto-regiao\\\/#website\",\"url\":\"https:\\\/\\\/redenoticiaz.com.br\\\/ribeiraopreto-regiao\\\/\",\"name\":\"Ribeir\u00e3o Preto e Regi\u00e3o\",\"description\":\"Rede NoticiaZ - Ribeir\u00e3o Preto e regi\u00e3o\",\"publisher\":{\"@id\":\"https:\\\/\\\/redenoticiaz.com.br\\\/ribeiraopreto-regiao\\\/#organization\"},\"potentialAction\":[{\"@type\":\"SearchAction\",\"target\":{\"@type\":\"EntryPoint\",\"urlTemplate\":\"https:\\\/\\\/redenoticiaz.com.br\\\/ribeiraopreto-regiao\\\/?s={search_term_string}\"},\"query-input\":{\"@type\":\"PropertyValueSpecification\",\"valueRequired\":true,\"valueName\":\"search_term_string\"}}],\"inLanguage\":\"pt-BR\"},{\"@type\":\"Organization\",\"@id\":\"https:\\\/\\\/redenoticiaz.com.br\\\/ribeiraopreto-regiao\\\/#organization\",\"name\":\"Ribeir\u00e3o Preto e Regi\u00e3o\",\"url\":\"https:\\\/\\\/redenoticiaz.com.br\\\/ribeiraopreto-regiao\\\/\",\"logo\":{\"@type\":\"ImageObject\",\"inLanguage\":\"pt-BR\",\"@id\":\"https:\\\/\\\/redenoticiaz.com.br\\\/ribeiraopreto-regiao\\\/#\\\/schema\\\/logo\\\/image\\\/\",\"url\":\"https:\\\/\\\/redenoticiaz.com.br\\\/barretos-regiao\\\/wp-content\\\/uploads\\\/sites\\\/4\\\/2022\\\/02\\\/logo.jpg\",\"contentUrl\":\"https:\\\/\\\/redenoticiaz.com.br\\\/barretos-regiao\\\/wp-content\\\/uploads\\\/sites\\\/4\\\/2022\\\/02\\\/logo.jpg\",\"width\":400,\"height\":250,\"caption\":\"Ribeir\u00e3o Preto e Regi\u00e3o\"},\"image\":{\"@id\":\"https:\\\/\\\/redenoticiaz.com.br\\\/ribeiraopreto-regiao\\\/#\\\/schema\\\/logo\\\/image\\\/\"},\"sameAs\":[\"https:\\\/\\\/m.facebook.com\\\/redenoticiaz.barretos\",\"https:\\\/\\\/x.com\\\/RN_barretos\",\"https:\\\/\\\/www.instagram.com\\\/redenoticiaz.barretos\\\/?igshid=YmMyMTA2M2Y\",\"https:\\\/\\\/www.linkedin.com\\\/company\\\/rede-noticiaz-barretos-e-regio\\\/\"]},{\"@type\":\"Person\",\"@id\":\"https:\\\/\\\/redenoticiaz.com.br\\\/ribeiraopreto-regiao\\\/#\\\/schema\\\/person\\\/e1b0bd8c2637e2c1b6ddcbc2c33b116f\",\"name\":\"Patr\u00edcia Prado\",\"image\":{\"@type\":\"ImageObject\",\"inLanguage\":\"pt-BR\",\"@id\":\"https:\\\/\\\/secure.gravatar.com\\\/avatar\\\/92e358bef22cfcec15e054ae4d9fee04dadf0c772dc4a17b382b8a34a15354c2?s=96&d=mm&r=g\",\"url\":\"https:\\\/\\\/secure.gravatar.com\\\/avatar\\\/92e358bef22cfcec15e054ae4d9fee04dadf0c772dc4a17b382b8a34a15354c2?s=96&d=mm&r=g\",\"contentUrl\":\"https:\\\/\\\/secure.gravatar.com\\\/avatar\\\/92e358bef22cfcec15e054ae4d9fee04dadf0c772dc4a17b382b8a34a15354c2?s=96&d=mm&r=g\",\"caption\":\"Patr\u00edcia Prado\"},\"url\":\"https:\\\/\\\/redenoticiaz.com.br\\\/ribeiraopreto-regiao\\\/sp\\\/author\\\/patricia-prado\"}]}<\/script>\n<!-- \/ Yoast SEO plugin. -->","yoast_head_json":{"title":"ANPD abre prazo para contribui\u00e7\u00f5es \u00e0 agenda regulat\u00f3ria 2027-2028 - Ribeir\u00e3o Preto e Regi\u00e3o","robots":{"index":"index","follow":"follow","max-snippet":"max-snippet:-1","max-image-preview":"max-image-preview:large","max-video-preview":"max-video-preview:-1"},"canonical":"https:\/\/redenoticiaz.com.br\/ribeiraopreto-regiao\/sp\/2026\/09\/01\/anpd-abre-prazo-para-contribuicoes-a-agenda-regulatoria-2027-2028","og_locale":"pt_BR","og_type":"article","og_title":"ANPD abre prazo para contribui\u00e7\u00f5es \u00e0 agenda regulat\u00f3ria 2027-2028 - Ribeir\u00e3o Preto e Regi\u00e3o","og_description":"A Ag\u00eancia Nacional de Prote\u00e7\u00e3o de Dados (ANPD) abriu, nesta ter\u00e7a-feira (1), o prazo para o envio de sugest\u00f5es e contribui\u00e7\u00f5es para a agenda regulat\u00f3ria do setor referente aos anos de 2027 e 2028. Os interessados, incluindo pesquisadores, empresas, organiza\u00e7\u00f5es da sociedade civil, institui\u00e7\u00f5es p\u00fablicas e cidad\u00e3os, podem participar at\u00e9 o dia 16 de outubro, &hellip;","og_url":"https:\/\/redenoticiaz.com.br\/ribeiraopreto-regiao\/sp\/2026\/09\/01\/anpd-abre-prazo-para-contribuicoes-a-agenda-regulatoria-2027-2028","og_site_name":"Ribeir\u00e3o Preto e Regi\u00e3o","article_publisher":"https:\/\/m.facebook.com\/redenoticiaz.barretos","article_published_time":"2026-09-01T16:15:03+00:00","og_image":[{"width":400,"height":250,"url":"https:\/\/redenoticiaz.com.br\/ribeiraopreto-regiao\/wp-content\/uploads\/sites\/4\/2022\/02\/logo.jpg","type":"image\/jpeg"}],"author":"Patr\u00edcia Prado","twitter_card":"summary_large_image","twitter_creator":"@RN_barretos","twitter_site":"@RN_barretos","twitter_misc":{"Escrito por":"Patr\u00edcia Prado","Est. tempo de leitura":"2 minutos"},"schema":{"@context":"https:\/\/schema.org","@graph":[{"@type":"Article","@id":"https:\/\/redenoticiaz.com.br\/ribeiraopreto-regiao\/sp\/2026\/09\/01\/anpd-abre-prazo-para-contribuicoes-a-agenda-regulatoria-2027-2028#article","isPartOf":{"@id":"https:\/\/redenoticiaz.com.br\/ribeiraopreto-regiao\/sp\/2026\/09\/01\/anpd-abre-prazo-para-contribuicoes-a-agenda-regulatoria-2027-2028"},"author":{"name":"Patr\u00edcia Prado","@id":"https:\/\/redenoticiaz.com.br\/ribeiraopreto-regiao\/#\/schema\/person\/e1b0bd8c2637e2c1b6ddcbc2c33b116f"},"headline":"ANPD abre prazo para contribui\u00e7\u00f5es \u00e0 agenda regulat\u00f3ria 2027-2028","datePublished":"2026-09-01T16:15:03+00:00","mainEntityOfPage":{"@id":"https:\/\/redenoticiaz.com.br\/ribeiraopreto-regiao\/sp\/2026\/09\/01\/anpd-abre-prazo-para-contribuicoes-a-agenda-regulatoria-2027-2028"},"wordCount":356,"commentCount":0,"publisher":{"@id":"https:\/\/redenoticiaz.com.br\/ribeiraopreto-regiao\/#organization"},"image":{"@id":"https:\/\/redenoticiaz.com.br\/ribeiraopreto-regiao\/sp\/2026\/09\/01\/anpd-abre-prazo-para-contribuicoes-a-agenda-regulatoria-2027-2028#primaryimage"},"thumbnailUrl":"https:\/\/redenoticiaz.com.br\/ribeiraopreto-regiao\/wp-content\/uploads\/sites\/4\/2026\/09\/image-907-65aa450ba7deac49f008f187e48012ff_copy.jpg","articleSection":["Economia","Mundo","Tecnologia"],"inLanguage":"pt-BR","potentialAction":[{"@type":"CommentAction","name":"Comment","target":["https:\/\/redenoticiaz.com.br\/ribeiraopreto-regiao\/sp\/2026\/09\/01\/anpd-abre-prazo-para-contribuicoes-a-agenda-regulatoria-2027-2028#respond"]}]},{"@type":"WebPage","@id":"https:\/\/redenoticiaz.com.br\/ribeiraopreto-regiao\/sp\/2026\/09\/01\/anpd-abre-prazo-para-contribuicoes-a-agenda-regulatoria-2027-2028","url":"https:\/\/redenoticiaz.com.br\/ribeiraopreto-regiao\/sp\/2026\/09\/01\/anpd-abre-prazo-para-contribuicoes-a-agenda-regulatoria-2027-2028","name":"ANPD abre prazo para contribui\u00e7\u00f5es \u00e0 agenda regulat\u00f3ria 2027-2028 - Ribeir\u00e3o Preto e Regi\u00e3o","isPartOf":{"@id":"https:\/\/redenoticiaz.com.br\/ribeiraopreto-regiao\/#website"},"primaryImageOfPage":{"@id":"https:\/\/redenoticiaz.com.br\/ribeiraopreto-regiao\/sp\/2026\/09\/01\/anpd-abre-prazo-para-contribuicoes-a-agenda-regulatoria-2027-2028#primaryimage"},"image":{"@id":"https:\/\/redenoticiaz.com.br\/ribeiraopreto-regiao\/sp\/2026\/09\/01\/anpd-abre-prazo-para-contribuicoes-a-agenda-regulatoria-2027-2028#primaryimage"},"thumbnailUrl":"https:\/\/redenoticiaz.com.br\/ribeiraopreto-regiao\/wp-content\/uploads\/sites\/4\/2026\/09\/image-907-65aa450ba7deac49f008f187e48012ff_copy.jpg","datePublished":"2026-09-01T16:15:03+00:00","inLanguage":"pt-BR","potentialAction":[{"@type":"ReadAction","target":["https:\/\/redenoticiaz.com.br\/ribeiraopreto-regiao\/sp\/2026\/09\/01\/anpd-abre-prazo-para-contribuicoes-a-agenda-regulatoria-2027-2028"]}]},{"@type":"ImageObject","inLanguage":"pt-BR","@id":"https:\/\/redenoticiaz.com.br\/ribeiraopreto-regiao\/sp\/2026\/09\/01\/anpd-abre-prazo-para-contribuicoes-a-agenda-regulatoria-2027-2028#primaryimage","url":"https:\/\/redenoticiaz.com.br\/ribeiraopreto-regiao\/wp-content\/uploads\/sites\/4\/2026\/09\/image-907-65aa450ba7deac49f008f187e48012ff_copy.jpg","contentUrl":"https:\/\/redenoticiaz.com.br\/ribeiraopreto-regiao\/wp-content\/uploads\/sites\/4\/2026\/09\/image-907-65aa450ba7deac49f008f187e48012ff_copy.jpg","width":1600,"height":800},{"@type":"WebSite","@id":"https:\/\/redenoticiaz.com.br\/ribeiraopreto-regiao\/#website","url":"https:\/\/redenoticiaz.com.br\/ribeiraopreto-regiao\/","name":"Ribeir\u00e3o Preto e Regi\u00e3o","description":"Rede NoticiaZ - Ribeir\u00e3o Preto e regi\u00e3o","publisher":{"@id":"https:\/\/redenoticiaz.com.br\/ribeiraopreto-regiao\/#organization"},"potentialAction":[{"@type":"SearchAction","target":{"@type":"EntryPoint","urlTemplate":"https:\/\/redenoticiaz.com.br\/ribeiraopreto-regiao\/?s={search_term_string}"},"query-input":{"@type":"PropertyValueSpecification","valueRequired":true,"valueName":"search_term_string"}}],"inLanguage":"pt-BR"},{"@type":"Organization","@id":"https:\/\/redenoticiaz.com.br\/ribeiraopreto-regiao\/#organization","name":"Ribeir\u00e3o Preto e Regi\u00e3o","url":"https:\/\/redenoticiaz.com.br\/ribeiraopreto-regiao\/","logo":{"@type":"ImageObject","inLanguage":"pt-BR","@id":"https:\/\/redenoticiaz.com.br\/ribeiraopreto-regiao\/#\/schema\/logo\/image\/","url":"https:\/\/redenoticiaz.com.br\/barretos-regiao\/wp-content\/uploads\/sites\/4\/2022\/02\/logo.jpg","contentUrl":"https:\/\/redenoticiaz.com.br\/barretos-regiao\/wp-content\/uploads\/sites\/4\/2022\/02\/logo.jpg","width":400,"height":250,"caption":"Ribeir\u00e3o Preto e Regi\u00e3o"},"image":{"@id":"https:\/\/redenoticiaz.com.br\/ribeiraopreto-regiao\/#\/schema\/logo\/image\/"},"sameAs":["https:\/\/m.facebook.com\/redenoticiaz.barretos","https:\/\/x.com\/RN_barretos","https:\/\/www.instagram.com\/redenoticiaz.barretos\/?igshid=YmMyMTA2M2Y","https:\/\/www.linkedin.com\/company\/rede-noticiaz-barretos-e-regio\/"]},{"@type":"Person","@id":"https:\/\/redenoticiaz.com.br\/ribeiraopreto-regiao\/#\/schema\/person\/e1b0bd8c2637e2c1b6ddcbc2c33b116f","name":"Patr\u00edcia Prado","image":{"@type":"ImageObject","inLanguage":"pt-BR","@id":"https:\/\/secure.gravatar.com\/avatar\/92e358bef22cfcec15e054ae4d9fee04dadf0c772dc4a17b382b8a34a15354c2?s=96&d=mm&r=g","url":"https:\/\/secure.gravatar.com\/avatar\/92e358bef22cfcec15e054ae4d9fee04dadf0c772dc4a17b382b8a34a15354c2?s=96&d=mm&r=g","contentUrl":"https:\/\/secure.gravatar.com\/avatar\/92e358bef22cfcec15e054ae4d9fee04dadf0c772dc4a17b382b8a34a15354c2?s=96&d=mm&r=g","caption":"Patr\u00edcia Prado"},"url":"https:\/\/redenoticiaz.com.br\/ribeiraopreto-regiao\/sp\/author\/patricia-prado"}]}},"_links":{"self":[{"href":"https:\/\/redenoticiaz.com.br\/ribeiraopreto-regiao\/wp-json\/wp\/v2\/posts\/123008","targetHints":{"allow":["GET"]}}],"collection":[{"href":"https:\/\/redenoticiaz.com.br\/ribeiraopreto-regiao\/wp-json\/wp\/v2\/posts"}],"about":[{"href":"https:\/\/redenoticiaz.com.br\/ribeiraopreto-regiao\/wp-json\/wp\/v2\/types\/post"}],"author":[{"embeddable":true,"href":"https:\/\/redenoticiaz.com.br\/ribeiraopreto-regiao\/wp-json\/wp\/v2\/users\/5"}],"replies":[{"embeddable":true,"href":"https:\/\/redenoticiaz.com.br\/ribeiraopreto-regiao\/wp-json\/wp\/v2\/comments?post=123008"}],"version-history":[{"count":0,"href":"https:\/\/redenoticiaz.com.br\/ribeiraopreto-regiao\/wp-json\/wp\/v2\/posts\/123008\/revisions"}],"wp:featuredmedia":[{"embeddable":true,"href":"https:\/\/redenoticiaz.com.br\/ribeiraopreto-regiao\/wp-json\/wp\/v2\/media\/123009"}],"wp:attachment":[{"href":"https:\/\/redenoticiaz.com.br\/ribeiraopreto-regiao\/wp-json\/wp\/v2\/media?parent=123008"}],"wp:term":[{"taxonomy":"category","embeddable":true,"href":"https:\/\/redenoticiaz.com.br\/ribeiraopreto-regiao\/wp-json\/wp\/v2\/categories?post=123008"},{"taxonomy":"post_tag","embeddable":true,"href":"https:\/\/redenoticiaz.com.br\/ribeiraopreto-regiao\/wp-json\/wp\/v2\/tags?post=123008"}],"curies":[{"name":"wp","href":"https:\/\/api.w.org\/{rel}","templated":true}]}}