{"id":123010,"date":"2026-09-01T13:46:00","date_gmt":"2026-09-01T16:46:00","guid":{"rendered":"https:\/\/redenoticiaz.com.br\/ribeiraopreto-regiao\/sp\/2026\/09\/01\/brasil-registra-05-de-crescimento-do-pib-e-e-5a-maior-alta-global"},"modified":"2026-09-01T13:46:00","modified_gmt":"2026-09-01T16:46:00","slug":"brasil-registra-05-de-crescimento-do-pib-e-e-5a-maior-alta-global","status":"publish","type":"post","link":"https:\/\/redenoticiaz.com.br\/ribeiraopreto-regiao\/sp\/2026\/09\/01\/brasil-registra-05-de-crescimento-do-pib-e-e-5a-maior-alta-global","title":{"rendered":"Brasil registra 0,5% de crescimento do PIB e \u00e9 5\u00aa maior alta global"},"content":{"rendered":"<p>O Brasil registrou um crescimento de 0,5% em seu Produto Interno Bruto (PIB) no segundo trimestre de 2026, tornando-se o quinto pa\u00eds com a maior alta econ\u00f4mica nesta compara\u00e7\u00e3o, \u00e0 frente de pot\u00eancias como Estados Unidos e China. Os dados foram apresentados pela ag\u00eancia classificadora de risco de cr\u00e9dito Austin Rating, com informa\u00e7\u00f5es do Fundo Monet\u00e1rio Internacional (FMI).<\/p>\n<p>O ranking considera 50 na\u00e7\u00f5es que j\u00e1 divulgaram os resultados do PIB do segundo trimestre, com a Irlanda destacando-se na primeira posi\u00e7\u00e3o, com uma expans\u00e3o de 1%.<\/p>\n<p>Al\u00e9m de ficar em quinto lugar, o desempenho do Brasil supera a m\u00e9dia global de crescimento, que \u00e9 de 0,2%, os 0,1% da Zona do Euro e os 0,2% do G7, composto por pa\u00edses como Alemanha, Canad\u00e1, Estados Unidos, Fran\u00e7a, It\u00e1lia, Jap\u00e3o e Reino Unido.<\/p>\n<p>Segundo o boletim da Secretaria de Pol\u00edtica Econ\u00f4mica do Minist\u00e9rio da Fazenda, a expans\u00e3o do PIB foi superior \u00e0 expectativa de mercado, que previa um crescimento de apenas 0,4%.<\/p>\n<p>Os 20 pa\u00edses com as maiores altas no PIB no segundo trimestre s\u00e3o:<\/p>\n<p>Irlanda: 1%<\/p>\n<p>Indon\u00e9sia: 0,9%<\/p>\n<p>Angola: 0,7%<\/p>\n<p>Mal\u00e1sia: 0,6%<\/p>\n<p>Brasil: 0,5%<\/p>\n<p>Eslov\u00eania: 0,4%<\/p>\n<p>Litu\u00e2nia: 0,4%<\/p>\n<p>Su\u00e9cia: 0,4%<\/p>\n<p>Estados Unidos: 0,4%<\/p>\n<p>S\u00e9rvia: 0,4%<\/p>\n<p>Su\u00ed\u00e7a: 0,4%<\/p>\n<p>Singapura: 0,3%<\/p>\n<p>M\u00e9xico: 0,3%<\/p>\n<p>Tun\u00edsia: 0,3%<\/p>\n<p>Taiwan: 0,3%<\/p>\n<p>Col\u00f4mbia: 0,3%<\/p>\n<p>Turquia: 0,3%<\/p>\n<p>Pol\u00f4nia: 0,2%<\/p>\n<p>China: 0,2%<\/p>\n<p>Canad\u00e1: 0,2%<\/p>\n<p>O PIB \u00e9 um indicador importante da sa\u00fade econ\u00f4mica de um pa\u00eds, embora n\u00e3o reflita aspectos como distribui\u00e7\u00e3o de renda e qualidade de vida. Assim, \u00e9 poss\u00edvel que uma na\u00e7\u00e3o tenha um PIB elevado, mas um padr\u00e3o de vida relativamente baixo, ou o contr\u00e1rio.<\/p>\n<p>A an\u00e1lise da Austin Rating tamb\u00e9m posiciona o Brasil em termos de tamanho da economia. Em 2026, o pa\u00eds ocupou a d\u00e9cima posi\u00e7\u00e3o, subindo da 11\u00aa coloca\u00e7\u00e3o em 2025. A expectativa \u00e9 que o Brasil ultrapasse a R\u00fassia e atinja o nono lugar em 2027.<\/p>\n<p>As 15 maiores economias do mundo s\u00e3o:<\/p>\n<p>1\u00ba Estados Unidos: US$ 32,38 trilh\u00f5es<\/p>\n<p>2\u00ba China: US$ 20,85 trilh\u00f5es<\/p>\n<p>3\u00ba Alemanha: US$ 5,45 trilh\u00f5es<\/p>\n<p>4\u00ba Jap\u00e3o: US$ 4,38 trilh\u00f5es<\/p>\n<p>5\u00ba Reino Unido: US$ 4,26 trilh\u00f5es<\/p>\n<p>6\u00ba \u00cdndia: US$ 4,15 trilh\u00f5es<\/p>\n<p>7\u00ba Fran\u00e7a: US$ 3,60 trilh\u00f5es<\/p>\n<p>8\u00ba It\u00e1lia: US$ 2,74 trilh\u00f5es<\/p>\n<p>9\u00ba R\u00fassia: US$ 2,66 trilh\u00f5es<\/p>\n<p>10\u00ba Brasil: US$ 2,64 trilh\u00f5es<\/p>\n<p>11\u00ba Canad\u00e1: US$ 2,51 trilh\u00f5es<\/p>\n<p>12\u00ba Austr\u00e1lia: US$ 2,12 trilh\u00f5es<\/p>\n<p>13\u00ba M\u00e9xico: US$ 2,12 trilh\u00f5es<\/p>\n<p>14\u00ba Espanha: US$ 2,09 trilh\u00f5es<\/p>\n<p>15\u00ba Coreia do Sul: US$ 1,93 trilh\u00f5es<\/p>\n<p>A melhor posi\u00e7\u00e3o j\u00e1 alcan\u00e7ada pelo Brasil foi a s\u00e9tima maior economia, entre 2011 e 2014.<\/p>\n","protected":false},"excerpt":{"rendered":"<p>O Brasil registrou um crescimento de 0,5% em seu Produto Interno Bruto (PIB) no segundo trimestre de 2026, tornando-se o quinto pa\u00eds com a maior alta econ\u00f4mica nesta compara\u00e7\u00e3o, \u00e0 frente de pot\u00eancias como Estados Unidos e China. Os dados foram apresentados pela ag\u00eancia classificadora de risco de cr\u00e9dito Austin Rating, com informa\u00e7\u00f5es do Fundo &hellip;<\/p>\n","protected":false},"author":5,"featured_media":123011,"comment_status":"open","ping_status":"closed","sticky":false,"template":"","format":"standard","meta":{"footnotes":""},"categories":[101,68,186,129],"tags":[],"class_list":["post-123010","post","type-post","status-publish","format-standard","has-post-thumbnail","hentry","category-economia","category-mundo","category-politica","category-saude"],"yoast_head":"<!-- This site is optimized with the Yoast SEO plugin v28.3 - https:\/\/yoast.com\/product\/yoast-seo-wordpress\/ -->\n<title>Brasil registra 0,5% de crescimento do PIB e \u00e9 5\u00aa maior alta global - Ribeir\u00e3o Preto e Regi\u00e3o<\/title>\n<meta name=\"robots\" content=\"index, follow, max-snippet:-1, max-image-preview:large, max-video-preview:-1\" \/>\n<link rel=\"canonical\" href=\"https:\/\/redenoticiaz.com.br\/ribeiraopreto-regiao\/sp\/2026\/09\/01\/brasil-registra-05-de-crescimento-do-pib-e-e-5a-maior-alta-global\" \/>\n<meta property=\"og:locale\" content=\"pt_BR\" \/>\n<meta property=\"og:type\" content=\"article\" \/>\n<meta property=\"og:title\" content=\"Brasil registra 0,5% de crescimento do PIB e \u00e9 5\u00aa maior alta global - Ribeir\u00e3o Preto e Regi\u00e3o\" \/>\n<meta property=\"og:description\" content=\"O Brasil registrou um crescimento de 0,5% em seu Produto Interno Bruto (PIB) no segundo trimestre de 2026, tornando-se o quinto pa\u00eds com a maior alta econ\u00f4mica nesta compara\u00e7\u00e3o, \u00e0 frente de pot\u00eancias como Estados Unidos e China. Os dados foram apresentados pela ag\u00eancia classificadora de risco de cr\u00e9dito Austin Rating, com informa\u00e7\u00f5es do Fundo &hellip;\" \/>\n<meta property=\"og:url\" content=\"https:\/\/redenoticiaz.com.br\/ribeiraopreto-regiao\/sp\/2026\/09\/01\/brasil-registra-05-de-crescimento-do-pib-e-e-5a-maior-alta-global\" \/>\n<meta property=\"og:site_name\" content=\"Ribeir\u00e3o Preto e Regi\u00e3o\" \/>\n<meta property=\"article:publisher\" content=\"https:\/\/m.facebook.com\/redenoticiaz.barretos\" \/>\n<meta property=\"article:published_time\" content=\"2026-09-01T16:46:00+00:00\" \/>\n<meta property=\"og:image\" content=\"https:\/\/redenoticiaz.com.br\/ribeiraopreto-regiao\/wp-content\/uploads\/sites\/4\/2022\/02\/logo.jpg\" \/>\n\t<meta property=\"og:image:width\" content=\"400\" \/>\n\t<meta property=\"og:image:height\" content=\"250\" \/>\n\t<meta property=\"og:image:type\" content=\"image\/jpeg\" \/>\n<meta name=\"author\" content=\"Patr\u00edcia Prado\" \/>\n<meta name=\"twitter:card\" content=\"summary_large_image\" \/>\n<meta name=\"twitter:creator\" content=\"@RN_barretos\" \/>\n<meta name=\"twitter:site\" content=\"@RN_barretos\" \/>\n<meta name=\"twitter:label1\" content=\"Escrito por\" \/>\n\t<meta name=\"twitter:data1\" content=\"Patr\u00edcia Prado\" \/>\n\t<meta name=\"twitter:label2\" content=\"Est. tempo de leitura\" \/>\n\t<meta name=\"twitter:data2\" content=\"2 minutos\" \/>\n<script type=\"application\/ld+json\" class=\"yoast-schema-graph\">{\"@context\":\"https:\\\/\\\/schema.org\",\"@graph\":[{\"@type\":\"Article\",\"@id\":\"https:\\\/\\\/redenoticiaz.com.br\\\/ribeiraopreto-regiao\\\/sp\\\/2026\\\/09\\\/01\\\/brasil-registra-05-de-crescimento-do-pib-e-e-5a-maior-alta-global#article\",\"isPartOf\":{\"@id\":\"https:\\\/\\\/redenoticiaz.com.br\\\/ribeiraopreto-regiao\\\/sp\\\/2026\\\/09\\\/01\\\/brasil-registra-05-de-crescimento-do-pib-e-e-5a-maior-alta-global\"},\"author\":{\"name\":\"Patr\u00edcia Prado\",\"@id\":\"https:\\\/\\\/redenoticiaz.com.br\\\/ribeiraopreto-regiao\\\/#\\\/schema\\\/person\\\/e1b0bd8c2637e2c1b6ddcbc2c33b116f\"},\"headline\":\"Brasil registra 0,5% de crescimento do PIB e \u00e9 5\u00aa maior alta global\",\"datePublished\":\"2026-09-01T16:46:00+00:00\",\"mainEntityOfPage\":{\"@id\":\"https:\\\/\\\/redenoticiaz.com.br\\\/ribeiraopreto-regiao\\\/sp\\\/2026\\\/09\\\/01\\\/brasil-registra-05-de-crescimento-do-pib-e-e-5a-maior-alta-global\"},\"wordCount\":417,\"commentCount\":0,\"publisher\":{\"@id\":\"https:\\\/\\\/redenoticiaz.com.br\\\/ribeiraopreto-regiao\\\/#organization\"},\"image\":{\"@id\":\"https:\\\/\\\/redenoticiaz.com.br\\\/ribeiraopreto-regiao\\\/sp\\\/2026\\\/09\\\/01\\\/brasil-registra-05-de-crescimento-do-pib-e-e-5a-maior-alta-global#primaryimage\"},\"thumbnailUrl\":\"https:\\\/\\\/redenoticiaz.com.br\\\/ribeiraopreto-regiao\\\/wp-content\\\/uploads\\\/sites\\\/4\\\/2026\\\/09\\\/volkswagen_fabrica.jpg\",\"articleSection\":[\"Economia\",\"Mundo\",\"Pol\u00edtica\",\"Sa\u00fade\"],\"inLanguage\":\"pt-BR\",\"potentialAction\":[{\"@type\":\"CommentAction\",\"name\":\"Comment\",\"target\":[\"https:\\\/\\\/redenoticiaz.com.br\\\/ribeiraopreto-regiao\\\/sp\\\/2026\\\/09\\\/01\\\/brasil-registra-05-de-crescimento-do-pib-e-e-5a-maior-alta-global#respond\"]}]},{\"@type\":\"WebPage\",\"@id\":\"https:\\\/\\\/redenoticiaz.com.br\\\/ribeiraopreto-regiao\\\/sp\\\/2026\\\/09\\\/01\\\/brasil-registra-05-de-crescimento-do-pib-e-e-5a-maior-alta-global\",\"url\":\"https:\\\/\\\/redenoticiaz.com.br\\\/ribeiraopreto-regiao\\\/sp\\\/2026\\\/09\\\/01\\\/brasil-registra-05-de-crescimento-do-pib-e-e-5a-maior-alta-global\",\"name\":\"Brasil registra 0,5% de crescimento do PIB e \u00e9 5\u00aa maior alta global - Ribeir\u00e3o Preto e Regi\u00e3o\",\"isPartOf\":{\"@id\":\"https:\\\/\\\/redenoticiaz.com.br\\\/ribeiraopreto-regiao\\\/#website\"},\"primaryImageOfPage\":{\"@id\":\"https:\\\/\\\/redenoticiaz.com.br\\\/ribeiraopreto-regiao\\\/sp\\\/2026\\\/09\\\/01\\\/brasil-registra-05-de-crescimento-do-pib-e-e-5a-maior-alta-global#primaryimage\"},\"image\":{\"@id\":\"https:\\\/\\\/redenoticiaz.com.br\\\/ribeiraopreto-regiao\\\/sp\\\/2026\\\/09\\\/01\\\/brasil-registra-05-de-crescimento-do-pib-e-e-5a-maior-alta-global#primaryimage\"},\"thumbnailUrl\":\"https:\\\/\\\/redenoticiaz.com.br\\\/ribeiraopreto-regiao\\\/wp-content\\\/uploads\\\/sites\\\/4\\\/2026\\\/09\\\/volkswagen_fabrica.jpg\",\"datePublished\":\"2026-09-01T16:46:00+00:00\",\"inLanguage\":\"pt-BR\",\"potentialAction\":[{\"@type\":\"ReadAction\",\"target\":[\"https:\\\/\\\/redenoticiaz.com.br\\\/ribeiraopreto-regiao\\\/sp\\\/2026\\\/09\\\/01\\\/brasil-registra-05-de-crescimento-do-pib-e-e-5a-maior-alta-global\"]}]},{\"@type\":\"ImageObject\",\"inLanguage\":\"pt-BR\",\"@id\":\"https:\\\/\\\/redenoticiaz.com.br\\\/ribeiraopreto-regiao\\\/sp\\\/2026\\\/09\\\/01\\\/brasil-registra-05-de-crescimento-do-pib-e-e-5a-maior-alta-global#primaryimage\",\"url\":\"https:\\\/\\\/redenoticiaz.com.br\\\/ribeiraopreto-regiao\\\/wp-content\\\/uploads\\\/sites\\\/4\\\/2026\\\/09\\\/volkswagen_fabrica.jpg\",\"contentUrl\":\"https:\\\/\\\/redenoticiaz.com.br\\\/ribeiraopreto-regiao\\\/wp-content\\\/uploads\\\/sites\\\/4\\\/2026\\\/09\\\/volkswagen_fabrica.jpg\",\"width\":1600,\"height\":800},{\"@type\":\"WebSite\",\"@id\":\"https:\\\/\\\/redenoticiaz.com.br\\\/ribeiraopreto-regiao\\\/#website\",\"url\":\"https:\\\/\\\/redenoticiaz.com.br\\\/ribeiraopreto-regiao\\\/\",\"name\":\"Ribeir\u00e3o Preto e Regi\u00e3o\",\"description\":\"Rede NoticiaZ - Ribeir\u00e3o Preto e regi\u00e3o\",\"publisher\":{\"@id\":\"https:\\\/\\\/redenoticiaz.com.br\\\/ribeiraopreto-regiao\\\/#organization\"},\"potentialAction\":[{\"@type\":\"SearchAction\",\"target\":{\"@type\":\"EntryPoint\",\"urlTemplate\":\"https:\\\/\\\/redenoticiaz.com.br\\\/ribeiraopreto-regiao\\\/?s={search_term_string}\"},\"query-input\":{\"@type\":\"PropertyValueSpecification\",\"valueRequired\":true,\"valueName\":\"search_term_string\"}}],\"inLanguage\":\"pt-BR\"},{\"@type\":\"Organization\",\"@id\":\"https:\\\/\\\/redenoticiaz.com.br\\\/ribeiraopreto-regiao\\\/#organization\",\"name\":\"Ribeir\u00e3o Preto e Regi\u00e3o\",\"url\":\"https:\\\/\\\/redenoticiaz.com.br\\\/ribeiraopreto-regiao\\\/\",\"logo\":{\"@type\":\"ImageObject\",\"inLanguage\":\"pt-BR\",\"@id\":\"https:\\\/\\\/redenoticiaz.com.br\\\/ribeiraopreto-regiao\\\/#\\\/schema\\\/logo\\\/image\\\/\",\"url\":\"https:\\\/\\\/redenoticiaz.com.br\\\/barretos-regiao\\\/wp-content\\\/uploads\\\/sites\\\/4\\\/2022\\\/02\\\/logo.jpg\",\"contentUrl\":\"https:\\\/\\\/redenoticiaz.com.br\\\/barretos-regiao\\\/wp-content\\\/uploads\\\/sites\\\/4\\\/2022\\\/02\\\/logo.jpg\",\"width\":400,\"height\":250,\"caption\":\"Ribeir\u00e3o Preto e Regi\u00e3o\"},\"image\":{\"@id\":\"https:\\\/\\\/redenoticiaz.com.br\\\/ribeiraopreto-regiao\\\/#\\\/schema\\\/logo\\\/image\\\/\"},\"sameAs\":[\"https:\\\/\\\/m.facebook.com\\\/redenoticiaz.barretos\",\"https:\\\/\\\/x.com\\\/RN_barretos\",\"https:\\\/\\\/www.instagram.com\\\/redenoticiaz.barretos\\\/?igshid=YmMyMTA2M2Y\",\"https:\\\/\\\/www.linkedin.com\\\/company\\\/rede-noticiaz-barretos-e-regio\\\/\"]},{\"@type\":\"Person\",\"@id\":\"https:\\\/\\\/redenoticiaz.com.br\\\/ribeiraopreto-regiao\\\/#\\\/schema\\\/person\\\/e1b0bd8c2637e2c1b6ddcbc2c33b116f\",\"name\":\"Patr\u00edcia Prado\",\"image\":{\"@type\":\"ImageObject\",\"inLanguage\":\"pt-BR\",\"@id\":\"https:\\\/\\\/secure.gravatar.com\\\/avatar\\\/92e358bef22cfcec15e054ae4d9fee04dadf0c772dc4a17b382b8a34a15354c2?s=96&d=mm&r=g\",\"url\":\"https:\\\/\\\/secure.gravatar.com\\\/avatar\\\/92e358bef22cfcec15e054ae4d9fee04dadf0c772dc4a17b382b8a34a15354c2?s=96&d=mm&r=g\",\"contentUrl\":\"https:\\\/\\\/secure.gravatar.com\\\/avatar\\\/92e358bef22cfcec15e054ae4d9fee04dadf0c772dc4a17b382b8a34a15354c2?s=96&d=mm&r=g\",\"caption\":\"Patr\u00edcia Prado\"},\"url\":\"https:\\\/\\\/redenoticiaz.com.br\\\/ribeiraopreto-regiao\\\/sp\\\/author\\\/patricia-prado\"}]}<\/script>\n<!-- \/ Yoast SEO plugin. -->","yoast_head_json":{"title":"Brasil registra 0,5% de crescimento do PIB e \u00e9 5\u00aa maior alta global - Ribeir\u00e3o Preto e Regi\u00e3o","robots":{"index":"index","follow":"follow","max-snippet":"max-snippet:-1","max-image-preview":"max-image-preview:large","max-video-preview":"max-video-preview:-1"},"canonical":"https:\/\/redenoticiaz.com.br\/ribeiraopreto-regiao\/sp\/2026\/09\/01\/brasil-registra-05-de-crescimento-do-pib-e-e-5a-maior-alta-global","og_locale":"pt_BR","og_type":"article","og_title":"Brasil registra 0,5% de crescimento do PIB e \u00e9 5\u00aa maior alta global - Ribeir\u00e3o Preto e Regi\u00e3o","og_description":"O Brasil registrou um crescimento de 0,5% em seu Produto Interno Bruto (PIB) no segundo trimestre de 2026, tornando-se o quinto pa\u00eds com a maior alta econ\u00f4mica nesta compara\u00e7\u00e3o, \u00e0 frente de pot\u00eancias como Estados Unidos e China. Os dados foram apresentados pela ag\u00eancia classificadora de risco de cr\u00e9dito Austin Rating, com informa\u00e7\u00f5es do Fundo &hellip;","og_url":"https:\/\/redenoticiaz.com.br\/ribeiraopreto-regiao\/sp\/2026\/09\/01\/brasil-registra-05-de-crescimento-do-pib-e-e-5a-maior-alta-global","og_site_name":"Ribeir\u00e3o Preto e Regi\u00e3o","article_publisher":"https:\/\/m.facebook.com\/redenoticiaz.barretos","article_published_time":"2026-09-01T16:46:00+00:00","og_image":[{"width":400,"height":250,"url":"https:\/\/redenoticiaz.com.br\/ribeiraopreto-regiao\/wp-content\/uploads\/sites\/4\/2022\/02\/logo.jpg","type":"image\/jpeg"}],"author":"Patr\u00edcia Prado","twitter_card":"summary_large_image","twitter_creator":"@RN_barretos","twitter_site":"@RN_barretos","twitter_misc":{"Escrito por":"Patr\u00edcia Prado","Est. tempo de leitura":"2 minutos"},"schema":{"@context":"https:\/\/schema.org","@graph":[{"@type":"Article","@id":"https:\/\/redenoticiaz.com.br\/ribeiraopreto-regiao\/sp\/2026\/09\/01\/brasil-registra-05-de-crescimento-do-pib-e-e-5a-maior-alta-global#article","isPartOf":{"@id":"https:\/\/redenoticiaz.com.br\/ribeiraopreto-regiao\/sp\/2026\/09\/01\/brasil-registra-05-de-crescimento-do-pib-e-e-5a-maior-alta-global"},"author":{"name":"Patr\u00edcia Prado","@id":"https:\/\/redenoticiaz.com.br\/ribeiraopreto-regiao\/#\/schema\/person\/e1b0bd8c2637e2c1b6ddcbc2c33b116f"},"headline":"Brasil registra 0,5% de crescimento do PIB e \u00e9 5\u00aa maior alta global","datePublished":"2026-09-01T16:46:00+00:00","mainEntityOfPage":{"@id":"https:\/\/redenoticiaz.com.br\/ribeiraopreto-regiao\/sp\/2026\/09\/01\/brasil-registra-05-de-crescimento-do-pib-e-e-5a-maior-alta-global"},"wordCount":417,"commentCount":0,"publisher":{"@id":"https:\/\/redenoticiaz.com.br\/ribeiraopreto-regiao\/#organization"},"image":{"@id":"https:\/\/redenoticiaz.com.br\/ribeiraopreto-regiao\/sp\/2026\/09\/01\/brasil-registra-05-de-crescimento-do-pib-e-e-5a-maior-alta-global#primaryimage"},"thumbnailUrl":"https:\/\/redenoticiaz.com.br\/ribeiraopreto-regiao\/wp-content\/uploads\/sites\/4\/2026\/09\/volkswagen_fabrica.jpg","articleSection":["Economia","Mundo","Pol\u00edtica","Sa\u00fade"],"inLanguage":"pt-BR","potentialAction":[{"@type":"CommentAction","name":"Comment","target":["https:\/\/redenoticiaz.com.br\/ribeiraopreto-regiao\/sp\/2026\/09\/01\/brasil-registra-05-de-crescimento-do-pib-e-e-5a-maior-alta-global#respond"]}]},{"@type":"WebPage","@id":"https:\/\/redenoticiaz.com.br\/ribeiraopreto-regiao\/sp\/2026\/09\/01\/brasil-registra-05-de-crescimento-do-pib-e-e-5a-maior-alta-global","url":"https:\/\/redenoticiaz.com.br\/ribeiraopreto-regiao\/sp\/2026\/09\/01\/brasil-registra-05-de-crescimento-do-pib-e-e-5a-maior-alta-global","name":"Brasil registra 0,5% de crescimento do PIB e \u00e9 5\u00aa maior alta global - Ribeir\u00e3o Preto e Regi\u00e3o","isPartOf":{"@id":"https:\/\/redenoticiaz.com.br\/ribeiraopreto-regiao\/#website"},"primaryImageOfPage":{"@id":"https:\/\/redenoticiaz.com.br\/ribeiraopreto-regiao\/sp\/2026\/09\/01\/brasil-registra-05-de-crescimento-do-pib-e-e-5a-maior-alta-global#primaryimage"},"image":{"@id":"https:\/\/redenoticiaz.com.br\/ribeiraopreto-regiao\/sp\/2026\/09\/01\/brasil-registra-05-de-crescimento-do-pib-e-e-5a-maior-alta-global#primaryimage"},"thumbnailUrl":"https:\/\/redenoticiaz.com.br\/ribeiraopreto-regiao\/wp-content\/uploads\/sites\/4\/2026\/09\/volkswagen_fabrica.jpg","datePublished":"2026-09-01T16:46:00+00:00","inLanguage":"pt-BR","potentialAction":[{"@type":"ReadAction","target":["https:\/\/redenoticiaz.com.br\/ribeiraopreto-regiao\/sp\/2026\/09\/01\/brasil-registra-05-de-crescimento-do-pib-e-e-5a-maior-alta-global"]}]},{"@type":"ImageObject","inLanguage":"pt-BR","@id":"https:\/\/redenoticiaz.com.br\/ribeiraopreto-regiao\/sp\/2026\/09\/01\/brasil-registra-05-de-crescimento-do-pib-e-e-5a-maior-alta-global#primaryimage","url":"https:\/\/redenoticiaz.com.br\/ribeiraopreto-regiao\/wp-content\/uploads\/sites\/4\/2026\/09\/volkswagen_fabrica.jpg","contentUrl":"https:\/\/redenoticiaz.com.br\/ribeiraopreto-regiao\/wp-content\/uploads\/sites\/4\/2026\/09\/volkswagen_fabrica.jpg","width":1600,"height":800},{"@type":"WebSite","@id":"https:\/\/redenoticiaz.com.br\/ribeiraopreto-regiao\/#website","url":"https:\/\/redenoticiaz.com.br\/ribeiraopreto-regiao\/","name":"Ribeir\u00e3o Preto e Regi\u00e3o","description":"Rede NoticiaZ - Ribeir\u00e3o Preto e regi\u00e3o","publisher":{"@id":"https:\/\/redenoticiaz.com.br\/ribeiraopreto-regiao\/#organization"},"potentialAction":[{"@type":"SearchAction","target":{"@type":"EntryPoint","urlTemplate":"https:\/\/redenoticiaz.com.br\/ribeiraopreto-regiao\/?s={search_term_string}"},"query-input":{"@type":"PropertyValueSpecification","valueRequired":true,"valueName":"search_term_string"}}],"inLanguage":"pt-BR"},{"@type":"Organization","@id":"https:\/\/redenoticiaz.com.br\/ribeiraopreto-regiao\/#organization","name":"Ribeir\u00e3o Preto e Regi\u00e3o","url":"https:\/\/redenoticiaz.com.br\/ribeiraopreto-regiao\/","logo":{"@type":"ImageObject","inLanguage":"pt-BR","@id":"https:\/\/redenoticiaz.com.br\/ribeiraopreto-regiao\/#\/schema\/logo\/image\/","url":"https:\/\/redenoticiaz.com.br\/barretos-regiao\/wp-content\/uploads\/sites\/4\/2022\/02\/logo.jpg","contentUrl":"https:\/\/redenoticiaz.com.br\/barretos-regiao\/wp-content\/uploads\/sites\/4\/2022\/02\/logo.jpg","width":400,"height":250,"caption":"Ribeir\u00e3o Preto e Regi\u00e3o"},"image":{"@id":"https:\/\/redenoticiaz.com.br\/ribeiraopreto-regiao\/#\/schema\/logo\/image\/"},"sameAs":["https:\/\/m.facebook.com\/redenoticiaz.barretos","https:\/\/x.com\/RN_barretos","https:\/\/www.instagram.com\/redenoticiaz.barretos\/?igshid=YmMyMTA2M2Y","https:\/\/www.linkedin.com\/company\/rede-noticiaz-barretos-e-regio\/"]},{"@type":"Person","@id":"https:\/\/redenoticiaz.com.br\/ribeiraopreto-regiao\/#\/schema\/person\/e1b0bd8c2637e2c1b6ddcbc2c33b116f","name":"Patr\u00edcia Prado","image":{"@type":"ImageObject","inLanguage":"pt-BR","@id":"https:\/\/secure.gravatar.com\/avatar\/92e358bef22cfcec15e054ae4d9fee04dadf0c772dc4a17b382b8a34a15354c2?s=96&d=mm&r=g","url":"https:\/\/secure.gravatar.com\/avatar\/92e358bef22cfcec15e054ae4d9fee04dadf0c772dc4a17b382b8a34a15354c2?s=96&d=mm&r=g","contentUrl":"https:\/\/secure.gravatar.com\/avatar\/92e358bef22cfcec15e054ae4d9fee04dadf0c772dc4a17b382b8a34a15354c2?s=96&d=mm&r=g","caption":"Patr\u00edcia Prado"},"url":"https:\/\/redenoticiaz.com.br\/ribeiraopreto-regiao\/sp\/author\/patricia-prado"}]}},"_links":{"self":[{"href":"https:\/\/redenoticiaz.com.br\/ribeiraopreto-regiao\/wp-json\/wp\/v2\/posts\/123010","targetHints":{"allow":["GET"]}}],"collection":[{"href":"https:\/\/redenoticiaz.com.br\/ribeiraopreto-regiao\/wp-json\/wp\/v2\/posts"}],"about":[{"href":"https:\/\/redenoticiaz.com.br\/ribeiraopreto-regiao\/wp-json\/wp\/v2\/types\/post"}],"author":[{"embeddable":true,"href":"https:\/\/redenoticiaz.com.br\/ribeiraopreto-regiao\/wp-json\/wp\/v2\/users\/5"}],"replies":[{"embeddable":true,"href":"https:\/\/redenoticiaz.com.br\/ribeiraopreto-regiao\/wp-json\/wp\/v2\/comments?post=123010"}],"version-history":[{"count":0,"href":"https:\/\/redenoticiaz.com.br\/ribeiraopreto-regiao\/wp-json\/wp\/v2\/posts\/123010\/revisions"}],"wp:featuredmedia":[{"embeddable":true,"href":"https:\/\/redenoticiaz.com.br\/ribeiraopreto-regiao\/wp-json\/wp\/v2\/media\/123011"}],"wp:attachment":[{"href":"https:\/\/redenoticiaz.com.br\/ribeiraopreto-regiao\/wp-json\/wp\/v2\/media?parent=123010"}],"wp:term":[{"taxonomy":"category","embeddable":true,"href":"https:\/\/redenoticiaz.com.br\/ribeiraopreto-regiao\/wp-json\/wp\/v2\/categories?post=123010"},{"taxonomy":"post_tag","embeddable":true,"href":"https:\/\/redenoticiaz.com.br\/ribeiraopreto-regiao\/wp-json\/wp\/v2\/tags?post=123010"}],"curies":[{"name":"wp","href":"https:\/\/api.w.org\/{rel}","templated":true}]}}