{"id":123012,"date":"2026-09-01T14:16:57","date_gmt":"2026-09-01T17:16:57","guid":{"rendered":"https:\/\/redenoticiaz.com.br\/ribeiraopreto-regiao\/sp\/2026\/09\/01\/pesquisa-revela-propostas-para-mulheres-em-planos-de-governo-presidencial"},"modified":"2026-09-01T14:16:57","modified_gmt":"2026-09-01T17:16:57","slug":"pesquisa-revela-propostas-para-mulheres-em-planos-de-governo-presidencial","status":"publish","type":"post","link":"https:\/\/redenoticiaz.com.br\/ribeiraopreto-regiao\/sp\/2026\/09\/01\/pesquisa-revela-propostas-para-mulheres-em-planos-de-governo-presidencial","title":{"rendered":"Pesquisa revela propostas para mulheres em planos de governo presidencial"},"content":{"rendered":"<p>Um levantamento realizado pelo Instituto Update analisou doze candidaturas \u00e0 Presid\u00eancia da Rep\u00fablica e identificou que as propostas voltadas para as mulheres se concentram principalmente em quatro temas: viol\u00eancia, sa\u00fade, cuidado e autonomia econ\u00f4mica. Apesar da identifica\u00e7\u00e3o de problemas que afetam diretamente esse p\u00fablico, a pesquisa aponta que h\u00e1 uma lacuna em rela\u00e7\u00e3o \u00e0 participa\u00e7\u00e3o pol\u00edtica e \u00e0 seguran\u00e7a das mulheres nos espa\u00e7os p\u00fablicos.<\/p>\n<p>\u201cOs programas reconhecem problemas que afetam diretamente as mulheres, mas avan\u00e7am menos quando se trata de incorpor\u00e1-las como sujeitos de decis\u00e3o e de pensar sua experi\u00eancia cotidiana de forma mais ampla\u201d, afirmou Carol Althaller, diretora executiva do Instituto Update.<\/p>\n<p>A an\u00e1lise focou exclusivamente em propostas explicitamente voltadas para mulheres, desconsiderando pol\u00edticas universais de seguran\u00e7a, educa\u00e7\u00e3o ou sa\u00fade. Althaller destaca que, embora diversos candidatos mencionem as necessidades femininas, apenas um apresentou uma proposta concreta para aumentar a participa\u00e7\u00e3o pol\u00edtico-eleitoral das mulheres e combater a viol\u00eancia pol\u00edtica de g\u00eanero.<\/p>\n<p>A pesquisa Mulheres em Di\u00e1logo (2025), tamb\u00e9m conduzida pelo Instituto Update, revelou que 72% das entrevistadas apoiam o aumento da representa\u00e7\u00e3o feminina em cargos pol\u00edticos. No entanto, a presen\u00e7a feminina como destinat\u00e1ria de pol\u00edticas ainda \u00e9 mais prevalente do que sua atua\u00e7\u00e3o em posi\u00e7\u00f5es de poder.<\/p>\n<p>No que tange \u00e0 viol\u00eancia contra a mulher, 75% dos planos analisados oferecem propostas claras, como a amplia\u00e7\u00e3o de redes de prote\u00e7\u00e3o e a cria\u00e7\u00e3o de casas-abrigo. Segundo a pesquisa, a viol\u00eancia \u00e9 uma das quest\u00f5es mais abordadas, embora as solu\u00e7\u00f5es propostas ainda n\u00e3o levem em considera\u00e7\u00e3o a seguran\u00e7a das mulheres em sua mobilidade urbana. Apenas um candidato relacionou a seguran\u00e7a das mulheres \u00e0 mobilidade e ao transporte p\u00fablico.<\/p>\n<p>Em rela\u00e7\u00e3o \u00e0 autonomia econ\u00f4mica, 58% dos planos incluem propostas sobre trabalho, renda e empreendedorismo. A pesquisa Mulheres em Di\u00e1logo (2025) indicou que 94% das entrevistadas concordam que homens e mulheres devem receber o mesmo sal\u00e1rio para trabalhos equivalentes. No entanto, a compreens\u00e3o de autonomia varia entre os candidatos, com algumas propostas focando em sal\u00e1rio e prote\u00e7\u00e3o social, enquanto outras priorizam o acesso ao cr\u00e9dito e empreendedorismo.<\/p>\n<p>O levantamento tamb\u00e9m mostrou que 58% dos planos abordam a quest\u00e3o do cuidado, relacionando creches e pol\u00edticas de acolhimento \u00e0 vida econ\u00f3mica e social das mulheres. Essa abordagem implica reconhecer que as responsabilidades de cuidado impactam diretamente a autonomia feminina. Contudo, as propostas divergem sobre quem deve assumir essa responsabilidade e qual deve ser o papel do Estado nesse contexto.<\/p>\n<p>A pesquisa evidencia que, embora haja um reconhecimento da import\u00e2ncia das pol\u00edticas voltadas para mulheres, ainda existem defici\u00eancias significativas em rela\u00e7\u00e3o \u00e0 sua implementa\u00e7\u00e3o e \u00e0 inclus\u00e3o de suas vozes nas decis\u00f5es pol\u00edticas.<\/p>\n","protected":false},"excerpt":{"rendered":"<p>Um levantamento realizado pelo Instituto Update analisou doze candidaturas \u00e0 Presid\u00eancia da Rep\u00fablica e identificou que as propostas voltadas para as mulheres se concentram principalmente em quatro temas: viol\u00eancia, sa\u00fade, cuidado e autonomia econ\u00f4mica. Apesar da identifica\u00e7\u00e3o de problemas que afetam diretamente esse p\u00fablico, a pesquisa aponta que h\u00e1 uma lacuna em rela\u00e7\u00e3o \u00e0 participa\u00e7\u00e3o &hellip;<\/p>\n","protected":false},"author":5,"featured_media":123013,"comment_status":"open","ping_status":"closed","sticky":false,"template":"","format":"standard","meta":{"footnotes":""},"categories":[252,820,9271,186,129,2075,2921],"tags":[],"class_list":["post-123012","post","type-post","status-publish","format-standard","has-post-thumbnail","hentry","category-acao-social","category-educacao","category-eleicoes","category-politica","category-saude","category-trabalho","category-transportes"],"yoast_head":"<!-- This site is optimized with the Yoast SEO plugin v28.3 - https:\/\/yoast.com\/product\/yoast-seo-wordpress\/ -->\n<title>Pesquisa revela propostas para mulheres em planos de governo presidencial - Ribeir\u00e3o Preto e Regi\u00e3o<\/title>\n<meta name=\"robots\" content=\"index, follow, max-snippet:-1, max-image-preview:large, max-video-preview:-1\" \/>\n<link rel=\"canonical\" href=\"https:\/\/redenoticiaz.com.br\/ribeiraopreto-regiao\/sp\/2026\/09\/01\/pesquisa-revela-propostas-para-mulheres-em-planos-de-governo-presidencial\" \/>\n<meta property=\"og:locale\" content=\"pt_BR\" \/>\n<meta property=\"og:type\" content=\"article\" \/>\n<meta property=\"og:title\" content=\"Pesquisa revela propostas para mulheres em planos de governo presidencial - Ribeir\u00e3o Preto e Regi\u00e3o\" \/>\n<meta property=\"og:description\" content=\"Um levantamento realizado pelo Instituto Update analisou doze candidaturas \u00e0 Presid\u00eancia da Rep\u00fablica e identificou que as propostas voltadas para as mulheres se concentram principalmente em quatro temas: viol\u00eancia, sa\u00fade, cuidado e autonomia econ\u00f4mica. Apesar da identifica\u00e7\u00e3o de problemas que afetam diretamente esse p\u00fablico, a pesquisa aponta que h\u00e1 uma lacuna em rela\u00e7\u00e3o \u00e0 participa\u00e7\u00e3o &hellip;\" \/>\n<meta property=\"og:url\" content=\"https:\/\/redenoticiaz.com.br\/ribeiraopreto-regiao\/sp\/2026\/09\/01\/pesquisa-revela-propostas-para-mulheres-em-planos-de-governo-presidencial\" \/>\n<meta property=\"og:site_name\" content=\"Ribeir\u00e3o Preto e Regi\u00e3o\" \/>\n<meta property=\"article:publisher\" content=\"https:\/\/m.facebook.com\/redenoticiaz.barretos\" \/>\n<meta property=\"article:published_time\" content=\"2026-09-01T17:16:57+00:00\" \/>\n<meta property=\"og:image\" content=\"https:\/\/redenoticiaz.com.br\/ribeiraopreto-regiao\/wp-content\/uploads\/sites\/4\/2022\/02\/logo.jpg\" \/>\n\t<meta property=\"og:image:width\" content=\"400\" \/>\n\t<meta property=\"og:image:height\" content=\"250\" \/>\n\t<meta property=\"og:image:type\" content=\"image\/jpeg\" \/>\n<meta name=\"author\" content=\"Patr\u00edcia Prado\" \/>\n<meta name=\"twitter:card\" content=\"summary_large_image\" \/>\n<meta name=\"twitter:creator\" content=\"@RN_barretos\" \/>\n<meta name=\"twitter:site\" content=\"@RN_barretos\" \/>\n<meta name=\"twitter:label1\" content=\"Escrito por\" \/>\n\t<meta name=\"twitter:data1\" content=\"Patr\u00edcia Prado\" \/>\n\t<meta name=\"twitter:label2\" content=\"Est. tempo de leitura\" \/>\n\t<meta name=\"twitter:data2\" content=\"2 minutos\" \/>\n<script type=\"application\/ld+json\" class=\"yoast-schema-graph\">{\"@context\":\"https:\\\/\\\/schema.org\",\"@graph\":[{\"@type\":\"Article\",\"@id\":\"https:\\\/\\\/redenoticiaz.com.br\\\/ribeiraopreto-regiao\\\/sp\\\/2026\\\/09\\\/01\\\/pesquisa-revela-propostas-para-mulheres-em-planos-de-governo-presidencial#article\",\"isPartOf\":{\"@id\":\"https:\\\/\\\/redenoticiaz.com.br\\\/ribeiraopreto-regiao\\\/sp\\\/2026\\\/09\\\/01\\\/pesquisa-revela-propostas-para-mulheres-em-planos-de-governo-presidencial\"},\"author\":{\"name\":\"Patr\u00edcia Prado\",\"@id\":\"https:\\\/\\\/redenoticiaz.com.br\\\/ribeiraopreto-regiao\\\/#\\\/schema\\\/person\\\/e1b0bd8c2637e2c1b6ddcbc2c33b116f\"},\"headline\":\"Pesquisa revela propostas para mulheres em planos de governo presidencial\",\"datePublished\":\"2026-09-01T17:16:57+00:00\",\"mainEntityOfPage\":{\"@id\":\"https:\\\/\\\/redenoticiaz.com.br\\\/ribeiraopreto-regiao\\\/sp\\\/2026\\\/09\\\/01\\\/pesquisa-revela-propostas-para-mulheres-em-planos-de-governo-presidencial\"},\"wordCount\":486,\"commentCount\":0,\"publisher\":{\"@id\":\"https:\\\/\\\/redenoticiaz.com.br\\\/ribeiraopreto-regiao\\\/#organization\"},\"image\":{\"@id\":\"https:\\\/\\\/redenoticiaz.com.br\\\/ribeiraopreto-regiao\\\/sp\\\/2026\\\/09\\\/01\\\/pesquisa-revela-propostas-para-mulheres-em-planos-de-governo-presidencial#primaryimage\"},\"thumbnailUrl\":\"https:\\\/\\\/redenoticiaz.com.br\\\/ribeiraopreto-regiao\\\/wp-content\\\/uploads\\\/sites\\\/4\\\/2026\\\/09\\\/0g0a8523.jpg\",\"articleSection\":[\"A\u00e7\u00e3o Social\",\"Educa\u00e7\u00e3o\",\"Elei\u00e7\u00f5es\",\"Pol\u00edtica\",\"Sa\u00fade\",\"Trabalho\",\"Transportes\"],\"inLanguage\":\"pt-BR\",\"potentialAction\":[{\"@type\":\"CommentAction\",\"name\":\"Comment\",\"target\":[\"https:\\\/\\\/redenoticiaz.com.br\\\/ribeiraopreto-regiao\\\/sp\\\/2026\\\/09\\\/01\\\/pesquisa-revela-propostas-para-mulheres-em-planos-de-governo-presidencial#respond\"]}]},{\"@type\":\"WebPage\",\"@id\":\"https:\\\/\\\/redenoticiaz.com.br\\\/ribeiraopreto-regiao\\\/sp\\\/2026\\\/09\\\/01\\\/pesquisa-revela-propostas-para-mulheres-em-planos-de-governo-presidencial\",\"url\":\"https:\\\/\\\/redenoticiaz.com.br\\\/ribeiraopreto-regiao\\\/sp\\\/2026\\\/09\\\/01\\\/pesquisa-revela-propostas-para-mulheres-em-planos-de-governo-presidencial\",\"name\":\"Pesquisa revela propostas para mulheres em planos de governo presidencial - Ribeir\u00e3o Preto e Regi\u00e3o\",\"isPartOf\":{\"@id\":\"https:\\\/\\\/redenoticiaz.com.br\\\/ribeiraopreto-regiao\\\/#website\"},\"primaryImageOfPage\":{\"@id\":\"https:\\\/\\\/redenoticiaz.com.br\\\/ribeiraopreto-regiao\\\/sp\\\/2026\\\/09\\\/01\\\/pesquisa-revela-propostas-para-mulheres-em-planos-de-governo-presidencial#primaryimage\"},\"image\":{\"@id\":\"https:\\\/\\\/redenoticiaz.com.br\\\/ribeiraopreto-regiao\\\/sp\\\/2026\\\/09\\\/01\\\/pesquisa-revela-propostas-para-mulheres-em-planos-de-governo-presidencial#primaryimage\"},\"thumbnailUrl\":\"https:\\\/\\\/redenoticiaz.com.br\\\/ribeiraopreto-regiao\\\/wp-content\\\/uploads\\\/sites\\\/4\\\/2026\\\/09\\\/0g0a8523.jpg\",\"datePublished\":\"2026-09-01T17:16:57+00:00\",\"inLanguage\":\"pt-BR\",\"potentialAction\":[{\"@type\":\"ReadAction\",\"target\":[\"https:\\\/\\\/redenoticiaz.com.br\\\/ribeiraopreto-regiao\\\/sp\\\/2026\\\/09\\\/01\\\/pesquisa-revela-propostas-para-mulheres-em-planos-de-governo-presidencial\"]}]},{\"@type\":\"ImageObject\",\"inLanguage\":\"pt-BR\",\"@id\":\"https:\\\/\\\/redenoticiaz.com.br\\\/ribeiraopreto-regiao\\\/sp\\\/2026\\\/09\\\/01\\\/pesquisa-revela-propostas-para-mulheres-em-planos-de-governo-presidencial#primaryimage\",\"url\":\"https:\\\/\\\/redenoticiaz.com.br\\\/ribeiraopreto-regiao\\\/wp-content\\\/uploads\\\/sites\\\/4\\\/2026\\\/09\\\/0g0a8523.jpg\",\"contentUrl\":\"https:\\\/\\\/redenoticiaz.com.br\\\/ribeiraopreto-regiao\\\/wp-content\\\/uploads\\\/sites\\\/4\\\/2026\\\/09\\\/0g0a8523.jpg\",\"width\":1600,\"height\":800},{\"@type\":\"WebSite\",\"@id\":\"https:\\\/\\\/redenoticiaz.com.br\\\/ribeiraopreto-regiao\\\/#website\",\"url\":\"https:\\\/\\\/redenoticiaz.com.br\\\/ribeiraopreto-regiao\\\/\",\"name\":\"Ribeir\u00e3o Preto e Regi\u00e3o\",\"description\":\"Rede NoticiaZ - Ribeir\u00e3o Preto e regi\u00e3o\",\"publisher\":{\"@id\":\"https:\\\/\\\/redenoticiaz.com.br\\\/ribeiraopreto-regiao\\\/#organization\"},\"potentialAction\":[{\"@type\":\"SearchAction\",\"target\":{\"@type\":\"EntryPoint\",\"urlTemplate\":\"https:\\\/\\\/redenoticiaz.com.br\\\/ribeiraopreto-regiao\\\/?s={search_term_string}\"},\"query-input\":{\"@type\":\"PropertyValueSpecification\",\"valueRequired\":true,\"valueName\":\"search_term_string\"}}],\"inLanguage\":\"pt-BR\"},{\"@type\":\"Organization\",\"@id\":\"https:\\\/\\\/redenoticiaz.com.br\\\/ribeiraopreto-regiao\\\/#organization\",\"name\":\"Ribeir\u00e3o Preto e Regi\u00e3o\",\"url\":\"https:\\\/\\\/redenoticiaz.com.br\\\/ribeiraopreto-regiao\\\/\",\"logo\":{\"@type\":\"ImageObject\",\"inLanguage\":\"pt-BR\",\"@id\":\"https:\\\/\\\/redenoticiaz.com.br\\\/ribeiraopreto-regiao\\\/#\\\/schema\\\/logo\\\/image\\\/\",\"url\":\"https:\\\/\\\/redenoticiaz.com.br\\\/barretos-regiao\\\/wp-content\\\/uploads\\\/sites\\\/4\\\/2022\\\/02\\\/logo.jpg\",\"contentUrl\":\"https:\\\/\\\/redenoticiaz.com.br\\\/barretos-regiao\\\/wp-content\\\/uploads\\\/sites\\\/4\\\/2022\\\/02\\\/logo.jpg\",\"width\":400,\"height\":250,\"caption\":\"Ribeir\u00e3o Preto e Regi\u00e3o\"},\"image\":{\"@id\":\"https:\\\/\\\/redenoticiaz.com.br\\\/ribeiraopreto-regiao\\\/#\\\/schema\\\/logo\\\/image\\\/\"},\"sameAs\":[\"https:\\\/\\\/m.facebook.com\\\/redenoticiaz.barretos\",\"https:\\\/\\\/x.com\\\/RN_barretos\",\"https:\\\/\\\/www.instagram.com\\\/redenoticiaz.barretos\\\/?igshid=YmMyMTA2M2Y\",\"https:\\\/\\\/www.linkedin.com\\\/company\\\/rede-noticiaz-barretos-e-regio\\\/\"]},{\"@type\":\"Person\",\"@id\":\"https:\\\/\\\/redenoticiaz.com.br\\\/ribeiraopreto-regiao\\\/#\\\/schema\\\/person\\\/e1b0bd8c2637e2c1b6ddcbc2c33b116f\",\"name\":\"Patr\u00edcia Prado\",\"image\":{\"@type\":\"ImageObject\",\"inLanguage\":\"pt-BR\",\"@id\":\"https:\\\/\\\/secure.gravatar.com\\\/avatar\\\/92e358bef22cfcec15e054ae4d9fee04dadf0c772dc4a17b382b8a34a15354c2?s=96&d=mm&r=g\",\"url\":\"https:\\\/\\\/secure.gravatar.com\\\/avatar\\\/92e358bef22cfcec15e054ae4d9fee04dadf0c772dc4a17b382b8a34a15354c2?s=96&d=mm&r=g\",\"contentUrl\":\"https:\\\/\\\/secure.gravatar.com\\\/avatar\\\/92e358bef22cfcec15e054ae4d9fee04dadf0c772dc4a17b382b8a34a15354c2?s=96&d=mm&r=g\",\"caption\":\"Patr\u00edcia Prado\"},\"url\":\"https:\\\/\\\/redenoticiaz.com.br\\\/ribeiraopreto-regiao\\\/sp\\\/author\\\/patricia-prado\"}]}<\/script>\n<!-- \/ Yoast SEO plugin. -->","yoast_head_json":{"title":"Pesquisa revela propostas para mulheres em planos de governo presidencial - Ribeir\u00e3o Preto e Regi\u00e3o","robots":{"index":"index","follow":"follow","max-snippet":"max-snippet:-1","max-image-preview":"max-image-preview:large","max-video-preview":"max-video-preview:-1"},"canonical":"https:\/\/redenoticiaz.com.br\/ribeiraopreto-regiao\/sp\/2026\/09\/01\/pesquisa-revela-propostas-para-mulheres-em-planos-de-governo-presidencial","og_locale":"pt_BR","og_type":"article","og_title":"Pesquisa revela propostas para mulheres em planos de governo presidencial - Ribeir\u00e3o Preto e Regi\u00e3o","og_description":"Um levantamento realizado pelo Instituto Update analisou doze candidaturas \u00e0 Presid\u00eancia da Rep\u00fablica e identificou que as propostas voltadas para as mulheres se concentram principalmente em quatro temas: viol\u00eancia, sa\u00fade, cuidado e autonomia econ\u00f4mica. Apesar da identifica\u00e7\u00e3o de problemas que afetam diretamente esse p\u00fablico, a pesquisa aponta que h\u00e1 uma lacuna em rela\u00e7\u00e3o \u00e0 participa\u00e7\u00e3o &hellip;","og_url":"https:\/\/redenoticiaz.com.br\/ribeiraopreto-regiao\/sp\/2026\/09\/01\/pesquisa-revela-propostas-para-mulheres-em-planos-de-governo-presidencial","og_site_name":"Ribeir\u00e3o Preto e Regi\u00e3o","article_publisher":"https:\/\/m.facebook.com\/redenoticiaz.barretos","article_published_time":"2026-09-01T17:16:57+00:00","og_image":[{"width":400,"height":250,"url":"https:\/\/redenoticiaz.com.br\/ribeiraopreto-regiao\/wp-content\/uploads\/sites\/4\/2022\/02\/logo.jpg","type":"image\/jpeg"}],"author":"Patr\u00edcia Prado","twitter_card":"summary_large_image","twitter_creator":"@RN_barretos","twitter_site":"@RN_barretos","twitter_misc":{"Escrito por":"Patr\u00edcia Prado","Est. tempo de leitura":"2 minutos"},"schema":{"@context":"https:\/\/schema.org","@graph":[{"@type":"Article","@id":"https:\/\/redenoticiaz.com.br\/ribeiraopreto-regiao\/sp\/2026\/09\/01\/pesquisa-revela-propostas-para-mulheres-em-planos-de-governo-presidencial#article","isPartOf":{"@id":"https:\/\/redenoticiaz.com.br\/ribeiraopreto-regiao\/sp\/2026\/09\/01\/pesquisa-revela-propostas-para-mulheres-em-planos-de-governo-presidencial"},"author":{"name":"Patr\u00edcia Prado","@id":"https:\/\/redenoticiaz.com.br\/ribeiraopreto-regiao\/#\/schema\/person\/e1b0bd8c2637e2c1b6ddcbc2c33b116f"},"headline":"Pesquisa revela propostas para mulheres em planos de governo presidencial","datePublished":"2026-09-01T17:16:57+00:00","mainEntityOfPage":{"@id":"https:\/\/redenoticiaz.com.br\/ribeiraopreto-regiao\/sp\/2026\/09\/01\/pesquisa-revela-propostas-para-mulheres-em-planos-de-governo-presidencial"},"wordCount":486,"commentCount":0,"publisher":{"@id":"https:\/\/redenoticiaz.com.br\/ribeiraopreto-regiao\/#organization"},"image":{"@id":"https:\/\/redenoticiaz.com.br\/ribeiraopreto-regiao\/sp\/2026\/09\/01\/pesquisa-revela-propostas-para-mulheres-em-planos-de-governo-presidencial#primaryimage"},"thumbnailUrl":"https:\/\/redenoticiaz.com.br\/ribeiraopreto-regiao\/wp-content\/uploads\/sites\/4\/2026\/09\/0g0a8523.jpg","articleSection":["A\u00e7\u00e3o Social","Educa\u00e7\u00e3o","Elei\u00e7\u00f5es","Pol\u00edtica","Sa\u00fade","Trabalho","Transportes"],"inLanguage":"pt-BR","potentialAction":[{"@type":"CommentAction","name":"Comment","target":["https:\/\/redenoticiaz.com.br\/ribeiraopreto-regiao\/sp\/2026\/09\/01\/pesquisa-revela-propostas-para-mulheres-em-planos-de-governo-presidencial#respond"]}]},{"@type":"WebPage","@id":"https:\/\/redenoticiaz.com.br\/ribeiraopreto-regiao\/sp\/2026\/09\/01\/pesquisa-revela-propostas-para-mulheres-em-planos-de-governo-presidencial","url":"https:\/\/redenoticiaz.com.br\/ribeiraopreto-regiao\/sp\/2026\/09\/01\/pesquisa-revela-propostas-para-mulheres-em-planos-de-governo-presidencial","name":"Pesquisa revela propostas para mulheres em planos de governo presidencial - Ribeir\u00e3o Preto e Regi\u00e3o","isPartOf":{"@id":"https:\/\/redenoticiaz.com.br\/ribeiraopreto-regiao\/#website"},"primaryImageOfPage":{"@id":"https:\/\/redenoticiaz.com.br\/ribeiraopreto-regiao\/sp\/2026\/09\/01\/pesquisa-revela-propostas-para-mulheres-em-planos-de-governo-presidencial#primaryimage"},"image":{"@id":"https:\/\/redenoticiaz.com.br\/ribeiraopreto-regiao\/sp\/2026\/09\/01\/pesquisa-revela-propostas-para-mulheres-em-planos-de-governo-presidencial#primaryimage"},"thumbnailUrl":"https:\/\/redenoticiaz.com.br\/ribeiraopreto-regiao\/wp-content\/uploads\/sites\/4\/2026\/09\/0g0a8523.jpg","datePublished":"2026-09-01T17:16:57+00:00","inLanguage":"pt-BR","potentialAction":[{"@type":"ReadAction","target":["https:\/\/redenoticiaz.com.br\/ribeiraopreto-regiao\/sp\/2026\/09\/01\/pesquisa-revela-propostas-para-mulheres-em-planos-de-governo-presidencial"]}]},{"@type":"ImageObject","inLanguage":"pt-BR","@id":"https:\/\/redenoticiaz.com.br\/ribeiraopreto-regiao\/sp\/2026\/09\/01\/pesquisa-revela-propostas-para-mulheres-em-planos-de-governo-presidencial#primaryimage","url":"https:\/\/redenoticiaz.com.br\/ribeiraopreto-regiao\/wp-content\/uploads\/sites\/4\/2026\/09\/0g0a8523.jpg","contentUrl":"https:\/\/redenoticiaz.com.br\/ribeiraopreto-regiao\/wp-content\/uploads\/sites\/4\/2026\/09\/0g0a8523.jpg","width":1600,"height":800},{"@type":"WebSite","@id":"https:\/\/redenoticiaz.com.br\/ribeiraopreto-regiao\/#website","url":"https:\/\/redenoticiaz.com.br\/ribeiraopreto-regiao\/","name":"Ribeir\u00e3o Preto e Regi\u00e3o","description":"Rede NoticiaZ - Ribeir\u00e3o Preto e regi\u00e3o","publisher":{"@id":"https:\/\/redenoticiaz.com.br\/ribeiraopreto-regiao\/#organization"},"potentialAction":[{"@type":"SearchAction","target":{"@type":"EntryPoint","urlTemplate":"https:\/\/redenoticiaz.com.br\/ribeiraopreto-regiao\/?s={search_term_string}"},"query-input":{"@type":"PropertyValueSpecification","valueRequired":true,"valueName":"search_term_string"}}],"inLanguage":"pt-BR"},{"@type":"Organization","@id":"https:\/\/redenoticiaz.com.br\/ribeiraopreto-regiao\/#organization","name":"Ribeir\u00e3o Preto e Regi\u00e3o","url":"https:\/\/redenoticiaz.com.br\/ribeiraopreto-regiao\/","logo":{"@type":"ImageObject","inLanguage":"pt-BR","@id":"https:\/\/redenoticiaz.com.br\/ribeiraopreto-regiao\/#\/schema\/logo\/image\/","url":"https:\/\/redenoticiaz.com.br\/barretos-regiao\/wp-content\/uploads\/sites\/4\/2022\/02\/logo.jpg","contentUrl":"https:\/\/redenoticiaz.com.br\/barretos-regiao\/wp-content\/uploads\/sites\/4\/2022\/02\/logo.jpg","width":400,"height":250,"caption":"Ribeir\u00e3o Preto e Regi\u00e3o"},"image":{"@id":"https:\/\/redenoticiaz.com.br\/ribeiraopreto-regiao\/#\/schema\/logo\/image\/"},"sameAs":["https:\/\/m.facebook.com\/redenoticiaz.barretos","https:\/\/x.com\/RN_barretos","https:\/\/www.instagram.com\/redenoticiaz.barretos\/?igshid=YmMyMTA2M2Y","https:\/\/www.linkedin.com\/company\/rede-noticiaz-barretos-e-regio\/"]},{"@type":"Person","@id":"https:\/\/redenoticiaz.com.br\/ribeiraopreto-regiao\/#\/schema\/person\/e1b0bd8c2637e2c1b6ddcbc2c33b116f","name":"Patr\u00edcia Prado","image":{"@type":"ImageObject","inLanguage":"pt-BR","@id":"https:\/\/secure.gravatar.com\/avatar\/92e358bef22cfcec15e054ae4d9fee04dadf0c772dc4a17b382b8a34a15354c2?s=96&d=mm&r=g","url":"https:\/\/secure.gravatar.com\/avatar\/92e358bef22cfcec15e054ae4d9fee04dadf0c772dc4a17b382b8a34a15354c2?s=96&d=mm&r=g","contentUrl":"https:\/\/secure.gravatar.com\/avatar\/92e358bef22cfcec15e054ae4d9fee04dadf0c772dc4a17b382b8a34a15354c2?s=96&d=mm&r=g","caption":"Patr\u00edcia Prado"},"url":"https:\/\/redenoticiaz.com.br\/ribeiraopreto-regiao\/sp\/author\/patricia-prado"}]}},"_links":{"self":[{"href":"https:\/\/redenoticiaz.com.br\/ribeiraopreto-regiao\/wp-json\/wp\/v2\/posts\/123012","targetHints":{"allow":["GET"]}}],"collection":[{"href":"https:\/\/redenoticiaz.com.br\/ribeiraopreto-regiao\/wp-json\/wp\/v2\/posts"}],"about":[{"href":"https:\/\/redenoticiaz.com.br\/ribeiraopreto-regiao\/wp-json\/wp\/v2\/types\/post"}],"author":[{"embeddable":true,"href":"https:\/\/redenoticiaz.com.br\/ribeiraopreto-regiao\/wp-json\/wp\/v2\/users\/5"}],"replies":[{"embeddable":true,"href":"https:\/\/redenoticiaz.com.br\/ribeiraopreto-regiao\/wp-json\/wp\/v2\/comments?post=123012"}],"version-history":[{"count":0,"href":"https:\/\/redenoticiaz.com.br\/ribeiraopreto-regiao\/wp-json\/wp\/v2\/posts\/123012\/revisions"}],"wp:featuredmedia":[{"embeddable":true,"href":"https:\/\/redenoticiaz.com.br\/ribeiraopreto-regiao\/wp-json\/wp\/v2\/media\/123013"}],"wp:attachment":[{"href":"https:\/\/redenoticiaz.com.br\/ribeiraopreto-regiao\/wp-json\/wp\/v2\/media?parent=123012"}],"wp:term":[{"taxonomy":"category","embeddable":true,"href":"https:\/\/redenoticiaz.com.br\/ribeiraopreto-regiao\/wp-json\/wp\/v2\/categories?post=123012"},{"taxonomy":"post_tag","embeddable":true,"href":"https:\/\/redenoticiaz.com.br\/ribeiraopreto-regiao\/wp-json\/wp\/v2\/tags?post=123012"}],"curies":[{"name":"wp","href":"https:\/\/api.w.org\/{rel}","templated":true}]}}