{"id":123014,"date":"2026-09-01T14:48:53","date_gmt":"2026-09-01T17:48:53","guid":{"rendered":"https:\/\/redenoticiaz.com.br\/ribeiraopreto-regiao\/sp\/2026\/09\/01\/cartao-de-confirmacao-da-pnd-2026-sera-divulgado-no-dia-9-de-outubro"},"modified":"2026-09-01T14:48:53","modified_gmt":"2026-09-01T17:48:53","slug":"cartao-de-confirmacao-da-pnd-2026-sera-divulgado-no-dia-9-de-outubro","status":"publish","type":"post","link":"https:\/\/redenoticiaz.com.br\/ribeiraopreto-regiao\/sp\/2026\/09\/01\/cartao-de-confirmacao-da-pnd-2026-sera-divulgado-no-dia-9-de-outubro","title":{"rendered":"Cart\u00e3o de confirma\u00e7\u00e3o da PND 2026 ser\u00e1 divulgado no dia 9 de outubro"},"content":{"rendered":"<p>O cart\u00e3o de confirma\u00e7\u00e3o de inscri\u00e7\u00e3o na Prova Nacional Docente (PND) 2026 ser\u00e1 divulgado no dia 9 de outubro pelo Instituto Nacional de Estudos e Pesquisas Educacionais An\u00edsio Teixeira (Inep). A publica\u00e7\u00e3o deste documento, que estava inicialmente prevista para 31 de outubro, foi adiada.<\/p>\n<p>O cart\u00e3o cont\u00e9m informa\u00e7\u00f5es importantes para os candidatos, como data, hor\u00e1rio e local de realiza\u00e7\u00e3o da prova, n\u00famero de inscri\u00e7\u00e3o e detalhes sobre atendimento especializado e uso do nome social. Os participantes poder\u00e3o acessar o documento na P\u00e1gina do Participante da PND pelo <a href=\"https:\/\/pnd.inep.gov.br\/\" target=\"_blank\">Sistema PND<\/a>.<\/p>\n<p>A Prova Nacional Docente \u00e9 um exame anual realizado pelo Minist\u00e9rio da Educa\u00e7\u00e3o (MEC) com o objetivo de facilitar a contrata\u00e7\u00e3o de professores. Conhecida como o &#8220;Enem dos Professores&#8221;, a PND permite que as redes p\u00fablicas de ensino utilizem os resultados para processos seletivos, podendo serem classificat\u00f3rios, eliminat\u00f3rios ou complementares \u00e0 prova pr\u00e1tica. \u00c9 importante destacar que a realiza\u00e7\u00e3o da PND n\u00e3o \u00e9 obrigat\u00f3ria para os professores.<\/p>\n<p>Para ajudar os candidatos a se organizarem, o Inep disponibilizou o <a href=\"http:\/\/https:\/\/www.gov.br\/mec\/pt-br\/mais-professores\/arquivos\/GuiaParticPND2026.pdf\" target=\"_blank\">Guia do Participante da Prova Nacional Docente \u2013 2026<\/a>.<\/p>\n<p>A nova data para a divulga\u00e7\u00e3o do cart\u00e3o de confirma\u00e7\u00e3o foi publicada no <a href=\"https:\/\/www.in.gov.br\/web\/dou\/-\/retificacao-728480497\" target=\"_blank\">Di\u00e1rio Oficial da Uni\u00e3o<\/a>, enquanto as demais datas do cronograma da PND 2026 permanecem inalteradas. A aplica\u00e7\u00e3o das provas est\u00e1 agendada para 20 de setembro em todos os estados e no Distrito Federal.<\/p>\n<p>As principais datas do cronograma da PND 2026 incluem:<\/p>\n<ul>\n<li>Aplica\u00e7\u00e3o da prova: 20 de setembro;<\/li>\n<li>Divulga\u00e7\u00e3o dos cadernos de prova e gabaritos preliminares: 24 de setembro;<\/li>\n<li>Recursos referentes aos gabaritos: 24 e 25 de setembro;<\/li>\n<li>Reaplica\u00e7\u00e3o da prova: 18 de outubro;<\/li>\n<li>Divulga\u00e7\u00e3o dos cadernos de prova e gabaritos: 24 de outubro;<\/li>\n<li>Corre\u00e7\u00e3o preliminar da resposta discursiva: 10 de novembro;<\/li>\n<li>Recursos da corre\u00e7\u00e3o discursiva: 10 a 12 de novembro;<\/li>\n<li>Divulga\u00e7\u00e3o do resultado final: 15 de dezembro.<\/li>\n<\/ul>\n<p>A avalia\u00e7\u00e3o te\u00f3rica da PND ser\u00e1 baseada no Exame Nacional de Desempenho de Estudantes (Enade) das Licenciaturas, com foco nos cursos de forma\u00e7\u00e3o docente. A prova ter\u00e1 dura\u00e7\u00e3o de cinco horas e 30 minutos, composta por uma parte de forma\u00e7\u00e3o geral docente e outra de componente espec\u00edfico de cada \u00e1rea de avalia\u00e7\u00e3o. A parte geral incluir\u00e1 30 quest\u00f5es de m\u00faltipla escolha e uma quest\u00e3o discursiva, enquanto a parte espec\u00edfica contar\u00e1 com 50 quest\u00f5es de m\u00faltipla escolha.<\/p>\n<p>Para a edi\u00e7\u00e3o de 2026, 21 \u00e1reas da licenciatura ser\u00e3o avaliadas, incluindo as novas licenciaturas em teatro, dan\u00e7a, ci\u00eancias naturais e letras espanhol. As \u00e1reas incluem:<\/p>\n<ul>\n<li>artes visuais<\/li>\n<li>ci\u00eancias biol\u00f3gicas (biologia)<\/li>\n<li>ci\u00eancias naturais (ci\u00eancias da natureza)<\/li>\n<li>ci\u00eancias sociais<\/li>\n<li>computa\u00e7\u00e3o<\/li>\n<li>dan\u00e7a<\/li>\n<li>educa\u00e7\u00e3o f\u00edsica<\/li>\n<li>filosofia<\/li>\n<li>f\u00edsica<\/li>\n<li>geografia<\/li>\n<li>hist\u00f3ria<\/li>\n<li>letras espanhol<\/li>\n<li>letras ingl\u00eas<\/li>\n<li>letras portugu\u00eas<\/li>\n<li>letras portugu\u00eas e espanhol<\/li>\n<li>letras portugu\u00eas e ingl\u00eas<\/li>\n<li>matem\u00e1tica<\/li>\n<li>m\u00fasica<\/li>\n<li>pedagogia<\/li>\n<li>qu\u00edmica<\/li>\n<li>teatro<\/li>\n<\/ul>\n<p>A Prova Nacional Docente visa melhorar a qualidade dos processos seletivos para professores e estimular a realiza\u00e7\u00e3o de concursos p\u00fablicos nas redes p\u00fablicas de ensino. Essa iniciativa \u00e9 parte do programa <a href=\"https:\/\/www.gov.br\/mec\/pt-br\/mais-professores\" target=\"_blank\">Mais Professores<\/a>, que busca valorizar e qualificar o magist\u00e9rio da educa\u00e7\u00e3o b\u00e1sica no Brasil.<\/p>\n","protected":false},"excerpt":{"rendered":"<p>O cart\u00e3o de confirma\u00e7\u00e3o de inscri\u00e7\u00e3o na Prova Nacional Docente (PND) 2026 ser\u00e1 divulgado no dia 9 de outubro pelo Instituto Nacional de Estudos e Pesquisas Educacionais An\u00edsio Teixeira (Inep). A publica\u00e7\u00e3o deste documento, que estava inicialmente prevista para 31 de outubro, foi adiada. O cart\u00e3o cont\u00e9m informa\u00e7\u00f5es importantes para os candidatos, como data, hor\u00e1rio &hellip;<\/p>\n","protected":false},"author":5,"featured_media":123015,"comment_status":"open","ping_status":"closed","sticky":false,"template":"","format":"standard","meta":{"footnotes":""},"categories":[469,820,9271,1561],"tags":[],"class_list":["post-123014","post","type-post","status-publish","format-standard","has-post-thumbnail","hentry","category-cultura","category-educacao","category-eleicoes","category-tecnologia"],"yoast_head":"<!-- This site is optimized with the Yoast SEO plugin v28.3 - https:\/\/yoast.com\/product\/yoast-seo-wordpress\/ -->\n<title>Cart\u00e3o de confirma\u00e7\u00e3o da PND 2026 ser\u00e1 divulgado no dia 9 de outubro - Ribeir\u00e3o Preto e Regi\u00e3o<\/title>\n<meta name=\"robots\" content=\"index, follow, max-snippet:-1, max-image-preview:large, max-video-preview:-1\" \/>\n<link rel=\"canonical\" href=\"https:\/\/redenoticiaz.com.br\/ribeiraopreto-regiao\/sp\/2026\/09\/01\/cartao-de-confirmacao-da-pnd-2026-sera-divulgado-no-dia-9-de-outubro\" \/>\n<meta property=\"og:locale\" content=\"pt_BR\" \/>\n<meta property=\"og:type\" content=\"article\" \/>\n<meta property=\"og:title\" content=\"Cart\u00e3o de confirma\u00e7\u00e3o da PND 2026 ser\u00e1 divulgado no dia 9 de outubro - Ribeir\u00e3o Preto e Regi\u00e3o\" \/>\n<meta property=\"og:description\" content=\"O cart\u00e3o de confirma\u00e7\u00e3o de inscri\u00e7\u00e3o na Prova Nacional Docente (PND) 2026 ser\u00e1 divulgado no dia 9 de outubro pelo Instituto Nacional de Estudos e Pesquisas Educacionais An\u00edsio Teixeira (Inep). A publica\u00e7\u00e3o deste documento, que estava inicialmente prevista para 31 de outubro, foi adiada. O cart\u00e3o cont\u00e9m informa\u00e7\u00f5es importantes para os candidatos, como data, hor\u00e1rio &hellip;\" \/>\n<meta property=\"og:url\" content=\"https:\/\/redenoticiaz.com.br\/ribeiraopreto-regiao\/sp\/2026\/09\/01\/cartao-de-confirmacao-da-pnd-2026-sera-divulgado-no-dia-9-de-outubro\" \/>\n<meta property=\"og:site_name\" content=\"Ribeir\u00e3o Preto e Regi\u00e3o\" \/>\n<meta property=\"article:publisher\" content=\"https:\/\/m.facebook.com\/redenoticiaz.barretos\" \/>\n<meta property=\"article:published_time\" content=\"2026-09-01T17:48:53+00:00\" \/>\n<meta property=\"og:image\" content=\"https:\/\/redenoticiaz.com.br\/ribeiraopreto-regiao\/wp-content\/uploads\/sites\/4\/2022\/02\/logo.jpg\" \/>\n\t<meta property=\"og:image:width\" content=\"400\" \/>\n\t<meta property=\"og:image:height\" content=\"250\" \/>\n\t<meta property=\"og:image:type\" content=\"image\/jpeg\" \/>\n<meta name=\"author\" content=\"Patr\u00edcia Prado\" \/>\n<meta name=\"twitter:card\" content=\"summary_large_image\" \/>\n<meta name=\"twitter:creator\" content=\"@RN_barretos\" \/>\n<meta name=\"twitter:site\" content=\"@RN_barretos\" \/>\n<meta name=\"twitter:label1\" content=\"Escrito por\" \/>\n\t<meta name=\"twitter:data1\" content=\"Patr\u00edcia Prado\" \/>\n\t<meta name=\"twitter:label2\" content=\"Est. tempo de leitura\" \/>\n\t<meta name=\"twitter:data2\" content=\"3 minutos\" \/>\n<script type=\"application\/ld+json\" class=\"yoast-schema-graph\">{\"@context\":\"https:\\\/\\\/schema.org\",\"@graph\":[{\"@type\":\"Article\",\"@id\":\"https:\\\/\\\/redenoticiaz.com.br\\\/ribeiraopreto-regiao\\\/sp\\\/2026\\\/09\\\/01\\\/cartao-de-confirmacao-da-pnd-2026-sera-divulgado-no-dia-9-de-outubro#article\",\"isPartOf\":{\"@id\":\"https:\\\/\\\/redenoticiaz.com.br\\\/ribeiraopreto-regiao\\\/sp\\\/2026\\\/09\\\/01\\\/cartao-de-confirmacao-da-pnd-2026-sera-divulgado-no-dia-9-de-outubro\"},\"author\":{\"name\":\"Patr\u00edcia Prado\",\"@id\":\"https:\\\/\\\/redenoticiaz.com.br\\\/ribeiraopreto-regiao\\\/#\\\/schema\\\/person\\\/e1b0bd8c2637e2c1b6ddcbc2c33b116f\"},\"headline\":\"Cart\u00e3o de confirma\u00e7\u00e3o da PND 2026 ser\u00e1 divulgado no dia 9 de outubro\",\"datePublished\":\"2026-09-01T17:48:53+00:00\",\"mainEntityOfPage\":{\"@id\":\"https:\\\/\\\/redenoticiaz.com.br\\\/ribeiraopreto-regiao\\\/sp\\\/2026\\\/09\\\/01\\\/cartao-de-confirmacao-da-pnd-2026-sera-divulgado-no-dia-9-de-outubro\"},\"wordCount\":547,\"commentCount\":0,\"publisher\":{\"@id\":\"https:\\\/\\\/redenoticiaz.com.br\\\/ribeiraopreto-regiao\\\/#organization\"},\"image\":{\"@id\":\"https:\\\/\\\/redenoticiaz.com.br\\\/ribeiraopreto-regiao\\\/sp\\\/2026\\\/09\\\/01\\\/cartao-de-confirmacao-da-pnd-2026-sera-divulgado-no-dia-9-de-outubro#primaryimage\"},\"thumbnailUrl\":\"https:\\\/\\\/redenoticiaz.com.br\\\/ribeiraopreto-regiao\\\/wp-content\\\/uploads\\\/sites\\\/4\\\/2026\\\/09\\\/toms9572.jpg\",\"articleSection\":[\"Cultura\",\"Educa\u00e7\u00e3o\",\"Elei\u00e7\u00f5es\",\"Tecnologia\"],\"inLanguage\":\"pt-BR\",\"potentialAction\":[{\"@type\":\"CommentAction\",\"name\":\"Comment\",\"target\":[\"https:\\\/\\\/redenoticiaz.com.br\\\/ribeiraopreto-regiao\\\/sp\\\/2026\\\/09\\\/01\\\/cartao-de-confirmacao-da-pnd-2026-sera-divulgado-no-dia-9-de-outubro#respond\"]}]},{\"@type\":\"WebPage\",\"@id\":\"https:\\\/\\\/redenoticiaz.com.br\\\/ribeiraopreto-regiao\\\/sp\\\/2026\\\/09\\\/01\\\/cartao-de-confirmacao-da-pnd-2026-sera-divulgado-no-dia-9-de-outubro\",\"url\":\"https:\\\/\\\/redenoticiaz.com.br\\\/ribeiraopreto-regiao\\\/sp\\\/2026\\\/09\\\/01\\\/cartao-de-confirmacao-da-pnd-2026-sera-divulgado-no-dia-9-de-outubro\",\"name\":\"Cart\u00e3o de confirma\u00e7\u00e3o da PND 2026 ser\u00e1 divulgado no dia 9 de outubro - Ribeir\u00e3o Preto e Regi\u00e3o\",\"isPartOf\":{\"@id\":\"https:\\\/\\\/redenoticiaz.com.br\\\/ribeiraopreto-regiao\\\/#website\"},\"primaryImageOfPage\":{\"@id\":\"https:\\\/\\\/redenoticiaz.com.br\\\/ribeiraopreto-regiao\\\/sp\\\/2026\\\/09\\\/01\\\/cartao-de-confirmacao-da-pnd-2026-sera-divulgado-no-dia-9-de-outubro#primaryimage\"},\"image\":{\"@id\":\"https:\\\/\\\/redenoticiaz.com.br\\\/ribeiraopreto-regiao\\\/sp\\\/2026\\\/09\\\/01\\\/cartao-de-confirmacao-da-pnd-2026-sera-divulgado-no-dia-9-de-outubro#primaryimage\"},\"thumbnailUrl\":\"https:\\\/\\\/redenoticiaz.com.br\\\/ribeiraopreto-regiao\\\/wp-content\\\/uploads\\\/sites\\\/4\\\/2026\\\/09\\\/toms9572.jpg\",\"datePublished\":\"2026-09-01T17:48:53+00:00\",\"inLanguage\":\"pt-BR\",\"potentialAction\":[{\"@type\":\"ReadAction\",\"target\":[\"https:\\\/\\\/redenoticiaz.com.br\\\/ribeiraopreto-regiao\\\/sp\\\/2026\\\/09\\\/01\\\/cartao-de-confirmacao-da-pnd-2026-sera-divulgado-no-dia-9-de-outubro\"]}]},{\"@type\":\"ImageObject\",\"inLanguage\":\"pt-BR\",\"@id\":\"https:\\\/\\\/redenoticiaz.com.br\\\/ribeiraopreto-regiao\\\/sp\\\/2026\\\/09\\\/01\\\/cartao-de-confirmacao-da-pnd-2026-sera-divulgado-no-dia-9-de-outubro#primaryimage\",\"url\":\"https:\\\/\\\/redenoticiaz.com.br\\\/ribeiraopreto-regiao\\\/wp-content\\\/uploads\\\/sites\\\/4\\\/2026\\\/09\\\/toms9572.jpg\",\"contentUrl\":\"https:\\\/\\\/redenoticiaz.com.br\\\/ribeiraopreto-regiao\\\/wp-content\\\/uploads\\\/sites\\\/4\\\/2026\\\/09\\\/toms9572.jpg\",\"width\":1600,\"height\":800},{\"@type\":\"WebSite\",\"@id\":\"https:\\\/\\\/redenoticiaz.com.br\\\/ribeiraopreto-regiao\\\/#website\",\"url\":\"https:\\\/\\\/redenoticiaz.com.br\\\/ribeiraopreto-regiao\\\/\",\"name\":\"Ribeir\u00e3o Preto e Regi\u00e3o\",\"description\":\"Rede NoticiaZ - Ribeir\u00e3o Preto e regi\u00e3o\",\"publisher\":{\"@id\":\"https:\\\/\\\/redenoticiaz.com.br\\\/ribeiraopreto-regiao\\\/#organization\"},\"potentialAction\":[{\"@type\":\"SearchAction\",\"target\":{\"@type\":\"EntryPoint\",\"urlTemplate\":\"https:\\\/\\\/redenoticiaz.com.br\\\/ribeiraopreto-regiao\\\/?s={search_term_string}\"},\"query-input\":{\"@type\":\"PropertyValueSpecification\",\"valueRequired\":true,\"valueName\":\"search_term_string\"}}],\"inLanguage\":\"pt-BR\"},{\"@type\":\"Organization\",\"@id\":\"https:\\\/\\\/redenoticiaz.com.br\\\/ribeiraopreto-regiao\\\/#organization\",\"name\":\"Ribeir\u00e3o Preto e Regi\u00e3o\",\"url\":\"https:\\\/\\\/redenoticiaz.com.br\\\/ribeiraopreto-regiao\\\/\",\"logo\":{\"@type\":\"ImageObject\",\"inLanguage\":\"pt-BR\",\"@id\":\"https:\\\/\\\/redenoticiaz.com.br\\\/ribeiraopreto-regiao\\\/#\\\/schema\\\/logo\\\/image\\\/\",\"url\":\"https:\\\/\\\/redenoticiaz.com.br\\\/barretos-regiao\\\/wp-content\\\/uploads\\\/sites\\\/4\\\/2022\\\/02\\\/logo.jpg\",\"contentUrl\":\"https:\\\/\\\/redenoticiaz.com.br\\\/barretos-regiao\\\/wp-content\\\/uploads\\\/sites\\\/4\\\/2022\\\/02\\\/logo.jpg\",\"width\":400,\"height\":250,\"caption\":\"Ribeir\u00e3o Preto e Regi\u00e3o\"},\"image\":{\"@id\":\"https:\\\/\\\/redenoticiaz.com.br\\\/ribeiraopreto-regiao\\\/#\\\/schema\\\/logo\\\/image\\\/\"},\"sameAs\":[\"https:\\\/\\\/m.facebook.com\\\/redenoticiaz.barretos\",\"https:\\\/\\\/x.com\\\/RN_barretos\",\"https:\\\/\\\/www.instagram.com\\\/redenoticiaz.barretos\\\/?igshid=YmMyMTA2M2Y\",\"https:\\\/\\\/www.linkedin.com\\\/company\\\/rede-noticiaz-barretos-e-regio\\\/\"]},{\"@type\":\"Person\",\"@id\":\"https:\\\/\\\/redenoticiaz.com.br\\\/ribeiraopreto-regiao\\\/#\\\/schema\\\/person\\\/e1b0bd8c2637e2c1b6ddcbc2c33b116f\",\"name\":\"Patr\u00edcia Prado\",\"image\":{\"@type\":\"ImageObject\",\"inLanguage\":\"pt-BR\",\"@id\":\"https:\\\/\\\/secure.gravatar.com\\\/avatar\\\/92e358bef22cfcec15e054ae4d9fee04dadf0c772dc4a17b382b8a34a15354c2?s=96&d=mm&r=g\",\"url\":\"https:\\\/\\\/secure.gravatar.com\\\/avatar\\\/92e358bef22cfcec15e054ae4d9fee04dadf0c772dc4a17b382b8a34a15354c2?s=96&d=mm&r=g\",\"contentUrl\":\"https:\\\/\\\/secure.gravatar.com\\\/avatar\\\/92e358bef22cfcec15e054ae4d9fee04dadf0c772dc4a17b382b8a34a15354c2?s=96&d=mm&r=g\",\"caption\":\"Patr\u00edcia Prado\"},\"url\":\"https:\\\/\\\/redenoticiaz.com.br\\\/ribeiraopreto-regiao\\\/sp\\\/author\\\/patricia-prado\"}]}<\/script>\n<!-- \/ Yoast SEO plugin. -->","yoast_head_json":{"title":"Cart\u00e3o de confirma\u00e7\u00e3o da PND 2026 ser\u00e1 divulgado no dia 9 de outubro - Ribeir\u00e3o Preto e Regi\u00e3o","robots":{"index":"index","follow":"follow","max-snippet":"max-snippet:-1","max-image-preview":"max-image-preview:large","max-video-preview":"max-video-preview:-1"},"canonical":"https:\/\/redenoticiaz.com.br\/ribeiraopreto-regiao\/sp\/2026\/09\/01\/cartao-de-confirmacao-da-pnd-2026-sera-divulgado-no-dia-9-de-outubro","og_locale":"pt_BR","og_type":"article","og_title":"Cart\u00e3o de confirma\u00e7\u00e3o da PND 2026 ser\u00e1 divulgado no dia 9 de outubro - Ribeir\u00e3o Preto e Regi\u00e3o","og_description":"O cart\u00e3o de confirma\u00e7\u00e3o de inscri\u00e7\u00e3o na Prova Nacional Docente (PND) 2026 ser\u00e1 divulgado no dia 9 de outubro pelo Instituto Nacional de Estudos e Pesquisas Educacionais An\u00edsio Teixeira (Inep). A publica\u00e7\u00e3o deste documento, que estava inicialmente prevista para 31 de outubro, foi adiada. O cart\u00e3o cont\u00e9m informa\u00e7\u00f5es importantes para os candidatos, como data, hor\u00e1rio &hellip;","og_url":"https:\/\/redenoticiaz.com.br\/ribeiraopreto-regiao\/sp\/2026\/09\/01\/cartao-de-confirmacao-da-pnd-2026-sera-divulgado-no-dia-9-de-outubro","og_site_name":"Ribeir\u00e3o Preto e Regi\u00e3o","article_publisher":"https:\/\/m.facebook.com\/redenoticiaz.barretos","article_published_time":"2026-09-01T17:48:53+00:00","og_image":[{"width":400,"height":250,"url":"https:\/\/redenoticiaz.com.br\/ribeiraopreto-regiao\/wp-content\/uploads\/sites\/4\/2022\/02\/logo.jpg","type":"image\/jpeg"}],"author":"Patr\u00edcia Prado","twitter_card":"summary_large_image","twitter_creator":"@RN_barretos","twitter_site":"@RN_barretos","twitter_misc":{"Escrito por":"Patr\u00edcia Prado","Est. tempo de leitura":"3 minutos"},"schema":{"@context":"https:\/\/schema.org","@graph":[{"@type":"Article","@id":"https:\/\/redenoticiaz.com.br\/ribeiraopreto-regiao\/sp\/2026\/09\/01\/cartao-de-confirmacao-da-pnd-2026-sera-divulgado-no-dia-9-de-outubro#article","isPartOf":{"@id":"https:\/\/redenoticiaz.com.br\/ribeiraopreto-regiao\/sp\/2026\/09\/01\/cartao-de-confirmacao-da-pnd-2026-sera-divulgado-no-dia-9-de-outubro"},"author":{"name":"Patr\u00edcia Prado","@id":"https:\/\/redenoticiaz.com.br\/ribeiraopreto-regiao\/#\/schema\/person\/e1b0bd8c2637e2c1b6ddcbc2c33b116f"},"headline":"Cart\u00e3o de confirma\u00e7\u00e3o da PND 2026 ser\u00e1 divulgado no dia 9 de outubro","datePublished":"2026-09-01T17:48:53+00:00","mainEntityOfPage":{"@id":"https:\/\/redenoticiaz.com.br\/ribeiraopreto-regiao\/sp\/2026\/09\/01\/cartao-de-confirmacao-da-pnd-2026-sera-divulgado-no-dia-9-de-outubro"},"wordCount":547,"commentCount":0,"publisher":{"@id":"https:\/\/redenoticiaz.com.br\/ribeiraopreto-regiao\/#organization"},"image":{"@id":"https:\/\/redenoticiaz.com.br\/ribeiraopreto-regiao\/sp\/2026\/09\/01\/cartao-de-confirmacao-da-pnd-2026-sera-divulgado-no-dia-9-de-outubro#primaryimage"},"thumbnailUrl":"https:\/\/redenoticiaz.com.br\/ribeiraopreto-regiao\/wp-content\/uploads\/sites\/4\/2026\/09\/toms9572.jpg","articleSection":["Cultura","Educa\u00e7\u00e3o","Elei\u00e7\u00f5es","Tecnologia"],"inLanguage":"pt-BR","potentialAction":[{"@type":"CommentAction","name":"Comment","target":["https:\/\/redenoticiaz.com.br\/ribeiraopreto-regiao\/sp\/2026\/09\/01\/cartao-de-confirmacao-da-pnd-2026-sera-divulgado-no-dia-9-de-outubro#respond"]}]},{"@type":"WebPage","@id":"https:\/\/redenoticiaz.com.br\/ribeiraopreto-regiao\/sp\/2026\/09\/01\/cartao-de-confirmacao-da-pnd-2026-sera-divulgado-no-dia-9-de-outubro","url":"https:\/\/redenoticiaz.com.br\/ribeiraopreto-regiao\/sp\/2026\/09\/01\/cartao-de-confirmacao-da-pnd-2026-sera-divulgado-no-dia-9-de-outubro","name":"Cart\u00e3o de confirma\u00e7\u00e3o da PND 2026 ser\u00e1 divulgado no dia 9 de outubro - Ribeir\u00e3o Preto e Regi\u00e3o","isPartOf":{"@id":"https:\/\/redenoticiaz.com.br\/ribeiraopreto-regiao\/#website"},"primaryImageOfPage":{"@id":"https:\/\/redenoticiaz.com.br\/ribeiraopreto-regiao\/sp\/2026\/09\/01\/cartao-de-confirmacao-da-pnd-2026-sera-divulgado-no-dia-9-de-outubro#primaryimage"},"image":{"@id":"https:\/\/redenoticiaz.com.br\/ribeiraopreto-regiao\/sp\/2026\/09\/01\/cartao-de-confirmacao-da-pnd-2026-sera-divulgado-no-dia-9-de-outubro#primaryimage"},"thumbnailUrl":"https:\/\/redenoticiaz.com.br\/ribeiraopreto-regiao\/wp-content\/uploads\/sites\/4\/2026\/09\/toms9572.jpg","datePublished":"2026-09-01T17:48:53+00:00","inLanguage":"pt-BR","potentialAction":[{"@type":"ReadAction","target":["https:\/\/redenoticiaz.com.br\/ribeiraopreto-regiao\/sp\/2026\/09\/01\/cartao-de-confirmacao-da-pnd-2026-sera-divulgado-no-dia-9-de-outubro"]}]},{"@type":"ImageObject","inLanguage":"pt-BR","@id":"https:\/\/redenoticiaz.com.br\/ribeiraopreto-regiao\/sp\/2026\/09\/01\/cartao-de-confirmacao-da-pnd-2026-sera-divulgado-no-dia-9-de-outubro#primaryimage","url":"https:\/\/redenoticiaz.com.br\/ribeiraopreto-regiao\/wp-content\/uploads\/sites\/4\/2026\/09\/toms9572.jpg","contentUrl":"https:\/\/redenoticiaz.com.br\/ribeiraopreto-regiao\/wp-content\/uploads\/sites\/4\/2026\/09\/toms9572.jpg","width":1600,"height":800},{"@type":"WebSite","@id":"https:\/\/redenoticiaz.com.br\/ribeiraopreto-regiao\/#website","url":"https:\/\/redenoticiaz.com.br\/ribeiraopreto-regiao\/","name":"Ribeir\u00e3o Preto e Regi\u00e3o","description":"Rede NoticiaZ - Ribeir\u00e3o Preto e regi\u00e3o","publisher":{"@id":"https:\/\/redenoticiaz.com.br\/ribeiraopreto-regiao\/#organization"},"potentialAction":[{"@type":"SearchAction","target":{"@type":"EntryPoint","urlTemplate":"https:\/\/redenoticiaz.com.br\/ribeiraopreto-regiao\/?s={search_term_string}"},"query-input":{"@type":"PropertyValueSpecification","valueRequired":true,"valueName":"search_term_string"}}],"inLanguage":"pt-BR"},{"@type":"Organization","@id":"https:\/\/redenoticiaz.com.br\/ribeiraopreto-regiao\/#organization","name":"Ribeir\u00e3o Preto e Regi\u00e3o","url":"https:\/\/redenoticiaz.com.br\/ribeiraopreto-regiao\/","logo":{"@type":"ImageObject","inLanguage":"pt-BR","@id":"https:\/\/redenoticiaz.com.br\/ribeiraopreto-regiao\/#\/schema\/logo\/image\/","url":"https:\/\/redenoticiaz.com.br\/barretos-regiao\/wp-content\/uploads\/sites\/4\/2022\/02\/logo.jpg","contentUrl":"https:\/\/redenoticiaz.com.br\/barretos-regiao\/wp-content\/uploads\/sites\/4\/2022\/02\/logo.jpg","width":400,"height":250,"caption":"Ribeir\u00e3o Preto e Regi\u00e3o"},"image":{"@id":"https:\/\/redenoticiaz.com.br\/ribeiraopreto-regiao\/#\/schema\/logo\/image\/"},"sameAs":["https:\/\/m.facebook.com\/redenoticiaz.barretos","https:\/\/x.com\/RN_barretos","https:\/\/www.instagram.com\/redenoticiaz.barretos\/?igshid=YmMyMTA2M2Y","https:\/\/www.linkedin.com\/company\/rede-noticiaz-barretos-e-regio\/"]},{"@type":"Person","@id":"https:\/\/redenoticiaz.com.br\/ribeiraopreto-regiao\/#\/schema\/person\/e1b0bd8c2637e2c1b6ddcbc2c33b116f","name":"Patr\u00edcia Prado","image":{"@type":"ImageObject","inLanguage":"pt-BR","@id":"https:\/\/secure.gravatar.com\/avatar\/92e358bef22cfcec15e054ae4d9fee04dadf0c772dc4a17b382b8a34a15354c2?s=96&d=mm&r=g","url":"https:\/\/secure.gravatar.com\/avatar\/92e358bef22cfcec15e054ae4d9fee04dadf0c772dc4a17b382b8a34a15354c2?s=96&d=mm&r=g","contentUrl":"https:\/\/secure.gravatar.com\/avatar\/92e358bef22cfcec15e054ae4d9fee04dadf0c772dc4a17b382b8a34a15354c2?s=96&d=mm&r=g","caption":"Patr\u00edcia Prado"},"url":"https:\/\/redenoticiaz.com.br\/ribeiraopreto-regiao\/sp\/author\/patricia-prado"}]}},"_links":{"self":[{"href":"https:\/\/redenoticiaz.com.br\/ribeiraopreto-regiao\/wp-json\/wp\/v2\/posts\/123014","targetHints":{"allow":["GET"]}}],"collection":[{"href":"https:\/\/redenoticiaz.com.br\/ribeiraopreto-regiao\/wp-json\/wp\/v2\/posts"}],"about":[{"href":"https:\/\/redenoticiaz.com.br\/ribeiraopreto-regiao\/wp-json\/wp\/v2\/types\/post"}],"author":[{"embeddable":true,"href":"https:\/\/redenoticiaz.com.br\/ribeiraopreto-regiao\/wp-json\/wp\/v2\/users\/5"}],"replies":[{"embeddable":true,"href":"https:\/\/redenoticiaz.com.br\/ribeiraopreto-regiao\/wp-json\/wp\/v2\/comments?post=123014"}],"version-history":[{"count":0,"href":"https:\/\/redenoticiaz.com.br\/ribeiraopreto-regiao\/wp-json\/wp\/v2\/posts\/123014\/revisions"}],"wp:featuredmedia":[{"embeddable":true,"href":"https:\/\/redenoticiaz.com.br\/ribeiraopreto-regiao\/wp-json\/wp\/v2\/media\/123015"}],"wp:attachment":[{"href":"https:\/\/redenoticiaz.com.br\/ribeiraopreto-regiao\/wp-json\/wp\/v2\/media?parent=123014"}],"wp:term":[{"taxonomy":"category","embeddable":true,"href":"https:\/\/redenoticiaz.com.br\/ribeiraopreto-regiao\/wp-json\/wp\/v2\/categories?post=123014"},{"taxonomy":"post_tag","embeddable":true,"href":"https:\/\/redenoticiaz.com.br\/ribeiraopreto-regiao\/wp-json\/wp\/v2\/tags?post=123014"}],"curies":[{"name":"wp","href":"https:\/\/api.w.org\/{rel}","templated":true}]}}