{"id":123016,"date":"2026-09-01T15:10:52","date_gmt":"2026-09-01T18:10:52","guid":{"rendered":"https:\/\/redenoticiaz.com.br\/ribeiraopreto-regiao\/sp\/2026\/09\/01\/promod-deixa-disputa-pelo-titulo-embolada-e-aumenta-expectativa-para-reta-final-da-spid-cup"},"modified":"2026-09-01T15:14:05","modified_gmt":"2026-09-01T18:14:05","slug":"promod-deixa-disputa-pelo-titulo-embolada-e-aumenta-expectativa-para-reta-final-da-spid-cup","status":"publish","type":"post","link":"https:\/\/redenoticiaz.com.br\/ribeiraopreto-regiao\/sp\/2026\/09\/01\/promod-deixa-disputa-pelo-titulo-embolada-e-aumenta-expectativa-para-reta-final-da-spid-cup","title":{"rendered":"ProMod deixa disputa pelo t\u00edtulo embolada e aumenta expectativa para reta final da SPID CUP"},"content":{"rendered":"<p><a>Campe\u00e3o Promod<\/a>A terceira etapa da SPID CUP 2026 deixou a disputa da ProMod ainda mais aberta. Com 12 carros no grid, confrontos equilibrados e a vit\u00f3ria de Diego Busato, que voltou \u00e0s pistas depois de uma pausa de mais de um ano, a categoria chega \u00e0s pr\u00f3ximas rodadas com a briga pelo campeonato completamente em aberto.<\/p>\n<p>Busato voltou em grande estilo. Depois de uma pausa de mais de um ano, o piloto da equipe venceu a final da ProMod com o Camaro #88 e retomou a disputa justamente em uma das categorias mais competitivas da arrancada. Na decis\u00e3o, ele superou Ricardo Rodrigues, enquanto Roderjan Busato terminou em terceiro.<\/p>\n<p>A vit\u00f3ria ganha ainda mais import\u00e2ncia pelo momento da temporada. Com diferentes pilotos mostrando for\u00e7a ao longo dos treinos e das eliminat\u00f3rias, a ProMod chega \u00e0 reta final com uma disputa que promete ser definida nos detalhes.<\/p>\n<p><strong>Grand\u00e3o segue na lideran\u00e7a e mant\u00e9m disputa aberta<\/strong><\/p>\n<p>Mesmo sem vencer a etapa, Sidnei \u201cGrand\u00e3o\u201d Frigo continua na lideran\u00e7a da competi\u00e7\u00e3o e mant\u00e9m uma posi\u00e7\u00e3o importante na briga pelo t\u00edtulo. O piloto tamb\u00e9m aparece entre os principais nomes da ProMod e \u00e9 dono do atual recorde da categoria no SPID: <strong>3s569 nos 201 metros<\/strong>, marca registrada em julho deste ano.<\/p>\n<p>A situa\u00e7\u00e3o do campeonato ficou ainda mais apertada depois da terceira etapa. Com diferentes pilotos capazes de avan\u00e7ar pelas eliminat\u00f3rias e decidir uma prova em poucos segundos, cada ponto das pr\u00f3ximas rodadas pode modificar completamente a classifica\u00e7\u00e3o.<\/p>\n<p>A combina\u00e7\u00e3o entre o retorno de Busato, a lideran\u00e7a de Grand\u00e3o e o desempenho dos demais pilotos faz da ProMod uma das categorias que chegam mais abertas \u00e0 reta final da temporada.<\/p>\n<p><strong>Recordes mostram n\u00edvel de desempenho da etapa<\/strong><\/p>\n<p>Al\u00e9m da disputa pelo campeonato, a terceira etapa foi marcada por <strong>cinco novos recordes<\/strong> registrados em diferentes categorias.<\/p>\n<p>Na <strong>Drag Bike<\/strong>, Murilo Gomes estabeleceu a nova marca de <strong>4s588<\/strong>. Na <strong>Drag Jr 10.9<\/strong>, Heitor Torres baixou o recorde para <strong>10s906<\/strong>. Na <strong>Drag Jr 9.9<\/strong>, Lorenzo Torres marcou <strong>9s845<\/strong>.<\/p>\n<p>Tamb\u00e9m foram estabelecidos novos recordes na <strong>Traseira Street Turbo<\/strong>, com Emerson Schnaider registrando <strong>5s300<\/strong>, e na <strong>Turbo Traseira B<\/strong>, com Enzo Paschoalotto fazendo <strong>4s791<\/strong>.<\/p>\n<p>O recorde da ProMod permanece com Sidnei Grand\u00e3o, que marcou <strong>3s569<\/strong> em julho. A marca continua como refer\u00eancia da categoria mesmo diante do crescimento do n\u00famero de carros e da evolu\u00e7\u00e3o dos projetos que chegam ao grid.<\/p>\n<p><strong>ProMod cresce e j\u00e1 mira 20 carros para 2027<\/strong><\/p>\n<p>O crescimento da ProMod \u00e9 outro ponto que chama a aten\u00e7\u00e3o na temporada. A terceira etapa reuniu <strong>12 carros<\/strong>, n\u00famero que refor\u00e7a a evolu\u00e7\u00e3o da categoria dentro da SPID CUP.<\/p>\n<p>A expectativa \u00e9 que o grid chegue a aproximadamente <strong>16 carros at\u00e9 o final deste ano<\/strong>, principalmente com a etapa de novembro. Para 2027, a previs\u00e3o \u00e9 ainda mais ambiciosa: <strong>20 carros no grid<\/strong>.<\/p>\n<p>O aumento do n\u00famero de participantes tamb\u00e9m significa mais possibilidades de confrontos diretos e um chaveamento cada vez mais dif\u00edcil de prever. Na ProMod, um detalhe na largada ou uma pequena diferen\u00e7a no acerto pode definir quem continua na disputa e quem fica pelo caminho.<\/p>\n<p>Com carros capazes de atingir aproximadamente 350 km\/h em pouco mais de tr\u00eas segundos, os duelos acontecem em apenas 201 metros. \u00c9 uma combina\u00e7\u00e3o que faz com que cada confronto tenha peso e transforma a classifica\u00e7\u00e3o do campeonato em uma disputa que pode mudar a cada etapa.<\/p>\n<p><strong>Pr\u00f3xima etapa ter\u00e1 novos pegas pela ProMod<\/strong><\/p>\n<p>A quarta etapa da SPID CUP est\u00e1 marcada para <strong>16 a 18 de outubro<\/strong> e chega justamente em um momento em que a disputa da ProMod ganhou ainda mais equil\u00edbrio.<\/p>\n<p>Com Busato de volta e vencedor na terceira etapa, Grand\u00e3o defendendo a lideran\u00e7a e outros pilotos na briga, a pr\u00f3xima rodada promete novos confrontos diretos pelo campeonato.<\/p>\n<p>A tend\u00eancia \u00e9 que os pegas sejam ainda mais importantes. Com poucas provas restantes, cada vit\u00f3ria pode significar uma mudan\u00e7a na classifica\u00e7\u00e3o e cada elimina\u00e7\u00e3o pode custar pontos preciosos na busca pelo t\u00edtulo.<\/p>\n<p>E o cen\u00e1rio deve ficar ainda mais forte na reta final: a previs\u00e3o \u00e9 de que a ProMod chegue \u00e0 Super Final de novembro com aproximadamente 16 carros, consolidando uma das categorias que mais crescem no campeonato.<\/p>\n<p><strong>Os campe\u00f5es da terceira etapa<\/strong><\/p>\n<p>A terceira etapa da SPID CUP tamb\u00e9m definiu os vencedores das demais categorias:<\/p>\n<ul>\n<li><strong>Drag Bike:<\/strong> Murilo Gomes (#87 \u2013 Kebradinha).<\/li>\n<li><strong>Drag Jr 7.9:<\/strong> Joaquim Souza (#12 \u2013 Dragster).<\/li>\n<li><strong>Drag Jr 9.9:<\/strong> Lorenzo Torres (#305 \u2013 Dragster).<\/li>\n<li><strong>Drag Jr 10.9:<\/strong> Ryan Rissato (#11 \u2013 Dragster).<\/li>\n<li><strong>Dianteira Turbo Light:<\/strong> Isa\u00edas Oliveira (#211 \u2013 Gol).<\/li>\n<li><strong>Dianteira Turbo A:<\/strong> Rafael Terralheiro (#2725 \u2013 Gol).<\/li>\n<li><strong>Dianteira Turbo B:<\/strong> Marco Paula (#2827 \u2013 Gol).<\/li>\n<li><strong>ProMod:<\/strong> Diego Busato (#88 \u2013 Camaro 2022).<\/li>\n<li><strong>Super Livre 4.4:<\/strong> Claudio Castanon (#12 \u2013 Dodge Dart).<\/li>\n<li><strong>Super Livre 4.9:<\/strong> Ricardo Guastamacchia (#75 \u2013 Chevette).<\/li>\n<li><strong>Super Livre 6.3:<\/strong> Jean Quinalha (#1092 \u2013 Gol).<\/li>\n<li><strong>Traseira Street Turbo:<\/strong> Ricardo Miyaki (#17 \u2013 Chevette).<\/li>\n<li><strong>Turbo Traseira A:<\/strong> Eder Seti (#77 \u2013 Chevy).<\/li>\n<li><strong>Turbo Traseira B:<\/strong> Filipe Lima (#2412 \u2013 Chevette).<\/li>\n<\/ul>\n<p><strong>Reta final promete disputa at\u00e9 os \u00faltimos metros<\/strong><\/p>\n<p>A terceira etapa mostrou que a SPID CUP chega \u00e0 parte decisiva da temporada com diferentes hist\u00f3rias acontecendo simultaneamente. Enquanto novos recordes s\u00e3o estabelecidos, a ProMod aumenta o n\u00famero de carros e ganha novos projetos, pilotos retornam \u00e0s pistas e a classifica\u00e7\u00e3o fica cada vez mais apertada.<\/p>\n<p>O retorno vitorioso de Diego Busato acrescentou ainda mais emo\u00e7\u00e3o ao campeonato. Depois de uma pausa de mais de um ano, ele voltou justamente para vencer uma das categorias mais disputadas da competi\u00e7\u00e3o.<\/p>\n<p>Do outro lado, Grand\u00e3o continua na lideran\u00e7a e ter\u00e1 pela frente novos desafios para defender a posi\u00e7\u00e3o.<\/p>\n<p>Com a quarta etapa marcada para outubro e a Super Final prevista para novembro, a ProMod entra definitivamente no radar como uma das grandes atra\u00e7\u00f5es da reta final da SPID CUP 2026. E, com a perspectiva de chegar a 20 carros no grid em 2027, a categoria mostra que a tend\u00eancia \u00e9 de uma disputa ainda maior nos pr\u00f3ximos anos.<\/p>\n<p>&nbsp;<\/p>\n","protected":false},"excerpt":{"rendered":"<p>Campe\u00e3o PromodA terceira etapa da SPID CUP 2026 deixou a disputa da ProMod ainda mais aberta. Com 12 carros no grid, confrontos equilibrados e a vit\u00f3ria de Diego Busato, que voltou \u00e0s pistas depois de uma pausa de mais de um ano, a categoria chega \u00e0s pr\u00f3ximas rodadas com a briga pelo campeonato completamente em &hellip;<\/p>\n","protected":false},"author":5,"featured_media":123018,"comment_status":"open","ping_status":"closed","sticky":false,"template":"","format":"standard","meta":{"footnotes":""},"categories":[87],"tags":[],"class_list":["post-123016","post","type-post","status-publish","format-standard","has-post-thumbnail","hentry","category-esporte"],"yoast_head":"<!-- This site is optimized with the Yoast SEO plugin v28.3 - https:\/\/yoast.com\/product\/yoast-seo-wordpress\/ -->\n<title>ProMod deixa disputa pelo t\u00edtulo embolada e aumenta expectativa para reta final da SPID CUP - Ribeir\u00e3o Preto e Regi\u00e3o<\/title>\n<meta name=\"robots\" content=\"index, follow, max-snippet:-1, max-image-preview:large, max-video-preview:-1\" \/>\n<link rel=\"canonical\" href=\"https:\/\/redenoticiaz.com.br\/ribeiraopreto-regiao\/sp\/2026\/09\/01\/promod-deixa-disputa-pelo-titulo-embolada-e-aumenta-expectativa-para-reta-final-da-spid-cup\" \/>\n<meta property=\"og:locale\" content=\"pt_BR\" \/>\n<meta property=\"og:type\" content=\"article\" \/>\n<meta property=\"og:title\" content=\"ProMod deixa disputa pelo t\u00edtulo embolada e aumenta expectativa para reta final da SPID CUP - Ribeir\u00e3o Preto e Regi\u00e3o\" \/>\n<meta property=\"og:description\" content=\"Campe\u00e3o PromodA terceira etapa da SPID CUP 2026 deixou a disputa da ProMod ainda mais aberta. Com 12 carros no grid, confrontos equilibrados e a vit\u00f3ria de Diego Busato, que voltou \u00e0s pistas depois de uma pausa de mais de um ano, a categoria chega \u00e0s pr\u00f3ximas rodadas com a briga pelo campeonato completamente em &hellip;\" \/>\n<meta property=\"og:url\" content=\"https:\/\/redenoticiaz.com.br\/ribeiraopreto-regiao\/sp\/2026\/09\/01\/promod-deixa-disputa-pelo-titulo-embolada-e-aumenta-expectativa-para-reta-final-da-spid-cup\" \/>\n<meta property=\"og:site_name\" content=\"Ribeir\u00e3o Preto e Regi\u00e3o\" \/>\n<meta property=\"article:publisher\" content=\"https:\/\/m.facebook.com\/redenoticiaz.barretos\" \/>\n<meta property=\"article:published_time\" content=\"2026-09-01T18:10:52+00:00\" \/>\n<meta property=\"article:modified_time\" content=\"2026-09-01T18:14:05+00:00\" \/>\n<meta property=\"og:image\" content=\"https:\/\/redenoticiaz.com.br\/ribeiraopreto-regiao\/wp-content\/uploads\/sites\/4\/2026\/09\/campeao-horiz.jpg?v=1788286122\" \/>\n\t<meta property=\"og:image:width\" content=\"1672\" \/>\n\t<meta property=\"og:image:height\" content=\"941\" \/>\n\t<meta property=\"og:image:type\" content=\"image\/jpeg\" \/>\n<meta name=\"author\" content=\"Patr\u00edcia Prado\" \/>\n<meta name=\"twitter:card\" content=\"summary_large_image\" \/>\n<meta name=\"twitter:creator\" content=\"@RN_barretos\" \/>\n<meta name=\"twitter:site\" content=\"@RN_barretos\" \/>\n<meta name=\"twitter:label1\" content=\"Escrito por\" \/>\n\t<meta name=\"twitter:data1\" content=\"Patr\u00edcia Prado\" \/>\n\t<meta name=\"twitter:label2\" content=\"Est. tempo de leitura\" \/>\n\t<meta name=\"twitter:data2\" content=\"6 minutos\" \/>\n<script type=\"application\/ld+json\" class=\"yoast-schema-graph\">{\"@context\":\"https:\\\/\\\/schema.org\",\"@graph\":[{\"@type\":\"Article\",\"@id\":\"https:\\\/\\\/redenoticiaz.com.br\\\/ribeiraopreto-regiao\\\/sp\\\/2026\\\/09\\\/01\\\/promod-deixa-disputa-pelo-titulo-embolada-e-aumenta-expectativa-para-reta-final-da-spid-cup#article\",\"isPartOf\":{\"@id\":\"https:\\\/\\\/redenoticiaz.com.br\\\/ribeiraopreto-regiao\\\/sp\\\/2026\\\/09\\\/01\\\/promod-deixa-disputa-pelo-titulo-embolada-e-aumenta-expectativa-para-reta-final-da-spid-cup\"},\"author\":{\"name\":\"Patr\u00edcia Prado\",\"@id\":\"https:\\\/\\\/redenoticiaz.com.br\\\/ribeiraopreto-regiao\\\/#\\\/schema\\\/person\\\/e1b0bd8c2637e2c1b6ddcbc2c33b116f\"},\"headline\":\"ProMod deixa disputa pelo t\u00edtulo embolada e aumenta expectativa para reta final da SPID CUP\",\"datePublished\":\"2026-09-01T18:10:52+00:00\",\"dateModified\":\"2026-09-01T18:14:05+00:00\",\"mainEntityOfPage\":{\"@id\":\"https:\\\/\\\/redenoticiaz.com.br\\\/ribeiraopreto-regiao\\\/sp\\\/2026\\\/09\\\/01\\\/promod-deixa-disputa-pelo-titulo-embolada-e-aumenta-expectativa-para-reta-final-da-spid-cup\"},\"wordCount\":1007,\"commentCount\":0,\"publisher\":{\"@id\":\"https:\\\/\\\/redenoticiaz.com.br\\\/ribeiraopreto-regiao\\\/#organization\"},\"image\":{\"@id\":\"https:\\\/\\\/redenoticiaz.com.br\\\/ribeiraopreto-regiao\\\/sp\\\/2026\\\/09\\\/01\\\/promod-deixa-disputa-pelo-titulo-embolada-e-aumenta-expectativa-para-reta-final-da-spid-cup#primaryimage\"},\"thumbnailUrl\":\"https:\\\/\\\/redenoticiaz.com.br\\\/ribeiraopreto-regiao\\\/wp-content\\\/uploads\\\/sites\\\/4\\\/2026\\\/09\\\/campeao-horiz.jpg?v=1788286122\",\"articleSection\":[\"Esporte\"],\"inLanguage\":\"pt-BR\",\"potentialAction\":[{\"@type\":\"CommentAction\",\"name\":\"Comment\",\"target\":[\"https:\\\/\\\/redenoticiaz.com.br\\\/ribeiraopreto-regiao\\\/sp\\\/2026\\\/09\\\/01\\\/promod-deixa-disputa-pelo-titulo-embolada-e-aumenta-expectativa-para-reta-final-da-spid-cup#respond\"]}]},{\"@type\":\"WebPage\",\"@id\":\"https:\\\/\\\/redenoticiaz.com.br\\\/ribeiraopreto-regiao\\\/sp\\\/2026\\\/09\\\/01\\\/promod-deixa-disputa-pelo-titulo-embolada-e-aumenta-expectativa-para-reta-final-da-spid-cup\",\"url\":\"https:\\\/\\\/redenoticiaz.com.br\\\/ribeiraopreto-regiao\\\/sp\\\/2026\\\/09\\\/01\\\/promod-deixa-disputa-pelo-titulo-embolada-e-aumenta-expectativa-para-reta-final-da-spid-cup\",\"name\":\"ProMod deixa disputa pelo t\u00edtulo embolada e aumenta expectativa para reta final da SPID CUP - Ribeir\u00e3o Preto e Regi\u00e3o\",\"isPartOf\":{\"@id\":\"https:\\\/\\\/redenoticiaz.com.br\\\/ribeiraopreto-regiao\\\/#website\"},\"primaryImageOfPage\":{\"@id\":\"https:\\\/\\\/redenoticiaz.com.br\\\/ribeiraopreto-regiao\\\/sp\\\/2026\\\/09\\\/01\\\/promod-deixa-disputa-pelo-titulo-embolada-e-aumenta-expectativa-para-reta-final-da-spid-cup#primaryimage\"},\"image\":{\"@id\":\"https:\\\/\\\/redenoticiaz.com.br\\\/ribeiraopreto-regiao\\\/sp\\\/2026\\\/09\\\/01\\\/promod-deixa-disputa-pelo-titulo-embolada-e-aumenta-expectativa-para-reta-final-da-spid-cup#primaryimage\"},\"thumbnailUrl\":\"https:\\\/\\\/redenoticiaz.com.br\\\/ribeiraopreto-regiao\\\/wp-content\\\/uploads\\\/sites\\\/4\\\/2026\\\/09\\\/campeao-horiz.jpg?v=1788286122\",\"datePublished\":\"2026-09-01T18:10:52+00:00\",\"dateModified\":\"2026-09-01T18:14:05+00:00\",\"inLanguage\":\"pt-BR\",\"potentialAction\":[{\"@type\":\"ReadAction\",\"target\":[\"https:\\\/\\\/redenoticiaz.com.br\\\/ribeiraopreto-regiao\\\/sp\\\/2026\\\/09\\\/01\\\/promod-deixa-disputa-pelo-titulo-embolada-e-aumenta-expectativa-para-reta-final-da-spid-cup\"]}]},{\"@type\":\"ImageObject\",\"inLanguage\":\"pt-BR\",\"@id\":\"https:\\\/\\\/redenoticiaz.com.br\\\/ribeiraopreto-regiao\\\/sp\\\/2026\\\/09\\\/01\\\/promod-deixa-disputa-pelo-titulo-embolada-e-aumenta-expectativa-para-reta-final-da-spid-cup#primaryimage\",\"url\":\"https:\\\/\\\/redenoticiaz.com.br\\\/ribeiraopreto-regiao\\\/wp-content\\\/uploads\\\/sites\\\/4\\\/2026\\\/09\\\/campeao-horiz.jpg?v=1788286122\",\"contentUrl\":\"https:\\\/\\\/redenoticiaz.com.br\\\/ribeiraopreto-regiao\\\/wp-content\\\/uploads\\\/sites\\\/4\\\/2026\\\/09\\\/campeao-horiz.jpg?v=1788286122\",\"width\":1672,\"height\":941},{\"@type\":\"WebSite\",\"@id\":\"https:\\\/\\\/redenoticiaz.com.br\\\/ribeiraopreto-regiao\\\/#website\",\"url\":\"https:\\\/\\\/redenoticiaz.com.br\\\/ribeiraopreto-regiao\\\/\",\"name\":\"Ribeir\u00e3o Preto e Regi\u00e3o\",\"description\":\"Rede NoticiaZ - Ribeir\u00e3o Preto e regi\u00e3o\",\"publisher\":{\"@id\":\"https:\\\/\\\/redenoticiaz.com.br\\\/ribeiraopreto-regiao\\\/#organization\"},\"potentialAction\":[{\"@type\":\"SearchAction\",\"target\":{\"@type\":\"EntryPoint\",\"urlTemplate\":\"https:\\\/\\\/redenoticiaz.com.br\\\/ribeiraopreto-regiao\\\/?s={search_term_string}\"},\"query-input\":{\"@type\":\"PropertyValueSpecification\",\"valueRequired\":true,\"valueName\":\"search_term_string\"}}],\"inLanguage\":\"pt-BR\"},{\"@type\":\"Organization\",\"@id\":\"https:\\\/\\\/redenoticiaz.com.br\\\/ribeiraopreto-regiao\\\/#organization\",\"name\":\"Ribeir\u00e3o Preto e Regi\u00e3o\",\"url\":\"https:\\\/\\\/redenoticiaz.com.br\\\/ribeiraopreto-regiao\\\/\",\"logo\":{\"@type\":\"ImageObject\",\"inLanguage\":\"pt-BR\",\"@id\":\"https:\\\/\\\/redenoticiaz.com.br\\\/ribeiraopreto-regiao\\\/#\\\/schema\\\/logo\\\/image\\\/\",\"url\":\"https:\\\/\\\/redenoticiaz.com.br\\\/barretos-regiao\\\/wp-content\\\/uploads\\\/sites\\\/4\\\/2022\\\/02\\\/logo.jpg\",\"contentUrl\":\"https:\\\/\\\/redenoticiaz.com.br\\\/barretos-regiao\\\/wp-content\\\/uploads\\\/sites\\\/4\\\/2022\\\/02\\\/logo.jpg\",\"width\":400,\"height\":250,\"caption\":\"Ribeir\u00e3o Preto e Regi\u00e3o\"},\"image\":{\"@id\":\"https:\\\/\\\/redenoticiaz.com.br\\\/ribeiraopreto-regiao\\\/#\\\/schema\\\/logo\\\/image\\\/\"},\"sameAs\":[\"https:\\\/\\\/m.facebook.com\\\/redenoticiaz.barretos\",\"https:\\\/\\\/x.com\\\/RN_barretos\",\"https:\\\/\\\/www.instagram.com\\\/redenoticiaz.barretos\\\/?igshid=YmMyMTA2M2Y\",\"https:\\\/\\\/www.linkedin.com\\\/company\\\/rede-noticiaz-barretos-e-regio\\\/\"]},{\"@type\":\"Person\",\"@id\":\"https:\\\/\\\/redenoticiaz.com.br\\\/ribeiraopreto-regiao\\\/#\\\/schema\\\/person\\\/e1b0bd8c2637e2c1b6ddcbc2c33b116f\",\"name\":\"Patr\u00edcia Prado\",\"image\":{\"@type\":\"ImageObject\",\"inLanguage\":\"pt-BR\",\"@id\":\"https:\\\/\\\/secure.gravatar.com\\\/avatar\\\/92e358bef22cfcec15e054ae4d9fee04dadf0c772dc4a17b382b8a34a15354c2?s=96&d=mm&r=g\",\"url\":\"https:\\\/\\\/secure.gravatar.com\\\/avatar\\\/92e358bef22cfcec15e054ae4d9fee04dadf0c772dc4a17b382b8a34a15354c2?s=96&d=mm&r=g\",\"contentUrl\":\"https:\\\/\\\/secure.gravatar.com\\\/avatar\\\/92e358bef22cfcec15e054ae4d9fee04dadf0c772dc4a17b382b8a34a15354c2?s=96&d=mm&r=g\",\"caption\":\"Patr\u00edcia Prado\"},\"url\":\"https:\\\/\\\/redenoticiaz.com.br\\\/ribeiraopreto-regiao\\\/sp\\\/author\\\/patricia-prado\"}]}<\/script>\n<!-- \/ Yoast SEO plugin. -->","yoast_head_json":{"title":"ProMod deixa disputa pelo t\u00edtulo embolada e aumenta expectativa para reta final da SPID CUP - Ribeir\u00e3o Preto e Regi\u00e3o","robots":{"index":"index","follow":"follow","max-snippet":"max-snippet:-1","max-image-preview":"max-image-preview:large","max-video-preview":"max-video-preview:-1"},"canonical":"https:\/\/redenoticiaz.com.br\/ribeiraopreto-regiao\/sp\/2026\/09\/01\/promod-deixa-disputa-pelo-titulo-embolada-e-aumenta-expectativa-para-reta-final-da-spid-cup","og_locale":"pt_BR","og_type":"article","og_title":"ProMod deixa disputa pelo t\u00edtulo embolada e aumenta expectativa para reta final da SPID CUP - Ribeir\u00e3o Preto e Regi\u00e3o","og_description":"Campe\u00e3o PromodA terceira etapa da SPID CUP 2026 deixou a disputa da ProMod ainda mais aberta. Com 12 carros no grid, confrontos equilibrados e a vit\u00f3ria de Diego Busato, que voltou \u00e0s pistas depois de uma pausa de mais de um ano, a categoria chega \u00e0s pr\u00f3ximas rodadas com a briga pelo campeonato completamente em &hellip;","og_url":"https:\/\/redenoticiaz.com.br\/ribeiraopreto-regiao\/sp\/2026\/09\/01\/promod-deixa-disputa-pelo-titulo-embolada-e-aumenta-expectativa-para-reta-final-da-spid-cup","og_site_name":"Ribeir\u00e3o Preto e Regi\u00e3o","article_publisher":"https:\/\/m.facebook.com\/redenoticiaz.barretos","article_published_time":"2026-09-01T18:10:52+00:00","article_modified_time":"2026-09-01T18:14:05+00:00","og_image":[{"width":1672,"height":941,"url":"https:\/\/redenoticiaz.com.br\/ribeiraopreto-regiao\/wp-content\/uploads\/sites\/4\/2026\/09\/campeao-horiz.jpg?v=1788286122","type":"image\/jpeg"}],"author":"Patr\u00edcia Prado","twitter_card":"summary_large_image","twitter_creator":"@RN_barretos","twitter_site":"@RN_barretos","twitter_misc":{"Escrito por":"Patr\u00edcia Prado","Est. tempo de leitura":"6 minutos"},"schema":{"@context":"https:\/\/schema.org","@graph":[{"@type":"Article","@id":"https:\/\/redenoticiaz.com.br\/ribeiraopreto-regiao\/sp\/2026\/09\/01\/promod-deixa-disputa-pelo-titulo-embolada-e-aumenta-expectativa-para-reta-final-da-spid-cup#article","isPartOf":{"@id":"https:\/\/redenoticiaz.com.br\/ribeiraopreto-regiao\/sp\/2026\/09\/01\/promod-deixa-disputa-pelo-titulo-embolada-e-aumenta-expectativa-para-reta-final-da-spid-cup"},"author":{"name":"Patr\u00edcia Prado","@id":"https:\/\/redenoticiaz.com.br\/ribeiraopreto-regiao\/#\/schema\/person\/e1b0bd8c2637e2c1b6ddcbc2c33b116f"},"headline":"ProMod deixa disputa pelo t\u00edtulo embolada e aumenta expectativa para reta final da SPID CUP","datePublished":"2026-09-01T18:10:52+00:00","dateModified":"2026-09-01T18:14:05+00:00","mainEntityOfPage":{"@id":"https:\/\/redenoticiaz.com.br\/ribeiraopreto-regiao\/sp\/2026\/09\/01\/promod-deixa-disputa-pelo-titulo-embolada-e-aumenta-expectativa-para-reta-final-da-spid-cup"},"wordCount":1007,"commentCount":0,"publisher":{"@id":"https:\/\/redenoticiaz.com.br\/ribeiraopreto-regiao\/#organization"},"image":{"@id":"https:\/\/redenoticiaz.com.br\/ribeiraopreto-regiao\/sp\/2026\/09\/01\/promod-deixa-disputa-pelo-titulo-embolada-e-aumenta-expectativa-para-reta-final-da-spid-cup#primaryimage"},"thumbnailUrl":"https:\/\/redenoticiaz.com.br\/ribeiraopreto-regiao\/wp-content\/uploads\/sites\/4\/2026\/09\/campeao-horiz.jpg?v=1788286122","articleSection":["Esporte"],"inLanguage":"pt-BR","potentialAction":[{"@type":"CommentAction","name":"Comment","target":["https:\/\/redenoticiaz.com.br\/ribeiraopreto-regiao\/sp\/2026\/09\/01\/promod-deixa-disputa-pelo-titulo-embolada-e-aumenta-expectativa-para-reta-final-da-spid-cup#respond"]}]},{"@type":"WebPage","@id":"https:\/\/redenoticiaz.com.br\/ribeiraopreto-regiao\/sp\/2026\/09\/01\/promod-deixa-disputa-pelo-titulo-embolada-e-aumenta-expectativa-para-reta-final-da-spid-cup","url":"https:\/\/redenoticiaz.com.br\/ribeiraopreto-regiao\/sp\/2026\/09\/01\/promod-deixa-disputa-pelo-titulo-embolada-e-aumenta-expectativa-para-reta-final-da-spid-cup","name":"ProMod deixa disputa pelo t\u00edtulo embolada e aumenta expectativa para reta final da SPID CUP - Ribeir\u00e3o Preto e Regi\u00e3o","isPartOf":{"@id":"https:\/\/redenoticiaz.com.br\/ribeiraopreto-regiao\/#website"},"primaryImageOfPage":{"@id":"https:\/\/redenoticiaz.com.br\/ribeiraopreto-regiao\/sp\/2026\/09\/01\/promod-deixa-disputa-pelo-titulo-embolada-e-aumenta-expectativa-para-reta-final-da-spid-cup#primaryimage"},"image":{"@id":"https:\/\/redenoticiaz.com.br\/ribeiraopreto-regiao\/sp\/2026\/09\/01\/promod-deixa-disputa-pelo-titulo-embolada-e-aumenta-expectativa-para-reta-final-da-spid-cup#primaryimage"},"thumbnailUrl":"https:\/\/redenoticiaz.com.br\/ribeiraopreto-regiao\/wp-content\/uploads\/sites\/4\/2026\/09\/campeao-horiz.jpg?v=1788286122","datePublished":"2026-09-01T18:10:52+00:00","dateModified":"2026-09-01T18:14:05+00:00","inLanguage":"pt-BR","potentialAction":[{"@type":"ReadAction","target":["https:\/\/redenoticiaz.com.br\/ribeiraopreto-regiao\/sp\/2026\/09\/01\/promod-deixa-disputa-pelo-titulo-embolada-e-aumenta-expectativa-para-reta-final-da-spid-cup"]}]},{"@type":"ImageObject","inLanguage":"pt-BR","@id":"https:\/\/redenoticiaz.com.br\/ribeiraopreto-regiao\/sp\/2026\/09\/01\/promod-deixa-disputa-pelo-titulo-embolada-e-aumenta-expectativa-para-reta-final-da-spid-cup#primaryimage","url":"https:\/\/redenoticiaz.com.br\/ribeiraopreto-regiao\/wp-content\/uploads\/sites\/4\/2026\/09\/campeao-horiz.jpg?v=1788286122","contentUrl":"https:\/\/redenoticiaz.com.br\/ribeiraopreto-regiao\/wp-content\/uploads\/sites\/4\/2026\/09\/campeao-horiz.jpg?v=1788286122","width":1672,"height":941},{"@type":"WebSite","@id":"https:\/\/redenoticiaz.com.br\/ribeiraopreto-regiao\/#website","url":"https:\/\/redenoticiaz.com.br\/ribeiraopreto-regiao\/","name":"Ribeir\u00e3o Preto e Regi\u00e3o","description":"Rede NoticiaZ - Ribeir\u00e3o Preto e regi\u00e3o","publisher":{"@id":"https:\/\/redenoticiaz.com.br\/ribeiraopreto-regiao\/#organization"},"potentialAction":[{"@type":"SearchAction","target":{"@type":"EntryPoint","urlTemplate":"https:\/\/redenoticiaz.com.br\/ribeiraopreto-regiao\/?s={search_term_string}"},"query-input":{"@type":"PropertyValueSpecification","valueRequired":true,"valueName":"search_term_string"}}],"inLanguage":"pt-BR"},{"@type":"Organization","@id":"https:\/\/redenoticiaz.com.br\/ribeiraopreto-regiao\/#organization","name":"Ribeir\u00e3o Preto e Regi\u00e3o","url":"https:\/\/redenoticiaz.com.br\/ribeiraopreto-regiao\/","logo":{"@type":"ImageObject","inLanguage":"pt-BR","@id":"https:\/\/redenoticiaz.com.br\/ribeiraopreto-regiao\/#\/schema\/logo\/image\/","url":"https:\/\/redenoticiaz.com.br\/barretos-regiao\/wp-content\/uploads\/sites\/4\/2022\/02\/logo.jpg","contentUrl":"https:\/\/redenoticiaz.com.br\/barretos-regiao\/wp-content\/uploads\/sites\/4\/2022\/02\/logo.jpg","width":400,"height":250,"caption":"Ribeir\u00e3o Preto e Regi\u00e3o"},"image":{"@id":"https:\/\/redenoticiaz.com.br\/ribeiraopreto-regiao\/#\/schema\/logo\/image\/"},"sameAs":["https:\/\/m.facebook.com\/redenoticiaz.barretos","https:\/\/x.com\/RN_barretos","https:\/\/www.instagram.com\/redenoticiaz.barretos\/?igshid=YmMyMTA2M2Y","https:\/\/www.linkedin.com\/company\/rede-noticiaz-barretos-e-regio\/"]},{"@type":"Person","@id":"https:\/\/redenoticiaz.com.br\/ribeiraopreto-regiao\/#\/schema\/person\/e1b0bd8c2637e2c1b6ddcbc2c33b116f","name":"Patr\u00edcia Prado","image":{"@type":"ImageObject","inLanguage":"pt-BR","@id":"https:\/\/secure.gravatar.com\/avatar\/92e358bef22cfcec15e054ae4d9fee04dadf0c772dc4a17b382b8a34a15354c2?s=96&d=mm&r=g","url":"https:\/\/secure.gravatar.com\/avatar\/92e358bef22cfcec15e054ae4d9fee04dadf0c772dc4a17b382b8a34a15354c2?s=96&d=mm&r=g","contentUrl":"https:\/\/secure.gravatar.com\/avatar\/92e358bef22cfcec15e054ae4d9fee04dadf0c772dc4a17b382b8a34a15354c2?s=96&d=mm&r=g","caption":"Patr\u00edcia Prado"},"url":"https:\/\/redenoticiaz.com.br\/ribeiraopreto-regiao\/sp\/author\/patricia-prado"}]}},"_links":{"self":[{"href":"https:\/\/redenoticiaz.com.br\/ribeiraopreto-regiao\/wp-json\/wp\/v2\/posts\/123016","targetHints":{"allow":["GET"]}}],"collection":[{"href":"https:\/\/redenoticiaz.com.br\/ribeiraopreto-regiao\/wp-json\/wp\/v2\/posts"}],"about":[{"href":"https:\/\/redenoticiaz.com.br\/ribeiraopreto-regiao\/wp-json\/wp\/v2\/types\/post"}],"author":[{"embeddable":true,"href":"https:\/\/redenoticiaz.com.br\/ribeiraopreto-regiao\/wp-json\/wp\/v2\/users\/5"}],"replies":[{"embeddable":true,"href":"https:\/\/redenoticiaz.com.br\/ribeiraopreto-regiao\/wp-json\/wp\/v2\/comments?post=123016"}],"version-history":[{"count":1,"href":"https:\/\/redenoticiaz.com.br\/ribeiraopreto-regiao\/wp-json\/wp\/v2\/posts\/123016\/revisions"}],"predecessor-version":[{"id":123019,"href":"https:\/\/redenoticiaz.com.br\/ribeiraopreto-regiao\/wp-json\/wp\/v2\/posts\/123016\/revisions\/123019"}],"wp:featuredmedia":[{"embeddable":true,"href":"https:\/\/redenoticiaz.com.br\/ribeiraopreto-regiao\/wp-json\/wp\/v2\/media\/123018"}],"wp:attachment":[{"href":"https:\/\/redenoticiaz.com.br\/ribeiraopreto-regiao\/wp-json\/wp\/v2\/media?parent=123016"}],"wp:term":[{"taxonomy":"category","embeddable":true,"href":"https:\/\/redenoticiaz.com.br\/ribeiraopreto-regiao\/wp-json\/wp\/v2\/categories?post=123016"},{"taxonomy":"post_tag","embeddable":true,"href":"https:\/\/redenoticiaz.com.br\/ribeiraopreto-regiao\/wp-json\/wp\/v2\/tags?post=123016"}],"curies":[{"name":"wp","href":"https:\/\/api.w.org\/{rel}","templated":true}]}}