{"id":123020,"date":"2026-09-01T15:17:13","date_gmt":"2026-09-01T18:17:13","guid":{"rendered":"https:\/\/redenoticiaz.com.br\/ribeiraopreto-regiao\/sp\/2026\/09\/01\/prefeitura-de-ribeirao-preto-inicia-construcao-de-1-521-moradias-no-residencial-vida-nova-ribeirao-scodro-i"},"modified":"2026-09-01T15:17:13","modified_gmt":"2026-09-01T18:17:13","slug":"prefeitura-de-ribeirao-preto-inicia-construcao-de-1-521-moradias-no-residencial-vida-nova-ribeirao-scodro-i","status":"publish","type":"post","link":"https:\/\/redenoticiaz.com.br\/ribeiraopreto-regiao\/sp\/2026\/09\/01\/prefeitura-de-ribeirao-preto-inicia-construcao-de-1-521-moradias-no-residencial-vida-nova-ribeirao-scodro-i","title":{"rendered":"Prefeitura de Ribeir\u00e3o Preto inicia constru\u00e7\u00e3o de 1.521 moradias no Residencial Vida Nova Ribeir\u00e3o Scodro I"},"content":{"rendered":"<p>A Prefeitura de Ribeir\u00e3o Preto anunciou a constru\u00e7\u00e3o de 1.521 novas moradias no munic\u00edpio, com o empreendimento Residencial Vida Nova Ribeir\u00e3o Scodro I, que ser\u00e1 instalado na continuidade do Jardim Cristo Redentor, durante cerim\u00f4nia no Centro Administrativo \u201cPrefeito Jos\u00e9 de Magalh\u00e3es\u201d. O evento contou com a participa\u00e7\u00e3o do Secret\u00e1rio Nacional de Habita\u00e7\u00e3o, Augusto Henrique Alves Rabelo, do Diretor de Neg\u00f3cios da Pacaembu Construtora, Fred Escobar, e do presidente da c\u00e2mara municipal, Daniel Gobbi, entre outros representantes.<\/p>\n<p>Essa iniciativa \u00e9 resultado de uma colabora\u00e7\u00e3o entre a Prefeitura de Ribeir\u00e3o Preto, o Governo Federal, por meio do programa Minha Casa, Minha Vida, a Caixa Econ\u00f4mica Federal e a Pacaembu Construtora. O projeto requer um investimento que supera R$ 334 milh\u00f5es e \u00e9 esperado que gere mais de 4.700 empregos diretos e indiretos ao longo da obra, contribuindo para o crescimento econ\u00f4mico da regi\u00e3o e aumentando a oferta de moradias para a popula\u00e7\u00e3o local.<\/p>\n<p>O prefeito Ricardo Silva ressaltou a import\u00e2ncia do projeto: \u201cEste \u00e9 mais um passo importante para ampliar o acesso \u00e0 moradia e garantir que Ribeir\u00e3o Preto continue crescendo de forma planejada. Estamos falando de mais de 1.500 novas fam\u00edlias que ter\u00e3o a oportunidade de conquistar a casa pr\u00f3pria, al\u00e9m da gera\u00e7\u00e3o de milhares de empregos e de investimentos que movimentam a economia da nossa cidade.\u201d<\/p>\n<p>O novo residencial ocupar\u00e1 uma \u00e1rea superior a 657 mil metros quadrados, com casas n\u00e3o geminadas, com terrenos a partir de 144 metros quadrados e 44,90 metros quadrados de \u00e1rea constru\u00edda, contendo dois dormit\u00f3rios, sala, cozinha, banheiro, \u00e1rea de servi\u00e7o coberta e quintal.<\/p>\n<p>Al\u00e9m das moradias, o projeto incluir\u00e1 uma infraestrutura completa, com sistemas de abastecimento de \u00e1gua, esgotamento sanit\u00e1rio, drenagem, energia el\u00e9trica, ilumina\u00e7\u00e3o p\u00fablica, al\u00e9m de pisos, paisagismo, acessibilidade e sinaliza\u00e7\u00e3o vi\u00e1ria. Ser\u00e3o tamb\u00e9m implementadas \u00e1reas de lazer, com quadras poliesportivas, playgrounds, uma academia ao ar livre, \u00e1reas de conviv\u00eancia e mais de 87 mil metros quadrados de \u00e1reas verdes.<\/p>\n<p>Fred Escobar, da Pacaembu Construtora, comentou sobre a relev\u00e2ncia do empreendimento: \u201cEsse lan\u00e7amento tem um significado especial porque representa a continuidade de um trabalho iniciado pela Pacaembu h\u00e1 alguns anos. Estamos ampliando uma regi\u00e3o que j\u00e1 recebeu um dos maiores projetos habitacionais da nossa hist\u00f3ria, com 6.991 casas entregues no Jardim Cristo Redentor, e agora avan\u00e7amos com mais 1.521 moradias, novas conex\u00f5es vi\u00e1rias e equipamentos p\u00fablicos.\u201d<\/p>\n","protected":false},"excerpt":{"rendered":"<p>A Prefeitura de Ribeir\u00e3o Preto anunciou a constru\u00e7\u00e3o de 1.521 novas moradias no munic\u00edpio, com o empreendimento Residencial Vida Nova Ribeir\u00e3o Scodro I, que ser\u00e1 instalado na continuidade do Jardim Cristo Redentor, durante cerim\u00f4nia no Centro Administrativo \u201cPrefeito Jos\u00e9 de Magalh\u00e3es\u201d. O evento contou com a participa\u00e7\u00e3o do Secret\u00e1rio Nacional de Habita\u00e7\u00e3o, Augusto Henrique Alves &hellip;<\/p>\n","protected":false},"author":5,"featured_media":123021,"comment_status":"open","ping_status":"closed","sticky":false,"template":"","format":"standard","meta":{"footnotes":""},"categories":[101,29902,12346,186,31500,20009],"tags":[],"class_list":["post-123020","post","type-post","status-publish","format-standard","has-post-thumbnail","hentry","category-economia","category-emprego","category-habitacao","category-politica","category-ribeirao-preto","category-variedades"],"yoast_head":"<!-- This site is optimized with the Yoast SEO plugin v28.3 - https:\/\/yoast.com\/product\/yoast-seo-wordpress\/ -->\n<title>Prefeitura de Ribeir\u00e3o Preto inicia constru\u00e7\u00e3o de 1.521 moradias no Residencial Vida Nova Ribeir\u00e3o Scodro I - Ribeir\u00e3o Preto e Regi\u00e3o<\/title>\n<meta name=\"robots\" content=\"index, follow, max-snippet:-1, max-image-preview:large, max-video-preview:-1\" \/>\n<link rel=\"canonical\" href=\"https:\/\/redenoticiaz.com.br\/ribeiraopreto-regiao\/sp\/2026\/09\/01\/prefeitura-de-ribeirao-preto-inicia-construcao-de-1-521-moradias-no-residencial-vida-nova-ribeirao-scodro-i\" \/>\n<meta property=\"og:locale\" content=\"pt_BR\" \/>\n<meta property=\"og:type\" content=\"article\" \/>\n<meta property=\"og:title\" content=\"Prefeitura de Ribeir\u00e3o Preto inicia constru\u00e7\u00e3o de 1.521 moradias no Residencial Vida Nova Ribeir\u00e3o Scodro I - Ribeir\u00e3o Preto e Regi\u00e3o\" \/>\n<meta property=\"og:description\" content=\"A Prefeitura de Ribeir\u00e3o Preto anunciou a constru\u00e7\u00e3o de 1.521 novas moradias no munic\u00edpio, com o empreendimento Residencial Vida Nova Ribeir\u00e3o Scodro I, que ser\u00e1 instalado na continuidade do Jardim Cristo Redentor, durante cerim\u00f4nia no Centro Administrativo \u201cPrefeito Jos\u00e9 de Magalh\u00e3es\u201d. O evento contou com a participa\u00e7\u00e3o do Secret\u00e1rio Nacional de Habita\u00e7\u00e3o, Augusto Henrique Alves &hellip;\" \/>\n<meta property=\"og:url\" content=\"https:\/\/redenoticiaz.com.br\/ribeiraopreto-regiao\/sp\/2026\/09\/01\/prefeitura-de-ribeirao-preto-inicia-construcao-de-1-521-moradias-no-residencial-vida-nova-ribeirao-scodro-i\" \/>\n<meta property=\"og:site_name\" content=\"Ribeir\u00e3o Preto e Regi\u00e3o\" \/>\n<meta property=\"article:publisher\" content=\"https:\/\/m.facebook.com\/redenoticiaz.barretos\" \/>\n<meta property=\"article:published_time\" content=\"2026-09-01T18:17:13+00:00\" \/>\n<meta property=\"og:image\" content=\"https:\/\/redenoticiaz.com.br\/ribeiraopreto-regiao\/wp-content\/uploads\/sites\/4\/2022\/02\/logo.jpg\" \/>\n\t<meta property=\"og:image:width\" content=\"400\" \/>\n\t<meta property=\"og:image:height\" content=\"250\" \/>\n\t<meta property=\"og:image:type\" content=\"image\/jpeg\" \/>\n<meta name=\"author\" content=\"Patr\u00edcia Prado\" \/>\n<meta name=\"twitter:card\" content=\"summary_large_image\" \/>\n<meta name=\"twitter:creator\" content=\"@RN_barretos\" \/>\n<meta name=\"twitter:site\" content=\"@RN_barretos\" \/>\n<meta name=\"twitter:label1\" content=\"Escrito por\" \/>\n\t<meta name=\"twitter:data1\" content=\"Patr\u00edcia Prado\" \/>\n\t<meta name=\"twitter:label2\" content=\"Est. tempo de leitura\" \/>\n\t<meta name=\"twitter:data2\" content=\"2 minutos\" \/>\n<script type=\"application\/ld+json\" class=\"yoast-schema-graph\">{\"@context\":\"https:\\\/\\\/schema.org\",\"@graph\":[{\"@type\":\"Article\",\"@id\":\"https:\\\/\\\/redenoticiaz.com.br\\\/ribeiraopreto-regiao\\\/sp\\\/2026\\\/09\\\/01\\\/prefeitura-de-ribeirao-preto-inicia-construcao-de-1-521-moradias-no-residencial-vida-nova-ribeirao-scodro-i#article\",\"isPartOf\":{\"@id\":\"https:\\\/\\\/redenoticiaz.com.br\\\/ribeiraopreto-regiao\\\/sp\\\/2026\\\/09\\\/01\\\/prefeitura-de-ribeirao-preto-inicia-construcao-de-1-521-moradias-no-residencial-vida-nova-ribeirao-scodro-i\"},\"author\":{\"name\":\"Patr\u00edcia Prado\",\"@id\":\"https:\\\/\\\/redenoticiaz.com.br\\\/ribeiraopreto-regiao\\\/#\\\/schema\\\/person\\\/e1b0bd8c2637e2c1b6ddcbc2c33b116f\"},\"headline\":\"Prefeitura de Ribeir\u00e3o Preto inicia constru\u00e7\u00e3o de 1.521 moradias no Residencial Vida Nova Ribeir\u00e3o Scodro I\",\"datePublished\":\"2026-09-01T18:17:13+00:00\",\"mainEntityOfPage\":{\"@id\":\"https:\\\/\\\/redenoticiaz.com.br\\\/ribeiraopreto-regiao\\\/sp\\\/2026\\\/09\\\/01\\\/prefeitura-de-ribeirao-preto-inicia-construcao-de-1-521-moradias-no-residencial-vida-nova-ribeirao-scodro-i\"},\"wordCount\":435,\"commentCount\":0,\"publisher\":{\"@id\":\"https:\\\/\\\/redenoticiaz.com.br\\\/ribeiraopreto-regiao\\\/#organization\"},\"image\":{\"@id\":\"https:\\\/\\\/redenoticiaz.com.br\\\/ribeiraopreto-regiao\\\/sp\\\/2026\\\/09\\\/01\\\/prefeitura-de-ribeirao-preto-inicia-construcao-de-1-521-moradias-no-residencial-vida-nova-ribeirao-scodro-i#primaryimage\"},\"thumbnailUrl\":\"https:\\\/\\\/redenoticiaz.com.br\\\/ribeiraopreto-regiao\\\/wp-content\\\/uploads\\\/sites\\\/4\\\/2026\\\/09\\\/residencial_vida_nova_scodro_-_foto_guilherme_sircili_0.jpg\",\"articleSection\":[\"Economia\",\"Emprego\",\"Habita\u00e7\u00e3o\",\"Pol\u00edtica\",\"Ribeir\u00e3o Preto\",\"Variedades\"],\"inLanguage\":\"pt-BR\",\"potentialAction\":[{\"@type\":\"CommentAction\",\"name\":\"Comment\",\"target\":[\"https:\\\/\\\/redenoticiaz.com.br\\\/ribeiraopreto-regiao\\\/sp\\\/2026\\\/09\\\/01\\\/prefeitura-de-ribeirao-preto-inicia-construcao-de-1-521-moradias-no-residencial-vida-nova-ribeirao-scodro-i#respond\"]}]},{\"@type\":\"WebPage\",\"@id\":\"https:\\\/\\\/redenoticiaz.com.br\\\/ribeiraopreto-regiao\\\/sp\\\/2026\\\/09\\\/01\\\/prefeitura-de-ribeirao-preto-inicia-construcao-de-1-521-moradias-no-residencial-vida-nova-ribeirao-scodro-i\",\"url\":\"https:\\\/\\\/redenoticiaz.com.br\\\/ribeiraopreto-regiao\\\/sp\\\/2026\\\/09\\\/01\\\/prefeitura-de-ribeirao-preto-inicia-construcao-de-1-521-moradias-no-residencial-vida-nova-ribeirao-scodro-i\",\"name\":\"Prefeitura de Ribeir\u00e3o Preto inicia constru\u00e7\u00e3o de 1.521 moradias no Residencial Vida Nova Ribeir\u00e3o Scodro I - Ribeir\u00e3o Preto e Regi\u00e3o\",\"isPartOf\":{\"@id\":\"https:\\\/\\\/redenoticiaz.com.br\\\/ribeiraopreto-regiao\\\/#website\"},\"primaryImageOfPage\":{\"@id\":\"https:\\\/\\\/redenoticiaz.com.br\\\/ribeiraopreto-regiao\\\/sp\\\/2026\\\/09\\\/01\\\/prefeitura-de-ribeirao-preto-inicia-construcao-de-1-521-moradias-no-residencial-vida-nova-ribeirao-scodro-i#primaryimage\"},\"image\":{\"@id\":\"https:\\\/\\\/redenoticiaz.com.br\\\/ribeiraopreto-regiao\\\/sp\\\/2026\\\/09\\\/01\\\/prefeitura-de-ribeirao-preto-inicia-construcao-de-1-521-moradias-no-residencial-vida-nova-ribeirao-scodro-i#primaryimage\"},\"thumbnailUrl\":\"https:\\\/\\\/redenoticiaz.com.br\\\/ribeiraopreto-regiao\\\/wp-content\\\/uploads\\\/sites\\\/4\\\/2026\\\/09\\\/residencial_vida_nova_scodro_-_foto_guilherme_sircili_0.jpg\",\"datePublished\":\"2026-09-01T18:17:13+00:00\",\"inLanguage\":\"pt-BR\",\"potentialAction\":[{\"@type\":\"ReadAction\",\"target\":[\"https:\\\/\\\/redenoticiaz.com.br\\\/ribeiraopreto-regiao\\\/sp\\\/2026\\\/09\\\/01\\\/prefeitura-de-ribeirao-preto-inicia-construcao-de-1-521-moradias-no-residencial-vida-nova-ribeirao-scodro-i\"]}]},{\"@type\":\"ImageObject\",\"inLanguage\":\"pt-BR\",\"@id\":\"https:\\\/\\\/redenoticiaz.com.br\\\/ribeiraopreto-regiao\\\/sp\\\/2026\\\/09\\\/01\\\/prefeitura-de-ribeirao-preto-inicia-construcao-de-1-521-moradias-no-residencial-vida-nova-ribeirao-scodro-i#primaryimage\",\"url\":\"https:\\\/\\\/redenoticiaz.com.br\\\/ribeiraopreto-regiao\\\/wp-content\\\/uploads\\\/sites\\\/4\\\/2026\\\/09\\\/residencial_vida_nova_scodro_-_foto_guilherme_sircili_0.jpg\",\"contentUrl\":\"https:\\\/\\\/redenoticiaz.com.br\\\/ribeiraopreto-regiao\\\/wp-content\\\/uploads\\\/sites\\\/4\\\/2026\\\/09\\\/residencial_vida_nova_scodro_-_foto_guilherme_sircili_0.jpg\",\"width\":1619,\"height\":1080},{\"@type\":\"WebSite\",\"@id\":\"https:\\\/\\\/redenoticiaz.com.br\\\/ribeiraopreto-regiao\\\/#website\",\"url\":\"https:\\\/\\\/redenoticiaz.com.br\\\/ribeiraopreto-regiao\\\/\",\"name\":\"Ribeir\u00e3o Preto e Regi\u00e3o\",\"description\":\"Rede NoticiaZ - Ribeir\u00e3o Preto e regi\u00e3o\",\"publisher\":{\"@id\":\"https:\\\/\\\/redenoticiaz.com.br\\\/ribeiraopreto-regiao\\\/#organization\"},\"potentialAction\":[{\"@type\":\"SearchAction\",\"target\":{\"@type\":\"EntryPoint\",\"urlTemplate\":\"https:\\\/\\\/redenoticiaz.com.br\\\/ribeiraopreto-regiao\\\/?s={search_term_string}\"},\"query-input\":{\"@type\":\"PropertyValueSpecification\",\"valueRequired\":true,\"valueName\":\"search_term_string\"}}],\"inLanguage\":\"pt-BR\"},{\"@type\":\"Organization\",\"@id\":\"https:\\\/\\\/redenoticiaz.com.br\\\/ribeiraopreto-regiao\\\/#organization\",\"name\":\"Ribeir\u00e3o Preto e Regi\u00e3o\",\"url\":\"https:\\\/\\\/redenoticiaz.com.br\\\/ribeiraopreto-regiao\\\/\",\"logo\":{\"@type\":\"ImageObject\",\"inLanguage\":\"pt-BR\",\"@id\":\"https:\\\/\\\/redenoticiaz.com.br\\\/ribeiraopreto-regiao\\\/#\\\/schema\\\/logo\\\/image\\\/\",\"url\":\"https:\\\/\\\/redenoticiaz.com.br\\\/barretos-regiao\\\/wp-content\\\/uploads\\\/sites\\\/4\\\/2022\\\/02\\\/logo.jpg\",\"contentUrl\":\"https:\\\/\\\/redenoticiaz.com.br\\\/barretos-regiao\\\/wp-content\\\/uploads\\\/sites\\\/4\\\/2022\\\/02\\\/logo.jpg\",\"width\":400,\"height\":250,\"caption\":\"Ribeir\u00e3o Preto e Regi\u00e3o\"},\"image\":{\"@id\":\"https:\\\/\\\/redenoticiaz.com.br\\\/ribeiraopreto-regiao\\\/#\\\/schema\\\/logo\\\/image\\\/\"},\"sameAs\":[\"https:\\\/\\\/m.facebook.com\\\/redenoticiaz.barretos\",\"https:\\\/\\\/x.com\\\/RN_barretos\",\"https:\\\/\\\/www.instagram.com\\\/redenoticiaz.barretos\\\/?igshid=YmMyMTA2M2Y\",\"https:\\\/\\\/www.linkedin.com\\\/company\\\/rede-noticiaz-barretos-e-regio\\\/\"]},{\"@type\":\"Person\",\"@id\":\"https:\\\/\\\/redenoticiaz.com.br\\\/ribeiraopreto-regiao\\\/#\\\/schema\\\/person\\\/e1b0bd8c2637e2c1b6ddcbc2c33b116f\",\"name\":\"Patr\u00edcia Prado\",\"image\":{\"@type\":\"ImageObject\",\"inLanguage\":\"pt-BR\",\"@id\":\"https:\\\/\\\/secure.gravatar.com\\\/avatar\\\/92e358bef22cfcec15e054ae4d9fee04dadf0c772dc4a17b382b8a34a15354c2?s=96&d=mm&r=g\",\"url\":\"https:\\\/\\\/secure.gravatar.com\\\/avatar\\\/92e358bef22cfcec15e054ae4d9fee04dadf0c772dc4a17b382b8a34a15354c2?s=96&d=mm&r=g\",\"contentUrl\":\"https:\\\/\\\/secure.gravatar.com\\\/avatar\\\/92e358bef22cfcec15e054ae4d9fee04dadf0c772dc4a17b382b8a34a15354c2?s=96&d=mm&r=g\",\"caption\":\"Patr\u00edcia Prado\"},\"url\":\"https:\\\/\\\/redenoticiaz.com.br\\\/ribeiraopreto-regiao\\\/sp\\\/author\\\/patricia-prado\"}]}<\/script>\n<!-- \/ Yoast SEO plugin. -->","yoast_head_json":{"title":"Prefeitura de Ribeir\u00e3o Preto inicia constru\u00e7\u00e3o de 1.521 moradias no Residencial Vida Nova Ribeir\u00e3o Scodro I - Ribeir\u00e3o Preto e Regi\u00e3o","robots":{"index":"index","follow":"follow","max-snippet":"max-snippet:-1","max-image-preview":"max-image-preview:large","max-video-preview":"max-video-preview:-1"},"canonical":"https:\/\/redenoticiaz.com.br\/ribeiraopreto-regiao\/sp\/2026\/09\/01\/prefeitura-de-ribeirao-preto-inicia-construcao-de-1-521-moradias-no-residencial-vida-nova-ribeirao-scodro-i","og_locale":"pt_BR","og_type":"article","og_title":"Prefeitura de Ribeir\u00e3o Preto inicia constru\u00e7\u00e3o de 1.521 moradias no Residencial Vida Nova Ribeir\u00e3o Scodro I - Ribeir\u00e3o Preto e Regi\u00e3o","og_description":"A Prefeitura de Ribeir\u00e3o Preto anunciou a constru\u00e7\u00e3o de 1.521 novas moradias no munic\u00edpio, com o empreendimento Residencial Vida Nova Ribeir\u00e3o Scodro I, que ser\u00e1 instalado na continuidade do Jardim Cristo Redentor, durante cerim\u00f4nia no Centro Administrativo \u201cPrefeito Jos\u00e9 de Magalh\u00e3es\u201d. O evento contou com a participa\u00e7\u00e3o do Secret\u00e1rio Nacional de Habita\u00e7\u00e3o, Augusto Henrique Alves &hellip;","og_url":"https:\/\/redenoticiaz.com.br\/ribeiraopreto-regiao\/sp\/2026\/09\/01\/prefeitura-de-ribeirao-preto-inicia-construcao-de-1-521-moradias-no-residencial-vida-nova-ribeirao-scodro-i","og_site_name":"Ribeir\u00e3o Preto e Regi\u00e3o","article_publisher":"https:\/\/m.facebook.com\/redenoticiaz.barretos","article_published_time":"2026-09-01T18:17:13+00:00","og_image":[{"width":400,"height":250,"url":"https:\/\/redenoticiaz.com.br\/ribeiraopreto-regiao\/wp-content\/uploads\/sites\/4\/2022\/02\/logo.jpg","type":"image\/jpeg"}],"author":"Patr\u00edcia Prado","twitter_card":"summary_large_image","twitter_creator":"@RN_barretos","twitter_site":"@RN_barretos","twitter_misc":{"Escrito por":"Patr\u00edcia Prado","Est. tempo de leitura":"2 minutos"},"schema":{"@context":"https:\/\/schema.org","@graph":[{"@type":"Article","@id":"https:\/\/redenoticiaz.com.br\/ribeiraopreto-regiao\/sp\/2026\/09\/01\/prefeitura-de-ribeirao-preto-inicia-construcao-de-1-521-moradias-no-residencial-vida-nova-ribeirao-scodro-i#article","isPartOf":{"@id":"https:\/\/redenoticiaz.com.br\/ribeiraopreto-regiao\/sp\/2026\/09\/01\/prefeitura-de-ribeirao-preto-inicia-construcao-de-1-521-moradias-no-residencial-vida-nova-ribeirao-scodro-i"},"author":{"name":"Patr\u00edcia Prado","@id":"https:\/\/redenoticiaz.com.br\/ribeiraopreto-regiao\/#\/schema\/person\/e1b0bd8c2637e2c1b6ddcbc2c33b116f"},"headline":"Prefeitura de Ribeir\u00e3o Preto inicia constru\u00e7\u00e3o de 1.521 moradias no Residencial Vida Nova Ribeir\u00e3o Scodro I","datePublished":"2026-09-01T18:17:13+00:00","mainEntityOfPage":{"@id":"https:\/\/redenoticiaz.com.br\/ribeiraopreto-regiao\/sp\/2026\/09\/01\/prefeitura-de-ribeirao-preto-inicia-construcao-de-1-521-moradias-no-residencial-vida-nova-ribeirao-scodro-i"},"wordCount":435,"commentCount":0,"publisher":{"@id":"https:\/\/redenoticiaz.com.br\/ribeiraopreto-regiao\/#organization"},"image":{"@id":"https:\/\/redenoticiaz.com.br\/ribeiraopreto-regiao\/sp\/2026\/09\/01\/prefeitura-de-ribeirao-preto-inicia-construcao-de-1-521-moradias-no-residencial-vida-nova-ribeirao-scodro-i#primaryimage"},"thumbnailUrl":"https:\/\/redenoticiaz.com.br\/ribeiraopreto-regiao\/wp-content\/uploads\/sites\/4\/2026\/09\/residencial_vida_nova_scodro_-_foto_guilherme_sircili_0.jpg","articleSection":["Economia","Emprego","Habita\u00e7\u00e3o","Pol\u00edtica","Ribeir\u00e3o Preto","Variedades"],"inLanguage":"pt-BR","potentialAction":[{"@type":"CommentAction","name":"Comment","target":["https:\/\/redenoticiaz.com.br\/ribeiraopreto-regiao\/sp\/2026\/09\/01\/prefeitura-de-ribeirao-preto-inicia-construcao-de-1-521-moradias-no-residencial-vida-nova-ribeirao-scodro-i#respond"]}]},{"@type":"WebPage","@id":"https:\/\/redenoticiaz.com.br\/ribeiraopreto-regiao\/sp\/2026\/09\/01\/prefeitura-de-ribeirao-preto-inicia-construcao-de-1-521-moradias-no-residencial-vida-nova-ribeirao-scodro-i","url":"https:\/\/redenoticiaz.com.br\/ribeiraopreto-regiao\/sp\/2026\/09\/01\/prefeitura-de-ribeirao-preto-inicia-construcao-de-1-521-moradias-no-residencial-vida-nova-ribeirao-scodro-i","name":"Prefeitura de Ribeir\u00e3o Preto inicia constru\u00e7\u00e3o de 1.521 moradias no Residencial Vida Nova Ribeir\u00e3o Scodro I - Ribeir\u00e3o Preto e Regi\u00e3o","isPartOf":{"@id":"https:\/\/redenoticiaz.com.br\/ribeiraopreto-regiao\/#website"},"primaryImageOfPage":{"@id":"https:\/\/redenoticiaz.com.br\/ribeiraopreto-regiao\/sp\/2026\/09\/01\/prefeitura-de-ribeirao-preto-inicia-construcao-de-1-521-moradias-no-residencial-vida-nova-ribeirao-scodro-i#primaryimage"},"image":{"@id":"https:\/\/redenoticiaz.com.br\/ribeiraopreto-regiao\/sp\/2026\/09\/01\/prefeitura-de-ribeirao-preto-inicia-construcao-de-1-521-moradias-no-residencial-vida-nova-ribeirao-scodro-i#primaryimage"},"thumbnailUrl":"https:\/\/redenoticiaz.com.br\/ribeiraopreto-regiao\/wp-content\/uploads\/sites\/4\/2026\/09\/residencial_vida_nova_scodro_-_foto_guilherme_sircili_0.jpg","datePublished":"2026-09-01T18:17:13+00:00","inLanguage":"pt-BR","potentialAction":[{"@type":"ReadAction","target":["https:\/\/redenoticiaz.com.br\/ribeiraopreto-regiao\/sp\/2026\/09\/01\/prefeitura-de-ribeirao-preto-inicia-construcao-de-1-521-moradias-no-residencial-vida-nova-ribeirao-scodro-i"]}]},{"@type":"ImageObject","inLanguage":"pt-BR","@id":"https:\/\/redenoticiaz.com.br\/ribeiraopreto-regiao\/sp\/2026\/09\/01\/prefeitura-de-ribeirao-preto-inicia-construcao-de-1-521-moradias-no-residencial-vida-nova-ribeirao-scodro-i#primaryimage","url":"https:\/\/redenoticiaz.com.br\/ribeiraopreto-regiao\/wp-content\/uploads\/sites\/4\/2026\/09\/residencial_vida_nova_scodro_-_foto_guilherme_sircili_0.jpg","contentUrl":"https:\/\/redenoticiaz.com.br\/ribeiraopreto-regiao\/wp-content\/uploads\/sites\/4\/2026\/09\/residencial_vida_nova_scodro_-_foto_guilherme_sircili_0.jpg","width":1619,"height":1080},{"@type":"WebSite","@id":"https:\/\/redenoticiaz.com.br\/ribeiraopreto-regiao\/#website","url":"https:\/\/redenoticiaz.com.br\/ribeiraopreto-regiao\/","name":"Ribeir\u00e3o Preto e Regi\u00e3o","description":"Rede NoticiaZ - Ribeir\u00e3o Preto e regi\u00e3o","publisher":{"@id":"https:\/\/redenoticiaz.com.br\/ribeiraopreto-regiao\/#organization"},"potentialAction":[{"@type":"SearchAction","target":{"@type":"EntryPoint","urlTemplate":"https:\/\/redenoticiaz.com.br\/ribeiraopreto-regiao\/?s={search_term_string}"},"query-input":{"@type":"PropertyValueSpecification","valueRequired":true,"valueName":"search_term_string"}}],"inLanguage":"pt-BR"},{"@type":"Organization","@id":"https:\/\/redenoticiaz.com.br\/ribeiraopreto-regiao\/#organization","name":"Ribeir\u00e3o Preto e Regi\u00e3o","url":"https:\/\/redenoticiaz.com.br\/ribeiraopreto-regiao\/","logo":{"@type":"ImageObject","inLanguage":"pt-BR","@id":"https:\/\/redenoticiaz.com.br\/ribeiraopreto-regiao\/#\/schema\/logo\/image\/","url":"https:\/\/redenoticiaz.com.br\/barretos-regiao\/wp-content\/uploads\/sites\/4\/2022\/02\/logo.jpg","contentUrl":"https:\/\/redenoticiaz.com.br\/barretos-regiao\/wp-content\/uploads\/sites\/4\/2022\/02\/logo.jpg","width":400,"height":250,"caption":"Ribeir\u00e3o Preto e Regi\u00e3o"},"image":{"@id":"https:\/\/redenoticiaz.com.br\/ribeiraopreto-regiao\/#\/schema\/logo\/image\/"},"sameAs":["https:\/\/m.facebook.com\/redenoticiaz.barretos","https:\/\/x.com\/RN_barretos","https:\/\/www.instagram.com\/redenoticiaz.barretos\/?igshid=YmMyMTA2M2Y","https:\/\/www.linkedin.com\/company\/rede-noticiaz-barretos-e-regio\/"]},{"@type":"Person","@id":"https:\/\/redenoticiaz.com.br\/ribeiraopreto-regiao\/#\/schema\/person\/e1b0bd8c2637e2c1b6ddcbc2c33b116f","name":"Patr\u00edcia Prado","image":{"@type":"ImageObject","inLanguage":"pt-BR","@id":"https:\/\/secure.gravatar.com\/avatar\/92e358bef22cfcec15e054ae4d9fee04dadf0c772dc4a17b382b8a34a15354c2?s=96&d=mm&r=g","url":"https:\/\/secure.gravatar.com\/avatar\/92e358bef22cfcec15e054ae4d9fee04dadf0c772dc4a17b382b8a34a15354c2?s=96&d=mm&r=g","contentUrl":"https:\/\/secure.gravatar.com\/avatar\/92e358bef22cfcec15e054ae4d9fee04dadf0c772dc4a17b382b8a34a15354c2?s=96&d=mm&r=g","caption":"Patr\u00edcia Prado"},"url":"https:\/\/redenoticiaz.com.br\/ribeiraopreto-regiao\/sp\/author\/patricia-prado"}]}},"_links":{"self":[{"href":"https:\/\/redenoticiaz.com.br\/ribeiraopreto-regiao\/wp-json\/wp\/v2\/posts\/123020","targetHints":{"allow":["GET"]}}],"collection":[{"href":"https:\/\/redenoticiaz.com.br\/ribeiraopreto-regiao\/wp-json\/wp\/v2\/posts"}],"about":[{"href":"https:\/\/redenoticiaz.com.br\/ribeiraopreto-regiao\/wp-json\/wp\/v2\/types\/post"}],"author":[{"embeddable":true,"href":"https:\/\/redenoticiaz.com.br\/ribeiraopreto-regiao\/wp-json\/wp\/v2\/users\/5"}],"replies":[{"embeddable":true,"href":"https:\/\/redenoticiaz.com.br\/ribeiraopreto-regiao\/wp-json\/wp\/v2\/comments?post=123020"}],"version-history":[{"count":0,"href":"https:\/\/redenoticiaz.com.br\/ribeiraopreto-regiao\/wp-json\/wp\/v2\/posts\/123020\/revisions"}],"wp:featuredmedia":[{"embeddable":true,"href":"https:\/\/redenoticiaz.com.br\/ribeiraopreto-regiao\/wp-json\/wp\/v2\/media\/123021"}],"wp:attachment":[{"href":"https:\/\/redenoticiaz.com.br\/ribeiraopreto-regiao\/wp-json\/wp\/v2\/media?parent=123020"}],"wp:term":[{"taxonomy":"category","embeddable":true,"href":"https:\/\/redenoticiaz.com.br\/ribeiraopreto-regiao\/wp-json\/wp\/v2\/categories?post=123020"},{"taxonomy":"post_tag","embeddable":true,"href":"https:\/\/redenoticiaz.com.br\/ribeiraopreto-regiao\/wp-json\/wp\/v2\/tags?post=123020"}],"curies":[{"name":"wp","href":"https:\/\/api.w.org\/{rel}","templated":true}]}}