{"id":123022,"date":"2026-09-01T15:20:12","date_gmt":"2026-09-01T18:20:12","guid":{"rendered":"https:\/\/redenoticiaz.com.br\/ribeiraopreto-regiao\/sp\/2026\/09\/01\/festival-de-tiradentes-une-a-gastronomia-mineira-e-portuguesa-em-sucesso-de-publico"},"modified":"2026-09-01T15:20:12","modified_gmt":"2026-09-01T18:20:12","slug":"festival-de-tiradentes-une-a-gastronomia-mineira-e-portuguesa-em-sucesso-de-publico","status":"publish","type":"post","link":"https:\/\/redenoticiaz.com.br\/ribeiraopreto-regiao\/sp\/2026\/09\/01\/festival-de-tiradentes-une-a-gastronomia-mineira-e-portuguesa-em-sucesso-de-publico","title":{"rendered":"Festival de Tiradentes une a gastronomia mineira e portuguesa em sucesso de p\u00fablico"},"content":{"rendered":"<p>Cerca de 70 mil pessoas participaram da 29\u00aa edi\u00e7\u00e3o do Festival Cultura e Gastronomia de Tiradentes, que ocorreu de 20 a 30 de agosto na hist\u00f3rica cidade de Minas Gerais. O evento reuniu visitantes, chefs de cozinha e produtores locais, proporcionando a troca de experi\u00eancias e a aprendizagem de novas t\u00e9cnicas em aulas de culin\u00e1ria ao vivo, palestras e espa\u00e7os interativos.<\/p>\n<p>O tema desta edi\u00e7\u00e3o foi &#8220;Minas Lusit\u00e2nia \u2013 um elo entre culturas&#8221;, que destacou a influ\u00eancia da gastronomia portuguesa na culin\u00e1ria mineira. Rusty Marcellini, curador do festival, mencionou que suas visitas a Portugal permitiram perceber as semelhan\u00e7as entre as duas gastronomias, especialmente no que diz respeito a ingredientes e tradi\u00e7\u00f5es como a cultura do porco. &#8220;A cultura dos quintais e das hortas \u00e9 muito forte em ambas&#8221;, afirmou Marcellini.<\/p>\n<p>A plataforma Fartura Brasil, que organizou o evento, tem promovido a\u00e7\u00f5es em Portugal desde 2018, incluindo expedi\u00e7\u00f5es de pesquisa e participa\u00e7\u00e3o em festivais como o Ess\u00eancia do Vinho. Para a 30\u00aa edi\u00e7\u00e3o do Festival em 2027, ainda n\u00e3o foi definido um tema, mas Rusty expressou interesse em homenagear os participantes mais dedicados ao longo dos anos.<\/p>\n<p>No Largo das Forras, os visitantes puderam participar de desafios culin\u00e1rios, onde competidores tentavam reproduzir pratos preparados ao vivo por chefs. O chef Ronie Peterson, que participou do evento desde sua primeira edi\u00e7\u00e3o, ensinou a preparar uma galinhada e ressaltou a oportunidade de troca de conhecimento entre os participantes. A primeira colocada do desafio foi Zoraide Santos, que classificou a experi\u00eancia como fundamental para seu crescimento na culin\u00e1ria.<\/p>\n<p>A professora de gastronomia Juju Guerra, que tamb\u00e9m participou do festival, apresentou um prato utilizando risoni com pato e torresmo, ressaltando a import\u00e2ncia do evento para conex\u00f5es e aprendizados no meio culin\u00e1rio.<\/p>\n<p>Os estandes de restaurantes tamb\u00e9m foram uma atra\u00e7\u00e3o \u00e0 parte. O Bar do Zez\u00e9, de Belo Horizonte, trouxe uma tonelada de barriga de porco para atender a demanda de seu famoso torresmo de rolo. Vitor Jos\u00e9 Martins, do Bar do Zez\u00e9, comentou sobre a intera\u00e7\u00e3o com outros chefs para desenvolver novas cria\u00e7\u00f5es. J\u00e1 Rafael Pires, do restaurante Ilhote Sul, trouxe uma tonelada de frutos do mar e destacou o sucesso do p\u00e3o de queijo recheado com polvo.<\/p>\n<p>Na Vin\u00edcola Trindade, ocorreu o lan\u00e7amento de um guia com as rotas do vinho na Am\u00e9rica do Sul, promovido pela ONU Turismo, que visa dar visibilidade ao enoturismo. Daniel Nepomuceno, diretor da ONU Turismo, ressaltou que as iniciativas privadas brasileiras est\u00e3o investindo R$ 20 bilh\u00f5es no setor.<\/p>\n<p>O Festival Cultura e Gastronomia de Tiradentes, considerado o mais longevo do Brasil, se consolidou como um espa\u00e7o de aprendizado e interc\u00e2mbio para profissionais e amantes da gastronomia.<\/p>\n<p>*A reportagem viajou a convite do Fartura Brasil.<\/p>\n","protected":false},"excerpt":{"rendered":"<p>Cerca de 70 mil pessoas participaram da 29\u00aa edi\u00e7\u00e3o do Festival Cultura e Gastronomia de Tiradentes, que ocorreu de 20 a 30 de agosto na hist\u00f3rica cidade de Minas Gerais. O evento reuniu visitantes, chefs de cozinha e produtores locais, proporcionando a troca de experi\u00eancias e a aprendizagem de novas t\u00e9cnicas em aulas de culin\u00e1ria &hellip;<\/p>\n","protected":false},"author":5,"featured_media":123023,"comment_status":"open","ping_status":"closed","sticky":false,"template":"","format":"standard","meta":{"footnotes":""},"categories":[469,175,68,330],"tags":[],"class_list":["post-123022","post","type-post","status-publish","format-standard","has-post-thumbnail","hentry","category-cultura","category-gastronomia","category-mundo","category-turismo"],"yoast_head":"<!-- This site is optimized with the Yoast SEO plugin v28.3 - https:\/\/yoast.com\/product\/yoast-seo-wordpress\/ -->\n<title>Festival de Tiradentes une a gastronomia mineira e portuguesa em sucesso de p\u00fablico - Ribeir\u00e3o Preto e Regi\u00e3o<\/title>\n<meta name=\"robots\" content=\"index, follow, max-snippet:-1, max-image-preview:large, max-video-preview:-1\" \/>\n<link rel=\"canonical\" href=\"https:\/\/redenoticiaz.com.br\/ribeiraopreto-regiao\/sp\/2026\/09\/01\/festival-de-tiradentes-une-a-gastronomia-mineira-e-portuguesa-em-sucesso-de-publico\" \/>\n<meta property=\"og:locale\" content=\"pt_BR\" \/>\n<meta property=\"og:type\" content=\"article\" \/>\n<meta property=\"og:title\" content=\"Festival de Tiradentes une a gastronomia mineira e portuguesa em sucesso de p\u00fablico - Ribeir\u00e3o Preto e Regi\u00e3o\" \/>\n<meta property=\"og:description\" content=\"Cerca de 70 mil pessoas participaram da 29\u00aa edi\u00e7\u00e3o do Festival Cultura e Gastronomia de Tiradentes, que ocorreu de 20 a 30 de agosto na hist\u00f3rica cidade de Minas Gerais. O evento reuniu visitantes, chefs de cozinha e produtores locais, proporcionando a troca de experi\u00eancias e a aprendizagem de novas t\u00e9cnicas em aulas de culin\u00e1ria &hellip;\" \/>\n<meta property=\"og:url\" content=\"https:\/\/redenoticiaz.com.br\/ribeiraopreto-regiao\/sp\/2026\/09\/01\/festival-de-tiradentes-une-a-gastronomia-mineira-e-portuguesa-em-sucesso-de-publico\" \/>\n<meta property=\"og:site_name\" content=\"Ribeir\u00e3o Preto e Regi\u00e3o\" \/>\n<meta property=\"article:publisher\" content=\"https:\/\/m.facebook.com\/redenoticiaz.barretos\" \/>\n<meta property=\"article:published_time\" content=\"2026-09-01T18:20:12+00:00\" \/>\n<meta property=\"og:image\" content=\"https:\/\/redenoticiaz.com.br\/ribeiraopreto-regiao\/wp-content\/uploads\/sites\/4\/2022\/02\/logo.jpg\" \/>\n\t<meta property=\"og:image:width\" content=\"400\" \/>\n\t<meta property=\"og:image:height\" content=\"250\" \/>\n\t<meta property=\"og:image:type\" content=\"image\/jpeg\" \/>\n<meta name=\"author\" content=\"Patr\u00edcia Prado\" \/>\n<meta name=\"twitter:card\" content=\"summary_large_image\" \/>\n<meta name=\"twitter:creator\" content=\"@RN_barretos\" \/>\n<meta name=\"twitter:site\" content=\"@RN_barretos\" \/>\n<meta name=\"twitter:label1\" content=\"Escrito por\" \/>\n\t<meta name=\"twitter:data1\" content=\"Patr\u00edcia Prado\" \/>\n\t<meta name=\"twitter:label2\" content=\"Est. tempo de leitura\" \/>\n\t<meta name=\"twitter:data2\" content=\"2 minutos\" \/>\n<script type=\"application\/ld+json\" class=\"yoast-schema-graph\">{\"@context\":\"https:\\\/\\\/schema.org\",\"@graph\":[{\"@type\":\"Article\",\"@id\":\"https:\\\/\\\/redenoticiaz.com.br\\\/ribeiraopreto-regiao\\\/sp\\\/2026\\\/09\\\/01\\\/festival-de-tiradentes-une-a-gastronomia-mineira-e-portuguesa-em-sucesso-de-publico#article\",\"isPartOf\":{\"@id\":\"https:\\\/\\\/redenoticiaz.com.br\\\/ribeiraopreto-regiao\\\/sp\\\/2026\\\/09\\\/01\\\/festival-de-tiradentes-une-a-gastronomia-mineira-e-portuguesa-em-sucesso-de-publico\"},\"author\":{\"name\":\"Patr\u00edcia Prado\",\"@id\":\"https:\\\/\\\/redenoticiaz.com.br\\\/ribeiraopreto-regiao\\\/#\\\/schema\\\/person\\\/e1b0bd8c2637e2c1b6ddcbc2c33b116f\"},\"headline\":\"Festival de Tiradentes une a gastronomia mineira e portuguesa em sucesso de p\u00fablico\",\"datePublished\":\"2026-09-01T18:20:12+00:00\",\"mainEntityOfPage\":{\"@id\":\"https:\\\/\\\/redenoticiaz.com.br\\\/ribeiraopreto-regiao\\\/sp\\\/2026\\\/09\\\/01\\\/festival-de-tiradentes-une-a-gastronomia-mineira-e-portuguesa-em-sucesso-de-publico\"},\"wordCount\":487,\"commentCount\":0,\"publisher\":{\"@id\":\"https:\\\/\\\/redenoticiaz.com.br\\\/ribeiraopreto-regiao\\\/#organization\"},\"image\":{\"@id\":\"https:\\\/\\\/redenoticiaz.com.br\\\/ribeiraopreto-regiao\\\/sp\\\/2026\\\/09\\\/01\\\/festival-de-tiradentes-une-a-gastronomia-mineira-e-portuguesa-em-sucesso-de-publico#primaryimage\"},\"thumbnailUrl\":\"https:\\\/\\\/redenoticiaz.com.br\\\/ribeiraopreto-regiao\\\/wp-content\\\/uploads\\\/sites\\\/4\\\/2026\\\/09\\\/d6a0332_0.jpg\",\"articleSection\":[\"Cultura\",\"Gastronomia\",\"Mundo\",\"Turismo\"],\"inLanguage\":\"pt-BR\",\"potentialAction\":[{\"@type\":\"CommentAction\",\"name\":\"Comment\",\"target\":[\"https:\\\/\\\/redenoticiaz.com.br\\\/ribeiraopreto-regiao\\\/sp\\\/2026\\\/09\\\/01\\\/festival-de-tiradentes-une-a-gastronomia-mineira-e-portuguesa-em-sucesso-de-publico#respond\"]}]},{\"@type\":\"WebPage\",\"@id\":\"https:\\\/\\\/redenoticiaz.com.br\\\/ribeiraopreto-regiao\\\/sp\\\/2026\\\/09\\\/01\\\/festival-de-tiradentes-une-a-gastronomia-mineira-e-portuguesa-em-sucesso-de-publico\",\"url\":\"https:\\\/\\\/redenoticiaz.com.br\\\/ribeiraopreto-regiao\\\/sp\\\/2026\\\/09\\\/01\\\/festival-de-tiradentes-une-a-gastronomia-mineira-e-portuguesa-em-sucesso-de-publico\",\"name\":\"Festival de Tiradentes une a gastronomia mineira e portuguesa em sucesso de p\u00fablico - Ribeir\u00e3o Preto e Regi\u00e3o\",\"isPartOf\":{\"@id\":\"https:\\\/\\\/redenoticiaz.com.br\\\/ribeiraopreto-regiao\\\/#website\"},\"primaryImageOfPage\":{\"@id\":\"https:\\\/\\\/redenoticiaz.com.br\\\/ribeiraopreto-regiao\\\/sp\\\/2026\\\/09\\\/01\\\/festival-de-tiradentes-une-a-gastronomia-mineira-e-portuguesa-em-sucesso-de-publico#primaryimage\"},\"image\":{\"@id\":\"https:\\\/\\\/redenoticiaz.com.br\\\/ribeiraopreto-regiao\\\/sp\\\/2026\\\/09\\\/01\\\/festival-de-tiradentes-une-a-gastronomia-mineira-e-portuguesa-em-sucesso-de-publico#primaryimage\"},\"thumbnailUrl\":\"https:\\\/\\\/redenoticiaz.com.br\\\/ribeiraopreto-regiao\\\/wp-content\\\/uploads\\\/sites\\\/4\\\/2026\\\/09\\\/d6a0332_0.jpg\",\"datePublished\":\"2026-09-01T18:20:12+00:00\",\"inLanguage\":\"pt-BR\",\"potentialAction\":[{\"@type\":\"ReadAction\",\"target\":[\"https:\\\/\\\/redenoticiaz.com.br\\\/ribeiraopreto-regiao\\\/sp\\\/2026\\\/09\\\/01\\\/festival-de-tiradentes-une-a-gastronomia-mineira-e-portuguesa-em-sucesso-de-publico\"]}]},{\"@type\":\"ImageObject\",\"inLanguage\":\"pt-BR\",\"@id\":\"https:\\\/\\\/redenoticiaz.com.br\\\/ribeiraopreto-regiao\\\/sp\\\/2026\\\/09\\\/01\\\/festival-de-tiradentes-une-a-gastronomia-mineira-e-portuguesa-em-sucesso-de-publico#primaryimage\",\"url\":\"https:\\\/\\\/redenoticiaz.com.br\\\/ribeiraopreto-regiao\\\/wp-content\\\/uploads\\\/sites\\\/4\\\/2026\\\/09\\\/d6a0332_0.jpg\",\"contentUrl\":\"https:\\\/\\\/redenoticiaz.com.br\\\/ribeiraopreto-regiao\\\/wp-content\\\/uploads\\\/sites\\\/4\\\/2026\\\/09\\\/d6a0332_0.jpg\",\"width\":1600,\"height\":800},{\"@type\":\"WebSite\",\"@id\":\"https:\\\/\\\/redenoticiaz.com.br\\\/ribeiraopreto-regiao\\\/#website\",\"url\":\"https:\\\/\\\/redenoticiaz.com.br\\\/ribeiraopreto-regiao\\\/\",\"name\":\"Ribeir\u00e3o Preto e Regi\u00e3o\",\"description\":\"Rede NoticiaZ - Ribeir\u00e3o Preto e regi\u00e3o\",\"publisher\":{\"@id\":\"https:\\\/\\\/redenoticiaz.com.br\\\/ribeiraopreto-regiao\\\/#organization\"},\"potentialAction\":[{\"@type\":\"SearchAction\",\"target\":{\"@type\":\"EntryPoint\",\"urlTemplate\":\"https:\\\/\\\/redenoticiaz.com.br\\\/ribeiraopreto-regiao\\\/?s={search_term_string}\"},\"query-input\":{\"@type\":\"PropertyValueSpecification\",\"valueRequired\":true,\"valueName\":\"search_term_string\"}}],\"inLanguage\":\"pt-BR\"},{\"@type\":\"Organization\",\"@id\":\"https:\\\/\\\/redenoticiaz.com.br\\\/ribeiraopreto-regiao\\\/#organization\",\"name\":\"Ribeir\u00e3o Preto e Regi\u00e3o\",\"url\":\"https:\\\/\\\/redenoticiaz.com.br\\\/ribeiraopreto-regiao\\\/\",\"logo\":{\"@type\":\"ImageObject\",\"inLanguage\":\"pt-BR\",\"@id\":\"https:\\\/\\\/redenoticiaz.com.br\\\/ribeiraopreto-regiao\\\/#\\\/schema\\\/logo\\\/image\\\/\",\"url\":\"https:\\\/\\\/redenoticiaz.com.br\\\/barretos-regiao\\\/wp-content\\\/uploads\\\/sites\\\/4\\\/2022\\\/02\\\/logo.jpg\",\"contentUrl\":\"https:\\\/\\\/redenoticiaz.com.br\\\/barretos-regiao\\\/wp-content\\\/uploads\\\/sites\\\/4\\\/2022\\\/02\\\/logo.jpg\",\"width\":400,\"height\":250,\"caption\":\"Ribeir\u00e3o Preto e Regi\u00e3o\"},\"image\":{\"@id\":\"https:\\\/\\\/redenoticiaz.com.br\\\/ribeiraopreto-regiao\\\/#\\\/schema\\\/logo\\\/image\\\/\"},\"sameAs\":[\"https:\\\/\\\/m.facebook.com\\\/redenoticiaz.barretos\",\"https:\\\/\\\/x.com\\\/RN_barretos\",\"https:\\\/\\\/www.instagram.com\\\/redenoticiaz.barretos\\\/?igshid=YmMyMTA2M2Y\",\"https:\\\/\\\/www.linkedin.com\\\/company\\\/rede-noticiaz-barretos-e-regio\\\/\"]},{\"@type\":\"Person\",\"@id\":\"https:\\\/\\\/redenoticiaz.com.br\\\/ribeiraopreto-regiao\\\/#\\\/schema\\\/person\\\/e1b0bd8c2637e2c1b6ddcbc2c33b116f\",\"name\":\"Patr\u00edcia Prado\",\"image\":{\"@type\":\"ImageObject\",\"inLanguage\":\"pt-BR\",\"@id\":\"https:\\\/\\\/secure.gravatar.com\\\/avatar\\\/92e358bef22cfcec15e054ae4d9fee04dadf0c772dc4a17b382b8a34a15354c2?s=96&d=mm&r=g\",\"url\":\"https:\\\/\\\/secure.gravatar.com\\\/avatar\\\/92e358bef22cfcec15e054ae4d9fee04dadf0c772dc4a17b382b8a34a15354c2?s=96&d=mm&r=g\",\"contentUrl\":\"https:\\\/\\\/secure.gravatar.com\\\/avatar\\\/92e358bef22cfcec15e054ae4d9fee04dadf0c772dc4a17b382b8a34a15354c2?s=96&d=mm&r=g\",\"caption\":\"Patr\u00edcia Prado\"},\"url\":\"https:\\\/\\\/redenoticiaz.com.br\\\/ribeiraopreto-regiao\\\/sp\\\/author\\\/patricia-prado\"}]}<\/script>\n<!-- \/ Yoast SEO plugin. -->","yoast_head_json":{"title":"Festival de Tiradentes une a gastronomia mineira e portuguesa em sucesso de p\u00fablico - Ribeir\u00e3o Preto e Regi\u00e3o","robots":{"index":"index","follow":"follow","max-snippet":"max-snippet:-1","max-image-preview":"max-image-preview:large","max-video-preview":"max-video-preview:-1"},"canonical":"https:\/\/redenoticiaz.com.br\/ribeiraopreto-regiao\/sp\/2026\/09\/01\/festival-de-tiradentes-une-a-gastronomia-mineira-e-portuguesa-em-sucesso-de-publico","og_locale":"pt_BR","og_type":"article","og_title":"Festival de Tiradentes une a gastronomia mineira e portuguesa em sucesso de p\u00fablico - Ribeir\u00e3o Preto e Regi\u00e3o","og_description":"Cerca de 70 mil pessoas participaram da 29\u00aa edi\u00e7\u00e3o do Festival Cultura e Gastronomia de Tiradentes, que ocorreu de 20 a 30 de agosto na hist\u00f3rica cidade de Minas Gerais. O evento reuniu visitantes, chefs de cozinha e produtores locais, proporcionando a troca de experi\u00eancias e a aprendizagem de novas t\u00e9cnicas em aulas de culin\u00e1ria &hellip;","og_url":"https:\/\/redenoticiaz.com.br\/ribeiraopreto-regiao\/sp\/2026\/09\/01\/festival-de-tiradentes-une-a-gastronomia-mineira-e-portuguesa-em-sucesso-de-publico","og_site_name":"Ribeir\u00e3o Preto e Regi\u00e3o","article_publisher":"https:\/\/m.facebook.com\/redenoticiaz.barretos","article_published_time":"2026-09-01T18:20:12+00:00","og_image":[{"width":400,"height":250,"url":"https:\/\/redenoticiaz.com.br\/ribeiraopreto-regiao\/wp-content\/uploads\/sites\/4\/2022\/02\/logo.jpg","type":"image\/jpeg"}],"author":"Patr\u00edcia Prado","twitter_card":"summary_large_image","twitter_creator":"@RN_barretos","twitter_site":"@RN_barretos","twitter_misc":{"Escrito por":"Patr\u00edcia Prado","Est. tempo de leitura":"2 minutos"},"schema":{"@context":"https:\/\/schema.org","@graph":[{"@type":"Article","@id":"https:\/\/redenoticiaz.com.br\/ribeiraopreto-regiao\/sp\/2026\/09\/01\/festival-de-tiradentes-une-a-gastronomia-mineira-e-portuguesa-em-sucesso-de-publico#article","isPartOf":{"@id":"https:\/\/redenoticiaz.com.br\/ribeiraopreto-regiao\/sp\/2026\/09\/01\/festival-de-tiradentes-une-a-gastronomia-mineira-e-portuguesa-em-sucesso-de-publico"},"author":{"name":"Patr\u00edcia Prado","@id":"https:\/\/redenoticiaz.com.br\/ribeiraopreto-regiao\/#\/schema\/person\/e1b0bd8c2637e2c1b6ddcbc2c33b116f"},"headline":"Festival de Tiradentes une a gastronomia mineira e portuguesa em sucesso de p\u00fablico","datePublished":"2026-09-01T18:20:12+00:00","mainEntityOfPage":{"@id":"https:\/\/redenoticiaz.com.br\/ribeiraopreto-regiao\/sp\/2026\/09\/01\/festival-de-tiradentes-une-a-gastronomia-mineira-e-portuguesa-em-sucesso-de-publico"},"wordCount":487,"commentCount":0,"publisher":{"@id":"https:\/\/redenoticiaz.com.br\/ribeiraopreto-regiao\/#organization"},"image":{"@id":"https:\/\/redenoticiaz.com.br\/ribeiraopreto-regiao\/sp\/2026\/09\/01\/festival-de-tiradentes-une-a-gastronomia-mineira-e-portuguesa-em-sucesso-de-publico#primaryimage"},"thumbnailUrl":"https:\/\/redenoticiaz.com.br\/ribeiraopreto-regiao\/wp-content\/uploads\/sites\/4\/2026\/09\/d6a0332_0.jpg","articleSection":["Cultura","Gastronomia","Mundo","Turismo"],"inLanguage":"pt-BR","potentialAction":[{"@type":"CommentAction","name":"Comment","target":["https:\/\/redenoticiaz.com.br\/ribeiraopreto-regiao\/sp\/2026\/09\/01\/festival-de-tiradentes-une-a-gastronomia-mineira-e-portuguesa-em-sucesso-de-publico#respond"]}]},{"@type":"WebPage","@id":"https:\/\/redenoticiaz.com.br\/ribeiraopreto-regiao\/sp\/2026\/09\/01\/festival-de-tiradentes-une-a-gastronomia-mineira-e-portuguesa-em-sucesso-de-publico","url":"https:\/\/redenoticiaz.com.br\/ribeiraopreto-regiao\/sp\/2026\/09\/01\/festival-de-tiradentes-une-a-gastronomia-mineira-e-portuguesa-em-sucesso-de-publico","name":"Festival de Tiradentes une a gastronomia mineira e portuguesa em sucesso de p\u00fablico - Ribeir\u00e3o Preto e Regi\u00e3o","isPartOf":{"@id":"https:\/\/redenoticiaz.com.br\/ribeiraopreto-regiao\/#website"},"primaryImageOfPage":{"@id":"https:\/\/redenoticiaz.com.br\/ribeiraopreto-regiao\/sp\/2026\/09\/01\/festival-de-tiradentes-une-a-gastronomia-mineira-e-portuguesa-em-sucesso-de-publico#primaryimage"},"image":{"@id":"https:\/\/redenoticiaz.com.br\/ribeiraopreto-regiao\/sp\/2026\/09\/01\/festival-de-tiradentes-une-a-gastronomia-mineira-e-portuguesa-em-sucesso-de-publico#primaryimage"},"thumbnailUrl":"https:\/\/redenoticiaz.com.br\/ribeiraopreto-regiao\/wp-content\/uploads\/sites\/4\/2026\/09\/d6a0332_0.jpg","datePublished":"2026-09-01T18:20:12+00:00","inLanguage":"pt-BR","potentialAction":[{"@type":"ReadAction","target":["https:\/\/redenoticiaz.com.br\/ribeiraopreto-regiao\/sp\/2026\/09\/01\/festival-de-tiradentes-une-a-gastronomia-mineira-e-portuguesa-em-sucesso-de-publico"]}]},{"@type":"ImageObject","inLanguage":"pt-BR","@id":"https:\/\/redenoticiaz.com.br\/ribeiraopreto-regiao\/sp\/2026\/09\/01\/festival-de-tiradentes-une-a-gastronomia-mineira-e-portuguesa-em-sucesso-de-publico#primaryimage","url":"https:\/\/redenoticiaz.com.br\/ribeiraopreto-regiao\/wp-content\/uploads\/sites\/4\/2026\/09\/d6a0332_0.jpg","contentUrl":"https:\/\/redenoticiaz.com.br\/ribeiraopreto-regiao\/wp-content\/uploads\/sites\/4\/2026\/09\/d6a0332_0.jpg","width":1600,"height":800},{"@type":"WebSite","@id":"https:\/\/redenoticiaz.com.br\/ribeiraopreto-regiao\/#website","url":"https:\/\/redenoticiaz.com.br\/ribeiraopreto-regiao\/","name":"Ribeir\u00e3o Preto e Regi\u00e3o","description":"Rede NoticiaZ - Ribeir\u00e3o Preto e regi\u00e3o","publisher":{"@id":"https:\/\/redenoticiaz.com.br\/ribeiraopreto-regiao\/#organization"},"potentialAction":[{"@type":"SearchAction","target":{"@type":"EntryPoint","urlTemplate":"https:\/\/redenoticiaz.com.br\/ribeiraopreto-regiao\/?s={search_term_string}"},"query-input":{"@type":"PropertyValueSpecification","valueRequired":true,"valueName":"search_term_string"}}],"inLanguage":"pt-BR"},{"@type":"Organization","@id":"https:\/\/redenoticiaz.com.br\/ribeiraopreto-regiao\/#organization","name":"Ribeir\u00e3o Preto e Regi\u00e3o","url":"https:\/\/redenoticiaz.com.br\/ribeiraopreto-regiao\/","logo":{"@type":"ImageObject","inLanguage":"pt-BR","@id":"https:\/\/redenoticiaz.com.br\/ribeiraopreto-regiao\/#\/schema\/logo\/image\/","url":"https:\/\/redenoticiaz.com.br\/barretos-regiao\/wp-content\/uploads\/sites\/4\/2022\/02\/logo.jpg","contentUrl":"https:\/\/redenoticiaz.com.br\/barretos-regiao\/wp-content\/uploads\/sites\/4\/2022\/02\/logo.jpg","width":400,"height":250,"caption":"Ribeir\u00e3o Preto e Regi\u00e3o"},"image":{"@id":"https:\/\/redenoticiaz.com.br\/ribeiraopreto-regiao\/#\/schema\/logo\/image\/"},"sameAs":["https:\/\/m.facebook.com\/redenoticiaz.barretos","https:\/\/x.com\/RN_barretos","https:\/\/www.instagram.com\/redenoticiaz.barretos\/?igshid=YmMyMTA2M2Y","https:\/\/www.linkedin.com\/company\/rede-noticiaz-barretos-e-regio\/"]},{"@type":"Person","@id":"https:\/\/redenoticiaz.com.br\/ribeiraopreto-regiao\/#\/schema\/person\/e1b0bd8c2637e2c1b6ddcbc2c33b116f","name":"Patr\u00edcia Prado","image":{"@type":"ImageObject","inLanguage":"pt-BR","@id":"https:\/\/secure.gravatar.com\/avatar\/92e358bef22cfcec15e054ae4d9fee04dadf0c772dc4a17b382b8a34a15354c2?s=96&d=mm&r=g","url":"https:\/\/secure.gravatar.com\/avatar\/92e358bef22cfcec15e054ae4d9fee04dadf0c772dc4a17b382b8a34a15354c2?s=96&d=mm&r=g","contentUrl":"https:\/\/secure.gravatar.com\/avatar\/92e358bef22cfcec15e054ae4d9fee04dadf0c772dc4a17b382b8a34a15354c2?s=96&d=mm&r=g","caption":"Patr\u00edcia Prado"},"url":"https:\/\/redenoticiaz.com.br\/ribeiraopreto-regiao\/sp\/author\/patricia-prado"}]}},"_links":{"self":[{"href":"https:\/\/redenoticiaz.com.br\/ribeiraopreto-regiao\/wp-json\/wp\/v2\/posts\/123022","targetHints":{"allow":["GET"]}}],"collection":[{"href":"https:\/\/redenoticiaz.com.br\/ribeiraopreto-regiao\/wp-json\/wp\/v2\/posts"}],"about":[{"href":"https:\/\/redenoticiaz.com.br\/ribeiraopreto-regiao\/wp-json\/wp\/v2\/types\/post"}],"author":[{"embeddable":true,"href":"https:\/\/redenoticiaz.com.br\/ribeiraopreto-regiao\/wp-json\/wp\/v2\/users\/5"}],"replies":[{"embeddable":true,"href":"https:\/\/redenoticiaz.com.br\/ribeiraopreto-regiao\/wp-json\/wp\/v2\/comments?post=123022"}],"version-history":[{"count":0,"href":"https:\/\/redenoticiaz.com.br\/ribeiraopreto-regiao\/wp-json\/wp\/v2\/posts\/123022\/revisions"}],"wp:featuredmedia":[{"embeddable":true,"href":"https:\/\/redenoticiaz.com.br\/ribeiraopreto-regiao\/wp-json\/wp\/v2\/media\/123023"}],"wp:attachment":[{"href":"https:\/\/redenoticiaz.com.br\/ribeiraopreto-regiao\/wp-json\/wp\/v2\/media?parent=123022"}],"wp:term":[{"taxonomy":"category","embeddable":true,"href":"https:\/\/redenoticiaz.com.br\/ribeiraopreto-regiao\/wp-json\/wp\/v2\/categories?post=123022"},{"taxonomy":"post_tag","embeddable":true,"href":"https:\/\/redenoticiaz.com.br\/ribeiraopreto-regiao\/wp-json\/wp\/v2\/tags?post=123022"}],"curies":[{"name":"wp","href":"https:\/\/api.w.org\/{rel}","templated":true}]}}