{"id":123027,"date":"2026-09-01T15:50:55","date_gmt":"2026-09-01T18:50:55","guid":{"rendered":"https:\/\/redenoticiaz.com.br\/ribeiraopreto-regiao\/sp\/2026\/09\/01\/novo-prazo-para-contestar-fraudes-no-pix-sobe-de-30-para-80-dias"},"modified":"2026-09-01T15:50:55","modified_gmt":"2026-09-01T18:50:55","slug":"novo-prazo-para-contestar-fraudes-no-pix-sobe-de-30-para-80-dias","status":"publish","type":"post","link":"https:\/\/redenoticiaz.com.br\/ribeiraopreto-regiao\/sp\/2026\/09\/01\/novo-prazo-para-contestar-fraudes-no-pix-sobe-de-30-para-80-dias","title":{"rendered":"Novo prazo para contestar fraudes no Pix sobe de 30 para 80 dias"},"content":{"rendered":"<p>A partir desta ter\u00e7a-feira (1\u00ba), uma nova regra do Pix eleva de 30 para 80 dias o prazo para contestar uma devolu\u00e7\u00e3o realizada pelo Mecanismo Especial de Devolu\u00e7\u00e3o (MED) em casos de suspeita de fraude. A mudan\u00e7a, estabelecida pelo Banco Central, visa proteger comerciantes, prestadores de servi\u00e7os e pequenos neg\u00f3cios que s\u00e3o alvos de golpes utilizando o sistema de seguran\u00e7a do Pix.<\/p>\n<p>O novo prazo se aplica a quem recebeu um Pix legitimamente, mas teve o dinheiro devolvido devido a uma contesta\u00e7\u00e3o considerada fraudulenta. A contagem do prazo come\u00e7a na data em que a devolu\u00e7\u00e3o \u00e9 feita pelo MED.<\/p>\n<p>O prazo para quem enviou um Pix e foi v\u00edtima de fraude permanece em 80 dias, contados a partir da transa\u00e7\u00e3o original. Com essa altera\u00e7\u00e3o, duas situa\u00e7\u00f5es agora t\u00eam o prazo de 80 dias:<\/p>\n<p>\u2022 Para quem enviou o Pix: at\u00e9 80 dias a partir da transfer\u00eancia para solicitar o MED;<\/p>\n<p>\u2022 Para o recebedor que sofreu uma devolu\u00e7\u00e3o indevida: at\u00e9 80 dias a partir da devolu\u00e7\u00e3o para contest\u00e1-la.<\/p>\n<p>A altera\u00e7\u00e3o est\u00e1 prevista na Instru\u00e7\u00e3o Normativa BCB 766, que atualizou o Manual Operacional do Diret\u00f3rio de Identificadores de Contas Transacionais (DICT), que regula as opera\u00e7\u00f5es do Pix.<\/p>\n<p>A nova norma foi criada em resposta a fraudes que exploram o pr\u00f3prio mecanismo de prote\u00e7\u00e3o do Pix. Os golpistas realizam um pagamento a comerciantes e, em seguida, alegam erro de transfer\u00eancia, solicitando a devolu\u00e7\u00e3o do valor por meio de uma nova transfer\u00eancia, frequentemente para uma chave diferente. Depois, acionam o MED e alegam que o pagamento original foi resultado de fraude. Se a contesta\u00e7\u00e3o for aceita e houver saldo dispon\u00edvel, o banco pode devolver o valor, resultando em preju\u00edzo para o comerciante.<\/p>\n<p>Por isso, o Banco Central recomenda que, ao realizar uma devolu\u00e7\u00e3o, os usu\u00e1rios utilizem a op\u00e7\u00e3o vinculada \u00e0 pr\u00f3pria transa\u00e7\u00e3o no aplicativo do banco, e n\u00e3o fa\u00e7am uma nova transfer\u00eancia baseada em informa\u00e7\u00f5es fornecidas pela outra parte.<\/p>\n<p>O MED, criado para facilitar a recupera\u00e7\u00e3o de valores em casos de fraude, n\u00e3o serve para cancelar qualquer transa\u00e7\u00e3o do Pix. Casos como arrependimento de compra, erro de valor do pr\u00f3prio usu\u00e1rio ou desacordo comercial sem ind\u00edcios de fraude n\u00e3o est\u00e3o inclu\u00eddos no seu escopo de atua\u00e7\u00e3o.<\/p>\n<p>Usu\u00e1rios que identificam uma fraude devem imediatamente entrar em contato com seu banco e solicitar a abertura do MED. Nesse fluxograma, os bancos t\u00eam at\u00e9 sete dias para confirmar a irregularidade. Se a fraude for oficialmente reconhecida, a devolu\u00e7\u00e3o depender\u00e1 da disponibilidade de recursos nas contas envolvidas.<\/p>\n<p>A amplia\u00e7\u00e3o do prazo ocorre em meio \u00e0 implanta\u00e7\u00e3o do chamado MED 2.0, uma vers\u00e3o mais robusta que permite rastrear o caminho percorrido pelo dinheiro ap\u00f3s a transfer\u00eancia. Essa nova vers\u00e3o, que come\u00e7ou a ser instalada em fevereiro de 2026, aumenta as chances de bloqueio e recupera\u00e7\u00e3o, mesmo que os valores tenham sido movimentados entre contas diferentes. No entanto, se os recursos j\u00e1 tiverem sido sacados ou transferidos novamente, a recupera\u00e7\u00e3o pode ser complicada.<\/p>\n<p>Caso um usu\u00e1rio perceba que foi v\u00edtima de fraude, \u00e9 fundamental contatar seu banco rapidamente, mesmo que ainda esteja dentro do prazo de 80 dias, pois isso aumenta as chances de localizar valores dispon\u00edveis para bloqueio. Al\u00e9m disso, \u00e9 importante manter registros como comprovantes de transfer\u00eancia, mensagens, an\u00fancios e dados da conta que recebeu o dinheiro. Dependendo da situa\u00e7\u00e3o, o registro de um boletim de ocorr\u00eancia tamb\u00e9m pode ser aconselh\u00e1vel.<\/p>\n","protected":false},"excerpt":{"rendered":"<p>A partir desta ter\u00e7a-feira (1\u00ba), uma nova regra do Pix eleva de 30 para 80 dias o prazo para contestar uma devolu\u00e7\u00e3o realizada pelo Mecanismo Especial de Devolu\u00e7\u00e3o (MED) em casos de suspeita de fraude. A mudan\u00e7a, estabelecida pelo Banco Central, visa proteger comerciantes, prestadores de servi\u00e7os e pequenos neg\u00f3cios que s\u00e3o alvos de golpes &hellip;<\/p>\n","protected":false},"author":5,"featured_media":123028,"comment_status":"open","ping_status":"closed","sticky":false,"template":"","format":"standard","meta":{"footnotes":""},"categories":[101,1561],"tags":[],"class_list":["post-123027","post","type-post","status-publish","format-standard","has-post-thumbnail","hentry","category-economia","category-tecnologia"],"yoast_head":"<!-- This site is optimized with the Yoast SEO plugin v28.3 - https:\/\/yoast.com\/product\/yoast-seo-wordpress\/ -->\n<title>Novo prazo para contestar fraudes no Pix sobe de 30 para 80 dias - Ribeir\u00e3o Preto e Regi\u00e3o<\/title>\n<meta name=\"robots\" content=\"index, follow, max-snippet:-1, max-image-preview:large, max-video-preview:-1\" \/>\n<link rel=\"canonical\" href=\"https:\/\/redenoticiaz.com.br\/ribeiraopreto-regiao\/sp\/2026\/09\/01\/novo-prazo-para-contestar-fraudes-no-pix-sobe-de-30-para-80-dias\" \/>\n<meta property=\"og:locale\" content=\"pt_BR\" \/>\n<meta property=\"og:type\" content=\"article\" \/>\n<meta property=\"og:title\" content=\"Novo prazo para contestar fraudes no Pix sobe de 30 para 80 dias - Ribeir\u00e3o Preto e Regi\u00e3o\" \/>\n<meta property=\"og:description\" content=\"A partir desta ter\u00e7a-feira (1\u00ba), uma nova regra do Pix eleva de 30 para 80 dias o prazo para contestar uma devolu\u00e7\u00e3o realizada pelo Mecanismo Especial de Devolu\u00e7\u00e3o (MED) em casos de suspeita de fraude. A mudan\u00e7a, estabelecida pelo Banco Central, visa proteger comerciantes, prestadores de servi\u00e7os e pequenos neg\u00f3cios que s\u00e3o alvos de golpes &hellip;\" \/>\n<meta property=\"og:url\" content=\"https:\/\/redenoticiaz.com.br\/ribeiraopreto-regiao\/sp\/2026\/09\/01\/novo-prazo-para-contestar-fraudes-no-pix-sobe-de-30-para-80-dias\" \/>\n<meta property=\"og:site_name\" content=\"Ribeir\u00e3o Preto e Regi\u00e3o\" \/>\n<meta property=\"article:publisher\" content=\"https:\/\/m.facebook.com\/redenoticiaz.barretos\" \/>\n<meta property=\"article:published_time\" content=\"2026-09-01T18:50:55+00:00\" \/>\n<meta property=\"og:image\" content=\"https:\/\/redenoticiaz.com.br\/ribeiraopreto-regiao\/wp-content\/uploads\/sites\/4\/2022\/02\/logo.jpg\" \/>\n\t<meta property=\"og:image:width\" content=\"400\" \/>\n\t<meta property=\"og:image:height\" content=\"250\" \/>\n\t<meta property=\"og:image:type\" content=\"image\/jpeg\" \/>\n<meta name=\"author\" content=\"Patr\u00edcia Prado\" \/>\n<meta name=\"twitter:card\" content=\"summary_large_image\" \/>\n<meta name=\"twitter:creator\" content=\"@RN_barretos\" \/>\n<meta name=\"twitter:site\" content=\"@RN_barretos\" \/>\n<meta name=\"twitter:label1\" content=\"Escrito por\" \/>\n\t<meta name=\"twitter:data1\" content=\"Patr\u00edcia Prado\" \/>\n\t<meta name=\"twitter:label2\" content=\"Est. tempo de leitura\" \/>\n\t<meta name=\"twitter:data2\" content=\"3 minutos\" \/>\n<script type=\"application\/ld+json\" class=\"yoast-schema-graph\">{\"@context\":\"https:\\\/\\\/schema.org\",\"@graph\":[{\"@type\":\"Article\",\"@id\":\"https:\\\/\\\/redenoticiaz.com.br\\\/ribeiraopreto-regiao\\\/sp\\\/2026\\\/09\\\/01\\\/novo-prazo-para-contestar-fraudes-no-pix-sobe-de-30-para-80-dias#article\",\"isPartOf\":{\"@id\":\"https:\\\/\\\/redenoticiaz.com.br\\\/ribeiraopreto-regiao\\\/sp\\\/2026\\\/09\\\/01\\\/novo-prazo-para-contestar-fraudes-no-pix-sobe-de-30-para-80-dias\"},\"author\":{\"name\":\"Patr\u00edcia Prado\",\"@id\":\"https:\\\/\\\/redenoticiaz.com.br\\\/ribeiraopreto-regiao\\\/#\\\/schema\\\/person\\\/e1b0bd8c2637e2c1b6ddcbc2c33b116f\"},\"headline\":\"Novo prazo para contestar fraudes no Pix sobe de 30 para 80 dias\",\"datePublished\":\"2026-09-01T18:50:55+00:00\",\"mainEntityOfPage\":{\"@id\":\"https:\\\/\\\/redenoticiaz.com.br\\\/ribeiraopreto-regiao\\\/sp\\\/2026\\\/09\\\/01\\\/novo-prazo-para-contestar-fraudes-no-pix-sobe-de-30-para-80-dias\"},\"wordCount\":620,\"commentCount\":0,\"publisher\":{\"@id\":\"https:\\\/\\\/redenoticiaz.com.br\\\/ribeiraopreto-regiao\\\/#organization\"},\"image\":{\"@id\":\"https:\\\/\\\/redenoticiaz.com.br\\\/ribeiraopreto-regiao\\\/sp\\\/2026\\\/09\\\/01\\\/novo-prazo-para-contestar-fraudes-no-pix-sobe-de-30-para-80-dias#primaryimage\"},\"thumbnailUrl\":\"https:\\\/\\\/redenoticiaz.com.br\\\/ribeiraopreto-regiao\\\/wp-content\\\/uploads\\\/sites\\\/4\\\/2026\\\/09\\\/mg_8269.jpg\",\"articleSection\":[\"Economia\",\"Tecnologia\"],\"inLanguage\":\"pt-BR\",\"potentialAction\":[{\"@type\":\"CommentAction\",\"name\":\"Comment\",\"target\":[\"https:\\\/\\\/redenoticiaz.com.br\\\/ribeiraopreto-regiao\\\/sp\\\/2026\\\/09\\\/01\\\/novo-prazo-para-contestar-fraudes-no-pix-sobe-de-30-para-80-dias#respond\"]}]},{\"@type\":\"WebPage\",\"@id\":\"https:\\\/\\\/redenoticiaz.com.br\\\/ribeiraopreto-regiao\\\/sp\\\/2026\\\/09\\\/01\\\/novo-prazo-para-contestar-fraudes-no-pix-sobe-de-30-para-80-dias\",\"url\":\"https:\\\/\\\/redenoticiaz.com.br\\\/ribeiraopreto-regiao\\\/sp\\\/2026\\\/09\\\/01\\\/novo-prazo-para-contestar-fraudes-no-pix-sobe-de-30-para-80-dias\",\"name\":\"Novo prazo para contestar fraudes no Pix sobe de 30 para 80 dias - Ribeir\u00e3o Preto e Regi\u00e3o\",\"isPartOf\":{\"@id\":\"https:\\\/\\\/redenoticiaz.com.br\\\/ribeiraopreto-regiao\\\/#website\"},\"primaryImageOfPage\":{\"@id\":\"https:\\\/\\\/redenoticiaz.com.br\\\/ribeiraopreto-regiao\\\/sp\\\/2026\\\/09\\\/01\\\/novo-prazo-para-contestar-fraudes-no-pix-sobe-de-30-para-80-dias#primaryimage\"},\"image\":{\"@id\":\"https:\\\/\\\/redenoticiaz.com.br\\\/ribeiraopreto-regiao\\\/sp\\\/2026\\\/09\\\/01\\\/novo-prazo-para-contestar-fraudes-no-pix-sobe-de-30-para-80-dias#primaryimage\"},\"thumbnailUrl\":\"https:\\\/\\\/redenoticiaz.com.br\\\/ribeiraopreto-regiao\\\/wp-content\\\/uploads\\\/sites\\\/4\\\/2026\\\/09\\\/mg_8269.jpg\",\"datePublished\":\"2026-09-01T18:50:55+00:00\",\"inLanguage\":\"pt-BR\",\"potentialAction\":[{\"@type\":\"ReadAction\",\"target\":[\"https:\\\/\\\/redenoticiaz.com.br\\\/ribeiraopreto-regiao\\\/sp\\\/2026\\\/09\\\/01\\\/novo-prazo-para-contestar-fraudes-no-pix-sobe-de-30-para-80-dias\"]}]},{\"@type\":\"ImageObject\",\"inLanguage\":\"pt-BR\",\"@id\":\"https:\\\/\\\/redenoticiaz.com.br\\\/ribeiraopreto-regiao\\\/sp\\\/2026\\\/09\\\/01\\\/novo-prazo-para-contestar-fraudes-no-pix-sobe-de-30-para-80-dias#primaryimage\",\"url\":\"https:\\\/\\\/redenoticiaz.com.br\\\/ribeiraopreto-regiao\\\/wp-content\\\/uploads\\\/sites\\\/4\\\/2026\\\/09\\\/mg_8269.jpg\",\"contentUrl\":\"https:\\\/\\\/redenoticiaz.com.br\\\/ribeiraopreto-regiao\\\/wp-content\\\/uploads\\\/sites\\\/4\\\/2026\\\/09\\\/mg_8269.jpg\",\"width\":1600,\"height\":800},{\"@type\":\"WebSite\",\"@id\":\"https:\\\/\\\/redenoticiaz.com.br\\\/ribeiraopreto-regiao\\\/#website\",\"url\":\"https:\\\/\\\/redenoticiaz.com.br\\\/ribeiraopreto-regiao\\\/\",\"name\":\"Ribeir\u00e3o Preto e Regi\u00e3o\",\"description\":\"Rede NoticiaZ - Ribeir\u00e3o Preto e regi\u00e3o\",\"publisher\":{\"@id\":\"https:\\\/\\\/redenoticiaz.com.br\\\/ribeiraopreto-regiao\\\/#organization\"},\"potentialAction\":[{\"@type\":\"SearchAction\",\"target\":{\"@type\":\"EntryPoint\",\"urlTemplate\":\"https:\\\/\\\/redenoticiaz.com.br\\\/ribeiraopreto-regiao\\\/?s={search_term_string}\"},\"query-input\":{\"@type\":\"PropertyValueSpecification\",\"valueRequired\":true,\"valueName\":\"search_term_string\"}}],\"inLanguage\":\"pt-BR\"},{\"@type\":\"Organization\",\"@id\":\"https:\\\/\\\/redenoticiaz.com.br\\\/ribeiraopreto-regiao\\\/#organization\",\"name\":\"Ribeir\u00e3o Preto e Regi\u00e3o\",\"url\":\"https:\\\/\\\/redenoticiaz.com.br\\\/ribeiraopreto-regiao\\\/\",\"logo\":{\"@type\":\"ImageObject\",\"inLanguage\":\"pt-BR\",\"@id\":\"https:\\\/\\\/redenoticiaz.com.br\\\/ribeiraopreto-regiao\\\/#\\\/schema\\\/logo\\\/image\\\/\",\"url\":\"https:\\\/\\\/redenoticiaz.com.br\\\/barretos-regiao\\\/wp-content\\\/uploads\\\/sites\\\/4\\\/2022\\\/02\\\/logo.jpg\",\"contentUrl\":\"https:\\\/\\\/redenoticiaz.com.br\\\/barretos-regiao\\\/wp-content\\\/uploads\\\/sites\\\/4\\\/2022\\\/02\\\/logo.jpg\",\"width\":400,\"height\":250,\"caption\":\"Ribeir\u00e3o Preto e Regi\u00e3o\"},\"image\":{\"@id\":\"https:\\\/\\\/redenoticiaz.com.br\\\/ribeiraopreto-regiao\\\/#\\\/schema\\\/logo\\\/image\\\/\"},\"sameAs\":[\"https:\\\/\\\/m.facebook.com\\\/redenoticiaz.barretos\",\"https:\\\/\\\/x.com\\\/RN_barretos\",\"https:\\\/\\\/www.instagram.com\\\/redenoticiaz.barretos\\\/?igshid=YmMyMTA2M2Y\",\"https:\\\/\\\/www.linkedin.com\\\/company\\\/rede-noticiaz-barretos-e-regio\\\/\"]},{\"@type\":\"Person\",\"@id\":\"https:\\\/\\\/redenoticiaz.com.br\\\/ribeiraopreto-regiao\\\/#\\\/schema\\\/person\\\/e1b0bd8c2637e2c1b6ddcbc2c33b116f\",\"name\":\"Patr\u00edcia Prado\",\"image\":{\"@type\":\"ImageObject\",\"inLanguage\":\"pt-BR\",\"@id\":\"https:\\\/\\\/secure.gravatar.com\\\/avatar\\\/92e358bef22cfcec15e054ae4d9fee04dadf0c772dc4a17b382b8a34a15354c2?s=96&d=mm&r=g\",\"url\":\"https:\\\/\\\/secure.gravatar.com\\\/avatar\\\/92e358bef22cfcec15e054ae4d9fee04dadf0c772dc4a17b382b8a34a15354c2?s=96&d=mm&r=g\",\"contentUrl\":\"https:\\\/\\\/secure.gravatar.com\\\/avatar\\\/92e358bef22cfcec15e054ae4d9fee04dadf0c772dc4a17b382b8a34a15354c2?s=96&d=mm&r=g\",\"caption\":\"Patr\u00edcia Prado\"},\"url\":\"https:\\\/\\\/redenoticiaz.com.br\\\/ribeiraopreto-regiao\\\/sp\\\/author\\\/patricia-prado\"}]}<\/script>\n<!-- \/ Yoast SEO plugin. -->","yoast_head_json":{"title":"Novo prazo para contestar fraudes no Pix sobe de 30 para 80 dias - Ribeir\u00e3o Preto e Regi\u00e3o","robots":{"index":"index","follow":"follow","max-snippet":"max-snippet:-1","max-image-preview":"max-image-preview:large","max-video-preview":"max-video-preview:-1"},"canonical":"https:\/\/redenoticiaz.com.br\/ribeiraopreto-regiao\/sp\/2026\/09\/01\/novo-prazo-para-contestar-fraudes-no-pix-sobe-de-30-para-80-dias","og_locale":"pt_BR","og_type":"article","og_title":"Novo prazo para contestar fraudes no Pix sobe de 30 para 80 dias - Ribeir\u00e3o Preto e Regi\u00e3o","og_description":"A partir desta ter\u00e7a-feira (1\u00ba), uma nova regra do Pix eleva de 30 para 80 dias o prazo para contestar uma devolu\u00e7\u00e3o realizada pelo Mecanismo Especial de Devolu\u00e7\u00e3o (MED) em casos de suspeita de fraude. A mudan\u00e7a, estabelecida pelo Banco Central, visa proteger comerciantes, prestadores de servi\u00e7os e pequenos neg\u00f3cios que s\u00e3o alvos de golpes &hellip;","og_url":"https:\/\/redenoticiaz.com.br\/ribeiraopreto-regiao\/sp\/2026\/09\/01\/novo-prazo-para-contestar-fraudes-no-pix-sobe-de-30-para-80-dias","og_site_name":"Ribeir\u00e3o Preto e Regi\u00e3o","article_publisher":"https:\/\/m.facebook.com\/redenoticiaz.barretos","article_published_time":"2026-09-01T18:50:55+00:00","og_image":[{"width":400,"height":250,"url":"https:\/\/redenoticiaz.com.br\/ribeiraopreto-regiao\/wp-content\/uploads\/sites\/4\/2022\/02\/logo.jpg","type":"image\/jpeg"}],"author":"Patr\u00edcia Prado","twitter_card":"summary_large_image","twitter_creator":"@RN_barretos","twitter_site":"@RN_barretos","twitter_misc":{"Escrito por":"Patr\u00edcia Prado","Est. tempo de leitura":"3 minutos"},"schema":{"@context":"https:\/\/schema.org","@graph":[{"@type":"Article","@id":"https:\/\/redenoticiaz.com.br\/ribeiraopreto-regiao\/sp\/2026\/09\/01\/novo-prazo-para-contestar-fraudes-no-pix-sobe-de-30-para-80-dias#article","isPartOf":{"@id":"https:\/\/redenoticiaz.com.br\/ribeiraopreto-regiao\/sp\/2026\/09\/01\/novo-prazo-para-contestar-fraudes-no-pix-sobe-de-30-para-80-dias"},"author":{"name":"Patr\u00edcia Prado","@id":"https:\/\/redenoticiaz.com.br\/ribeiraopreto-regiao\/#\/schema\/person\/e1b0bd8c2637e2c1b6ddcbc2c33b116f"},"headline":"Novo prazo para contestar fraudes no Pix sobe de 30 para 80 dias","datePublished":"2026-09-01T18:50:55+00:00","mainEntityOfPage":{"@id":"https:\/\/redenoticiaz.com.br\/ribeiraopreto-regiao\/sp\/2026\/09\/01\/novo-prazo-para-contestar-fraudes-no-pix-sobe-de-30-para-80-dias"},"wordCount":620,"commentCount":0,"publisher":{"@id":"https:\/\/redenoticiaz.com.br\/ribeiraopreto-regiao\/#organization"},"image":{"@id":"https:\/\/redenoticiaz.com.br\/ribeiraopreto-regiao\/sp\/2026\/09\/01\/novo-prazo-para-contestar-fraudes-no-pix-sobe-de-30-para-80-dias#primaryimage"},"thumbnailUrl":"https:\/\/redenoticiaz.com.br\/ribeiraopreto-regiao\/wp-content\/uploads\/sites\/4\/2026\/09\/mg_8269.jpg","articleSection":["Economia","Tecnologia"],"inLanguage":"pt-BR","potentialAction":[{"@type":"CommentAction","name":"Comment","target":["https:\/\/redenoticiaz.com.br\/ribeiraopreto-regiao\/sp\/2026\/09\/01\/novo-prazo-para-contestar-fraudes-no-pix-sobe-de-30-para-80-dias#respond"]}]},{"@type":"WebPage","@id":"https:\/\/redenoticiaz.com.br\/ribeiraopreto-regiao\/sp\/2026\/09\/01\/novo-prazo-para-contestar-fraudes-no-pix-sobe-de-30-para-80-dias","url":"https:\/\/redenoticiaz.com.br\/ribeiraopreto-regiao\/sp\/2026\/09\/01\/novo-prazo-para-contestar-fraudes-no-pix-sobe-de-30-para-80-dias","name":"Novo prazo para contestar fraudes no Pix sobe de 30 para 80 dias - Ribeir\u00e3o Preto e Regi\u00e3o","isPartOf":{"@id":"https:\/\/redenoticiaz.com.br\/ribeiraopreto-regiao\/#website"},"primaryImageOfPage":{"@id":"https:\/\/redenoticiaz.com.br\/ribeiraopreto-regiao\/sp\/2026\/09\/01\/novo-prazo-para-contestar-fraudes-no-pix-sobe-de-30-para-80-dias#primaryimage"},"image":{"@id":"https:\/\/redenoticiaz.com.br\/ribeiraopreto-regiao\/sp\/2026\/09\/01\/novo-prazo-para-contestar-fraudes-no-pix-sobe-de-30-para-80-dias#primaryimage"},"thumbnailUrl":"https:\/\/redenoticiaz.com.br\/ribeiraopreto-regiao\/wp-content\/uploads\/sites\/4\/2026\/09\/mg_8269.jpg","datePublished":"2026-09-01T18:50:55+00:00","inLanguage":"pt-BR","potentialAction":[{"@type":"ReadAction","target":["https:\/\/redenoticiaz.com.br\/ribeiraopreto-regiao\/sp\/2026\/09\/01\/novo-prazo-para-contestar-fraudes-no-pix-sobe-de-30-para-80-dias"]}]},{"@type":"ImageObject","inLanguage":"pt-BR","@id":"https:\/\/redenoticiaz.com.br\/ribeiraopreto-regiao\/sp\/2026\/09\/01\/novo-prazo-para-contestar-fraudes-no-pix-sobe-de-30-para-80-dias#primaryimage","url":"https:\/\/redenoticiaz.com.br\/ribeiraopreto-regiao\/wp-content\/uploads\/sites\/4\/2026\/09\/mg_8269.jpg","contentUrl":"https:\/\/redenoticiaz.com.br\/ribeiraopreto-regiao\/wp-content\/uploads\/sites\/4\/2026\/09\/mg_8269.jpg","width":1600,"height":800},{"@type":"WebSite","@id":"https:\/\/redenoticiaz.com.br\/ribeiraopreto-regiao\/#website","url":"https:\/\/redenoticiaz.com.br\/ribeiraopreto-regiao\/","name":"Ribeir\u00e3o Preto e Regi\u00e3o","description":"Rede NoticiaZ - Ribeir\u00e3o Preto e regi\u00e3o","publisher":{"@id":"https:\/\/redenoticiaz.com.br\/ribeiraopreto-regiao\/#organization"},"potentialAction":[{"@type":"SearchAction","target":{"@type":"EntryPoint","urlTemplate":"https:\/\/redenoticiaz.com.br\/ribeiraopreto-regiao\/?s={search_term_string}"},"query-input":{"@type":"PropertyValueSpecification","valueRequired":true,"valueName":"search_term_string"}}],"inLanguage":"pt-BR"},{"@type":"Organization","@id":"https:\/\/redenoticiaz.com.br\/ribeiraopreto-regiao\/#organization","name":"Ribeir\u00e3o Preto e Regi\u00e3o","url":"https:\/\/redenoticiaz.com.br\/ribeiraopreto-regiao\/","logo":{"@type":"ImageObject","inLanguage":"pt-BR","@id":"https:\/\/redenoticiaz.com.br\/ribeiraopreto-regiao\/#\/schema\/logo\/image\/","url":"https:\/\/redenoticiaz.com.br\/barretos-regiao\/wp-content\/uploads\/sites\/4\/2022\/02\/logo.jpg","contentUrl":"https:\/\/redenoticiaz.com.br\/barretos-regiao\/wp-content\/uploads\/sites\/4\/2022\/02\/logo.jpg","width":400,"height":250,"caption":"Ribeir\u00e3o Preto e Regi\u00e3o"},"image":{"@id":"https:\/\/redenoticiaz.com.br\/ribeiraopreto-regiao\/#\/schema\/logo\/image\/"},"sameAs":["https:\/\/m.facebook.com\/redenoticiaz.barretos","https:\/\/x.com\/RN_barretos","https:\/\/www.instagram.com\/redenoticiaz.barretos\/?igshid=YmMyMTA2M2Y","https:\/\/www.linkedin.com\/company\/rede-noticiaz-barretos-e-regio\/"]},{"@type":"Person","@id":"https:\/\/redenoticiaz.com.br\/ribeiraopreto-regiao\/#\/schema\/person\/e1b0bd8c2637e2c1b6ddcbc2c33b116f","name":"Patr\u00edcia Prado","image":{"@type":"ImageObject","inLanguage":"pt-BR","@id":"https:\/\/secure.gravatar.com\/avatar\/92e358bef22cfcec15e054ae4d9fee04dadf0c772dc4a17b382b8a34a15354c2?s=96&d=mm&r=g","url":"https:\/\/secure.gravatar.com\/avatar\/92e358bef22cfcec15e054ae4d9fee04dadf0c772dc4a17b382b8a34a15354c2?s=96&d=mm&r=g","contentUrl":"https:\/\/secure.gravatar.com\/avatar\/92e358bef22cfcec15e054ae4d9fee04dadf0c772dc4a17b382b8a34a15354c2?s=96&d=mm&r=g","caption":"Patr\u00edcia Prado"},"url":"https:\/\/redenoticiaz.com.br\/ribeiraopreto-regiao\/sp\/author\/patricia-prado"}]}},"_links":{"self":[{"href":"https:\/\/redenoticiaz.com.br\/ribeiraopreto-regiao\/wp-json\/wp\/v2\/posts\/123027","targetHints":{"allow":["GET"]}}],"collection":[{"href":"https:\/\/redenoticiaz.com.br\/ribeiraopreto-regiao\/wp-json\/wp\/v2\/posts"}],"about":[{"href":"https:\/\/redenoticiaz.com.br\/ribeiraopreto-regiao\/wp-json\/wp\/v2\/types\/post"}],"author":[{"embeddable":true,"href":"https:\/\/redenoticiaz.com.br\/ribeiraopreto-regiao\/wp-json\/wp\/v2\/users\/5"}],"replies":[{"embeddable":true,"href":"https:\/\/redenoticiaz.com.br\/ribeiraopreto-regiao\/wp-json\/wp\/v2\/comments?post=123027"}],"version-history":[{"count":0,"href":"https:\/\/redenoticiaz.com.br\/ribeiraopreto-regiao\/wp-json\/wp\/v2\/posts\/123027\/revisions"}],"wp:featuredmedia":[{"embeddable":true,"href":"https:\/\/redenoticiaz.com.br\/ribeiraopreto-regiao\/wp-json\/wp\/v2\/media\/123028"}],"wp:attachment":[{"href":"https:\/\/redenoticiaz.com.br\/ribeiraopreto-regiao\/wp-json\/wp\/v2\/media?parent=123027"}],"wp:term":[{"taxonomy":"category","embeddable":true,"href":"https:\/\/redenoticiaz.com.br\/ribeiraopreto-regiao\/wp-json\/wp\/v2\/categories?post=123027"},{"taxonomy":"post_tag","embeddable":true,"href":"https:\/\/redenoticiaz.com.br\/ribeiraopreto-regiao\/wp-json\/wp\/v2\/tags?post=123027"}],"curies":[{"name":"wp","href":"https:\/\/api.w.org\/{rel}","templated":true}]}}