{"id":123029,"date":"2026-09-01T15:59:10","date_gmt":"2026-09-01T18:59:10","guid":{"rendered":"https:\/\/redenoticiaz.com.br\/ribeiraopreto-regiao\/sp\/2026\/09\/01\/ribeirao-preto-promove-programacao-diversificada-na-25a-feira-internacional-do-livro-com-foco-em-cultura-saude-e-sustentabilidade"},"modified":"2026-09-01T15:59:10","modified_gmt":"2026-09-01T18:59:10","slug":"ribeirao-preto-promove-programacao-diversificada-na-25a-feira-internacional-do-livro-com-foco-em-cultura-saude-e-sustentabilidade","status":"publish","type":"post","link":"https:\/\/redenoticiaz.com.br\/ribeiraopreto-regiao\/sp\/2026\/09\/01\/ribeirao-preto-promove-programacao-diversificada-na-25a-feira-internacional-do-livro-com-foco-em-cultura-saude-e-sustentabilidade","title":{"rendered":"Ribeir\u00e3o Preto promove programa\u00e7\u00e3o diversificada na 25\u00aa Feira Internacional do Livro com foco em cultura, sa\u00fade e sustentabilidade"},"content":{"rendered":"<p>A Prefeitura de Ribeir\u00e3o Preto participa da 25\u00aa Feira Internacional do Livro (FIL) com uma programa\u00e7\u00e3o diversificada que envolve m\u00faltiplas secretarias e \u00f3rg\u00e3os municipais. As atividades come\u00e7aram no domingo, 30 de agosto, e se estender\u00e3o at\u00e9 s\u00e1bado, 5 de setembro, nos estandes localizados em frente \u00e0 esplanada do Theatro Pedro II.<\/p>\n<p>A programa\u00e7\u00e3o abrange uma variedade de eventos projetados para atrair diferentes p\u00fablicos. Entre as atividades, destacam-se conta\u00e7\u00e3o de hist\u00f3rias, oficinas, apresenta\u00e7\u00f5es culturais, palestras, bate-papos, m\u00fasica, dan\u00e7a e a\u00e7\u00f5es educativas, abordando temas como cidadania, inclus\u00e3o, sustentabilidade e prepara\u00e7\u00e3o profissional para jovens.<\/p>\n<p>As a\u00e7\u00f5es da Secretaria da Educa\u00e7\u00e3o, em comemora\u00e7\u00e3o aos 170 anos de Ribeir\u00e3o Preto, incluem a apresenta\u00e7\u00e3o \u201cRibeir\u00e3o Preto: 170 Anos de Hist\u00f3ria, Caf\u00e9 e Inova\u00e7\u00e3o\u201d, declama\u00e7\u00e3o de poemas e atividades inspiradas na literatura de cordel. Uma das propostas visa narrar a hist\u00f3ria da cidade por meio de um livro gigante e, al\u00e9m disso, ser\u00e1 oferecida a palestra \u201cA Hist\u00f3ria da Cria\u00e7\u00e3o na Cosmovis\u00e3o Guarani\u201d, com viv\u00eancia de canto ind\u00edgena.<\/p>\n<p>Na \u00e1rea de sa\u00fade, atividades como \u201cProfiss\u00f5es do SUS: cuidar das pessoas tamb\u00e9m \u00e9 uma profiss\u00e3o\u201d ser\u00e3o realizadas, al\u00e9m de a\u00e7\u00f5es voltadas \u00e0 inclus\u00e3o e prote\u00e7\u00e3o social, abrangendo atividades do CRAS 1 e apresenta\u00e7\u00f5es de projetos voltados \u00e0 preven\u00e7\u00e3o do trabalho infantil.<\/p>\n<p>Outros assuntos de destaque na programa\u00e7\u00e3o incluem sustentabilidade, com oficinas sobre economia circular e palestras relacionadas ao projeto Dr. C\u00e3opaix\u00e3o e os c\u00e3es terapeutas. A SAERP estar\u00e1 presente com uma palestra sobre abastecimento de \u00e1gua, promovendo a conscientiza\u00e7\u00e3o ambiental.<\/p>\n<p>A agenda cultural \u00e9 ampla, com apresenta\u00e7\u00f5es que incluem Folia de Reis, bateria da escola de samba Os Embaixadores, shows de diferentes estilos e a participa\u00e7\u00e3o da Funda\u00e7\u00e3o Instituto do Livro com sess\u00f5es de conta\u00e7\u00e3o de hist\u00f3rias.<\/p>\n<p>A Funtec tamb\u00e9m se destaca no evento, realizando diariamente a oficina \u201cIA na pr\u00e1tica: crie personagens de obras liter\u00e1rias com intelig\u00eancia artificial\u201d, unindo literatura e tecnologia. Al\u00e9m disso, a\u00e7\u00f5es voltadas \u00e0 forma\u00e7\u00e3o e inclus\u00e3o produtiva, como bate-papos sobre o Servi\u00e7o de Aprendizagem e iniciativas para mulheres empreendedoras, est\u00e3o programadas.<\/p>\n<p>O \u00faltimo dia da FIL, marcado para s\u00e1bado, 5 de setembro, contar\u00e1 com atividades no estande principal da Prefeitura a partir das 13h30, com apresenta\u00e7\u00e3o da Folia de Reis \u2013 Irm\u00e3o Adolfo, e \u00e0s 14h30, a bateria da escola de samba Os Embaixadores encerrar\u00e1 a participa\u00e7\u00e3o da Prefeitura no evento.<\/p>\n","protected":false},"excerpt":{"rendered":"<p>A Prefeitura de Ribeir\u00e3o Preto participa da 25\u00aa Feira Internacional do Livro (FIL) com uma programa\u00e7\u00e3o diversificada que envolve m\u00faltiplas secretarias e \u00f3rg\u00e3os municipais. As atividades come\u00e7aram no domingo, 30 de agosto, e se estender\u00e3o at\u00e9 s\u00e1bado, 5 de setembro, nos estandes localizados em frente \u00e0 esplanada do Theatro Pedro II. A programa\u00e7\u00e3o abrange uma &hellip;<\/p>\n","protected":false},"author":5,"featured_media":123030,"comment_status":"open","ping_status":"closed","sticky":false,"template":"","format":"standard","meta":{"footnotes":""},"categories":[252,18753,469,815,101,820,94,2920,31500,129,1561],"tags":[],"class_list":["post-123029","post","type-post","status-publish","format-standard","has-post-thumbnail","hentry","category-acao-social","category-cidadania","category-cultura","category-cultura-e-musica","category-economia","category-educacao","category-meio-ambiente","category-obras","category-ribeirao-preto","category-saude","category-tecnologia"],"yoast_head":"<!-- This site is optimized with the Yoast SEO plugin v28.3 - https:\/\/yoast.com\/product\/yoast-seo-wordpress\/ -->\n<title>Ribeir\u00e3o Preto promove programa\u00e7\u00e3o diversificada na 25\u00aa Feira Internacional do Livro com foco em cultura, sa\u00fade e sustentabilidade - Ribeir\u00e3o Preto e Regi\u00e3o<\/title>\n<meta name=\"robots\" content=\"index, follow, max-snippet:-1, max-image-preview:large, max-video-preview:-1\" \/>\n<link rel=\"canonical\" href=\"https:\/\/redenoticiaz.com.br\/ribeiraopreto-regiao\/sp\/2026\/09\/01\/ribeirao-preto-promove-programacao-diversificada-na-25a-feira-internacional-do-livro-com-foco-em-cultura-saude-e-sustentabilidade\" \/>\n<meta property=\"og:locale\" content=\"pt_BR\" \/>\n<meta property=\"og:type\" content=\"article\" \/>\n<meta property=\"og:title\" content=\"Ribeir\u00e3o Preto promove programa\u00e7\u00e3o diversificada na 25\u00aa Feira Internacional do Livro com foco em cultura, sa\u00fade e sustentabilidade - Ribeir\u00e3o Preto e Regi\u00e3o\" \/>\n<meta property=\"og:description\" content=\"A Prefeitura de Ribeir\u00e3o Preto participa da 25\u00aa Feira Internacional do Livro (FIL) com uma programa\u00e7\u00e3o diversificada que envolve m\u00faltiplas secretarias e \u00f3rg\u00e3os municipais. As atividades come\u00e7aram no domingo, 30 de agosto, e se estender\u00e3o at\u00e9 s\u00e1bado, 5 de setembro, nos estandes localizados em frente \u00e0 esplanada do Theatro Pedro II. A programa\u00e7\u00e3o abrange uma &hellip;\" \/>\n<meta property=\"og:url\" content=\"https:\/\/redenoticiaz.com.br\/ribeiraopreto-regiao\/sp\/2026\/09\/01\/ribeirao-preto-promove-programacao-diversificada-na-25a-feira-internacional-do-livro-com-foco-em-cultura-saude-e-sustentabilidade\" \/>\n<meta property=\"og:site_name\" content=\"Ribeir\u00e3o Preto e Regi\u00e3o\" \/>\n<meta property=\"article:publisher\" content=\"https:\/\/m.facebook.com\/redenoticiaz.barretos\" \/>\n<meta property=\"article:published_time\" content=\"2026-09-01T18:59:10+00:00\" \/>\n<meta property=\"og:image\" content=\"https:\/\/redenoticiaz.com.br\/ribeiraopreto-regiao\/wp-content\/uploads\/sites\/4\/2022\/02\/logo.jpg\" \/>\n\t<meta property=\"og:image:width\" content=\"400\" \/>\n\t<meta property=\"og:image:height\" content=\"250\" \/>\n\t<meta property=\"og:image:type\" content=\"image\/jpeg\" \/>\n<meta name=\"author\" content=\"Patr\u00edcia Prado\" \/>\n<meta name=\"twitter:card\" content=\"summary_large_image\" \/>\n<meta name=\"twitter:creator\" content=\"@RN_barretos\" \/>\n<meta name=\"twitter:site\" content=\"@RN_barretos\" \/>\n<meta name=\"twitter:label1\" content=\"Escrito por\" \/>\n\t<meta name=\"twitter:data1\" content=\"Patr\u00edcia Prado\" \/>\n\t<meta name=\"twitter:label2\" content=\"Est. tempo de leitura\" \/>\n\t<meta name=\"twitter:data2\" content=\"2 minutos\" \/>\n<script type=\"application\/ld+json\" class=\"yoast-schema-graph\">{\"@context\":\"https:\\\/\\\/schema.org\",\"@graph\":[{\"@type\":\"Article\",\"@id\":\"https:\\\/\\\/redenoticiaz.com.br\\\/ribeiraopreto-regiao\\\/sp\\\/2026\\\/09\\\/01\\\/ribeirao-preto-promove-programacao-diversificada-na-25a-feira-internacional-do-livro-com-foco-em-cultura-saude-e-sustentabilidade#article\",\"isPartOf\":{\"@id\":\"https:\\\/\\\/redenoticiaz.com.br\\\/ribeiraopreto-regiao\\\/sp\\\/2026\\\/09\\\/01\\\/ribeirao-preto-promove-programacao-diversificada-na-25a-feira-internacional-do-livro-com-foco-em-cultura-saude-e-sustentabilidade\"},\"author\":{\"name\":\"Patr\u00edcia Prado\",\"@id\":\"https:\\\/\\\/redenoticiaz.com.br\\\/ribeiraopreto-regiao\\\/#\\\/schema\\\/person\\\/e1b0bd8c2637e2c1b6ddcbc2c33b116f\"},\"headline\":\"Ribeir\u00e3o Preto promove programa\u00e7\u00e3o diversificada na 25\u00aa Feira Internacional do Livro com foco em cultura, sa\u00fade e sustentabilidade\",\"datePublished\":\"2026-09-01T18:59:10+00:00\",\"mainEntityOfPage\":{\"@id\":\"https:\\\/\\\/redenoticiaz.com.br\\\/ribeiraopreto-regiao\\\/sp\\\/2026\\\/09\\\/01\\\/ribeirao-preto-promove-programacao-diversificada-na-25a-feira-internacional-do-livro-com-foco-em-cultura-saude-e-sustentabilidade\"},\"wordCount\":453,\"commentCount\":0,\"publisher\":{\"@id\":\"https:\\\/\\\/redenoticiaz.com.br\\\/ribeiraopreto-regiao\\\/#organization\"},\"image\":{\"@id\":\"https:\\\/\\\/redenoticiaz.com.br\\\/ribeiraopreto-regiao\\\/sp\\\/2026\\\/09\\\/01\\\/ribeirao-preto-promove-programacao-diversificada-na-25a-feira-internacional-do-livro-com-foco-em-cultura-saude-e-sustentabilidade#primaryimage\"},\"thumbnailUrl\":\"https:\\\/\\\/redenoticiaz.com.br\\\/ribeiraopreto-regiao\\\/wp-content\\\/uploads\\\/sites\\\/4\\\/2026\\\/09\\\/feira_do_livro_26_-_foto_fernando_gonzaga_1.jpg\",\"articleSection\":[\"A\u00e7\u00e3o Social\",\"Cidadania\",\"Cultura\",\"Cultura e M\u00fasica\",\"Economia\",\"Educa\u00e7\u00e3o\",\"Meio Ambiente\",\"Obras\",\"Ribeir\u00e3o Preto\",\"Sa\u00fade\",\"Tecnologia\"],\"inLanguage\":\"pt-BR\",\"potentialAction\":[{\"@type\":\"CommentAction\",\"name\":\"Comment\",\"target\":[\"https:\\\/\\\/redenoticiaz.com.br\\\/ribeiraopreto-regiao\\\/sp\\\/2026\\\/09\\\/01\\\/ribeirao-preto-promove-programacao-diversificada-na-25a-feira-internacional-do-livro-com-foco-em-cultura-saude-e-sustentabilidade#respond\"]}]},{\"@type\":\"WebPage\",\"@id\":\"https:\\\/\\\/redenoticiaz.com.br\\\/ribeiraopreto-regiao\\\/sp\\\/2026\\\/09\\\/01\\\/ribeirao-preto-promove-programacao-diversificada-na-25a-feira-internacional-do-livro-com-foco-em-cultura-saude-e-sustentabilidade\",\"url\":\"https:\\\/\\\/redenoticiaz.com.br\\\/ribeiraopreto-regiao\\\/sp\\\/2026\\\/09\\\/01\\\/ribeirao-preto-promove-programacao-diversificada-na-25a-feira-internacional-do-livro-com-foco-em-cultura-saude-e-sustentabilidade\",\"name\":\"Ribeir\u00e3o Preto promove programa\u00e7\u00e3o diversificada na 25\u00aa Feira Internacional do Livro com foco em cultura, sa\u00fade e sustentabilidade - Ribeir\u00e3o Preto e Regi\u00e3o\",\"isPartOf\":{\"@id\":\"https:\\\/\\\/redenoticiaz.com.br\\\/ribeiraopreto-regiao\\\/#website\"},\"primaryImageOfPage\":{\"@id\":\"https:\\\/\\\/redenoticiaz.com.br\\\/ribeiraopreto-regiao\\\/sp\\\/2026\\\/09\\\/01\\\/ribeirao-preto-promove-programacao-diversificada-na-25a-feira-internacional-do-livro-com-foco-em-cultura-saude-e-sustentabilidade#primaryimage\"},\"image\":{\"@id\":\"https:\\\/\\\/redenoticiaz.com.br\\\/ribeiraopreto-regiao\\\/sp\\\/2026\\\/09\\\/01\\\/ribeirao-preto-promove-programacao-diversificada-na-25a-feira-internacional-do-livro-com-foco-em-cultura-saude-e-sustentabilidade#primaryimage\"},\"thumbnailUrl\":\"https:\\\/\\\/redenoticiaz.com.br\\\/ribeiraopreto-regiao\\\/wp-content\\\/uploads\\\/sites\\\/4\\\/2026\\\/09\\\/feira_do_livro_26_-_foto_fernando_gonzaga_1.jpg\",\"datePublished\":\"2026-09-01T18:59:10+00:00\",\"inLanguage\":\"pt-BR\",\"potentialAction\":[{\"@type\":\"ReadAction\",\"target\":[\"https:\\\/\\\/redenoticiaz.com.br\\\/ribeiraopreto-regiao\\\/sp\\\/2026\\\/09\\\/01\\\/ribeirao-preto-promove-programacao-diversificada-na-25a-feira-internacional-do-livro-com-foco-em-cultura-saude-e-sustentabilidade\"]}]},{\"@type\":\"ImageObject\",\"inLanguage\":\"pt-BR\",\"@id\":\"https:\\\/\\\/redenoticiaz.com.br\\\/ribeiraopreto-regiao\\\/sp\\\/2026\\\/09\\\/01\\\/ribeirao-preto-promove-programacao-diversificada-na-25a-feira-internacional-do-livro-com-foco-em-cultura-saude-e-sustentabilidade#primaryimage\",\"url\":\"https:\\\/\\\/redenoticiaz.com.br\\\/ribeiraopreto-regiao\\\/wp-content\\\/uploads\\\/sites\\\/4\\\/2026\\\/09\\\/feira_do_livro_26_-_foto_fernando_gonzaga_1.jpg\",\"contentUrl\":\"https:\\\/\\\/redenoticiaz.com.br\\\/ribeiraopreto-regiao\\\/wp-content\\\/uploads\\\/sites\\\/4\\\/2026\\\/09\\\/feira_do_livro_26_-_foto_fernando_gonzaga_1.jpg\",\"width\":1620,\"height\":1080},{\"@type\":\"WebSite\",\"@id\":\"https:\\\/\\\/redenoticiaz.com.br\\\/ribeiraopreto-regiao\\\/#website\",\"url\":\"https:\\\/\\\/redenoticiaz.com.br\\\/ribeiraopreto-regiao\\\/\",\"name\":\"Ribeir\u00e3o Preto e Regi\u00e3o\",\"description\":\"Rede NoticiaZ - Ribeir\u00e3o Preto e regi\u00e3o\",\"publisher\":{\"@id\":\"https:\\\/\\\/redenoticiaz.com.br\\\/ribeiraopreto-regiao\\\/#organization\"},\"potentialAction\":[{\"@type\":\"SearchAction\",\"target\":{\"@type\":\"EntryPoint\",\"urlTemplate\":\"https:\\\/\\\/redenoticiaz.com.br\\\/ribeiraopreto-regiao\\\/?s={search_term_string}\"},\"query-input\":{\"@type\":\"PropertyValueSpecification\",\"valueRequired\":true,\"valueName\":\"search_term_string\"}}],\"inLanguage\":\"pt-BR\"},{\"@type\":\"Organization\",\"@id\":\"https:\\\/\\\/redenoticiaz.com.br\\\/ribeiraopreto-regiao\\\/#organization\",\"name\":\"Ribeir\u00e3o Preto e Regi\u00e3o\",\"url\":\"https:\\\/\\\/redenoticiaz.com.br\\\/ribeiraopreto-regiao\\\/\",\"logo\":{\"@type\":\"ImageObject\",\"inLanguage\":\"pt-BR\",\"@id\":\"https:\\\/\\\/redenoticiaz.com.br\\\/ribeiraopreto-regiao\\\/#\\\/schema\\\/logo\\\/image\\\/\",\"url\":\"https:\\\/\\\/redenoticiaz.com.br\\\/barretos-regiao\\\/wp-content\\\/uploads\\\/sites\\\/4\\\/2022\\\/02\\\/logo.jpg\",\"contentUrl\":\"https:\\\/\\\/redenoticiaz.com.br\\\/barretos-regiao\\\/wp-content\\\/uploads\\\/sites\\\/4\\\/2022\\\/02\\\/logo.jpg\",\"width\":400,\"height\":250,\"caption\":\"Ribeir\u00e3o Preto e Regi\u00e3o\"},\"image\":{\"@id\":\"https:\\\/\\\/redenoticiaz.com.br\\\/ribeiraopreto-regiao\\\/#\\\/schema\\\/logo\\\/image\\\/\"},\"sameAs\":[\"https:\\\/\\\/m.facebook.com\\\/redenoticiaz.barretos\",\"https:\\\/\\\/x.com\\\/RN_barretos\",\"https:\\\/\\\/www.instagram.com\\\/redenoticiaz.barretos\\\/?igshid=YmMyMTA2M2Y\",\"https:\\\/\\\/www.linkedin.com\\\/company\\\/rede-noticiaz-barretos-e-regio\\\/\"]},{\"@type\":\"Person\",\"@id\":\"https:\\\/\\\/redenoticiaz.com.br\\\/ribeiraopreto-regiao\\\/#\\\/schema\\\/person\\\/e1b0bd8c2637e2c1b6ddcbc2c33b116f\",\"name\":\"Patr\u00edcia Prado\",\"image\":{\"@type\":\"ImageObject\",\"inLanguage\":\"pt-BR\",\"@id\":\"https:\\\/\\\/secure.gravatar.com\\\/avatar\\\/92e358bef22cfcec15e054ae4d9fee04dadf0c772dc4a17b382b8a34a15354c2?s=96&d=mm&r=g\",\"url\":\"https:\\\/\\\/secure.gravatar.com\\\/avatar\\\/92e358bef22cfcec15e054ae4d9fee04dadf0c772dc4a17b382b8a34a15354c2?s=96&d=mm&r=g\",\"contentUrl\":\"https:\\\/\\\/secure.gravatar.com\\\/avatar\\\/92e358bef22cfcec15e054ae4d9fee04dadf0c772dc4a17b382b8a34a15354c2?s=96&d=mm&r=g\",\"caption\":\"Patr\u00edcia Prado\"},\"url\":\"https:\\\/\\\/redenoticiaz.com.br\\\/ribeiraopreto-regiao\\\/sp\\\/author\\\/patricia-prado\"}]}<\/script>\n<!-- \/ Yoast SEO plugin. -->","yoast_head_json":{"title":"Ribeir\u00e3o Preto promove programa\u00e7\u00e3o diversificada na 25\u00aa Feira Internacional do Livro com foco em cultura, sa\u00fade e sustentabilidade - Ribeir\u00e3o Preto e Regi\u00e3o","robots":{"index":"index","follow":"follow","max-snippet":"max-snippet:-1","max-image-preview":"max-image-preview:large","max-video-preview":"max-video-preview:-1"},"canonical":"https:\/\/redenoticiaz.com.br\/ribeiraopreto-regiao\/sp\/2026\/09\/01\/ribeirao-preto-promove-programacao-diversificada-na-25a-feira-internacional-do-livro-com-foco-em-cultura-saude-e-sustentabilidade","og_locale":"pt_BR","og_type":"article","og_title":"Ribeir\u00e3o Preto promove programa\u00e7\u00e3o diversificada na 25\u00aa Feira Internacional do Livro com foco em cultura, sa\u00fade e sustentabilidade - Ribeir\u00e3o Preto e Regi\u00e3o","og_description":"A Prefeitura de Ribeir\u00e3o Preto participa da 25\u00aa Feira Internacional do Livro (FIL) com uma programa\u00e7\u00e3o diversificada que envolve m\u00faltiplas secretarias e \u00f3rg\u00e3os municipais. As atividades come\u00e7aram no domingo, 30 de agosto, e se estender\u00e3o at\u00e9 s\u00e1bado, 5 de setembro, nos estandes localizados em frente \u00e0 esplanada do Theatro Pedro II. A programa\u00e7\u00e3o abrange uma &hellip;","og_url":"https:\/\/redenoticiaz.com.br\/ribeiraopreto-regiao\/sp\/2026\/09\/01\/ribeirao-preto-promove-programacao-diversificada-na-25a-feira-internacional-do-livro-com-foco-em-cultura-saude-e-sustentabilidade","og_site_name":"Ribeir\u00e3o Preto e Regi\u00e3o","article_publisher":"https:\/\/m.facebook.com\/redenoticiaz.barretos","article_published_time":"2026-09-01T18:59:10+00:00","og_image":[{"width":400,"height":250,"url":"https:\/\/redenoticiaz.com.br\/ribeiraopreto-regiao\/wp-content\/uploads\/sites\/4\/2022\/02\/logo.jpg","type":"image\/jpeg"}],"author":"Patr\u00edcia Prado","twitter_card":"summary_large_image","twitter_creator":"@RN_barretos","twitter_site":"@RN_barretos","twitter_misc":{"Escrito por":"Patr\u00edcia Prado","Est. tempo de leitura":"2 minutos"},"schema":{"@context":"https:\/\/schema.org","@graph":[{"@type":"Article","@id":"https:\/\/redenoticiaz.com.br\/ribeiraopreto-regiao\/sp\/2026\/09\/01\/ribeirao-preto-promove-programacao-diversificada-na-25a-feira-internacional-do-livro-com-foco-em-cultura-saude-e-sustentabilidade#article","isPartOf":{"@id":"https:\/\/redenoticiaz.com.br\/ribeiraopreto-regiao\/sp\/2026\/09\/01\/ribeirao-preto-promove-programacao-diversificada-na-25a-feira-internacional-do-livro-com-foco-em-cultura-saude-e-sustentabilidade"},"author":{"name":"Patr\u00edcia Prado","@id":"https:\/\/redenoticiaz.com.br\/ribeiraopreto-regiao\/#\/schema\/person\/e1b0bd8c2637e2c1b6ddcbc2c33b116f"},"headline":"Ribeir\u00e3o Preto promove programa\u00e7\u00e3o diversificada na 25\u00aa Feira Internacional do Livro com foco em cultura, sa\u00fade e sustentabilidade","datePublished":"2026-09-01T18:59:10+00:00","mainEntityOfPage":{"@id":"https:\/\/redenoticiaz.com.br\/ribeiraopreto-regiao\/sp\/2026\/09\/01\/ribeirao-preto-promove-programacao-diversificada-na-25a-feira-internacional-do-livro-com-foco-em-cultura-saude-e-sustentabilidade"},"wordCount":453,"commentCount":0,"publisher":{"@id":"https:\/\/redenoticiaz.com.br\/ribeiraopreto-regiao\/#organization"},"image":{"@id":"https:\/\/redenoticiaz.com.br\/ribeiraopreto-regiao\/sp\/2026\/09\/01\/ribeirao-preto-promove-programacao-diversificada-na-25a-feira-internacional-do-livro-com-foco-em-cultura-saude-e-sustentabilidade#primaryimage"},"thumbnailUrl":"https:\/\/redenoticiaz.com.br\/ribeiraopreto-regiao\/wp-content\/uploads\/sites\/4\/2026\/09\/feira_do_livro_26_-_foto_fernando_gonzaga_1.jpg","articleSection":["A\u00e7\u00e3o Social","Cidadania","Cultura","Cultura e M\u00fasica","Economia","Educa\u00e7\u00e3o","Meio Ambiente","Obras","Ribeir\u00e3o Preto","Sa\u00fade","Tecnologia"],"inLanguage":"pt-BR","potentialAction":[{"@type":"CommentAction","name":"Comment","target":["https:\/\/redenoticiaz.com.br\/ribeiraopreto-regiao\/sp\/2026\/09\/01\/ribeirao-preto-promove-programacao-diversificada-na-25a-feira-internacional-do-livro-com-foco-em-cultura-saude-e-sustentabilidade#respond"]}]},{"@type":"WebPage","@id":"https:\/\/redenoticiaz.com.br\/ribeiraopreto-regiao\/sp\/2026\/09\/01\/ribeirao-preto-promove-programacao-diversificada-na-25a-feira-internacional-do-livro-com-foco-em-cultura-saude-e-sustentabilidade","url":"https:\/\/redenoticiaz.com.br\/ribeiraopreto-regiao\/sp\/2026\/09\/01\/ribeirao-preto-promove-programacao-diversificada-na-25a-feira-internacional-do-livro-com-foco-em-cultura-saude-e-sustentabilidade","name":"Ribeir\u00e3o Preto promove programa\u00e7\u00e3o diversificada na 25\u00aa Feira Internacional do Livro com foco em cultura, sa\u00fade e sustentabilidade - Ribeir\u00e3o Preto e Regi\u00e3o","isPartOf":{"@id":"https:\/\/redenoticiaz.com.br\/ribeiraopreto-regiao\/#website"},"primaryImageOfPage":{"@id":"https:\/\/redenoticiaz.com.br\/ribeiraopreto-regiao\/sp\/2026\/09\/01\/ribeirao-preto-promove-programacao-diversificada-na-25a-feira-internacional-do-livro-com-foco-em-cultura-saude-e-sustentabilidade#primaryimage"},"image":{"@id":"https:\/\/redenoticiaz.com.br\/ribeiraopreto-regiao\/sp\/2026\/09\/01\/ribeirao-preto-promove-programacao-diversificada-na-25a-feira-internacional-do-livro-com-foco-em-cultura-saude-e-sustentabilidade#primaryimage"},"thumbnailUrl":"https:\/\/redenoticiaz.com.br\/ribeiraopreto-regiao\/wp-content\/uploads\/sites\/4\/2026\/09\/feira_do_livro_26_-_foto_fernando_gonzaga_1.jpg","datePublished":"2026-09-01T18:59:10+00:00","inLanguage":"pt-BR","potentialAction":[{"@type":"ReadAction","target":["https:\/\/redenoticiaz.com.br\/ribeiraopreto-regiao\/sp\/2026\/09\/01\/ribeirao-preto-promove-programacao-diversificada-na-25a-feira-internacional-do-livro-com-foco-em-cultura-saude-e-sustentabilidade"]}]},{"@type":"ImageObject","inLanguage":"pt-BR","@id":"https:\/\/redenoticiaz.com.br\/ribeiraopreto-regiao\/sp\/2026\/09\/01\/ribeirao-preto-promove-programacao-diversificada-na-25a-feira-internacional-do-livro-com-foco-em-cultura-saude-e-sustentabilidade#primaryimage","url":"https:\/\/redenoticiaz.com.br\/ribeiraopreto-regiao\/wp-content\/uploads\/sites\/4\/2026\/09\/feira_do_livro_26_-_foto_fernando_gonzaga_1.jpg","contentUrl":"https:\/\/redenoticiaz.com.br\/ribeiraopreto-regiao\/wp-content\/uploads\/sites\/4\/2026\/09\/feira_do_livro_26_-_foto_fernando_gonzaga_1.jpg","width":1620,"height":1080},{"@type":"WebSite","@id":"https:\/\/redenoticiaz.com.br\/ribeiraopreto-regiao\/#website","url":"https:\/\/redenoticiaz.com.br\/ribeiraopreto-regiao\/","name":"Ribeir\u00e3o Preto e Regi\u00e3o","description":"Rede NoticiaZ - Ribeir\u00e3o Preto e regi\u00e3o","publisher":{"@id":"https:\/\/redenoticiaz.com.br\/ribeiraopreto-regiao\/#organization"},"potentialAction":[{"@type":"SearchAction","target":{"@type":"EntryPoint","urlTemplate":"https:\/\/redenoticiaz.com.br\/ribeiraopreto-regiao\/?s={search_term_string}"},"query-input":{"@type":"PropertyValueSpecification","valueRequired":true,"valueName":"search_term_string"}}],"inLanguage":"pt-BR"},{"@type":"Organization","@id":"https:\/\/redenoticiaz.com.br\/ribeiraopreto-regiao\/#organization","name":"Ribeir\u00e3o Preto e Regi\u00e3o","url":"https:\/\/redenoticiaz.com.br\/ribeiraopreto-regiao\/","logo":{"@type":"ImageObject","inLanguage":"pt-BR","@id":"https:\/\/redenoticiaz.com.br\/ribeiraopreto-regiao\/#\/schema\/logo\/image\/","url":"https:\/\/redenoticiaz.com.br\/barretos-regiao\/wp-content\/uploads\/sites\/4\/2022\/02\/logo.jpg","contentUrl":"https:\/\/redenoticiaz.com.br\/barretos-regiao\/wp-content\/uploads\/sites\/4\/2022\/02\/logo.jpg","width":400,"height":250,"caption":"Ribeir\u00e3o Preto e Regi\u00e3o"},"image":{"@id":"https:\/\/redenoticiaz.com.br\/ribeiraopreto-regiao\/#\/schema\/logo\/image\/"},"sameAs":["https:\/\/m.facebook.com\/redenoticiaz.barretos","https:\/\/x.com\/RN_barretos","https:\/\/www.instagram.com\/redenoticiaz.barretos\/?igshid=YmMyMTA2M2Y","https:\/\/www.linkedin.com\/company\/rede-noticiaz-barretos-e-regio\/"]},{"@type":"Person","@id":"https:\/\/redenoticiaz.com.br\/ribeiraopreto-regiao\/#\/schema\/person\/e1b0bd8c2637e2c1b6ddcbc2c33b116f","name":"Patr\u00edcia Prado","image":{"@type":"ImageObject","inLanguage":"pt-BR","@id":"https:\/\/secure.gravatar.com\/avatar\/92e358bef22cfcec15e054ae4d9fee04dadf0c772dc4a17b382b8a34a15354c2?s=96&d=mm&r=g","url":"https:\/\/secure.gravatar.com\/avatar\/92e358bef22cfcec15e054ae4d9fee04dadf0c772dc4a17b382b8a34a15354c2?s=96&d=mm&r=g","contentUrl":"https:\/\/secure.gravatar.com\/avatar\/92e358bef22cfcec15e054ae4d9fee04dadf0c772dc4a17b382b8a34a15354c2?s=96&d=mm&r=g","caption":"Patr\u00edcia Prado"},"url":"https:\/\/redenoticiaz.com.br\/ribeiraopreto-regiao\/sp\/author\/patricia-prado"}]}},"_links":{"self":[{"href":"https:\/\/redenoticiaz.com.br\/ribeiraopreto-regiao\/wp-json\/wp\/v2\/posts\/123029","targetHints":{"allow":["GET"]}}],"collection":[{"href":"https:\/\/redenoticiaz.com.br\/ribeiraopreto-regiao\/wp-json\/wp\/v2\/posts"}],"about":[{"href":"https:\/\/redenoticiaz.com.br\/ribeiraopreto-regiao\/wp-json\/wp\/v2\/types\/post"}],"author":[{"embeddable":true,"href":"https:\/\/redenoticiaz.com.br\/ribeiraopreto-regiao\/wp-json\/wp\/v2\/users\/5"}],"replies":[{"embeddable":true,"href":"https:\/\/redenoticiaz.com.br\/ribeiraopreto-regiao\/wp-json\/wp\/v2\/comments?post=123029"}],"version-history":[{"count":0,"href":"https:\/\/redenoticiaz.com.br\/ribeiraopreto-regiao\/wp-json\/wp\/v2\/posts\/123029\/revisions"}],"wp:featuredmedia":[{"embeddable":true,"href":"https:\/\/redenoticiaz.com.br\/ribeiraopreto-regiao\/wp-json\/wp\/v2\/media\/123030"}],"wp:attachment":[{"href":"https:\/\/redenoticiaz.com.br\/ribeiraopreto-regiao\/wp-json\/wp\/v2\/media?parent=123029"}],"wp:term":[{"taxonomy":"category","embeddable":true,"href":"https:\/\/redenoticiaz.com.br\/ribeiraopreto-regiao\/wp-json\/wp\/v2\/categories?post=123029"},{"taxonomy":"post_tag","embeddable":true,"href":"https:\/\/redenoticiaz.com.br\/ribeiraopreto-regiao\/wp-json\/wp\/v2\/tags?post=123029"}],"curies":[{"name":"wp","href":"https:\/\/api.w.org\/{rel}","templated":true}]}}