{"id":123037,"date":"2026-09-01T17:55:40","date_gmt":"2026-09-01T20:55:40","guid":{"rendered":"https:\/\/redenoticiaz.com.br\/ribeiraopreto-regiao\/sp\/2026\/09\/01\/uniao-deve-indenizar-familia-de-perseguido-politico-no-amapa"},"modified":"2026-09-01T17:55:40","modified_gmt":"2026-09-01T20:55:40","slug":"uniao-deve-indenizar-familia-de-perseguido-politico-no-amapa","status":"publish","type":"post","link":"https:\/\/redenoticiaz.com.br\/ribeiraopreto-regiao\/sp\/2026\/09\/01\/uniao-deve-indenizar-familia-de-perseguido-politico-no-amapa","title":{"rendered":"Uni\u00e3o deve indenizar fam\u00edlia de perseguido pol\u00edtico no Amap\u00e1"},"content":{"rendered":"<p>A Justi\u00e7a Federal do Amap\u00e1 condenou a Uni\u00e3o a pagar R$ 200 mil em danos morais \u00e0 vi\u00fava e aos seis filhos de Lu\u00eds Messias Tavares, um perseguido pol\u00edtico durante a ditadura civil-militar iniciada em 1964. A decis\u00e3o, proferida no dia 24 de outubro, baseou-se no relat\u00f3rio final da Comiss\u00e3o Estadual da Verdade do Amap\u00e1.<\/p>\n<p>A senten\u00e7a, assinada pelo juiz federal Felipe Handro, reconheceu que Lu\u00eds Messias foi v\u00edtima de pris\u00e3o arbitr\u00e1ria e exonerado de seu cargo de agente de pol\u00edcia em 1964. O Estado foi responsabilizado pelas sequelas f\u00edsicas e psicol\u00f3gicas que ele sofreu em decorr\u00eancia da repress\u00e3o.<\/p>\n<p>O relat\u00f3rio da Comiss\u00e3o Estadual da Verdade trouxe informa\u00e7\u00f5es que comprovam a atua\u00e7\u00e3o de Lu\u00eds Messias no movimento estudantil, onde foi presidente e um dos fundadores do Gr\u00eamio Estudantil da Uni\u00e3o dos Estudantes dos Cursos Secund\u00e1rios do Amap\u00e1 (UECSA).<\/p>\n<p>Os depoimentos tamb\u00e9m relataram as condi\u00e7\u00f5es desumanas do encarceramento e o impacto psicol\u00f3gico da repress\u00e3o, incluindo um surto psic\u00f3tico e um acidente vascular cerebral (AVC) que Lu\u00eds Messias sofreu aos 25 anos. Ele n\u00e3o recebeu assist\u00eancia psicol\u00f3gica ou neurol\u00f3gica, resultando na perda permanente da mem\u00f3ria recente.<\/p>\n<p>O juiz enfatizou que a repara\u00e7\u00e3o deve incluir n\u00e3o apenas a compensa\u00e7\u00e3o financeira, mas tamb\u00e9m o reconhecimento do direito \u00e0 mem\u00f3ria, \u00e0 verdade e \u00e0s garantias para que tais viola\u00e7\u00f5es n\u00e3o se repitam. O impacto da persegui\u00e7\u00e3o se estendeu \u00e0 fam\u00edlia, que sofreu danos morais reflexos, como a desestrutura\u00e7\u00e3o familiar e o estigma social pelo r\u00f3tulo de &#8220;fam\u00edlia de subversivos.&#8221;<\/p>\n<p>\u201cA fam\u00edlia experimentou, de forma direta e aut\u00f4noma, a desestrutura\u00e7\u00e3o da unidade familiar, a perda do sustento em raz\u00e3o da demiss\u00e3o arbitr\u00e1ria e o sofrimento prolongado de conviver com a enfermidade mental irrevers\u00edvel do ente querido\u201d, afirma um trecho da senten\u00e7a.<\/p>\n<p>A defensora p\u00fablica federal Nayara Ribeiro Schr\u00f6der Xavier, que atuou no caso, destacou que a decis\u00e3o refor\u00e7a o direito dos familiares \u00e0 repara\u00e7\u00e3o por danos morais reflexos decorrentes da persegui\u00e7\u00e3o e que as a\u00e7\u00f5es indenizat\u00f3rias relacionadas a viola\u00e7\u00f5es de direitos humanos durante a ditadura s\u00e3o imprescrit\u00edveis.<\/p>\n<p>Ela tamb\u00e9m ressaltou que essa repara\u00e7\u00e3o civil n\u00e3o deve ser confundida com o reconhecimento da condi\u00e7\u00e3o de anistiado pol\u00edtico, que \u00e9 uma responsabilidade do Minist\u00e9rio dos Direitos Humanos e da Cidadania. A senten\u00e7a \u00e9 significativa por dar efetividade ao direito \u00e0 mem\u00f3ria, \u00e0 verdade e \u00e0 repara\u00e7\u00e3o, reconhecendo juridicamente os fatos hist\u00f3ricos documentados pela Comiss\u00e3o Estadual da Verdade do Amap\u00e1.<\/p>\n<p>Lu\u00eds Messias Tavares, ex-agente de pol\u00edcia e lideran\u00e7a estudantil no Amap\u00e1, foi considerado pelos militares um opositor do regime e rotulado como &#8220;comunista.&#8221; Ele foi preso pelo Ex\u00e9rcito, mantido em condi\u00e7\u00f5es degradantes na Fortaleza de S\u00e3o Jos\u00e9 de Macap\u00e1 e demitido do servi\u00e7o p\u00fablico. Seu encarceramento resultou em s\u00e9rios problemas de sa\u00fade, incluindo um AVC que lhe causou a perda irrevers\u00edvel da mem\u00f3ria e comprometimento de sua sa\u00fade mental at\u00e9 sua morte, em 2011.<\/p>\n","protected":false},"excerpt":{"rendered":"<p>A Justi\u00e7a Federal do Amap\u00e1 condenou a Uni\u00e3o a pagar R$ 200 mil em danos morais \u00e0 vi\u00fava e aos seis filhos de Lu\u00eds Messias Tavares, um perseguido pol\u00edtico durante a ditadura civil-militar iniciada em 1964. A decis\u00e3o, proferida no dia 24 de outubro, baseou-se no relat\u00f3rio final da Comiss\u00e3o Estadual da Verdade do Amap\u00e1. &hellip;<\/p>\n","protected":false},"author":5,"featured_media":123038,"comment_status":"open","ping_status":"closed","sticky":false,"template":"","format":"standard","meta":{"footnotes":""},"categories":[18753,67,820,683,88,129],"tags":[],"class_list":["post-123037","post","type-post","status-publish","format-standard","has-post-thumbnail","hentry","category-cidadania","category-direitos-humanos","category-educacao","category-justica","category-policia","category-saude"],"yoast_head":"<!-- This site is optimized with the Yoast SEO plugin v28.3 - https:\/\/yoast.com\/product\/yoast-seo-wordpress\/ -->\n<title>Uni\u00e3o deve indenizar fam\u00edlia de perseguido pol\u00edtico no Amap\u00e1 - Ribeir\u00e3o Preto e Regi\u00e3o<\/title>\n<meta name=\"robots\" content=\"index, follow, max-snippet:-1, max-image-preview:large, max-video-preview:-1\" \/>\n<link rel=\"canonical\" href=\"https:\/\/redenoticiaz.com.br\/ribeiraopreto-regiao\/sp\/2026\/09\/01\/uniao-deve-indenizar-familia-de-perseguido-politico-no-amapa\" \/>\n<meta property=\"og:locale\" content=\"pt_BR\" \/>\n<meta property=\"og:type\" content=\"article\" \/>\n<meta property=\"og:title\" content=\"Uni\u00e3o deve indenizar fam\u00edlia de perseguido pol\u00edtico no Amap\u00e1 - Ribeir\u00e3o Preto e Regi\u00e3o\" \/>\n<meta property=\"og:description\" content=\"A Justi\u00e7a Federal do Amap\u00e1 condenou a Uni\u00e3o a pagar R$ 200 mil em danos morais \u00e0 vi\u00fava e aos seis filhos de Lu\u00eds Messias Tavares, um perseguido pol\u00edtico durante a ditadura civil-militar iniciada em 1964. A decis\u00e3o, proferida no dia 24 de outubro, baseou-se no relat\u00f3rio final da Comiss\u00e3o Estadual da Verdade do Amap\u00e1. &hellip;\" \/>\n<meta property=\"og:url\" content=\"https:\/\/redenoticiaz.com.br\/ribeiraopreto-regiao\/sp\/2026\/09\/01\/uniao-deve-indenizar-familia-de-perseguido-politico-no-amapa\" \/>\n<meta property=\"og:site_name\" content=\"Ribeir\u00e3o Preto e Regi\u00e3o\" \/>\n<meta property=\"article:publisher\" content=\"https:\/\/m.facebook.com\/redenoticiaz.barretos\" \/>\n<meta property=\"article:published_time\" content=\"2026-09-01T20:55:40+00:00\" \/>\n<meta property=\"og:image\" content=\"https:\/\/redenoticiaz.com.br\/ribeiraopreto-regiao\/wp-content\/uploads\/sites\/4\/2022\/02\/logo.jpg\" \/>\n\t<meta property=\"og:image:width\" content=\"400\" \/>\n\t<meta property=\"og:image:height\" content=\"250\" \/>\n\t<meta property=\"og:image:type\" content=\"image\/jpeg\" \/>\n<meta name=\"author\" content=\"Patr\u00edcia Prado\" \/>\n<meta name=\"twitter:card\" content=\"summary_large_image\" \/>\n<meta name=\"twitter:creator\" content=\"@RN_barretos\" \/>\n<meta name=\"twitter:site\" content=\"@RN_barretos\" \/>\n<meta name=\"twitter:label1\" content=\"Escrito por\" \/>\n\t<meta name=\"twitter:data1\" content=\"Patr\u00edcia Prado\" \/>\n\t<meta name=\"twitter:label2\" content=\"Est. tempo de leitura\" \/>\n\t<meta name=\"twitter:data2\" content=\"3 minutos\" \/>\n<script type=\"application\/ld+json\" class=\"yoast-schema-graph\">{\"@context\":\"https:\\\/\\\/schema.org\",\"@graph\":[{\"@type\":\"Article\",\"@id\":\"https:\\\/\\\/redenoticiaz.com.br\\\/ribeiraopreto-regiao\\\/sp\\\/2026\\\/09\\\/01\\\/uniao-deve-indenizar-familia-de-perseguido-politico-no-amapa#article\",\"isPartOf\":{\"@id\":\"https:\\\/\\\/redenoticiaz.com.br\\\/ribeiraopreto-regiao\\\/sp\\\/2026\\\/09\\\/01\\\/uniao-deve-indenizar-familia-de-perseguido-politico-no-amapa\"},\"author\":{\"name\":\"Patr\u00edcia Prado\",\"@id\":\"https:\\\/\\\/redenoticiaz.com.br\\\/ribeiraopreto-regiao\\\/#\\\/schema\\\/person\\\/e1b0bd8c2637e2c1b6ddcbc2c33b116f\"},\"headline\":\"Uni\u00e3o deve indenizar fam\u00edlia de perseguido pol\u00edtico no Amap\u00e1\",\"datePublished\":\"2026-09-01T20:55:40+00:00\",\"mainEntityOfPage\":{\"@id\":\"https:\\\/\\\/redenoticiaz.com.br\\\/ribeiraopreto-regiao\\\/sp\\\/2026\\\/09\\\/01\\\/uniao-deve-indenizar-familia-de-perseguido-politico-no-amapa\"},\"wordCount\":553,\"commentCount\":0,\"publisher\":{\"@id\":\"https:\\\/\\\/redenoticiaz.com.br\\\/ribeiraopreto-regiao\\\/#organization\"},\"image\":{\"@id\":\"https:\\\/\\\/redenoticiaz.com.br\\\/ribeiraopreto-regiao\\\/sp\\\/2026\\\/09\\\/01\\\/uniao-deve-indenizar-familia-de-perseguido-politico-no-amapa#primaryimage\"},\"thumbnailUrl\":\"https:\\\/\\\/redenoticiaz.com.br\\\/ribeiraopreto-regiao\\\/wp-content\\\/uploads\\\/sites\\\/4\\\/2026\\\/09\\\/int6959.jpg\",\"articleSection\":[\"Cidadania\",\"Direitos Humanos\",\"Educa\u00e7\u00e3o\",\"Justi\u00e7a\",\"Pol\u00edcia\",\"Sa\u00fade\"],\"inLanguage\":\"pt-BR\",\"potentialAction\":[{\"@type\":\"CommentAction\",\"name\":\"Comment\",\"target\":[\"https:\\\/\\\/redenoticiaz.com.br\\\/ribeiraopreto-regiao\\\/sp\\\/2026\\\/09\\\/01\\\/uniao-deve-indenizar-familia-de-perseguido-politico-no-amapa#respond\"]}]},{\"@type\":\"WebPage\",\"@id\":\"https:\\\/\\\/redenoticiaz.com.br\\\/ribeiraopreto-regiao\\\/sp\\\/2026\\\/09\\\/01\\\/uniao-deve-indenizar-familia-de-perseguido-politico-no-amapa\",\"url\":\"https:\\\/\\\/redenoticiaz.com.br\\\/ribeiraopreto-regiao\\\/sp\\\/2026\\\/09\\\/01\\\/uniao-deve-indenizar-familia-de-perseguido-politico-no-amapa\",\"name\":\"Uni\u00e3o deve indenizar fam\u00edlia de perseguido pol\u00edtico no Amap\u00e1 - Ribeir\u00e3o Preto e Regi\u00e3o\",\"isPartOf\":{\"@id\":\"https:\\\/\\\/redenoticiaz.com.br\\\/ribeiraopreto-regiao\\\/#website\"},\"primaryImageOfPage\":{\"@id\":\"https:\\\/\\\/redenoticiaz.com.br\\\/ribeiraopreto-regiao\\\/sp\\\/2026\\\/09\\\/01\\\/uniao-deve-indenizar-familia-de-perseguido-politico-no-amapa#primaryimage\"},\"image\":{\"@id\":\"https:\\\/\\\/redenoticiaz.com.br\\\/ribeiraopreto-regiao\\\/sp\\\/2026\\\/09\\\/01\\\/uniao-deve-indenizar-familia-de-perseguido-politico-no-amapa#primaryimage\"},\"thumbnailUrl\":\"https:\\\/\\\/redenoticiaz.com.br\\\/ribeiraopreto-regiao\\\/wp-content\\\/uploads\\\/sites\\\/4\\\/2026\\\/09\\\/int6959.jpg\",\"datePublished\":\"2026-09-01T20:55:40+00:00\",\"inLanguage\":\"pt-BR\",\"potentialAction\":[{\"@type\":\"ReadAction\",\"target\":[\"https:\\\/\\\/redenoticiaz.com.br\\\/ribeiraopreto-regiao\\\/sp\\\/2026\\\/09\\\/01\\\/uniao-deve-indenizar-familia-de-perseguido-politico-no-amapa\"]}]},{\"@type\":\"ImageObject\",\"inLanguage\":\"pt-BR\",\"@id\":\"https:\\\/\\\/redenoticiaz.com.br\\\/ribeiraopreto-regiao\\\/sp\\\/2026\\\/09\\\/01\\\/uniao-deve-indenizar-familia-de-perseguido-politico-no-amapa#primaryimage\",\"url\":\"https:\\\/\\\/redenoticiaz.com.br\\\/ribeiraopreto-regiao\\\/wp-content\\\/uploads\\\/sites\\\/4\\\/2026\\\/09\\\/int6959.jpg\",\"contentUrl\":\"https:\\\/\\\/redenoticiaz.com.br\\\/ribeiraopreto-regiao\\\/wp-content\\\/uploads\\\/sites\\\/4\\\/2026\\\/09\\\/int6959.jpg\",\"width\":1600,\"height\":800},{\"@type\":\"WebSite\",\"@id\":\"https:\\\/\\\/redenoticiaz.com.br\\\/ribeiraopreto-regiao\\\/#website\",\"url\":\"https:\\\/\\\/redenoticiaz.com.br\\\/ribeiraopreto-regiao\\\/\",\"name\":\"Ribeir\u00e3o Preto e Regi\u00e3o\",\"description\":\"Rede NoticiaZ - Ribeir\u00e3o Preto e regi\u00e3o\",\"publisher\":{\"@id\":\"https:\\\/\\\/redenoticiaz.com.br\\\/ribeiraopreto-regiao\\\/#organization\"},\"potentialAction\":[{\"@type\":\"SearchAction\",\"target\":{\"@type\":\"EntryPoint\",\"urlTemplate\":\"https:\\\/\\\/redenoticiaz.com.br\\\/ribeiraopreto-regiao\\\/?s={search_term_string}\"},\"query-input\":{\"@type\":\"PropertyValueSpecification\",\"valueRequired\":true,\"valueName\":\"search_term_string\"}}],\"inLanguage\":\"pt-BR\"},{\"@type\":\"Organization\",\"@id\":\"https:\\\/\\\/redenoticiaz.com.br\\\/ribeiraopreto-regiao\\\/#organization\",\"name\":\"Ribeir\u00e3o Preto e Regi\u00e3o\",\"url\":\"https:\\\/\\\/redenoticiaz.com.br\\\/ribeiraopreto-regiao\\\/\",\"logo\":{\"@type\":\"ImageObject\",\"inLanguage\":\"pt-BR\",\"@id\":\"https:\\\/\\\/redenoticiaz.com.br\\\/ribeiraopreto-regiao\\\/#\\\/schema\\\/logo\\\/image\\\/\",\"url\":\"https:\\\/\\\/redenoticiaz.com.br\\\/barretos-regiao\\\/wp-content\\\/uploads\\\/sites\\\/4\\\/2022\\\/02\\\/logo.jpg\",\"contentUrl\":\"https:\\\/\\\/redenoticiaz.com.br\\\/barretos-regiao\\\/wp-content\\\/uploads\\\/sites\\\/4\\\/2022\\\/02\\\/logo.jpg\",\"width\":400,\"height\":250,\"caption\":\"Ribeir\u00e3o Preto e Regi\u00e3o\"},\"image\":{\"@id\":\"https:\\\/\\\/redenoticiaz.com.br\\\/ribeiraopreto-regiao\\\/#\\\/schema\\\/logo\\\/image\\\/\"},\"sameAs\":[\"https:\\\/\\\/m.facebook.com\\\/redenoticiaz.barretos\",\"https:\\\/\\\/x.com\\\/RN_barretos\",\"https:\\\/\\\/www.instagram.com\\\/redenoticiaz.barretos\\\/?igshid=YmMyMTA2M2Y\",\"https:\\\/\\\/www.linkedin.com\\\/company\\\/rede-noticiaz-barretos-e-regio\\\/\"]},{\"@type\":\"Person\",\"@id\":\"https:\\\/\\\/redenoticiaz.com.br\\\/ribeiraopreto-regiao\\\/#\\\/schema\\\/person\\\/e1b0bd8c2637e2c1b6ddcbc2c33b116f\",\"name\":\"Patr\u00edcia Prado\",\"image\":{\"@type\":\"ImageObject\",\"inLanguage\":\"pt-BR\",\"@id\":\"https:\\\/\\\/secure.gravatar.com\\\/avatar\\\/92e358bef22cfcec15e054ae4d9fee04dadf0c772dc4a17b382b8a34a15354c2?s=96&d=mm&r=g\",\"url\":\"https:\\\/\\\/secure.gravatar.com\\\/avatar\\\/92e358bef22cfcec15e054ae4d9fee04dadf0c772dc4a17b382b8a34a15354c2?s=96&d=mm&r=g\",\"contentUrl\":\"https:\\\/\\\/secure.gravatar.com\\\/avatar\\\/92e358bef22cfcec15e054ae4d9fee04dadf0c772dc4a17b382b8a34a15354c2?s=96&d=mm&r=g\",\"caption\":\"Patr\u00edcia Prado\"},\"url\":\"https:\\\/\\\/redenoticiaz.com.br\\\/ribeiraopreto-regiao\\\/sp\\\/author\\\/patricia-prado\"}]}<\/script>\n<!-- \/ Yoast SEO plugin. -->","yoast_head_json":{"title":"Uni\u00e3o deve indenizar fam\u00edlia de perseguido pol\u00edtico no Amap\u00e1 - Ribeir\u00e3o Preto e Regi\u00e3o","robots":{"index":"index","follow":"follow","max-snippet":"max-snippet:-1","max-image-preview":"max-image-preview:large","max-video-preview":"max-video-preview:-1"},"canonical":"https:\/\/redenoticiaz.com.br\/ribeiraopreto-regiao\/sp\/2026\/09\/01\/uniao-deve-indenizar-familia-de-perseguido-politico-no-amapa","og_locale":"pt_BR","og_type":"article","og_title":"Uni\u00e3o deve indenizar fam\u00edlia de perseguido pol\u00edtico no Amap\u00e1 - Ribeir\u00e3o Preto e Regi\u00e3o","og_description":"A Justi\u00e7a Federal do Amap\u00e1 condenou a Uni\u00e3o a pagar R$ 200 mil em danos morais \u00e0 vi\u00fava e aos seis filhos de Lu\u00eds Messias Tavares, um perseguido pol\u00edtico durante a ditadura civil-militar iniciada em 1964. A decis\u00e3o, proferida no dia 24 de outubro, baseou-se no relat\u00f3rio final da Comiss\u00e3o Estadual da Verdade do Amap\u00e1. &hellip;","og_url":"https:\/\/redenoticiaz.com.br\/ribeiraopreto-regiao\/sp\/2026\/09\/01\/uniao-deve-indenizar-familia-de-perseguido-politico-no-amapa","og_site_name":"Ribeir\u00e3o Preto e Regi\u00e3o","article_publisher":"https:\/\/m.facebook.com\/redenoticiaz.barretos","article_published_time":"2026-09-01T20:55:40+00:00","og_image":[{"width":400,"height":250,"url":"https:\/\/redenoticiaz.com.br\/ribeiraopreto-regiao\/wp-content\/uploads\/sites\/4\/2022\/02\/logo.jpg","type":"image\/jpeg"}],"author":"Patr\u00edcia Prado","twitter_card":"summary_large_image","twitter_creator":"@RN_barretos","twitter_site":"@RN_barretos","twitter_misc":{"Escrito por":"Patr\u00edcia Prado","Est. tempo de leitura":"3 minutos"},"schema":{"@context":"https:\/\/schema.org","@graph":[{"@type":"Article","@id":"https:\/\/redenoticiaz.com.br\/ribeiraopreto-regiao\/sp\/2026\/09\/01\/uniao-deve-indenizar-familia-de-perseguido-politico-no-amapa#article","isPartOf":{"@id":"https:\/\/redenoticiaz.com.br\/ribeiraopreto-regiao\/sp\/2026\/09\/01\/uniao-deve-indenizar-familia-de-perseguido-politico-no-amapa"},"author":{"name":"Patr\u00edcia Prado","@id":"https:\/\/redenoticiaz.com.br\/ribeiraopreto-regiao\/#\/schema\/person\/e1b0bd8c2637e2c1b6ddcbc2c33b116f"},"headline":"Uni\u00e3o deve indenizar fam\u00edlia de perseguido pol\u00edtico no Amap\u00e1","datePublished":"2026-09-01T20:55:40+00:00","mainEntityOfPage":{"@id":"https:\/\/redenoticiaz.com.br\/ribeiraopreto-regiao\/sp\/2026\/09\/01\/uniao-deve-indenizar-familia-de-perseguido-politico-no-amapa"},"wordCount":553,"commentCount":0,"publisher":{"@id":"https:\/\/redenoticiaz.com.br\/ribeiraopreto-regiao\/#organization"},"image":{"@id":"https:\/\/redenoticiaz.com.br\/ribeiraopreto-regiao\/sp\/2026\/09\/01\/uniao-deve-indenizar-familia-de-perseguido-politico-no-amapa#primaryimage"},"thumbnailUrl":"https:\/\/redenoticiaz.com.br\/ribeiraopreto-regiao\/wp-content\/uploads\/sites\/4\/2026\/09\/int6959.jpg","articleSection":["Cidadania","Direitos Humanos","Educa\u00e7\u00e3o","Justi\u00e7a","Pol\u00edcia","Sa\u00fade"],"inLanguage":"pt-BR","potentialAction":[{"@type":"CommentAction","name":"Comment","target":["https:\/\/redenoticiaz.com.br\/ribeiraopreto-regiao\/sp\/2026\/09\/01\/uniao-deve-indenizar-familia-de-perseguido-politico-no-amapa#respond"]}]},{"@type":"WebPage","@id":"https:\/\/redenoticiaz.com.br\/ribeiraopreto-regiao\/sp\/2026\/09\/01\/uniao-deve-indenizar-familia-de-perseguido-politico-no-amapa","url":"https:\/\/redenoticiaz.com.br\/ribeiraopreto-regiao\/sp\/2026\/09\/01\/uniao-deve-indenizar-familia-de-perseguido-politico-no-amapa","name":"Uni\u00e3o deve indenizar fam\u00edlia de perseguido pol\u00edtico no Amap\u00e1 - Ribeir\u00e3o Preto e Regi\u00e3o","isPartOf":{"@id":"https:\/\/redenoticiaz.com.br\/ribeiraopreto-regiao\/#website"},"primaryImageOfPage":{"@id":"https:\/\/redenoticiaz.com.br\/ribeiraopreto-regiao\/sp\/2026\/09\/01\/uniao-deve-indenizar-familia-de-perseguido-politico-no-amapa#primaryimage"},"image":{"@id":"https:\/\/redenoticiaz.com.br\/ribeiraopreto-regiao\/sp\/2026\/09\/01\/uniao-deve-indenizar-familia-de-perseguido-politico-no-amapa#primaryimage"},"thumbnailUrl":"https:\/\/redenoticiaz.com.br\/ribeiraopreto-regiao\/wp-content\/uploads\/sites\/4\/2026\/09\/int6959.jpg","datePublished":"2026-09-01T20:55:40+00:00","inLanguage":"pt-BR","potentialAction":[{"@type":"ReadAction","target":["https:\/\/redenoticiaz.com.br\/ribeiraopreto-regiao\/sp\/2026\/09\/01\/uniao-deve-indenizar-familia-de-perseguido-politico-no-amapa"]}]},{"@type":"ImageObject","inLanguage":"pt-BR","@id":"https:\/\/redenoticiaz.com.br\/ribeiraopreto-regiao\/sp\/2026\/09\/01\/uniao-deve-indenizar-familia-de-perseguido-politico-no-amapa#primaryimage","url":"https:\/\/redenoticiaz.com.br\/ribeiraopreto-regiao\/wp-content\/uploads\/sites\/4\/2026\/09\/int6959.jpg","contentUrl":"https:\/\/redenoticiaz.com.br\/ribeiraopreto-regiao\/wp-content\/uploads\/sites\/4\/2026\/09\/int6959.jpg","width":1600,"height":800},{"@type":"WebSite","@id":"https:\/\/redenoticiaz.com.br\/ribeiraopreto-regiao\/#website","url":"https:\/\/redenoticiaz.com.br\/ribeiraopreto-regiao\/","name":"Ribeir\u00e3o Preto e Regi\u00e3o","description":"Rede NoticiaZ - Ribeir\u00e3o Preto e regi\u00e3o","publisher":{"@id":"https:\/\/redenoticiaz.com.br\/ribeiraopreto-regiao\/#organization"},"potentialAction":[{"@type":"SearchAction","target":{"@type":"EntryPoint","urlTemplate":"https:\/\/redenoticiaz.com.br\/ribeiraopreto-regiao\/?s={search_term_string}"},"query-input":{"@type":"PropertyValueSpecification","valueRequired":true,"valueName":"search_term_string"}}],"inLanguage":"pt-BR"},{"@type":"Organization","@id":"https:\/\/redenoticiaz.com.br\/ribeiraopreto-regiao\/#organization","name":"Ribeir\u00e3o Preto e Regi\u00e3o","url":"https:\/\/redenoticiaz.com.br\/ribeiraopreto-regiao\/","logo":{"@type":"ImageObject","inLanguage":"pt-BR","@id":"https:\/\/redenoticiaz.com.br\/ribeiraopreto-regiao\/#\/schema\/logo\/image\/","url":"https:\/\/redenoticiaz.com.br\/barretos-regiao\/wp-content\/uploads\/sites\/4\/2022\/02\/logo.jpg","contentUrl":"https:\/\/redenoticiaz.com.br\/barretos-regiao\/wp-content\/uploads\/sites\/4\/2022\/02\/logo.jpg","width":400,"height":250,"caption":"Ribeir\u00e3o Preto e Regi\u00e3o"},"image":{"@id":"https:\/\/redenoticiaz.com.br\/ribeiraopreto-regiao\/#\/schema\/logo\/image\/"},"sameAs":["https:\/\/m.facebook.com\/redenoticiaz.barretos","https:\/\/x.com\/RN_barretos","https:\/\/www.instagram.com\/redenoticiaz.barretos\/?igshid=YmMyMTA2M2Y","https:\/\/www.linkedin.com\/company\/rede-noticiaz-barretos-e-regio\/"]},{"@type":"Person","@id":"https:\/\/redenoticiaz.com.br\/ribeiraopreto-regiao\/#\/schema\/person\/e1b0bd8c2637e2c1b6ddcbc2c33b116f","name":"Patr\u00edcia Prado","image":{"@type":"ImageObject","inLanguage":"pt-BR","@id":"https:\/\/secure.gravatar.com\/avatar\/92e358bef22cfcec15e054ae4d9fee04dadf0c772dc4a17b382b8a34a15354c2?s=96&d=mm&r=g","url":"https:\/\/secure.gravatar.com\/avatar\/92e358bef22cfcec15e054ae4d9fee04dadf0c772dc4a17b382b8a34a15354c2?s=96&d=mm&r=g","contentUrl":"https:\/\/secure.gravatar.com\/avatar\/92e358bef22cfcec15e054ae4d9fee04dadf0c772dc4a17b382b8a34a15354c2?s=96&d=mm&r=g","caption":"Patr\u00edcia Prado"},"url":"https:\/\/redenoticiaz.com.br\/ribeiraopreto-regiao\/sp\/author\/patricia-prado"}]}},"_links":{"self":[{"href":"https:\/\/redenoticiaz.com.br\/ribeiraopreto-regiao\/wp-json\/wp\/v2\/posts\/123037","targetHints":{"allow":["GET"]}}],"collection":[{"href":"https:\/\/redenoticiaz.com.br\/ribeiraopreto-regiao\/wp-json\/wp\/v2\/posts"}],"about":[{"href":"https:\/\/redenoticiaz.com.br\/ribeiraopreto-regiao\/wp-json\/wp\/v2\/types\/post"}],"author":[{"embeddable":true,"href":"https:\/\/redenoticiaz.com.br\/ribeiraopreto-regiao\/wp-json\/wp\/v2\/users\/5"}],"replies":[{"embeddable":true,"href":"https:\/\/redenoticiaz.com.br\/ribeiraopreto-regiao\/wp-json\/wp\/v2\/comments?post=123037"}],"version-history":[{"count":0,"href":"https:\/\/redenoticiaz.com.br\/ribeiraopreto-regiao\/wp-json\/wp\/v2\/posts\/123037\/revisions"}],"wp:featuredmedia":[{"embeddable":true,"href":"https:\/\/redenoticiaz.com.br\/ribeiraopreto-regiao\/wp-json\/wp\/v2\/media\/123038"}],"wp:attachment":[{"href":"https:\/\/redenoticiaz.com.br\/ribeiraopreto-regiao\/wp-json\/wp\/v2\/media?parent=123037"}],"wp:term":[{"taxonomy":"category","embeddable":true,"href":"https:\/\/redenoticiaz.com.br\/ribeiraopreto-regiao\/wp-json\/wp\/v2\/categories?post=123037"},{"taxonomy":"post_tag","embeddable":true,"href":"https:\/\/redenoticiaz.com.br\/ribeiraopreto-regiao\/wp-json\/wp\/v2\/tags?post=123037"}],"curies":[{"name":"wp","href":"https:\/\/api.w.org\/{rel}","templated":true}]}}