{"id":123039,"date":"2026-09-01T18:26:59","date_gmt":"2026-09-01T21:26:59","guid":{"rendered":"https:\/\/redenoticiaz.com.br\/ribeiraopreto-regiao\/sp\/2026\/09\/01\/consulta-publica-para-novo-catalogo-de-cursos-tecnicos-do-mec-acaba-hoje"},"modified":"2026-09-01T18:26:59","modified_gmt":"2026-09-01T21:26:59","slug":"consulta-publica-para-novo-catalogo-de-cursos-tecnicos-do-mec-acaba-hoje","status":"publish","type":"post","link":"https:\/\/redenoticiaz.com.br\/ribeiraopreto-regiao\/sp\/2026\/09\/01\/consulta-publica-para-novo-catalogo-de-cursos-tecnicos-do-mec-acaba-hoje","title":{"rendered":"Consulta p\u00fablica para novo Cat\u00e1logo de Cursos T\u00e9cnicos do MEC acaba hoje"},"content":{"rendered":"<p>Estudantes, professores, gestores p\u00fablicos e representantes de institui\u00e7\u00f5es de ensino t\u00eam at\u00e9 as 23h59 desta quarta-feira (2) para contribuir com a elabora\u00e7\u00e3o da vers\u00e3o preliminar da 5\u00aa edi\u00e7\u00e3o do Cat\u00e1logo Nacional de Cursos T\u00e9cnicos (CNCT). A consulta p\u00fablica, promovida pelo Minist\u00e9rio da Educa\u00e7\u00e3o (MEC), visa revisar e atualizar 197 cursos t\u00e9cnicos distribu\u00eddos em 13 eixos tecnol\u00f3gicos.<\/p>\n<p>As sugest\u00f5es devem ser enviadas atrav\u00e9s da <a href=\"https:\/\/brasilparticipativo.presidencia.gov.br\/processes\/cnct\" target=\"_blank\">Plataforma Brasil Participativo<\/a>. Ap\u00f3s o envio, os participantes receber\u00e3o um n\u00famero de protocolo por e-mail, confirmando sua contribui\u00e7\u00e3o.<\/p>\n<p>O CNCT, em vigor desde 2020, orienta institui\u00e7\u00f5es de ensino na organiza\u00e7\u00e3o e oferta de cursos t\u00e9cnicos, e tamb\u00e9m serve como uma ferramenta para informar estudantes sobre perfis profissionais e oportunidades no mercado de trabalho. A atualiza\u00e7\u00e3o do cat\u00e1logo busca alinhar a forma\u00e7\u00e3o educacional \u00e0s novas demandas do setor produtivo e \u00e0s recentes altera\u00e7\u00f5es na legisla\u00e7\u00e3o educacional, incluindo as diretrizes da Lei de Diretrizes e Bases da Educa\u00e7\u00e3o Nacional (LDB) e da Pol\u00edtica Nacional de Educa\u00e7\u00e3o Profissional e Tecnol\u00f3gica (PNEPT).<\/p>\n","protected":false},"excerpt":{"rendered":"<p>Estudantes, professores, gestores p\u00fablicos e representantes de institui\u00e7\u00f5es de ensino t\u00eam at\u00e9 as 23h59 desta quarta-feira (2) para contribuir com a elabora\u00e7\u00e3o da vers\u00e3o preliminar da 5\u00aa edi\u00e7\u00e3o do Cat\u00e1logo Nacional de Cursos T\u00e9cnicos (CNCT). A consulta p\u00fablica, promovida pelo Minist\u00e9rio da Educa\u00e7\u00e3o (MEC), visa revisar e atualizar 197 cursos t\u00e9cnicos distribu\u00eddos em 13 eixos &hellip;<\/p>\n","protected":false},"author":5,"featured_media":123040,"comment_status":"open","ping_status":"closed","sticky":false,"template":"","format":"standard","meta":{"footnotes":""},"categories":[820,29902,186,2075],"tags":[],"class_list":["post-123039","post","type-post","status-publish","format-standard","has-post-thumbnail","hentry","category-educacao","category-emprego","category-politica","category-trabalho"],"yoast_head":"<!-- This site is optimized with the Yoast SEO plugin v28.3 - https:\/\/yoast.com\/product\/yoast-seo-wordpress\/ -->\n<title>Consulta p\u00fablica para novo Cat\u00e1logo de Cursos T\u00e9cnicos do MEC acaba hoje - Ribeir\u00e3o Preto e Regi\u00e3o<\/title>\n<meta name=\"robots\" content=\"index, follow, max-snippet:-1, max-image-preview:large, max-video-preview:-1\" \/>\n<link rel=\"canonical\" href=\"https:\/\/redenoticiaz.com.br\/ribeiraopreto-regiao\/sp\/2026\/09\/01\/consulta-publica-para-novo-catalogo-de-cursos-tecnicos-do-mec-acaba-hoje\" \/>\n<meta property=\"og:locale\" content=\"pt_BR\" \/>\n<meta property=\"og:type\" content=\"article\" \/>\n<meta property=\"og:title\" content=\"Consulta p\u00fablica para novo Cat\u00e1logo de Cursos T\u00e9cnicos do MEC acaba hoje - Ribeir\u00e3o Preto e Regi\u00e3o\" \/>\n<meta property=\"og:description\" content=\"Estudantes, professores, gestores p\u00fablicos e representantes de institui\u00e7\u00f5es de ensino t\u00eam at\u00e9 as 23h59 desta quarta-feira (2) para contribuir com a elabora\u00e7\u00e3o da vers\u00e3o preliminar da 5\u00aa edi\u00e7\u00e3o do Cat\u00e1logo Nacional de Cursos T\u00e9cnicos (CNCT). A consulta p\u00fablica, promovida pelo Minist\u00e9rio da Educa\u00e7\u00e3o (MEC), visa revisar e atualizar 197 cursos t\u00e9cnicos distribu\u00eddos em 13 eixos &hellip;\" \/>\n<meta property=\"og:url\" content=\"https:\/\/redenoticiaz.com.br\/ribeiraopreto-regiao\/sp\/2026\/09\/01\/consulta-publica-para-novo-catalogo-de-cursos-tecnicos-do-mec-acaba-hoje\" \/>\n<meta property=\"og:site_name\" content=\"Ribeir\u00e3o Preto e Regi\u00e3o\" \/>\n<meta property=\"article:publisher\" content=\"https:\/\/m.facebook.com\/redenoticiaz.barretos\" \/>\n<meta property=\"article:published_time\" content=\"2026-09-01T21:26:59+00:00\" \/>\n<meta property=\"og:image\" content=\"https:\/\/redenoticiaz.com.br\/ribeiraopreto-regiao\/wp-content\/uploads\/sites\/4\/2022\/02\/logo.jpg\" \/>\n\t<meta property=\"og:image:width\" content=\"400\" \/>\n\t<meta property=\"og:image:height\" content=\"250\" \/>\n\t<meta property=\"og:image:type\" content=\"image\/jpeg\" \/>\n<meta name=\"author\" content=\"Patr\u00edcia Prado\" \/>\n<meta name=\"twitter:card\" content=\"summary_large_image\" \/>\n<meta name=\"twitter:creator\" content=\"@RN_barretos\" \/>\n<meta name=\"twitter:site\" content=\"@RN_barretos\" \/>\n<meta name=\"twitter:label1\" content=\"Escrito por\" \/>\n\t<meta name=\"twitter:data1\" content=\"Patr\u00edcia Prado\" \/>\n\t<meta name=\"twitter:label2\" content=\"Est. tempo de leitura\" \/>\n\t<meta name=\"twitter:data2\" content=\"1 minuto\" \/>\n<script type=\"application\/ld+json\" class=\"yoast-schema-graph\">{\"@context\":\"https:\\\/\\\/schema.org\",\"@graph\":[{\"@type\":\"Article\",\"@id\":\"https:\\\/\\\/redenoticiaz.com.br\\\/ribeiraopreto-regiao\\\/sp\\\/2026\\\/09\\\/01\\\/consulta-publica-para-novo-catalogo-de-cursos-tecnicos-do-mec-acaba-hoje#article\",\"isPartOf\":{\"@id\":\"https:\\\/\\\/redenoticiaz.com.br\\\/ribeiraopreto-regiao\\\/sp\\\/2026\\\/09\\\/01\\\/consulta-publica-para-novo-catalogo-de-cursos-tecnicos-do-mec-acaba-hoje\"},\"author\":{\"name\":\"Patr\u00edcia Prado\",\"@id\":\"https:\\\/\\\/redenoticiaz.com.br\\\/ribeiraopreto-regiao\\\/#\\\/schema\\\/person\\\/e1b0bd8c2637e2c1b6ddcbc2c33b116f\"},\"headline\":\"Consulta p\u00fablica para novo Cat\u00e1logo de Cursos T\u00e9cnicos do MEC acaba hoje\",\"datePublished\":\"2026-09-01T21:26:59+00:00\",\"mainEntityOfPage\":{\"@id\":\"https:\\\/\\\/redenoticiaz.com.br\\\/ribeiraopreto-regiao\\\/sp\\\/2026\\\/09\\\/01\\\/consulta-publica-para-novo-catalogo-de-cursos-tecnicos-do-mec-acaba-hoje\"},\"wordCount\":204,\"commentCount\":0,\"publisher\":{\"@id\":\"https:\\\/\\\/redenoticiaz.com.br\\\/ribeiraopreto-regiao\\\/#organization\"},\"image\":{\"@id\":\"https:\\\/\\\/redenoticiaz.com.br\\\/ribeiraopreto-regiao\\\/sp\\\/2026\\\/09\\\/01\\\/consulta-publica-para-novo-catalogo-de-cursos-tecnicos-do-mec-acaba-hoje#primaryimage\"},\"thumbnailUrl\":\"https:\\\/\\\/redenoticiaz.com.br\\\/ribeiraopreto-regiao\\\/wp-content\\\/uploads\\\/sites\\\/4\\\/2026\\\/09\\\/tmazs_abr_1008183055.jpg\",\"articleSection\":[\"Educa\u00e7\u00e3o\",\"Emprego\",\"Pol\u00edtica\",\"Trabalho\"],\"inLanguage\":\"pt-BR\",\"potentialAction\":[{\"@type\":\"CommentAction\",\"name\":\"Comment\",\"target\":[\"https:\\\/\\\/redenoticiaz.com.br\\\/ribeiraopreto-regiao\\\/sp\\\/2026\\\/09\\\/01\\\/consulta-publica-para-novo-catalogo-de-cursos-tecnicos-do-mec-acaba-hoje#respond\"]}]},{\"@type\":\"WebPage\",\"@id\":\"https:\\\/\\\/redenoticiaz.com.br\\\/ribeiraopreto-regiao\\\/sp\\\/2026\\\/09\\\/01\\\/consulta-publica-para-novo-catalogo-de-cursos-tecnicos-do-mec-acaba-hoje\",\"url\":\"https:\\\/\\\/redenoticiaz.com.br\\\/ribeiraopreto-regiao\\\/sp\\\/2026\\\/09\\\/01\\\/consulta-publica-para-novo-catalogo-de-cursos-tecnicos-do-mec-acaba-hoje\",\"name\":\"Consulta p\u00fablica para novo Cat\u00e1logo de Cursos T\u00e9cnicos do MEC acaba hoje - Ribeir\u00e3o Preto e Regi\u00e3o\",\"isPartOf\":{\"@id\":\"https:\\\/\\\/redenoticiaz.com.br\\\/ribeiraopreto-regiao\\\/#website\"},\"primaryImageOfPage\":{\"@id\":\"https:\\\/\\\/redenoticiaz.com.br\\\/ribeiraopreto-regiao\\\/sp\\\/2026\\\/09\\\/01\\\/consulta-publica-para-novo-catalogo-de-cursos-tecnicos-do-mec-acaba-hoje#primaryimage\"},\"image\":{\"@id\":\"https:\\\/\\\/redenoticiaz.com.br\\\/ribeiraopreto-regiao\\\/sp\\\/2026\\\/09\\\/01\\\/consulta-publica-para-novo-catalogo-de-cursos-tecnicos-do-mec-acaba-hoje#primaryimage\"},\"thumbnailUrl\":\"https:\\\/\\\/redenoticiaz.com.br\\\/ribeiraopreto-regiao\\\/wp-content\\\/uploads\\\/sites\\\/4\\\/2026\\\/09\\\/tmazs_abr_1008183055.jpg\",\"datePublished\":\"2026-09-01T21:26:59+00:00\",\"inLanguage\":\"pt-BR\",\"potentialAction\":[{\"@type\":\"ReadAction\",\"target\":[\"https:\\\/\\\/redenoticiaz.com.br\\\/ribeiraopreto-regiao\\\/sp\\\/2026\\\/09\\\/01\\\/consulta-publica-para-novo-catalogo-de-cursos-tecnicos-do-mec-acaba-hoje\"]}]},{\"@type\":\"ImageObject\",\"inLanguage\":\"pt-BR\",\"@id\":\"https:\\\/\\\/redenoticiaz.com.br\\\/ribeiraopreto-regiao\\\/sp\\\/2026\\\/09\\\/01\\\/consulta-publica-para-novo-catalogo-de-cursos-tecnicos-do-mec-acaba-hoje#primaryimage\",\"url\":\"https:\\\/\\\/redenoticiaz.com.br\\\/ribeiraopreto-regiao\\\/wp-content\\\/uploads\\\/sites\\\/4\\\/2026\\\/09\\\/tmazs_abr_1008183055.jpg\",\"contentUrl\":\"https:\\\/\\\/redenoticiaz.com.br\\\/ribeiraopreto-regiao\\\/wp-content\\\/uploads\\\/sites\\\/4\\\/2026\\\/09\\\/tmazs_abr_1008183055.jpg\",\"width\":1600,\"height\":800},{\"@type\":\"WebSite\",\"@id\":\"https:\\\/\\\/redenoticiaz.com.br\\\/ribeiraopreto-regiao\\\/#website\",\"url\":\"https:\\\/\\\/redenoticiaz.com.br\\\/ribeiraopreto-regiao\\\/\",\"name\":\"Ribeir\u00e3o Preto e Regi\u00e3o\",\"description\":\"Rede NoticiaZ - Ribeir\u00e3o Preto e regi\u00e3o\",\"publisher\":{\"@id\":\"https:\\\/\\\/redenoticiaz.com.br\\\/ribeiraopreto-regiao\\\/#organization\"},\"potentialAction\":[{\"@type\":\"SearchAction\",\"target\":{\"@type\":\"EntryPoint\",\"urlTemplate\":\"https:\\\/\\\/redenoticiaz.com.br\\\/ribeiraopreto-regiao\\\/?s={search_term_string}\"},\"query-input\":{\"@type\":\"PropertyValueSpecification\",\"valueRequired\":true,\"valueName\":\"search_term_string\"}}],\"inLanguage\":\"pt-BR\"},{\"@type\":\"Organization\",\"@id\":\"https:\\\/\\\/redenoticiaz.com.br\\\/ribeiraopreto-regiao\\\/#organization\",\"name\":\"Ribeir\u00e3o Preto e Regi\u00e3o\",\"url\":\"https:\\\/\\\/redenoticiaz.com.br\\\/ribeiraopreto-regiao\\\/\",\"logo\":{\"@type\":\"ImageObject\",\"inLanguage\":\"pt-BR\",\"@id\":\"https:\\\/\\\/redenoticiaz.com.br\\\/ribeiraopreto-regiao\\\/#\\\/schema\\\/logo\\\/image\\\/\",\"url\":\"https:\\\/\\\/redenoticiaz.com.br\\\/barretos-regiao\\\/wp-content\\\/uploads\\\/sites\\\/4\\\/2022\\\/02\\\/logo.jpg\",\"contentUrl\":\"https:\\\/\\\/redenoticiaz.com.br\\\/barretos-regiao\\\/wp-content\\\/uploads\\\/sites\\\/4\\\/2022\\\/02\\\/logo.jpg\",\"width\":400,\"height\":250,\"caption\":\"Ribeir\u00e3o Preto e Regi\u00e3o\"},\"image\":{\"@id\":\"https:\\\/\\\/redenoticiaz.com.br\\\/ribeiraopreto-regiao\\\/#\\\/schema\\\/logo\\\/image\\\/\"},\"sameAs\":[\"https:\\\/\\\/m.facebook.com\\\/redenoticiaz.barretos\",\"https:\\\/\\\/x.com\\\/RN_barretos\",\"https:\\\/\\\/www.instagram.com\\\/redenoticiaz.barretos\\\/?igshid=YmMyMTA2M2Y\",\"https:\\\/\\\/www.linkedin.com\\\/company\\\/rede-noticiaz-barretos-e-regio\\\/\"]},{\"@type\":\"Person\",\"@id\":\"https:\\\/\\\/redenoticiaz.com.br\\\/ribeiraopreto-regiao\\\/#\\\/schema\\\/person\\\/e1b0bd8c2637e2c1b6ddcbc2c33b116f\",\"name\":\"Patr\u00edcia Prado\",\"image\":{\"@type\":\"ImageObject\",\"inLanguage\":\"pt-BR\",\"@id\":\"https:\\\/\\\/secure.gravatar.com\\\/avatar\\\/92e358bef22cfcec15e054ae4d9fee04dadf0c772dc4a17b382b8a34a15354c2?s=96&d=mm&r=g\",\"url\":\"https:\\\/\\\/secure.gravatar.com\\\/avatar\\\/92e358bef22cfcec15e054ae4d9fee04dadf0c772dc4a17b382b8a34a15354c2?s=96&d=mm&r=g\",\"contentUrl\":\"https:\\\/\\\/secure.gravatar.com\\\/avatar\\\/92e358bef22cfcec15e054ae4d9fee04dadf0c772dc4a17b382b8a34a15354c2?s=96&d=mm&r=g\",\"caption\":\"Patr\u00edcia Prado\"},\"url\":\"https:\\\/\\\/redenoticiaz.com.br\\\/ribeiraopreto-regiao\\\/sp\\\/author\\\/patricia-prado\"}]}<\/script>\n<!-- \/ Yoast SEO plugin. -->","yoast_head_json":{"title":"Consulta p\u00fablica para novo Cat\u00e1logo de Cursos T\u00e9cnicos do MEC acaba hoje - Ribeir\u00e3o Preto e Regi\u00e3o","robots":{"index":"index","follow":"follow","max-snippet":"max-snippet:-1","max-image-preview":"max-image-preview:large","max-video-preview":"max-video-preview:-1"},"canonical":"https:\/\/redenoticiaz.com.br\/ribeiraopreto-regiao\/sp\/2026\/09\/01\/consulta-publica-para-novo-catalogo-de-cursos-tecnicos-do-mec-acaba-hoje","og_locale":"pt_BR","og_type":"article","og_title":"Consulta p\u00fablica para novo Cat\u00e1logo de Cursos T\u00e9cnicos do MEC acaba hoje - Ribeir\u00e3o Preto e Regi\u00e3o","og_description":"Estudantes, professores, gestores p\u00fablicos e representantes de institui\u00e7\u00f5es de ensino t\u00eam at\u00e9 as 23h59 desta quarta-feira (2) para contribuir com a elabora\u00e7\u00e3o da vers\u00e3o preliminar da 5\u00aa edi\u00e7\u00e3o do Cat\u00e1logo Nacional de Cursos T\u00e9cnicos (CNCT). A consulta p\u00fablica, promovida pelo Minist\u00e9rio da Educa\u00e7\u00e3o (MEC), visa revisar e atualizar 197 cursos t\u00e9cnicos distribu\u00eddos em 13 eixos &hellip;","og_url":"https:\/\/redenoticiaz.com.br\/ribeiraopreto-regiao\/sp\/2026\/09\/01\/consulta-publica-para-novo-catalogo-de-cursos-tecnicos-do-mec-acaba-hoje","og_site_name":"Ribeir\u00e3o Preto e Regi\u00e3o","article_publisher":"https:\/\/m.facebook.com\/redenoticiaz.barretos","article_published_time":"2026-09-01T21:26:59+00:00","og_image":[{"width":400,"height":250,"url":"https:\/\/redenoticiaz.com.br\/ribeiraopreto-regiao\/wp-content\/uploads\/sites\/4\/2022\/02\/logo.jpg","type":"image\/jpeg"}],"author":"Patr\u00edcia Prado","twitter_card":"summary_large_image","twitter_creator":"@RN_barretos","twitter_site":"@RN_barretos","twitter_misc":{"Escrito por":"Patr\u00edcia Prado","Est. tempo de leitura":"1 minuto"},"schema":{"@context":"https:\/\/schema.org","@graph":[{"@type":"Article","@id":"https:\/\/redenoticiaz.com.br\/ribeiraopreto-regiao\/sp\/2026\/09\/01\/consulta-publica-para-novo-catalogo-de-cursos-tecnicos-do-mec-acaba-hoje#article","isPartOf":{"@id":"https:\/\/redenoticiaz.com.br\/ribeiraopreto-regiao\/sp\/2026\/09\/01\/consulta-publica-para-novo-catalogo-de-cursos-tecnicos-do-mec-acaba-hoje"},"author":{"name":"Patr\u00edcia Prado","@id":"https:\/\/redenoticiaz.com.br\/ribeiraopreto-regiao\/#\/schema\/person\/e1b0bd8c2637e2c1b6ddcbc2c33b116f"},"headline":"Consulta p\u00fablica para novo Cat\u00e1logo de Cursos T\u00e9cnicos do MEC acaba hoje","datePublished":"2026-09-01T21:26:59+00:00","mainEntityOfPage":{"@id":"https:\/\/redenoticiaz.com.br\/ribeiraopreto-regiao\/sp\/2026\/09\/01\/consulta-publica-para-novo-catalogo-de-cursos-tecnicos-do-mec-acaba-hoje"},"wordCount":204,"commentCount":0,"publisher":{"@id":"https:\/\/redenoticiaz.com.br\/ribeiraopreto-regiao\/#organization"},"image":{"@id":"https:\/\/redenoticiaz.com.br\/ribeiraopreto-regiao\/sp\/2026\/09\/01\/consulta-publica-para-novo-catalogo-de-cursos-tecnicos-do-mec-acaba-hoje#primaryimage"},"thumbnailUrl":"https:\/\/redenoticiaz.com.br\/ribeiraopreto-regiao\/wp-content\/uploads\/sites\/4\/2026\/09\/tmazs_abr_1008183055.jpg","articleSection":["Educa\u00e7\u00e3o","Emprego","Pol\u00edtica","Trabalho"],"inLanguage":"pt-BR","potentialAction":[{"@type":"CommentAction","name":"Comment","target":["https:\/\/redenoticiaz.com.br\/ribeiraopreto-regiao\/sp\/2026\/09\/01\/consulta-publica-para-novo-catalogo-de-cursos-tecnicos-do-mec-acaba-hoje#respond"]}]},{"@type":"WebPage","@id":"https:\/\/redenoticiaz.com.br\/ribeiraopreto-regiao\/sp\/2026\/09\/01\/consulta-publica-para-novo-catalogo-de-cursos-tecnicos-do-mec-acaba-hoje","url":"https:\/\/redenoticiaz.com.br\/ribeiraopreto-regiao\/sp\/2026\/09\/01\/consulta-publica-para-novo-catalogo-de-cursos-tecnicos-do-mec-acaba-hoje","name":"Consulta p\u00fablica para novo Cat\u00e1logo de Cursos T\u00e9cnicos do MEC acaba hoje - Ribeir\u00e3o Preto e Regi\u00e3o","isPartOf":{"@id":"https:\/\/redenoticiaz.com.br\/ribeiraopreto-regiao\/#website"},"primaryImageOfPage":{"@id":"https:\/\/redenoticiaz.com.br\/ribeiraopreto-regiao\/sp\/2026\/09\/01\/consulta-publica-para-novo-catalogo-de-cursos-tecnicos-do-mec-acaba-hoje#primaryimage"},"image":{"@id":"https:\/\/redenoticiaz.com.br\/ribeiraopreto-regiao\/sp\/2026\/09\/01\/consulta-publica-para-novo-catalogo-de-cursos-tecnicos-do-mec-acaba-hoje#primaryimage"},"thumbnailUrl":"https:\/\/redenoticiaz.com.br\/ribeiraopreto-regiao\/wp-content\/uploads\/sites\/4\/2026\/09\/tmazs_abr_1008183055.jpg","datePublished":"2026-09-01T21:26:59+00:00","inLanguage":"pt-BR","potentialAction":[{"@type":"ReadAction","target":["https:\/\/redenoticiaz.com.br\/ribeiraopreto-regiao\/sp\/2026\/09\/01\/consulta-publica-para-novo-catalogo-de-cursos-tecnicos-do-mec-acaba-hoje"]}]},{"@type":"ImageObject","inLanguage":"pt-BR","@id":"https:\/\/redenoticiaz.com.br\/ribeiraopreto-regiao\/sp\/2026\/09\/01\/consulta-publica-para-novo-catalogo-de-cursos-tecnicos-do-mec-acaba-hoje#primaryimage","url":"https:\/\/redenoticiaz.com.br\/ribeiraopreto-regiao\/wp-content\/uploads\/sites\/4\/2026\/09\/tmazs_abr_1008183055.jpg","contentUrl":"https:\/\/redenoticiaz.com.br\/ribeiraopreto-regiao\/wp-content\/uploads\/sites\/4\/2026\/09\/tmazs_abr_1008183055.jpg","width":1600,"height":800},{"@type":"WebSite","@id":"https:\/\/redenoticiaz.com.br\/ribeiraopreto-regiao\/#website","url":"https:\/\/redenoticiaz.com.br\/ribeiraopreto-regiao\/","name":"Ribeir\u00e3o Preto e Regi\u00e3o","description":"Rede NoticiaZ - Ribeir\u00e3o Preto e regi\u00e3o","publisher":{"@id":"https:\/\/redenoticiaz.com.br\/ribeiraopreto-regiao\/#organization"},"potentialAction":[{"@type":"SearchAction","target":{"@type":"EntryPoint","urlTemplate":"https:\/\/redenoticiaz.com.br\/ribeiraopreto-regiao\/?s={search_term_string}"},"query-input":{"@type":"PropertyValueSpecification","valueRequired":true,"valueName":"search_term_string"}}],"inLanguage":"pt-BR"},{"@type":"Organization","@id":"https:\/\/redenoticiaz.com.br\/ribeiraopreto-regiao\/#organization","name":"Ribeir\u00e3o Preto e Regi\u00e3o","url":"https:\/\/redenoticiaz.com.br\/ribeiraopreto-regiao\/","logo":{"@type":"ImageObject","inLanguage":"pt-BR","@id":"https:\/\/redenoticiaz.com.br\/ribeiraopreto-regiao\/#\/schema\/logo\/image\/","url":"https:\/\/redenoticiaz.com.br\/barretos-regiao\/wp-content\/uploads\/sites\/4\/2022\/02\/logo.jpg","contentUrl":"https:\/\/redenoticiaz.com.br\/barretos-regiao\/wp-content\/uploads\/sites\/4\/2022\/02\/logo.jpg","width":400,"height":250,"caption":"Ribeir\u00e3o Preto e Regi\u00e3o"},"image":{"@id":"https:\/\/redenoticiaz.com.br\/ribeiraopreto-regiao\/#\/schema\/logo\/image\/"},"sameAs":["https:\/\/m.facebook.com\/redenoticiaz.barretos","https:\/\/x.com\/RN_barretos","https:\/\/www.instagram.com\/redenoticiaz.barretos\/?igshid=YmMyMTA2M2Y","https:\/\/www.linkedin.com\/company\/rede-noticiaz-barretos-e-regio\/"]},{"@type":"Person","@id":"https:\/\/redenoticiaz.com.br\/ribeiraopreto-regiao\/#\/schema\/person\/e1b0bd8c2637e2c1b6ddcbc2c33b116f","name":"Patr\u00edcia Prado","image":{"@type":"ImageObject","inLanguage":"pt-BR","@id":"https:\/\/secure.gravatar.com\/avatar\/92e358bef22cfcec15e054ae4d9fee04dadf0c772dc4a17b382b8a34a15354c2?s=96&d=mm&r=g","url":"https:\/\/secure.gravatar.com\/avatar\/92e358bef22cfcec15e054ae4d9fee04dadf0c772dc4a17b382b8a34a15354c2?s=96&d=mm&r=g","contentUrl":"https:\/\/secure.gravatar.com\/avatar\/92e358bef22cfcec15e054ae4d9fee04dadf0c772dc4a17b382b8a34a15354c2?s=96&d=mm&r=g","caption":"Patr\u00edcia Prado"},"url":"https:\/\/redenoticiaz.com.br\/ribeiraopreto-regiao\/sp\/author\/patricia-prado"}]}},"_links":{"self":[{"href":"https:\/\/redenoticiaz.com.br\/ribeiraopreto-regiao\/wp-json\/wp\/v2\/posts\/123039","targetHints":{"allow":["GET"]}}],"collection":[{"href":"https:\/\/redenoticiaz.com.br\/ribeiraopreto-regiao\/wp-json\/wp\/v2\/posts"}],"about":[{"href":"https:\/\/redenoticiaz.com.br\/ribeiraopreto-regiao\/wp-json\/wp\/v2\/types\/post"}],"author":[{"embeddable":true,"href":"https:\/\/redenoticiaz.com.br\/ribeiraopreto-regiao\/wp-json\/wp\/v2\/users\/5"}],"replies":[{"embeddable":true,"href":"https:\/\/redenoticiaz.com.br\/ribeiraopreto-regiao\/wp-json\/wp\/v2\/comments?post=123039"}],"version-history":[{"count":0,"href":"https:\/\/redenoticiaz.com.br\/ribeiraopreto-regiao\/wp-json\/wp\/v2\/posts\/123039\/revisions"}],"wp:featuredmedia":[{"embeddable":true,"href":"https:\/\/redenoticiaz.com.br\/ribeiraopreto-regiao\/wp-json\/wp\/v2\/media\/123040"}],"wp:attachment":[{"href":"https:\/\/redenoticiaz.com.br\/ribeiraopreto-regiao\/wp-json\/wp\/v2\/media?parent=123039"}],"wp:term":[{"taxonomy":"category","embeddable":true,"href":"https:\/\/redenoticiaz.com.br\/ribeiraopreto-regiao\/wp-json\/wp\/v2\/categories?post=123039"},{"taxonomy":"post_tag","embeddable":true,"href":"https:\/\/redenoticiaz.com.br\/ribeiraopreto-regiao\/wp-json\/wp\/v2\/tags?post=123039"}],"curies":[{"name":"wp","href":"https:\/\/api.w.org\/{rel}","templated":true}]}}