{"id":123041,"date":"2026-09-01T18:58:01","date_gmt":"2026-09-01T21:58:01","guid":{"rendered":"https:\/\/redenoticiaz.com.br\/ribeiraopreto-regiao\/sp\/2026\/09\/01\/cinefantasy-homenageia-liz-marins-na-estreia-do-festival-de-cinema-fantastico"},"modified":"2026-09-01T18:58:01","modified_gmt":"2026-09-01T21:58:01","slug":"cinefantasy-homenageia-liz-marins-na-estreia-do-festival-de-cinema-fantastico","status":"publish","type":"post","link":"https:\/\/redenoticiaz.com.br\/ribeiraopreto-regiao\/sp\/2026\/09\/01\/cinefantasy-homenageia-liz-marins-na-estreia-do-festival-de-cinema-fantastico","title":{"rendered":"CineFantasy homenageia Liz Marins na estreia do festival de cinema fant\u00e1stico"},"content":{"rendered":"<p>Liz Marins, criadora da ic\u00f4nica personagem Liz Vamp, ser\u00e1 homenageada na 17\u00aa edi\u00e7\u00e3o do CineFantasy, Festival Internacional de Cinema Fant\u00e1stico, que acontece de 1\u00ba a 6 de setembro em S\u00e3o Paulo. O festival exibir\u00e1 70 filmes de 24 pa\u00edses, incluindo curtas e longas-metragens que ser\u00e3o apresentados pela primeira vez na capital paulista.<\/p>\n<p>Com produ\u00e7\u00f5es distribu\u00eddas em diversas mostras, como Anima\u00e7\u00e3o Fant\u00e1stica, Brasil Fant\u00e1stico e Horrors, o CineFantasy visa servir como um ponto de partida para novos cineastas alcan\u00e7arem visibilidade. A programa\u00e7\u00e3o deste ano traz uma novidade: o festival ser\u00e1 realizado em v\u00e1rias loca\u00e7\u00f5es, incluindo o Museu da Imagem e do Som, o Cine Olido, o Centro de Forma\u00e7\u00e3o Cidade Tiradentes e 26 Centros de Educa\u00e7\u00e3o Unificados (CEUs). <\/p>\n<p>Essa mudan\u00e7a atende \u00e0 necessidade do p\u00fablico, que frequentemente enfrentava dificuldades de locomo\u00e7\u00e3o para chegar ao evento centralizado. \u201cS\u00e3o Paulo \u00e9 uma cidade grande, com uma extens\u00e3o territorial enorme e problemas de locomo\u00e7\u00e3o\u201d, afirmou Eduardo Santana, diretor do festival.<\/p>\n<p>Al\u00e9m das exibi\u00e7\u00f5es, o CineFantasy contar\u00e1 com mostras competitivas em categorias como Melhor Filme, Melhor Dire\u00e7\u00e3o e Melhor Roteiro. A premia\u00e7\u00e3o ser\u00e1 realizada na sess\u00e3o de encerramento, onde o trof\u00e9u Jos\u00e9 Mujica\/CineFantasy ser\u00e1 entregue aos melhores filmes. Os vencedores de Melhor Curta-Metragem e Melhor Longa-Metragem receber\u00e3o indica\u00e7\u00f5es para a Fantlatam \u2013 Alianza Latinoamericana de Festivales de Cine Fant\u00e1stico, um prestigiado festival do g\u00eanero.<\/p>\n<p>A abertura do festival contar\u00e1 com a premi\u00e8re brasileira do document\u00e1rio <em>Occupy Cannes<\/em>, de Lily-Hayes Kaufman, e a exibi\u00e7\u00e3o do curta <em>L\u00famen<\/em>, de Marcos DeBrito. Este \u00faltimo foi desenvolvido por 30 participantes em apenas um dia durante a edi\u00e7\u00e3o anterior do festival e j\u00e1 foi premiado em diversos eventos internacionais. <\/p>\n<p>O document\u00e1rio <em>Occupy Cannes<\/em> aborda a hist\u00f3ria da produtora Troma no Festival de Cannes desde 1974, evidenciando os desafios enfrentados para competir com grandes est\u00fadios. A Troma, relevante na cena independente mundial, j\u00e1 revelou \u00edcones como Samuel L. Jackson.<\/p>\n<p>No segmento de Longas-Metragens Nacionais, o p\u00fablico poder\u00e1 assistir a duas estreias mundiais: <em>Juliana contra o Jambeiro do Diabo pelo Cora\u00e7\u00e3o de Jo\u00e3o Batista<\/em>, que apresenta uma narrativa de horror e realismo fant\u00e1stico na Amaz\u00f4nia, e <em>O Retrato de Sarah<\/em>, que aborda obsess\u00e3o e o processo criativo de uma jovem artista que transforma seus compradores em arte. Essas sess\u00f5es incluir\u00e3o discuss\u00f5es com os elencos e diretores.<\/p>\n<p>A sele\u00e7\u00e3o internacional ainda traz a estreia do longa <em>Sangrar<\/em> (<em>Bleed<\/em>), que retrata uma fam\u00edlia em crise durante o Halloween. A exibi\u00e7\u00e3o contar\u00e1 com a presen\u00e7a de um dos diretores.<\/p>\n","protected":false},"excerpt":{"rendered":"<p>Liz Marins, criadora da ic\u00f4nica personagem Liz Vamp, ser\u00e1 homenageada na 17\u00aa edi\u00e7\u00e3o do CineFantasy, Festival Internacional de Cinema Fant\u00e1stico, que acontece de 1\u00ba a 6 de setembro em S\u00e3o Paulo. O festival exibir\u00e1 70 filmes de 24 pa\u00edses, incluindo curtas e longas-metragens que ser\u00e3o apresentados pela primeira vez na capital paulista. Com produ\u00e7\u00f5es distribu\u00eddas &hellip;<\/p>\n","protected":false},"author":5,"featured_media":123042,"comment_status":"open","ping_status":"closed","sticky":false,"template":"","format":"standard","meta":{"footnotes":""},"categories":[469,820,134,68],"tags":[],"class_list":["post-123041","post","type-post","status-publish","format-standard","has-post-thumbnail","hentry","category-cultura","category-educacao","category-entretenimento","category-mundo"],"yoast_head":"<!-- This site is optimized with the Yoast SEO plugin v28.3 - https:\/\/yoast.com\/product\/yoast-seo-wordpress\/ -->\n<title>CineFantasy homenageia Liz Marins na estreia do festival de cinema fant\u00e1stico - Ribeir\u00e3o Preto e Regi\u00e3o<\/title>\n<meta name=\"robots\" content=\"index, follow, max-snippet:-1, max-image-preview:large, max-video-preview:-1\" \/>\n<link rel=\"canonical\" href=\"https:\/\/redenoticiaz.com.br\/ribeiraopreto-regiao\/sp\/2026\/09\/01\/cinefantasy-homenageia-liz-marins-na-estreia-do-festival-de-cinema-fantastico\" \/>\n<meta property=\"og:locale\" content=\"pt_BR\" \/>\n<meta property=\"og:type\" content=\"article\" \/>\n<meta property=\"og:title\" content=\"CineFantasy homenageia Liz Marins na estreia do festival de cinema fant\u00e1stico - Ribeir\u00e3o Preto e Regi\u00e3o\" \/>\n<meta property=\"og:description\" content=\"Liz Marins, criadora da ic\u00f4nica personagem Liz Vamp, ser\u00e1 homenageada na 17\u00aa edi\u00e7\u00e3o do CineFantasy, Festival Internacional de Cinema Fant\u00e1stico, que acontece de 1\u00ba a 6 de setembro em S\u00e3o Paulo. O festival exibir\u00e1 70 filmes de 24 pa\u00edses, incluindo curtas e longas-metragens que ser\u00e3o apresentados pela primeira vez na capital paulista. Com produ\u00e7\u00f5es distribu\u00eddas &hellip;\" \/>\n<meta property=\"og:url\" content=\"https:\/\/redenoticiaz.com.br\/ribeiraopreto-regiao\/sp\/2026\/09\/01\/cinefantasy-homenageia-liz-marins-na-estreia-do-festival-de-cinema-fantastico\" \/>\n<meta property=\"og:site_name\" content=\"Ribeir\u00e3o Preto e Regi\u00e3o\" \/>\n<meta property=\"article:publisher\" content=\"https:\/\/m.facebook.com\/redenoticiaz.barretos\" \/>\n<meta property=\"article:published_time\" content=\"2026-09-01T21:58:01+00:00\" \/>\n<meta property=\"og:image\" content=\"https:\/\/redenoticiaz.com.br\/ribeiraopreto-regiao\/wp-content\/uploads\/sites\/4\/2022\/02\/logo.jpg\" \/>\n\t<meta property=\"og:image:width\" content=\"400\" \/>\n\t<meta property=\"og:image:height\" content=\"250\" \/>\n\t<meta property=\"og:image:type\" content=\"image\/jpeg\" \/>\n<meta name=\"author\" content=\"Patr\u00edcia Prado\" \/>\n<meta name=\"twitter:card\" content=\"summary_large_image\" \/>\n<meta name=\"twitter:creator\" content=\"@RN_barretos\" \/>\n<meta name=\"twitter:site\" content=\"@RN_barretos\" \/>\n<meta name=\"twitter:label1\" content=\"Escrito por\" \/>\n\t<meta name=\"twitter:data1\" content=\"Patr\u00edcia Prado\" \/>\n\t<meta name=\"twitter:label2\" content=\"Est. tempo de leitura\" \/>\n\t<meta name=\"twitter:data2\" content=\"2 minutos\" \/>\n<script type=\"application\/ld+json\" class=\"yoast-schema-graph\">{\"@context\":\"https:\\\/\\\/schema.org\",\"@graph\":[{\"@type\":\"Article\",\"@id\":\"https:\\\/\\\/redenoticiaz.com.br\\\/ribeiraopreto-regiao\\\/sp\\\/2026\\\/09\\\/01\\\/cinefantasy-homenageia-liz-marins-na-estreia-do-festival-de-cinema-fantastico#article\",\"isPartOf\":{\"@id\":\"https:\\\/\\\/redenoticiaz.com.br\\\/ribeiraopreto-regiao\\\/sp\\\/2026\\\/09\\\/01\\\/cinefantasy-homenageia-liz-marins-na-estreia-do-festival-de-cinema-fantastico\"},\"author\":{\"name\":\"Patr\u00edcia Prado\",\"@id\":\"https:\\\/\\\/redenoticiaz.com.br\\\/ribeiraopreto-regiao\\\/#\\\/schema\\\/person\\\/e1b0bd8c2637e2c1b6ddcbc2c33b116f\"},\"headline\":\"CineFantasy homenageia Liz Marins na estreia do festival de cinema fant\u00e1stico\",\"datePublished\":\"2026-09-01T21:58:01+00:00\",\"mainEntityOfPage\":{\"@id\":\"https:\\\/\\\/redenoticiaz.com.br\\\/ribeiraopreto-regiao\\\/sp\\\/2026\\\/09\\\/01\\\/cinefantasy-homenageia-liz-marins-na-estreia-do-festival-de-cinema-fantastico\"},\"wordCount\":460,\"commentCount\":0,\"publisher\":{\"@id\":\"https:\\\/\\\/redenoticiaz.com.br\\\/ribeiraopreto-regiao\\\/#organization\"},\"image\":{\"@id\":\"https:\\\/\\\/redenoticiaz.com.br\\\/ribeiraopreto-regiao\\\/sp\\\/2026\\\/09\\\/01\\\/cinefantasy-homenageia-liz-marins-na-estreia-do-festival-de-cinema-fantastico#primaryimage\"},\"thumbnailUrl\":\"https:\\\/\\\/redenoticiaz.com.br\\\/ribeiraopreto-regiao\\\/wp-content\\\/uploads\\\/sites\\\/4\\\/2026\\\/09\\\/festival1.jpg\",\"articleSection\":[\"Cultura\",\"Educa\u00e7\u00e3o\",\"Entretenimento\",\"Mundo\"],\"inLanguage\":\"pt-BR\",\"potentialAction\":[{\"@type\":\"CommentAction\",\"name\":\"Comment\",\"target\":[\"https:\\\/\\\/redenoticiaz.com.br\\\/ribeiraopreto-regiao\\\/sp\\\/2026\\\/09\\\/01\\\/cinefantasy-homenageia-liz-marins-na-estreia-do-festival-de-cinema-fantastico#respond\"]}]},{\"@type\":\"WebPage\",\"@id\":\"https:\\\/\\\/redenoticiaz.com.br\\\/ribeiraopreto-regiao\\\/sp\\\/2026\\\/09\\\/01\\\/cinefantasy-homenageia-liz-marins-na-estreia-do-festival-de-cinema-fantastico\",\"url\":\"https:\\\/\\\/redenoticiaz.com.br\\\/ribeiraopreto-regiao\\\/sp\\\/2026\\\/09\\\/01\\\/cinefantasy-homenageia-liz-marins-na-estreia-do-festival-de-cinema-fantastico\",\"name\":\"CineFantasy homenageia Liz Marins na estreia do festival de cinema fant\u00e1stico - Ribeir\u00e3o Preto e Regi\u00e3o\",\"isPartOf\":{\"@id\":\"https:\\\/\\\/redenoticiaz.com.br\\\/ribeiraopreto-regiao\\\/#website\"},\"primaryImageOfPage\":{\"@id\":\"https:\\\/\\\/redenoticiaz.com.br\\\/ribeiraopreto-regiao\\\/sp\\\/2026\\\/09\\\/01\\\/cinefantasy-homenageia-liz-marins-na-estreia-do-festival-de-cinema-fantastico#primaryimage\"},\"image\":{\"@id\":\"https:\\\/\\\/redenoticiaz.com.br\\\/ribeiraopreto-regiao\\\/sp\\\/2026\\\/09\\\/01\\\/cinefantasy-homenageia-liz-marins-na-estreia-do-festival-de-cinema-fantastico#primaryimage\"},\"thumbnailUrl\":\"https:\\\/\\\/redenoticiaz.com.br\\\/ribeiraopreto-regiao\\\/wp-content\\\/uploads\\\/sites\\\/4\\\/2026\\\/09\\\/festival1.jpg\",\"datePublished\":\"2026-09-01T21:58:01+00:00\",\"inLanguage\":\"pt-BR\",\"potentialAction\":[{\"@type\":\"ReadAction\",\"target\":[\"https:\\\/\\\/redenoticiaz.com.br\\\/ribeiraopreto-regiao\\\/sp\\\/2026\\\/09\\\/01\\\/cinefantasy-homenageia-liz-marins-na-estreia-do-festival-de-cinema-fantastico\"]}]},{\"@type\":\"ImageObject\",\"inLanguage\":\"pt-BR\",\"@id\":\"https:\\\/\\\/redenoticiaz.com.br\\\/ribeiraopreto-regiao\\\/sp\\\/2026\\\/09\\\/01\\\/cinefantasy-homenageia-liz-marins-na-estreia-do-festival-de-cinema-fantastico#primaryimage\",\"url\":\"https:\\\/\\\/redenoticiaz.com.br\\\/ribeiraopreto-regiao\\\/wp-content\\\/uploads\\\/sites\\\/4\\\/2026\\\/09\\\/festival1.jpg\",\"contentUrl\":\"https:\\\/\\\/redenoticiaz.com.br\\\/ribeiraopreto-regiao\\\/wp-content\\\/uploads\\\/sites\\\/4\\\/2026\\\/09\\\/festival1.jpg\",\"width\":1600,\"height\":800},{\"@type\":\"WebSite\",\"@id\":\"https:\\\/\\\/redenoticiaz.com.br\\\/ribeiraopreto-regiao\\\/#website\",\"url\":\"https:\\\/\\\/redenoticiaz.com.br\\\/ribeiraopreto-regiao\\\/\",\"name\":\"Ribeir\u00e3o Preto e Regi\u00e3o\",\"description\":\"Rede NoticiaZ - Ribeir\u00e3o Preto e regi\u00e3o\",\"publisher\":{\"@id\":\"https:\\\/\\\/redenoticiaz.com.br\\\/ribeiraopreto-regiao\\\/#organization\"},\"potentialAction\":[{\"@type\":\"SearchAction\",\"target\":{\"@type\":\"EntryPoint\",\"urlTemplate\":\"https:\\\/\\\/redenoticiaz.com.br\\\/ribeiraopreto-regiao\\\/?s={search_term_string}\"},\"query-input\":{\"@type\":\"PropertyValueSpecification\",\"valueRequired\":true,\"valueName\":\"search_term_string\"}}],\"inLanguage\":\"pt-BR\"},{\"@type\":\"Organization\",\"@id\":\"https:\\\/\\\/redenoticiaz.com.br\\\/ribeiraopreto-regiao\\\/#organization\",\"name\":\"Ribeir\u00e3o Preto e Regi\u00e3o\",\"url\":\"https:\\\/\\\/redenoticiaz.com.br\\\/ribeiraopreto-regiao\\\/\",\"logo\":{\"@type\":\"ImageObject\",\"inLanguage\":\"pt-BR\",\"@id\":\"https:\\\/\\\/redenoticiaz.com.br\\\/ribeiraopreto-regiao\\\/#\\\/schema\\\/logo\\\/image\\\/\",\"url\":\"https:\\\/\\\/redenoticiaz.com.br\\\/barretos-regiao\\\/wp-content\\\/uploads\\\/sites\\\/4\\\/2022\\\/02\\\/logo.jpg\",\"contentUrl\":\"https:\\\/\\\/redenoticiaz.com.br\\\/barretos-regiao\\\/wp-content\\\/uploads\\\/sites\\\/4\\\/2022\\\/02\\\/logo.jpg\",\"width\":400,\"height\":250,\"caption\":\"Ribeir\u00e3o Preto e Regi\u00e3o\"},\"image\":{\"@id\":\"https:\\\/\\\/redenoticiaz.com.br\\\/ribeiraopreto-regiao\\\/#\\\/schema\\\/logo\\\/image\\\/\"},\"sameAs\":[\"https:\\\/\\\/m.facebook.com\\\/redenoticiaz.barretos\",\"https:\\\/\\\/x.com\\\/RN_barretos\",\"https:\\\/\\\/www.instagram.com\\\/redenoticiaz.barretos\\\/?igshid=YmMyMTA2M2Y\",\"https:\\\/\\\/www.linkedin.com\\\/company\\\/rede-noticiaz-barretos-e-regio\\\/\"]},{\"@type\":\"Person\",\"@id\":\"https:\\\/\\\/redenoticiaz.com.br\\\/ribeiraopreto-regiao\\\/#\\\/schema\\\/person\\\/e1b0bd8c2637e2c1b6ddcbc2c33b116f\",\"name\":\"Patr\u00edcia Prado\",\"image\":{\"@type\":\"ImageObject\",\"inLanguage\":\"pt-BR\",\"@id\":\"https:\\\/\\\/secure.gravatar.com\\\/avatar\\\/92e358bef22cfcec15e054ae4d9fee04dadf0c772dc4a17b382b8a34a15354c2?s=96&d=mm&r=g\",\"url\":\"https:\\\/\\\/secure.gravatar.com\\\/avatar\\\/92e358bef22cfcec15e054ae4d9fee04dadf0c772dc4a17b382b8a34a15354c2?s=96&d=mm&r=g\",\"contentUrl\":\"https:\\\/\\\/secure.gravatar.com\\\/avatar\\\/92e358bef22cfcec15e054ae4d9fee04dadf0c772dc4a17b382b8a34a15354c2?s=96&d=mm&r=g\",\"caption\":\"Patr\u00edcia Prado\"},\"url\":\"https:\\\/\\\/redenoticiaz.com.br\\\/ribeiraopreto-regiao\\\/sp\\\/author\\\/patricia-prado\"}]}<\/script>\n<!-- \/ Yoast SEO plugin. -->","yoast_head_json":{"title":"CineFantasy homenageia Liz Marins na estreia do festival de cinema fant\u00e1stico - Ribeir\u00e3o Preto e Regi\u00e3o","robots":{"index":"index","follow":"follow","max-snippet":"max-snippet:-1","max-image-preview":"max-image-preview:large","max-video-preview":"max-video-preview:-1"},"canonical":"https:\/\/redenoticiaz.com.br\/ribeiraopreto-regiao\/sp\/2026\/09\/01\/cinefantasy-homenageia-liz-marins-na-estreia-do-festival-de-cinema-fantastico","og_locale":"pt_BR","og_type":"article","og_title":"CineFantasy homenageia Liz Marins na estreia do festival de cinema fant\u00e1stico - Ribeir\u00e3o Preto e Regi\u00e3o","og_description":"Liz Marins, criadora da ic\u00f4nica personagem Liz Vamp, ser\u00e1 homenageada na 17\u00aa edi\u00e7\u00e3o do CineFantasy, Festival Internacional de Cinema Fant\u00e1stico, que acontece de 1\u00ba a 6 de setembro em S\u00e3o Paulo. O festival exibir\u00e1 70 filmes de 24 pa\u00edses, incluindo curtas e longas-metragens que ser\u00e3o apresentados pela primeira vez na capital paulista. Com produ\u00e7\u00f5es distribu\u00eddas &hellip;","og_url":"https:\/\/redenoticiaz.com.br\/ribeiraopreto-regiao\/sp\/2026\/09\/01\/cinefantasy-homenageia-liz-marins-na-estreia-do-festival-de-cinema-fantastico","og_site_name":"Ribeir\u00e3o Preto e Regi\u00e3o","article_publisher":"https:\/\/m.facebook.com\/redenoticiaz.barretos","article_published_time":"2026-09-01T21:58:01+00:00","og_image":[{"width":400,"height":250,"url":"https:\/\/redenoticiaz.com.br\/ribeiraopreto-regiao\/wp-content\/uploads\/sites\/4\/2022\/02\/logo.jpg","type":"image\/jpeg"}],"author":"Patr\u00edcia Prado","twitter_card":"summary_large_image","twitter_creator":"@RN_barretos","twitter_site":"@RN_barretos","twitter_misc":{"Escrito por":"Patr\u00edcia Prado","Est. tempo de leitura":"2 minutos"},"schema":{"@context":"https:\/\/schema.org","@graph":[{"@type":"Article","@id":"https:\/\/redenoticiaz.com.br\/ribeiraopreto-regiao\/sp\/2026\/09\/01\/cinefantasy-homenageia-liz-marins-na-estreia-do-festival-de-cinema-fantastico#article","isPartOf":{"@id":"https:\/\/redenoticiaz.com.br\/ribeiraopreto-regiao\/sp\/2026\/09\/01\/cinefantasy-homenageia-liz-marins-na-estreia-do-festival-de-cinema-fantastico"},"author":{"name":"Patr\u00edcia Prado","@id":"https:\/\/redenoticiaz.com.br\/ribeiraopreto-regiao\/#\/schema\/person\/e1b0bd8c2637e2c1b6ddcbc2c33b116f"},"headline":"CineFantasy homenageia Liz Marins na estreia do festival de cinema fant\u00e1stico","datePublished":"2026-09-01T21:58:01+00:00","mainEntityOfPage":{"@id":"https:\/\/redenoticiaz.com.br\/ribeiraopreto-regiao\/sp\/2026\/09\/01\/cinefantasy-homenageia-liz-marins-na-estreia-do-festival-de-cinema-fantastico"},"wordCount":460,"commentCount":0,"publisher":{"@id":"https:\/\/redenoticiaz.com.br\/ribeiraopreto-regiao\/#organization"},"image":{"@id":"https:\/\/redenoticiaz.com.br\/ribeiraopreto-regiao\/sp\/2026\/09\/01\/cinefantasy-homenageia-liz-marins-na-estreia-do-festival-de-cinema-fantastico#primaryimage"},"thumbnailUrl":"https:\/\/redenoticiaz.com.br\/ribeiraopreto-regiao\/wp-content\/uploads\/sites\/4\/2026\/09\/festival1.jpg","articleSection":["Cultura","Educa\u00e7\u00e3o","Entretenimento","Mundo"],"inLanguage":"pt-BR","potentialAction":[{"@type":"CommentAction","name":"Comment","target":["https:\/\/redenoticiaz.com.br\/ribeiraopreto-regiao\/sp\/2026\/09\/01\/cinefantasy-homenageia-liz-marins-na-estreia-do-festival-de-cinema-fantastico#respond"]}]},{"@type":"WebPage","@id":"https:\/\/redenoticiaz.com.br\/ribeiraopreto-regiao\/sp\/2026\/09\/01\/cinefantasy-homenageia-liz-marins-na-estreia-do-festival-de-cinema-fantastico","url":"https:\/\/redenoticiaz.com.br\/ribeiraopreto-regiao\/sp\/2026\/09\/01\/cinefantasy-homenageia-liz-marins-na-estreia-do-festival-de-cinema-fantastico","name":"CineFantasy homenageia Liz Marins na estreia do festival de cinema fant\u00e1stico - Ribeir\u00e3o Preto e Regi\u00e3o","isPartOf":{"@id":"https:\/\/redenoticiaz.com.br\/ribeiraopreto-regiao\/#website"},"primaryImageOfPage":{"@id":"https:\/\/redenoticiaz.com.br\/ribeiraopreto-regiao\/sp\/2026\/09\/01\/cinefantasy-homenageia-liz-marins-na-estreia-do-festival-de-cinema-fantastico#primaryimage"},"image":{"@id":"https:\/\/redenoticiaz.com.br\/ribeiraopreto-regiao\/sp\/2026\/09\/01\/cinefantasy-homenageia-liz-marins-na-estreia-do-festival-de-cinema-fantastico#primaryimage"},"thumbnailUrl":"https:\/\/redenoticiaz.com.br\/ribeiraopreto-regiao\/wp-content\/uploads\/sites\/4\/2026\/09\/festival1.jpg","datePublished":"2026-09-01T21:58:01+00:00","inLanguage":"pt-BR","potentialAction":[{"@type":"ReadAction","target":["https:\/\/redenoticiaz.com.br\/ribeiraopreto-regiao\/sp\/2026\/09\/01\/cinefantasy-homenageia-liz-marins-na-estreia-do-festival-de-cinema-fantastico"]}]},{"@type":"ImageObject","inLanguage":"pt-BR","@id":"https:\/\/redenoticiaz.com.br\/ribeiraopreto-regiao\/sp\/2026\/09\/01\/cinefantasy-homenageia-liz-marins-na-estreia-do-festival-de-cinema-fantastico#primaryimage","url":"https:\/\/redenoticiaz.com.br\/ribeiraopreto-regiao\/wp-content\/uploads\/sites\/4\/2026\/09\/festival1.jpg","contentUrl":"https:\/\/redenoticiaz.com.br\/ribeiraopreto-regiao\/wp-content\/uploads\/sites\/4\/2026\/09\/festival1.jpg","width":1600,"height":800},{"@type":"WebSite","@id":"https:\/\/redenoticiaz.com.br\/ribeiraopreto-regiao\/#website","url":"https:\/\/redenoticiaz.com.br\/ribeiraopreto-regiao\/","name":"Ribeir\u00e3o Preto e Regi\u00e3o","description":"Rede NoticiaZ - Ribeir\u00e3o Preto e regi\u00e3o","publisher":{"@id":"https:\/\/redenoticiaz.com.br\/ribeiraopreto-regiao\/#organization"},"potentialAction":[{"@type":"SearchAction","target":{"@type":"EntryPoint","urlTemplate":"https:\/\/redenoticiaz.com.br\/ribeiraopreto-regiao\/?s={search_term_string}"},"query-input":{"@type":"PropertyValueSpecification","valueRequired":true,"valueName":"search_term_string"}}],"inLanguage":"pt-BR"},{"@type":"Organization","@id":"https:\/\/redenoticiaz.com.br\/ribeiraopreto-regiao\/#organization","name":"Ribeir\u00e3o Preto e Regi\u00e3o","url":"https:\/\/redenoticiaz.com.br\/ribeiraopreto-regiao\/","logo":{"@type":"ImageObject","inLanguage":"pt-BR","@id":"https:\/\/redenoticiaz.com.br\/ribeiraopreto-regiao\/#\/schema\/logo\/image\/","url":"https:\/\/redenoticiaz.com.br\/barretos-regiao\/wp-content\/uploads\/sites\/4\/2022\/02\/logo.jpg","contentUrl":"https:\/\/redenoticiaz.com.br\/barretos-regiao\/wp-content\/uploads\/sites\/4\/2022\/02\/logo.jpg","width":400,"height":250,"caption":"Ribeir\u00e3o Preto e Regi\u00e3o"},"image":{"@id":"https:\/\/redenoticiaz.com.br\/ribeiraopreto-regiao\/#\/schema\/logo\/image\/"},"sameAs":["https:\/\/m.facebook.com\/redenoticiaz.barretos","https:\/\/x.com\/RN_barretos","https:\/\/www.instagram.com\/redenoticiaz.barretos\/?igshid=YmMyMTA2M2Y","https:\/\/www.linkedin.com\/company\/rede-noticiaz-barretos-e-regio\/"]},{"@type":"Person","@id":"https:\/\/redenoticiaz.com.br\/ribeiraopreto-regiao\/#\/schema\/person\/e1b0bd8c2637e2c1b6ddcbc2c33b116f","name":"Patr\u00edcia Prado","image":{"@type":"ImageObject","inLanguage":"pt-BR","@id":"https:\/\/secure.gravatar.com\/avatar\/92e358bef22cfcec15e054ae4d9fee04dadf0c772dc4a17b382b8a34a15354c2?s=96&d=mm&r=g","url":"https:\/\/secure.gravatar.com\/avatar\/92e358bef22cfcec15e054ae4d9fee04dadf0c772dc4a17b382b8a34a15354c2?s=96&d=mm&r=g","contentUrl":"https:\/\/secure.gravatar.com\/avatar\/92e358bef22cfcec15e054ae4d9fee04dadf0c772dc4a17b382b8a34a15354c2?s=96&d=mm&r=g","caption":"Patr\u00edcia Prado"},"url":"https:\/\/redenoticiaz.com.br\/ribeiraopreto-regiao\/sp\/author\/patricia-prado"}]}},"_links":{"self":[{"href":"https:\/\/redenoticiaz.com.br\/ribeiraopreto-regiao\/wp-json\/wp\/v2\/posts\/123041","targetHints":{"allow":["GET"]}}],"collection":[{"href":"https:\/\/redenoticiaz.com.br\/ribeiraopreto-regiao\/wp-json\/wp\/v2\/posts"}],"about":[{"href":"https:\/\/redenoticiaz.com.br\/ribeiraopreto-regiao\/wp-json\/wp\/v2\/types\/post"}],"author":[{"embeddable":true,"href":"https:\/\/redenoticiaz.com.br\/ribeiraopreto-regiao\/wp-json\/wp\/v2\/users\/5"}],"replies":[{"embeddable":true,"href":"https:\/\/redenoticiaz.com.br\/ribeiraopreto-regiao\/wp-json\/wp\/v2\/comments?post=123041"}],"version-history":[{"count":0,"href":"https:\/\/redenoticiaz.com.br\/ribeiraopreto-regiao\/wp-json\/wp\/v2\/posts\/123041\/revisions"}],"wp:featuredmedia":[{"embeddable":true,"href":"https:\/\/redenoticiaz.com.br\/ribeiraopreto-regiao\/wp-json\/wp\/v2\/media\/123042"}],"wp:attachment":[{"href":"https:\/\/redenoticiaz.com.br\/ribeiraopreto-regiao\/wp-json\/wp\/v2\/media?parent=123041"}],"wp:term":[{"taxonomy":"category","embeddable":true,"href":"https:\/\/redenoticiaz.com.br\/ribeiraopreto-regiao\/wp-json\/wp\/v2\/categories?post=123041"},{"taxonomy":"post_tag","embeddable":true,"href":"https:\/\/redenoticiaz.com.br\/ribeiraopreto-regiao\/wp-json\/wp\/v2\/tags?post=123041"}],"curies":[{"name":"wp","href":"https:\/\/api.w.org\/{rel}","templated":true}]}}