{"id":123043,"date":"2026-09-01T19:28:58","date_gmt":"2026-09-01T22:28:58","guid":{"rendered":"https:\/\/redenoticiaz.com.br\/ribeiraopreto-regiao\/sp\/2026\/09\/01\/desembargador-restabelece-cobranca-de-imposto-sobre-exportacao-de-petroleo"},"modified":"2026-09-01T19:28:58","modified_gmt":"2026-09-01T22:28:58","slug":"desembargador-restabelece-cobranca-de-imposto-sobre-exportacao-de-petroleo","status":"publish","type":"post","link":"https:\/\/redenoticiaz.com.br\/ribeiraopreto-regiao\/sp\/2026\/09\/01\/desembargador-restabelece-cobranca-de-imposto-sobre-exportacao-de-petroleo","title":{"rendered":"Desembargador restabelece cobran\u00e7a de imposto sobre exporta\u00e7\u00e3o de petr\u00f3leo"},"content":{"rendered":"<p>O desembargador federal Roberto Carvalho Veloso, do Tribunal Regional Federal da 1\u00aa Regi\u00e3o (TRF1), revogou, nesta ter\u00e7a-feira (1\u00ba), a liminar da 17\u00aa Vara Federal do Distrito Federal que suspendia a cobran\u00e7a de um imposto de 12% sobre as exporta\u00e7\u00f5es de petr\u00f3leo bruto e minerais betuminosos. A decis\u00e3o foi tomada ap\u00f3s um recurso interposto pela Advocacia-Geral da Uni\u00e3o (AGU).<\/p>\n<p>No recurso, a AGU defendeu a legalidade do ato administrativo do Comit\u00ea Executivo de Gest\u00e3o da C\u00e2mara de Com\u00e9rcio Exterior (Gecex-Camex), que estabeleceu a al\u00edquota de 12% em julho. A medida foi implementada ap\u00f3s o t\u00e9rmino da Medida Provis\u00f3ria (MP) 1.340\/2026, editada pelo presidente Luiz In\u00e1cio Lula da Silva em mar\u00e7o, que visava compensar a redu\u00e7\u00e3o de tributos federais sobre o diesel em resposta \u00e0 alta dos combust\u00edveis devido ao conflito militar no Oriente M\u00e9dio.<\/p>\n<p>A guerra entre Estados Unidos e Ir\u00e3 trouxe complica\u00e7\u00f5es significativas, fechando o Estreito de Ormuz, uma das principais rotas de exporta\u00e7\u00e3o de petr\u00f3leo, e resultando em um aumento global no pre\u00e7o do barril.<\/p>\n<p>Al\u00e9m do imposto de exporta\u00e7\u00e3o, a MP incluiu um subs\u00eddio de R$ 0,32 por litro de diesel e medidas para refor\u00e7ar a fiscaliza\u00e7\u00e3o contra aumentos indevidos nos pre\u00e7os dos combust\u00edveis.<\/p>\n<p>A suspens\u00e3o da cobran\u00e7a do imposto foi solicitada pela Associa\u00e7\u00e3o Brasileira de Empresas de Explora\u00e7\u00e3o e de Produ\u00e7\u00e3o de Petr\u00f3leo e G\u00e1s (Abep), que alegou que a resolu\u00e7\u00e3o da Camex era uma reinterpreta\u00e7\u00e3o da cobran\u00e7a que o Congresso havia deixado caducar com o fim da MP, um ato que seria inconstitucional. O juiz Diego C\u00e2mara, da 17\u00aa Vara Federal, acolheu o argumento, afirmando que a a\u00e7\u00e3o da Camex burla o devido processo legislativo.<\/p>\n<p,>No entanto, o desembargador Veloso refutou essa alega\u00e7\u00e3o, argumentando que a restri\u00e7\u00e3o constitucional se aplica apenas a atos que recriam a MP na \u00edntegra, n\u00e3o a atos administrativos do Gecex-Camex. Ele afirmou que a compet\u00eancia do Poder Executivo para alterar as al\u00edquotas do imposto de exporta\u00e7\u00e3o j\u00e1 existia antes da MP 1.340\/2026 e sobrevive a ela.<\/p>\n<p>Veloso tamb\u00e9m destacou que a suspens\u00e3o do imposto poderia gerar riscos \u00e0 ordem econ\u00f4mica e ao planejamento estatal nas \u00e1reas de pol\u00edtica cambial e com\u00e9rcio exterior, especialmente em um cen\u00e1rio de instabilidade geopol\u00edtica. A arrecada\u00e7\u00e3o do imposto de exporta\u00e7\u00e3o sobre petr\u00f3leo chegou a R$ 7,98 bilh\u00f5es at\u00e9 julho, com a tributa\u00e7\u00e3o sendo prorrogada por mais 60 dias a partir de 8 de setembro.<\/p>\n<p>A decis\u00e3o do TRF1 cabe recurso, que pode ser interposto pelas partes envolvidas.<\/p>\n","protected":false},"excerpt":{"rendered":"<p>O desembargador federal Roberto Carvalho Veloso, do Tribunal Regional Federal da 1\u00aa Regi\u00e3o (TRF1), revogou, nesta ter\u00e7a-feira (1\u00ba), a liminar da 17\u00aa Vara Federal do Distrito Federal que suspendia a cobran\u00e7a de um imposto de 12% sobre as exporta\u00e7\u00f5es de petr\u00f3leo bruto e minerais betuminosos. A decis\u00e3o foi tomada ap\u00f3s um recurso interposto pela Advocacia-Geral &hellip;<\/p>\n","protected":false},"author":5,"featured_media":123044,"comment_status":"open","ping_status":"closed","sticky":false,"template":"","format":"standard","meta":{"footnotes":""},"categories":[101,68,186],"tags":[],"class_list":["post-123043","post","type-post","status-publish","format-standard","has-post-thumbnail","hentry","category-economia","category-mundo","category-politica"],"yoast_head":"<!-- This site is optimized with the Yoast SEO plugin v28.3 - https:\/\/yoast.com\/product\/yoast-seo-wordpress\/ -->\n<title>Desembargador restabelece cobran\u00e7a de imposto sobre exporta\u00e7\u00e3o de petr\u00f3leo - Ribeir\u00e3o Preto e Regi\u00e3o<\/title>\n<meta name=\"robots\" content=\"index, follow, max-snippet:-1, max-image-preview:large, max-video-preview:-1\" \/>\n<link rel=\"canonical\" href=\"https:\/\/redenoticiaz.com.br\/ribeiraopreto-regiao\/sp\/2026\/09\/01\/desembargador-restabelece-cobranca-de-imposto-sobre-exportacao-de-petroleo\" \/>\n<meta property=\"og:locale\" content=\"pt_BR\" \/>\n<meta property=\"og:type\" content=\"article\" \/>\n<meta property=\"og:title\" content=\"Desembargador restabelece cobran\u00e7a de imposto sobre exporta\u00e7\u00e3o de petr\u00f3leo - Ribeir\u00e3o Preto e Regi\u00e3o\" \/>\n<meta property=\"og:description\" content=\"O desembargador federal Roberto Carvalho Veloso, do Tribunal Regional Federal da 1\u00aa Regi\u00e3o (TRF1), revogou, nesta ter\u00e7a-feira (1\u00ba), a liminar da 17\u00aa Vara Federal do Distrito Federal que suspendia a cobran\u00e7a de um imposto de 12% sobre as exporta\u00e7\u00f5es de petr\u00f3leo bruto e minerais betuminosos. A decis\u00e3o foi tomada ap\u00f3s um recurso interposto pela Advocacia-Geral &hellip;\" \/>\n<meta property=\"og:url\" content=\"https:\/\/redenoticiaz.com.br\/ribeiraopreto-regiao\/sp\/2026\/09\/01\/desembargador-restabelece-cobranca-de-imposto-sobre-exportacao-de-petroleo\" \/>\n<meta property=\"og:site_name\" content=\"Ribeir\u00e3o Preto e Regi\u00e3o\" \/>\n<meta property=\"article:publisher\" content=\"https:\/\/m.facebook.com\/redenoticiaz.barretos\" \/>\n<meta property=\"article:published_time\" content=\"2026-09-01T22:28:58+00:00\" \/>\n<meta property=\"og:image\" content=\"https:\/\/redenoticiaz.com.br\/ribeiraopreto-regiao\/wp-content\/uploads\/sites\/4\/2022\/02\/logo.jpg\" \/>\n\t<meta property=\"og:image:width\" content=\"400\" \/>\n\t<meta property=\"og:image:height\" content=\"250\" \/>\n\t<meta property=\"og:image:type\" content=\"image\/jpeg\" \/>\n<meta name=\"author\" content=\"Patr\u00edcia Prado\" \/>\n<meta name=\"twitter:card\" content=\"summary_large_image\" \/>\n<meta name=\"twitter:creator\" content=\"@RN_barretos\" \/>\n<meta name=\"twitter:site\" content=\"@RN_barretos\" \/>\n<meta name=\"twitter:label1\" content=\"Escrito por\" \/>\n\t<meta name=\"twitter:data1\" content=\"Patr\u00edcia Prado\" \/>\n\t<meta name=\"twitter:label2\" content=\"Est. tempo de leitura\" \/>\n\t<meta name=\"twitter:data2\" content=\"2 minutos\" \/>\n<script type=\"application\/ld+json\" class=\"yoast-schema-graph\">{\"@context\":\"https:\\\/\\\/schema.org\",\"@graph\":[{\"@type\":\"Article\",\"@id\":\"https:\\\/\\\/redenoticiaz.com.br\\\/ribeiraopreto-regiao\\\/sp\\\/2026\\\/09\\\/01\\\/desembargador-restabelece-cobranca-de-imposto-sobre-exportacao-de-petroleo#article\",\"isPartOf\":{\"@id\":\"https:\\\/\\\/redenoticiaz.com.br\\\/ribeiraopreto-regiao\\\/sp\\\/2026\\\/09\\\/01\\\/desembargador-restabelece-cobranca-de-imposto-sobre-exportacao-de-petroleo\"},\"author\":{\"name\":\"Patr\u00edcia Prado\",\"@id\":\"https:\\\/\\\/redenoticiaz.com.br\\\/ribeiraopreto-regiao\\\/#\\\/schema\\\/person\\\/e1b0bd8c2637e2c1b6ddcbc2c33b116f\"},\"headline\":\"Desembargador restabelece cobran\u00e7a de imposto sobre exporta\u00e7\u00e3o de petr\u00f3leo\",\"datePublished\":\"2026-09-01T22:28:58+00:00\",\"mainEntityOfPage\":{\"@id\":\"https:\\\/\\\/redenoticiaz.com.br\\\/ribeiraopreto-regiao\\\/sp\\\/2026\\\/09\\\/01\\\/desembargador-restabelece-cobranca-de-imposto-sobre-exportacao-de-petroleo\"},\"wordCount\":461,\"commentCount\":0,\"publisher\":{\"@id\":\"https:\\\/\\\/redenoticiaz.com.br\\\/ribeiraopreto-regiao\\\/#organization\"},\"image\":{\"@id\":\"https:\\\/\\\/redenoticiaz.com.br\\\/ribeiraopreto-regiao\\\/sp\\\/2026\\\/09\\\/01\\\/desembargador-restabelece-cobranca-de-imposto-sobre-exportacao-de-petroleo#primaryimage\"},\"thumbnailUrl\":\"https:\\\/\\\/redenoticiaz.com.br\\\/ribeiraopreto-regiao\\\/wp-content\\\/uploads\\\/sites\\\/4\\\/2026\\\/09\\\/ascom-trf10049291221.jpg\",\"articleSection\":[\"Economia\",\"Mundo\",\"Pol\u00edtica\"],\"inLanguage\":\"pt-BR\",\"potentialAction\":[{\"@type\":\"CommentAction\",\"name\":\"Comment\",\"target\":[\"https:\\\/\\\/redenoticiaz.com.br\\\/ribeiraopreto-regiao\\\/sp\\\/2026\\\/09\\\/01\\\/desembargador-restabelece-cobranca-de-imposto-sobre-exportacao-de-petroleo#respond\"]}]},{\"@type\":\"WebPage\",\"@id\":\"https:\\\/\\\/redenoticiaz.com.br\\\/ribeiraopreto-regiao\\\/sp\\\/2026\\\/09\\\/01\\\/desembargador-restabelece-cobranca-de-imposto-sobre-exportacao-de-petroleo\",\"url\":\"https:\\\/\\\/redenoticiaz.com.br\\\/ribeiraopreto-regiao\\\/sp\\\/2026\\\/09\\\/01\\\/desembargador-restabelece-cobranca-de-imposto-sobre-exportacao-de-petroleo\",\"name\":\"Desembargador restabelece cobran\u00e7a de imposto sobre exporta\u00e7\u00e3o de petr\u00f3leo - Ribeir\u00e3o Preto e Regi\u00e3o\",\"isPartOf\":{\"@id\":\"https:\\\/\\\/redenoticiaz.com.br\\\/ribeiraopreto-regiao\\\/#website\"},\"primaryImageOfPage\":{\"@id\":\"https:\\\/\\\/redenoticiaz.com.br\\\/ribeiraopreto-regiao\\\/sp\\\/2026\\\/09\\\/01\\\/desembargador-restabelece-cobranca-de-imposto-sobre-exportacao-de-petroleo#primaryimage\"},\"image\":{\"@id\":\"https:\\\/\\\/redenoticiaz.com.br\\\/ribeiraopreto-regiao\\\/sp\\\/2026\\\/09\\\/01\\\/desembargador-restabelece-cobranca-de-imposto-sobre-exportacao-de-petroleo#primaryimage\"},\"thumbnailUrl\":\"https:\\\/\\\/redenoticiaz.com.br\\\/ribeiraopreto-regiao\\\/wp-content\\\/uploads\\\/sites\\\/4\\\/2026\\\/09\\\/ascom-trf10049291221.jpg\",\"datePublished\":\"2026-09-01T22:28:58+00:00\",\"inLanguage\":\"pt-BR\",\"potentialAction\":[{\"@type\":\"ReadAction\",\"target\":[\"https:\\\/\\\/redenoticiaz.com.br\\\/ribeiraopreto-regiao\\\/sp\\\/2026\\\/09\\\/01\\\/desembargador-restabelece-cobranca-de-imposto-sobre-exportacao-de-petroleo\"]}]},{\"@type\":\"ImageObject\",\"inLanguage\":\"pt-BR\",\"@id\":\"https:\\\/\\\/redenoticiaz.com.br\\\/ribeiraopreto-regiao\\\/sp\\\/2026\\\/09\\\/01\\\/desembargador-restabelece-cobranca-de-imposto-sobre-exportacao-de-petroleo#primaryimage\",\"url\":\"https:\\\/\\\/redenoticiaz.com.br\\\/ribeiraopreto-regiao\\\/wp-content\\\/uploads\\\/sites\\\/4\\\/2026\\\/09\\\/ascom-trf10049291221.jpg\",\"contentUrl\":\"https:\\\/\\\/redenoticiaz.com.br\\\/ribeiraopreto-regiao\\\/wp-content\\\/uploads\\\/sites\\\/4\\\/2026\\\/09\\\/ascom-trf10049291221.jpg\",\"width\":1600,\"height\":800},{\"@type\":\"WebSite\",\"@id\":\"https:\\\/\\\/redenoticiaz.com.br\\\/ribeiraopreto-regiao\\\/#website\",\"url\":\"https:\\\/\\\/redenoticiaz.com.br\\\/ribeiraopreto-regiao\\\/\",\"name\":\"Ribeir\u00e3o Preto e Regi\u00e3o\",\"description\":\"Rede NoticiaZ - Ribeir\u00e3o Preto e regi\u00e3o\",\"publisher\":{\"@id\":\"https:\\\/\\\/redenoticiaz.com.br\\\/ribeiraopreto-regiao\\\/#organization\"},\"potentialAction\":[{\"@type\":\"SearchAction\",\"target\":{\"@type\":\"EntryPoint\",\"urlTemplate\":\"https:\\\/\\\/redenoticiaz.com.br\\\/ribeiraopreto-regiao\\\/?s={search_term_string}\"},\"query-input\":{\"@type\":\"PropertyValueSpecification\",\"valueRequired\":true,\"valueName\":\"search_term_string\"}}],\"inLanguage\":\"pt-BR\"},{\"@type\":\"Organization\",\"@id\":\"https:\\\/\\\/redenoticiaz.com.br\\\/ribeiraopreto-regiao\\\/#organization\",\"name\":\"Ribeir\u00e3o Preto e Regi\u00e3o\",\"url\":\"https:\\\/\\\/redenoticiaz.com.br\\\/ribeiraopreto-regiao\\\/\",\"logo\":{\"@type\":\"ImageObject\",\"inLanguage\":\"pt-BR\",\"@id\":\"https:\\\/\\\/redenoticiaz.com.br\\\/ribeiraopreto-regiao\\\/#\\\/schema\\\/logo\\\/image\\\/\",\"url\":\"https:\\\/\\\/redenoticiaz.com.br\\\/barretos-regiao\\\/wp-content\\\/uploads\\\/sites\\\/4\\\/2022\\\/02\\\/logo.jpg\",\"contentUrl\":\"https:\\\/\\\/redenoticiaz.com.br\\\/barretos-regiao\\\/wp-content\\\/uploads\\\/sites\\\/4\\\/2022\\\/02\\\/logo.jpg\",\"width\":400,\"height\":250,\"caption\":\"Ribeir\u00e3o Preto e Regi\u00e3o\"},\"image\":{\"@id\":\"https:\\\/\\\/redenoticiaz.com.br\\\/ribeiraopreto-regiao\\\/#\\\/schema\\\/logo\\\/image\\\/\"},\"sameAs\":[\"https:\\\/\\\/m.facebook.com\\\/redenoticiaz.barretos\",\"https:\\\/\\\/x.com\\\/RN_barretos\",\"https:\\\/\\\/www.instagram.com\\\/redenoticiaz.barretos\\\/?igshid=YmMyMTA2M2Y\",\"https:\\\/\\\/www.linkedin.com\\\/company\\\/rede-noticiaz-barretos-e-regio\\\/\"]},{\"@type\":\"Person\",\"@id\":\"https:\\\/\\\/redenoticiaz.com.br\\\/ribeiraopreto-regiao\\\/#\\\/schema\\\/person\\\/e1b0bd8c2637e2c1b6ddcbc2c33b116f\",\"name\":\"Patr\u00edcia Prado\",\"image\":{\"@type\":\"ImageObject\",\"inLanguage\":\"pt-BR\",\"@id\":\"https:\\\/\\\/secure.gravatar.com\\\/avatar\\\/92e358bef22cfcec15e054ae4d9fee04dadf0c772dc4a17b382b8a34a15354c2?s=96&d=mm&r=g\",\"url\":\"https:\\\/\\\/secure.gravatar.com\\\/avatar\\\/92e358bef22cfcec15e054ae4d9fee04dadf0c772dc4a17b382b8a34a15354c2?s=96&d=mm&r=g\",\"contentUrl\":\"https:\\\/\\\/secure.gravatar.com\\\/avatar\\\/92e358bef22cfcec15e054ae4d9fee04dadf0c772dc4a17b382b8a34a15354c2?s=96&d=mm&r=g\",\"caption\":\"Patr\u00edcia Prado\"},\"url\":\"https:\\\/\\\/redenoticiaz.com.br\\\/ribeiraopreto-regiao\\\/sp\\\/author\\\/patricia-prado\"}]}<\/script>\n<!-- \/ Yoast SEO plugin. -->","yoast_head_json":{"title":"Desembargador restabelece cobran\u00e7a de imposto sobre exporta\u00e7\u00e3o de petr\u00f3leo - Ribeir\u00e3o Preto e Regi\u00e3o","robots":{"index":"index","follow":"follow","max-snippet":"max-snippet:-1","max-image-preview":"max-image-preview:large","max-video-preview":"max-video-preview:-1"},"canonical":"https:\/\/redenoticiaz.com.br\/ribeiraopreto-regiao\/sp\/2026\/09\/01\/desembargador-restabelece-cobranca-de-imposto-sobre-exportacao-de-petroleo","og_locale":"pt_BR","og_type":"article","og_title":"Desembargador restabelece cobran\u00e7a de imposto sobre exporta\u00e7\u00e3o de petr\u00f3leo - Ribeir\u00e3o Preto e Regi\u00e3o","og_description":"O desembargador federal Roberto Carvalho Veloso, do Tribunal Regional Federal da 1\u00aa Regi\u00e3o (TRF1), revogou, nesta ter\u00e7a-feira (1\u00ba), a liminar da 17\u00aa Vara Federal do Distrito Federal que suspendia a cobran\u00e7a de um imposto de 12% sobre as exporta\u00e7\u00f5es de petr\u00f3leo bruto e minerais betuminosos. A decis\u00e3o foi tomada ap\u00f3s um recurso interposto pela Advocacia-Geral &hellip;","og_url":"https:\/\/redenoticiaz.com.br\/ribeiraopreto-regiao\/sp\/2026\/09\/01\/desembargador-restabelece-cobranca-de-imposto-sobre-exportacao-de-petroleo","og_site_name":"Ribeir\u00e3o Preto e Regi\u00e3o","article_publisher":"https:\/\/m.facebook.com\/redenoticiaz.barretos","article_published_time":"2026-09-01T22:28:58+00:00","og_image":[{"width":400,"height":250,"url":"https:\/\/redenoticiaz.com.br\/ribeiraopreto-regiao\/wp-content\/uploads\/sites\/4\/2022\/02\/logo.jpg","type":"image\/jpeg"}],"author":"Patr\u00edcia Prado","twitter_card":"summary_large_image","twitter_creator":"@RN_barretos","twitter_site":"@RN_barretos","twitter_misc":{"Escrito por":"Patr\u00edcia Prado","Est. tempo de leitura":"2 minutos"},"schema":{"@context":"https:\/\/schema.org","@graph":[{"@type":"Article","@id":"https:\/\/redenoticiaz.com.br\/ribeiraopreto-regiao\/sp\/2026\/09\/01\/desembargador-restabelece-cobranca-de-imposto-sobre-exportacao-de-petroleo#article","isPartOf":{"@id":"https:\/\/redenoticiaz.com.br\/ribeiraopreto-regiao\/sp\/2026\/09\/01\/desembargador-restabelece-cobranca-de-imposto-sobre-exportacao-de-petroleo"},"author":{"name":"Patr\u00edcia Prado","@id":"https:\/\/redenoticiaz.com.br\/ribeiraopreto-regiao\/#\/schema\/person\/e1b0bd8c2637e2c1b6ddcbc2c33b116f"},"headline":"Desembargador restabelece cobran\u00e7a de imposto sobre exporta\u00e7\u00e3o de petr\u00f3leo","datePublished":"2026-09-01T22:28:58+00:00","mainEntityOfPage":{"@id":"https:\/\/redenoticiaz.com.br\/ribeiraopreto-regiao\/sp\/2026\/09\/01\/desembargador-restabelece-cobranca-de-imposto-sobre-exportacao-de-petroleo"},"wordCount":461,"commentCount":0,"publisher":{"@id":"https:\/\/redenoticiaz.com.br\/ribeiraopreto-regiao\/#organization"},"image":{"@id":"https:\/\/redenoticiaz.com.br\/ribeiraopreto-regiao\/sp\/2026\/09\/01\/desembargador-restabelece-cobranca-de-imposto-sobre-exportacao-de-petroleo#primaryimage"},"thumbnailUrl":"https:\/\/redenoticiaz.com.br\/ribeiraopreto-regiao\/wp-content\/uploads\/sites\/4\/2026\/09\/ascom-trf10049291221.jpg","articleSection":["Economia","Mundo","Pol\u00edtica"],"inLanguage":"pt-BR","potentialAction":[{"@type":"CommentAction","name":"Comment","target":["https:\/\/redenoticiaz.com.br\/ribeiraopreto-regiao\/sp\/2026\/09\/01\/desembargador-restabelece-cobranca-de-imposto-sobre-exportacao-de-petroleo#respond"]}]},{"@type":"WebPage","@id":"https:\/\/redenoticiaz.com.br\/ribeiraopreto-regiao\/sp\/2026\/09\/01\/desembargador-restabelece-cobranca-de-imposto-sobre-exportacao-de-petroleo","url":"https:\/\/redenoticiaz.com.br\/ribeiraopreto-regiao\/sp\/2026\/09\/01\/desembargador-restabelece-cobranca-de-imposto-sobre-exportacao-de-petroleo","name":"Desembargador restabelece cobran\u00e7a de imposto sobre exporta\u00e7\u00e3o de petr\u00f3leo - Ribeir\u00e3o Preto e Regi\u00e3o","isPartOf":{"@id":"https:\/\/redenoticiaz.com.br\/ribeiraopreto-regiao\/#website"},"primaryImageOfPage":{"@id":"https:\/\/redenoticiaz.com.br\/ribeiraopreto-regiao\/sp\/2026\/09\/01\/desembargador-restabelece-cobranca-de-imposto-sobre-exportacao-de-petroleo#primaryimage"},"image":{"@id":"https:\/\/redenoticiaz.com.br\/ribeiraopreto-regiao\/sp\/2026\/09\/01\/desembargador-restabelece-cobranca-de-imposto-sobre-exportacao-de-petroleo#primaryimage"},"thumbnailUrl":"https:\/\/redenoticiaz.com.br\/ribeiraopreto-regiao\/wp-content\/uploads\/sites\/4\/2026\/09\/ascom-trf10049291221.jpg","datePublished":"2026-09-01T22:28:58+00:00","inLanguage":"pt-BR","potentialAction":[{"@type":"ReadAction","target":["https:\/\/redenoticiaz.com.br\/ribeiraopreto-regiao\/sp\/2026\/09\/01\/desembargador-restabelece-cobranca-de-imposto-sobre-exportacao-de-petroleo"]}]},{"@type":"ImageObject","inLanguage":"pt-BR","@id":"https:\/\/redenoticiaz.com.br\/ribeiraopreto-regiao\/sp\/2026\/09\/01\/desembargador-restabelece-cobranca-de-imposto-sobre-exportacao-de-petroleo#primaryimage","url":"https:\/\/redenoticiaz.com.br\/ribeiraopreto-regiao\/wp-content\/uploads\/sites\/4\/2026\/09\/ascom-trf10049291221.jpg","contentUrl":"https:\/\/redenoticiaz.com.br\/ribeiraopreto-regiao\/wp-content\/uploads\/sites\/4\/2026\/09\/ascom-trf10049291221.jpg","width":1600,"height":800},{"@type":"WebSite","@id":"https:\/\/redenoticiaz.com.br\/ribeiraopreto-regiao\/#website","url":"https:\/\/redenoticiaz.com.br\/ribeiraopreto-regiao\/","name":"Ribeir\u00e3o Preto e Regi\u00e3o","description":"Rede NoticiaZ - Ribeir\u00e3o Preto e regi\u00e3o","publisher":{"@id":"https:\/\/redenoticiaz.com.br\/ribeiraopreto-regiao\/#organization"},"potentialAction":[{"@type":"SearchAction","target":{"@type":"EntryPoint","urlTemplate":"https:\/\/redenoticiaz.com.br\/ribeiraopreto-regiao\/?s={search_term_string}"},"query-input":{"@type":"PropertyValueSpecification","valueRequired":true,"valueName":"search_term_string"}}],"inLanguage":"pt-BR"},{"@type":"Organization","@id":"https:\/\/redenoticiaz.com.br\/ribeiraopreto-regiao\/#organization","name":"Ribeir\u00e3o Preto e Regi\u00e3o","url":"https:\/\/redenoticiaz.com.br\/ribeiraopreto-regiao\/","logo":{"@type":"ImageObject","inLanguage":"pt-BR","@id":"https:\/\/redenoticiaz.com.br\/ribeiraopreto-regiao\/#\/schema\/logo\/image\/","url":"https:\/\/redenoticiaz.com.br\/barretos-regiao\/wp-content\/uploads\/sites\/4\/2022\/02\/logo.jpg","contentUrl":"https:\/\/redenoticiaz.com.br\/barretos-regiao\/wp-content\/uploads\/sites\/4\/2022\/02\/logo.jpg","width":400,"height":250,"caption":"Ribeir\u00e3o Preto e Regi\u00e3o"},"image":{"@id":"https:\/\/redenoticiaz.com.br\/ribeiraopreto-regiao\/#\/schema\/logo\/image\/"},"sameAs":["https:\/\/m.facebook.com\/redenoticiaz.barretos","https:\/\/x.com\/RN_barretos","https:\/\/www.instagram.com\/redenoticiaz.barretos\/?igshid=YmMyMTA2M2Y","https:\/\/www.linkedin.com\/company\/rede-noticiaz-barretos-e-regio\/"]},{"@type":"Person","@id":"https:\/\/redenoticiaz.com.br\/ribeiraopreto-regiao\/#\/schema\/person\/e1b0bd8c2637e2c1b6ddcbc2c33b116f","name":"Patr\u00edcia Prado","image":{"@type":"ImageObject","inLanguage":"pt-BR","@id":"https:\/\/secure.gravatar.com\/avatar\/92e358bef22cfcec15e054ae4d9fee04dadf0c772dc4a17b382b8a34a15354c2?s=96&d=mm&r=g","url":"https:\/\/secure.gravatar.com\/avatar\/92e358bef22cfcec15e054ae4d9fee04dadf0c772dc4a17b382b8a34a15354c2?s=96&d=mm&r=g","contentUrl":"https:\/\/secure.gravatar.com\/avatar\/92e358bef22cfcec15e054ae4d9fee04dadf0c772dc4a17b382b8a34a15354c2?s=96&d=mm&r=g","caption":"Patr\u00edcia Prado"},"url":"https:\/\/redenoticiaz.com.br\/ribeiraopreto-regiao\/sp\/author\/patricia-prado"}]}},"_links":{"self":[{"href":"https:\/\/redenoticiaz.com.br\/ribeiraopreto-regiao\/wp-json\/wp\/v2\/posts\/123043","targetHints":{"allow":["GET"]}}],"collection":[{"href":"https:\/\/redenoticiaz.com.br\/ribeiraopreto-regiao\/wp-json\/wp\/v2\/posts"}],"about":[{"href":"https:\/\/redenoticiaz.com.br\/ribeiraopreto-regiao\/wp-json\/wp\/v2\/types\/post"}],"author":[{"embeddable":true,"href":"https:\/\/redenoticiaz.com.br\/ribeiraopreto-regiao\/wp-json\/wp\/v2\/users\/5"}],"replies":[{"embeddable":true,"href":"https:\/\/redenoticiaz.com.br\/ribeiraopreto-regiao\/wp-json\/wp\/v2\/comments?post=123043"}],"version-history":[{"count":0,"href":"https:\/\/redenoticiaz.com.br\/ribeiraopreto-regiao\/wp-json\/wp\/v2\/posts\/123043\/revisions"}],"wp:featuredmedia":[{"embeddable":true,"href":"https:\/\/redenoticiaz.com.br\/ribeiraopreto-regiao\/wp-json\/wp\/v2\/media\/123044"}],"wp:attachment":[{"href":"https:\/\/redenoticiaz.com.br\/ribeiraopreto-regiao\/wp-json\/wp\/v2\/media?parent=123043"}],"wp:term":[{"taxonomy":"category","embeddable":true,"href":"https:\/\/redenoticiaz.com.br\/ribeiraopreto-regiao\/wp-json\/wp\/v2\/categories?post=123043"},{"taxonomy":"post_tag","embeddable":true,"href":"https:\/\/redenoticiaz.com.br\/ribeiraopreto-regiao\/wp-json\/wp\/v2\/tags?post=123043"}],"curies":[{"name":"wp","href":"https:\/\/api.w.org\/{rel}","templated":true}]}}