{"id":123051,"date":"2026-09-01T21:02:05","date_gmt":"2026-09-02T00:02:05","guid":{"rendered":"https:\/\/redenoticiaz.com.br\/ribeiraopreto-regiao\/sp\/2026\/09\/01\/governo-deve-decidir-sobre-regulamentacao-de-apostas-apos-consulta-a-sociedade"},"modified":"2026-09-01T21:02:05","modified_gmt":"2026-09-02T00:02:05","slug":"governo-deve-decidir-sobre-regulamentacao-de-apostas-apos-consulta-a-sociedade","status":"publish","type":"post","link":"https:\/\/redenoticiaz.com.br\/ribeiraopreto-regiao\/sp\/2026\/09\/01\/governo-deve-decidir-sobre-regulamentacao-de-apostas-apos-consulta-a-sociedade","title":{"rendered":"Governo deve decidir sobre regulamenta\u00e7\u00e3o de apostas ap\u00f3s consulta \u00e0 sociedade"},"content":{"rendered":"<p>O presidente Luiz In\u00e1cio Lula da Silva realizou uma reuni\u00e3o com representantes da sociedade civil nesta ter\u00e7a-feira (1\u00ba) no Pal\u00e1cio do Planalto, em Bras\u00edlia, para discutir o mercado de casas de apostas eletr\u00f4nicas, as chamadas bets. Durante o encontro, Lula destacou que o governo tomar\u00e1 uma decis\u00e3o sobre o tema em breve e que as contribui\u00e7\u00f5es da sociedade s\u00e3o fundamentais nesse processo.<\/p>\n<p>\u201cO governo tem discutido como resolver o problema das bets. Eu sugeri ouvirmos o que a sociedade brasileira pensa sobre as bets antes de tomarmos uma solu\u00e7\u00e3o definitiva. Depois da reuni\u00e3o, possivelmente ainda esta semana, convocarei outra reuni\u00e3o para tomar uma decis\u00e3o\u201d, afirmou o presidente.<\/p>\n<p>O encontro contou com a presen\u00e7a de diversas entidades, incluindo representantes de prote\u00e7\u00e3o \u00e0 crian\u00e7a, sa\u00fade, com\u00e9rcio, economia e setores art\u00edsticos. A ministra da Casa Civil, Miriam Belchior, conduziu a discuss\u00e3o, que tamb\u00e9m contou com a participa\u00e7\u00e3o de Alexandre Padilha (Sa\u00fade), Guilherme Boulos (Secretaria-Geral da Presid\u00eancia), Wellington C\u00e9sar Lima e Silva (Justi\u00e7a e Seguran\u00e7a P\u00fablica), Sid\u00f4nio Palmeira (Secretaria de Comunica\u00e7\u00e3o Social) e Paulo Henrique Cordeiro (Esporte).<\/p>\n<p>A equipe do governo recebeu apelos para a proibi\u00e7\u00e3o das apostas eletr\u00f4nicas e ouviu relatos sobre os impactos negativos dessa pr\u00e1tica na vida de fam\u00edlias, na economia e na sa\u00fade das pessoas. Um dos participantes relatou a preocupa\u00e7\u00e3o de um pai cuja filha contraiu d\u00edvidas com um agiota ap\u00f3s perder dinheiro com apostas.<\/p>\n<p>Adicionalmente, foi mencionado o crescimento da inadimpl\u00eancia devido ao uso de recursos em apostas, afetando o com\u00e9rcio local. Durante a reuni\u00e3o, surgiu a sugest\u00e3o de criar uma secretaria extraordin\u00e1ria para combater as apostas ilegais.<\/p>\n<p>O ministro da Sa\u00fade, Alexandre Padilha, compartilhou dados sobre o atendimento a pessoas viciadas em apostas no Sistema \u00danico de Sa\u00fade (SUS). Ele destacou que, embora o governo tenha inicialmente disponibilizado 600 atendimentos mensais, esse n\u00famero saltou para 100 mil. Al\u00e9m disso, 55% dos atendimentos s\u00e3o para mulheres, embora a maioria dos apostadores seja masculina.<\/p>\n<p>Padilha tamb\u00e9m mencionou que est\u00e1 em discuss\u00e3o uma proposta de resolu\u00e7\u00e3o na Organiza\u00e7\u00e3o Mundial de Sa\u00fade (OMS) sobre o tema, com pa\u00edses como Brasil, Espanha e Canad\u00e1 liderando essa iniciativa. Ele ressaltou que a plataforma online SUS Digital pode ser utilizada para solicitar atendimentos e iniciar tratamentos contra a depend\u00eancia em apostas.<\/p>\n<p>Lula classificou as bets como \u201cum mal para a sociedade\u201d e expressou sua inten\u00e7\u00e3o de acabar com esse tipo de aposta. Contudo, ele enfatizou a necessidade de considerar as implica\u00e7\u00f5es pol\u00edticas, sociais e econ\u00f4micas de tal decis\u00e3o. O presidente sugeriu que uma \u201cdecis\u00e3o mais dr\u00e1stica\u201d poder\u00e1 ser tomada, embora n\u00e3o tenha detalhado quais seriam essas medidas.<\/p>\n<p>As apostas eletr\u00f4nicas causaram perdas consider\u00e1veis \u00e0s fam\u00edlias brasileiras, que, segundo dados recentes, deixaram de ganhar R$ 62,5 bilh\u00f5es no ano passado. Este total corresponde \u00e0 diferen\u00e7a entre o valor apostado e o pr\u00eamio devolvido, resultando em uma m\u00e9dia de R$ 4,7 bilh\u00f5es por m\u00eas entre outubro de 2024 e mar\u00e7o de 2026. Essas perdas representam 0,68% da Renda Nacional Dispon\u00edvel Bruta das Fam\u00edlias e consideram as transfer\u00eancias realizadas via Pix para as casas de apostas, que movimentaram quase R$ 351 bilh\u00f5es no mesmo per\u00edodo.<\/p>\n","protected":false},"excerpt":{"rendered":"<p>O presidente Luiz In\u00e1cio Lula da Silva realizou uma reuni\u00e3o com representantes da sociedade civil nesta ter\u00e7a-feira (1\u00ba) no Pal\u00e1cio do Planalto, em Bras\u00edlia, para discutir o mercado de casas de apostas eletr\u00f4nicas, as chamadas bets. Durante o encontro, Lula destacou que o governo tomar\u00e1 uma decis\u00e3o sobre o tema em breve e que as &hellip;<\/p>\n","protected":false},"author":5,"featured_media":123052,"comment_status":"open","ping_status":"closed","sticky":false,"template":"","format":"standard","meta":{"footnotes":""},"categories":[101,87,683,68,186,129],"tags":[],"class_list":["post-123051","post","type-post","status-publish","format-standard","has-post-thumbnail","hentry","category-economia","category-esporte","category-justica","category-mundo","category-politica","category-saude"],"yoast_head":"<!-- This site is optimized with the Yoast SEO plugin v28.3 - https:\/\/yoast.com\/product\/yoast-seo-wordpress\/ -->\n<title>Governo deve decidir sobre regulamenta\u00e7\u00e3o de apostas ap\u00f3s consulta \u00e0 sociedade - Ribeir\u00e3o Preto e Regi\u00e3o<\/title>\n<meta name=\"robots\" content=\"index, follow, max-snippet:-1, max-image-preview:large, max-video-preview:-1\" \/>\n<link rel=\"canonical\" href=\"https:\/\/redenoticiaz.com.br\/ribeiraopreto-regiao\/sp\/2026\/09\/01\/governo-deve-decidir-sobre-regulamentacao-de-apostas-apos-consulta-a-sociedade\" \/>\n<meta property=\"og:locale\" content=\"pt_BR\" \/>\n<meta property=\"og:type\" content=\"article\" \/>\n<meta property=\"og:title\" content=\"Governo deve decidir sobre regulamenta\u00e7\u00e3o de apostas ap\u00f3s consulta \u00e0 sociedade - Ribeir\u00e3o Preto e Regi\u00e3o\" \/>\n<meta property=\"og:description\" content=\"O presidente Luiz In\u00e1cio Lula da Silva realizou uma reuni\u00e3o com representantes da sociedade civil nesta ter\u00e7a-feira (1\u00ba) no Pal\u00e1cio do Planalto, em Bras\u00edlia, para discutir o mercado de casas de apostas eletr\u00f4nicas, as chamadas bets. Durante o encontro, Lula destacou que o governo tomar\u00e1 uma decis\u00e3o sobre o tema em breve e que as &hellip;\" \/>\n<meta property=\"og:url\" content=\"https:\/\/redenoticiaz.com.br\/ribeiraopreto-regiao\/sp\/2026\/09\/01\/governo-deve-decidir-sobre-regulamentacao-de-apostas-apos-consulta-a-sociedade\" \/>\n<meta property=\"og:site_name\" content=\"Ribeir\u00e3o Preto e Regi\u00e3o\" \/>\n<meta property=\"article:publisher\" content=\"https:\/\/m.facebook.com\/redenoticiaz.barretos\" \/>\n<meta property=\"article:published_time\" content=\"2026-09-02T00:02:05+00:00\" \/>\n<meta property=\"og:image\" content=\"https:\/\/redenoticiaz.com.br\/ribeiraopreto-regiao\/wp-content\/uploads\/sites\/4\/2022\/02\/logo.jpg\" \/>\n\t<meta property=\"og:image:width\" content=\"400\" \/>\n\t<meta property=\"og:image:height\" content=\"250\" \/>\n\t<meta property=\"og:image:type\" content=\"image\/jpeg\" \/>\n<meta name=\"author\" content=\"Patr\u00edcia Prado\" \/>\n<meta name=\"twitter:card\" content=\"summary_large_image\" \/>\n<meta name=\"twitter:creator\" content=\"@RN_barretos\" \/>\n<meta name=\"twitter:site\" content=\"@RN_barretos\" \/>\n<meta name=\"twitter:label1\" content=\"Escrito por\" \/>\n\t<meta name=\"twitter:data1\" content=\"Patr\u00edcia Prado\" \/>\n\t<meta name=\"twitter:label2\" content=\"Est. tempo de leitura\" \/>\n\t<meta name=\"twitter:data2\" content=\"3 minutos\" \/>\n<script type=\"application\/ld+json\" class=\"yoast-schema-graph\">{\"@context\":\"https:\\\/\\\/schema.org\",\"@graph\":[{\"@type\":\"Article\",\"@id\":\"https:\\\/\\\/redenoticiaz.com.br\\\/ribeiraopreto-regiao\\\/sp\\\/2026\\\/09\\\/01\\\/governo-deve-decidir-sobre-regulamentacao-de-apostas-apos-consulta-a-sociedade#article\",\"isPartOf\":{\"@id\":\"https:\\\/\\\/redenoticiaz.com.br\\\/ribeiraopreto-regiao\\\/sp\\\/2026\\\/09\\\/01\\\/governo-deve-decidir-sobre-regulamentacao-de-apostas-apos-consulta-a-sociedade\"},\"author\":{\"name\":\"Patr\u00edcia Prado\",\"@id\":\"https:\\\/\\\/redenoticiaz.com.br\\\/ribeiraopreto-regiao\\\/#\\\/schema\\\/person\\\/e1b0bd8c2637e2c1b6ddcbc2c33b116f\"},\"headline\":\"Governo deve decidir sobre regulamenta\u00e7\u00e3o de apostas ap\u00f3s consulta \u00e0 sociedade\",\"datePublished\":\"2026-09-02T00:02:05+00:00\",\"mainEntityOfPage\":{\"@id\":\"https:\\\/\\\/redenoticiaz.com.br\\\/ribeiraopreto-regiao\\\/sp\\\/2026\\\/09\\\/01\\\/governo-deve-decidir-sobre-regulamentacao-de-apostas-apos-consulta-a-sociedade\"},\"wordCount\":586,\"commentCount\":0,\"publisher\":{\"@id\":\"https:\\\/\\\/redenoticiaz.com.br\\\/ribeiraopreto-regiao\\\/#organization\"},\"image\":{\"@id\":\"https:\\\/\\\/redenoticiaz.com.br\\\/ribeiraopreto-regiao\\\/sp\\\/2026\\\/09\\\/01\\\/governo-deve-decidir-sobre-regulamentacao-de-apostas-apos-consulta-a-sociedade#primaryimage\"},\"thumbnailUrl\":\"https:\\\/\\\/redenoticiaz.com.br\\\/ribeiraopreto-regiao\\\/wp-content\\\/uploads\\\/sites\\\/4\\\/2026\\\/09\\\/20260121200144_1746e8d4ccfa91d6a6464d5ca54b4e6de8f5294fad9fbe53b45b655587a568c1.jpg\",\"articleSection\":[\"Economia\",\"Esporte\",\"Justi\u00e7a\",\"Mundo\",\"Pol\u00edtica\",\"Sa\u00fade\"],\"inLanguage\":\"pt-BR\",\"potentialAction\":[{\"@type\":\"CommentAction\",\"name\":\"Comment\",\"target\":[\"https:\\\/\\\/redenoticiaz.com.br\\\/ribeiraopreto-regiao\\\/sp\\\/2026\\\/09\\\/01\\\/governo-deve-decidir-sobre-regulamentacao-de-apostas-apos-consulta-a-sociedade#respond\"]}]},{\"@type\":\"WebPage\",\"@id\":\"https:\\\/\\\/redenoticiaz.com.br\\\/ribeiraopreto-regiao\\\/sp\\\/2026\\\/09\\\/01\\\/governo-deve-decidir-sobre-regulamentacao-de-apostas-apos-consulta-a-sociedade\",\"url\":\"https:\\\/\\\/redenoticiaz.com.br\\\/ribeiraopreto-regiao\\\/sp\\\/2026\\\/09\\\/01\\\/governo-deve-decidir-sobre-regulamentacao-de-apostas-apos-consulta-a-sociedade\",\"name\":\"Governo deve decidir sobre regulamenta\u00e7\u00e3o de apostas ap\u00f3s consulta \u00e0 sociedade - Ribeir\u00e3o Preto e Regi\u00e3o\",\"isPartOf\":{\"@id\":\"https:\\\/\\\/redenoticiaz.com.br\\\/ribeiraopreto-regiao\\\/#website\"},\"primaryImageOfPage\":{\"@id\":\"https:\\\/\\\/redenoticiaz.com.br\\\/ribeiraopreto-regiao\\\/sp\\\/2026\\\/09\\\/01\\\/governo-deve-decidir-sobre-regulamentacao-de-apostas-apos-consulta-a-sociedade#primaryimage\"},\"image\":{\"@id\":\"https:\\\/\\\/redenoticiaz.com.br\\\/ribeiraopreto-regiao\\\/sp\\\/2026\\\/09\\\/01\\\/governo-deve-decidir-sobre-regulamentacao-de-apostas-apos-consulta-a-sociedade#primaryimage\"},\"thumbnailUrl\":\"https:\\\/\\\/redenoticiaz.com.br\\\/ribeiraopreto-regiao\\\/wp-content\\\/uploads\\\/sites\\\/4\\\/2026\\\/09\\\/20260121200144_1746e8d4ccfa91d6a6464d5ca54b4e6de8f5294fad9fbe53b45b655587a568c1.jpg\",\"datePublished\":\"2026-09-02T00:02:05+00:00\",\"inLanguage\":\"pt-BR\",\"potentialAction\":[{\"@type\":\"ReadAction\",\"target\":[\"https:\\\/\\\/redenoticiaz.com.br\\\/ribeiraopreto-regiao\\\/sp\\\/2026\\\/09\\\/01\\\/governo-deve-decidir-sobre-regulamentacao-de-apostas-apos-consulta-a-sociedade\"]}]},{\"@type\":\"ImageObject\",\"inLanguage\":\"pt-BR\",\"@id\":\"https:\\\/\\\/redenoticiaz.com.br\\\/ribeiraopreto-regiao\\\/sp\\\/2026\\\/09\\\/01\\\/governo-deve-decidir-sobre-regulamentacao-de-apostas-apos-consulta-a-sociedade#primaryimage\",\"url\":\"https:\\\/\\\/redenoticiaz.com.br\\\/ribeiraopreto-regiao\\\/wp-content\\\/uploads\\\/sites\\\/4\\\/2026\\\/09\\\/20260121200144_1746e8d4ccfa91d6a6464d5ca54b4e6de8f5294fad9fbe53b45b655587a568c1.jpg\",\"contentUrl\":\"https:\\\/\\\/redenoticiaz.com.br\\\/ribeiraopreto-regiao\\\/wp-content\\\/uploads\\\/sites\\\/4\\\/2026\\\/09\\\/20260121200144_1746e8d4ccfa91d6a6464d5ca54b4e6de8f5294fad9fbe53b45b655587a568c1.jpg\",\"width\":1600,\"height\":800},{\"@type\":\"WebSite\",\"@id\":\"https:\\\/\\\/redenoticiaz.com.br\\\/ribeiraopreto-regiao\\\/#website\",\"url\":\"https:\\\/\\\/redenoticiaz.com.br\\\/ribeiraopreto-regiao\\\/\",\"name\":\"Ribeir\u00e3o Preto e Regi\u00e3o\",\"description\":\"Rede NoticiaZ - Ribeir\u00e3o Preto e regi\u00e3o\",\"publisher\":{\"@id\":\"https:\\\/\\\/redenoticiaz.com.br\\\/ribeiraopreto-regiao\\\/#organization\"},\"potentialAction\":[{\"@type\":\"SearchAction\",\"target\":{\"@type\":\"EntryPoint\",\"urlTemplate\":\"https:\\\/\\\/redenoticiaz.com.br\\\/ribeiraopreto-regiao\\\/?s={search_term_string}\"},\"query-input\":{\"@type\":\"PropertyValueSpecification\",\"valueRequired\":true,\"valueName\":\"search_term_string\"}}],\"inLanguage\":\"pt-BR\"},{\"@type\":\"Organization\",\"@id\":\"https:\\\/\\\/redenoticiaz.com.br\\\/ribeiraopreto-regiao\\\/#organization\",\"name\":\"Ribeir\u00e3o Preto e Regi\u00e3o\",\"url\":\"https:\\\/\\\/redenoticiaz.com.br\\\/ribeiraopreto-regiao\\\/\",\"logo\":{\"@type\":\"ImageObject\",\"inLanguage\":\"pt-BR\",\"@id\":\"https:\\\/\\\/redenoticiaz.com.br\\\/ribeiraopreto-regiao\\\/#\\\/schema\\\/logo\\\/image\\\/\",\"url\":\"https:\\\/\\\/redenoticiaz.com.br\\\/barretos-regiao\\\/wp-content\\\/uploads\\\/sites\\\/4\\\/2022\\\/02\\\/logo.jpg\",\"contentUrl\":\"https:\\\/\\\/redenoticiaz.com.br\\\/barretos-regiao\\\/wp-content\\\/uploads\\\/sites\\\/4\\\/2022\\\/02\\\/logo.jpg\",\"width\":400,\"height\":250,\"caption\":\"Ribeir\u00e3o Preto e Regi\u00e3o\"},\"image\":{\"@id\":\"https:\\\/\\\/redenoticiaz.com.br\\\/ribeiraopreto-regiao\\\/#\\\/schema\\\/logo\\\/image\\\/\"},\"sameAs\":[\"https:\\\/\\\/m.facebook.com\\\/redenoticiaz.barretos\",\"https:\\\/\\\/x.com\\\/RN_barretos\",\"https:\\\/\\\/www.instagram.com\\\/redenoticiaz.barretos\\\/?igshid=YmMyMTA2M2Y\",\"https:\\\/\\\/www.linkedin.com\\\/company\\\/rede-noticiaz-barretos-e-regio\\\/\"]},{\"@type\":\"Person\",\"@id\":\"https:\\\/\\\/redenoticiaz.com.br\\\/ribeiraopreto-regiao\\\/#\\\/schema\\\/person\\\/e1b0bd8c2637e2c1b6ddcbc2c33b116f\",\"name\":\"Patr\u00edcia Prado\",\"image\":{\"@type\":\"ImageObject\",\"inLanguage\":\"pt-BR\",\"@id\":\"https:\\\/\\\/secure.gravatar.com\\\/avatar\\\/92e358bef22cfcec15e054ae4d9fee04dadf0c772dc4a17b382b8a34a15354c2?s=96&d=mm&r=g\",\"url\":\"https:\\\/\\\/secure.gravatar.com\\\/avatar\\\/92e358bef22cfcec15e054ae4d9fee04dadf0c772dc4a17b382b8a34a15354c2?s=96&d=mm&r=g\",\"contentUrl\":\"https:\\\/\\\/secure.gravatar.com\\\/avatar\\\/92e358bef22cfcec15e054ae4d9fee04dadf0c772dc4a17b382b8a34a15354c2?s=96&d=mm&r=g\",\"caption\":\"Patr\u00edcia Prado\"},\"url\":\"https:\\\/\\\/redenoticiaz.com.br\\\/ribeiraopreto-regiao\\\/sp\\\/author\\\/patricia-prado\"}]}<\/script>\n<!-- \/ Yoast SEO plugin. -->","yoast_head_json":{"title":"Governo deve decidir sobre regulamenta\u00e7\u00e3o de apostas ap\u00f3s consulta \u00e0 sociedade - Ribeir\u00e3o Preto e Regi\u00e3o","robots":{"index":"index","follow":"follow","max-snippet":"max-snippet:-1","max-image-preview":"max-image-preview:large","max-video-preview":"max-video-preview:-1"},"canonical":"https:\/\/redenoticiaz.com.br\/ribeiraopreto-regiao\/sp\/2026\/09\/01\/governo-deve-decidir-sobre-regulamentacao-de-apostas-apos-consulta-a-sociedade","og_locale":"pt_BR","og_type":"article","og_title":"Governo deve decidir sobre regulamenta\u00e7\u00e3o de apostas ap\u00f3s consulta \u00e0 sociedade - Ribeir\u00e3o Preto e Regi\u00e3o","og_description":"O presidente Luiz In\u00e1cio Lula da Silva realizou uma reuni\u00e3o com representantes da sociedade civil nesta ter\u00e7a-feira (1\u00ba) no Pal\u00e1cio do Planalto, em Bras\u00edlia, para discutir o mercado de casas de apostas eletr\u00f4nicas, as chamadas bets. Durante o encontro, Lula destacou que o governo tomar\u00e1 uma decis\u00e3o sobre o tema em breve e que as &hellip;","og_url":"https:\/\/redenoticiaz.com.br\/ribeiraopreto-regiao\/sp\/2026\/09\/01\/governo-deve-decidir-sobre-regulamentacao-de-apostas-apos-consulta-a-sociedade","og_site_name":"Ribeir\u00e3o Preto e Regi\u00e3o","article_publisher":"https:\/\/m.facebook.com\/redenoticiaz.barretos","article_published_time":"2026-09-02T00:02:05+00:00","og_image":[{"width":400,"height":250,"url":"https:\/\/redenoticiaz.com.br\/ribeiraopreto-regiao\/wp-content\/uploads\/sites\/4\/2022\/02\/logo.jpg","type":"image\/jpeg"}],"author":"Patr\u00edcia Prado","twitter_card":"summary_large_image","twitter_creator":"@RN_barretos","twitter_site":"@RN_barretos","twitter_misc":{"Escrito por":"Patr\u00edcia Prado","Est. tempo de leitura":"3 minutos"},"schema":{"@context":"https:\/\/schema.org","@graph":[{"@type":"Article","@id":"https:\/\/redenoticiaz.com.br\/ribeiraopreto-regiao\/sp\/2026\/09\/01\/governo-deve-decidir-sobre-regulamentacao-de-apostas-apos-consulta-a-sociedade#article","isPartOf":{"@id":"https:\/\/redenoticiaz.com.br\/ribeiraopreto-regiao\/sp\/2026\/09\/01\/governo-deve-decidir-sobre-regulamentacao-de-apostas-apos-consulta-a-sociedade"},"author":{"name":"Patr\u00edcia Prado","@id":"https:\/\/redenoticiaz.com.br\/ribeiraopreto-regiao\/#\/schema\/person\/e1b0bd8c2637e2c1b6ddcbc2c33b116f"},"headline":"Governo deve decidir sobre regulamenta\u00e7\u00e3o de apostas ap\u00f3s consulta \u00e0 sociedade","datePublished":"2026-09-02T00:02:05+00:00","mainEntityOfPage":{"@id":"https:\/\/redenoticiaz.com.br\/ribeiraopreto-regiao\/sp\/2026\/09\/01\/governo-deve-decidir-sobre-regulamentacao-de-apostas-apos-consulta-a-sociedade"},"wordCount":586,"commentCount":0,"publisher":{"@id":"https:\/\/redenoticiaz.com.br\/ribeiraopreto-regiao\/#organization"},"image":{"@id":"https:\/\/redenoticiaz.com.br\/ribeiraopreto-regiao\/sp\/2026\/09\/01\/governo-deve-decidir-sobre-regulamentacao-de-apostas-apos-consulta-a-sociedade#primaryimage"},"thumbnailUrl":"https:\/\/redenoticiaz.com.br\/ribeiraopreto-regiao\/wp-content\/uploads\/sites\/4\/2026\/09\/20260121200144_1746e8d4ccfa91d6a6464d5ca54b4e6de8f5294fad9fbe53b45b655587a568c1.jpg","articleSection":["Economia","Esporte","Justi\u00e7a","Mundo","Pol\u00edtica","Sa\u00fade"],"inLanguage":"pt-BR","potentialAction":[{"@type":"CommentAction","name":"Comment","target":["https:\/\/redenoticiaz.com.br\/ribeiraopreto-regiao\/sp\/2026\/09\/01\/governo-deve-decidir-sobre-regulamentacao-de-apostas-apos-consulta-a-sociedade#respond"]}]},{"@type":"WebPage","@id":"https:\/\/redenoticiaz.com.br\/ribeiraopreto-regiao\/sp\/2026\/09\/01\/governo-deve-decidir-sobre-regulamentacao-de-apostas-apos-consulta-a-sociedade","url":"https:\/\/redenoticiaz.com.br\/ribeiraopreto-regiao\/sp\/2026\/09\/01\/governo-deve-decidir-sobre-regulamentacao-de-apostas-apos-consulta-a-sociedade","name":"Governo deve decidir sobre regulamenta\u00e7\u00e3o de apostas ap\u00f3s consulta \u00e0 sociedade - Ribeir\u00e3o Preto e Regi\u00e3o","isPartOf":{"@id":"https:\/\/redenoticiaz.com.br\/ribeiraopreto-regiao\/#website"},"primaryImageOfPage":{"@id":"https:\/\/redenoticiaz.com.br\/ribeiraopreto-regiao\/sp\/2026\/09\/01\/governo-deve-decidir-sobre-regulamentacao-de-apostas-apos-consulta-a-sociedade#primaryimage"},"image":{"@id":"https:\/\/redenoticiaz.com.br\/ribeiraopreto-regiao\/sp\/2026\/09\/01\/governo-deve-decidir-sobre-regulamentacao-de-apostas-apos-consulta-a-sociedade#primaryimage"},"thumbnailUrl":"https:\/\/redenoticiaz.com.br\/ribeiraopreto-regiao\/wp-content\/uploads\/sites\/4\/2026\/09\/20260121200144_1746e8d4ccfa91d6a6464d5ca54b4e6de8f5294fad9fbe53b45b655587a568c1.jpg","datePublished":"2026-09-02T00:02:05+00:00","inLanguage":"pt-BR","potentialAction":[{"@type":"ReadAction","target":["https:\/\/redenoticiaz.com.br\/ribeiraopreto-regiao\/sp\/2026\/09\/01\/governo-deve-decidir-sobre-regulamentacao-de-apostas-apos-consulta-a-sociedade"]}]},{"@type":"ImageObject","inLanguage":"pt-BR","@id":"https:\/\/redenoticiaz.com.br\/ribeiraopreto-regiao\/sp\/2026\/09\/01\/governo-deve-decidir-sobre-regulamentacao-de-apostas-apos-consulta-a-sociedade#primaryimage","url":"https:\/\/redenoticiaz.com.br\/ribeiraopreto-regiao\/wp-content\/uploads\/sites\/4\/2026\/09\/20260121200144_1746e8d4ccfa91d6a6464d5ca54b4e6de8f5294fad9fbe53b45b655587a568c1.jpg","contentUrl":"https:\/\/redenoticiaz.com.br\/ribeiraopreto-regiao\/wp-content\/uploads\/sites\/4\/2026\/09\/20260121200144_1746e8d4ccfa91d6a6464d5ca54b4e6de8f5294fad9fbe53b45b655587a568c1.jpg","width":1600,"height":800},{"@type":"WebSite","@id":"https:\/\/redenoticiaz.com.br\/ribeiraopreto-regiao\/#website","url":"https:\/\/redenoticiaz.com.br\/ribeiraopreto-regiao\/","name":"Ribeir\u00e3o Preto e Regi\u00e3o","description":"Rede NoticiaZ - Ribeir\u00e3o Preto e regi\u00e3o","publisher":{"@id":"https:\/\/redenoticiaz.com.br\/ribeiraopreto-regiao\/#organization"},"potentialAction":[{"@type":"SearchAction","target":{"@type":"EntryPoint","urlTemplate":"https:\/\/redenoticiaz.com.br\/ribeiraopreto-regiao\/?s={search_term_string}"},"query-input":{"@type":"PropertyValueSpecification","valueRequired":true,"valueName":"search_term_string"}}],"inLanguage":"pt-BR"},{"@type":"Organization","@id":"https:\/\/redenoticiaz.com.br\/ribeiraopreto-regiao\/#organization","name":"Ribeir\u00e3o Preto e Regi\u00e3o","url":"https:\/\/redenoticiaz.com.br\/ribeiraopreto-regiao\/","logo":{"@type":"ImageObject","inLanguage":"pt-BR","@id":"https:\/\/redenoticiaz.com.br\/ribeiraopreto-regiao\/#\/schema\/logo\/image\/","url":"https:\/\/redenoticiaz.com.br\/barretos-regiao\/wp-content\/uploads\/sites\/4\/2022\/02\/logo.jpg","contentUrl":"https:\/\/redenoticiaz.com.br\/barretos-regiao\/wp-content\/uploads\/sites\/4\/2022\/02\/logo.jpg","width":400,"height":250,"caption":"Ribeir\u00e3o Preto e Regi\u00e3o"},"image":{"@id":"https:\/\/redenoticiaz.com.br\/ribeiraopreto-regiao\/#\/schema\/logo\/image\/"},"sameAs":["https:\/\/m.facebook.com\/redenoticiaz.barretos","https:\/\/x.com\/RN_barretos","https:\/\/www.instagram.com\/redenoticiaz.barretos\/?igshid=YmMyMTA2M2Y","https:\/\/www.linkedin.com\/company\/rede-noticiaz-barretos-e-regio\/"]},{"@type":"Person","@id":"https:\/\/redenoticiaz.com.br\/ribeiraopreto-regiao\/#\/schema\/person\/e1b0bd8c2637e2c1b6ddcbc2c33b116f","name":"Patr\u00edcia Prado","image":{"@type":"ImageObject","inLanguage":"pt-BR","@id":"https:\/\/secure.gravatar.com\/avatar\/92e358bef22cfcec15e054ae4d9fee04dadf0c772dc4a17b382b8a34a15354c2?s=96&d=mm&r=g","url":"https:\/\/secure.gravatar.com\/avatar\/92e358bef22cfcec15e054ae4d9fee04dadf0c772dc4a17b382b8a34a15354c2?s=96&d=mm&r=g","contentUrl":"https:\/\/secure.gravatar.com\/avatar\/92e358bef22cfcec15e054ae4d9fee04dadf0c772dc4a17b382b8a34a15354c2?s=96&d=mm&r=g","caption":"Patr\u00edcia Prado"},"url":"https:\/\/redenoticiaz.com.br\/ribeiraopreto-regiao\/sp\/author\/patricia-prado"}]}},"_links":{"self":[{"href":"https:\/\/redenoticiaz.com.br\/ribeiraopreto-regiao\/wp-json\/wp\/v2\/posts\/123051","targetHints":{"allow":["GET"]}}],"collection":[{"href":"https:\/\/redenoticiaz.com.br\/ribeiraopreto-regiao\/wp-json\/wp\/v2\/posts"}],"about":[{"href":"https:\/\/redenoticiaz.com.br\/ribeiraopreto-regiao\/wp-json\/wp\/v2\/types\/post"}],"author":[{"embeddable":true,"href":"https:\/\/redenoticiaz.com.br\/ribeiraopreto-regiao\/wp-json\/wp\/v2\/users\/5"}],"replies":[{"embeddable":true,"href":"https:\/\/redenoticiaz.com.br\/ribeiraopreto-regiao\/wp-json\/wp\/v2\/comments?post=123051"}],"version-history":[{"count":0,"href":"https:\/\/redenoticiaz.com.br\/ribeiraopreto-regiao\/wp-json\/wp\/v2\/posts\/123051\/revisions"}],"wp:featuredmedia":[{"embeddable":true,"href":"https:\/\/redenoticiaz.com.br\/ribeiraopreto-regiao\/wp-json\/wp\/v2\/media\/123052"}],"wp:attachment":[{"href":"https:\/\/redenoticiaz.com.br\/ribeiraopreto-regiao\/wp-json\/wp\/v2\/media?parent=123051"}],"wp:term":[{"taxonomy":"category","embeddable":true,"href":"https:\/\/redenoticiaz.com.br\/ribeiraopreto-regiao\/wp-json\/wp\/v2\/categories?post=123051"},{"taxonomy":"post_tag","embeddable":true,"href":"https:\/\/redenoticiaz.com.br\/ribeiraopreto-regiao\/wp-json\/wp\/v2\/tags?post=123051"}],"curies":[{"name":"wp","href":"https:\/\/api.w.org\/{rel}","templated":true}]}}