{"id":123053,"date":"2026-09-01T21:34:22","date_gmt":"2026-09-02T00:34:22","guid":{"rendered":"https:\/\/redenoticiaz.com.br\/ribeiraopreto-regiao\/sp\/2026\/09\/01\/aziz-busca-votacao-urgente-da-pec-que-reduz-jornada-de-trabalho-no-senado"},"modified":"2026-09-01T21:34:22","modified_gmt":"2026-09-02T00:34:22","slug":"aziz-busca-votacao-urgente-da-pec-que-reduz-jornada-de-trabalho-no-senado","status":"publish","type":"post","link":"https:\/\/redenoticiaz.com.br\/ribeiraopreto-regiao\/sp\/2026\/09\/01\/aziz-busca-votacao-urgente-da-pec-que-reduz-jornada-de-trabalho-no-senado","title":{"rendered":"Aziz busca vota\u00e7\u00e3o urgente da PEC que reduz jornada de trabalho no Senado"},"content":{"rendered":"<p>O senador Omar Aziz (PSD-AM), relator da Proposta de Emenda Constitucional (PEC) que prop\u00f5e o fim da escala 6&#215;1 e a redu\u00e7\u00e3o da jornada m\u00e1xima de trabalho para 40 horas semanais, afirmou que a proposta deve ser aprovada com ampla maioria na Comiss\u00e3o de Constitui\u00e7\u00e3o e Justi\u00e7a (CCJ). A sess\u00e3o para a vota\u00e7\u00e3o do relat\u00f3rio est\u00e1 agendada para esta quarta-feira (2).<\/p>\n<p>Aziz anunciou que apresentar\u00e1 um requerimento para acelerar a tramita\u00e7\u00e3o da proposta, eliminando os intervalos regimentais, o que possibilitaria uma vota\u00e7\u00e3o em regime de urg\u00eancia no plen\u00e1rio. A vota\u00e7\u00e3o na CCJ ocorrer\u00e1 ap\u00f3s a aprecia\u00e7\u00e3o da PEC da Seguran\u00e7a P\u00fablica.<\/p>\n<blockquote>\n<p>&#8220;Se aprovarmos na CCJ, iremos solicitar um calend\u00e1rio especial para vota\u00e7\u00e3o no plen\u00e1rio. Isso significa que podemos fazer os dois turnos no mesmo dia&#8221;, disse Aziz em entrevista.<\/p>\n<\/blockquote>\n<p>A estrat\u00e9gia para acelerar o processo foi discutida em reuni\u00e3o com a l\u00edder do governo no Senado, senadora Teresa Leit\u00e3o (PT-PE), o l\u00edder do governo no Congresso, senador Randolfe Rodrigues (PT-AP), e o presidente da CCJ, senador Otto Alencar (PSD-BA). Contudo, ainda n\u00e3o h\u00e1 garantia do presidente do Senado, Davi Alcolumbre (Uni\u00e3o-AP), de que a proposta ser\u00e1 votada.<\/p>\n<blockquote>\n<p>&#8220;Estamos falando sobre uma mat\u00e9ria que afeta 37 milh\u00f5es de brasileiros, incluindo quase 20 milh\u00f5es de mulheres que enfrentam jornadas duplas de trabalho. Muitas delas s\u00e3o m\u00e3es solo e precisam conciliar as obriga\u00e7\u00f5es familiares e profissionais. Considero esta PEC a PEC da empatia&#8221;, afirmou Aziz.<\/p>\n<\/blockquote>\n<p>O senador destacou ter se reunido com representantes de diversos setores, como com\u00e9rcio, servi\u00e7os e educa\u00e7\u00e3o, mas reafirmou que n\u00e3o haver\u00e1 altera\u00e7\u00f5es no relat\u00f3rio da PEC j\u00e1 aprovado na C\u00e2mara, a fim de evitar que o texto precise retornar para a an\u00e1lise dos deputados.<\/p>\n<p>Segundo Aziz, setores com caracter\u00edsticas espec\u00edficas de jornada de trabalho precisar\u00e3o discutir suas situa\u00e7\u00f5es em eventuais projetos complementares ou novas PECs.<\/p>\n<p>Entre os principais pontos da PEC est\u00e3o: dois dias de repouso semanal remunerado, um deles preferencialmente aos domingos; a proibi\u00e7\u00e3o de redu\u00e7\u00e3o de sal\u00e1rio em decorr\u00eancia da diminui\u00e7\u00e3o da jornada; e a redu\u00e7\u00e3o da jornada m\u00e1xima de trabalho de 44 horas para 42 horas ap\u00f3s dois meses da promulga\u00e7\u00e3o da PEC, com a meta final de 40 horas em um ano.<\/p>\n<p>O relator reconheceu a resist\u00eancia da oposi\u00e7\u00e3o, que promete obstruir a vota\u00e7\u00e3o, mas afirmou que isso faz parte do processo democr\u00e1tico. &#8220;\u00c9 normal que usem todos os argumentos permitidos pelo Regimento&#8221;, comentou.<\/p>\n<p>A aprova\u00e7\u00e3o de uma PEC requer o voto favor\u00e1vel de tr\u00eas quintos dos senadores, ou seja, pelo menos 49 votos, em dois turnos de discuss\u00e3o e vota\u00e7\u00e3o.<\/p>\n","protected":false},"excerpt":{"rendered":"<p>O senador Omar Aziz (PSD-AM), relator da Proposta de Emenda Constitucional (PEC) que prop\u00f5e o fim da escala 6&#215;1 e a redu\u00e7\u00e3o da jornada m\u00e1xima de trabalho para 40 horas semanais, afirmou que a proposta deve ser aprovada com ampla maioria na Comiss\u00e3o de Constitui\u00e7\u00e3o e Justi\u00e7a (CCJ). A sess\u00e3o para a vota\u00e7\u00e3o do relat\u00f3rio &hellip;<\/p>\n","protected":false},"author":5,"featured_media":123054,"comment_status":"open","ping_status":"closed","sticky":false,"template":"","format":"standard","meta":{"footnotes":""},"categories":[101,820,9271,683,186,2075],"tags":[],"class_list":["post-123053","post","type-post","status-publish","format-standard","has-post-thumbnail","hentry","category-economia","category-educacao","category-eleicoes","category-justica","category-politica","category-trabalho"],"yoast_head":"<!-- This site is optimized with the Yoast SEO plugin v28.3 - https:\/\/yoast.com\/product\/yoast-seo-wordpress\/ -->\n<title>Aziz busca vota\u00e7\u00e3o urgente da PEC que reduz jornada de trabalho no Senado - Ribeir\u00e3o Preto e Regi\u00e3o<\/title>\n<meta name=\"robots\" content=\"index, follow, max-snippet:-1, max-image-preview:large, max-video-preview:-1\" \/>\n<link rel=\"canonical\" href=\"https:\/\/redenoticiaz.com.br\/ribeiraopreto-regiao\/sp\/2026\/09\/01\/aziz-busca-votacao-urgente-da-pec-que-reduz-jornada-de-trabalho-no-senado\" \/>\n<meta property=\"og:locale\" content=\"pt_BR\" \/>\n<meta property=\"og:type\" content=\"article\" \/>\n<meta property=\"og:title\" content=\"Aziz busca vota\u00e7\u00e3o urgente da PEC que reduz jornada de trabalho no Senado - Ribeir\u00e3o Preto e Regi\u00e3o\" \/>\n<meta property=\"og:description\" content=\"O senador Omar Aziz (PSD-AM), relator da Proposta de Emenda Constitucional (PEC) que prop\u00f5e o fim da escala 6&#215;1 e a redu\u00e7\u00e3o da jornada m\u00e1xima de trabalho para 40 horas semanais, afirmou que a proposta deve ser aprovada com ampla maioria na Comiss\u00e3o de Constitui\u00e7\u00e3o e Justi\u00e7a (CCJ). A sess\u00e3o para a vota\u00e7\u00e3o do relat\u00f3rio &hellip;\" \/>\n<meta property=\"og:url\" content=\"https:\/\/redenoticiaz.com.br\/ribeiraopreto-regiao\/sp\/2026\/09\/01\/aziz-busca-votacao-urgente-da-pec-que-reduz-jornada-de-trabalho-no-senado\" \/>\n<meta property=\"og:site_name\" content=\"Ribeir\u00e3o Preto e Regi\u00e3o\" \/>\n<meta property=\"article:publisher\" content=\"https:\/\/m.facebook.com\/redenoticiaz.barretos\" \/>\n<meta property=\"article:published_time\" content=\"2026-09-02T00:34:22+00:00\" \/>\n<meta property=\"og:image\" content=\"https:\/\/redenoticiaz.com.br\/ribeiraopreto-regiao\/wp-content\/uploads\/sites\/4\/2022\/02\/logo.jpg\" \/>\n\t<meta property=\"og:image:width\" content=\"400\" \/>\n\t<meta property=\"og:image:height\" content=\"250\" \/>\n\t<meta property=\"og:image:type\" content=\"image\/jpeg\" \/>\n<meta name=\"author\" content=\"Patr\u00edcia Prado\" \/>\n<meta name=\"twitter:card\" content=\"summary_large_image\" \/>\n<meta name=\"twitter:creator\" content=\"@RN_barretos\" \/>\n<meta name=\"twitter:site\" content=\"@RN_barretos\" \/>\n<meta name=\"twitter:label1\" content=\"Escrito por\" \/>\n\t<meta name=\"twitter:data1\" content=\"Patr\u00edcia Prado\" \/>\n\t<meta name=\"twitter:label2\" content=\"Est. tempo de leitura\" \/>\n\t<meta name=\"twitter:data2\" content=\"2 minutos\" \/>\n<script type=\"application\/ld+json\" class=\"yoast-schema-graph\">{\"@context\":\"https:\\\/\\\/schema.org\",\"@graph\":[{\"@type\":\"Article\",\"@id\":\"https:\\\/\\\/redenoticiaz.com.br\\\/ribeiraopreto-regiao\\\/sp\\\/2026\\\/09\\\/01\\\/aziz-busca-votacao-urgente-da-pec-que-reduz-jornada-de-trabalho-no-senado#article\",\"isPartOf\":{\"@id\":\"https:\\\/\\\/redenoticiaz.com.br\\\/ribeiraopreto-regiao\\\/sp\\\/2026\\\/09\\\/01\\\/aziz-busca-votacao-urgente-da-pec-que-reduz-jornada-de-trabalho-no-senado\"},\"author\":{\"name\":\"Patr\u00edcia Prado\",\"@id\":\"https:\\\/\\\/redenoticiaz.com.br\\\/ribeiraopreto-regiao\\\/#\\\/schema\\\/person\\\/e1b0bd8c2637e2c1b6ddcbc2c33b116f\"},\"headline\":\"Aziz busca vota\u00e7\u00e3o urgente da PEC que reduz jornada de trabalho no Senado\",\"datePublished\":\"2026-09-02T00:34:22+00:00\",\"mainEntityOfPage\":{\"@id\":\"https:\\\/\\\/redenoticiaz.com.br\\\/ribeiraopreto-regiao\\\/sp\\\/2026\\\/09\\\/01\\\/aziz-busca-votacao-urgente-da-pec-que-reduz-jornada-de-trabalho-no-senado\"},\"wordCount\":487,\"commentCount\":0,\"publisher\":{\"@id\":\"https:\\\/\\\/redenoticiaz.com.br\\\/ribeiraopreto-regiao\\\/#organization\"},\"image\":{\"@id\":\"https:\\\/\\\/redenoticiaz.com.br\\\/ribeiraopreto-regiao\\\/sp\\\/2026\\\/09\\\/01\\\/aziz-busca-votacao-urgente-da-pec-que-reduz-jornada-de-trabalho-no-senado#primaryimage\"},\"thumbnailUrl\":\"https:\\\/\\\/redenoticiaz.com.br\\\/ribeiraopreto-regiao\\\/wp-content\\\/uploads\\\/sites\\\/4\\\/2026\\\/09\\\/55501879577_25bbfc3939_o.jpg\",\"articleSection\":[\"Economia\",\"Educa\u00e7\u00e3o\",\"Elei\u00e7\u00f5es\",\"Justi\u00e7a\",\"Pol\u00edtica\",\"Trabalho\"],\"inLanguage\":\"pt-BR\",\"potentialAction\":[{\"@type\":\"CommentAction\",\"name\":\"Comment\",\"target\":[\"https:\\\/\\\/redenoticiaz.com.br\\\/ribeiraopreto-regiao\\\/sp\\\/2026\\\/09\\\/01\\\/aziz-busca-votacao-urgente-da-pec-que-reduz-jornada-de-trabalho-no-senado#respond\"]}]},{\"@type\":\"WebPage\",\"@id\":\"https:\\\/\\\/redenoticiaz.com.br\\\/ribeiraopreto-regiao\\\/sp\\\/2026\\\/09\\\/01\\\/aziz-busca-votacao-urgente-da-pec-que-reduz-jornada-de-trabalho-no-senado\",\"url\":\"https:\\\/\\\/redenoticiaz.com.br\\\/ribeiraopreto-regiao\\\/sp\\\/2026\\\/09\\\/01\\\/aziz-busca-votacao-urgente-da-pec-que-reduz-jornada-de-trabalho-no-senado\",\"name\":\"Aziz busca vota\u00e7\u00e3o urgente da PEC que reduz jornada de trabalho no Senado - Ribeir\u00e3o Preto e Regi\u00e3o\",\"isPartOf\":{\"@id\":\"https:\\\/\\\/redenoticiaz.com.br\\\/ribeiraopreto-regiao\\\/#website\"},\"primaryImageOfPage\":{\"@id\":\"https:\\\/\\\/redenoticiaz.com.br\\\/ribeiraopreto-regiao\\\/sp\\\/2026\\\/09\\\/01\\\/aziz-busca-votacao-urgente-da-pec-que-reduz-jornada-de-trabalho-no-senado#primaryimage\"},\"image\":{\"@id\":\"https:\\\/\\\/redenoticiaz.com.br\\\/ribeiraopreto-regiao\\\/sp\\\/2026\\\/09\\\/01\\\/aziz-busca-votacao-urgente-da-pec-que-reduz-jornada-de-trabalho-no-senado#primaryimage\"},\"thumbnailUrl\":\"https:\\\/\\\/redenoticiaz.com.br\\\/ribeiraopreto-regiao\\\/wp-content\\\/uploads\\\/sites\\\/4\\\/2026\\\/09\\\/55501879577_25bbfc3939_o.jpg\",\"datePublished\":\"2026-09-02T00:34:22+00:00\",\"inLanguage\":\"pt-BR\",\"potentialAction\":[{\"@type\":\"ReadAction\",\"target\":[\"https:\\\/\\\/redenoticiaz.com.br\\\/ribeiraopreto-regiao\\\/sp\\\/2026\\\/09\\\/01\\\/aziz-busca-votacao-urgente-da-pec-que-reduz-jornada-de-trabalho-no-senado\"]}]},{\"@type\":\"ImageObject\",\"inLanguage\":\"pt-BR\",\"@id\":\"https:\\\/\\\/redenoticiaz.com.br\\\/ribeiraopreto-regiao\\\/sp\\\/2026\\\/09\\\/01\\\/aziz-busca-votacao-urgente-da-pec-que-reduz-jornada-de-trabalho-no-senado#primaryimage\",\"url\":\"https:\\\/\\\/redenoticiaz.com.br\\\/ribeiraopreto-regiao\\\/wp-content\\\/uploads\\\/sites\\\/4\\\/2026\\\/09\\\/55501879577_25bbfc3939_o.jpg\",\"contentUrl\":\"https:\\\/\\\/redenoticiaz.com.br\\\/ribeiraopreto-regiao\\\/wp-content\\\/uploads\\\/sites\\\/4\\\/2026\\\/09\\\/55501879577_25bbfc3939_o.jpg\",\"width\":1600,\"height\":800},{\"@type\":\"WebSite\",\"@id\":\"https:\\\/\\\/redenoticiaz.com.br\\\/ribeiraopreto-regiao\\\/#website\",\"url\":\"https:\\\/\\\/redenoticiaz.com.br\\\/ribeiraopreto-regiao\\\/\",\"name\":\"Ribeir\u00e3o Preto e Regi\u00e3o\",\"description\":\"Rede NoticiaZ - Ribeir\u00e3o Preto e regi\u00e3o\",\"publisher\":{\"@id\":\"https:\\\/\\\/redenoticiaz.com.br\\\/ribeiraopreto-regiao\\\/#organization\"},\"potentialAction\":[{\"@type\":\"SearchAction\",\"target\":{\"@type\":\"EntryPoint\",\"urlTemplate\":\"https:\\\/\\\/redenoticiaz.com.br\\\/ribeiraopreto-regiao\\\/?s={search_term_string}\"},\"query-input\":{\"@type\":\"PropertyValueSpecification\",\"valueRequired\":true,\"valueName\":\"search_term_string\"}}],\"inLanguage\":\"pt-BR\"},{\"@type\":\"Organization\",\"@id\":\"https:\\\/\\\/redenoticiaz.com.br\\\/ribeiraopreto-regiao\\\/#organization\",\"name\":\"Ribeir\u00e3o Preto e Regi\u00e3o\",\"url\":\"https:\\\/\\\/redenoticiaz.com.br\\\/ribeiraopreto-regiao\\\/\",\"logo\":{\"@type\":\"ImageObject\",\"inLanguage\":\"pt-BR\",\"@id\":\"https:\\\/\\\/redenoticiaz.com.br\\\/ribeiraopreto-regiao\\\/#\\\/schema\\\/logo\\\/image\\\/\",\"url\":\"https:\\\/\\\/redenoticiaz.com.br\\\/barretos-regiao\\\/wp-content\\\/uploads\\\/sites\\\/4\\\/2022\\\/02\\\/logo.jpg\",\"contentUrl\":\"https:\\\/\\\/redenoticiaz.com.br\\\/barretos-regiao\\\/wp-content\\\/uploads\\\/sites\\\/4\\\/2022\\\/02\\\/logo.jpg\",\"width\":400,\"height\":250,\"caption\":\"Ribeir\u00e3o Preto e Regi\u00e3o\"},\"image\":{\"@id\":\"https:\\\/\\\/redenoticiaz.com.br\\\/ribeiraopreto-regiao\\\/#\\\/schema\\\/logo\\\/image\\\/\"},\"sameAs\":[\"https:\\\/\\\/m.facebook.com\\\/redenoticiaz.barretos\",\"https:\\\/\\\/x.com\\\/RN_barretos\",\"https:\\\/\\\/www.instagram.com\\\/redenoticiaz.barretos\\\/?igshid=YmMyMTA2M2Y\",\"https:\\\/\\\/www.linkedin.com\\\/company\\\/rede-noticiaz-barretos-e-regio\\\/\"]},{\"@type\":\"Person\",\"@id\":\"https:\\\/\\\/redenoticiaz.com.br\\\/ribeiraopreto-regiao\\\/#\\\/schema\\\/person\\\/e1b0bd8c2637e2c1b6ddcbc2c33b116f\",\"name\":\"Patr\u00edcia Prado\",\"image\":{\"@type\":\"ImageObject\",\"inLanguage\":\"pt-BR\",\"@id\":\"https:\\\/\\\/secure.gravatar.com\\\/avatar\\\/92e358bef22cfcec15e054ae4d9fee04dadf0c772dc4a17b382b8a34a15354c2?s=96&d=mm&r=g\",\"url\":\"https:\\\/\\\/secure.gravatar.com\\\/avatar\\\/92e358bef22cfcec15e054ae4d9fee04dadf0c772dc4a17b382b8a34a15354c2?s=96&d=mm&r=g\",\"contentUrl\":\"https:\\\/\\\/secure.gravatar.com\\\/avatar\\\/92e358bef22cfcec15e054ae4d9fee04dadf0c772dc4a17b382b8a34a15354c2?s=96&d=mm&r=g\",\"caption\":\"Patr\u00edcia Prado\"},\"url\":\"https:\\\/\\\/redenoticiaz.com.br\\\/ribeiraopreto-regiao\\\/sp\\\/author\\\/patricia-prado\"}]}<\/script>\n<!-- \/ Yoast SEO plugin. -->","yoast_head_json":{"title":"Aziz busca vota\u00e7\u00e3o urgente da PEC que reduz jornada de trabalho no Senado - Ribeir\u00e3o Preto e Regi\u00e3o","robots":{"index":"index","follow":"follow","max-snippet":"max-snippet:-1","max-image-preview":"max-image-preview:large","max-video-preview":"max-video-preview:-1"},"canonical":"https:\/\/redenoticiaz.com.br\/ribeiraopreto-regiao\/sp\/2026\/09\/01\/aziz-busca-votacao-urgente-da-pec-que-reduz-jornada-de-trabalho-no-senado","og_locale":"pt_BR","og_type":"article","og_title":"Aziz busca vota\u00e7\u00e3o urgente da PEC que reduz jornada de trabalho no Senado - Ribeir\u00e3o Preto e Regi\u00e3o","og_description":"O senador Omar Aziz (PSD-AM), relator da Proposta de Emenda Constitucional (PEC) que prop\u00f5e o fim da escala 6&#215;1 e a redu\u00e7\u00e3o da jornada m\u00e1xima de trabalho para 40 horas semanais, afirmou que a proposta deve ser aprovada com ampla maioria na Comiss\u00e3o de Constitui\u00e7\u00e3o e Justi\u00e7a (CCJ). A sess\u00e3o para a vota\u00e7\u00e3o do relat\u00f3rio &hellip;","og_url":"https:\/\/redenoticiaz.com.br\/ribeiraopreto-regiao\/sp\/2026\/09\/01\/aziz-busca-votacao-urgente-da-pec-que-reduz-jornada-de-trabalho-no-senado","og_site_name":"Ribeir\u00e3o Preto e Regi\u00e3o","article_publisher":"https:\/\/m.facebook.com\/redenoticiaz.barretos","article_published_time":"2026-09-02T00:34:22+00:00","og_image":[{"width":400,"height":250,"url":"https:\/\/redenoticiaz.com.br\/ribeiraopreto-regiao\/wp-content\/uploads\/sites\/4\/2022\/02\/logo.jpg","type":"image\/jpeg"}],"author":"Patr\u00edcia Prado","twitter_card":"summary_large_image","twitter_creator":"@RN_barretos","twitter_site":"@RN_barretos","twitter_misc":{"Escrito por":"Patr\u00edcia Prado","Est. tempo de leitura":"2 minutos"},"schema":{"@context":"https:\/\/schema.org","@graph":[{"@type":"Article","@id":"https:\/\/redenoticiaz.com.br\/ribeiraopreto-regiao\/sp\/2026\/09\/01\/aziz-busca-votacao-urgente-da-pec-que-reduz-jornada-de-trabalho-no-senado#article","isPartOf":{"@id":"https:\/\/redenoticiaz.com.br\/ribeiraopreto-regiao\/sp\/2026\/09\/01\/aziz-busca-votacao-urgente-da-pec-que-reduz-jornada-de-trabalho-no-senado"},"author":{"name":"Patr\u00edcia Prado","@id":"https:\/\/redenoticiaz.com.br\/ribeiraopreto-regiao\/#\/schema\/person\/e1b0bd8c2637e2c1b6ddcbc2c33b116f"},"headline":"Aziz busca vota\u00e7\u00e3o urgente da PEC que reduz jornada de trabalho no Senado","datePublished":"2026-09-02T00:34:22+00:00","mainEntityOfPage":{"@id":"https:\/\/redenoticiaz.com.br\/ribeiraopreto-regiao\/sp\/2026\/09\/01\/aziz-busca-votacao-urgente-da-pec-que-reduz-jornada-de-trabalho-no-senado"},"wordCount":487,"commentCount":0,"publisher":{"@id":"https:\/\/redenoticiaz.com.br\/ribeiraopreto-regiao\/#organization"},"image":{"@id":"https:\/\/redenoticiaz.com.br\/ribeiraopreto-regiao\/sp\/2026\/09\/01\/aziz-busca-votacao-urgente-da-pec-que-reduz-jornada-de-trabalho-no-senado#primaryimage"},"thumbnailUrl":"https:\/\/redenoticiaz.com.br\/ribeiraopreto-regiao\/wp-content\/uploads\/sites\/4\/2026\/09\/55501879577_25bbfc3939_o.jpg","articleSection":["Economia","Educa\u00e7\u00e3o","Elei\u00e7\u00f5es","Justi\u00e7a","Pol\u00edtica","Trabalho"],"inLanguage":"pt-BR","potentialAction":[{"@type":"CommentAction","name":"Comment","target":["https:\/\/redenoticiaz.com.br\/ribeiraopreto-regiao\/sp\/2026\/09\/01\/aziz-busca-votacao-urgente-da-pec-que-reduz-jornada-de-trabalho-no-senado#respond"]}]},{"@type":"WebPage","@id":"https:\/\/redenoticiaz.com.br\/ribeiraopreto-regiao\/sp\/2026\/09\/01\/aziz-busca-votacao-urgente-da-pec-que-reduz-jornada-de-trabalho-no-senado","url":"https:\/\/redenoticiaz.com.br\/ribeiraopreto-regiao\/sp\/2026\/09\/01\/aziz-busca-votacao-urgente-da-pec-que-reduz-jornada-de-trabalho-no-senado","name":"Aziz busca vota\u00e7\u00e3o urgente da PEC que reduz jornada de trabalho no Senado - Ribeir\u00e3o Preto e Regi\u00e3o","isPartOf":{"@id":"https:\/\/redenoticiaz.com.br\/ribeiraopreto-regiao\/#website"},"primaryImageOfPage":{"@id":"https:\/\/redenoticiaz.com.br\/ribeiraopreto-regiao\/sp\/2026\/09\/01\/aziz-busca-votacao-urgente-da-pec-que-reduz-jornada-de-trabalho-no-senado#primaryimage"},"image":{"@id":"https:\/\/redenoticiaz.com.br\/ribeiraopreto-regiao\/sp\/2026\/09\/01\/aziz-busca-votacao-urgente-da-pec-que-reduz-jornada-de-trabalho-no-senado#primaryimage"},"thumbnailUrl":"https:\/\/redenoticiaz.com.br\/ribeiraopreto-regiao\/wp-content\/uploads\/sites\/4\/2026\/09\/55501879577_25bbfc3939_o.jpg","datePublished":"2026-09-02T00:34:22+00:00","inLanguage":"pt-BR","potentialAction":[{"@type":"ReadAction","target":["https:\/\/redenoticiaz.com.br\/ribeiraopreto-regiao\/sp\/2026\/09\/01\/aziz-busca-votacao-urgente-da-pec-que-reduz-jornada-de-trabalho-no-senado"]}]},{"@type":"ImageObject","inLanguage":"pt-BR","@id":"https:\/\/redenoticiaz.com.br\/ribeiraopreto-regiao\/sp\/2026\/09\/01\/aziz-busca-votacao-urgente-da-pec-que-reduz-jornada-de-trabalho-no-senado#primaryimage","url":"https:\/\/redenoticiaz.com.br\/ribeiraopreto-regiao\/wp-content\/uploads\/sites\/4\/2026\/09\/55501879577_25bbfc3939_o.jpg","contentUrl":"https:\/\/redenoticiaz.com.br\/ribeiraopreto-regiao\/wp-content\/uploads\/sites\/4\/2026\/09\/55501879577_25bbfc3939_o.jpg","width":1600,"height":800},{"@type":"WebSite","@id":"https:\/\/redenoticiaz.com.br\/ribeiraopreto-regiao\/#website","url":"https:\/\/redenoticiaz.com.br\/ribeiraopreto-regiao\/","name":"Ribeir\u00e3o Preto e Regi\u00e3o","description":"Rede NoticiaZ - Ribeir\u00e3o Preto e regi\u00e3o","publisher":{"@id":"https:\/\/redenoticiaz.com.br\/ribeiraopreto-regiao\/#organization"},"potentialAction":[{"@type":"SearchAction","target":{"@type":"EntryPoint","urlTemplate":"https:\/\/redenoticiaz.com.br\/ribeiraopreto-regiao\/?s={search_term_string}"},"query-input":{"@type":"PropertyValueSpecification","valueRequired":true,"valueName":"search_term_string"}}],"inLanguage":"pt-BR"},{"@type":"Organization","@id":"https:\/\/redenoticiaz.com.br\/ribeiraopreto-regiao\/#organization","name":"Ribeir\u00e3o Preto e Regi\u00e3o","url":"https:\/\/redenoticiaz.com.br\/ribeiraopreto-regiao\/","logo":{"@type":"ImageObject","inLanguage":"pt-BR","@id":"https:\/\/redenoticiaz.com.br\/ribeiraopreto-regiao\/#\/schema\/logo\/image\/","url":"https:\/\/redenoticiaz.com.br\/barretos-regiao\/wp-content\/uploads\/sites\/4\/2022\/02\/logo.jpg","contentUrl":"https:\/\/redenoticiaz.com.br\/barretos-regiao\/wp-content\/uploads\/sites\/4\/2022\/02\/logo.jpg","width":400,"height":250,"caption":"Ribeir\u00e3o Preto e Regi\u00e3o"},"image":{"@id":"https:\/\/redenoticiaz.com.br\/ribeiraopreto-regiao\/#\/schema\/logo\/image\/"},"sameAs":["https:\/\/m.facebook.com\/redenoticiaz.barretos","https:\/\/x.com\/RN_barretos","https:\/\/www.instagram.com\/redenoticiaz.barretos\/?igshid=YmMyMTA2M2Y","https:\/\/www.linkedin.com\/company\/rede-noticiaz-barretos-e-regio\/"]},{"@type":"Person","@id":"https:\/\/redenoticiaz.com.br\/ribeiraopreto-regiao\/#\/schema\/person\/e1b0bd8c2637e2c1b6ddcbc2c33b116f","name":"Patr\u00edcia Prado","image":{"@type":"ImageObject","inLanguage":"pt-BR","@id":"https:\/\/secure.gravatar.com\/avatar\/92e358bef22cfcec15e054ae4d9fee04dadf0c772dc4a17b382b8a34a15354c2?s=96&d=mm&r=g","url":"https:\/\/secure.gravatar.com\/avatar\/92e358bef22cfcec15e054ae4d9fee04dadf0c772dc4a17b382b8a34a15354c2?s=96&d=mm&r=g","contentUrl":"https:\/\/secure.gravatar.com\/avatar\/92e358bef22cfcec15e054ae4d9fee04dadf0c772dc4a17b382b8a34a15354c2?s=96&d=mm&r=g","caption":"Patr\u00edcia Prado"},"url":"https:\/\/redenoticiaz.com.br\/ribeiraopreto-regiao\/sp\/author\/patricia-prado"}]}},"_links":{"self":[{"href":"https:\/\/redenoticiaz.com.br\/ribeiraopreto-regiao\/wp-json\/wp\/v2\/posts\/123053","targetHints":{"allow":["GET"]}}],"collection":[{"href":"https:\/\/redenoticiaz.com.br\/ribeiraopreto-regiao\/wp-json\/wp\/v2\/posts"}],"about":[{"href":"https:\/\/redenoticiaz.com.br\/ribeiraopreto-regiao\/wp-json\/wp\/v2\/types\/post"}],"author":[{"embeddable":true,"href":"https:\/\/redenoticiaz.com.br\/ribeiraopreto-regiao\/wp-json\/wp\/v2\/users\/5"}],"replies":[{"embeddable":true,"href":"https:\/\/redenoticiaz.com.br\/ribeiraopreto-regiao\/wp-json\/wp\/v2\/comments?post=123053"}],"version-history":[{"count":0,"href":"https:\/\/redenoticiaz.com.br\/ribeiraopreto-regiao\/wp-json\/wp\/v2\/posts\/123053\/revisions"}],"wp:featuredmedia":[{"embeddable":true,"href":"https:\/\/redenoticiaz.com.br\/ribeiraopreto-regiao\/wp-json\/wp\/v2\/media\/123054"}],"wp:attachment":[{"href":"https:\/\/redenoticiaz.com.br\/ribeiraopreto-regiao\/wp-json\/wp\/v2\/media?parent=123053"}],"wp:term":[{"taxonomy":"category","embeddable":true,"href":"https:\/\/redenoticiaz.com.br\/ribeiraopreto-regiao\/wp-json\/wp\/v2\/categories?post=123053"},{"taxonomy":"post_tag","embeddable":true,"href":"https:\/\/redenoticiaz.com.br\/ribeiraopreto-regiao\/wp-json\/wp\/v2\/tags?post=123053"}],"curies":[{"name":"wp","href":"https:\/\/api.w.org\/{rel}","templated":true}]}}