{"id":123057,"date":"2026-09-01T22:35:55","date_gmt":"2026-09-02T01:35:55","guid":{"rendered":"https:\/\/redenoticiaz.com.br\/ribeiraopreto-regiao\/sp\/2026\/09\/01\/tse-nega-pedido-para-remover-video-de-bolsonaro-gerado-por-ia"},"modified":"2026-09-01T22:35:55","modified_gmt":"2026-09-02T01:35:55","slug":"tse-nega-pedido-para-remover-video-de-bolsonaro-gerado-por-ia","status":"publish","type":"post","link":"https:\/\/redenoticiaz.com.br\/ribeiraopreto-regiao\/sp\/2026\/09\/01\/tse-nega-pedido-para-remover-video-de-bolsonaro-gerado-por-ia","title":{"rendered":"TSE nega pedido para remover v\u00eddeo de Bolsonaro gerado por IA"},"content":{"rendered":"<p>O Tribunal Superior Eleitoral (TSE) rejeitou, nesta ter\u00e7a-feira (1\u00ba), uma a\u00e7\u00e3o do PT que questionava a divulga\u00e7\u00e3o de um v\u00eddeo do ex-presidente Jair Bolsonaro, gerado por intelig\u00eancia artificial. A decis\u00e3o ocorreu ap\u00f3s o candidato \u00e0 Presid\u00eancia Fl\u00e1vio Bolsonaro (PL) utilizar uma simula\u00e7\u00e3o de um discurso do pai, que se encontra em pris\u00e3o domiciliar, durante o evento de lan\u00e7amento de sua candidatura, realizado em agosto.<\/p>\n<p>Os ministros, por maioria de votos, entenderam que a divulga\u00e7\u00e3o do v\u00eddeo n\u00e3o configurava propaganda eleitoral irregular, uma vez que ocorreu durante a conven\u00e7\u00e3o partid\u00e1ria de Fl\u00e1vio.<\/p>\n<p>Embora tenha liberado o v\u00eddeo gerado pela IA, o TSE aproveitou o momento para definir o conceito de &#8220;deep fake&#8221;, um tipo de conte\u00fado artificial que \u00e9 proibido durante as campanhas eleitorais. De acordo com o tribunal, &#8220;deep fake&#8221; refere-se \u00e0 produ\u00e7\u00e3o de intelig\u00eancia artificial que consegue alterar imagem e voz de pessoas reais, falecidas ou fict\u00edcias.<\/p>\n<p>Essa defini\u00e7\u00e3o servir\u00e1 de base para processos semelhantes que est\u00e3o em an\u00e1lise na Justi\u00e7a Eleitoral. Em mar\u00e7o deste ano, o TSE j\u00e1 havia estabelecido regras sobre o uso de intelig\u00eancia artificial nas elei\u00e7\u00f5es gerais de outubro, que abrangem candidatos e partidos. Entre as determina\u00e7\u00f5es, est\u00e1 a proibi\u00e7\u00e3o para que provedores de IA sugiram candidatos aos eleitores, evitando que algoritmos influenciem a escolha dos votantes.<\/p>\n<p>Al\u00e9m disso, o TSE tomou medidas contra a misoginia digital, vetando postagens nas redes sociais que contenham montagens de candidatas associadas a fotos ou v\u00eddeos com nudez e pornografia. A Corte ainda reafirmou que provedores de internet podem ser responsabilizados judicialmente caso n\u00e3o removam perfis falsos e publica\u00e7\u00f5es ilegais de seus usu\u00e1rios.<\/p>\n<p>O primeiro turno das elei\u00e7\u00f5es est\u00e1 marcado para o dia 4 de outubro, quando os eleitores escolher\u00e3o deputados federais, estaduais, distritais, governadores, senadores e o presidente da Rep\u00fablica. Caso nenhum candidato obtenha mais de 50% dos votos v\u00e1lidos no primeiro turno, um segundo turno ser\u00e1 realizado em 25 de outubro, podendo envolver as disputas para governadores e para a presid\u00eancia.<\/p>\n","protected":false},"excerpt":{"rendered":"<p>O Tribunal Superior Eleitoral (TSE) rejeitou, nesta ter\u00e7a-feira (1\u00ba), uma a\u00e7\u00e3o do PT que questionava a divulga\u00e7\u00e3o de um v\u00eddeo do ex-presidente Jair Bolsonaro, gerado por intelig\u00eancia artificial. A decis\u00e3o ocorreu ap\u00f3s o candidato \u00e0 Presid\u00eancia Fl\u00e1vio Bolsonaro (PL) utilizar uma simula\u00e7\u00e3o de um discurso do pai, que se encontra em pris\u00e3o domiciliar, durante o &hellip;<\/p>\n","protected":false},"author":5,"featured_media":123058,"comment_status":"open","ping_status":"closed","sticky":false,"template":"","format":"standard","meta":{"footnotes":""},"categories":[9271,683,186,1561],"tags":[],"class_list":["post-123057","post","type-post","status-publish","format-standard","has-post-thumbnail","hentry","category-eleicoes","category-justica","category-politica","category-tecnologia"],"yoast_head":"<!-- This site is optimized with the Yoast SEO plugin v28.3 - https:\/\/yoast.com\/product\/yoast-seo-wordpress\/ -->\n<title>TSE nega pedido para remover v\u00eddeo de Bolsonaro gerado por IA - Ribeir\u00e3o Preto e Regi\u00e3o<\/title>\n<meta name=\"robots\" content=\"index, follow, max-snippet:-1, max-image-preview:large, max-video-preview:-1\" \/>\n<link rel=\"canonical\" href=\"https:\/\/redenoticiaz.com.br\/ribeiraopreto-regiao\/sp\/2026\/09\/01\/tse-nega-pedido-para-remover-video-de-bolsonaro-gerado-por-ia\" \/>\n<meta property=\"og:locale\" content=\"pt_BR\" \/>\n<meta property=\"og:type\" content=\"article\" \/>\n<meta property=\"og:title\" content=\"TSE nega pedido para remover v\u00eddeo de Bolsonaro gerado por IA - Ribeir\u00e3o Preto e Regi\u00e3o\" \/>\n<meta property=\"og:description\" content=\"O Tribunal Superior Eleitoral (TSE) rejeitou, nesta ter\u00e7a-feira (1\u00ba), uma a\u00e7\u00e3o do PT que questionava a divulga\u00e7\u00e3o de um v\u00eddeo do ex-presidente Jair Bolsonaro, gerado por intelig\u00eancia artificial. A decis\u00e3o ocorreu ap\u00f3s o candidato \u00e0 Presid\u00eancia Fl\u00e1vio Bolsonaro (PL) utilizar uma simula\u00e7\u00e3o de um discurso do pai, que se encontra em pris\u00e3o domiciliar, durante o &hellip;\" \/>\n<meta property=\"og:url\" content=\"https:\/\/redenoticiaz.com.br\/ribeiraopreto-regiao\/sp\/2026\/09\/01\/tse-nega-pedido-para-remover-video-de-bolsonaro-gerado-por-ia\" \/>\n<meta property=\"og:site_name\" content=\"Ribeir\u00e3o Preto e Regi\u00e3o\" \/>\n<meta property=\"article:publisher\" content=\"https:\/\/m.facebook.com\/redenoticiaz.barretos\" \/>\n<meta property=\"article:published_time\" content=\"2026-09-02T01:35:55+00:00\" \/>\n<meta property=\"og:image\" content=\"https:\/\/redenoticiaz.com.br\/ribeiraopreto-regiao\/wp-content\/uploads\/sites\/4\/2022\/02\/logo.jpg\" \/>\n\t<meta property=\"og:image:width\" content=\"400\" \/>\n\t<meta property=\"og:image:height\" content=\"250\" \/>\n\t<meta property=\"og:image:type\" content=\"image\/jpeg\" \/>\n<meta name=\"author\" content=\"Patr\u00edcia Prado\" \/>\n<meta name=\"twitter:card\" content=\"summary_large_image\" \/>\n<meta name=\"twitter:creator\" content=\"@RN_barretos\" \/>\n<meta name=\"twitter:site\" content=\"@RN_barretos\" \/>\n<meta name=\"twitter:label1\" content=\"Escrito por\" \/>\n\t<meta name=\"twitter:data1\" content=\"Patr\u00edcia Prado\" \/>\n\t<meta name=\"twitter:label2\" content=\"Est. tempo de leitura\" \/>\n\t<meta name=\"twitter:data2\" content=\"2 minutos\" \/>\n<script type=\"application\/ld+json\" class=\"yoast-schema-graph\">{\"@context\":\"https:\\\/\\\/schema.org\",\"@graph\":[{\"@type\":\"Article\",\"@id\":\"https:\\\/\\\/redenoticiaz.com.br\\\/ribeiraopreto-regiao\\\/sp\\\/2026\\\/09\\\/01\\\/tse-nega-pedido-para-remover-video-de-bolsonaro-gerado-por-ia#article\",\"isPartOf\":{\"@id\":\"https:\\\/\\\/redenoticiaz.com.br\\\/ribeiraopreto-regiao\\\/sp\\\/2026\\\/09\\\/01\\\/tse-nega-pedido-para-remover-video-de-bolsonaro-gerado-por-ia\"},\"author\":{\"name\":\"Patr\u00edcia Prado\",\"@id\":\"https:\\\/\\\/redenoticiaz.com.br\\\/ribeiraopreto-regiao\\\/#\\\/schema\\\/person\\\/e1b0bd8c2637e2c1b6ddcbc2c33b116f\"},\"headline\":\"TSE nega pedido para remover v\u00eddeo de Bolsonaro gerado por IA\",\"datePublished\":\"2026-09-02T01:35:55+00:00\",\"mainEntityOfPage\":{\"@id\":\"https:\\\/\\\/redenoticiaz.com.br\\\/ribeiraopreto-regiao\\\/sp\\\/2026\\\/09\\\/01\\\/tse-nega-pedido-para-remover-video-de-bolsonaro-gerado-por-ia\"},\"wordCount\":371,\"commentCount\":0,\"publisher\":{\"@id\":\"https:\\\/\\\/redenoticiaz.com.br\\\/ribeiraopreto-regiao\\\/#organization\"},\"image\":{\"@id\":\"https:\\\/\\\/redenoticiaz.com.br\\\/ribeiraopreto-regiao\\\/sp\\\/2026\\\/09\\\/01\\\/tse-nega-pedido-para-remover-video-de-bolsonaro-gerado-por-ia#primaryimage\"},\"thumbnailUrl\":\"https:\\\/\\\/redenoticiaz.com.br\\\/ribeiraopreto-regiao\\\/wp-content\\\/uploads\\\/sites\\\/4\\\/2026\\\/09\\\/predio-tse_mcamgo_abr_22062023-7.jpg\",\"articleSection\":[\"Elei\u00e7\u00f5es\",\"Justi\u00e7a\",\"Pol\u00edtica\",\"Tecnologia\"],\"inLanguage\":\"pt-BR\",\"potentialAction\":[{\"@type\":\"CommentAction\",\"name\":\"Comment\",\"target\":[\"https:\\\/\\\/redenoticiaz.com.br\\\/ribeiraopreto-regiao\\\/sp\\\/2026\\\/09\\\/01\\\/tse-nega-pedido-para-remover-video-de-bolsonaro-gerado-por-ia#respond\"]}]},{\"@type\":\"WebPage\",\"@id\":\"https:\\\/\\\/redenoticiaz.com.br\\\/ribeiraopreto-regiao\\\/sp\\\/2026\\\/09\\\/01\\\/tse-nega-pedido-para-remover-video-de-bolsonaro-gerado-por-ia\",\"url\":\"https:\\\/\\\/redenoticiaz.com.br\\\/ribeiraopreto-regiao\\\/sp\\\/2026\\\/09\\\/01\\\/tse-nega-pedido-para-remover-video-de-bolsonaro-gerado-por-ia\",\"name\":\"TSE nega pedido para remover v\u00eddeo de Bolsonaro gerado por IA - Ribeir\u00e3o Preto e Regi\u00e3o\",\"isPartOf\":{\"@id\":\"https:\\\/\\\/redenoticiaz.com.br\\\/ribeiraopreto-regiao\\\/#website\"},\"primaryImageOfPage\":{\"@id\":\"https:\\\/\\\/redenoticiaz.com.br\\\/ribeiraopreto-regiao\\\/sp\\\/2026\\\/09\\\/01\\\/tse-nega-pedido-para-remover-video-de-bolsonaro-gerado-por-ia#primaryimage\"},\"image\":{\"@id\":\"https:\\\/\\\/redenoticiaz.com.br\\\/ribeiraopreto-regiao\\\/sp\\\/2026\\\/09\\\/01\\\/tse-nega-pedido-para-remover-video-de-bolsonaro-gerado-por-ia#primaryimage\"},\"thumbnailUrl\":\"https:\\\/\\\/redenoticiaz.com.br\\\/ribeiraopreto-regiao\\\/wp-content\\\/uploads\\\/sites\\\/4\\\/2026\\\/09\\\/predio-tse_mcamgo_abr_22062023-7.jpg\",\"datePublished\":\"2026-09-02T01:35:55+00:00\",\"inLanguage\":\"pt-BR\",\"potentialAction\":[{\"@type\":\"ReadAction\",\"target\":[\"https:\\\/\\\/redenoticiaz.com.br\\\/ribeiraopreto-regiao\\\/sp\\\/2026\\\/09\\\/01\\\/tse-nega-pedido-para-remover-video-de-bolsonaro-gerado-por-ia\"]}]},{\"@type\":\"ImageObject\",\"inLanguage\":\"pt-BR\",\"@id\":\"https:\\\/\\\/redenoticiaz.com.br\\\/ribeiraopreto-regiao\\\/sp\\\/2026\\\/09\\\/01\\\/tse-nega-pedido-para-remover-video-de-bolsonaro-gerado-por-ia#primaryimage\",\"url\":\"https:\\\/\\\/redenoticiaz.com.br\\\/ribeiraopreto-regiao\\\/wp-content\\\/uploads\\\/sites\\\/4\\\/2026\\\/09\\\/predio-tse_mcamgo_abr_22062023-7.jpg\",\"contentUrl\":\"https:\\\/\\\/redenoticiaz.com.br\\\/ribeiraopreto-regiao\\\/wp-content\\\/uploads\\\/sites\\\/4\\\/2026\\\/09\\\/predio-tse_mcamgo_abr_22062023-7.jpg\",\"width\":1600,\"height\":800},{\"@type\":\"WebSite\",\"@id\":\"https:\\\/\\\/redenoticiaz.com.br\\\/ribeiraopreto-regiao\\\/#website\",\"url\":\"https:\\\/\\\/redenoticiaz.com.br\\\/ribeiraopreto-regiao\\\/\",\"name\":\"Ribeir\u00e3o Preto e Regi\u00e3o\",\"description\":\"Rede NoticiaZ - Ribeir\u00e3o Preto e regi\u00e3o\",\"publisher\":{\"@id\":\"https:\\\/\\\/redenoticiaz.com.br\\\/ribeiraopreto-regiao\\\/#organization\"},\"potentialAction\":[{\"@type\":\"SearchAction\",\"target\":{\"@type\":\"EntryPoint\",\"urlTemplate\":\"https:\\\/\\\/redenoticiaz.com.br\\\/ribeiraopreto-regiao\\\/?s={search_term_string}\"},\"query-input\":{\"@type\":\"PropertyValueSpecification\",\"valueRequired\":true,\"valueName\":\"search_term_string\"}}],\"inLanguage\":\"pt-BR\"},{\"@type\":\"Organization\",\"@id\":\"https:\\\/\\\/redenoticiaz.com.br\\\/ribeiraopreto-regiao\\\/#organization\",\"name\":\"Ribeir\u00e3o Preto e Regi\u00e3o\",\"url\":\"https:\\\/\\\/redenoticiaz.com.br\\\/ribeiraopreto-regiao\\\/\",\"logo\":{\"@type\":\"ImageObject\",\"inLanguage\":\"pt-BR\",\"@id\":\"https:\\\/\\\/redenoticiaz.com.br\\\/ribeiraopreto-regiao\\\/#\\\/schema\\\/logo\\\/image\\\/\",\"url\":\"https:\\\/\\\/redenoticiaz.com.br\\\/barretos-regiao\\\/wp-content\\\/uploads\\\/sites\\\/4\\\/2022\\\/02\\\/logo.jpg\",\"contentUrl\":\"https:\\\/\\\/redenoticiaz.com.br\\\/barretos-regiao\\\/wp-content\\\/uploads\\\/sites\\\/4\\\/2022\\\/02\\\/logo.jpg\",\"width\":400,\"height\":250,\"caption\":\"Ribeir\u00e3o Preto e Regi\u00e3o\"},\"image\":{\"@id\":\"https:\\\/\\\/redenoticiaz.com.br\\\/ribeiraopreto-regiao\\\/#\\\/schema\\\/logo\\\/image\\\/\"},\"sameAs\":[\"https:\\\/\\\/m.facebook.com\\\/redenoticiaz.barretos\",\"https:\\\/\\\/x.com\\\/RN_barretos\",\"https:\\\/\\\/www.instagram.com\\\/redenoticiaz.barretos\\\/?igshid=YmMyMTA2M2Y\",\"https:\\\/\\\/www.linkedin.com\\\/company\\\/rede-noticiaz-barretos-e-regio\\\/\"]},{\"@type\":\"Person\",\"@id\":\"https:\\\/\\\/redenoticiaz.com.br\\\/ribeiraopreto-regiao\\\/#\\\/schema\\\/person\\\/e1b0bd8c2637e2c1b6ddcbc2c33b116f\",\"name\":\"Patr\u00edcia Prado\",\"image\":{\"@type\":\"ImageObject\",\"inLanguage\":\"pt-BR\",\"@id\":\"https:\\\/\\\/secure.gravatar.com\\\/avatar\\\/92e358bef22cfcec15e054ae4d9fee04dadf0c772dc4a17b382b8a34a15354c2?s=96&d=mm&r=g\",\"url\":\"https:\\\/\\\/secure.gravatar.com\\\/avatar\\\/92e358bef22cfcec15e054ae4d9fee04dadf0c772dc4a17b382b8a34a15354c2?s=96&d=mm&r=g\",\"contentUrl\":\"https:\\\/\\\/secure.gravatar.com\\\/avatar\\\/92e358bef22cfcec15e054ae4d9fee04dadf0c772dc4a17b382b8a34a15354c2?s=96&d=mm&r=g\",\"caption\":\"Patr\u00edcia Prado\"},\"url\":\"https:\\\/\\\/redenoticiaz.com.br\\\/ribeiraopreto-regiao\\\/sp\\\/author\\\/patricia-prado\"}]}<\/script>\n<!-- \/ Yoast SEO plugin. -->","yoast_head_json":{"title":"TSE nega pedido para remover v\u00eddeo de Bolsonaro gerado por IA - Ribeir\u00e3o Preto e Regi\u00e3o","robots":{"index":"index","follow":"follow","max-snippet":"max-snippet:-1","max-image-preview":"max-image-preview:large","max-video-preview":"max-video-preview:-1"},"canonical":"https:\/\/redenoticiaz.com.br\/ribeiraopreto-regiao\/sp\/2026\/09\/01\/tse-nega-pedido-para-remover-video-de-bolsonaro-gerado-por-ia","og_locale":"pt_BR","og_type":"article","og_title":"TSE nega pedido para remover v\u00eddeo de Bolsonaro gerado por IA - Ribeir\u00e3o Preto e Regi\u00e3o","og_description":"O Tribunal Superior Eleitoral (TSE) rejeitou, nesta ter\u00e7a-feira (1\u00ba), uma a\u00e7\u00e3o do PT que questionava a divulga\u00e7\u00e3o de um v\u00eddeo do ex-presidente Jair Bolsonaro, gerado por intelig\u00eancia artificial. A decis\u00e3o ocorreu ap\u00f3s o candidato \u00e0 Presid\u00eancia Fl\u00e1vio Bolsonaro (PL) utilizar uma simula\u00e7\u00e3o de um discurso do pai, que se encontra em pris\u00e3o domiciliar, durante o &hellip;","og_url":"https:\/\/redenoticiaz.com.br\/ribeiraopreto-regiao\/sp\/2026\/09\/01\/tse-nega-pedido-para-remover-video-de-bolsonaro-gerado-por-ia","og_site_name":"Ribeir\u00e3o Preto e Regi\u00e3o","article_publisher":"https:\/\/m.facebook.com\/redenoticiaz.barretos","article_published_time":"2026-09-02T01:35:55+00:00","og_image":[{"width":400,"height":250,"url":"https:\/\/redenoticiaz.com.br\/ribeiraopreto-regiao\/wp-content\/uploads\/sites\/4\/2022\/02\/logo.jpg","type":"image\/jpeg"}],"author":"Patr\u00edcia Prado","twitter_card":"summary_large_image","twitter_creator":"@RN_barretos","twitter_site":"@RN_barretos","twitter_misc":{"Escrito por":"Patr\u00edcia Prado","Est. tempo de leitura":"2 minutos"},"schema":{"@context":"https:\/\/schema.org","@graph":[{"@type":"Article","@id":"https:\/\/redenoticiaz.com.br\/ribeiraopreto-regiao\/sp\/2026\/09\/01\/tse-nega-pedido-para-remover-video-de-bolsonaro-gerado-por-ia#article","isPartOf":{"@id":"https:\/\/redenoticiaz.com.br\/ribeiraopreto-regiao\/sp\/2026\/09\/01\/tse-nega-pedido-para-remover-video-de-bolsonaro-gerado-por-ia"},"author":{"name":"Patr\u00edcia Prado","@id":"https:\/\/redenoticiaz.com.br\/ribeiraopreto-regiao\/#\/schema\/person\/e1b0bd8c2637e2c1b6ddcbc2c33b116f"},"headline":"TSE nega pedido para remover v\u00eddeo de Bolsonaro gerado por IA","datePublished":"2026-09-02T01:35:55+00:00","mainEntityOfPage":{"@id":"https:\/\/redenoticiaz.com.br\/ribeiraopreto-regiao\/sp\/2026\/09\/01\/tse-nega-pedido-para-remover-video-de-bolsonaro-gerado-por-ia"},"wordCount":371,"commentCount":0,"publisher":{"@id":"https:\/\/redenoticiaz.com.br\/ribeiraopreto-regiao\/#organization"},"image":{"@id":"https:\/\/redenoticiaz.com.br\/ribeiraopreto-regiao\/sp\/2026\/09\/01\/tse-nega-pedido-para-remover-video-de-bolsonaro-gerado-por-ia#primaryimage"},"thumbnailUrl":"https:\/\/redenoticiaz.com.br\/ribeiraopreto-regiao\/wp-content\/uploads\/sites\/4\/2026\/09\/predio-tse_mcamgo_abr_22062023-7.jpg","articleSection":["Elei\u00e7\u00f5es","Justi\u00e7a","Pol\u00edtica","Tecnologia"],"inLanguage":"pt-BR","potentialAction":[{"@type":"CommentAction","name":"Comment","target":["https:\/\/redenoticiaz.com.br\/ribeiraopreto-regiao\/sp\/2026\/09\/01\/tse-nega-pedido-para-remover-video-de-bolsonaro-gerado-por-ia#respond"]}]},{"@type":"WebPage","@id":"https:\/\/redenoticiaz.com.br\/ribeiraopreto-regiao\/sp\/2026\/09\/01\/tse-nega-pedido-para-remover-video-de-bolsonaro-gerado-por-ia","url":"https:\/\/redenoticiaz.com.br\/ribeiraopreto-regiao\/sp\/2026\/09\/01\/tse-nega-pedido-para-remover-video-de-bolsonaro-gerado-por-ia","name":"TSE nega pedido para remover v\u00eddeo de Bolsonaro gerado por IA - Ribeir\u00e3o Preto e Regi\u00e3o","isPartOf":{"@id":"https:\/\/redenoticiaz.com.br\/ribeiraopreto-regiao\/#website"},"primaryImageOfPage":{"@id":"https:\/\/redenoticiaz.com.br\/ribeiraopreto-regiao\/sp\/2026\/09\/01\/tse-nega-pedido-para-remover-video-de-bolsonaro-gerado-por-ia#primaryimage"},"image":{"@id":"https:\/\/redenoticiaz.com.br\/ribeiraopreto-regiao\/sp\/2026\/09\/01\/tse-nega-pedido-para-remover-video-de-bolsonaro-gerado-por-ia#primaryimage"},"thumbnailUrl":"https:\/\/redenoticiaz.com.br\/ribeiraopreto-regiao\/wp-content\/uploads\/sites\/4\/2026\/09\/predio-tse_mcamgo_abr_22062023-7.jpg","datePublished":"2026-09-02T01:35:55+00:00","inLanguage":"pt-BR","potentialAction":[{"@type":"ReadAction","target":["https:\/\/redenoticiaz.com.br\/ribeiraopreto-regiao\/sp\/2026\/09\/01\/tse-nega-pedido-para-remover-video-de-bolsonaro-gerado-por-ia"]}]},{"@type":"ImageObject","inLanguage":"pt-BR","@id":"https:\/\/redenoticiaz.com.br\/ribeiraopreto-regiao\/sp\/2026\/09\/01\/tse-nega-pedido-para-remover-video-de-bolsonaro-gerado-por-ia#primaryimage","url":"https:\/\/redenoticiaz.com.br\/ribeiraopreto-regiao\/wp-content\/uploads\/sites\/4\/2026\/09\/predio-tse_mcamgo_abr_22062023-7.jpg","contentUrl":"https:\/\/redenoticiaz.com.br\/ribeiraopreto-regiao\/wp-content\/uploads\/sites\/4\/2026\/09\/predio-tse_mcamgo_abr_22062023-7.jpg","width":1600,"height":800},{"@type":"WebSite","@id":"https:\/\/redenoticiaz.com.br\/ribeiraopreto-regiao\/#website","url":"https:\/\/redenoticiaz.com.br\/ribeiraopreto-regiao\/","name":"Ribeir\u00e3o Preto e Regi\u00e3o","description":"Rede NoticiaZ - Ribeir\u00e3o Preto e regi\u00e3o","publisher":{"@id":"https:\/\/redenoticiaz.com.br\/ribeiraopreto-regiao\/#organization"},"potentialAction":[{"@type":"SearchAction","target":{"@type":"EntryPoint","urlTemplate":"https:\/\/redenoticiaz.com.br\/ribeiraopreto-regiao\/?s={search_term_string}"},"query-input":{"@type":"PropertyValueSpecification","valueRequired":true,"valueName":"search_term_string"}}],"inLanguage":"pt-BR"},{"@type":"Organization","@id":"https:\/\/redenoticiaz.com.br\/ribeiraopreto-regiao\/#organization","name":"Ribeir\u00e3o Preto e Regi\u00e3o","url":"https:\/\/redenoticiaz.com.br\/ribeiraopreto-regiao\/","logo":{"@type":"ImageObject","inLanguage":"pt-BR","@id":"https:\/\/redenoticiaz.com.br\/ribeiraopreto-regiao\/#\/schema\/logo\/image\/","url":"https:\/\/redenoticiaz.com.br\/barretos-regiao\/wp-content\/uploads\/sites\/4\/2022\/02\/logo.jpg","contentUrl":"https:\/\/redenoticiaz.com.br\/barretos-regiao\/wp-content\/uploads\/sites\/4\/2022\/02\/logo.jpg","width":400,"height":250,"caption":"Ribeir\u00e3o Preto e Regi\u00e3o"},"image":{"@id":"https:\/\/redenoticiaz.com.br\/ribeiraopreto-regiao\/#\/schema\/logo\/image\/"},"sameAs":["https:\/\/m.facebook.com\/redenoticiaz.barretos","https:\/\/x.com\/RN_barretos","https:\/\/www.instagram.com\/redenoticiaz.barretos\/?igshid=YmMyMTA2M2Y","https:\/\/www.linkedin.com\/company\/rede-noticiaz-barretos-e-regio\/"]},{"@type":"Person","@id":"https:\/\/redenoticiaz.com.br\/ribeiraopreto-regiao\/#\/schema\/person\/e1b0bd8c2637e2c1b6ddcbc2c33b116f","name":"Patr\u00edcia Prado","image":{"@type":"ImageObject","inLanguage":"pt-BR","@id":"https:\/\/secure.gravatar.com\/avatar\/92e358bef22cfcec15e054ae4d9fee04dadf0c772dc4a17b382b8a34a15354c2?s=96&d=mm&r=g","url":"https:\/\/secure.gravatar.com\/avatar\/92e358bef22cfcec15e054ae4d9fee04dadf0c772dc4a17b382b8a34a15354c2?s=96&d=mm&r=g","contentUrl":"https:\/\/secure.gravatar.com\/avatar\/92e358bef22cfcec15e054ae4d9fee04dadf0c772dc4a17b382b8a34a15354c2?s=96&d=mm&r=g","caption":"Patr\u00edcia Prado"},"url":"https:\/\/redenoticiaz.com.br\/ribeiraopreto-regiao\/sp\/author\/patricia-prado"}]}},"_links":{"self":[{"href":"https:\/\/redenoticiaz.com.br\/ribeiraopreto-regiao\/wp-json\/wp\/v2\/posts\/123057","targetHints":{"allow":["GET"]}}],"collection":[{"href":"https:\/\/redenoticiaz.com.br\/ribeiraopreto-regiao\/wp-json\/wp\/v2\/posts"}],"about":[{"href":"https:\/\/redenoticiaz.com.br\/ribeiraopreto-regiao\/wp-json\/wp\/v2\/types\/post"}],"author":[{"embeddable":true,"href":"https:\/\/redenoticiaz.com.br\/ribeiraopreto-regiao\/wp-json\/wp\/v2\/users\/5"}],"replies":[{"embeddable":true,"href":"https:\/\/redenoticiaz.com.br\/ribeiraopreto-regiao\/wp-json\/wp\/v2\/comments?post=123057"}],"version-history":[{"count":0,"href":"https:\/\/redenoticiaz.com.br\/ribeiraopreto-regiao\/wp-json\/wp\/v2\/posts\/123057\/revisions"}],"wp:featuredmedia":[{"embeddable":true,"href":"https:\/\/redenoticiaz.com.br\/ribeiraopreto-regiao\/wp-json\/wp\/v2\/media\/123058"}],"wp:attachment":[{"href":"https:\/\/redenoticiaz.com.br\/ribeiraopreto-regiao\/wp-json\/wp\/v2\/media?parent=123057"}],"wp:term":[{"taxonomy":"category","embeddable":true,"href":"https:\/\/redenoticiaz.com.br\/ribeiraopreto-regiao\/wp-json\/wp\/v2\/categories?post=123057"},{"taxonomy":"post_tag","embeddable":true,"href":"https:\/\/redenoticiaz.com.br\/ribeiraopreto-regiao\/wp-json\/wp\/v2\/tags?post=123057"}],"curies":[{"name":"wp","href":"https:\/\/api.w.org\/{rel}","templated":true}]}}