{"id":123059,"date":"2026-09-01T23:06:59","date_gmt":"2026-09-02T02:06:59","guid":{"rendered":"https:\/\/redenoticiaz.com.br\/ribeiraopreto-regiao\/sp\/2026\/09\/01\/senado-aprova-regime-tributario-para-incentivar-data-centers-no-brasil"},"modified":"2026-09-01T23:06:59","modified_gmt":"2026-09-02T02:06:59","slug":"senado-aprova-regime-tributario-para-incentivar-data-centers-no-brasil","status":"publish","type":"post","link":"https:\/\/redenoticiaz.com.br\/ribeiraopreto-regiao\/sp\/2026\/09\/01\/senado-aprova-regime-tributario-para-incentivar-data-centers-no-brasil","title":{"rendered":"Senado aprova regime tribut\u00e1rio para incentivar data centers no Brasil"},"content":{"rendered":"<p>O Senado Federal aprovou nesta ter\u00e7a-feira (1\u00ba) o Projeto de Lei (PL) 278\/2026, que estabelece um regime tribut\u00e1rio para estimular a instala\u00e7\u00e3o de data centers no Brasil. A proposta j\u00e1 havia recebido aprova\u00e7\u00e3o da C\u00e2mara dos Deputados e agora segue para san\u00e7\u00e3o presidencial.<\/p>\n<p>Os data centers s\u00e3o estruturas que abrigam computadores e servidores respons\u00e1veis por armazenar, processar e distribuir grandes volumes de dados e aplica\u00e7\u00f5es digitais. O PL substitui uma medida provis\u00f3ria que criava o Regime Especial para Servi\u00e7os de Data Center (Redata), a qual perdeu a validade em fevereiro.<\/p>\n<p>Relatado pelo senador Cid Gomes (PDT-CE), o texto prev\u00ea a isen\u00e7\u00e3o de impostos federais sobre a importa\u00e7\u00e3o de componentes eletr\u00f4nicos e tecnologia da informa\u00e7\u00e3o, como forma de incentivar a instala\u00e7\u00e3o desses equipamentos no pa\u00eds. &#8220;O Redata visa, fundamentalmente, desonerar a infraestrutura f\u00edsica necess\u00e1ria para o processamento de dados, armazenamento em nuvem e o treinamento de modelos de intelig\u00eancia artificial&#8221;, destacou o relator.<\/p>\n<p>Como contrapartida, as empresas que se beneficiarem da isen\u00e7\u00e3o dever\u00e3o utilizar energia de fonte limpa ou renov\u00e1vel e apresentar um \u00cdndice de Efici\u00eancia H\u00eddrica igual ou inferior a 0,05 litro\/kWh anualmente. Al\u00e9m disso, ser\u00e1 exigido que realizem investimentos no Brasil equivalentes a 2% do valor dos produtos adquiridos com o benef\u00edcio fiscal e reservem 10% dos servi\u00e7os dos data centers para o mercado interno.<\/p>\n<p>A previs\u00e3o do governo \u00e9 que as isen\u00e7\u00f5es possam gerar uma redu\u00e7\u00e3o de impostos de aproximadamente R$ 5,2 bilh\u00f5es ainda este ano e R$ 1 bilh\u00e3o em cada um dos dois anos seguintes, conforme o parecer do deputado Aguinaldo Ribeiro (PP-PB).<\/p>\n<p>Entidades da sociedade civil expressaram preocupa\u00e7\u00f5es sobre o projeto, afirmando que ele n\u00e3o foi suficientemente debatido para garantir o aumento da soberania digital do Brasil e a redu\u00e7\u00e3o da depend\u00eancia de tecnologias estrangeiras. As cr\u00edticas salientam que &#8220;soberania n\u00e3o se resume a instalar servidores em territ\u00f3rio nacional&#8221;, e destacam a import\u00e2ncia de capacidades tecnol\u00f3gicas, seguran\u00e7a de dados e prote\u00e7\u00e3o dos recursos naturais.<\/p>\n<p>A instala\u00e7\u00e3o de data centers \u00e9 especialmente relevante para plataformas digitais que utilizam esses equipamentos para processamento de intelig\u00eancia artificial e armazenamento de dados, embora enfrentem cr\u00edticas quanto ao alto consumo de energia e \u00e1gua.<\/p>\n","protected":false},"excerpt":{"rendered":"<p>O Senado Federal aprovou nesta ter\u00e7a-feira (1\u00ba) o Projeto de Lei (PL) 278\/2026, que estabelece um regime tribut\u00e1rio para estimular a instala\u00e7\u00e3o de data centers no Brasil. A proposta j\u00e1 havia recebido aprova\u00e7\u00e3o da C\u00e2mara dos Deputados e agora segue para san\u00e7\u00e3o presidencial. Os data centers s\u00e3o estruturas que abrigam computadores e servidores respons\u00e1veis por &hellip;<\/p>\n","protected":false},"author":5,"featured_media":123060,"comment_status":"open","ping_status":"closed","sticky":false,"template":"","format":"standard","meta":{"footnotes":""},"categories":[101,2920,186,1561],"tags":[],"class_list":["post-123059","post","type-post","status-publish","format-standard","has-post-thumbnail","hentry","category-economia","category-obras","category-politica","category-tecnologia"],"yoast_head":"<!-- This site is optimized with the Yoast SEO plugin v28.3 - https:\/\/yoast.com\/product\/yoast-seo-wordpress\/ -->\n<title>Senado aprova regime tribut\u00e1rio para incentivar data centers no Brasil - Ribeir\u00e3o Preto e Regi\u00e3o<\/title>\n<meta name=\"robots\" content=\"index, follow, max-snippet:-1, max-image-preview:large, max-video-preview:-1\" \/>\n<link rel=\"canonical\" href=\"https:\/\/redenoticiaz.com.br\/ribeiraopreto-regiao\/sp\/2026\/09\/01\/senado-aprova-regime-tributario-para-incentivar-data-centers-no-brasil\" \/>\n<meta property=\"og:locale\" content=\"pt_BR\" \/>\n<meta property=\"og:type\" content=\"article\" \/>\n<meta property=\"og:title\" content=\"Senado aprova regime tribut\u00e1rio para incentivar data centers no Brasil - Ribeir\u00e3o Preto e Regi\u00e3o\" \/>\n<meta property=\"og:description\" content=\"O Senado Federal aprovou nesta ter\u00e7a-feira (1\u00ba) o Projeto de Lei (PL) 278\/2026, que estabelece um regime tribut\u00e1rio para estimular a instala\u00e7\u00e3o de data centers no Brasil. A proposta j\u00e1 havia recebido aprova\u00e7\u00e3o da C\u00e2mara dos Deputados e agora segue para san\u00e7\u00e3o presidencial. Os data centers s\u00e3o estruturas que abrigam computadores e servidores respons\u00e1veis por &hellip;\" \/>\n<meta property=\"og:url\" content=\"https:\/\/redenoticiaz.com.br\/ribeiraopreto-regiao\/sp\/2026\/09\/01\/senado-aprova-regime-tributario-para-incentivar-data-centers-no-brasil\" \/>\n<meta property=\"og:site_name\" content=\"Ribeir\u00e3o Preto e Regi\u00e3o\" \/>\n<meta property=\"article:publisher\" content=\"https:\/\/m.facebook.com\/redenoticiaz.barretos\" \/>\n<meta property=\"article:published_time\" content=\"2026-09-02T02:06:59+00:00\" \/>\n<meta property=\"og:image\" content=\"https:\/\/redenoticiaz.com.br\/ribeiraopreto-regiao\/wp-content\/uploads\/sites\/4\/2022\/02\/logo.jpg\" \/>\n\t<meta property=\"og:image:width\" content=\"400\" \/>\n\t<meta property=\"og:image:height\" content=\"250\" \/>\n\t<meta property=\"og:image:type\" content=\"image\/jpeg\" \/>\n<meta name=\"author\" content=\"Patr\u00edcia Prado\" \/>\n<meta name=\"twitter:card\" content=\"summary_large_image\" \/>\n<meta name=\"twitter:creator\" content=\"@RN_barretos\" \/>\n<meta name=\"twitter:site\" content=\"@RN_barretos\" \/>\n<meta name=\"twitter:label1\" content=\"Escrito por\" \/>\n\t<meta name=\"twitter:data1\" content=\"Patr\u00edcia Prado\" \/>\n\t<meta name=\"twitter:label2\" content=\"Est. tempo de leitura\" \/>\n\t<meta name=\"twitter:data2\" content=\"2 minutos\" \/>\n<script type=\"application\/ld+json\" class=\"yoast-schema-graph\">{\"@context\":\"https:\\\/\\\/schema.org\",\"@graph\":[{\"@type\":\"Article\",\"@id\":\"https:\\\/\\\/redenoticiaz.com.br\\\/ribeiraopreto-regiao\\\/sp\\\/2026\\\/09\\\/01\\\/senado-aprova-regime-tributario-para-incentivar-data-centers-no-brasil#article\",\"isPartOf\":{\"@id\":\"https:\\\/\\\/redenoticiaz.com.br\\\/ribeiraopreto-regiao\\\/sp\\\/2026\\\/09\\\/01\\\/senado-aprova-regime-tributario-para-incentivar-data-centers-no-brasil\"},\"author\":{\"name\":\"Patr\u00edcia Prado\",\"@id\":\"https:\\\/\\\/redenoticiaz.com.br\\\/ribeiraopreto-regiao\\\/#\\\/schema\\\/person\\\/e1b0bd8c2637e2c1b6ddcbc2c33b116f\"},\"headline\":\"Senado aprova regime tribut\u00e1rio para incentivar data centers no Brasil\",\"datePublished\":\"2026-09-02T02:06:59+00:00\",\"mainEntityOfPage\":{\"@id\":\"https:\\\/\\\/redenoticiaz.com.br\\\/ribeiraopreto-regiao\\\/sp\\\/2026\\\/09\\\/01\\\/senado-aprova-regime-tributario-para-incentivar-data-centers-no-brasil\"},\"wordCount\":404,\"commentCount\":0,\"publisher\":{\"@id\":\"https:\\\/\\\/redenoticiaz.com.br\\\/ribeiraopreto-regiao\\\/#organization\"},\"image\":{\"@id\":\"https:\\\/\\\/redenoticiaz.com.br\\\/ribeiraopreto-regiao\\\/sp\\\/2026\\\/09\\\/01\\\/senado-aprova-regime-tributario-para-incentivar-data-centers-no-brasil#primaryimage\"},\"thumbnailUrl\":\"https:\\\/\\\/redenoticiaz.com.br\\\/ribeiraopreto-regiao\\\/wp-content\\\/uploads\\\/sites\\\/4\\\/2026\\\/09\\\/1788314820_image-1200-7b1750e9ddf236b8ed5b32b5197a5316.jpeg\",\"articleSection\":[\"Economia\",\"Obras\",\"Pol\u00edtica\",\"Tecnologia\"],\"inLanguage\":\"pt-BR\",\"potentialAction\":[{\"@type\":\"CommentAction\",\"name\":\"Comment\",\"target\":[\"https:\\\/\\\/redenoticiaz.com.br\\\/ribeiraopreto-regiao\\\/sp\\\/2026\\\/09\\\/01\\\/senado-aprova-regime-tributario-para-incentivar-data-centers-no-brasil#respond\"]}]},{\"@type\":\"WebPage\",\"@id\":\"https:\\\/\\\/redenoticiaz.com.br\\\/ribeiraopreto-regiao\\\/sp\\\/2026\\\/09\\\/01\\\/senado-aprova-regime-tributario-para-incentivar-data-centers-no-brasil\",\"url\":\"https:\\\/\\\/redenoticiaz.com.br\\\/ribeiraopreto-regiao\\\/sp\\\/2026\\\/09\\\/01\\\/senado-aprova-regime-tributario-para-incentivar-data-centers-no-brasil\",\"name\":\"Senado aprova regime tribut\u00e1rio para incentivar data centers no Brasil - Ribeir\u00e3o Preto e Regi\u00e3o\",\"isPartOf\":{\"@id\":\"https:\\\/\\\/redenoticiaz.com.br\\\/ribeiraopreto-regiao\\\/#website\"},\"primaryImageOfPage\":{\"@id\":\"https:\\\/\\\/redenoticiaz.com.br\\\/ribeiraopreto-regiao\\\/sp\\\/2026\\\/09\\\/01\\\/senado-aprova-regime-tributario-para-incentivar-data-centers-no-brasil#primaryimage\"},\"image\":{\"@id\":\"https:\\\/\\\/redenoticiaz.com.br\\\/ribeiraopreto-regiao\\\/sp\\\/2026\\\/09\\\/01\\\/senado-aprova-regime-tributario-para-incentivar-data-centers-no-brasil#primaryimage\"},\"thumbnailUrl\":\"https:\\\/\\\/redenoticiaz.com.br\\\/ribeiraopreto-regiao\\\/wp-content\\\/uploads\\\/sites\\\/4\\\/2026\\\/09\\\/1788314820_image-1200-7b1750e9ddf236b8ed5b32b5197a5316.jpeg\",\"datePublished\":\"2026-09-02T02:06:59+00:00\",\"inLanguage\":\"pt-BR\",\"potentialAction\":[{\"@type\":\"ReadAction\",\"target\":[\"https:\\\/\\\/redenoticiaz.com.br\\\/ribeiraopreto-regiao\\\/sp\\\/2026\\\/09\\\/01\\\/senado-aprova-regime-tributario-para-incentivar-data-centers-no-brasil\"]}]},{\"@type\":\"ImageObject\",\"inLanguage\":\"pt-BR\",\"@id\":\"https:\\\/\\\/redenoticiaz.com.br\\\/ribeiraopreto-regiao\\\/sp\\\/2026\\\/09\\\/01\\\/senado-aprova-regime-tributario-para-incentivar-data-centers-no-brasil#primaryimage\",\"url\":\"https:\\\/\\\/redenoticiaz.com.br\\\/ribeiraopreto-regiao\\\/wp-content\\\/uploads\\\/sites\\\/4\\\/2026\\\/09\\\/1788314820_image-1200-7b1750e9ddf236b8ed5b32b5197a5316.jpeg\",\"contentUrl\":\"https:\\\/\\\/redenoticiaz.com.br\\\/ribeiraopreto-regiao\\\/wp-content\\\/uploads\\\/sites\\\/4\\\/2026\\\/09\\\/1788314820_image-1200-7b1750e9ddf236b8ed5b32b5197a5316.jpeg\",\"width\":1600,\"height\":800},{\"@type\":\"WebSite\",\"@id\":\"https:\\\/\\\/redenoticiaz.com.br\\\/ribeiraopreto-regiao\\\/#website\",\"url\":\"https:\\\/\\\/redenoticiaz.com.br\\\/ribeiraopreto-regiao\\\/\",\"name\":\"Ribeir\u00e3o Preto e Regi\u00e3o\",\"description\":\"Rede NoticiaZ - Ribeir\u00e3o Preto e regi\u00e3o\",\"publisher\":{\"@id\":\"https:\\\/\\\/redenoticiaz.com.br\\\/ribeiraopreto-regiao\\\/#organization\"},\"potentialAction\":[{\"@type\":\"SearchAction\",\"target\":{\"@type\":\"EntryPoint\",\"urlTemplate\":\"https:\\\/\\\/redenoticiaz.com.br\\\/ribeiraopreto-regiao\\\/?s={search_term_string}\"},\"query-input\":{\"@type\":\"PropertyValueSpecification\",\"valueRequired\":true,\"valueName\":\"search_term_string\"}}],\"inLanguage\":\"pt-BR\"},{\"@type\":\"Organization\",\"@id\":\"https:\\\/\\\/redenoticiaz.com.br\\\/ribeiraopreto-regiao\\\/#organization\",\"name\":\"Ribeir\u00e3o Preto e Regi\u00e3o\",\"url\":\"https:\\\/\\\/redenoticiaz.com.br\\\/ribeiraopreto-regiao\\\/\",\"logo\":{\"@type\":\"ImageObject\",\"inLanguage\":\"pt-BR\",\"@id\":\"https:\\\/\\\/redenoticiaz.com.br\\\/ribeiraopreto-regiao\\\/#\\\/schema\\\/logo\\\/image\\\/\",\"url\":\"https:\\\/\\\/redenoticiaz.com.br\\\/barretos-regiao\\\/wp-content\\\/uploads\\\/sites\\\/4\\\/2022\\\/02\\\/logo.jpg\",\"contentUrl\":\"https:\\\/\\\/redenoticiaz.com.br\\\/barretos-regiao\\\/wp-content\\\/uploads\\\/sites\\\/4\\\/2022\\\/02\\\/logo.jpg\",\"width\":400,\"height\":250,\"caption\":\"Ribeir\u00e3o Preto e Regi\u00e3o\"},\"image\":{\"@id\":\"https:\\\/\\\/redenoticiaz.com.br\\\/ribeiraopreto-regiao\\\/#\\\/schema\\\/logo\\\/image\\\/\"},\"sameAs\":[\"https:\\\/\\\/m.facebook.com\\\/redenoticiaz.barretos\",\"https:\\\/\\\/x.com\\\/RN_barretos\",\"https:\\\/\\\/www.instagram.com\\\/redenoticiaz.barretos\\\/?igshid=YmMyMTA2M2Y\",\"https:\\\/\\\/www.linkedin.com\\\/company\\\/rede-noticiaz-barretos-e-regio\\\/\"]},{\"@type\":\"Person\",\"@id\":\"https:\\\/\\\/redenoticiaz.com.br\\\/ribeiraopreto-regiao\\\/#\\\/schema\\\/person\\\/e1b0bd8c2637e2c1b6ddcbc2c33b116f\",\"name\":\"Patr\u00edcia Prado\",\"image\":{\"@type\":\"ImageObject\",\"inLanguage\":\"pt-BR\",\"@id\":\"https:\\\/\\\/secure.gravatar.com\\\/avatar\\\/92e358bef22cfcec15e054ae4d9fee04dadf0c772dc4a17b382b8a34a15354c2?s=96&d=mm&r=g\",\"url\":\"https:\\\/\\\/secure.gravatar.com\\\/avatar\\\/92e358bef22cfcec15e054ae4d9fee04dadf0c772dc4a17b382b8a34a15354c2?s=96&d=mm&r=g\",\"contentUrl\":\"https:\\\/\\\/secure.gravatar.com\\\/avatar\\\/92e358bef22cfcec15e054ae4d9fee04dadf0c772dc4a17b382b8a34a15354c2?s=96&d=mm&r=g\",\"caption\":\"Patr\u00edcia Prado\"},\"url\":\"https:\\\/\\\/redenoticiaz.com.br\\\/ribeiraopreto-regiao\\\/sp\\\/author\\\/patricia-prado\"}]}<\/script>\n<!-- \/ Yoast SEO plugin. -->","yoast_head_json":{"title":"Senado aprova regime tribut\u00e1rio para incentivar data centers no Brasil - Ribeir\u00e3o Preto e Regi\u00e3o","robots":{"index":"index","follow":"follow","max-snippet":"max-snippet:-1","max-image-preview":"max-image-preview:large","max-video-preview":"max-video-preview:-1"},"canonical":"https:\/\/redenoticiaz.com.br\/ribeiraopreto-regiao\/sp\/2026\/09\/01\/senado-aprova-regime-tributario-para-incentivar-data-centers-no-brasil","og_locale":"pt_BR","og_type":"article","og_title":"Senado aprova regime tribut\u00e1rio para incentivar data centers no Brasil - Ribeir\u00e3o Preto e Regi\u00e3o","og_description":"O Senado Federal aprovou nesta ter\u00e7a-feira (1\u00ba) o Projeto de Lei (PL) 278\/2026, que estabelece um regime tribut\u00e1rio para estimular a instala\u00e7\u00e3o de data centers no Brasil. A proposta j\u00e1 havia recebido aprova\u00e7\u00e3o da C\u00e2mara dos Deputados e agora segue para san\u00e7\u00e3o presidencial. Os data centers s\u00e3o estruturas que abrigam computadores e servidores respons\u00e1veis por &hellip;","og_url":"https:\/\/redenoticiaz.com.br\/ribeiraopreto-regiao\/sp\/2026\/09\/01\/senado-aprova-regime-tributario-para-incentivar-data-centers-no-brasil","og_site_name":"Ribeir\u00e3o Preto e Regi\u00e3o","article_publisher":"https:\/\/m.facebook.com\/redenoticiaz.barretos","article_published_time":"2026-09-02T02:06:59+00:00","og_image":[{"width":400,"height":250,"url":"https:\/\/redenoticiaz.com.br\/ribeiraopreto-regiao\/wp-content\/uploads\/sites\/4\/2022\/02\/logo.jpg","type":"image\/jpeg"}],"author":"Patr\u00edcia Prado","twitter_card":"summary_large_image","twitter_creator":"@RN_barretos","twitter_site":"@RN_barretos","twitter_misc":{"Escrito por":"Patr\u00edcia Prado","Est. tempo de leitura":"2 minutos"},"schema":{"@context":"https:\/\/schema.org","@graph":[{"@type":"Article","@id":"https:\/\/redenoticiaz.com.br\/ribeiraopreto-regiao\/sp\/2026\/09\/01\/senado-aprova-regime-tributario-para-incentivar-data-centers-no-brasil#article","isPartOf":{"@id":"https:\/\/redenoticiaz.com.br\/ribeiraopreto-regiao\/sp\/2026\/09\/01\/senado-aprova-regime-tributario-para-incentivar-data-centers-no-brasil"},"author":{"name":"Patr\u00edcia Prado","@id":"https:\/\/redenoticiaz.com.br\/ribeiraopreto-regiao\/#\/schema\/person\/e1b0bd8c2637e2c1b6ddcbc2c33b116f"},"headline":"Senado aprova regime tribut\u00e1rio para incentivar data centers no Brasil","datePublished":"2026-09-02T02:06:59+00:00","mainEntityOfPage":{"@id":"https:\/\/redenoticiaz.com.br\/ribeiraopreto-regiao\/sp\/2026\/09\/01\/senado-aprova-regime-tributario-para-incentivar-data-centers-no-brasil"},"wordCount":404,"commentCount":0,"publisher":{"@id":"https:\/\/redenoticiaz.com.br\/ribeiraopreto-regiao\/#organization"},"image":{"@id":"https:\/\/redenoticiaz.com.br\/ribeiraopreto-regiao\/sp\/2026\/09\/01\/senado-aprova-regime-tributario-para-incentivar-data-centers-no-brasil#primaryimage"},"thumbnailUrl":"https:\/\/redenoticiaz.com.br\/ribeiraopreto-regiao\/wp-content\/uploads\/sites\/4\/2026\/09\/1788314820_image-1200-7b1750e9ddf236b8ed5b32b5197a5316.jpeg","articleSection":["Economia","Obras","Pol\u00edtica","Tecnologia"],"inLanguage":"pt-BR","potentialAction":[{"@type":"CommentAction","name":"Comment","target":["https:\/\/redenoticiaz.com.br\/ribeiraopreto-regiao\/sp\/2026\/09\/01\/senado-aprova-regime-tributario-para-incentivar-data-centers-no-brasil#respond"]}]},{"@type":"WebPage","@id":"https:\/\/redenoticiaz.com.br\/ribeiraopreto-regiao\/sp\/2026\/09\/01\/senado-aprova-regime-tributario-para-incentivar-data-centers-no-brasil","url":"https:\/\/redenoticiaz.com.br\/ribeiraopreto-regiao\/sp\/2026\/09\/01\/senado-aprova-regime-tributario-para-incentivar-data-centers-no-brasil","name":"Senado aprova regime tribut\u00e1rio para incentivar data centers no Brasil - Ribeir\u00e3o Preto e Regi\u00e3o","isPartOf":{"@id":"https:\/\/redenoticiaz.com.br\/ribeiraopreto-regiao\/#website"},"primaryImageOfPage":{"@id":"https:\/\/redenoticiaz.com.br\/ribeiraopreto-regiao\/sp\/2026\/09\/01\/senado-aprova-regime-tributario-para-incentivar-data-centers-no-brasil#primaryimage"},"image":{"@id":"https:\/\/redenoticiaz.com.br\/ribeiraopreto-regiao\/sp\/2026\/09\/01\/senado-aprova-regime-tributario-para-incentivar-data-centers-no-brasil#primaryimage"},"thumbnailUrl":"https:\/\/redenoticiaz.com.br\/ribeiraopreto-regiao\/wp-content\/uploads\/sites\/4\/2026\/09\/1788314820_image-1200-7b1750e9ddf236b8ed5b32b5197a5316.jpeg","datePublished":"2026-09-02T02:06:59+00:00","inLanguage":"pt-BR","potentialAction":[{"@type":"ReadAction","target":["https:\/\/redenoticiaz.com.br\/ribeiraopreto-regiao\/sp\/2026\/09\/01\/senado-aprova-regime-tributario-para-incentivar-data-centers-no-brasil"]}]},{"@type":"ImageObject","inLanguage":"pt-BR","@id":"https:\/\/redenoticiaz.com.br\/ribeiraopreto-regiao\/sp\/2026\/09\/01\/senado-aprova-regime-tributario-para-incentivar-data-centers-no-brasil#primaryimage","url":"https:\/\/redenoticiaz.com.br\/ribeiraopreto-regiao\/wp-content\/uploads\/sites\/4\/2026\/09\/1788314820_image-1200-7b1750e9ddf236b8ed5b32b5197a5316.jpeg","contentUrl":"https:\/\/redenoticiaz.com.br\/ribeiraopreto-regiao\/wp-content\/uploads\/sites\/4\/2026\/09\/1788314820_image-1200-7b1750e9ddf236b8ed5b32b5197a5316.jpeg","width":1600,"height":800},{"@type":"WebSite","@id":"https:\/\/redenoticiaz.com.br\/ribeiraopreto-regiao\/#website","url":"https:\/\/redenoticiaz.com.br\/ribeiraopreto-regiao\/","name":"Ribeir\u00e3o Preto e Regi\u00e3o","description":"Rede NoticiaZ - Ribeir\u00e3o Preto e regi\u00e3o","publisher":{"@id":"https:\/\/redenoticiaz.com.br\/ribeiraopreto-regiao\/#organization"},"potentialAction":[{"@type":"SearchAction","target":{"@type":"EntryPoint","urlTemplate":"https:\/\/redenoticiaz.com.br\/ribeiraopreto-regiao\/?s={search_term_string}"},"query-input":{"@type":"PropertyValueSpecification","valueRequired":true,"valueName":"search_term_string"}}],"inLanguage":"pt-BR"},{"@type":"Organization","@id":"https:\/\/redenoticiaz.com.br\/ribeiraopreto-regiao\/#organization","name":"Ribeir\u00e3o Preto e Regi\u00e3o","url":"https:\/\/redenoticiaz.com.br\/ribeiraopreto-regiao\/","logo":{"@type":"ImageObject","inLanguage":"pt-BR","@id":"https:\/\/redenoticiaz.com.br\/ribeiraopreto-regiao\/#\/schema\/logo\/image\/","url":"https:\/\/redenoticiaz.com.br\/barretos-regiao\/wp-content\/uploads\/sites\/4\/2022\/02\/logo.jpg","contentUrl":"https:\/\/redenoticiaz.com.br\/barretos-regiao\/wp-content\/uploads\/sites\/4\/2022\/02\/logo.jpg","width":400,"height":250,"caption":"Ribeir\u00e3o Preto e Regi\u00e3o"},"image":{"@id":"https:\/\/redenoticiaz.com.br\/ribeiraopreto-regiao\/#\/schema\/logo\/image\/"},"sameAs":["https:\/\/m.facebook.com\/redenoticiaz.barretos","https:\/\/x.com\/RN_barretos","https:\/\/www.instagram.com\/redenoticiaz.barretos\/?igshid=YmMyMTA2M2Y","https:\/\/www.linkedin.com\/company\/rede-noticiaz-barretos-e-regio\/"]},{"@type":"Person","@id":"https:\/\/redenoticiaz.com.br\/ribeiraopreto-regiao\/#\/schema\/person\/e1b0bd8c2637e2c1b6ddcbc2c33b116f","name":"Patr\u00edcia Prado","image":{"@type":"ImageObject","inLanguage":"pt-BR","@id":"https:\/\/secure.gravatar.com\/avatar\/92e358bef22cfcec15e054ae4d9fee04dadf0c772dc4a17b382b8a34a15354c2?s=96&d=mm&r=g","url":"https:\/\/secure.gravatar.com\/avatar\/92e358bef22cfcec15e054ae4d9fee04dadf0c772dc4a17b382b8a34a15354c2?s=96&d=mm&r=g","contentUrl":"https:\/\/secure.gravatar.com\/avatar\/92e358bef22cfcec15e054ae4d9fee04dadf0c772dc4a17b382b8a34a15354c2?s=96&d=mm&r=g","caption":"Patr\u00edcia Prado"},"url":"https:\/\/redenoticiaz.com.br\/ribeiraopreto-regiao\/sp\/author\/patricia-prado"}]}},"_links":{"self":[{"href":"https:\/\/redenoticiaz.com.br\/ribeiraopreto-regiao\/wp-json\/wp\/v2\/posts\/123059","targetHints":{"allow":["GET"]}}],"collection":[{"href":"https:\/\/redenoticiaz.com.br\/ribeiraopreto-regiao\/wp-json\/wp\/v2\/posts"}],"about":[{"href":"https:\/\/redenoticiaz.com.br\/ribeiraopreto-regiao\/wp-json\/wp\/v2\/types\/post"}],"author":[{"embeddable":true,"href":"https:\/\/redenoticiaz.com.br\/ribeiraopreto-regiao\/wp-json\/wp\/v2\/users\/5"}],"replies":[{"embeddable":true,"href":"https:\/\/redenoticiaz.com.br\/ribeiraopreto-regiao\/wp-json\/wp\/v2\/comments?post=123059"}],"version-history":[{"count":0,"href":"https:\/\/redenoticiaz.com.br\/ribeiraopreto-regiao\/wp-json\/wp\/v2\/posts\/123059\/revisions"}],"wp:featuredmedia":[{"embeddable":true,"href":"https:\/\/redenoticiaz.com.br\/ribeiraopreto-regiao\/wp-json\/wp\/v2\/media\/123060"}],"wp:attachment":[{"href":"https:\/\/redenoticiaz.com.br\/ribeiraopreto-regiao\/wp-json\/wp\/v2\/media?parent=123059"}],"wp:term":[{"taxonomy":"category","embeddable":true,"href":"https:\/\/redenoticiaz.com.br\/ribeiraopreto-regiao\/wp-json\/wp\/v2\/categories?post=123059"},{"taxonomy":"post_tag","embeddable":true,"href":"https:\/\/redenoticiaz.com.br\/ribeiraopreto-regiao\/wp-json\/wp\/v2\/tags?post=123059"}],"curies":[{"name":"wp","href":"https:\/\/api.w.org\/{rel}","templated":true}]}}