{"id":123061,"date":"2026-09-01T23:25:56","date_gmt":"2026-09-02T02:25:56","guid":{"rendered":"https:\/\/redenoticiaz.com.br\/ribeiraopreto-regiao\/sp\/2026\/09\/01\/sertaozinho-premia-sete-alunos-em-evento-sobre-trabalho-infantil"},"modified":"2026-09-01T23:25:56","modified_gmt":"2026-09-02T02:25:56","slug":"sertaozinho-premia-sete-alunos-em-evento-sobre-trabalho-infantil","status":"publish","type":"post","link":"https:\/\/redenoticiaz.com.br\/ribeiraopreto-regiao\/sp\/2026\/09\/01\/sertaozinho-premia-sete-alunos-em-evento-sobre-trabalho-infantil","title":{"rendered":"Sert\u00e3ozinho premia sete alunos em evento sobre trabalho infantil"},"content":{"rendered":"<p>Sete estudantes da rede municipal da Est\u00e2ncia Tur\u00edstica de Sert\u00e3ozinho foram premiados no 1\u00ba Encontro Formativo \u2013 Minist\u00e9rio P\u00fablico do Trabalho (MPT) na Escola 2026, ocorrido nesta quarta-feira, 12 de agosto, no audit\u00f3rio \u201cAmab\u00edlia Servilha Martins\u201d, no Centro de Capacita\u00e7\u00e3o dos Profissionais da Educa\u00e7\u00e3o \u201cDiva Terezinha Perticarrari\u201d. Durante o evento, uma palestra e um debate abordaram o trabalho infantil.<\/p>\n<p>O encontro integra o projeto \u201cResgate \u00e0 Inf\u00e2ncia\u201d, uma iniciativa nacional do MPT para erradicar o trabalho infantil no Brasil e promover a forma\u00e7\u00e3o e inser\u00e7\u00e3o profissional de adolescentes no mercado de trabalho.<\/p>\n<p>Estiveram presentes a Secret\u00e1ria de Assist\u00eancia Social e Direitos Humanos, Tatiane Guidoni Gimenez, que tamb\u00e9m \u00e9 presidente do Fundo Social e primeira-dama de Sert\u00e3ozinho, al\u00e9m do vereador Juan Bertuso e representantes do Judici\u00e1rio, do Minist\u00e9rio P\u00fablico, e de entidades e empresas envolvidas na causa.<\/p>\n<p>Os alunos vencedores do Concurso Cultural MPT na Escola receberam medalhas das m\u00e3os da primeira-dama. Tatiane destacou a import\u00e2ncia de fortalecer os v\u00ednculos dos jovens com a sociedade por meio da educa\u00e7\u00e3o, afirmando: \u201cAmanh\u00e3 eles estar\u00e3o no nosso lugar.\u201d<\/p>\n<p>A lista dos premiados \u00e9 a seguinte:<\/p>\n<p><strong>EMEF \u201cElydia Carneiro da Rocha\u201d<\/strong><\/p>\n<p>Daniel Mighel Santos Couto, 5\u00ba ano \u2013 Desenho<\/p>\n<p>J\u00falia Carlina Bezerra Neves, 5\u00ba ano \u2013 Desenho<\/p>\n<p>Prof\u00aa Andreia Aparecida Stoppa da Costa Ramos<\/p>\n<p>Filipe Magnaz Borges, 4\u00ba ano \u2013 Conto<\/p>\n<p>Prof\u00aa Elizangela Cristina Cearense Paiva e Prof\u00aa Priscila da Silva Elias<\/p>\n<p><strong>EMEF \u201cAngelo Colafemina\u201d<\/strong><\/p>\n<p>Felipe Funichello, 4\u00ba ano \u2013 Poesia<\/p>\n<p>Prof\u00aa Rosa de Sousa Pagani<\/p>\n<p><strong>EMEF \u201cProf\u00aa Marilena Arantes Meneghini\u201d<\/strong><\/p>\n<p>Victor Leonardo Fernandes Oliveira, 8\u00ba ano \u2013 Desenho<\/p>\n<p>Prof\u00aa Zildete Rodrigues Guimar\u00e3es<\/p>\n<p><strong>EMEF \u201cRaul do Prado Vianna\u201d<\/strong><\/p>\n<p>Ester Gabrielle Felipe da Silva, 8\u00ba ano \u2013 Conto<\/p>\n<p>Prof\u00aa Vanessa Camila Lanezo Bernazan<\/p>\n<p><strong>EMEF \u201cProf. Ant\u00f4nio Cristino Cabral\u201d<\/strong><\/p>\n<p>Maria J\u00falia Rissati Ferreira, 9\u00ba \u2013 Poesia<\/p>\n<p>Prof\u00aa Selam de Sousa Ferreira Ara\u00fajo<\/p>\n<p>Antes da entrega dos pr\u00eamios, a procuradora do MPT, Cinthia Passari Von Ammon, e o juiz do Juizado Especial da Inf\u00e2ncia e Adolesc\u00eancia, F\u00e1bio Natali Costa, abordaram o trabalho infantil, ressaltando o papel crucial da educa\u00e7\u00e3o e dos professores na luta contra essa problem\u00e1tica. \u201cQuando a crian\u00e7a precisa trabalhar, \u00e9 porque toda a fam\u00edlia est\u00e1 desestruturada\u201d, reafirmou a procuradora, destacando a escola como portal da rede de prote\u00e7\u00e3o. O juiz acrescentou que os professores devem estar atentos a sinais de dificuldades que os alunos possam demonstrar.<\/p>\n<p>O evento tamb\u00e9m contou com uma Mesa de Di\u00e1logo que discutiu a \u201cAprendizagem Profissional e Prote\u00e7\u00e3o da Adolesc\u00eancia\u201d, focando nos desafios da inser\u00e7\u00e3o de jovens no mercado de trabalho por meio do Programa Jovem Aprendiz e iniciativas semelhantes. Participaram do debate consultores e representantes de diversas institui\u00e7\u00f5es relacionadas ao tema.<\/p>\n","protected":false},"excerpt":{"rendered":"<p>Sete estudantes da rede municipal da Est\u00e2ncia Tur\u00edstica de Sert\u00e3ozinho foram premiados no 1\u00ba Encontro Formativo \u2013 Minist\u00e9rio P\u00fablico do Trabalho (MPT) na Escola 2026, ocorrido nesta quarta-feira, 12 de agosto, no audit\u00f3rio \u201cAmab\u00edlia Servilha Martins\u201d, no Centro de Capacita\u00e7\u00e3o dos Profissionais da Educa\u00e7\u00e3o \u201cDiva Terezinha Perticarrari\u201d. Durante o evento, uma palestra e um debate &hellip;<\/p>\n","protected":false},"author":5,"featured_media":123062,"comment_status":"open","ping_status":"closed","sticky":false,"template":"","format":"standard","meta":{"footnotes":""},"categories":[252,469,67,101,820,29902,683,186,31923],"tags":[],"class_list":["post-123061","post","type-post","status-publish","format-standard","has-post-thumbnail","hentry","category-acao-social","category-cultura","category-direitos-humanos","category-economia","category-educacao","category-emprego","category-justica","category-politica","category-sertaozinho"],"yoast_head":"<!-- This site is optimized with the Yoast SEO plugin v28.3 - https:\/\/yoast.com\/product\/yoast-seo-wordpress\/ -->\n<title>Sert\u00e3ozinho premia sete alunos em evento sobre trabalho infantil - Ribeir\u00e3o Preto e Regi\u00e3o<\/title>\n<meta name=\"robots\" content=\"index, follow, max-snippet:-1, max-image-preview:large, max-video-preview:-1\" \/>\n<link rel=\"canonical\" href=\"https:\/\/redenoticiaz.com.br\/ribeiraopreto-regiao\/sp\/2026\/09\/01\/sertaozinho-premia-sete-alunos-em-evento-sobre-trabalho-infantil\" \/>\n<meta property=\"og:locale\" content=\"pt_BR\" \/>\n<meta property=\"og:type\" content=\"article\" \/>\n<meta property=\"og:title\" content=\"Sert\u00e3ozinho premia sete alunos em evento sobre trabalho infantil - Ribeir\u00e3o Preto e Regi\u00e3o\" \/>\n<meta property=\"og:description\" content=\"Sete estudantes da rede municipal da Est\u00e2ncia Tur\u00edstica de Sert\u00e3ozinho foram premiados no 1\u00ba Encontro Formativo \u2013 Minist\u00e9rio P\u00fablico do Trabalho (MPT) na Escola 2026, ocorrido nesta quarta-feira, 12 de agosto, no audit\u00f3rio \u201cAmab\u00edlia Servilha Martins\u201d, no Centro de Capacita\u00e7\u00e3o dos Profissionais da Educa\u00e7\u00e3o \u201cDiva Terezinha Perticarrari\u201d. Durante o evento, uma palestra e um debate &hellip;\" \/>\n<meta property=\"og:url\" content=\"https:\/\/redenoticiaz.com.br\/ribeiraopreto-regiao\/sp\/2026\/09\/01\/sertaozinho-premia-sete-alunos-em-evento-sobre-trabalho-infantil\" \/>\n<meta property=\"og:site_name\" content=\"Ribeir\u00e3o Preto e Regi\u00e3o\" \/>\n<meta property=\"article:publisher\" content=\"https:\/\/m.facebook.com\/redenoticiaz.barretos\" \/>\n<meta property=\"article:published_time\" content=\"2026-09-02T02:25:56+00:00\" \/>\n<meta property=\"og:image\" content=\"https:\/\/redenoticiaz.com.br\/ribeiraopreto-regiao\/wp-content\/uploads\/sites\/4\/2022\/02\/logo.jpg\" \/>\n\t<meta property=\"og:image:width\" content=\"400\" \/>\n\t<meta property=\"og:image:height\" content=\"250\" \/>\n\t<meta property=\"og:image:type\" content=\"image\/jpeg\" \/>\n<meta name=\"author\" content=\"Patr\u00edcia Prado\" \/>\n<meta name=\"twitter:card\" content=\"summary_large_image\" \/>\n<meta name=\"twitter:creator\" content=\"@RN_barretos\" \/>\n<meta name=\"twitter:site\" content=\"@RN_barretos\" \/>\n<meta name=\"twitter:label1\" content=\"Escrito por\" \/>\n\t<meta name=\"twitter:data1\" content=\"Patr\u00edcia Prado\" \/>\n\t<meta name=\"twitter:label2\" content=\"Est. tempo de leitura\" \/>\n\t<meta name=\"twitter:data2\" content=\"2 minutos\" \/>\n<script type=\"application\/ld+json\" class=\"yoast-schema-graph\">{\"@context\":\"https:\\\/\\\/schema.org\",\"@graph\":[{\"@type\":\"Article\",\"@id\":\"https:\\\/\\\/redenoticiaz.com.br\\\/ribeiraopreto-regiao\\\/sp\\\/2026\\\/09\\\/01\\\/sertaozinho-premia-sete-alunos-em-evento-sobre-trabalho-infantil#article\",\"isPartOf\":{\"@id\":\"https:\\\/\\\/redenoticiaz.com.br\\\/ribeiraopreto-regiao\\\/sp\\\/2026\\\/09\\\/01\\\/sertaozinho-premia-sete-alunos-em-evento-sobre-trabalho-infantil\"},\"author\":{\"name\":\"Patr\u00edcia Prado\",\"@id\":\"https:\\\/\\\/redenoticiaz.com.br\\\/ribeiraopreto-regiao\\\/#\\\/schema\\\/person\\\/e1b0bd8c2637e2c1b6ddcbc2c33b116f\"},\"headline\":\"Sert\u00e3ozinho premia sete alunos em evento sobre trabalho infantil\",\"datePublished\":\"2026-09-02T02:25:56+00:00\",\"mainEntityOfPage\":{\"@id\":\"https:\\\/\\\/redenoticiaz.com.br\\\/ribeiraopreto-regiao\\\/sp\\\/2026\\\/09\\\/01\\\/sertaozinho-premia-sete-alunos-em-evento-sobre-trabalho-infantil\"},\"wordCount\":465,\"commentCount\":0,\"publisher\":{\"@id\":\"https:\\\/\\\/redenoticiaz.com.br\\\/ribeiraopreto-regiao\\\/#organization\"},\"image\":{\"@id\":\"https:\\\/\\\/redenoticiaz.com.br\\\/ribeiraopreto-regiao\\\/sp\\\/2026\\\/09\\\/01\\\/sertaozinho-premia-sete-alunos-em-evento-sobre-trabalho-infantil#primaryimage\"},\"thumbnailUrl\":\"https:\\\/\\\/redenoticiaz.com.br\\\/ribeiraopreto-regiao\\\/wp-content\\\/uploads\\\/sites\\\/4\\\/2026\\\/09\\\/49ba62d2a1f2d9a0feb035244de513ca.jpg\",\"articleSection\":[\"A\u00e7\u00e3o Social\",\"Cultura\",\"Direitos Humanos\",\"Economia\",\"Educa\u00e7\u00e3o\",\"Emprego\",\"Justi\u00e7a\",\"Pol\u00edtica\",\"Sert\u00e3ozinho\"],\"inLanguage\":\"pt-BR\",\"potentialAction\":[{\"@type\":\"CommentAction\",\"name\":\"Comment\",\"target\":[\"https:\\\/\\\/redenoticiaz.com.br\\\/ribeiraopreto-regiao\\\/sp\\\/2026\\\/09\\\/01\\\/sertaozinho-premia-sete-alunos-em-evento-sobre-trabalho-infantil#respond\"]}]},{\"@type\":\"WebPage\",\"@id\":\"https:\\\/\\\/redenoticiaz.com.br\\\/ribeiraopreto-regiao\\\/sp\\\/2026\\\/09\\\/01\\\/sertaozinho-premia-sete-alunos-em-evento-sobre-trabalho-infantil\",\"url\":\"https:\\\/\\\/redenoticiaz.com.br\\\/ribeiraopreto-regiao\\\/sp\\\/2026\\\/09\\\/01\\\/sertaozinho-premia-sete-alunos-em-evento-sobre-trabalho-infantil\",\"name\":\"Sert\u00e3ozinho premia sete alunos em evento sobre trabalho infantil - Ribeir\u00e3o Preto e Regi\u00e3o\",\"isPartOf\":{\"@id\":\"https:\\\/\\\/redenoticiaz.com.br\\\/ribeiraopreto-regiao\\\/#website\"},\"primaryImageOfPage\":{\"@id\":\"https:\\\/\\\/redenoticiaz.com.br\\\/ribeiraopreto-regiao\\\/sp\\\/2026\\\/09\\\/01\\\/sertaozinho-premia-sete-alunos-em-evento-sobre-trabalho-infantil#primaryimage\"},\"image\":{\"@id\":\"https:\\\/\\\/redenoticiaz.com.br\\\/ribeiraopreto-regiao\\\/sp\\\/2026\\\/09\\\/01\\\/sertaozinho-premia-sete-alunos-em-evento-sobre-trabalho-infantil#primaryimage\"},\"thumbnailUrl\":\"https:\\\/\\\/redenoticiaz.com.br\\\/ribeiraopreto-regiao\\\/wp-content\\\/uploads\\\/sites\\\/4\\\/2026\\\/09\\\/49ba62d2a1f2d9a0feb035244de513ca.jpg\",\"datePublished\":\"2026-09-02T02:25:56+00:00\",\"inLanguage\":\"pt-BR\",\"potentialAction\":[{\"@type\":\"ReadAction\",\"target\":[\"https:\\\/\\\/redenoticiaz.com.br\\\/ribeiraopreto-regiao\\\/sp\\\/2026\\\/09\\\/01\\\/sertaozinho-premia-sete-alunos-em-evento-sobre-trabalho-infantil\"]}]},{\"@type\":\"ImageObject\",\"inLanguage\":\"pt-BR\",\"@id\":\"https:\\\/\\\/redenoticiaz.com.br\\\/ribeiraopreto-regiao\\\/sp\\\/2026\\\/09\\\/01\\\/sertaozinho-premia-sete-alunos-em-evento-sobre-trabalho-infantil#primaryimage\",\"url\":\"https:\\\/\\\/redenoticiaz.com.br\\\/ribeiraopreto-regiao\\\/wp-content\\\/uploads\\\/sites\\\/4\\\/2026\\\/09\\\/49ba62d2a1f2d9a0feb035244de513ca.jpg\",\"contentUrl\":\"https:\\\/\\\/redenoticiaz.com.br\\\/ribeiraopreto-regiao\\\/wp-content\\\/uploads\\\/sites\\\/4\\\/2026\\\/09\\\/49ba62d2a1f2d9a0feb035244de513ca.jpg\",\"width\":800,\"height\":533},{\"@type\":\"WebSite\",\"@id\":\"https:\\\/\\\/redenoticiaz.com.br\\\/ribeiraopreto-regiao\\\/#website\",\"url\":\"https:\\\/\\\/redenoticiaz.com.br\\\/ribeiraopreto-regiao\\\/\",\"name\":\"Ribeir\u00e3o Preto e Regi\u00e3o\",\"description\":\"Rede NoticiaZ - Ribeir\u00e3o Preto e regi\u00e3o\",\"publisher\":{\"@id\":\"https:\\\/\\\/redenoticiaz.com.br\\\/ribeiraopreto-regiao\\\/#organization\"},\"potentialAction\":[{\"@type\":\"SearchAction\",\"target\":{\"@type\":\"EntryPoint\",\"urlTemplate\":\"https:\\\/\\\/redenoticiaz.com.br\\\/ribeiraopreto-regiao\\\/?s={search_term_string}\"},\"query-input\":{\"@type\":\"PropertyValueSpecification\",\"valueRequired\":true,\"valueName\":\"search_term_string\"}}],\"inLanguage\":\"pt-BR\"},{\"@type\":\"Organization\",\"@id\":\"https:\\\/\\\/redenoticiaz.com.br\\\/ribeiraopreto-regiao\\\/#organization\",\"name\":\"Ribeir\u00e3o Preto e Regi\u00e3o\",\"url\":\"https:\\\/\\\/redenoticiaz.com.br\\\/ribeiraopreto-regiao\\\/\",\"logo\":{\"@type\":\"ImageObject\",\"inLanguage\":\"pt-BR\",\"@id\":\"https:\\\/\\\/redenoticiaz.com.br\\\/ribeiraopreto-regiao\\\/#\\\/schema\\\/logo\\\/image\\\/\",\"url\":\"https:\\\/\\\/redenoticiaz.com.br\\\/barretos-regiao\\\/wp-content\\\/uploads\\\/sites\\\/4\\\/2022\\\/02\\\/logo.jpg\",\"contentUrl\":\"https:\\\/\\\/redenoticiaz.com.br\\\/barretos-regiao\\\/wp-content\\\/uploads\\\/sites\\\/4\\\/2022\\\/02\\\/logo.jpg\",\"width\":400,\"height\":250,\"caption\":\"Ribeir\u00e3o Preto e Regi\u00e3o\"},\"image\":{\"@id\":\"https:\\\/\\\/redenoticiaz.com.br\\\/ribeiraopreto-regiao\\\/#\\\/schema\\\/logo\\\/image\\\/\"},\"sameAs\":[\"https:\\\/\\\/m.facebook.com\\\/redenoticiaz.barretos\",\"https:\\\/\\\/x.com\\\/RN_barretos\",\"https:\\\/\\\/www.instagram.com\\\/redenoticiaz.barretos\\\/?igshid=YmMyMTA2M2Y\",\"https:\\\/\\\/www.linkedin.com\\\/company\\\/rede-noticiaz-barretos-e-regio\\\/\"]},{\"@type\":\"Person\",\"@id\":\"https:\\\/\\\/redenoticiaz.com.br\\\/ribeiraopreto-regiao\\\/#\\\/schema\\\/person\\\/e1b0bd8c2637e2c1b6ddcbc2c33b116f\",\"name\":\"Patr\u00edcia Prado\",\"image\":{\"@type\":\"ImageObject\",\"inLanguage\":\"pt-BR\",\"@id\":\"https:\\\/\\\/secure.gravatar.com\\\/avatar\\\/92e358bef22cfcec15e054ae4d9fee04dadf0c772dc4a17b382b8a34a15354c2?s=96&d=mm&r=g\",\"url\":\"https:\\\/\\\/secure.gravatar.com\\\/avatar\\\/92e358bef22cfcec15e054ae4d9fee04dadf0c772dc4a17b382b8a34a15354c2?s=96&d=mm&r=g\",\"contentUrl\":\"https:\\\/\\\/secure.gravatar.com\\\/avatar\\\/92e358bef22cfcec15e054ae4d9fee04dadf0c772dc4a17b382b8a34a15354c2?s=96&d=mm&r=g\",\"caption\":\"Patr\u00edcia Prado\"},\"url\":\"https:\\\/\\\/redenoticiaz.com.br\\\/ribeiraopreto-regiao\\\/sp\\\/author\\\/patricia-prado\"}]}<\/script>\n<!-- \/ Yoast SEO plugin. -->","yoast_head_json":{"title":"Sert\u00e3ozinho premia sete alunos em evento sobre trabalho infantil - Ribeir\u00e3o Preto e Regi\u00e3o","robots":{"index":"index","follow":"follow","max-snippet":"max-snippet:-1","max-image-preview":"max-image-preview:large","max-video-preview":"max-video-preview:-1"},"canonical":"https:\/\/redenoticiaz.com.br\/ribeiraopreto-regiao\/sp\/2026\/09\/01\/sertaozinho-premia-sete-alunos-em-evento-sobre-trabalho-infantil","og_locale":"pt_BR","og_type":"article","og_title":"Sert\u00e3ozinho premia sete alunos em evento sobre trabalho infantil - Ribeir\u00e3o Preto e Regi\u00e3o","og_description":"Sete estudantes da rede municipal da Est\u00e2ncia Tur\u00edstica de Sert\u00e3ozinho foram premiados no 1\u00ba Encontro Formativo \u2013 Minist\u00e9rio P\u00fablico do Trabalho (MPT) na Escola 2026, ocorrido nesta quarta-feira, 12 de agosto, no audit\u00f3rio \u201cAmab\u00edlia Servilha Martins\u201d, no Centro de Capacita\u00e7\u00e3o dos Profissionais da Educa\u00e7\u00e3o \u201cDiva Terezinha Perticarrari\u201d. Durante o evento, uma palestra e um debate &hellip;","og_url":"https:\/\/redenoticiaz.com.br\/ribeiraopreto-regiao\/sp\/2026\/09\/01\/sertaozinho-premia-sete-alunos-em-evento-sobre-trabalho-infantil","og_site_name":"Ribeir\u00e3o Preto e Regi\u00e3o","article_publisher":"https:\/\/m.facebook.com\/redenoticiaz.barretos","article_published_time":"2026-09-02T02:25:56+00:00","og_image":[{"width":400,"height":250,"url":"https:\/\/redenoticiaz.com.br\/ribeiraopreto-regiao\/wp-content\/uploads\/sites\/4\/2022\/02\/logo.jpg","type":"image\/jpeg"}],"author":"Patr\u00edcia Prado","twitter_card":"summary_large_image","twitter_creator":"@RN_barretos","twitter_site":"@RN_barretos","twitter_misc":{"Escrito por":"Patr\u00edcia Prado","Est. tempo de leitura":"2 minutos"},"schema":{"@context":"https:\/\/schema.org","@graph":[{"@type":"Article","@id":"https:\/\/redenoticiaz.com.br\/ribeiraopreto-regiao\/sp\/2026\/09\/01\/sertaozinho-premia-sete-alunos-em-evento-sobre-trabalho-infantil#article","isPartOf":{"@id":"https:\/\/redenoticiaz.com.br\/ribeiraopreto-regiao\/sp\/2026\/09\/01\/sertaozinho-premia-sete-alunos-em-evento-sobre-trabalho-infantil"},"author":{"name":"Patr\u00edcia Prado","@id":"https:\/\/redenoticiaz.com.br\/ribeiraopreto-regiao\/#\/schema\/person\/e1b0bd8c2637e2c1b6ddcbc2c33b116f"},"headline":"Sert\u00e3ozinho premia sete alunos em evento sobre trabalho infantil","datePublished":"2026-09-02T02:25:56+00:00","mainEntityOfPage":{"@id":"https:\/\/redenoticiaz.com.br\/ribeiraopreto-regiao\/sp\/2026\/09\/01\/sertaozinho-premia-sete-alunos-em-evento-sobre-trabalho-infantil"},"wordCount":465,"commentCount":0,"publisher":{"@id":"https:\/\/redenoticiaz.com.br\/ribeiraopreto-regiao\/#organization"},"image":{"@id":"https:\/\/redenoticiaz.com.br\/ribeiraopreto-regiao\/sp\/2026\/09\/01\/sertaozinho-premia-sete-alunos-em-evento-sobre-trabalho-infantil#primaryimage"},"thumbnailUrl":"https:\/\/redenoticiaz.com.br\/ribeiraopreto-regiao\/wp-content\/uploads\/sites\/4\/2026\/09\/49ba62d2a1f2d9a0feb035244de513ca.jpg","articleSection":["A\u00e7\u00e3o Social","Cultura","Direitos Humanos","Economia","Educa\u00e7\u00e3o","Emprego","Justi\u00e7a","Pol\u00edtica","Sert\u00e3ozinho"],"inLanguage":"pt-BR","potentialAction":[{"@type":"CommentAction","name":"Comment","target":["https:\/\/redenoticiaz.com.br\/ribeiraopreto-regiao\/sp\/2026\/09\/01\/sertaozinho-premia-sete-alunos-em-evento-sobre-trabalho-infantil#respond"]}]},{"@type":"WebPage","@id":"https:\/\/redenoticiaz.com.br\/ribeiraopreto-regiao\/sp\/2026\/09\/01\/sertaozinho-premia-sete-alunos-em-evento-sobre-trabalho-infantil","url":"https:\/\/redenoticiaz.com.br\/ribeiraopreto-regiao\/sp\/2026\/09\/01\/sertaozinho-premia-sete-alunos-em-evento-sobre-trabalho-infantil","name":"Sert\u00e3ozinho premia sete alunos em evento sobre trabalho infantil - Ribeir\u00e3o Preto e Regi\u00e3o","isPartOf":{"@id":"https:\/\/redenoticiaz.com.br\/ribeiraopreto-regiao\/#website"},"primaryImageOfPage":{"@id":"https:\/\/redenoticiaz.com.br\/ribeiraopreto-regiao\/sp\/2026\/09\/01\/sertaozinho-premia-sete-alunos-em-evento-sobre-trabalho-infantil#primaryimage"},"image":{"@id":"https:\/\/redenoticiaz.com.br\/ribeiraopreto-regiao\/sp\/2026\/09\/01\/sertaozinho-premia-sete-alunos-em-evento-sobre-trabalho-infantil#primaryimage"},"thumbnailUrl":"https:\/\/redenoticiaz.com.br\/ribeiraopreto-regiao\/wp-content\/uploads\/sites\/4\/2026\/09\/49ba62d2a1f2d9a0feb035244de513ca.jpg","datePublished":"2026-09-02T02:25:56+00:00","inLanguage":"pt-BR","potentialAction":[{"@type":"ReadAction","target":["https:\/\/redenoticiaz.com.br\/ribeiraopreto-regiao\/sp\/2026\/09\/01\/sertaozinho-premia-sete-alunos-em-evento-sobre-trabalho-infantil"]}]},{"@type":"ImageObject","inLanguage":"pt-BR","@id":"https:\/\/redenoticiaz.com.br\/ribeiraopreto-regiao\/sp\/2026\/09\/01\/sertaozinho-premia-sete-alunos-em-evento-sobre-trabalho-infantil#primaryimage","url":"https:\/\/redenoticiaz.com.br\/ribeiraopreto-regiao\/wp-content\/uploads\/sites\/4\/2026\/09\/49ba62d2a1f2d9a0feb035244de513ca.jpg","contentUrl":"https:\/\/redenoticiaz.com.br\/ribeiraopreto-regiao\/wp-content\/uploads\/sites\/4\/2026\/09\/49ba62d2a1f2d9a0feb035244de513ca.jpg","width":800,"height":533},{"@type":"WebSite","@id":"https:\/\/redenoticiaz.com.br\/ribeiraopreto-regiao\/#website","url":"https:\/\/redenoticiaz.com.br\/ribeiraopreto-regiao\/","name":"Ribeir\u00e3o Preto e Regi\u00e3o","description":"Rede NoticiaZ - Ribeir\u00e3o Preto e regi\u00e3o","publisher":{"@id":"https:\/\/redenoticiaz.com.br\/ribeiraopreto-regiao\/#organization"},"potentialAction":[{"@type":"SearchAction","target":{"@type":"EntryPoint","urlTemplate":"https:\/\/redenoticiaz.com.br\/ribeiraopreto-regiao\/?s={search_term_string}"},"query-input":{"@type":"PropertyValueSpecification","valueRequired":true,"valueName":"search_term_string"}}],"inLanguage":"pt-BR"},{"@type":"Organization","@id":"https:\/\/redenoticiaz.com.br\/ribeiraopreto-regiao\/#organization","name":"Ribeir\u00e3o Preto e Regi\u00e3o","url":"https:\/\/redenoticiaz.com.br\/ribeiraopreto-regiao\/","logo":{"@type":"ImageObject","inLanguage":"pt-BR","@id":"https:\/\/redenoticiaz.com.br\/ribeiraopreto-regiao\/#\/schema\/logo\/image\/","url":"https:\/\/redenoticiaz.com.br\/barretos-regiao\/wp-content\/uploads\/sites\/4\/2022\/02\/logo.jpg","contentUrl":"https:\/\/redenoticiaz.com.br\/barretos-regiao\/wp-content\/uploads\/sites\/4\/2022\/02\/logo.jpg","width":400,"height":250,"caption":"Ribeir\u00e3o Preto e Regi\u00e3o"},"image":{"@id":"https:\/\/redenoticiaz.com.br\/ribeiraopreto-regiao\/#\/schema\/logo\/image\/"},"sameAs":["https:\/\/m.facebook.com\/redenoticiaz.barretos","https:\/\/x.com\/RN_barretos","https:\/\/www.instagram.com\/redenoticiaz.barretos\/?igshid=YmMyMTA2M2Y","https:\/\/www.linkedin.com\/company\/rede-noticiaz-barretos-e-regio\/"]},{"@type":"Person","@id":"https:\/\/redenoticiaz.com.br\/ribeiraopreto-regiao\/#\/schema\/person\/e1b0bd8c2637e2c1b6ddcbc2c33b116f","name":"Patr\u00edcia Prado","image":{"@type":"ImageObject","inLanguage":"pt-BR","@id":"https:\/\/secure.gravatar.com\/avatar\/92e358bef22cfcec15e054ae4d9fee04dadf0c772dc4a17b382b8a34a15354c2?s=96&d=mm&r=g","url":"https:\/\/secure.gravatar.com\/avatar\/92e358bef22cfcec15e054ae4d9fee04dadf0c772dc4a17b382b8a34a15354c2?s=96&d=mm&r=g","contentUrl":"https:\/\/secure.gravatar.com\/avatar\/92e358bef22cfcec15e054ae4d9fee04dadf0c772dc4a17b382b8a34a15354c2?s=96&d=mm&r=g","caption":"Patr\u00edcia Prado"},"url":"https:\/\/redenoticiaz.com.br\/ribeiraopreto-regiao\/sp\/author\/patricia-prado"}]}},"_links":{"self":[{"href":"https:\/\/redenoticiaz.com.br\/ribeiraopreto-regiao\/wp-json\/wp\/v2\/posts\/123061","targetHints":{"allow":["GET"]}}],"collection":[{"href":"https:\/\/redenoticiaz.com.br\/ribeiraopreto-regiao\/wp-json\/wp\/v2\/posts"}],"about":[{"href":"https:\/\/redenoticiaz.com.br\/ribeiraopreto-regiao\/wp-json\/wp\/v2\/types\/post"}],"author":[{"embeddable":true,"href":"https:\/\/redenoticiaz.com.br\/ribeiraopreto-regiao\/wp-json\/wp\/v2\/users\/5"}],"replies":[{"embeddable":true,"href":"https:\/\/redenoticiaz.com.br\/ribeiraopreto-regiao\/wp-json\/wp\/v2\/comments?post=123061"}],"version-history":[{"count":0,"href":"https:\/\/redenoticiaz.com.br\/ribeiraopreto-regiao\/wp-json\/wp\/v2\/posts\/123061\/revisions"}],"wp:featuredmedia":[{"embeddable":true,"href":"https:\/\/redenoticiaz.com.br\/ribeiraopreto-regiao\/wp-json\/wp\/v2\/media\/123062"}],"wp:attachment":[{"href":"https:\/\/redenoticiaz.com.br\/ribeiraopreto-regiao\/wp-json\/wp\/v2\/media?parent=123061"}],"wp:term":[{"taxonomy":"category","embeddable":true,"href":"https:\/\/redenoticiaz.com.br\/ribeiraopreto-regiao\/wp-json\/wp\/v2\/categories?post=123061"},{"taxonomy":"post_tag","embeddable":true,"href":"https:\/\/redenoticiaz.com.br\/ribeiraopreto-regiao\/wp-json\/wp\/v2\/tags?post=123061"}],"curies":[{"name":"wp","href":"https:\/\/api.w.org\/{rel}","templated":true}]}}