{"id":123067,"date":"2026-09-02T00:40:56","date_gmt":"2026-09-02T03:40:56","guid":{"rendered":"https:\/\/redenoticiaz.com.br\/ribeiraopreto-regiao\/sp\/2026\/09\/02\/bolsa-brasileira-sobe-13-e-alcanca-maior-patamar-em-quatro-meses"},"modified":"2026-09-02T00:40:56","modified_gmt":"2026-09-02T03:40:56","slug":"bolsa-brasileira-sobe-13-e-alcanca-maior-patamar-em-quatro-meses","status":"publish","type":"post","link":"https:\/\/redenoticiaz.com.br\/ribeiraopreto-regiao\/sp\/2026\/09\/02\/bolsa-brasileira-sobe-13-e-alcanca-maior-patamar-em-quatro-meses","title":{"rendered":"Bolsa brasileira sobe 1,3% e alcan\u00e7a maior patamar em quatro meses"},"content":{"rendered":"<p>A alta internacional do petr\u00f3leo beneficiou o mercado financeiro no Brasil, resultando na queda do d\u00f3lar e no avan\u00e7o da bolsa. O d\u00f3lar comercial encerrou a ter\u00e7a-feira (1\u00ba) cotado a R$ 5,15, uma baixa de 0,54%, acumulando uma desvaloriza\u00e7\u00e3o de 6,12% no ano. No mesmo dia, o Ibovespa subiu 1,3%, fechando aos 179.722,48 pontos, seu maior n\u00edvel em quase quatro meses.<\/p>\n<p>Os conflitos em escalada entre os Estados Unidos e o Ir\u00e3 contribu\u00edram para a valoriza\u00e7\u00e3o dos ativos brasileiros, com as a\u00e7\u00f5es da Petrobras se destacando no \u00edndice. As a\u00e7\u00f5es preferenciais da empresa subiram 4,11% e as ordin\u00e1rias avan\u00e7aram 4,14%. O aumento de 13,9% no pre\u00e7o m\u00e9dio de venda do querosene de avia\u00e7\u00e3o pela Petrobras tamb\u00e9m impulsionou a valoriza\u00e7\u00e3o dos pap\u00e9is.<\/p>\n<p>O petr\u00f3leo Tipo Brent fechou a US$ 94,65, com um aumento de 4,6%, enquanto o WTI registrou um avan\u00e7o de 5,2%, cotado a US$ 90,22 por barril. A intensifica\u00e7\u00e3o das tens\u00f5es no Oriente M\u00e9dio e novos riscos ao fornecimento global de petr\u00f3leo impulsionaram esses pre\u00e7os.<\/p>\n<p>O relat\u00f3rio do PIB brasileiro, divulgado no in\u00edcio da sess\u00e3o, registrou um crescimento de 0,5% no segundo trimestre em compara\u00e7\u00e3o ao trimestre anterior. Apesar do crescimento, o resultado tamb\u00e9m indicou desacelera\u00e7\u00e3o da economia, com retra\u00e7\u00e3o no consumo das fam\u00edlias e menor dinamismo industrial, levantando expectativas sobre novos cortes na taxa Selic, atualmente em 14% ao ano.<\/p>\n<p>No mercado em geral, a queda do d\u00f3lar ocorreu em contraste com o d\u00f3lar frente a economias avan\u00e7adas, como demonstrado pelo aumento de 0,27% no \u00edndice DXY, que acompanha a moeda americana em rela\u00e7\u00e3o a uma cesta de outras moedas. Enquanto isso, em Wall Street, o \u00edndice S&#038;P 500 terminou com queda de 0,71%, refletem um clima pessimista na economia norte-americana.<\/p>\n<p>As informa\u00e7\u00f5es financeiras destacam um cen\u00e1rio misto, em que o Brasil experimenta um crescimento em determinados setores, ao passo que o ambiente internacional permanece vol\u00e1til.<\/p>\n","protected":false},"excerpt":{"rendered":"<p>A alta internacional do petr\u00f3leo beneficiou o mercado financeiro no Brasil, resultando na queda do d\u00f3lar e no avan\u00e7o da bolsa. O d\u00f3lar comercial encerrou a ter\u00e7a-feira (1\u00ba) cotado a R$ 5,15, uma baixa de 0,54%, acumulando uma desvaloriza\u00e7\u00e3o de 6,12% no ano. No mesmo dia, o Ibovespa subiu 1,3%, fechando aos 179.722,48 pontos, seu &hellip;<\/p>\n","protected":false},"author":5,"featured_media":123068,"comment_status":"open","ping_status":"closed","sticky":false,"template":"","format":"standard","meta":{"footnotes":""},"categories":[101,68,2921],"tags":[],"class_list":["post-123067","post","type-post","status-publish","format-standard","has-post-thumbnail","hentry","category-economia","category-mundo","category-transportes"],"yoast_head":"<!-- This site is optimized with the Yoast SEO plugin v28.3 - https:\/\/yoast.com\/product\/yoast-seo-wordpress\/ -->\n<title>Bolsa brasileira sobe 1,3% e alcan\u00e7a maior patamar em quatro meses - Ribeir\u00e3o Preto e Regi\u00e3o<\/title>\n<meta name=\"robots\" content=\"index, follow, max-snippet:-1, max-image-preview:large, max-video-preview:-1\" \/>\n<link rel=\"canonical\" href=\"https:\/\/redenoticiaz.com.br\/ribeiraopreto-regiao\/sp\/2026\/09\/02\/bolsa-brasileira-sobe-13-e-alcanca-maior-patamar-em-quatro-meses\" \/>\n<meta property=\"og:locale\" content=\"pt_BR\" \/>\n<meta property=\"og:type\" content=\"article\" \/>\n<meta property=\"og:title\" content=\"Bolsa brasileira sobe 1,3% e alcan\u00e7a maior patamar em quatro meses - Ribeir\u00e3o Preto e Regi\u00e3o\" \/>\n<meta property=\"og:description\" content=\"A alta internacional do petr\u00f3leo beneficiou o mercado financeiro no Brasil, resultando na queda do d\u00f3lar e no avan\u00e7o da bolsa. O d\u00f3lar comercial encerrou a ter\u00e7a-feira (1\u00ba) cotado a R$ 5,15, uma baixa de 0,54%, acumulando uma desvaloriza\u00e7\u00e3o de 6,12% no ano. No mesmo dia, o Ibovespa subiu 1,3%, fechando aos 179.722,48 pontos, seu &hellip;\" \/>\n<meta property=\"og:url\" content=\"https:\/\/redenoticiaz.com.br\/ribeiraopreto-regiao\/sp\/2026\/09\/02\/bolsa-brasileira-sobe-13-e-alcanca-maior-patamar-em-quatro-meses\" \/>\n<meta property=\"og:site_name\" content=\"Ribeir\u00e3o Preto e Regi\u00e3o\" \/>\n<meta property=\"article:publisher\" content=\"https:\/\/m.facebook.com\/redenoticiaz.barretos\" \/>\n<meta property=\"article:published_time\" content=\"2026-09-02T03:40:56+00:00\" \/>\n<meta property=\"og:image\" content=\"https:\/\/redenoticiaz.com.br\/ribeiraopreto-regiao\/wp-content\/uploads\/sites\/4\/2022\/02\/logo.jpg\" \/>\n\t<meta property=\"og:image:width\" content=\"400\" \/>\n\t<meta property=\"og:image:height\" content=\"250\" \/>\n\t<meta property=\"og:image:type\" content=\"image\/jpeg\" \/>\n<meta name=\"author\" content=\"Patr\u00edcia Prado\" \/>\n<meta name=\"twitter:card\" content=\"summary_large_image\" \/>\n<meta name=\"twitter:creator\" content=\"@RN_barretos\" \/>\n<meta name=\"twitter:site\" content=\"@RN_barretos\" \/>\n<meta name=\"twitter:label1\" content=\"Escrito por\" \/>\n\t<meta name=\"twitter:data1\" content=\"Patr\u00edcia Prado\" \/>\n\t<meta name=\"twitter:label2\" content=\"Est. tempo de leitura\" \/>\n\t<meta name=\"twitter:data2\" content=\"2 minutos\" \/>\n<script type=\"application\/ld+json\" class=\"yoast-schema-graph\">{\"@context\":\"https:\\\/\\\/schema.org\",\"@graph\":[{\"@type\":\"Article\",\"@id\":\"https:\\\/\\\/redenoticiaz.com.br\\\/ribeiraopreto-regiao\\\/sp\\\/2026\\\/09\\\/02\\\/bolsa-brasileira-sobe-13-e-alcanca-maior-patamar-em-quatro-meses#article\",\"isPartOf\":{\"@id\":\"https:\\\/\\\/redenoticiaz.com.br\\\/ribeiraopreto-regiao\\\/sp\\\/2026\\\/09\\\/02\\\/bolsa-brasileira-sobe-13-e-alcanca-maior-patamar-em-quatro-meses\"},\"author\":{\"name\":\"Patr\u00edcia Prado\",\"@id\":\"https:\\\/\\\/redenoticiaz.com.br\\\/ribeiraopreto-regiao\\\/#\\\/schema\\\/person\\\/e1b0bd8c2637e2c1b6ddcbc2c33b116f\"},\"headline\":\"Bolsa brasileira sobe 1,3% e alcan\u00e7a maior patamar em quatro meses\",\"datePublished\":\"2026-09-02T03:40:56+00:00\",\"mainEntityOfPage\":{\"@id\":\"https:\\\/\\\/redenoticiaz.com.br\\\/ribeiraopreto-regiao\\\/sp\\\/2026\\\/09\\\/02\\\/bolsa-brasileira-sobe-13-e-alcanca-maior-patamar-em-quatro-meses\"},\"wordCount\":343,\"commentCount\":0,\"publisher\":{\"@id\":\"https:\\\/\\\/redenoticiaz.com.br\\\/ribeiraopreto-regiao\\\/#organization\"},\"image\":{\"@id\":\"https:\\\/\\\/redenoticiaz.com.br\\\/ribeiraopreto-regiao\\\/sp\\\/2026\\\/09\\\/02\\\/bolsa-brasileira-sobe-13-e-alcanca-maior-patamar-em-quatro-meses#primaryimage\"},\"thumbnailUrl\":\"https:\\\/\\\/redenoticiaz.com.br\\\/ribeiraopreto-regiao\\\/wp-content\\\/uploads\\\/sites\\\/4\\\/2026\\\/09\\\/2022-01-13t231757z_1_lynxmpei0c16j_rtroptp_4_brazil-headquarters-shift.jpg\",\"articleSection\":[\"Economia\",\"Mundo\",\"Transportes\"],\"inLanguage\":\"pt-BR\",\"potentialAction\":[{\"@type\":\"CommentAction\",\"name\":\"Comment\",\"target\":[\"https:\\\/\\\/redenoticiaz.com.br\\\/ribeiraopreto-regiao\\\/sp\\\/2026\\\/09\\\/02\\\/bolsa-brasileira-sobe-13-e-alcanca-maior-patamar-em-quatro-meses#respond\"]}]},{\"@type\":\"WebPage\",\"@id\":\"https:\\\/\\\/redenoticiaz.com.br\\\/ribeiraopreto-regiao\\\/sp\\\/2026\\\/09\\\/02\\\/bolsa-brasileira-sobe-13-e-alcanca-maior-patamar-em-quatro-meses\",\"url\":\"https:\\\/\\\/redenoticiaz.com.br\\\/ribeiraopreto-regiao\\\/sp\\\/2026\\\/09\\\/02\\\/bolsa-brasileira-sobe-13-e-alcanca-maior-patamar-em-quatro-meses\",\"name\":\"Bolsa brasileira sobe 1,3% e alcan\u00e7a maior patamar em quatro meses - Ribeir\u00e3o Preto e Regi\u00e3o\",\"isPartOf\":{\"@id\":\"https:\\\/\\\/redenoticiaz.com.br\\\/ribeiraopreto-regiao\\\/#website\"},\"primaryImageOfPage\":{\"@id\":\"https:\\\/\\\/redenoticiaz.com.br\\\/ribeiraopreto-regiao\\\/sp\\\/2026\\\/09\\\/02\\\/bolsa-brasileira-sobe-13-e-alcanca-maior-patamar-em-quatro-meses#primaryimage\"},\"image\":{\"@id\":\"https:\\\/\\\/redenoticiaz.com.br\\\/ribeiraopreto-regiao\\\/sp\\\/2026\\\/09\\\/02\\\/bolsa-brasileira-sobe-13-e-alcanca-maior-patamar-em-quatro-meses#primaryimage\"},\"thumbnailUrl\":\"https:\\\/\\\/redenoticiaz.com.br\\\/ribeiraopreto-regiao\\\/wp-content\\\/uploads\\\/sites\\\/4\\\/2026\\\/09\\\/2022-01-13t231757z_1_lynxmpei0c16j_rtroptp_4_brazil-headquarters-shift.jpg\",\"datePublished\":\"2026-09-02T03:40:56+00:00\",\"inLanguage\":\"pt-BR\",\"potentialAction\":[{\"@type\":\"ReadAction\",\"target\":[\"https:\\\/\\\/redenoticiaz.com.br\\\/ribeiraopreto-regiao\\\/sp\\\/2026\\\/09\\\/02\\\/bolsa-brasileira-sobe-13-e-alcanca-maior-patamar-em-quatro-meses\"]}]},{\"@type\":\"ImageObject\",\"inLanguage\":\"pt-BR\",\"@id\":\"https:\\\/\\\/redenoticiaz.com.br\\\/ribeiraopreto-regiao\\\/sp\\\/2026\\\/09\\\/02\\\/bolsa-brasileira-sobe-13-e-alcanca-maior-patamar-em-quatro-meses#primaryimage\",\"url\":\"https:\\\/\\\/redenoticiaz.com.br\\\/ribeiraopreto-regiao\\\/wp-content\\\/uploads\\\/sites\\\/4\\\/2026\\\/09\\\/2022-01-13t231757z_1_lynxmpei0c16j_rtroptp_4_brazil-headquarters-shift.jpg\",\"contentUrl\":\"https:\\\/\\\/redenoticiaz.com.br\\\/ribeiraopreto-regiao\\\/wp-content\\\/uploads\\\/sites\\\/4\\\/2026\\\/09\\\/2022-01-13t231757z_1_lynxmpei0c16j_rtroptp_4_brazil-headquarters-shift.jpg\",\"width\":1600,\"height\":800},{\"@type\":\"WebSite\",\"@id\":\"https:\\\/\\\/redenoticiaz.com.br\\\/ribeiraopreto-regiao\\\/#website\",\"url\":\"https:\\\/\\\/redenoticiaz.com.br\\\/ribeiraopreto-regiao\\\/\",\"name\":\"Ribeir\u00e3o Preto e Regi\u00e3o\",\"description\":\"Rede NoticiaZ - Ribeir\u00e3o Preto e regi\u00e3o\",\"publisher\":{\"@id\":\"https:\\\/\\\/redenoticiaz.com.br\\\/ribeiraopreto-regiao\\\/#organization\"},\"potentialAction\":[{\"@type\":\"SearchAction\",\"target\":{\"@type\":\"EntryPoint\",\"urlTemplate\":\"https:\\\/\\\/redenoticiaz.com.br\\\/ribeiraopreto-regiao\\\/?s={search_term_string}\"},\"query-input\":{\"@type\":\"PropertyValueSpecification\",\"valueRequired\":true,\"valueName\":\"search_term_string\"}}],\"inLanguage\":\"pt-BR\"},{\"@type\":\"Organization\",\"@id\":\"https:\\\/\\\/redenoticiaz.com.br\\\/ribeiraopreto-regiao\\\/#organization\",\"name\":\"Ribeir\u00e3o Preto e Regi\u00e3o\",\"url\":\"https:\\\/\\\/redenoticiaz.com.br\\\/ribeiraopreto-regiao\\\/\",\"logo\":{\"@type\":\"ImageObject\",\"inLanguage\":\"pt-BR\",\"@id\":\"https:\\\/\\\/redenoticiaz.com.br\\\/ribeiraopreto-regiao\\\/#\\\/schema\\\/logo\\\/image\\\/\",\"url\":\"https:\\\/\\\/redenoticiaz.com.br\\\/barretos-regiao\\\/wp-content\\\/uploads\\\/sites\\\/4\\\/2022\\\/02\\\/logo.jpg\",\"contentUrl\":\"https:\\\/\\\/redenoticiaz.com.br\\\/barretos-regiao\\\/wp-content\\\/uploads\\\/sites\\\/4\\\/2022\\\/02\\\/logo.jpg\",\"width\":400,\"height\":250,\"caption\":\"Ribeir\u00e3o Preto e Regi\u00e3o\"},\"image\":{\"@id\":\"https:\\\/\\\/redenoticiaz.com.br\\\/ribeiraopreto-regiao\\\/#\\\/schema\\\/logo\\\/image\\\/\"},\"sameAs\":[\"https:\\\/\\\/m.facebook.com\\\/redenoticiaz.barretos\",\"https:\\\/\\\/x.com\\\/RN_barretos\",\"https:\\\/\\\/www.instagram.com\\\/redenoticiaz.barretos\\\/?igshid=YmMyMTA2M2Y\",\"https:\\\/\\\/www.linkedin.com\\\/company\\\/rede-noticiaz-barretos-e-regio\\\/\"]},{\"@type\":\"Person\",\"@id\":\"https:\\\/\\\/redenoticiaz.com.br\\\/ribeiraopreto-regiao\\\/#\\\/schema\\\/person\\\/e1b0bd8c2637e2c1b6ddcbc2c33b116f\",\"name\":\"Patr\u00edcia Prado\",\"image\":{\"@type\":\"ImageObject\",\"inLanguage\":\"pt-BR\",\"@id\":\"https:\\\/\\\/secure.gravatar.com\\\/avatar\\\/92e358bef22cfcec15e054ae4d9fee04dadf0c772dc4a17b382b8a34a15354c2?s=96&d=mm&r=g\",\"url\":\"https:\\\/\\\/secure.gravatar.com\\\/avatar\\\/92e358bef22cfcec15e054ae4d9fee04dadf0c772dc4a17b382b8a34a15354c2?s=96&d=mm&r=g\",\"contentUrl\":\"https:\\\/\\\/secure.gravatar.com\\\/avatar\\\/92e358bef22cfcec15e054ae4d9fee04dadf0c772dc4a17b382b8a34a15354c2?s=96&d=mm&r=g\",\"caption\":\"Patr\u00edcia Prado\"},\"url\":\"https:\\\/\\\/redenoticiaz.com.br\\\/ribeiraopreto-regiao\\\/sp\\\/author\\\/patricia-prado\"}]}<\/script>\n<!-- \/ Yoast SEO plugin. -->","yoast_head_json":{"title":"Bolsa brasileira sobe 1,3% e alcan\u00e7a maior patamar em quatro meses - Ribeir\u00e3o Preto e Regi\u00e3o","robots":{"index":"index","follow":"follow","max-snippet":"max-snippet:-1","max-image-preview":"max-image-preview:large","max-video-preview":"max-video-preview:-1"},"canonical":"https:\/\/redenoticiaz.com.br\/ribeiraopreto-regiao\/sp\/2026\/09\/02\/bolsa-brasileira-sobe-13-e-alcanca-maior-patamar-em-quatro-meses","og_locale":"pt_BR","og_type":"article","og_title":"Bolsa brasileira sobe 1,3% e alcan\u00e7a maior patamar em quatro meses - Ribeir\u00e3o Preto e Regi\u00e3o","og_description":"A alta internacional do petr\u00f3leo beneficiou o mercado financeiro no Brasil, resultando na queda do d\u00f3lar e no avan\u00e7o da bolsa. O d\u00f3lar comercial encerrou a ter\u00e7a-feira (1\u00ba) cotado a R$ 5,15, uma baixa de 0,54%, acumulando uma desvaloriza\u00e7\u00e3o de 6,12% no ano. No mesmo dia, o Ibovespa subiu 1,3%, fechando aos 179.722,48 pontos, seu &hellip;","og_url":"https:\/\/redenoticiaz.com.br\/ribeiraopreto-regiao\/sp\/2026\/09\/02\/bolsa-brasileira-sobe-13-e-alcanca-maior-patamar-em-quatro-meses","og_site_name":"Ribeir\u00e3o Preto e Regi\u00e3o","article_publisher":"https:\/\/m.facebook.com\/redenoticiaz.barretos","article_published_time":"2026-09-02T03:40:56+00:00","og_image":[{"width":400,"height":250,"url":"https:\/\/redenoticiaz.com.br\/ribeiraopreto-regiao\/wp-content\/uploads\/sites\/4\/2022\/02\/logo.jpg","type":"image\/jpeg"}],"author":"Patr\u00edcia Prado","twitter_card":"summary_large_image","twitter_creator":"@RN_barretos","twitter_site":"@RN_barretos","twitter_misc":{"Escrito por":"Patr\u00edcia Prado","Est. tempo de leitura":"2 minutos"},"schema":{"@context":"https:\/\/schema.org","@graph":[{"@type":"Article","@id":"https:\/\/redenoticiaz.com.br\/ribeiraopreto-regiao\/sp\/2026\/09\/02\/bolsa-brasileira-sobe-13-e-alcanca-maior-patamar-em-quatro-meses#article","isPartOf":{"@id":"https:\/\/redenoticiaz.com.br\/ribeiraopreto-regiao\/sp\/2026\/09\/02\/bolsa-brasileira-sobe-13-e-alcanca-maior-patamar-em-quatro-meses"},"author":{"name":"Patr\u00edcia Prado","@id":"https:\/\/redenoticiaz.com.br\/ribeiraopreto-regiao\/#\/schema\/person\/e1b0bd8c2637e2c1b6ddcbc2c33b116f"},"headline":"Bolsa brasileira sobe 1,3% e alcan\u00e7a maior patamar em quatro meses","datePublished":"2026-09-02T03:40:56+00:00","mainEntityOfPage":{"@id":"https:\/\/redenoticiaz.com.br\/ribeiraopreto-regiao\/sp\/2026\/09\/02\/bolsa-brasileira-sobe-13-e-alcanca-maior-patamar-em-quatro-meses"},"wordCount":343,"commentCount":0,"publisher":{"@id":"https:\/\/redenoticiaz.com.br\/ribeiraopreto-regiao\/#organization"},"image":{"@id":"https:\/\/redenoticiaz.com.br\/ribeiraopreto-regiao\/sp\/2026\/09\/02\/bolsa-brasileira-sobe-13-e-alcanca-maior-patamar-em-quatro-meses#primaryimage"},"thumbnailUrl":"https:\/\/redenoticiaz.com.br\/ribeiraopreto-regiao\/wp-content\/uploads\/sites\/4\/2026\/09\/2022-01-13t231757z_1_lynxmpei0c16j_rtroptp_4_brazil-headquarters-shift.jpg","articleSection":["Economia","Mundo","Transportes"],"inLanguage":"pt-BR","potentialAction":[{"@type":"CommentAction","name":"Comment","target":["https:\/\/redenoticiaz.com.br\/ribeiraopreto-regiao\/sp\/2026\/09\/02\/bolsa-brasileira-sobe-13-e-alcanca-maior-patamar-em-quatro-meses#respond"]}]},{"@type":"WebPage","@id":"https:\/\/redenoticiaz.com.br\/ribeiraopreto-regiao\/sp\/2026\/09\/02\/bolsa-brasileira-sobe-13-e-alcanca-maior-patamar-em-quatro-meses","url":"https:\/\/redenoticiaz.com.br\/ribeiraopreto-regiao\/sp\/2026\/09\/02\/bolsa-brasileira-sobe-13-e-alcanca-maior-patamar-em-quatro-meses","name":"Bolsa brasileira sobe 1,3% e alcan\u00e7a maior patamar em quatro meses - Ribeir\u00e3o Preto e Regi\u00e3o","isPartOf":{"@id":"https:\/\/redenoticiaz.com.br\/ribeiraopreto-regiao\/#website"},"primaryImageOfPage":{"@id":"https:\/\/redenoticiaz.com.br\/ribeiraopreto-regiao\/sp\/2026\/09\/02\/bolsa-brasileira-sobe-13-e-alcanca-maior-patamar-em-quatro-meses#primaryimage"},"image":{"@id":"https:\/\/redenoticiaz.com.br\/ribeiraopreto-regiao\/sp\/2026\/09\/02\/bolsa-brasileira-sobe-13-e-alcanca-maior-patamar-em-quatro-meses#primaryimage"},"thumbnailUrl":"https:\/\/redenoticiaz.com.br\/ribeiraopreto-regiao\/wp-content\/uploads\/sites\/4\/2026\/09\/2022-01-13t231757z_1_lynxmpei0c16j_rtroptp_4_brazil-headquarters-shift.jpg","datePublished":"2026-09-02T03:40:56+00:00","inLanguage":"pt-BR","potentialAction":[{"@type":"ReadAction","target":["https:\/\/redenoticiaz.com.br\/ribeiraopreto-regiao\/sp\/2026\/09\/02\/bolsa-brasileira-sobe-13-e-alcanca-maior-patamar-em-quatro-meses"]}]},{"@type":"ImageObject","inLanguage":"pt-BR","@id":"https:\/\/redenoticiaz.com.br\/ribeiraopreto-regiao\/sp\/2026\/09\/02\/bolsa-brasileira-sobe-13-e-alcanca-maior-patamar-em-quatro-meses#primaryimage","url":"https:\/\/redenoticiaz.com.br\/ribeiraopreto-regiao\/wp-content\/uploads\/sites\/4\/2026\/09\/2022-01-13t231757z_1_lynxmpei0c16j_rtroptp_4_brazil-headquarters-shift.jpg","contentUrl":"https:\/\/redenoticiaz.com.br\/ribeiraopreto-regiao\/wp-content\/uploads\/sites\/4\/2026\/09\/2022-01-13t231757z_1_lynxmpei0c16j_rtroptp_4_brazil-headquarters-shift.jpg","width":1600,"height":800},{"@type":"WebSite","@id":"https:\/\/redenoticiaz.com.br\/ribeiraopreto-regiao\/#website","url":"https:\/\/redenoticiaz.com.br\/ribeiraopreto-regiao\/","name":"Ribeir\u00e3o Preto e Regi\u00e3o","description":"Rede NoticiaZ - Ribeir\u00e3o Preto e regi\u00e3o","publisher":{"@id":"https:\/\/redenoticiaz.com.br\/ribeiraopreto-regiao\/#organization"},"potentialAction":[{"@type":"SearchAction","target":{"@type":"EntryPoint","urlTemplate":"https:\/\/redenoticiaz.com.br\/ribeiraopreto-regiao\/?s={search_term_string}"},"query-input":{"@type":"PropertyValueSpecification","valueRequired":true,"valueName":"search_term_string"}}],"inLanguage":"pt-BR"},{"@type":"Organization","@id":"https:\/\/redenoticiaz.com.br\/ribeiraopreto-regiao\/#organization","name":"Ribeir\u00e3o Preto e Regi\u00e3o","url":"https:\/\/redenoticiaz.com.br\/ribeiraopreto-regiao\/","logo":{"@type":"ImageObject","inLanguage":"pt-BR","@id":"https:\/\/redenoticiaz.com.br\/ribeiraopreto-regiao\/#\/schema\/logo\/image\/","url":"https:\/\/redenoticiaz.com.br\/barretos-regiao\/wp-content\/uploads\/sites\/4\/2022\/02\/logo.jpg","contentUrl":"https:\/\/redenoticiaz.com.br\/barretos-regiao\/wp-content\/uploads\/sites\/4\/2022\/02\/logo.jpg","width":400,"height":250,"caption":"Ribeir\u00e3o Preto e Regi\u00e3o"},"image":{"@id":"https:\/\/redenoticiaz.com.br\/ribeiraopreto-regiao\/#\/schema\/logo\/image\/"},"sameAs":["https:\/\/m.facebook.com\/redenoticiaz.barretos","https:\/\/x.com\/RN_barretos","https:\/\/www.instagram.com\/redenoticiaz.barretos\/?igshid=YmMyMTA2M2Y","https:\/\/www.linkedin.com\/company\/rede-noticiaz-barretos-e-regio\/"]},{"@type":"Person","@id":"https:\/\/redenoticiaz.com.br\/ribeiraopreto-regiao\/#\/schema\/person\/e1b0bd8c2637e2c1b6ddcbc2c33b116f","name":"Patr\u00edcia Prado","image":{"@type":"ImageObject","inLanguage":"pt-BR","@id":"https:\/\/secure.gravatar.com\/avatar\/92e358bef22cfcec15e054ae4d9fee04dadf0c772dc4a17b382b8a34a15354c2?s=96&d=mm&r=g","url":"https:\/\/secure.gravatar.com\/avatar\/92e358bef22cfcec15e054ae4d9fee04dadf0c772dc4a17b382b8a34a15354c2?s=96&d=mm&r=g","contentUrl":"https:\/\/secure.gravatar.com\/avatar\/92e358bef22cfcec15e054ae4d9fee04dadf0c772dc4a17b382b8a34a15354c2?s=96&d=mm&r=g","caption":"Patr\u00edcia Prado"},"url":"https:\/\/redenoticiaz.com.br\/ribeiraopreto-regiao\/sp\/author\/patricia-prado"}]}},"_links":{"self":[{"href":"https:\/\/redenoticiaz.com.br\/ribeiraopreto-regiao\/wp-json\/wp\/v2\/posts\/123067","targetHints":{"allow":["GET"]}}],"collection":[{"href":"https:\/\/redenoticiaz.com.br\/ribeiraopreto-regiao\/wp-json\/wp\/v2\/posts"}],"about":[{"href":"https:\/\/redenoticiaz.com.br\/ribeiraopreto-regiao\/wp-json\/wp\/v2\/types\/post"}],"author":[{"embeddable":true,"href":"https:\/\/redenoticiaz.com.br\/ribeiraopreto-regiao\/wp-json\/wp\/v2\/users\/5"}],"replies":[{"embeddable":true,"href":"https:\/\/redenoticiaz.com.br\/ribeiraopreto-regiao\/wp-json\/wp\/v2\/comments?post=123067"}],"version-history":[{"count":0,"href":"https:\/\/redenoticiaz.com.br\/ribeiraopreto-regiao\/wp-json\/wp\/v2\/posts\/123067\/revisions"}],"wp:featuredmedia":[{"embeddable":true,"href":"https:\/\/redenoticiaz.com.br\/ribeiraopreto-regiao\/wp-json\/wp\/v2\/media\/123068"}],"wp:attachment":[{"href":"https:\/\/redenoticiaz.com.br\/ribeiraopreto-regiao\/wp-json\/wp\/v2\/media?parent=123067"}],"wp:term":[{"taxonomy":"category","embeddable":true,"href":"https:\/\/redenoticiaz.com.br\/ribeiraopreto-regiao\/wp-json\/wp\/v2\/categories?post=123067"},{"taxonomy":"post_tag","embeddable":true,"href":"https:\/\/redenoticiaz.com.br\/ribeiraopreto-regiao\/wp-json\/wp\/v2\/tags?post=123067"}],"curies":[{"name":"wp","href":"https:\/\/api.w.org\/{rel}","templated":true}]}}