{"id":123079,"date":"2026-09-02T09:01:57","date_gmt":"2026-09-02T12:01:57","guid":{"rendered":"https:\/\/redenoticiaz.com.br\/ribeiraopreto-regiao\/sp\/2026\/09\/02\/chuvas-e-trovoadas-marcam-quarta-feira-no-sudeste-e-centro-oeste"},"modified":"2026-09-02T09:01:57","modified_gmt":"2026-09-02T12:01:57","slug":"chuvas-e-trovoadas-marcam-quarta-feira-no-sudeste-e-centro-oeste","status":"publish","type":"post","link":"https:\/\/redenoticiaz.com.br\/ribeiraopreto-regiao\/sp\/2026\/09\/02\/chuvas-e-trovoadas-marcam-quarta-feira-no-sudeste-e-centro-oeste","title":{"rendered":"Chuvas e trovoadas marcam quarta-feira no Sudeste e Centro-Oeste"},"content":{"rendered":"<p>Uma frente fria e um ciclone extratropical provocam chuvas e trovoadas nesta quarta-feira (2) no Sudeste e sul do Nordeste do Brasil, de acordo com o Instituto Nacional de Meteorologia (Inmet). No Centro-Oeste, h\u00e1 previs\u00e3o de chuvas isoladas em algumas \u00e1reas.<\/p>\n<p>No Centro-Oeste, Mato Grosso, o centro-norte de Goi\u00e1s e o Distrito Federal devem enfrentar chuva isolada. Em Mato Grosso do Sul, o c\u00e9u apresenta muitas nuvens no norte, enquanto o restante do estado ter\u00e1 um dia mais claro e temperaturas amenas.<\/p>\n<p>A temperatura m\u00ednima nas capitais do Centro-Oeste \u00e9 de 15 graus Celsius (\u00b0C) em Campo Grande, enquanto Cuiab\u00e1 pode registrar uma m\u00e1xima de 35\u00b0C.<\/p>\n<p>Na Regi\u00e3o Sudeste, esperam-se pancadas de chuva no Rio de Janeiro, no nordeste de Minas Gerais e no centro-norte do Esp\u00edrito Santo. Em S\u00e3o Paulo, o dia ser\u00e1 ensolarado, com poucas nuvens.<\/p>\n<p>A m\u00ednima em S\u00e3o Paulo deve ser 12\u00b0C, enquanto Belo Horizonte pode alcan\u00e7ar 27\u00b0C durante a tarde.<\/p>\n<p>No Nordeste, h\u00e1 possibilidade de chuva isolada pela manh\u00e3 no litoral norte de Alagoas, em partes de Pernambuco, Para\u00edba e Rio Grande do Norte, al\u00e9m do extremo sul da Bahia. Pancadas isoladas s\u00e3o esperadas no oeste e noroeste do Maranh\u00e3o.<\/p>\n<p>Na divisa entre Bahia e Minas Gerais e Goi\u00e1s, a chuva isolada pode ocorrer \u00e0 tarde, com maior intensidade e trovoadas \u00e0 noite no sul da Bahia.<\/p>\n<p>Entre as capitais nordestinas, as m\u00ednimas ser\u00e3o de 22\u00b0C em Macei\u00f3 e Salvador, enquanto Teresina pode alcan\u00e7ar 40\u00b0C.<\/p>\n<p>No Norte do pa\u00eds, pancadas de chuva e trovoadas isoladas s\u00e3o previs\u00edveis no oeste e norte do Amazonas e no centro-oeste do Acre. Outros estados, como Rond\u00f4nia, Roraima, Amap\u00e1 e o centro-norte do Par\u00e1, tamb\u00e9m podem ter chuvas.<\/p>\n<p>Em Palmas, as chuvas isoladas podem ocorrer ap\u00f3s um longo per\u00edodo de tempo seco, mas o leste do Tocantins n\u00e3o deve ter precipita\u00e7\u00f5es. A m\u00ednima nas capitais da Regi\u00e3o Norte deve ser de 23\u00b0C em Rio Branco, enquanto a m\u00e1xima em Palmas pode chegar a 39\u00b0C.<\/p>\n<p>Por fim, a Regi\u00e3o Sul do Brasil ter\u00e1 um dia ensolarado e est\u00e1vel, embora as temperaturas no alto das serras do Rio Grande do Sul e de Santa Catarina possam cair e ocorrer geadas. Curitiba deve registrar m\u00e1ximas de 19\u00b0C e m\u00ednimas de 6\u00b0C.<\/p>\n","protected":false},"excerpt":{"rendered":"<p>Uma frente fria e um ciclone extratropical provocam chuvas e trovoadas nesta quarta-feira (2) no Sudeste e sul do Nordeste do Brasil, de acordo com o Instituto Nacional de Meteorologia (Inmet). No Centro-Oeste, h\u00e1 previs\u00e3o de chuvas isoladas em algumas \u00e1reas. No Centro-Oeste, Mato Grosso, o centro-norte de Goi\u00e1s e o Distrito Federal devem enfrentar &hellip;<\/p>\n","protected":false},"author":5,"featured_media":123080,"comment_status":"open","ping_status":"closed","sticky":false,"template":"","format":"standard","meta":{"footnotes":""},"categories":[1771],"tags":[],"class_list":["post-123079","post","type-post","status-publish","format-standard","has-post-thumbnail","hentry","category-climatologia"],"yoast_head":"<!-- This site is optimized with the Yoast SEO plugin v28.4 - https:\/\/yoast.com\/product\/yoast-seo-wordpress\/ -->\n<title>Chuvas e trovoadas marcam quarta-feira no Sudeste e Centro-Oeste - Ribeir\u00e3o Preto e Regi\u00e3o<\/title>\n<meta name=\"robots\" content=\"index, follow, max-snippet:-1, max-image-preview:large, max-video-preview:-1\" \/>\n<link rel=\"canonical\" href=\"https:\/\/redenoticiaz.com.br\/ribeiraopreto-regiao\/sp\/2026\/09\/02\/chuvas-e-trovoadas-marcam-quarta-feira-no-sudeste-e-centro-oeste\" \/>\n<meta property=\"og:locale\" content=\"pt_BR\" \/>\n<meta property=\"og:type\" content=\"article\" \/>\n<meta property=\"og:title\" content=\"Chuvas e trovoadas marcam quarta-feira no Sudeste e Centro-Oeste - Ribeir\u00e3o Preto e Regi\u00e3o\" \/>\n<meta property=\"og:description\" content=\"Uma frente fria e um ciclone extratropical provocam chuvas e trovoadas nesta quarta-feira (2) no Sudeste e sul do Nordeste do Brasil, de acordo com o Instituto Nacional de Meteorologia (Inmet). No Centro-Oeste, h\u00e1 previs\u00e3o de chuvas isoladas em algumas \u00e1reas. No Centro-Oeste, Mato Grosso, o centro-norte de Goi\u00e1s e o Distrito Federal devem enfrentar &hellip;\" \/>\n<meta property=\"og:url\" content=\"https:\/\/redenoticiaz.com.br\/ribeiraopreto-regiao\/sp\/2026\/09\/02\/chuvas-e-trovoadas-marcam-quarta-feira-no-sudeste-e-centro-oeste\" \/>\n<meta property=\"og:site_name\" content=\"Ribeir\u00e3o Preto e Regi\u00e3o\" \/>\n<meta property=\"article:publisher\" content=\"https:\/\/m.facebook.com\/redenoticiaz.barretos\" \/>\n<meta property=\"article:published_time\" content=\"2026-09-02T12:01:57+00:00\" \/>\n<meta property=\"og:image\" content=\"https:\/\/redenoticiaz.com.br\/ribeiraopreto-regiao\/wp-content\/uploads\/sites\/4\/2022\/02\/logo.jpg\" \/>\n\t<meta property=\"og:image:width\" content=\"400\" \/>\n\t<meta property=\"og:image:height\" content=\"250\" \/>\n\t<meta property=\"og:image:type\" content=\"image\/jpeg\" \/>\n<meta name=\"author\" content=\"Patr\u00edcia Prado\" \/>\n<meta name=\"twitter:card\" content=\"summary_large_image\" \/>\n<meta name=\"twitter:creator\" content=\"@RN_barretos\" \/>\n<meta name=\"twitter:site\" content=\"@RN_barretos\" \/>\n<meta name=\"twitter:label1\" content=\"Escrito por\" \/>\n\t<meta name=\"twitter:data1\" content=\"Patr\u00edcia Prado\" \/>\n\t<meta name=\"twitter:label2\" content=\"Est. tempo de leitura\" \/>\n\t<meta name=\"twitter:data2\" content=\"2 minutos\" \/>\n<script type=\"application\/ld+json\" class=\"yoast-schema-graph\">{\"@context\":\"https:\\\/\\\/schema.org\",\"@graph\":[{\"@type\":\"Article\",\"@id\":\"https:\\\/\\\/redenoticiaz.com.br\\\/ribeiraopreto-regiao\\\/sp\\\/2026\\\/09\\\/02\\\/chuvas-e-trovoadas-marcam-quarta-feira-no-sudeste-e-centro-oeste#article\",\"isPartOf\":{\"@id\":\"https:\\\/\\\/redenoticiaz.com.br\\\/ribeiraopreto-regiao\\\/sp\\\/2026\\\/09\\\/02\\\/chuvas-e-trovoadas-marcam-quarta-feira-no-sudeste-e-centro-oeste\"},\"author\":{\"name\":\"Patr\u00edcia Prado\",\"@id\":\"https:\\\/\\\/redenoticiaz.com.br\\\/ribeiraopreto-regiao\\\/#\\\/schema\\\/person\\\/e1b0bd8c2637e2c1b6ddcbc2c33b116f\"},\"headline\":\"Chuvas e trovoadas marcam quarta-feira no Sudeste e Centro-Oeste\",\"datePublished\":\"2026-09-02T12:01:57+00:00\",\"mainEntityOfPage\":{\"@id\":\"https:\\\/\\\/redenoticiaz.com.br\\\/ribeiraopreto-regiao\\\/sp\\\/2026\\\/09\\\/02\\\/chuvas-e-trovoadas-marcam-quarta-feira-no-sudeste-e-centro-oeste\"},\"wordCount\":407,\"commentCount\":0,\"publisher\":{\"@id\":\"https:\\\/\\\/redenoticiaz.com.br\\\/ribeiraopreto-regiao\\\/#organization\"},\"image\":{\"@id\":\"https:\\\/\\\/redenoticiaz.com.br\\\/ribeiraopreto-regiao\\\/sp\\\/2026\\\/09\\\/02\\\/chuvas-e-trovoadas-marcam-quarta-feira-no-sudeste-e-centro-oeste#primaryimage\"},\"thumbnailUrl\":\"https:\\\/\\\/redenoticiaz.com.br\\\/ribeiraopreto-regiao\\\/wp-content\\\/uploads\\\/sites\\\/4\\\/2026\\\/09\\\/d6a6654.jpg\",\"articleSection\":[\"Climatologia\"],\"inLanguage\":\"pt-BR\",\"potentialAction\":[{\"@type\":\"CommentAction\",\"name\":\"Comment\",\"target\":[\"https:\\\/\\\/redenoticiaz.com.br\\\/ribeiraopreto-regiao\\\/sp\\\/2026\\\/09\\\/02\\\/chuvas-e-trovoadas-marcam-quarta-feira-no-sudeste-e-centro-oeste#respond\"]}]},{\"@type\":\"WebPage\",\"@id\":\"https:\\\/\\\/redenoticiaz.com.br\\\/ribeiraopreto-regiao\\\/sp\\\/2026\\\/09\\\/02\\\/chuvas-e-trovoadas-marcam-quarta-feira-no-sudeste-e-centro-oeste\",\"url\":\"https:\\\/\\\/redenoticiaz.com.br\\\/ribeiraopreto-regiao\\\/sp\\\/2026\\\/09\\\/02\\\/chuvas-e-trovoadas-marcam-quarta-feira-no-sudeste-e-centro-oeste\",\"name\":\"Chuvas e trovoadas marcam quarta-feira no Sudeste e Centro-Oeste - Ribeir\u00e3o Preto e Regi\u00e3o\",\"isPartOf\":{\"@id\":\"https:\\\/\\\/redenoticiaz.com.br\\\/ribeiraopreto-regiao\\\/#website\"},\"primaryImageOfPage\":{\"@id\":\"https:\\\/\\\/redenoticiaz.com.br\\\/ribeiraopreto-regiao\\\/sp\\\/2026\\\/09\\\/02\\\/chuvas-e-trovoadas-marcam-quarta-feira-no-sudeste-e-centro-oeste#primaryimage\"},\"image\":{\"@id\":\"https:\\\/\\\/redenoticiaz.com.br\\\/ribeiraopreto-regiao\\\/sp\\\/2026\\\/09\\\/02\\\/chuvas-e-trovoadas-marcam-quarta-feira-no-sudeste-e-centro-oeste#primaryimage\"},\"thumbnailUrl\":\"https:\\\/\\\/redenoticiaz.com.br\\\/ribeiraopreto-regiao\\\/wp-content\\\/uploads\\\/sites\\\/4\\\/2026\\\/09\\\/d6a6654.jpg\",\"datePublished\":\"2026-09-02T12:01:57+00:00\",\"inLanguage\":\"pt-BR\",\"potentialAction\":[{\"@type\":\"ReadAction\",\"target\":[\"https:\\\/\\\/redenoticiaz.com.br\\\/ribeiraopreto-regiao\\\/sp\\\/2026\\\/09\\\/02\\\/chuvas-e-trovoadas-marcam-quarta-feira-no-sudeste-e-centro-oeste\"]}]},{\"@type\":\"ImageObject\",\"inLanguage\":\"pt-BR\",\"@id\":\"https:\\\/\\\/redenoticiaz.com.br\\\/ribeiraopreto-regiao\\\/sp\\\/2026\\\/09\\\/02\\\/chuvas-e-trovoadas-marcam-quarta-feira-no-sudeste-e-centro-oeste#primaryimage\",\"url\":\"https:\\\/\\\/redenoticiaz.com.br\\\/ribeiraopreto-regiao\\\/wp-content\\\/uploads\\\/sites\\\/4\\\/2026\\\/09\\\/d6a6654.jpg\",\"contentUrl\":\"https:\\\/\\\/redenoticiaz.com.br\\\/ribeiraopreto-regiao\\\/wp-content\\\/uploads\\\/sites\\\/4\\\/2026\\\/09\\\/d6a6654.jpg\",\"width\":1600,\"height\":800},{\"@type\":\"WebSite\",\"@id\":\"https:\\\/\\\/redenoticiaz.com.br\\\/ribeiraopreto-regiao\\\/#website\",\"url\":\"https:\\\/\\\/redenoticiaz.com.br\\\/ribeiraopreto-regiao\\\/\",\"name\":\"Ribeir\u00e3o Preto e Regi\u00e3o\",\"description\":\"Rede NoticiaZ - Ribeir\u00e3o Preto e regi\u00e3o\",\"publisher\":{\"@id\":\"https:\\\/\\\/redenoticiaz.com.br\\\/ribeiraopreto-regiao\\\/#organization\"},\"potentialAction\":[{\"@type\":\"SearchAction\",\"target\":{\"@type\":\"EntryPoint\",\"urlTemplate\":\"https:\\\/\\\/redenoticiaz.com.br\\\/ribeiraopreto-regiao\\\/?s={search_term_string}\"},\"query-input\":{\"@type\":\"PropertyValueSpecification\",\"valueRequired\":true,\"valueName\":\"search_term_string\"}}],\"inLanguage\":\"pt-BR\"},{\"@type\":\"Organization\",\"@id\":\"https:\\\/\\\/redenoticiaz.com.br\\\/ribeiraopreto-regiao\\\/#organization\",\"name\":\"Ribeir\u00e3o Preto e Regi\u00e3o\",\"url\":\"https:\\\/\\\/redenoticiaz.com.br\\\/ribeiraopreto-regiao\\\/\",\"logo\":{\"@type\":\"ImageObject\",\"inLanguage\":\"pt-BR\",\"@id\":\"https:\\\/\\\/redenoticiaz.com.br\\\/ribeiraopreto-regiao\\\/#\\\/schema\\\/logo\\\/image\\\/\",\"url\":\"https:\\\/\\\/redenoticiaz.com.br\\\/barretos-regiao\\\/wp-content\\\/uploads\\\/sites\\\/4\\\/2022\\\/02\\\/logo.jpg\",\"contentUrl\":\"https:\\\/\\\/redenoticiaz.com.br\\\/barretos-regiao\\\/wp-content\\\/uploads\\\/sites\\\/4\\\/2022\\\/02\\\/logo.jpg\",\"width\":400,\"height\":250,\"caption\":\"Ribeir\u00e3o Preto e Regi\u00e3o\"},\"image\":{\"@id\":\"https:\\\/\\\/redenoticiaz.com.br\\\/ribeiraopreto-regiao\\\/#\\\/schema\\\/logo\\\/image\\\/\"},\"sameAs\":[\"https:\\\/\\\/m.facebook.com\\\/redenoticiaz.barretos\",\"https:\\\/\\\/x.com\\\/RN_barretos\",\"https:\\\/\\\/www.instagram.com\\\/redenoticiaz.barretos\\\/?igshid=YmMyMTA2M2Y\",\"https:\\\/\\\/www.linkedin.com\\\/company\\\/rede-noticiaz-barretos-e-regio\\\/\"]},{\"@type\":\"Person\",\"@id\":\"https:\\\/\\\/redenoticiaz.com.br\\\/ribeiraopreto-regiao\\\/#\\\/schema\\\/person\\\/e1b0bd8c2637e2c1b6ddcbc2c33b116f\",\"name\":\"Patr\u00edcia Prado\",\"image\":{\"@type\":\"ImageObject\",\"inLanguage\":\"pt-BR\",\"@id\":\"https:\\\/\\\/secure.gravatar.com\\\/avatar\\\/92e358bef22cfcec15e054ae4d9fee04dadf0c772dc4a17b382b8a34a15354c2?s=96&d=mm&r=g\",\"url\":\"https:\\\/\\\/secure.gravatar.com\\\/avatar\\\/92e358bef22cfcec15e054ae4d9fee04dadf0c772dc4a17b382b8a34a15354c2?s=96&d=mm&r=g\",\"contentUrl\":\"https:\\\/\\\/secure.gravatar.com\\\/avatar\\\/92e358bef22cfcec15e054ae4d9fee04dadf0c772dc4a17b382b8a34a15354c2?s=96&d=mm&r=g\",\"caption\":\"Patr\u00edcia Prado\"},\"url\":\"https:\\\/\\\/redenoticiaz.com.br\\\/ribeiraopreto-regiao\\\/sp\\\/author\\\/patricia-prado\"}]}<\/script>\n<!-- \/ Yoast SEO plugin. -->","yoast_head_json":{"title":"Chuvas e trovoadas marcam quarta-feira no Sudeste e Centro-Oeste - Ribeir\u00e3o Preto e Regi\u00e3o","robots":{"index":"index","follow":"follow","max-snippet":"max-snippet:-1","max-image-preview":"max-image-preview:large","max-video-preview":"max-video-preview:-1"},"canonical":"https:\/\/redenoticiaz.com.br\/ribeiraopreto-regiao\/sp\/2026\/09\/02\/chuvas-e-trovoadas-marcam-quarta-feira-no-sudeste-e-centro-oeste","og_locale":"pt_BR","og_type":"article","og_title":"Chuvas e trovoadas marcam quarta-feira no Sudeste e Centro-Oeste - Ribeir\u00e3o Preto e Regi\u00e3o","og_description":"Uma frente fria e um ciclone extratropical provocam chuvas e trovoadas nesta quarta-feira (2) no Sudeste e sul do Nordeste do Brasil, de acordo com o Instituto Nacional de Meteorologia (Inmet). No Centro-Oeste, h\u00e1 previs\u00e3o de chuvas isoladas em algumas \u00e1reas. No Centro-Oeste, Mato Grosso, o centro-norte de Goi\u00e1s e o Distrito Federal devem enfrentar &hellip;","og_url":"https:\/\/redenoticiaz.com.br\/ribeiraopreto-regiao\/sp\/2026\/09\/02\/chuvas-e-trovoadas-marcam-quarta-feira-no-sudeste-e-centro-oeste","og_site_name":"Ribeir\u00e3o Preto e Regi\u00e3o","article_publisher":"https:\/\/m.facebook.com\/redenoticiaz.barretos","article_published_time":"2026-09-02T12:01:57+00:00","og_image":[{"width":400,"height":250,"url":"https:\/\/redenoticiaz.com.br\/ribeiraopreto-regiao\/wp-content\/uploads\/sites\/4\/2022\/02\/logo.jpg","type":"image\/jpeg"}],"author":"Patr\u00edcia Prado","twitter_card":"summary_large_image","twitter_creator":"@RN_barretos","twitter_site":"@RN_barretos","twitter_misc":{"Escrito por":"Patr\u00edcia Prado","Est. tempo de leitura":"2 minutos"},"schema":{"@context":"https:\/\/schema.org","@graph":[{"@type":"Article","@id":"https:\/\/redenoticiaz.com.br\/ribeiraopreto-regiao\/sp\/2026\/09\/02\/chuvas-e-trovoadas-marcam-quarta-feira-no-sudeste-e-centro-oeste#article","isPartOf":{"@id":"https:\/\/redenoticiaz.com.br\/ribeiraopreto-regiao\/sp\/2026\/09\/02\/chuvas-e-trovoadas-marcam-quarta-feira-no-sudeste-e-centro-oeste"},"author":{"name":"Patr\u00edcia Prado","@id":"https:\/\/redenoticiaz.com.br\/ribeiraopreto-regiao\/#\/schema\/person\/e1b0bd8c2637e2c1b6ddcbc2c33b116f"},"headline":"Chuvas e trovoadas marcam quarta-feira no Sudeste e Centro-Oeste","datePublished":"2026-09-02T12:01:57+00:00","mainEntityOfPage":{"@id":"https:\/\/redenoticiaz.com.br\/ribeiraopreto-regiao\/sp\/2026\/09\/02\/chuvas-e-trovoadas-marcam-quarta-feira-no-sudeste-e-centro-oeste"},"wordCount":407,"commentCount":0,"publisher":{"@id":"https:\/\/redenoticiaz.com.br\/ribeiraopreto-regiao\/#organization"},"image":{"@id":"https:\/\/redenoticiaz.com.br\/ribeiraopreto-regiao\/sp\/2026\/09\/02\/chuvas-e-trovoadas-marcam-quarta-feira-no-sudeste-e-centro-oeste#primaryimage"},"thumbnailUrl":"https:\/\/redenoticiaz.com.br\/ribeiraopreto-regiao\/wp-content\/uploads\/sites\/4\/2026\/09\/d6a6654.jpg","articleSection":["Climatologia"],"inLanguage":"pt-BR","potentialAction":[{"@type":"CommentAction","name":"Comment","target":["https:\/\/redenoticiaz.com.br\/ribeiraopreto-regiao\/sp\/2026\/09\/02\/chuvas-e-trovoadas-marcam-quarta-feira-no-sudeste-e-centro-oeste#respond"]}]},{"@type":"WebPage","@id":"https:\/\/redenoticiaz.com.br\/ribeiraopreto-regiao\/sp\/2026\/09\/02\/chuvas-e-trovoadas-marcam-quarta-feira-no-sudeste-e-centro-oeste","url":"https:\/\/redenoticiaz.com.br\/ribeiraopreto-regiao\/sp\/2026\/09\/02\/chuvas-e-trovoadas-marcam-quarta-feira-no-sudeste-e-centro-oeste","name":"Chuvas e trovoadas marcam quarta-feira no Sudeste e Centro-Oeste - Ribeir\u00e3o Preto e Regi\u00e3o","isPartOf":{"@id":"https:\/\/redenoticiaz.com.br\/ribeiraopreto-regiao\/#website"},"primaryImageOfPage":{"@id":"https:\/\/redenoticiaz.com.br\/ribeiraopreto-regiao\/sp\/2026\/09\/02\/chuvas-e-trovoadas-marcam-quarta-feira-no-sudeste-e-centro-oeste#primaryimage"},"image":{"@id":"https:\/\/redenoticiaz.com.br\/ribeiraopreto-regiao\/sp\/2026\/09\/02\/chuvas-e-trovoadas-marcam-quarta-feira-no-sudeste-e-centro-oeste#primaryimage"},"thumbnailUrl":"https:\/\/redenoticiaz.com.br\/ribeiraopreto-regiao\/wp-content\/uploads\/sites\/4\/2026\/09\/d6a6654.jpg","datePublished":"2026-09-02T12:01:57+00:00","inLanguage":"pt-BR","potentialAction":[{"@type":"ReadAction","target":["https:\/\/redenoticiaz.com.br\/ribeiraopreto-regiao\/sp\/2026\/09\/02\/chuvas-e-trovoadas-marcam-quarta-feira-no-sudeste-e-centro-oeste"]}]},{"@type":"ImageObject","inLanguage":"pt-BR","@id":"https:\/\/redenoticiaz.com.br\/ribeiraopreto-regiao\/sp\/2026\/09\/02\/chuvas-e-trovoadas-marcam-quarta-feira-no-sudeste-e-centro-oeste#primaryimage","url":"https:\/\/redenoticiaz.com.br\/ribeiraopreto-regiao\/wp-content\/uploads\/sites\/4\/2026\/09\/d6a6654.jpg","contentUrl":"https:\/\/redenoticiaz.com.br\/ribeiraopreto-regiao\/wp-content\/uploads\/sites\/4\/2026\/09\/d6a6654.jpg","width":1600,"height":800},{"@type":"WebSite","@id":"https:\/\/redenoticiaz.com.br\/ribeiraopreto-regiao\/#website","url":"https:\/\/redenoticiaz.com.br\/ribeiraopreto-regiao\/","name":"Ribeir\u00e3o Preto e Regi\u00e3o","description":"Rede NoticiaZ - Ribeir\u00e3o Preto e regi\u00e3o","publisher":{"@id":"https:\/\/redenoticiaz.com.br\/ribeiraopreto-regiao\/#organization"},"potentialAction":[{"@type":"SearchAction","target":{"@type":"EntryPoint","urlTemplate":"https:\/\/redenoticiaz.com.br\/ribeiraopreto-regiao\/?s={search_term_string}"},"query-input":{"@type":"PropertyValueSpecification","valueRequired":true,"valueName":"search_term_string"}}],"inLanguage":"pt-BR"},{"@type":"Organization","@id":"https:\/\/redenoticiaz.com.br\/ribeiraopreto-regiao\/#organization","name":"Ribeir\u00e3o Preto e Regi\u00e3o","url":"https:\/\/redenoticiaz.com.br\/ribeiraopreto-regiao\/","logo":{"@type":"ImageObject","inLanguage":"pt-BR","@id":"https:\/\/redenoticiaz.com.br\/ribeiraopreto-regiao\/#\/schema\/logo\/image\/","url":"https:\/\/redenoticiaz.com.br\/barretos-regiao\/wp-content\/uploads\/sites\/4\/2022\/02\/logo.jpg","contentUrl":"https:\/\/redenoticiaz.com.br\/barretos-regiao\/wp-content\/uploads\/sites\/4\/2022\/02\/logo.jpg","width":400,"height":250,"caption":"Ribeir\u00e3o Preto e Regi\u00e3o"},"image":{"@id":"https:\/\/redenoticiaz.com.br\/ribeiraopreto-regiao\/#\/schema\/logo\/image\/"},"sameAs":["https:\/\/m.facebook.com\/redenoticiaz.barretos","https:\/\/x.com\/RN_barretos","https:\/\/www.instagram.com\/redenoticiaz.barretos\/?igshid=YmMyMTA2M2Y","https:\/\/www.linkedin.com\/company\/rede-noticiaz-barretos-e-regio\/"]},{"@type":"Person","@id":"https:\/\/redenoticiaz.com.br\/ribeiraopreto-regiao\/#\/schema\/person\/e1b0bd8c2637e2c1b6ddcbc2c33b116f","name":"Patr\u00edcia Prado","image":{"@type":"ImageObject","inLanguage":"pt-BR","@id":"https:\/\/secure.gravatar.com\/avatar\/92e358bef22cfcec15e054ae4d9fee04dadf0c772dc4a17b382b8a34a15354c2?s=96&d=mm&r=g","url":"https:\/\/secure.gravatar.com\/avatar\/92e358bef22cfcec15e054ae4d9fee04dadf0c772dc4a17b382b8a34a15354c2?s=96&d=mm&r=g","contentUrl":"https:\/\/secure.gravatar.com\/avatar\/92e358bef22cfcec15e054ae4d9fee04dadf0c772dc4a17b382b8a34a15354c2?s=96&d=mm&r=g","caption":"Patr\u00edcia Prado"},"url":"https:\/\/redenoticiaz.com.br\/ribeiraopreto-regiao\/sp\/author\/patricia-prado"}]}},"_links":{"self":[{"href":"https:\/\/redenoticiaz.com.br\/ribeiraopreto-regiao\/wp-json\/wp\/v2\/posts\/123079","targetHints":{"allow":["GET"]}}],"collection":[{"href":"https:\/\/redenoticiaz.com.br\/ribeiraopreto-regiao\/wp-json\/wp\/v2\/posts"}],"about":[{"href":"https:\/\/redenoticiaz.com.br\/ribeiraopreto-regiao\/wp-json\/wp\/v2\/types\/post"}],"author":[{"embeddable":true,"href":"https:\/\/redenoticiaz.com.br\/ribeiraopreto-regiao\/wp-json\/wp\/v2\/users\/5"}],"replies":[{"embeddable":true,"href":"https:\/\/redenoticiaz.com.br\/ribeiraopreto-regiao\/wp-json\/wp\/v2\/comments?post=123079"}],"version-history":[{"count":0,"href":"https:\/\/redenoticiaz.com.br\/ribeiraopreto-regiao\/wp-json\/wp\/v2\/posts\/123079\/revisions"}],"wp:featuredmedia":[{"embeddable":true,"href":"https:\/\/redenoticiaz.com.br\/ribeiraopreto-regiao\/wp-json\/wp\/v2\/media\/123080"}],"wp:attachment":[{"href":"https:\/\/redenoticiaz.com.br\/ribeiraopreto-regiao\/wp-json\/wp\/v2\/media?parent=123079"}],"wp:term":[{"taxonomy":"category","embeddable":true,"href":"https:\/\/redenoticiaz.com.br\/ribeiraopreto-regiao\/wp-json\/wp\/v2\/categories?post=123079"},{"taxonomy":"post_tag","embeddable":true,"href":"https:\/\/redenoticiaz.com.br\/ribeiraopreto-regiao\/wp-json\/wp\/v2\/tags?post=123079"}],"curies":[{"name":"wp","href":"https:\/\/api.w.org\/{rel}","templated":true}]}}