{"id":123083,"date":"2026-09-02T10:04:02","date_gmt":"2026-09-02T13:04:02","guid":{"rendered":"https:\/\/redenoticiaz.com.br\/ribeiraopreto-regiao\/sp\/2026\/09\/02\/assassinatos-no-campo-diminuem-mas-conflitos-agrarios-aumentam-no-brasil"},"modified":"2026-09-02T10:04:02","modified_gmt":"2026-09-02T13:04:02","slug":"assassinatos-no-campo-diminuem-mas-conflitos-agrarios-aumentam-no-brasil","status":"publish","type":"post","link":"https:\/\/redenoticiaz.com.br\/ribeiraopreto-regiao\/sp\/2026\/09\/02\/assassinatos-no-campo-diminuem-mas-conflitos-agrarios-aumentam-no-brasil","title":{"rendered":"Assassinatos no campo diminuem, mas conflitos agr\u00e1rios aumentam no Brasil"},"content":{"rendered":"<p>O Brasil registrou um aumento nos conflitos agr\u00e1rios no primeiro semestre de 2026, mas reduziu o n\u00famero de assassinatos no campo em compara\u00e7\u00e3o ao mesmo per\u00edodo do ano anterior. Os dados foram divulgados nesta quarta-feira (2) pela Comiss\u00e3o Pastoral da Terra (CPT). Enquanto o n\u00famero de assassinatos caiu de 27 para seis, os conflitos cresceram de 798 para 841.<\/p>\n<p>O Maranh\u00e3o liderou as estat\u00edsticas de conflitos agr\u00e1rios, com 156 casos, seguido por Par\u00e1 (90), Bahia (85), Rond\u00f4nia (63) e Amazonas (63). Estes dados servir\u00e3o como base para a avalia\u00e7\u00e3o das tend\u00eancias dos conflitos no campo e ser\u00e3o incluidos no relat\u00f3rio anual \u201cConflitos no Campo Brasil\u201d, a ser lan\u00e7ado em 2027.<\/p>\n<p>A CPT observa que a mercantiliza\u00e7\u00e3o e a financeiriza\u00e7\u00e3o da terra tornaram-se mais intensas, com a crescente presen\u00e7a de fundos de pens\u00e3o e interesse em \u201cterras raras\u201d, frequentemente localizadas em comunidades tradicionais. \u201cToda essa corrida pela terra acontece cada vez mais no territ\u00f3rio brasileiro\u201d, afirmou Cec\u00edlia Gomes, coordenadora nacional da CPT.<\/p>\n<p>Dos 841 conflitos registrados, a maior parte (711) diz respeito a disputas por terra, seguidos por conflitos relacionados \u00e0 \u00e1gua (100) e casos de trabalho escravo rural (30). Conflitos por terra inclu\u00edram 663 casos de viol\u00eancia e 48 de resist\u00eancia. A viol\u00eancia relacionada a agrot\u00f3xicos aumentou de 98 para 169 casos, e a contamina\u00e7\u00e3o por min\u00e9rios foi a forma mais frequente de agress\u00e3o, com 195 registros em Jacareacanga, no Par\u00e1.<\/p>\n<p>Os conflitos pela \u00e1gua cresceram para 100 registros, sendo o Par\u00e1 o estado com maior n\u00famero de ocorr\u00eancias (16). Este aumento \u00e9 atribu\u00eddo \u00e0s lutas dos povos ind\u00edgenas contra a privatiza\u00e7\u00e3o dos rios e a atua\u00e7\u00e3o de mineradoras. Um importante avan\u00e7o foi a revoga\u00e7\u00e3o do Decreto n\u00ba 12.600\/2025, que inclu\u00eda hidrovias no Programa Nacional de Desestatiza\u00e7\u00e3o.<\/p>\n<p>Os casos de trabalho escravo rural diminu\u00edram em 2026, com 30 registros, comparados a 101 no primeiro semestre de 2025. O estado de S\u00e3o Paulo destacou-se com o maior n\u00famero de trabalhadores resgatados (148) e casos registrados (cinco).<\/p>\n<p>Entre os seis assassinatos ocorridos, destaca-se o massacre de tr\u00eas posseiras em L\u00e1brea (AM). Os dados de viol\u00eancia geral tamb\u00e9m aumentaram, com o n\u00famero total de casos subindo de 418 para 588. A CPT ressalta que as principais v\u00edtimas dessa viol\u00eancia s\u00e3o os povos ind\u00edgenas e os trabalhadores sem-terra.<\/p>\n<p>As manifesta\u00e7\u00f5es tamb\u00e9m aumentaram, passando de 253 no primeiro semestre de 2025 para 284 em 2026. Os protestos refletem as lutas por demarca\u00e7\u00e3o de terras, contra o uso de agrot\u00f3xicos, e por melhores condi\u00e7\u00f5es de trabalho.<\/p>\n<p>Cec\u00edlia Gomes enfatizou que a CPT n\u00e3o se limita a documentar a viol\u00eancia, mas atua em parceria com as comunidades para enfrentar as injusti\u00e7as e construir pol\u00edticas p\u00fablicas voltadas para o campo.<\/p>\n","protected":false},"excerpt":{"rendered":"<p>O Brasil registrou um aumento nos conflitos agr\u00e1rios no primeiro semestre de 2026, mas reduziu o n\u00famero de assassinatos no campo em compara\u00e7\u00e3o ao mesmo per\u00edodo do ano anterior. Os dados foram divulgados nesta quarta-feira (2) pela Comiss\u00e3o Pastoral da Terra (CPT). Enquanto o n\u00famero de assassinatos caiu de 27 para seis, os conflitos cresceram &hellip;<\/p>\n","protected":false},"author":5,"featured_media":123084,"comment_status":"open","ping_status":"closed","sticky":false,"template":"","format":"standard","meta":{"footnotes":""},"categories":[29902,186,2075],"tags":[],"class_list":["post-123083","post","type-post","status-publish","format-standard","has-post-thumbnail","hentry","category-emprego","category-politica","category-trabalho"],"yoast_head":"<!-- This site is optimized with the Yoast SEO plugin v28.4 - https:\/\/yoast.com\/product\/yoast-seo-wordpress\/ -->\n<title>Assassinatos no campo diminuem, mas conflitos agr\u00e1rios aumentam no Brasil - Ribeir\u00e3o Preto e Regi\u00e3o<\/title>\n<meta name=\"robots\" content=\"index, follow, max-snippet:-1, max-image-preview:large, max-video-preview:-1\" \/>\n<link rel=\"canonical\" href=\"https:\/\/redenoticiaz.com.br\/ribeiraopreto-regiao\/sp\/2026\/09\/02\/assassinatos-no-campo-diminuem-mas-conflitos-agrarios-aumentam-no-brasil\" \/>\n<meta property=\"og:locale\" content=\"pt_BR\" \/>\n<meta property=\"og:type\" content=\"article\" \/>\n<meta property=\"og:title\" content=\"Assassinatos no campo diminuem, mas conflitos agr\u00e1rios aumentam no Brasil - Ribeir\u00e3o Preto e Regi\u00e3o\" \/>\n<meta property=\"og:description\" content=\"O Brasil registrou um aumento nos conflitos agr\u00e1rios no primeiro semestre de 2026, mas reduziu o n\u00famero de assassinatos no campo em compara\u00e7\u00e3o ao mesmo per\u00edodo do ano anterior. Os dados foram divulgados nesta quarta-feira (2) pela Comiss\u00e3o Pastoral da Terra (CPT). Enquanto o n\u00famero de assassinatos caiu de 27 para seis, os conflitos cresceram &hellip;\" \/>\n<meta property=\"og:url\" content=\"https:\/\/redenoticiaz.com.br\/ribeiraopreto-regiao\/sp\/2026\/09\/02\/assassinatos-no-campo-diminuem-mas-conflitos-agrarios-aumentam-no-brasil\" \/>\n<meta property=\"og:site_name\" content=\"Ribeir\u00e3o Preto e Regi\u00e3o\" \/>\n<meta property=\"article:publisher\" content=\"https:\/\/m.facebook.com\/redenoticiaz.barretos\" \/>\n<meta property=\"article:published_time\" content=\"2026-09-02T13:04:02+00:00\" \/>\n<meta property=\"og:image\" content=\"https:\/\/redenoticiaz.com.br\/ribeiraopreto-regiao\/wp-content\/uploads\/sites\/4\/2022\/02\/logo.jpg\" \/>\n\t<meta property=\"og:image:width\" content=\"400\" \/>\n\t<meta property=\"og:image:height\" content=\"250\" \/>\n\t<meta property=\"og:image:type\" content=\"image\/jpeg\" \/>\n<meta name=\"author\" content=\"Patr\u00edcia Prado\" \/>\n<meta name=\"twitter:card\" content=\"summary_large_image\" \/>\n<meta name=\"twitter:creator\" content=\"@RN_barretos\" \/>\n<meta name=\"twitter:site\" content=\"@RN_barretos\" \/>\n<meta name=\"twitter:label1\" content=\"Escrito por\" \/>\n\t<meta name=\"twitter:data1\" content=\"Patr\u00edcia Prado\" \/>\n\t<meta name=\"twitter:label2\" content=\"Est. tempo de leitura\" \/>\n\t<meta name=\"twitter:data2\" content=\"2 minutos\" \/>\n<script type=\"application\/ld+json\" class=\"yoast-schema-graph\">{\"@context\":\"https:\\\/\\\/schema.org\",\"@graph\":[{\"@type\":\"Article\",\"@id\":\"https:\\\/\\\/redenoticiaz.com.br\\\/ribeiraopreto-regiao\\\/sp\\\/2026\\\/09\\\/02\\\/assassinatos-no-campo-diminuem-mas-conflitos-agrarios-aumentam-no-brasil#article\",\"isPartOf\":{\"@id\":\"https:\\\/\\\/redenoticiaz.com.br\\\/ribeiraopreto-regiao\\\/sp\\\/2026\\\/09\\\/02\\\/assassinatos-no-campo-diminuem-mas-conflitos-agrarios-aumentam-no-brasil\"},\"author\":{\"name\":\"Patr\u00edcia Prado\",\"@id\":\"https:\\\/\\\/redenoticiaz.com.br\\\/ribeiraopreto-regiao\\\/#\\\/schema\\\/person\\\/e1b0bd8c2637e2c1b6ddcbc2c33b116f\"},\"headline\":\"Assassinatos no campo diminuem, mas conflitos agr\u00e1rios aumentam no Brasil\",\"datePublished\":\"2026-09-02T13:04:02+00:00\",\"mainEntityOfPage\":{\"@id\":\"https:\\\/\\\/redenoticiaz.com.br\\\/ribeiraopreto-regiao\\\/sp\\\/2026\\\/09\\\/02\\\/assassinatos-no-campo-diminuem-mas-conflitos-agrarios-aumentam-no-brasil\"},\"wordCount\":480,\"commentCount\":0,\"publisher\":{\"@id\":\"https:\\\/\\\/redenoticiaz.com.br\\\/ribeiraopreto-regiao\\\/#organization\"},\"image\":{\"@id\":\"https:\\\/\\\/redenoticiaz.com.br\\\/ribeiraopreto-regiao\\\/sp\\\/2026\\\/09\\\/02\\\/assassinatos-no-campo-diminuem-mas-conflitos-agrarios-aumentam-no-brasil#primaryimage\"},\"thumbnailUrl\":\"https:\\\/\\\/redenoticiaz.com.br\\\/ribeiraopreto-regiao\\\/wp-content\\\/uploads\\\/sites\\\/4\\\/2026\\\/09\\\/rbr7269.jpg\",\"articleSection\":[\"Emprego\",\"Pol\u00edtica\",\"Trabalho\"],\"inLanguage\":\"pt-BR\",\"potentialAction\":[{\"@type\":\"CommentAction\",\"name\":\"Comment\",\"target\":[\"https:\\\/\\\/redenoticiaz.com.br\\\/ribeiraopreto-regiao\\\/sp\\\/2026\\\/09\\\/02\\\/assassinatos-no-campo-diminuem-mas-conflitos-agrarios-aumentam-no-brasil#respond\"]}]},{\"@type\":\"WebPage\",\"@id\":\"https:\\\/\\\/redenoticiaz.com.br\\\/ribeiraopreto-regiao\\\/sp\\\/2026\\\/09\\\/02\\\/assassinatos-no-campo-diminuem-mas-conflitos-agrarios-aumentam-no-brasil\",\"url\":\"https:\\\/\\\/redenoticiaz.com.br\\\/ribeiraopreto-regiao\\\/sp\\\/2026\\\/09\\\/02\\\/assassinatos-no-campo-diminuem-mas-conflitos-agrarios-aumentam-no-brasil\",\"name\":\"Assassinatos no campo diminuem, mas conflitos agr\u00e1rios aumentam no Brasil - Ribeir\u00e3o Preto e Regi\u00e3o\",\"isPartOf\":{\"@id\":\"https:\\\/\\\/redenoticiaz.com.br\\\/ribeiraopreto-regiao\\\/#website\"},\"primaryImageOfPage\":{\"@id\":\"https:\\\/\\\/redenoticiaz.com.br\\\/ribeiraopreto-regiao\\\/sp\\\/2026\\\/09\\\/02\\\/assassinatos-no-campo-diminuem-mas-conflitos-agrarios-aumentam-no-brasil#primaryimage\"},\"image\":{\"@id\":\"https:\\\/\\\/redenoticiaz.com.br\\\/ribeiraopreto-regiao\\\/sp\\\/2026\\\/09\\\/02\\\/assassinatos-no-campo-diminuem-mas-conflitos-agrarios-aumentam-no-brasil#primaryimage\"},\"thumbnailUrl\":\"https:\\\/\\\/redenoticiaz.com.br\\\/ribeiraopreto-regiao\\\/wp-content\\\/uploads\\\/sites\\\/4\\\/2026\\\/09\\\/rbr7269.jpg\",\"datePublished\":\"2026-09-02T13:04:02+00:00\",\"inLanguage\":\"pt-BR\",\"potentialAction\":[{\"@type\":\"ReadAction\",\"target\":[\"https:\\\/\\\/redenoticiaz.com.br\\\/ribeiraopreto-regiao\\\/sp\\\/2026\\\/09\\\/02\\\/assassinatos-no-campo-diminuem-mas-conflitos-agrarios-aumentam-no-brasil\"]}]},{\"@type\":\"ImageObject\",\"inLanguage\":\"pt-BR\",\"@id\":\"https:\\\/\\\/redenoticiaz.com.br\\\/ribeiraopreto-regiao\\\/sp\\\/2026\\\/09\\\/02\\\/assassinatos-no-campo-diminuem-mas-conflitos-agrarios-aumentam-no-brasil#primaryimage\",\"url\":\"https:\\\/\\\/redenoticiaz.com.br\\\/ribeiraopreto-regiao\\\/wp-content\\\/uploads\\\/sites\\\/4\\\/2026\\\/09\\\/rbr7269.jpg\",\"contentUrl\":\"https:\\\/\\\/redenoticiaz.com.br\\\/ribeiraopreto-regiao\\\/wp-content\\\/uploads\\\/sites\\\/4\\\/2026\\\/09\\\/rbr7269.jpg\",\"width\":1600,\"height\":800},{\"@type\":\"WebSite\",\"@id\":\"https:\\\/\\\/redenoticiaz.com.br\\\/ribeiraopreto-regiao\\\/#website\",\"url\":\"https:\\\/\\\/redenoticiaz.com.br\\\/ribeiraopreto-regiao\\\/\",\"name\":\"Ribeir\u00e3o Preto e Regi\u00e3o\",\"description\":\"Rede NoticiaZ - Ribeir\u00e3o Preto e regi\u00e3o\",\"publisher\":{\"@id\":\"https:\\\/\\\/redenoticiaz.com.br\\\/ribeiraopreto-regiao\\\/#organization\"},\"potentialAction\":[{\"@type\":\"SearchAction\",\"target\":{\"@type\":\"EntryPoint\",\"urlTemplate\":\"https:\\\/\\\/redenoticiaz.com.br\\\/ribeiraopreto-regiao\\\/?s={search_term_string}\"},\"query-input\":{\"@type\":\"PropertyValueSpecification\",\"valueRequired\":true,\"valueName\":\"search_term_string\"}}],\"inLanguage\":\"pt-BR\"},{\"@type\":\"Organization\",\"@id\":\"https:\\\/\\\/redenoticiaz.com.br\\\/ribeiraopreto-regiao\\\/#organization\",\"name\":\"Ribeir\u00e3o Preto e Regi\u00e3o\",\"url\":\"https:\\\/\\\/redenoticiaz.com.br\\\/ribeiraopreto-regiao\\\/\",\"logo\":{\"@type\":\"ImageObject\",\"inLanguage\":\"pt-BR\",\"@id\":\"https:\\\/\\\/redenoticiaz.com.br\\\/ribeiraopreto-regiao\\\/#\\\/schema\\\/logo\\\/image\\\/\",\"url\":\"https:\\\/\\\/redenoticiaz.com.br\\\/barretos-regiao\\\/wp-content\\\/uploads\\\/sites\\\/4\\\/2022\\\/02\\\/logo.jpg\",\"contentUrl\":\"https:\\\/\\\/redenoticiaz.com.br\\\/barretos-regiao\\\/wp-content\\\/uploads\\\/sites\\\/4\\\/2022\\\/02\\\/logo.jpg\",\"width\":400,\"height\":250,\"caption\":\"Ribeir\u00e3o Preto e Regi\u00e3o\"},\"image\":{\"@id\":\"https:\\\/\\\/redenoticiaz.com.br\\\/ribeiraopreto-regiao\\\/#\\\/schema\\\/logo\\\/image\\\/\"},\"sameAs\":[\"https:\\\/\\\/m.facebook.com\\\/redenoticiaz.barretos\",\"https:\\\/\\\/x.com\\\/RN_barretos\",\"https:\\\/\\\/www.instagram.com\\\/redenoticiaz.barretos\\\/?igshid=YmMyMTA2M2Y\",\"https:\\\/\\\/www.linkedin.com\\\/company\\\/rede-noticiaz-barretos-e-regio\\\/\"]},{\"@type\":\"Person\",\"@id\":\"https:\\\/\\\/redenoticiaz.com.br\\\/ribeiraopreto-regiao\\\/#\\\/schema\\\/person\\\/e1b0bd8c2637e2c1b6ddcbc2c33b116f\",\"name\":\"Patr\u00edcia Prado\",\"image\":{\"@type\":\"ImageObject\",\"inLanguage\":\"pt-BR\",\"@id\":\"https:\\\/\\\/secure.gravatar.com\\\/avatar\\\/92e358bef22cfcec15e054ae4d9fee04dadf0c772dc4a17b382b8a34a15354c2?s=96&d=mm&r=g\",\"url\":\"https:\\\/\\\/secure.gravatar.com\\\/avatar\\\/92e358bef22cfcec15e054ae4d9fee04dadf0c772dc4a17b382b8a34a15354c2?s=96&d=mm&r=g\",\"contentUrl\":\"https:\\\/\\\/secure.gravatar.com\\\/avatar\\\/92e358bef22cfcec15e054ae4d9fee04dadf0c772dc4a17b382b8a34a15354c2?s=96&d=mm&r=g\",\"caption\":\"Patr\u00edcia Prado\"},\"url\":\"https:\\\/\\\/redenoticiaz.com.br\\\/ribeiraopreto-regiao\\\/sp\\\/author\\\/patricia-prado\"}]}<\/script>\n<!-- \/ Yoast SEO plugin. -->","yoast_head_json":{"title":"Assassinatos no campo diminuem, mas conflitos agr\u00e1rios aumentam no Brasil - Ribeir\u00e3o Preto e Regi\u00e3o","robots":{"index":"index","follow":"follow","max-snippet":"max-snippet:-1","max-image-preview":"max-image-preview:large","max-video-preview":"max-video-preview:-1"},"canonical":"https:\/\/redenoticiaz.com.br\/ribeiraopreto-regiao\/sp\/2026\/09\/02\/assassinatos-no-campo-diminuem-mas-conflitos-agrarios-aumentam-no-brasil","og_locale":"pt_BR","og_type":"article","og_title":"Assassinatos no campo diminuem, mas conflitos agr\u00e1rios aumentam no Brasil - Ribeir\u00e3o Preto e Regi\u00e3o","og_description":"O Brasil registrou um aumento nos conflitos agr\u00e1rios no primeiro semestre de 2026, mas reduziu o n\u00famero de assassinatos no campo em compara\u00e7\u00e3o ao mesmo per\u00edodo do ano anterior. Os dados foram divulgados nesta quarta-feira (2) pela Comiss\u00e3o Pastoral da Terra (CPT). Enquanto o n\u00famero de assassinatos caiu de 27 para seis, os conflitos cresceram &hellip;","og_url":"https:\/\/redenoticiaz.com.br\/ribeiraopreto-regiao\/sp\/2026\/09\/02\/assassinatos-no-campo-diminuem-mas-conflitos-agrarios-aumentam-no-brasil","og_site_name":"Ribeir\u00e3o Preto e Regi\u00e3o","article_publisher":"https:\/\/m.facebook.com\/redenoticiaz.barretos","article_published_time":"2026-09-02T13:04:02+00:00","og_image":[{"width":400,"height":250,"url":"https:\/\/redenoticiaz.com.br\/ribeiraopreto-regiao\/wp-content\/uploads\/sites\/4\/2022\/02\/logo.jpg","type":"image\/jpeg"}],"author":"Patr\u00edcia Prado","twitter_card":"summary_large_image","twitter_creator":"@RN_barretos","twitter_site":"@RN_barretos","twitter_misc":{"Escrito por":"Patr\u00edcia Prado","Est. tempo de leitura":"2 minutos"},"schema":{"@context":"https:\/\/schema.org","@graph":[{"@type":"Article","@id":"https:\/\/redenoticiaz.com.br\/ribeiraopreto-regiao\/sp\/2026\/09\/02\/assassinatos-no-campo-diminuem-mas-conflitos-agrarios-aumentam-no-brasil#article","isPartOf":{"@id":"https:\/\/redenoticiaz.com.br\/ribeiraopreto-regiao\/sp\/2026\/09\/02\/assassinatos-no-campo-diminuem-mas-conflitos-agrarios-aumentam-no-brasil"},"author":{"name":"Patr\u00edcia Prado","@id":"https:\/\/redenoticiaz.com.br\/ribeiraopreto-regiao\/#\/schema\/person\/e1b0bd8c2637e2c1b6ddcbc2c33b116f"},"headline":"Assassinatos no campo diminuem, mas conflitos agr\u00e1rios aumentam no Brasil","datePublished":"2026-09-02T13:04:02+00:00","mainEntityOfPage":{"@id":"https:\/\/redenoticiaz.com.br\/ribeiraopreto-regiao\/sp\/2026\/09\/02\/assassinatos-no-campo-diminuem-mas-conflitos-agrarios-aumentam-no-brasil"},"wordCount":480,"commentCount":0,"publisher":{"@id":"https:\/\/redenoticiaz.com.br\/ribeiraopreto-regiao\/#organization"},"image":{"@id":"https:\/\/redenoticiaz.com.br\/ribeiraopreto-regiao\/sp\/2026\/09\/02\/assassinatos-no-campo-diminuem-mas-conflitos-agrarios-aumentam-no-brasil#primaryimage"},"thumbnailUrl":"https:\/\/redenoticiaz.com.br\/ribeiraopreto-regiao\/wp-content\/uploads\/sites\/4\/2026\/09\/rbr7269.jpg","articleSection":["Emprego","Pol\u00edtica","Trabalho"],"inLanguage":"pt-BR","potentialAction":[{"@type":"CommentAction","name":"Comment","target":["https:\/\/redenoticiaz.com.br\/ribeiraopreto-regiao\/sp\/2026\/09\/02\/assassinatos-no-campo-diminuem-mas-conflitos-agrarios-aumentam-no-brasil#respond"]}]},{"@type":"WebPage","@id":"https:\/\/redenoticiaz.com.br\/ribeiraopreto-regiao\/sp\/2026\/09\/02\/assassinatos-no-campo-diminuem-mas-conflitos-agrarios-aumentam-no-brasil","url":"https:\/\/redenoticiaz.com.br\/ribeiraopreto-regiao\/sp\/2026\/09\/02\/assassinatos-no-campo-diminuem-mas-conflitos-agrarios-aumentam-no-brasil","name":"Assassinatos no campo diminuem, mas conflitos agr\u00e1rios aumentam no Brasil - Ribeir\u00e3o Preto e Regi\u00e3o","isPartOf":{"@id":"https:\/\/redenoticiaz.com.br\/ribeiraopreto-regiao\/#website"},"primaryImageOfPage":{"@id":"https:\/\/redenoticiaz.com.br\/ribeiraopreto-regiao\/sp\/2026\/09\/02\/assassinatos-no-campo-diminuem-mas-conflitos-agrarios-aumentam-no-brasil#primaryimage"},"image":{"@id":"https:\/\/redenoticiaz.com.br\/ribeiraopreto-regiao\/sp\/2026\/09\/02\/assassinatos-no-campo-diminuem-mas-conflitos-agrarios-aumentam-no-brasil#primaryimage"},"thumbnailUrl":"https:\/\/redenoticiaz.com.br\/ribeiraopreto-regiao\/wp-content\/uploads\/sites\/4\/2026\/09\/rbr7269.jpg","datePublished":"2026-09-02T13:04:02+00:00","inLanguage":"pt-BR","potentialAction":[{"@type":"ReadAction","target":["https:\/\/redenoticiaz.com.br\/ribeiraopreto-regiao\/sp\/2026\/09\/02\/assassinatos-no-campo-diminuem-mas-conflitos-agrarios-aumentam-no-brasil"]}]},{"@type":"ImageObject","inLanguage":"pt-BR","@id":"https:\/\/redenoticiaz.com.br\/ribeiraopreto-regiao\/sp\/2026\/09\/02\/assassinatos-no-campo-diminuem-mas-conflitos-agrarios-aumentam-no-brasil#primaryimage","url":"https:\/\/redenoticiaz.com.br\/ribeiraopreto-regiao\/wp-content\/uploads\/sites\/4\/2026\/09\/rbr7269.jpg","contentUrl":"https:\/\/redenoticiaz.com.br\/ribeiraopreto-regiao\/wp-content\/uploads\/sites\/4\/2026\/09\/rbr7269.jpg","width":1600,"height":800},{"@type":"WebSite","@id":"https:\/\/redenoticiaz.com.br\/ribeiraopreto-regiao\/#website","url":"https:\/\/redenoticiaz.com.br\/ribeiraopreto-regiao\/","name":"Ribeir\u00e3o Preto e Regi\u00e3o","description":"Rede NoticiaZ - Ribeir\u00e3o Preto e regi\u00e3o","publisher":{"@id":"https:\/\/redenoticiaz.com.br\/ribeiraopreto-regiao\/#organization"},"potentialAction":[{"@type":"SearchAction","target":{"@type":"EntryPoint","urlTemplate":"https:\/\/redenoticiaz.com.br\/ribeiraopreto-regiao\/?s={search_term_string}"},"query-input":{"@type":"PropertyValueSpecification","valueRequired":true,"valueName":"search_term_string"}}],"inLanguage":"pt-BR"},{"@type":"Organization","@id":"https:\/\/redenoticiaz.com.br\/ribeiraopreto-regiao\/#organization","name":"Ribeir\u00e3o Preto e Regi\u00e3o","url":"https:\/\/redenoticiaz.com.br\/ribeiraopreto-regiao\/","logo":{"@type":"ImageObject","inLanguage":"pt-BR","@id":"https:\/\/redenoticiaz.com.br\/ribeiraopreto-regiao\/#\/schema\/logo\/image\/","url":"https:\/\/redenoticiaz.com.br\/barretos-regiao\/wp-content\/uploads\/sites\/4\/2022\/02\/logo.jpg","contentUrl":"https:\/\/redenoticiaz.com.br\/barretos-regiao\/wp-content\/uploads\/sites\/4\/2022\/02\/logo.jpg","width":400,"height":250,"caption":"Ribeir\u00e3o Preto e Regi\u00e3o"},"image":{"@id":"https:\/\/redenoticiaz.com.br\/ribeiraopreto-regiao\/#\/schema\/logo\/image\/"},"sameAs":["https:\/\/m.facebook.com\/redenoticiaz.barretos","https:\/\/x.com\/RN_barretos","https:\/\/www.instagram.com\/redenoticiaz.barretos\/?igshid=YmMyMTA2M2Y","https:\/\/www.linkedin.com\/company\/rede-noticiaz-barretos-e-regio\/"]},{"@type":"Person","@id":"https:\/\/redenoticiaz.com.br\/ribeiraopreto-regiao\/#\/schema\/person\/e1b0bd8c2637e2c1b6ddcbc2c33b116f","name":"Patr\u00edcia Prado","image":{"@type":"ImageObject","inLanguage":"pt-BR","@id":"https:\/\/secure.gravatar.com\/avatar\/92e358bef22cfcec15e054ae4d9fee04dadf0c772dc4a17b382b8a34a15354c2?s=96&d=mm&r=g","url":"https:\/\/secure.gravatar.com\/avatar\/92e358bef22cfcec15e054ae4d9fee04dadf0c772dc4a17b382b8a34a15354c2?s=96&d=mm&r=g","contentUrl":"https:\/\/secure.gravatar.com\/avatar\/92e358bef22cfcec15e054ae4d9fee04dadf0c772dc4a17b382b8a34a15354c2?s=96&d=mm&r=g","caption":"Patr\u00edcia Prado"},"url":"https:\/\/redenoticiaz.com.br\/ribeiraopreto-regiao\/sp\/author\/patricia-prado"}]}},"_links":{"self":[{"href":"https:\/\/redenoticiaz.com.br\/ribeiraopreto-regiao\/wp-json\/wp\/v2\/posts\/123083","targetHints":{"allow":["GET"]}}],"collection":[{"href":"https:\/\/redenoticiaz.com.br\/ribeiraopreto-regiao\/wp-json\/wp\/v2\/posts"}],"about":[{"href":"https:\/\/redenoticiaz.com.br\/ribeiraopreto-regiao\/wp-json\/wp\/v2\/types\/post"}],"author":[{"embeddable":true,"href":"https:\/\/redenoticiaz.com.br\/ribeiraopreto-regiao\/wp-json\/wp\/v2\/users\/5"}],"replies":[{"embeddable":true,"href":"https:\/\/redenoticiaz.com.br\/ribeiraopreto-regiao\/wp-json\/wp\/v2\/comments?post=123083"}],"version-history":[{"count":0,"href":"https:\/\/redenoticiaz.com.br\/ribeiraopreto-regiao\/wp-json\/wp\/v2\/posts\/123083\/revisions"}],"wp:featuredmedia":[{"embeddable":true,"href":"https:\/\/redenoticiaz.com.br\/ribeiraopreto-regiao\/wp-json\/wp\/v2\/media\/123084"}],"wp:attachment":[{"href":"https:\/\/redenoticiaz.com.br\/ribeiraopreto-regiao\/wp-json\/wp\/v2\/media?parent=123083"}],"wp:term":[{"taxonomy":"category","embeddable":true,"href":"https:\/\/redenoticiaz.com.br\/ribeiraopreto-regiao\/wp-json\/wp\/v2\/categories?post=123083"},{"taxonomy":"post_tag","embeddable":true,"href":"https:\/\/redenoticiaz.com.br\/ribeiraopreto-regiao\/wp-json\/wp\/v2\/tags?post=123083"}],"curies":[{"name":"wp","href":"https:\/\/api.w.org\/{rel}","templated":true}]}}