{"id":123085,"date":"2026-09-02T10:35:18","date_gmt":"2026-09-02T13:35:18","guid":{"rendered":"https:\/\/redenoticiaz.com.br\/ribeiraopreto-regiao\/sp\/2026\/09\/02\/lancamento-de-biografia-sobre-helena-theodoro-ocorre-no-rio-de-janeiro"},"modified":"2026-09-02T10:35:18","modified_gmt":"2026-09-02T13:35:18","slug":"lancamento-de-biografia-sobre-helena-theodoro-ocorre-no-rio-de-janeiro","status":"publish","type":"post","link":"https:\/\/redenoticiaz.com.br\/ribeiraopreto-regiao\/sp\/2026\/09\/02\/lancamento-de-biografia-sobre-helena-theodoro-ocorre-no-rio-de-janeiro","title":{"rendered":"Lan\u00e7amento de biografia sobre Helena Theodoro ocorre no Rio de Janeiro"},"content":{"rendered":"<p>A biografia &#8220;Dona Helena Theodoro \u2014 Uma Tia Negra da Filosofia Popular Brasileira&#8221; ser\u00e1 lan\u00e7ada nesta quarta-feira (2) na Biblioteca Parque Estadual (BPE) do Rio de Janeiro, em um evento que celebrar\u00e1 a rela\u00e7\u00e3o entre a professora Helena Theodoro e sua aluna Carla Rocha. Ambas compartilham uma profunda admira\u00e7\u00e3o m\u00fatua.<\/p>\n<p>Helena Theodoro \u00e9 reconhecida por sua luta pela inclus\u00e3o dos saberes africanos, afro-brasileiros e ind\u00edgenas nas universidades. A obra de Carla Rocha resgata a hist\u00f3ria das Tias Negras, mulheres que se destacam pela valoriza\u00e7\u00e3o e acolhimento de suas comunidades.<\/p>\n<p>\u201cNo mundo africano \u00e9 o Bantu [princ\u00edpio ancestral africano], \u2018eu sou, porque n\u00f3s somos. Eu existo, logo penso, e n\u00e3o penso, logo existo\u2019. N\u00f3s temos ancestralidade\u201d, enfatizou Helena, em entrevista \u00e0 Ag\u00eancia Brasil, ao explicar a import\u00e2ncia do acolhimento nas comunidades negras.<\/p>\n<blockquote>\n<p>\u201cEla tem um vigor fant\u00e1stico e n\u00e3o busca ser absoluta. Quer empoderar todos ao seu redor\u201d, afirmou Carla sobre sua orientadora.<\/p>\n<\/blockquote>\n<p>Para Carla, a oportunidade de ser orientada por Helena Theodoro durante mais de 30 anos \u00e9 um privil\u00e9gio. \u201cN\u00e3o tenho palavras para descrever o quanto isso \u00e9 grandioso\u201d, acrescentou.<\/p>\n<p>A professora Theodoro, com 83 anos, mant\u00e9m uma rotina intensa de aulas e eventos, levando Carla a comentar, entre risos: \u201cDona Helena, \u00e0s vezes fico cansada s\u00f3 de lhe ver.\u201d<\/p>\n<p>\u201cEla sempre esteve na luta pelo povo negro do Brasil, buscando refer\u00eancias em viagens \u00e0 \u00c1frica e outros pa\u00edses\u201d, complementou Carla.<\/p>\n<p>A biografia \u00e9 resultado da tese de mestrado de Carla no Programa de P\u00f3s-Gradua\u00e7\u00e3o em Filosofia da Universidade Federal do Rio de Janeiro (UFRJ). A escolha de Helena Theodoro como tema foi sugerida pelo professor Rafael Haddock-Lobo, orientador de Carla, junto com Marcelo Derzi Moraes.<\/p>\n<p>Helena, que tem uma liga\u00e7\u00e3o forte com seus alunos e frequentemente compartilha suas experi\u00eancias de milit\u00e2ncia, ficou emocionada ao descobrir que o tema de Carla era sobre ela. \u201cQuando cheguei \u00e0 banca e vi a tese, comecei a chorar. Foi encantador\u201d, relatou.<\/p>\n<p>Agora, Carla est\u00e1 fazendo doutorado e conta novamente com Helena como sua orientadora. A professora destacou que o livro \u00e9 mais do que uma biografia; \u00e9 uma reflex\u00e3o sobre sua participa\u00e7\u00e3o na valoriza\u00e7\u00e3o da comunidade negra.<\/p>\n<blockquote>\n<p>\u201c\u00c9 um estudo de pensamentos filos\u00f3ficos e modos de atua\u00e7\u00e3o. Fiquei feliz, pois n\u00e3o est\u00e1 preso \u00e0 minha vida. \u00c9 um pensamento que venho buscando desde que fiz doutorado\u201d, disse Helena.<\/p>\n<\/blockquote>\n<p>A professora tem uma longa hist\u00f3ria de participa\u00e7\u00e3o em bancas acad\u00eamicas, sendo a \u00fanica professora p\u00f3s-doc em filosofia africana na UFRJ. Em 2022, participou de 32 bancas.<\/p>\n<p>\u201cApesar da minha idade, continuo na milit\u00e2ncia, escrevendo e trabalhando. Meus pais eram militantes e sempre atuaram no coletivo\u201d, contou. Helena lembra das celebra\u00e7\u00f5es de fam\u00edlia em sua juventude, que misturavam uni\u00e3o e amor comunit\u00e1rio.<\/p>\n<blockquote>\n<p>\u201cAprendemos a nos amar e nos aglutinar. Sempre seguindo a vis\u00e3o do Bantu: \u2018eu sou porque n\u00f3s somos\u2019\u201d, refletiu.<\/p>\n<\/blockquote>\n<p>A vida de Helena tamb\u00e9m foi marcada por desafios, como a perda de seu filho, Maur\u00edcio, aos quatro anos. Ela mencionou o apoio da comunidade negra e de terreiros durante esse per\u00edodo dif\u00edcil.<\/p>\n<p>O lan\u00e7amento da biografia ocorrer\u00e1 das 14h \u00e0s 17h e contar\u00e1 com a presen\u00e7a dos professores Rafael Haddock-Lobo, Marcelo Derzi Moraes e Mariane Biteti.<\/p>\n<p>Carla Rocha, nascida no Rio de Janeiro, cresceu no conjunto habitacional do Ipase, em Vicente de Carvalho. Ela \u00e9 formada em filosofia e jornalismo, com especializa\u00e7\u00f5es em assessoria de comunica\u00e7\u00e3o e gest\u00e3o de neg\u00f3cios sustent\u00e1veis. Atualmente, \u00e9 mestra e doutoranda em filosofia pelo Laborat\u00f3rio Encruzilhadas Filos\u00f3ficas da UFRJ.<\/p>\n<p>A biografia tamb\u00e9m inclui textos de Rafael Haddock-Lobo, Mariane Biteti e Marcelo Derzi Moraes, al\u00e9m de um posf\u00e1cio de Helena Theodoro, como parte do esfor\u00e7o para preservar a hist\u00f3ria e a contribui\u00e7\u00e3o das Tias Negras na filosofia popular brasileira.<\/p>\n","protected":false},"excerpt":{"rendered":"<p>A biografia &#8220;Dona Helena Theodoro \u2014 Uma Tia Negra da Filosofia Popular Brasileira&#8221; ser\u00e1 lan\u00e7ada nesta quarta-feira (2) na Biblioteca Parque Estadual (BPE) do Rio de Janeiro, em um evento que celebrar\u00e1 a rela\u00e7\u00e3o entre a professora Helena Theodoro e sua aluna Carla Rocha. Ambas compartilham uma profunda admira\u00e7\u00e3o m\u00fatua. Helena Theodoro \u00e9 reconhecida por &hellip;<\/p>\n","protected":false},"author":5,"featured_media":123086,"comment_status":"open","ping_status":"closed","sticky":false,"template":"","format":"standard","meta":{"footnotes":""},"categories":[469,101,820,12346,68],"tags":[],"class_list":["post-123085","post","type-post","status-publish","format-standard","has-post-thumbnail","hentry","category-cultura","category-economia","category-educacao","category-habitacao","category-mundo"],"yoast_head":"<!-- This site is optimized with the Yoast SEO plugin v28.4 - https:\/\/yoast.com\/product\/yoast-seo-wordpress\/ -->\n<title>Lan\u00e7amento de biografia sobre Helena Theodoro ocorre no Rio de Janeiro - Ribeir\u00e3o Preto e Regi\u00e3o<\/title>\n<meta name=\"robots\" content=\"index, follow, max-snippet:-1, max-image-preview:large, max-video-preview:-1\" \/>\n<link rel=\"canonical\" href=\"https:\/\/redenoticiaz.com.br\/ribeiraopreto-regiao\/sp\/2026\/09\/02\/lancamento-de-biografia-sobre-helena-theodoro-ocorre-no-rio-de-janeiro\" \/>\n<meta property=\"og:locale\" content=\"pt_BR\" \/>\n<meta property=\"og:type\" content=\"article\" \/>\n<meta property=\"og:title\" content=\"Lan\u00e7amento de biografia sobre Helena Theodoro ocorre no Rio de Janeiro - Ribeir\u00e3o Preto e Regi\u00e3o\" \/>\n<meta property=\"og:description\" content=\"A biografia &#8220;Dona Helena Theodoro \u2014 Uma Tia Negra da Filosofia Popular Brasileira&#8221; ser\u00e1 lan\u00e7ada nesta quarta-feira (2) na Biblioteca Parque Estadual (BPE) do Rio de Janeiro, em um evento que celebrar\u00e1 a rela\u00e7\u00e3o entre a professora Helena Theodoro e sua aluna Carla Rocha. Ambas compartilham uma profunda admira\u00e7\u00e3o m\u00fatua. Helena Theodoro \u00e9 reconhecida por &hellip;\" \/>\n<meta property=\"og:url\" content=\"https:\/\/redenoticiaz.com.br\/ribeiraopreto-regiao\/sp\/2026\/09\/02\/lancamento-de-biografia-sobre-helena-theodoro-ocorre-no-rio-de-janeiro\" \/>\n<meta property=\"og:site_name\" content=\"Ribeir\u00e3o Preto e Regi\u00e3o\" \/>\n<meta property=\"article:publisher\" content=\"https:\/\/m.facebook.com\/redenoticiaz.barretos\" \/>\n<meta property=\"article:published_time\" content=\"2026-09-02T13:35:18+00:00\" \/>\n<meta property=\"og:image\" content=\"https:\/\/redenoticiaz.com.br\/ribeiraopreto-regiao\/wp-content\/uploads\/sites\/4\/2022\/02\/logo.jpg\" \/>\n\t<meta property=\"og:image:width\" content=\"400\" \/>\n\t<meta property=\"og:image:height\" content=\"250\" \/>\n\t<meta property=\"og:image:type\" content=\"image\/jpeg\" \/>\n<meta name=\"author\" content=\"Patr\u00edcia Prado\" \/>\n<meta name=\"twitter:card\" content=\"summary_large_image\" \/>\n<meta name=\"twitter:creator\" content=\"@RN_barretos\" \/>\n<meta name=\"twitter:site\" content=\"@RN_barretos\" \/>\n<meta name=\"twitter:label1\" content=\"Escrito por\" \/>\n\t<meta name=\"twitter:data1\" content=\"Patr\u00edcia Prado\" \/>\n\t<meta name=\"twitter:label2\" content=\"Est. tempo de leitura\" \/>\n\t<meta name=\"twitter:data2\" content=\"3 minutos\" \/>\n<script type=\"application\/ld+json\" class=\"yoast-schema-graph\">{\"@context\":\"https:\\\/\\\/schema.org\",\"@graph\":[{\"@type\":\"Article\",\"@id\":\"https:\\\/\\\/redenoticiaz.com.br\\\/ribeiraopreto-regiao\\\/sp\\\/2026\\\/09\\\/02\\\/lancamento-de-biografia-sobre-helena-theodoro-ocorre-no-rio-de-janeiro#article\",\"isPartOf\":{\"@id\":\"https:\\\/\\\/redenoticiaz.com.br\\\/ribeiraopreto-regiao\\\/sp\\\/2026\\\/09\\\/02\\\/lancamento-de-biografia-sobre-helena-theodoro-ocorre-no-rio-de-janeiro\"},\"author\":{\"name\":\"Patr\u00edcia Prado\",\"@id\":\"https:\\\/\\\/redenoticiaz.com.br\\\/ribeiraopreto-regiao\\\/#\\\/schema\\\/person\\\/e1b0bd8c2637e2c1b6ddcbc2c33b116f\"},\"headline\":\"Lan\u00e7amento de biografia sobre Helena Theodoro ocorre no Rio de Janeiro\",\"datePublished\":\"2026-09-02T13:35:18+00:00\",\"mainEntityOfPage\":{\"@id\":\"https:\\\/\\\/redenoticiaz.com.br\\\/ribeiraopreto-regiao\\\/sp\\\/2026\\\/09\\\/02\\\/lancamento-de-biografia-sobre-helena-theodoro-ocorre-no-rio-de-janeiro\"},\"wordCount\":664,\"commentCount\":0,\"publisher\":{\"@id\":\"https:\\\/\\\/redenoticiaz.com.br\\\/ribeiraopreto-regiao\\\/#organization\"},\"image\":{\"@id\":\"https:\\\/\\\/redenoticiaz.com.br\\\/ribeiraopreto-regiao\\\/sp\\\/2026\\\/09\\\/02\\\/lancamento-de-biografia-sobre-helena-theodoro-ocorre-no-rio-de-janeiro#primaryimage\"},\"thumbnailUrl\":\"https:\\\/\\\/redenoticiaz.com.br\\\/ribeiraopreto-regiao\\\/wp-content\\\/uploads\\\/sites\\\/4\\\/2026\\\/09\\\/encontro-juizes-negros_mcamgo_abr_24112023-4.jpg\",\"articleSection\":[\"Cultura\",\"Economia\",\"Educa\u00e7\u00e3o\",\"Habita\u00e7\u00e3o\",\"Mundo\"],\"inLanguage\":\"pt-BR\",\"potentialAction\":[{\"@type\":\"CommentAction\",\"name\":\"Comment\",\"target\":[\"https:\\\/\\\/redenoticiaz.com.br\\\/ribeiraopreto-regiao\\\/sp\\\/2026\\\/09\\\/02\\\/lancamento-de-biografia-sobre-helena-theodoro-ocorre-no-rio-de-janeiro#respond\"]}]},{\"@type\":\"WebPage\",\"@id\":\"https:\\\/\\\/redenoticiaz.com.br\\\/ribeiraopreto-regiao\\\/sp\\\/2026\\\/09\\\/02\\\/lancamento-de-biografia-sobre-helena-theodoro-ocorre-no-rio-de-janeiro\",\"url\":\"https:\\\/\\\/redenoticiaz.com.br\\\/ribeiraopreto-regiao\\\/sp\\\/2026\\\/09\\\/02\\\/lancamento-de-biografia-sobre-helena-theodoro-ocorre-no-rio-de-janeiro\",\"name\":\"Lan\u00e7amento de biografia sobre Helena Theodoro ocorre no Rio de Janeiro - Ribeir\u00e3o Preto e Regi\u00e3o\",\"isPartOf\":{\"@id\":\"https:\\\/\\\/redenoticiaz.com.br\\\/ribeiraopreto-regiao\\\/#website\"},\"primaryImageOfPage\":{\"@id\":\"https:\\\/\\\/redenoticiaz.com.br\\\/ribeiraopreto-regiao\\\/sp\\\/2026\\\/09\\\/02\\\/lancamento-de-biografia-sobre-helena-theodoro-ocorre-no-rio-de-janeiro#primaryimage\"},\"image\":{\"@id\":\"https:\\\/\\\/redenoticiaz.com.br\\\/ribeiraopreto-regiao\\\/sp\\\/2026\\\/09\\\/02\\\/lancamento-de-biografia-sobre-helena-theodoro-ocorre-no-rio-de-janeiro#primaryimage\"},\"thumbnailUrl\":\"https:\\\/\\\/redenoticiaz.com.br\\\/ribeiraopreto-regiao\\\/wp-content\\\/uploads\\\/sites\\\/4\\\/2026\\\/09\\\/encontro-juizes-negros_mcamgo_abr_24112023-4.jpg\",\"datePublished\":\"2026-09-02T13:35:18+00:00\",\"inLanguage\":\"pt-BR\",\"potentialAction\":[{\"@type\":\"ReadAction\",\"target\":[\"https:\\\/\\\/redenoticiaz.com.br\\\/ribeiraopreto-regiao\\\/sp\\\/2026\\\/09\\\/02\\\/lancamento-de-biografia-sobre-helena-theodoro-ocorre-no-rio-de-janeiro\"]}]},{\"@type\":\"ImageObject\",\"inLanguage\":\"pt-BR\",\"@id\":\"https:\\\/\\\/redenoticiaz.com.br\\\/ribeiraopreto-regiao\\\/sp\\\/2026\\\/09\\\/02\\\/lancamento-de-biografia-sobre-helena-theodoro-ocorre-no-rio-de-janeiro#primaryimage\",\"url\":\"https:\\\/\\\/redenoticiaz.com.br\\\/ribeiraopreto-regiao\\\/wp-content\\\/uploads\\\/sites\\\/4\\\/2026\\\/09\\\/encontro-juizes-negros_mcamgo_abr_24112023-4.jpg\",\"contentUrl\":\"https:\\\/\\\/redenoticiaz.com.br\\\/ribeiraopreto-regiao\\\/wp-content\\\/uploads\\\/sites\\\/4\\\/2026\\\/09\\\/encontro-juizes-negros_mcamgo_abr_24112023-4.jpg\",\"width\":1600,\"height\":800},{\"@type\":\"WebSite\",\"@id\":\"https:\\\/\\\/redenoticiaz.com.br\\\/ribeiraopreto-regiao\\\/#website\",\"url\":\"https:\\\/\\\/redenoticiaz.com.br\\\/ribeiraopreto-regiao\\\/\",\"name\":\"Ribeir\u00e3o Preto e Regi\u00e3o\",\"description\":\"Rede NoticiaZ - Ribeir\u00e3o Preto e regi\u00e3o\",\"publisher\":{\"@id\":\"https:\\\/\\\/redenoticiaz.com.br\\\/ribeiraopreto-regiao\\\/#organization\"},\"potentialAction\":[{\"@type\":\"SearchAction\",\"target\":{\"@type\":\"EntryPoint\",\"urlTemplate\":\"https:\\\/\\\/redenoticiaz.com.br\\\/ribeiraopreto-regiao\\\/?s={search_term_string}\"},\"query-input\":{\"@type\":\"PropertyValueSpecification\",\"valueRequired\":true,\"valueName\":\"search_term_string\"}}],\"inLanguage\":\"pt-BR\"},{\"@type\":\"Organization\",\"@id\":\"https:\\\/\\\/redenoticiaz.com.br\\\/ribeiraopreto-regiao\\\/#organization\",\"name\":\"Ribeir\u00e3o Preto e Regi\u00e3o\",\"url\":\"https:\\\/\\\/redenoticiaz.com.br\\\/ribeiraopreto-regiao\\\/\",\"logo\":{\"@type\":\"ImageObject\",\"inLanguage\":\"pt-BR\",\"@id\":\"https:\\\/\\\/redenoticiaz.com.br\\\/ribeiraopreto-regiao\\\/#\\\/schema\\\/logo\\\/image\\\/\",\"url\":\"https:\\\/\\\/redenoticiaz.com.br\\\/barretos-regiao\\\/wp-content\\\/uploads\\\/sites\\\/4\\\/2022\\\/02\\\/logo.jpg\",\"contentUrl\":\"https:\\\/\\\/redenoticiaz.com.br\\\/barretos-regiao\\\/wp-content\\\/uploads\\\/sites\\\/4\\\/2022\\\/02\\\/logo.jpg\",\"width\":400,\"height\":250,\"caption\":\"Ribeir\u00e3o Preto e Regi\u00e3o\"},\"image\":{\"@id\":\"https:\\\/\\\/redenoticiaz.com.br\\\/ribeiraopreto-regiao\\\/#\\\/schema\\\/logo\\\/image\\\/\"},\"sameAs\":[\"https:\\\/\\\/m.facebook.com\\\/redenoticiaz.barretos\",\"https:\\\/\\\/x.com\\\/RN_barretos\",\"https:\\\/\\\/www.instagram.com\\\/redenoticiaz.barretos\\\/?igshid=YmMyMTA2M2Y\",\"https:\\\/\\\/www.linkedin.com\\\/company\\\/rede-noticiaz-barretos-e-regio\\\/\"]},{\"@type\":\"Person\",\"@id\":\"https:\\\/\\\/redenoticiaz.com.br\\\/ribeiraopreto-regiao\\\/#\\\/schema\\\/person\\\/e1b0bd8c2637e2c1b6ddcbc2c33b116f\",\"name\":\"Patr\u00edcia Prado\",\"image\":{\"@type\":\"ImageObject\",\"inLanguage\":\"pt-BR\",\"@id\":\"https:\\\/\\\/secure.gravatar.com\\\/avatar\\\/92e358bef22cfcec15e054ae4d9fee04dadf0c772dc4a17b382b8a34a15354c2?s=96&d=mm&r=g\",\"url\":\"https:\\\/\\\/secure.gravatar.com\\\/avatar\\\/92e358bef22cfcec15e054ae4d9fee04dadf0c772dc4a17b382b8a34a15354c2?s=96&d=mm&r=g\",\"contentUrl\":\"https:\\\/\\\/secure.gravatar.com\\\/avatar\\\/92e358bef22cfcec15e054ae4d9fee04dadf0c772dc4a17b382b8a34a15354c2?s=96&d=mm&r=g\",\"caption\":\"Patr\u00edcia Prado\"},\"url\":\"https:\\\/\\\/redenoticiaz.com.br\\\/ribeiraopreto-regiao\\\/sp\\\/author\\\/patricia-prado\"}]}<\/script>\n<!-- \/ Yoast SEO plugin. -->","yoast_head_json":{"title":"Lan\u00e7amento de biografia sobre Helena Theodoro ocorre no Rio de Janeiro - Ribeir\u00e3o Preto e Regi\u00e3o","robots":{"index":"index","follow":"follow","max-snippet":"max-snippet:-1","max-image-preview":"max-image-preview:large","max-video-preview":"max-video-preview:-1"},"canonical":"https:\/\/redenoticiaz.com.br\/ribeiraopreto-regiao\/sp\/2026\/09\/02\/lancamento-de-biografia-sobre-helena-theodoro-ocorre-no-rio-de-janeiro","og_locale":"pt_BR","og_type":"article","og_title":"Lan\u00e7amento de biografia sobre Helena Theodoro ocorre no Rio de Janeiro - Ribeir\u00e3o Preto e Regi\u00e3o","og_description":"A biografia &#8220;Dona Helena Theodoro \u2014 Uma Tia Negra da Filosofia Popular Brasileira&#8221; ser\u00e1 lan\u00e7ada nesta quarta-feira (2) na Biblioteca Parque Estadual (BPE) do Rio de Janeiro, em um evento que celebrar\u00e1 a rela\u00e7\u00e3o entre a professora Helena Theodoro e sua aluna Carla Rocha. Ambas compartilham uma profunda admira\u00e7\u00e3o m\u00fatua. Helena Theodoro \u00e9 reconhecida por &hellip;","og_url":"https:\/\/redenoticiaz.com.br\/ribeiraopreto-regiao\/sp\/2026\/09\/02\/lancamento-de-biografia-sobre-helena-theodoro-ocorre-no-rio-de-janeiro","og_site_name":"Ribeir\u00e3o Preto e Regi\u00e3o","article_publisher":"https:\/\/m.facebook.com\/redenoticiaz.barretos","article_published_time":"2026-09-02T13:35:18+00:00","og_image":[{"width":400,"height":250,"url":"https:\/\/redenoticiaz.com.br\/ribeiraopreto-regiao\/wp-content\/uploads\/sites\/4\/2022\/02\/logo.jpg","type":"image\/jpeg"}],"author":"Patr\u00edcia Prado","twitter_card":"summary_large_image","twitter_creator":"@RN_barretos","twitter_site":"@RN_barretos","twitter_misc":{"Escrito por":"Patr\u00edcia Prado","Est. tempo de leitura":"3 minutos"},"schema":{"@context":"https:\/\/schema.org","@graph":[{"@type":"Article","@id":"https:\/\/redenoticiaz.com.br\/ribeiraopreto-regiao\/sp\/2026\/09\/02\/lancamento-de-biografia-sobre-helena-theodoro-ocorre-no-rio-de-janeiro#article","isPartOf":{"@id":"https:\/\/redenoticiaz.com.br\/ribeiraopreto-regiao\/sp\/2026\/09\/02\/lancamento-de-biografia-sobre-helena-theodoro-ocorre-no-rio-de-janeiro"},"author":{"name":"Patr\u00edcia Prado","@id":"https:\/\/redenoticiaz.com.br\/ribeiraopreto-regiao\/#\/schema\/person\/e1b0bd8c2637e2c1b6ddcbc2c33b116f"},"headline":"Lan\u00e7amento de biografia sobre Helena Theodoro ocorre no Rio de Janeiro","datePublished":"2026-09-02T13:35:18+00:00","mainEntityOfPage":{"@id":"https:\/\/redenoticiaz.com.br\/ribeiraopreto-regiao\/sp\/2026\/09\/02\/lancamento-de-biografia-sobre-helena-theodoro-ocorre-no-rio-de-janeiro"},"wordCount":664,"commentCount":0,"publisher":{"@id":"https:\/\/redenoticiaz.com.br\/ribeiraopreto-regiao\/#organization"},"image":{"@id":"https:\/\/redenoticiaz.com.br\/ribeiraopreto-regiao\/sp\/2026\/09\/02\/lancamento-de-biografia-sobre-helena-theodoro-ocorre-no-rio-de-janeiro#primaryimage"},"thumbnailUrl":"https:\/\/redenoticiaz.com.br\/ribeiraopreto-regiao\/wp-content\/uploads\/sites\/4\/2026\/09\/encontro-juizes-negros_mcamgo_abr_24112023-4.jpg","articleSection":["Cultura","Economia","Educa\u00e7\u00e3o","Habita\u00e7\u00e3o","Mundo"],"inLanguage":"pt-BR","potentialAction":[{"@type":"CommentAction","name":"Comment","target":["https:\/\/redenoticiaz.com.br\/ribeiraopreto-regiao\/sp\/2026\/09\/02\/lancamento-de-biografia-sobre-helena-theodoro-ocorre-no-rio-de-janeiro#respond"]}]},{"@type":"WebPage","@id":"https:\/\/redenoticiaz.com.br\/ribeiraopreto-regiao\/sp\/2026\/09\/02\/lancamento-de-biografia-sobre-helena-theodoro-ocorre-no-rio-de-janeiro","url":"https:\/\/redenoticiaz.com.br\/ribeiraopreto-regiao\/sp\/2026\/09\/02\/lancamento-de-biografia-sobre-helena-theodoro-ocorre-no-rio-de-janeiro","name":"Lan\u00e7amento de biografia sobre Helena Theodoro ocorre no Rio de Janeiro - Ribeir\u00e3o Preto e Regi\u00e3o","isPartOf":{"@id":"https:\/\/redenoticiaz.com.br\/ribeiraopreto-regiao\/#website"},"primaryImageOfPage":{"@id":"https:\/\/redenoticiaz.com.br\/ribeiraopreto-regiao\/sp\/2026\/09\/02\/lancamento-de-biografia-sobre-helena-theodoro-ocorre-no-rio-de-janeiro#primaryimage"},"image":{"@id":"https:\/\/redenoticiaz.com.br\/ribeiraopreto-regiao\/sp\/2026\/09\/02\/lancamento-de-biografia-sobre-helena-theodoro-ocorre-no-rio-de-janeiro#primaryimage"},"thumbnailUrl":"https:\/\/redenoticiaz.com.br\/ribeiraopreto-regiao\/wp-content\/uploads\/sites\/4\/2026\/09\/encontro-juizes-negros_mcamgo_abr_24112023-4.jpg","datePublished":"2026-09-02T13:35:18+00:00","inLanguage":"pt-BR","potentialAction":[{"@type":"ReadAction","target":["https:\/\/redenoticiaz.com.br\/ribeiraopreto-regiao\/sp\/2026\/09\/02\/lancamento-de-biografia-sobre-helena-theodoro-ocorre-no-rio-de-janeiro"]}]},{"@type":"ImageObject","inLanguage":"pt-BR","@id":"https:\/\/redenoticiaz.com.br\/ribeiraopreto-regiao\/sp\/2026\/09\/02\/lancamento-de-biografia-sobre-helena-theodoro-ocorre-no-rio-de-janeiro#primaryimage","url":"https:\/\/redenoticiaz.com.br\/ribeiraopreto-regiao\/wp-content\/uploads\/sites\/4\/2026\/09\/encontro-juizes-negros_mcamgo_abr_24112023-4.jpg","contentUrl":"https:\/\/redenoticiaz.com.br\/ribeiraopreto-regiao\/wp-content\/uploads\/sites\/4\/2026\/09\/encontro-juizes-negros_mcamgo_abr_24112023-4.jpg","width":1600,"height":800},{"@type":"WebSite","@id":"https:\/\/redenoticiaz.com.br\/ribeiraopreto-regiao\/#website","url":"https:\/\/redenoticiaz.com.br\/ribeiraopreto-regiao\/","name":"Ribeir\u00e3o Preto e Regi\u00e3o","description":"Rede NoticiaZ - Ribeir\u00e3o Preto e regi\u00e3o","publisher":{"@id":"https:\/\/redenoticiaz.com.br\/ribeiraopreto-regiao\/#organization"},"potentialAction":[{"@type":"SearchAction","target":{"@type":"EntryPoint","urlTemplate":"https:\/\/redenoticiaz.com.br\/ribeiraopreto-regiao\/?s={search_term_string}"},"query-input":{"@type":"PropertyValueSpecification","valueRequired":true,"valueName":"search_term_string"}}],"inLanguage":"pt-BR"},{"@type":"Organization","@id":"https:\/\/redenoticiaz.com.br\/ribeiraopreto-regiao\/#organization","name":"Ribeir\u00e3o Preto e Regi\u00e3o","url":"https:\/\/redenoticiaz.com.br\/ribeiraopreto-regiao\/","logo":{"@type":"ImageObject","inLanguage":"pt-BR","@id":"https:\/\/redenoticiaz.com.br\/ribeiraopreto-regiao\/#\/schema\/logo\/image\/","url":"https:\/\/redenoticiaz.com.br\/barretos-regiao\/wp-content\/uploads\/sites\/4\/2022\/02\/logo.jpg","contentUrl":"https:\/\/redenoticiaz.com.br\/barretos-regiao\/wp-content\/uploads\/sites\/4\/2022\/02\/logo.jpg","width":400,"height":250,"caption":"Ribeir\u00e3o Preto e Regi\u00e3o"},"image":{"@id":"https:\/\/redenoticiaz.com.br\/ribeiraopreto-regiao\/#\/schema\/logo\/image\/"},"sameAs":["https:\/\/m.facebook.com\/redenoticiaz.barretos","https:\/\/x.com\/RN_barretos","https:\/\/www.instagram.com\/redenoticiaz.barretos\/?igshid=YmMyMTA2M2Y","https:\/\/www.linkedin.com\/company\/rede-noticiaz-barretos-e-regio\/"]},{"@type":"Person","@id":"https:\/\/redenoticiaz.com.br\/ribeiraopreto-regiao\/#\/schema\/person\/e1b0bd8c2637e2c1b6ddcbc2c33b116f","name":"Patr\u00edcia Prado","image":{"@type":"ImageObject","inLanguage":"pt-BR","@id":"https:\/\/secure.gravatar.com\/avatar\/92e358bef22cfcec15e054ae4d9fee04dadf0c772dc4a17b382b8a34a15354c2?s=96&d=mm&r=g","url":"https:\/\/secure.gravatar.com\/avatar\/92e358bef22cfcec15e054ae4d9fee04dadf0c772dc4a17b382b8a34a15354c2?s=96&d=mm&r=g","contentUrl":"https:\/\/secure.gravatar.com\/avatar\/92e358bef22cfcec15e054ae4d9fee04dadf0c772dc4a17b382b8a34a15354c2?s=96&d=mm&r=g","caption":"Patr\u00edcia Prado"},"url":"https:\/\/redenoticiaz.com.br\/ribeiraopreto-regiao\/sp\/author\/patricia-prado"}]}},"_links":{"self":[{"href":"https:\/\/redenoticiaz.com.br\/ribeiraopreto-regiao\/wp-json\/wp\/v2\/posts\/123085","targetHints":{"allow":["GET"]}}],"collection":[{"href":"https:\/\/redenoticiaz.com.br\/ribeiraopreto-regiao\/wp-json\/wp\/v2\/posts"}],"about":[{"href":"https:\/\/redenoticiaz.com.br\/ribeiraopreto-regiao\/wp-json\/wp\/v2\/types\/post"}],"author":[{"embeddable":true,"href":"https:\/\/redenoticiaz.com.br\/ribeiraopreto-regiao\/wp-json\/wp\/v2\/users\/5"}],"replies":[{"embeddable":true,"href":"https:\/\/redenoticiaz.com.br\/ribeiraopreto-regiao\/wp-json\/wp\/v2\/comments?post=123085"}],"version-history":[{"count":0,"href":"https:\/\/redenoticiaz.com.br\/ribeiraopreto-regiao\/wp-json\/wp\/v2\/posts\/123085\/revisions"}],"wp:featuredmedia":[{"embeddable":true,"href":"https:\/\/redenoticiaz.com.br\/ribeiraopreto-regiao\/wp-json\/wp\/v2\/media\/123086"}],"wp:attachment":[{"href":"https:\/\/redenoticiaz.com.br\/ribeiraopreto-regiao\/wp-json\/wp\/v2\/media?parent=123085"}],"wp:term":[{"taxonomy":"category","embeddable":true,"href":"https:\/\/redenoticiaz.com.br\/ribeiraopreto-regiao\/wp-json\/wp\/v2\/categories?post=123085"},{"taxonomy":"post_tag","embeddable":true,"href":"https:\/\/redenoticiaz.com.br\/ribeiraopreto-regiao\/wp-json\/wp\/v2\/tags?post=123085"}],"curies":[{"name":"wp","href":"https:\/\/api.w.org\/{rel}","templated":true}]}}