{"id":123087,"date":"2026-09-02T11:05:57","date_gmt":"2026-09-02T14:05:57","guid":{"rendered":"https:\/\/redenoticiaz.com.br\/ribeiraopreto-regiao\/sp\/2026\/09\/02\/producao-industrial-cresce-02-em-julho-apos-dois-meses-de-queda"},"modified":"2026-09-02T11:05:57","modified_gmt":"2026-09-02T14:05:57","slug":"producao-industrial-cresce-02-em-julho-apos-dois-meses-de-queda","status":"publish","type":"post","link":"https:\/\/redenoticiaz.com.br\/ribeiraopreto-regiao\/sp\/2026\/09\/02\/producao-industrial-cresce-02-em-julho-apos-dois-meses-de-queda","title":{"rendered":"Produ\u00e7\u00e3o industrial cresce 0,2% em julho ap\u00f3s dois meses de queda"},"content":{"rendered":"<p>A produ\u00e7\u00e3o da ind\u00fastria brasileira cresceu 0,2% de junho para julho de 2026, interrompendo uma sequ\u00eancia de dois meses de queda. Com esse resultado, o setor acumula alta de 1,1% no ano e uma expans\u00e3o de 0,6% nos \u00faltimos 12 meses, conforme divulgado hoje pelo Instituto Brasileiro de Geografia e Estat\u00edstica (IBGE).<\/p>\n<p>No entanto, em compara\u00e7\u00e3o a julho de 2025, a produ\u00e7\u00e3o industrial recuou 0,5%. A m\u00e9dia m\u00f3vel trimestral, que oferece uma vis\u00e3o mais clara da trajet\u00f3ria recente, apresentou uma queda de 0,8%.<\/p>\n<p>Os dados fazem parte da Pesquisa Industrial Mensal (PIM), publicada nesta quarta-feira (2). O IBGE apontou que a varia\u00e7\u00e3o acumulada em 12 meses (0,6%) indica uma &#8220;ligeira perda de ritmo&#8221; em rela\u00e7\u00e3o ao acumulado at\u00e9 junho deste ano (0,7%).<\/p>\n<p>Em agosto, a compara\u00e7\u00e3o mensal revela o seguinte desempenho da ind\u00fastria brasileira em 2026:<\/p>\n<ul>\n<li>Janeiro: 2,1%<\/li>\n<li>Fevereiro: 1,0%<\/li>\n<li>Mar\u00e7o: 0,1%<\/li>\n<li>Abril: 1,2%<\/li>\n<li>Maio: -1,0%<\/li>\n<li>Junho: -1,6%<\/li>\n<li>Julho: 0,2%<\/li>\n<\/ul>\n<p>O crescimento em julho coloca a ind\u00fastria 2,1% acima do n\u00edvel pr\u00e9-pandemia, registrado em fevereiro de 2020, mas ainda 15% abaixo do pico hist\u00f3rico alcan\u00e7ado em maio de 2001.<\/p>\n<p>O levantamento indica que tr\u00eas das quatro grandes categorias econ\u00f4micas tiveram crescimento de junho para julho. Os bens de consumo dur\u00e1veis apresentaram alta de 3,2%, seguidos pelos bens de capital com 2,4% e pelos bens de consumo semi e n\u00e3o dur\u00e1veis, que cresceram 0,5%. Por outro lado, os bens intermedi\u00e1rios tiveram uma leve queda de 0,2%.<\/p>\n<p>No total, 13 das 25 atividades monitoradas pelo IBGE mostraram crescimento no per\u00edodo. Entre as que se destacaram, est\u00e3o:<\/p>\n<ul>\n<li>Equipamentos de inform\u00e1tica, produtos eletr\u00f4nicos e \u00f3pticos: 12,2%<\/li>\n<li>Produtos aliment\u00edcios: 1%<\/li>\n<li>Coque, produtos derivados do petr\u00f3leo e biocombust\u00edveis: 1,1%<\/li>\n<li>Outros equipamentos de transporte: 11,2%<\/li>\n<li>Produtos do fumo: 11,1%<\/li>\n<li>M\u00e1quinas, aparelhos e materiais el\u00e9tricos: 2,3%<\/li>\n<li>Confec\u00e7\u00e3o de artigos do vestu\u00e1rio e acess\u00f3rios: 2,6%<\/li>\n<\/ul>\n<p>No entanto, a maior press\u00e3o negativa veio da ind\u00fastria extrativa, que apresentou um recuo de 1%. Outras quedas significativas foram registradas em impress\u00e3o e reprodu\u00e7\u00e3o de grava\u00e7\u00f5es (-17,2%), produtos diversos (-9,0%), metalurgia (-1,4%), produtos qu\u00edmicos (-0,8%), e celulose, papel e produtos de papel (-1,3%).<\/p>\n<p>O \u00edndice de difus\u00e3o mostrou que 69,6% dos 789 produtos pesquisados apresentaram desempenho positivo na passagem de junho para julho, o que representa o segundo maior indicador do ano, perdendo apenas para mar\u00e7o, que registrou 80,6%.<\/p>\n","protected":false},"excerpt":{"rendered":"<p>A produ\u00e7\u00e3o da ind\u00fastria brasileira cresceu 0,2% de junho para julho de 2026, interrompendo uma sequ\u00eancia de dois meses de queda. Com esse resultado, o setor acumula alta de 1,1% no ano e uma expans\u00e3o de 0,6% nos \u00faltimos 12 meses, conforme divulgado hoje pelo Instituto Brasileiro de Geografia e Estat\u00edstica (IBGE). No entanto, em &hellip;<\/p>\n","protected":false},"author":5,"featured_media":123088,"comment_status":"open","ping_status":"closed","sticky":false,"template":"","format":"standard","meta":{"footnotes":""},"categories":[101,129],"tags":[],"class_list":["post-123087","post","type-post","status-publish","format-standard","has-post-thumbnail","hentry","category-economia","category-saude"],"yoast_head":"<!-- This site is optimized with the Yoast SEO plugin v28.4 - https:\/\/yoast.com\/product\/yoast-seo-wordpress\/ -->\n<title>Produ\u00e7\u00e3o industrial cresce 0,2% em julho ap\u00f3s dois meses de queda - Ribeir\u00e3o Preto e Regi\u00e3o<\/title>\n<meta name=\"robots\" content=\"index, follow, max-snippet:-1, max-image-preview:large, max-video-preview:-1\" \/>\n<link rel=\"canonical\" href=\"https:\/\/redenoticiaz.com.br\/ribeiraopreto-regiao\/sp\/2026\/09\/02\/producao-industrial-cresce-02-em-julho-apos-dois-meses-de-queda\" \/>\n<meta property=\"og:locale\" content=\"pt_BR\" \/>\n<meta property=\"og:type\" content=\"article\" \/>\n<meta property=\"og:title\" content=\"Produ\u00e7\u00e3o industrial cresce 0,2% em julho ap\u00f3s dois meses de queda - Ribeir\u00e3o Preto e Regi\u00e3o\" \/>\n<meta property=\"og:description\" content=\"A produ\u00e7\u00e3o da ind\u00fastria brasileira cresceu 0,2% de junho para julho de 2026, interrompendo uma sequ\u00eancia de dois meses de queda. Com esse resultado, o setor acumula alta de 1,1% no ano e uma expans\u00e3o de 0,6% nos \u00faltimos 12 meses, conforme divulgado hoje pelo Instituto Brasileiro de Geografia e Estat\u00edstica (IBGE). No entanto, em &hellip;\" \/>\n<meta property=\"og:url\" content=\"https:\/\/redenoticiaz.com.br\/ribeiraopreto-regiao\/sp\/2026\/09\/02\/producao-industrial-cresce-02-em-julho-apos-dois-meses-de-queda\" \/>\n<meta property=\"og:site_name\" content=\"Ribeir\u00e3o Preto e Regi\u00e3o\" \/>\n<meta property=\"article:publisher\" content=\"https:\/\/m.facebook.com\/redenoticiaz.barretos\" \/>\n<meta property=\"article:published_time\" content=\"2026-09-02T14:05:57+00:00\" \/>\n<meta property=\"og:image\" content=\"https:\/\/redenoticiaz.com.br\/ribeiraopreto-regiao\/wp-content\/uploads\/sites\/4\/2022\/02\/logo.jpg\" \/>\n\t<meta property=\"og:image:width\" content=\"400\" \/>\n\t<meta property=\"og:image:height\" content=\"250\" \/>\n\t<meta property=\"og:image:type\" content=\"image\/jpeg\" \/>\n<meta name=\"author\" content=\"Patr\u00edcia Prado\" \/>\n<meta name=\"twitter:card\" content=\"summary_large_image\" \/>\n<meta name=\"twitter:creator\" content=\"@RN_barretos\" \/>\n<meta name=\"twitter:site\" content=\"@RN_barretos\" \/>\n<meta name=\"twitter:label1\" content=\"Escrito por\" \/>\n\t<meta name=\"twitter:data1\" content=\"Patr\u00edcia Prado\" \/>\n\t<meta name=\"twitter:label2\" content=\"Est. tempo de leitura\" \/>\n\t<meta name=\"twitter:data2\" content=\"2 minutos\" \/>\n<script type=\"application\/ld+json\" class=\"yoast-schema-graph\">{\"@context\":\"https:\\\/\\\/schema.org\",\"@graph\":[{\"@type\":\"Article\",\"@id\":\"https:\\\/\\\/redenoticiaz.com.br\\\/ribeiraopreto-regiao\\\/sp\\\/2026\\\/09\\\/02\\\/producao-industrial-cresce-02-em-julho-apos-dois-meses-de-queda#article\",\"isPartOf\":{\"@id\":\"https:\\\/\\\/redenoticiaz.com.br\\\/ribeiraopreto-regiao\\\/sp\\\/2026\\\/09\\\/02\\\/producao-industrial-cresce-02-em-julho-apos-dois-meses-de-queda\"},\"author\":{\"name\":\"Patr\u00edcia Prado\",\"@id\":\"https:\\\/\\\/redenoticiaz.com.br\\\/ribeiraopreto-regiao\\\/#\\\/schema\\\/person\\\/e1b0bd8c2637e2c1b6ddcbc2c33b116f\"},\"headline\":\"Produ\u00e7\u00e3o industrial cresce 0,2% em julho ap\u00f3s dois meses de queda\",\"datePublished\":\"2026-09-02T14:05:57+00:00\",\"mainEntityOfPage\":{\"@id\":\"https:\\\/\\\/redenoticiaz.com.br\\\/ribeiraopreto-regiao\\\/sp\\\/2026\\\/09\\\/02\\\/producao-industrial-cresce-02-em-julho-apos-dois-meses-de-queda\"},\"wordCount\":396,\"commentCount\":0,\"publisher\":{\"@id\":\"https:\\\/\\\/redenoticiaz.com.br\\\/ribeiraopreto-regiao\\\/#organization\"},\"image\":{\"@id\":\"https:\\\/\\\/redenoticiaz.com.br\\\/ribeiraopreto-regiao\\\/sp\\\/2026\\\/09\\\/02\\\/producao-industrial-cresce-02-em-julho-apos-dois-meses-de-queda#primaryimage\"},\"thumbnailUrl\":\"https:\\\/\\\/redenoticiaz.com.br\\\/ribeiraopreto-regiao\\\/wp-content\\\/uploads\\\/sites\\\/4\\\/2026\\\/09\\\/17342982670_5b50629bb5_o.jpg\",\"articleSection\":[\"Economia\",\"Sa\u00fade\"],\"inLanguage\":\"pt-BR\",\"potentialAction\":[{\"@type\":\"CommentAction\",\"name\":\"Comment\",\"target\":[\"https:\\\/\\\/redenoticiaz.com.br\\\/ribeiraopreto-regiao\\\/sp\\\/2026\\\/09\\\/02\\\/producao-industrial-cresce-02-em-julho-apos-dois-meses-de-queda#respond\"]}]},{\"@type\":\"WebPage\",\"@id\":\"https:\\\/\\\/redenoticiaz.com.br\\\/ribeiraopreto-regiao\\\/sp\\\/2026\\\/09\\\/02\\\/producao-industrial-cresce-02-em-julho-apos-dois-meses-de-queda\",\"url\":\"https:\\\/\\\/redenoticiaz.com.br\\\/ribeiraopreto-regiao\\\/sp\\\/2026\\\/09\\\/02\\\/producao-industrial-cresce-02-em-julho-apos-dois-meses-de-queda\",\"name\":\"Produ\u00e7\u00e3o industrial cresce 0,2% em julho ap\u00f3s dois meses de queda - Ribeir\u00e3o Preto e Regi\u00e3o\",\"isPartOf\":{\"@id\":\"https:\\\/\\\/redenoticiaz.com.br\\\/ribeiraopreto-regiao\\\/#website\"},\"primaryImageOfPage\":{\"@id\":\"https:\\\/\\\/redenoticiaz.com.br\\\/ribeiraopreto-regiao\\\/sp\\\/2026\\\/09\\\/02\\\/producao-industrial-cresce-02-em-julho-apos-dois-meses-de-queda#primaryimage\"},\"image\":{\"@id\":\"https:\\\/\\\/redenoticiaz.com.br\\\/ribeiraopreto-regiao\\\/sp\\\/2026\\\/09\\\/02\\\/producao-industrial-cresce-02-em-julho-apos-dois-meses-de-queda#primaryimage\"},\"thumbnailUrl\":\"https:\\\/\\\/redenoticiaz.com.br\\\/ribeiraopreto-regiao\\\/wp-content\\\/uploads\\\/sites\\\/4\\\/2026\\\/09\\\/17342982670_5b50629bb5_o.jpg\",\"datePublished\":\"2026-09-02T14:05:57+00:00\",\"inLanguage\":\"pt-BR\",\"potentialAction\":[{\"@type\":\"ReadAction\",\"target\":[\"https:\\\/\\\/redenoticiaz.com.br\\\/ribeiraopreto-regiao\\\/sp\\\/2026\\\/09\\\/02\\\/producao-industrial-cresce-02-em-julho-apos-dois-meses-de-queda\"]}]},{\"@type\":\"ImageObject\",\"inLanguage\":\"pt-BR\",\"@id\":\"https:\\\/\\\/redenoticiaz.com.br\\\/ribeiraopreto-regiao\\\/sp\\\/2026\\\/09\\\/02\\\/producao-industrial-cresce-02-em-julho-apos-dois-meses-de-queda#primaryimage\",\"url\":\"https:\\\/\\\/redenoticiaz.com.br\\\/ribeiraopreto-regiao\\\/wp-content\\\/uploads\\\/sites\\\/4\\\/2026\\\/09\\\/17342982670_5b50629bb5_o.jpg\",\"contentUrl\":\"https:\\\/\\\/redenoticiaz.com.br\\\/ribeiraopreto-regiao\\\/wp-content\\\/uploads\\\/sites\\\/4\\\/2026\\\/09\\\/17342982670_5b50629bb5_o.jpg\",\"width\":1600,\"height\":800},{\"@type\":\"WebSite\",\"@id\":\"https:\\\/\\\/redenoticiaz.com.br\\\/ribeiraopreto-regiao\\\/#website\",\"url\":\"https:\\\/\\\/redenoticiaz.com.br\\\/ribeiraopreto-regiao\\\/\",\"name\":\"Ribeir\u00e3o Preto e Regi\u00e3o\",\"description\":\"Rede NoticiaZ - Ribeir\u00e3o Preto e regi\u00e3o\",\"publisher\":{\"@id\":\"https:\\\/\\\/redenoticiaz.com.br\\\/ribeiraopreto-regiao\\\/#organization\"},\"potentialAction\":[{\"@type\":\"SearchAction\",\"target\":{\"@type\":\"EntryPoint\",\"urlTemplate\":\"https:\\\/\\\/redenoticiaz.com.br\\\/ribeiraopreto-regiao\\\/?s={search_term_string}\"},\"query-input\":{\"@type\":\"PropertyValueSpecification\",\"valueRequired\":true,\"valueName\":\"search_term_string\"}}],\"inLanguage\":\"pt-BR\"},{\"@type\":\"Organization\",\"@id\":\"https:\\\/\\\/redenoticiaz.com.br\\\/ribeiraopreto-regiao\\\/#organization\",\"name\":\"Ribeir\u00e3o Preto e Regi\u00e3o\",\"url\":\"https:\\\/\\\/redenoticiaz.com.br\\\/ribeiraopreto-regiao\\\/\",\"logo\":{\"@type\":\"ImageObject\",\"inLanguage\":\"pt-BR\",\"@id\":\"https:\\\/\\\/redenoticiaz.com.br\\\/ribeiraopreto-regiao\\\/#\\\/schema\\\/logo\\\/image\\\/\",\"url\":\"https:\\\/\\\/redenoticiaz.com.br\\\/barretos-regiao\\\/wp-content\\\/uploads\\\/sites\\\/4\\\/2022\\\/02\\\/logo.jpg\",\"contentUrl\":\"https:\\\/\\\/redenoticiaz.com.br\\\/barretos-regiao\\\/wp-content\\\/uploads\\\/sites\\\/4\\\/2022\\\/02\\\/logo.jpg\",\"width\":400,\"height\":250,\"caption\":\"Ribeir\u00e3o Preto e Regi\u00e3o\"},\"image\":{\"@id\":\"https:\\\/\\\/redenoticiaz.com.br\\\/ribeiraopreto-regiao\\\/#\\\/schema\\\/logo\\\/image\\\/\"},\"sameAs\":[\"https:\\\/\\\/m.facebook.com\\\/redenoticiaz.barretos\",\"https:\\\/\\\/x.com\\\/RN_barretos\",\"https:\\\/\\\/www.instagram.com\\\/redenoticiaz.barretos\\\/?igshid=YmMyMTA2M2Y\",\"https:\\\/\\\/www.linkedin.com\\\/company\\\/rede-noticiaz-barretos-e-regio\\\/\"]},{\"@type\":\"Person\",\"@id\":\"https:\\\/\\\/redenoticiaz.com.br\\\/ribeiraopreto-regiao\\\/#\\\/schema\\\/person\\\/e1b0bd8c2637e2c1b6ddcbc2c33b116f\",\"name\":\"Patr\u00edcia Prado\",\"image\":{\"@type\":\"ImageObject\",\"inLanguage\":\"pt-BR\",\"@id\":\"https:\\\/\\\/secure.gravatar.com\\\/avatar\\\/92e358bef22cfcec15e054ae4d9fee04dadf0c772dc4a17b382b8a34a15354c2?s=96&d=mm&r=g\",\"url\":\"https:\\\/\\\/secure.gravatar.com\\\/avatar\\\/92e358bef22cfcec15e054ae4d9fee04dadf0c772dc4a17b382b8a34a15354c2?s=96&d=mm&r=g\",\"contentUrl\":\"https:\\\/\\\/secure.gravatar.com\\\/avatar\\\/92e358bef22cfcec15e054ae4d9fee04dadf0c772dc4a17b382b8a34a15354c2?s=96&d=mm&r=g\",\"caption\":\"Patr\u00edcia Prado\"},\"url\":\"https:\\\/\\\/redenoticiaz.com.br\\\/ribeiraopreto-regiao\\\/sp\\\/author\\\/patricia-prado\"}]}<\/script>\n<!-- \/ Yoast SEO plugin. -->","yoast_head_json":{"title":"Produ\u00e7\u00e3o industrial cresce 0,2% em julho ap\u00f3s dois meses de queda - Ribeir\u00e3o Preto e Regi\u00e3o","robots":{"index":"index","follow":"follow","max-snippet":"max-snippet:-1","max-image-preview":"max-image-preview:large","max-video-preview":"max-video-preview:-1"},"canonical":"https:\/\/redenoticiaz.com.br\/ribeiraopreto-regiao\/sp\/2026\/09\/02\/producao-industrial-cresce-02-em-julho-apos-dois-meses-de-queda","og_locale":"pt_BR","og_type":"article","og_title":"Produ\u00e7\u00e3o industrial cresce 0,2% em julho ap\u00f3s dois meses de queda - Ribeir\u00e3o Preto e Regi\u00e3o","og_description":"A produ\u00e7\u00e3o da ind\u00fastria brasileira cresceu 0,2% de junho para julho de 2026, interrompendo uma sequ\u00eancia de dois meses de queda. Com esse resultado, o setor acumula alta de 1,1% no ano e uma expans\u00e3o de 0,6% nos \u00faltimos 12 meses, conforme divulgado hoje pelo Instituto Brasileiro de Geografia e Estat\u00edstica (IBGE). No entanto, em &hellip;","og_url":"https:\/\/redenoticiaz.com.br\/ribeiraopreto-regiao\/sp\/2026\/09\/02\/producao-industrial-cresce-02-em-julho-apos-dois-meses-de-queda","og_site_name":"Ribeir\u00e3o Preto e Regi\u00e3o","article_publisher":"https:\/\/m.facebook.com\/redenoticiaz.barretos","article_published_time":"2026-09-02T14:05:57+00:00","og_image":[{"width":400,"height":250,"url":"https:\/\/redenoticiaz.com.br\/ribeiraopreto-regiao\/wp-content\/uploads\/sites\/4\/2022\/02\/logo.jpg","type":"image\/jpeg"}],"author":"Patr\u00edcia Prado","twitter_card":"summary_large_image","twitter_creator":"@RN_barretos","twitter_site":"@RN_barretos","twitter_misc":{"Escrito por":"Patr\u00edcia Prado","Est. tempo de leitura":"2 minutos"},"schema":{"@context":"https:\/\/schema.org","@graph":[{"@type":"Article","@id":"https:\/\/redenoticiaz.com.br\/ribeiraopreto-regiao\/sp\/2026\/09\/02\/producao-industrial-cresce-02-em-julho-apos-dois-meses-de-queda#article","isPartOf":{"@id":"https:\/\/redenoticiaz.com.br\/ribeiraopreto-regiao\/sp\/2026\/09\/02\/producao-industrial-cresce-02-em-julho-apos-dois-meses-de-queda"},"author":{"name":"Patr\u00edcia Prado","@id":"https:\/\/redenoticiaz.com.br\/ribeiraopreto-regiao\/#\/schema\/person\/e1b0bd8c2637e2c1b6ddcbc2c33b116f"},"headline":"Produ\u00e7\u00e3o industrial cresce 0,2% em julho ap\u00f3s dois meses de queda","datePublished":"2026-09-02T14:05:57+00:00","mainEntityOfPage":{"@id":"https:\/\/redenoticiaz.com.br\/ribeiraopreto-regiao\/sp\/2026\/09\/02\/producao-industrial-cresce-02-em-julho-apos-dois-meses-de-queda"},"wordCount":396,"commentCount":0,"publisher":{"@id":"https:\/\/redenoticiaz.com.br\/ribeiraopreto-regiao\/#organization"},"image":{"@id":"https:\/\/redenoticiaz.com.br\/ribeiraopreto-regiao\/sp\/2026\/09\/02\/producao-industrial-cresce-02-em-julho-apos-dois-meses-de-queda#primaryimage"},"thumbnailUrl":"https:\/\/redenoticiaz.com.br\/ribeiraopreto-regiao\/wp-content\/uploads\/sites\/4\/2026\/09\/17342982670_5b50629bb5_o.jpg","articleSection":["Economia","Sa\u00fade"],"inLanguage":"pt-BR","potentialAction":[{"@type":"CommentAction","name":"Comment","target":["https:\/\/redenoticiaz.com.br\/ribeiraopreto-regiao\/sp\/2026\/09\/02\/producao-industrial-cresce-02-em-julho-apos-dois-meses-de-queda#respond"]}]},{"@type":"WebPage","@id":"https:\/\/redenoticiaz.com.br\/ribeiraopreto-regiao\/sp\/2026\/09\/02\/producao-industrial-cresce-02-em-julho-apos-dois-meses-de-queda","url":"https:\/\/redenoticiaz.com.br\/ribeiraopreto-regiao\/sp\/2026\/09\/02\/producao-industrial-cresce-02-em-julho-apos-dois-meses-de-queda","name":"Produ\u00e7\u00e3o industrial cresce 0,2% em julho ap\u00f3s dois meses de queda - Ribeir\u00e3o Preto e Regi\u00e3o","isPartOf":{"@id":"https:\/\/redenoticiaz.com.br\/ribeiraopreto-regiao\/#website"},"primaryImageOfPage":{"@id":"https:\/\/redenoticiaz.com.br\/ribeiraopreto-regiao\/sp\/2026\/09\/02\/producao-industrial-cresce-02-em-julho-apos-dois-meses-de-queda#primaryimage"},"image":{"@id":"https:\/\/redenoticiaz.com.br\/ribeiraopreto-regiao\/sp\/2026\/09\/02\/producao-industrial-cresce-02-em-julho-apos-dois-meses-de-queda#primaryimage"},"thumbnailUrl":"https:\/\/redenoticiaz.com.br\/ribeiraopreto-regiao\/wp-content\/uploads\/sites\/4\/2026\/09\/17342982670_5b50629bb5_o.jpg","datePublished":"2026-09-02T14:05:57+00:00","inLanguage":"pt-BR","potentialAction":[{"@type":"ReadAction","target":["https:\/\/redenoticiaz.com.br\/ribeiraopreto-regiao\/sp\/2026\/09\/02\/producao-industrial-cresce-02-em-julho-apos-dois-meses-de-queda"]}]},{"@type":"ImageObject","inLanguage":"pt-BR","@id":"https:\/\/redenoticiaz.com.br\/ribeiraopreto-regiao\/sp\/2026\/09\/02\/producao-industrial-cresce-02-em-julho-apos-dois-meses-de-queda#primaryimage","url":"https:\/\/redenoticiaz.com.br\/ribeiraopreto-regiao\/wp-content\/uploads\/sites\/4\/2026\/09\/17342982670_5b50629bb5_o.jpg","contentUrl":"https:\/\/redenoticiaz.com.br\/ribeiraopreto-regiao\/wp-content\/uploads\/sites\/4\/2026\/09\/17342982670_5b50629bb5_o.jpg","width":1600,"height":800},{"@type":"WebSite","@id":"https:\/\/redenoticiaz.com.br\/ribeiraopreto-regiao\/#website","url":"https:\/\/redenoticiaz.com.br\/ribeiraopreto-regiao\/","name":"Ribeir\u00e3o Preto e Regi\u00e3o","description":"Rede NoticiaZ - Ribeir\u00e3o Preto e regi\u00e3o","publisher":{"@id":"https:\/\/redenoticiaz.com.br\/ribeiraopreto-regiao\/#organization"},"potentialAction":[{"@type":"SearchAction","target":{"@type":"EntryPoint","urlTemplate":"https:\/\/redenoticiaz.com.br\/ribeiraopreto-regiao\/?s={search_term_string}"},"query-input":{"@type":"PropertyValueSpecification","valueRequired":true,"valueName":"search_term_string"}}],"inLanguage":"pt-BR"},{"@type":"Organization","@id":"https:\/\/redenoticiaz.com.br\/ribeiraopreto-regiao\/#organization","name":"Ribeir\u00e3o Preto e Regi\u00e3o","url":"https:\/\/redenoticiaz.com.br\/ribeiraopreto-regiao\/","logo":{"@type":"ImageObject","inLanguage":"pt-BR","@id":"https:\/\/redenoticiaz.com.br\/ribeiraopreto-regiao\/#\/schema\/logo\/image\/","url":"https:\/\/redenoticiaz.com.br\/barretos-regiao\/wp-content\/uploads\/sites\/4\/2022\/02\/logo.jpg","contentUrl":"https:\/\/redenoticiaz.com.br\/barretos-regiao\/wp-content\/uploads\/sites\/4\/2022\/02\/logo.jpg","width":400,"height":250,"caption":"Ribeir\u00e3o Preto e Regi\u00e3o"},"image":{"@id":"https:\/\/redenoticiaz.com.br\/ribeiraopreto-regiao\/#\/schema\/logo\/image\/"},"sameAs":["https:\/\/m.facebook.com\/redenoticiaz.barretos","https:\/\/x.com\/RN_barretos","https:\/\/www.instagram.com\/redenoticiaz.barretos\/?igshid=YmMyMTA2M2Y","https:\/\/www.linkedin.com\/company\/rede-noticiaz-barretos-e-regio\/"]},{"@type":"Person","@id":"https:\/\/redenoticiaz.com.br\/ribeiraopreto-regiao\/#\/schema\/person\/e1b0bd8c2637e2c1b6ddcbc2c33b116f","name":"Patr\u00edcia Prado","image":{"@type":"ImageObject","inLanguage":"pt-BR","@id":"https:\/\/secure.gravatar.com\/avatar\/92e358bef22cfcec15e054ae4d9fee04dadf0c772dc4a17b382b8a34a15354c2?s=96&d=mm&r=g","url":"https:\/\/secure.gravatar.com\/avatar\/92e358bef22cfcec15e054ae4d9fee04dadf0c772dc4a17b382b8a34a15354c2?s=96&d=mm&r=g","contentUrl":"https:\/\/secure.gravatar.com\/avatar\/92e358bef22cfcec15e054ae4d9fee04dadf0c772dc4a17b382b8a34a15354c2?s=96&d=mm&r=g","caption":"Patr\u00edcia Prado"},"url":"https:\/\/redenoticiaz.com.br\/ribeiraopreto-regiao\/sp\/author\/patricia-prado"}]}},"_links":{"self":[{"href":"https:\/\/redenoticiaz.com.br\/ribeiraopreto-regiao\/wp-json\/wp\/v2\/posts\/123087","targetHints":{"allow":["GET"]}}],"collection":[{"href":"https:\/\/redenoticiaz.com.br\/ribeiraopreto-regiao\/wp-json\/wp\/v2\/posts"}],"about":[{"href":"https:\/\/redenoticiaz.com.br\/ribeiraopreto-regiao\/wp-json\/wp\/v2\/types\/post"}],"author":[{"embeddable":true,"href":"https:\/\/redenoticiaz.com.br\/ribeiraopreto-regiao\/wp-json\/wp\/v2\/users\/5"}],"replies":[{"embeddable":true,"href":"https:\/\/redenoticiaz.com.br\/ribeiraopreto-regiao\/wp-json\/wp\/v2\/comments?post=123087"}],"version-history":[{"count":0,"href":"https:\/\/redenoticiaz.com.br\/ribeiraopreto-regiao\/wp-json\/wp\/v2\/posts\/123087\/revisions"}],"wp:featuredmedia":[{"embeddable":true,"href":"https:\/\/redenoticiaz.com.br\/ribeiraopreto-regiao\/wp-json\/wp\/v2\/media\/123088"}],"wp:attachment":[{"href":"https:\/\/redenoticiaz.com.br\/ribeiraopreto-regiao\/wp-json\/wp\/v2\/media?parent=123087"}],"wp:term":[{"taxonomy":"category","embeddable":true,"href":"https:\/\/redenoticiaz.com.br\/ribeiraopreto-regiao\/wp-json\/wp\/v2\/categories?post=123087"},{"taxonomy":"post_tag","embeddable":true,"href":"https:\/\/redenoticiaz.com.br\/ribeiraopreto-regiao\/wp-json\/wp\/v2\/tags?post=123087"}],"curies":[{"name":"wp","href":"https:\/\/api.w.org\/{rel}","templated":true}]}}