{"id":123097,"date":"2026-09-02T13:02:15","date_gmt":"2026-09-02T16:02:15","guid":{"rendered":"https:\/\/redenoticiaz.com.br\/ribeiraopreto-regiao\/sp\/2026\/09\/02\/desfile-civico-em-ribeirao-preto-celebra-204-anos-da-independencia-do-brasil-na-avenida-paschoal-innecchi"},"modified":"2026-09-02T13:02:15","modified_gmt":"2026-09-02T16:02:15","slug":"desfile-civico-em-ribeirao-preto-celebra-204-anos-da-independencia-do-brasil-na-avenida-paschoal-innecchi","status":"publish","type":"post","link":"https:\/\/redenoticiaz.com.br\/ribeiraopreto-regiao\/sp\/2026\/09\/02\/desfile-civico-em-ribeirao-preto-celebra-204-anos-da-independencia-do-brasil-na-avenida-paschoal-innecchi","title":{"rendered":"Desfile C\u00edvico em Ribeir\u00e3o Preto celebra 204 anos da Independ\u00eancia do Brasil na avenida Paschoal Innecchi"},"content":{"rendered":"<p>A Prefeitura de Ribeir\u00e3o Preto ir\u00e1 promover um Desfile C\u00edvico em homenagem aos 204 anos da Independ\u00eancia do Brasil, marcado para segunda-feira, 7 de setembro, \u00e0s 8h, na avenida Paschoal Innecchi. O evento contar\u00e1 com a presen\u00e7a de for\u00e7as de seguran\u00e7a, escolas, entidades sociais e grupos comunit\u00e1rios, al\u00e9m de ve\u00edculos representando diversas organiza\u00e7\u00f5es.<\/p>\n<p>A realiza\u00e7\u00e3o do desfile envolve a colabora\u00e7\u00e3o de v\u00e1rias secretarias municipais, \u00f3rg\u00e3os de seguran\u00e7a e institui\u00e7\u00f5es participantes. Recentemente, a Guarda Civil Metropolitana (GCM) promoveu uma reuni\u00e3o com representantes envolvidos, onde foram alinhados detalhes de log\u00edstica e seguran\u00e7a para assegurar uma execu\u00e7\u00e3o organizada e segura para todos os envolvidos.<\/p>\n<p>Maria Em\u00edlia Machado Millano Mazzei, superintendente interina da GCM, destacou a import\u00e2ncia do planejamento pr\u00e9vio, afirmando que este \u00e9 essencial para o sucesso do evento, garantindo seguran\u00e7a aos participantes e ao p\u00fablico.<\/p>\n<p>A programa\u00e7\u00e3o do desfile ter\u00e1 in\u00edcio com a Base de Apoio Regional e contar\u00e1 com a atua\u00e7\u00e3o do Tiro de Guerra de Ribeir\u00e3o Preto \u2013 Banda Duque de Caxias, al\u00e9m de uma reencena\u00e7\u00e3o do Velho Sexto. Tamb\u00e9m participar\u00e3o bandas da Pol\u00edcia Militar e da APAE.<\/p>\n<p>O evento ainda contar\u00e1 com a presen\u00e7a do pelot\u00e3o da Guarda Civil Metropolitana, do Pelot\u00e3o Infantil da GCM, do Basquete em Cadeira de Rodas e V\u00f4lei Sentado, dos Gide\u00f5es Mirins, do Bombeiro Infantil, da Funda\u00e7\u00e3o Educand\u00e1rio e de v\u00e1rios Grupos de Escoteiros.<\/p>\n<p>Dentre as institui\u00e7\u00f5es de ensino e grupos que participar\u00e3o do desfile est\u00e3o a EMEF Eduardo Romualdo de Souza, a EMEF Alfeu Gasparini, o Grupo Arco-\u00cdris (Amor Filial), o Col\u00e9gio Independ\u00eancia, Aventureiros, Desbravadores e a Igreja do Evangelho Quadrangular, International Foursquare Gospel Central de Ribeir\u00e3o Preto.<\/p>\n<p>A programa\u00e7\u00e3o tamb\u00e9m inclui apresenta\u00e7\u00f5es de grupos culturais e comunit\u00e1rios, como Taiyo Ongakutai, Asas Paz, Taiga, Legi\u00e3o da Boa Vontade (LBV), Ordem DeMolay, Patins Clube \u2013 Rock Shop Skate, Narc\u00f3ticos An\u00f4nimos e a Tica Escola de Samba.<\/p>\n<p>O SAMU participar\u00e1 com o Samuzinho, Samuz\u00e3o e suas viaturas, assim como a Pol\u00edcia Civil, a Guarda Civil Metropolitana, a Defesa Civil, a Pol\u00edcia Militar, o Corpo de Bombeiros e a Pol\u00edcia Penal, que tamb\u00e9m estar\u00e3o representados com suas viaturas.<\/p>\n<p>A inclus\u00e3o de grupos do setor automotivo e agr\u00edcola, como RP Mobi, Moto Clube, Conselho Regional de Corretores de Im\u00f3veis (CRECI-SP), Low Style RP, Brothers Car Ribeir\u00e3o Preto, California Volks e o Trator Agricultura Familiar \u2013 Volvo T230, tamb\u00e9m \u00e9 parte da programa\u00e7\u00e3o.<\/p>\n<p><strong>Servi\u00e7o<\/strong><\/p>\n<p><strong>Desfile C\u00edvico de 7 de Setembro<\/strong><\/p>\n<p>Data: segunda-feira, 7 de setembro de 2026<br \/>\nHor\u00e1rio: 8h<br \/>\nLocal: avenida Paschoal Innecchi \u2013 Ribeir\u00e3o Preto<\/p>\n","protected":false},"excerpt":{"rendered":"<p>A Prefeitura de Ribeir\u00e3o Preto ir\u00e1 promover um Desfile C\u00edvico em homenagem aos 204 anos da Independ\u00eancia do Brasil, marcado para segunda-feira, 7 de setembro, \u00e0s 8h, na avenida Paschoal Innecchi. O evento contar\u00e1 com a presen\u00e7a de for\u00e7as de seguran\u00e7a, escolas, entidades sociais e grupos comunit\u00e1rios, al\u00e9m de ve\u00edculos representando diversas organiza\u00e7\u00f5es. A realiza\u00e7\u00e3o &hellip;<\/p>\n","protected":false},"author":5,"featured_media":123098,"comment_status":"open","ping_status":"closed","sticky":false,"template":"","format":"standard","meta":{"footnotes":""},"categories":[5267,815,87,88,31500],"tags":[],"class_list":["post-123097","post","type-post","status-publish","format-standard","has-post-thumbnail","hentry","category-agricultura","category-cultura-e-musica","category-esporte","category-policia","category-ribeirao-preto"],"yoast_head":"<!-- This site is optimized with the Yoast SEO plugin v28.4 - https:\/\/yoast.com\/product\/yoast-seo-wordpress\/ -->\n<title>Desfile C\u00edvico em Ribeir\u00e3o Preto celebra 204 anos da Independ\u00eancia do Brasil na avenida Paschoal Innecchi - Ribeir\u00e3o Preto e Regi\u00e3o<\/title>\n<meta name=\"robots\" content=\"index, follow, max-snippet:-1, max-image-preview:large, max-video-preview:-1\" \/>\n<link rel=\"canonical\" href=\"https:\/\/redenoticiaz.com.br\/ribeiraopreto-regiao\/sp\/2026\/09\/02\/desfile-civico-em-ribeirao-preto-celebra-204-anos-da-independencia-do-brasil-na-avenida-paschoal-innecchi\" \/>\n<meta property=\"og:locale\" content=\"pt_BR\" \/>\n<meta property=\"og:type\" content=\"article\" \/>\n<meta property=\"og:title\" content=\"Desfile C\u00edvico em Ribeir\u00e3o Preto celebra 204 anos da Independ\u00eancia do Brasil na avenida Paschoal Innecchi - Ribeir\u00e3o Preto e Regi\u00e3o\" \/>\n<meta property=\"og:description\" content=\"A Prefeitura de Ribeir\u00e3o Preto ir\u00e1 promover um Desfile C\u00edvico em homenagem aos 204 anos da Independ\u00eancia do Brasil, marcado para segunda-feira, 7 de setembro, \u00e0s 8h, na avenida Paschoal Innecchi. O evento contar\u00e1 com a presen\u00e7a de for\u00e7as de seguran\u00e7a, escolas, entidades sociais e grupos comunit\u00e1rios, al\u00e9m de ve\u00edculos representando diversas organiza\u00e7\u00f5es. A realiza\u00e7\u00e3o &hellip;\" \/>\n<meta property=\"og:url\" content=\"https:\/\/redenoticiaz.com.br\/ribeiraopreto-regiao\/sp\/2026\/09\/02\/desfile-civico-em-ribeirao-preto-celebra-204-anos-da-independencia-do-brasil-na-avenida-paschoal-innecchi\" \/>\n<meta property=\"og:site_name\" content=\"Ribeir\u00e3o Preto e Regi\u00e3o\" \/>\n<meta property=\"article:publisher\" content=\"https:\/\/m.facebook.com\/redenoticiaz.barretos\" \/>\n<meta property=\"article:published_time\" content=\"2026-09-02T16:02:15+00:00\" \/>\n<meta property=\"og:image\" content=\"https:\/\/redenoticiaz.com.br\/ribeiraopreto-regiao\/wp-content\/uploads\/sites\/4\/2022\/02\/logo.jpg\" \/>\n\t<meta property=\"og:image:width\" content=\"400\" \/>\n\t<meta property=\"og:image:height\" content=\"250\" \/>\n\t<meta property=\"og:image:type\" content=\"image\/jpeg\" \/>\n<meta name=\"author\" content=\"Patr\u00edcia Prado\" \/>\n<meta name=\"twitter:card\" content=\"summary_large_image\" \/>\n<meta name=\"twitter:creator\" content=\"@RN_barretos\" \/>\n<meta name=\"twitter:site\" content=\"@RN_barretos\" \/>\n<meta name=\"twitter:label1\" content=\"Escrito por\" \/>\n\t<meta name=\"twitter:data1\" content=\"Patr\u00edcia Prado\" \/>\n\t<meta name=\"twitter:label2\" content=\"Est. tempo de leitura\" \/>\n\t<meta name=\"twitter:data2\" content=\"2 minutos\" \/>\n<script type=\"application\/ld+json\" class=\"yoast-schema-graph\">{\"@context\":\"https:\\\/\\\/schema.org\",\"@graph\":[{\"@type\":\"Article\",\"@id\":\"https:\\\/\\\/redenoticiaz.com.br\\\/ribeiraopreto-regiao\\\/sp\\\/2026\\\/09\\\/02\\\/desfile-civico-em-ribeirao-preto-celebra-204-anos-da-independencia-do-brasil-na-avenida-paschoal-innecchi#article\",\"isPartOf\":{\"@id\":\"https:\\\/\\\/redenoticiaz.com.br\\\/ribeiraopreto-regiao\\\/sp\\\/2026\\\/09\\\/02\\\/desfile-civico-em-ribeirao-preto-celebra-204-anos-da-independencia-do-brasil-na-avenida-paschoal-innecchi\"},\"author\":{\"name\":\"Patr\u00edcia Prado\",\"@id\":\"https:\\\/\\\/redenoticiaz.com.br\\\/ribeiraopreto-regiao\\\/#\\\/schema\\\/person\\\/e1b0bd8c2637e2c1b6ddcbc2c33b116f\"},\"headline\":\"Desfile C\u00edvico em Ribeir\u00e3o Preto celebra 204 anos da Independ\u00eancia do Brasil na avenida Paschoal Innecchi\",\"datePublished\":\"2026-09-02T16:02:15+00:00\",\"mainEntityOfPage\":{\"@id\":\"https:\\\/\\\/redenoticiaz.com.br\\\/ribeiraopreto-regiao\\\/sp\\\/2026\\\/09\\\/02\\\/desfile-civico-em-ribeirao-preto-celebra-204-anos-da-independencia-do-brasil-na-avenida-paschoal-innecchi\"},\"wordCount\":487,\"commentCount\":0,\"publisher\":{\"@id\":\"https:\\\/\\\/redenoticiaz.com.br\\\/ribeiraopreto-regiao\\\/#organization\"},\"image\":{\"@id\":\"https:\\\/\\\/redenoticiaz.com.br\\\/ribeiraopreto-regiao\\\/sp\\\/2026\\\/09\\\/02\\\/desfile-civico-em-ribeirao-preto-celebra-204-anos-da-independencia-do-brasil-na-avenida-paschoal-innecchi#primaryimage\"},\"thumbnailUrl\":\"https:\\\/\\\/redenoticiaz.com.br\\\/ribeiraopreto-regiao\\\/wp-content\\\/uploads\\\/sites\\\/4\\\/2026\\\/09\\\/desfile_7_setembro_-_foto_guilherme_sircili_39.jpg\",\"articleSection\":[\"Agricultura\",\"Cultura e M\u00fasica\",\"Esporte\",\"Pol\u00edcia\",\"Ribeir\u00e3o Preto\"],\"inLanguage\":\"pt-BR\",\"potentialAction\":[{\"@type\":\"CommentAction\",\"name\":\"Comment\",\"target\":[\"https:\\\/\\\/redenoticiaz.com.br\\\/ribeiraopreto-regiao\\\/sp\\\/2026\\\/09\\\/02\\\/desfile-civico-em-ribeirao-preto-celebra-204-anos-da-independencia-do-brasil-na-avenida-paschoal-innecchi#respond\"]}]},{\"@type\":\"WebPage\",\"@id\":\"https:\\\/\\\/redenoticiaz.com.br\\\/ribeiraopreto-regiao\\\/sp\\\/2026\\\/09\\\/02\\\/desfile-civico-em-ribeirao-preto-celebra-204-anos-da-independencia-do-brasil-na-avenida-paschoal-innecchi\",\"url\":\"https:\\\/\\\/redenoticiaz.com.br\\\/ribeiraopreto-regiao\\\/sp\\\/2026\\\/09\\\/02\\\/desfile-civico-em-ribeirao-preto-celebra-204-anos-da-independencia-do-brasil-na-avenida-paschoal-innecchi\",\"name\":\"Desfile C\u00edvico em Ribeir\u00e3o Preto celebra 204 anos da Independ\u00eancia do Brasil na avenida Paschoal Innecchi - Ribeir\u00e3o Preto e Regi\u00e3o\",\"isPartOf\":{\"@id\":\"https:\\\/\\\/redenoticiaz.com.br\\\/ribeiraopreto-regiao\\\/#website\"},\"primaryImageOfPage\":{\"@id\":\"https:\\\/\\\/redenoticiaz.com.br\\\/ribeiraopreto-regiao\\\/sp\\\/2026\\\/09\\\/02\\\/desfile-civico-em-ribeirao-preto-celebra-204-anos-da-independencia-do-brasil-na-avenida-paschoal-innecchi#primaryimage\"},\"image\":{\"@id\":\"https:\\\/\\\/redenoticiaz.com.br\\\/ribeiraopreto-regiao\\\/sp\\\/2026\\\/09\\\/02\\\/desfile-civico-em-ribeirao-preto-celebra-204-anos-da-independencia-do-brasil-na-avenida-paschoal-innecchi#primaryimage\"},\"thumbnailUrl\":\"https:\\\/\\\/redenoticiaz.com.br\\\/ribeiraopreto-regiao\\\/wp-content\\\/uploads\\\/sites\\\/4\\\/2026\\\/09\\\/desfile_7_setembro_-_foto_guilherme_sircili_39.jpg\",\"datePublished\":\"2026-09-02T16:02:15+00:00\",\"inLanguage\":\"pt-BR\",\"potentialAction\":[{\"@type\":\"ReadAction\",\"target\":[\"https:\\\/\\\/redenoticiaz.com.br\\\/ribeiraopreto-regiao\\\/sp\\\/2026\\\/09\\\/02\\\/desfile-civico-em-ribeirao-preto-celebra-204-anos-da-independencia-do-brasil-na-avenida-paschoal-innecchi\"]}]},{\"@type\":\"ImageObject\",\"inLanguage\":\"pt-BR\",\"@id\":\"https:\\\/\\\/redenoticiaz.com.br\\\/ribeiraopreto-regiao\\\/sp\\\/2026\\\/09\\\/02\\\/desfile-civico-em-ribeirao-preto-celebra-204-anos-da-independencia-do-brasil-na-avenida-paschoal-innecchi#primaryimage\",\"url\":\"https:\\\/\\\/redenoticiaz.com.br\\\/ribeiraopreto-regiao\\\/wp-content\\\/uploads\\\/sites\\\/4\\\/2026\\\/09\\\/desfile_7_setembro_-_foto_guilherme_sircili_39.jpg\",\"contentUrl\":\"https:\\\/\\\/redenoticiaz.com.br\\\/ribeiraopreto-regiao\\\/wp-content\\\/uploads\\\/sites\\\/4\\\/2026\\\/09\\\/desfile_7_setembro_-_foto_guilherme_sircili_39.jpg\",\"width\":1620,\"height\":1080},{\"@type\":\"WebSite\",\"@id\":\"https:\\\/\\\/redenoticiaz.com.br\\\/ribeiraopreto-regiao\\\/#website\",\"url\":\"https:\\\/\\\/redenoticiaz.com.br\\\/ribeiraopreto-regiao\\\/\",\"name\":\"Ribeir\u00e3o Preto e Regi\u00e3o\",\"description\":\"Rede NoticiaZ - Ribeir\u00e3o Preto e regi\u00e3o\",\"publisher\":{\"@id\":\"https:\\\/\\\/redenoticiaz.com.br\\\/ribeiraopreto-regiao\\\/#organization\"},\"potentialAction\":[{\"@type\":\"SearchAction\",\"target\":{\"@type\":\"EntryPoint\",\"urlTemplate\":\"https:\\\/\\\/redenoticiaz.com.br\\\/ribeiraopreto-regiao\\\/?s={search_term_string}\"},\"query-input\":{\"@type\":\"PropertyValueSpecification\",\"valueRequired\":true,\"valueName\":\"search_term_string\"}}],\"inLanguage\":\"pt-BR\"},{\"@type\":\"Organization\",\"@id\":\"https:\\\/\\\/redenoticiaz.com.br\\\/ribeiraopreto-regiao\\\/#organization\",\"name\":\"Ribeir\u00e3o Preto e Regi\u00e3o\",\"url\":\"https:\\\/\\\/redenoticiaz.com.br\\\/ribeiraopreto-regiao\\\/\",\"logo\":{\"@type\":\"ImageObject\",\"inLanguage\":\"pt-BR\",\"@id\":\"https:\\\/\\\/redenoticiaz.com.br\\\/ribeiraopreto-regiao\\\/#\\\/schema\\\/logo\\\/image\\\/\",\"url\":\"https:\\\/\\\/redenoticiaz.com.br\\\/barretos-regiao\\\/wp-content\\\/uploads\\\/sites\\\/4\\\/2022\\\/02\\\/logo.jpg\",\"contentUrl\":\"https:\\\/\\\/redenoticiaz.com.br\\\/barretos-regiao\\\/wp-content\\\/uploads\\\/sites\\\/4\\\/2022\\\/02\\\/logo.jpg\",\"width\":400,\"height\":250,\"caption\":\"Ribeir\u00e3o Preto e Regi\u00e3o\"},\"image\":{\"@id\":\"https:\\\/\\\/redenoticiaz.com.br\\\/ribeiraopreto-regiao\\\/#\\\/schema\\\/logo\\\/image\\\/\"},\"sameAs\":[\"https:\\\/\\\/m.facebook.com\\\/redenoticiaz.barretos\",\"https:\\\/\\\/x.com\\\/RN_barretos\",\"https:\\\/\\\/www.instagram.com\\\/redenoticiaz.barretos\\\/?igshid=YmMyMTA2M2Y\",\"https:\\\/\\\/www.linkedin.com\\\/company\\\/rede-noticiaz-barretos-e-regio\\\/\"]},{\"@type\":\"Person\",\"@id\":\"https:\\\/\\\/redenoticiaz.com.br\\\/ribeiraopreto-regiao\\\/#\\\/schema\\\/person\\\/e1b0bd8c2637e2c1b6ddcbc2c33b116f\",\"name\":\"Patr\u00edcia Prado\",\"image\":{\"@type\":\"ImageObject\",\"inLanguage\":\"pt-BR\",\"@id\":\"https:\\\/\\\/secure.gravatar.com\\\/avatar\\\/92e358bef22cfcec15e054ae4d9fee04dadf0c772dc4a17b382b8a34a15354c2?s=96&d=mm&r=g\",\"url\":\"https:\\\/\\\/secure.gravatar.com\\\/avatar\\\/92e358bef22cfcec15e054ae4d9fee04dadf0c772dc4a17b382b8a34a15354c2?s=96&d=mm&r=g\",\"contentUrl\":\"https:\\\/\\\/secure.gravatar.com\\\/avatar\\\/92e358bef22cfcec15e054ae4d9fee04dadf0c772dc4a17b382b8a34a15354c2?s=96&d=mm&r=g\",\"caption\":\"Patr\u00edcia Prado\"},\"url\":\"https:\\\/\\\/redenoticiaz.com.br\\\/ribeiraopreto-regiao\\\/sp\\\/author\\\/patricia-prado\"}]}<\/script>\n<!-- \/ Yoast SEO plugin. -->","yoast_head_json":{"title":"Desfile C\u00edvico em Ribeir\u00e3o Preto celebra 204 anos da Independ\u00eancia do Brasil na avenida Paschoal Innecchi - Ribeir\u00e3o Preto e Regi\u00e3o","robots":{"index":"index","follow":"follow","max-snippet":"max-snippet:-1","max-image-preview":"max-image-preview:large","max-video-preview":"max-video-preview:-1"},"canonical":"https:\/\/redenoticiaz.com.br\/ribeiraopreto-regiao\/sp\/2026\/09\/02\/desfile-civico-em-ribeirao-preto-celebra-204-anos-da-independencia-do-brasil-na-avenida-paschoal-innecchi","og_locale":"pt_BR","og_type":"article","og_title":"Desfile C\u00edvico em Ribeir\u00e3o Preto celebra 204 anos da Independ\u00eancia do Brasil na avenida Paschoal Innecchi - Ribeir\u00e3o Preto e Regi\u00e3o","og_description":"A Prefeitura de Ribeir\u00e3o Preto ir\u00e1 promover um Desfile C\u00edvico em homenagem aos 204 anos da Independ\u00eancia do Brasil, marcado para segunda-feira, 7 de setembro, \u00e0s 8h, na avenida Paschoal Innecchi. O evento contar\u00e1 com a presen\u00e7a de for\u00e7as de seguran\u00e7a, escolas, entidades sociais e grupos comunit\u00e1rios, al\u00e9m de ve\u00edculos representando diversas organiza\u00e7\u00f5es. A realiza\u00e7\u00e3o &hellip;","og_url":"https:\/\/redenoticiaz.com.br\/ribeiraopreto-regiao\/sp\/2026\/09\/02\/desfile-civico-em-ribeirao-preto-celebra-204-anos-da-independencia-do-brasil-na-avenida-paschoal-innecchi","og_site_name":"Ribeir\u00e3o Preto e Regi\u00e3o","article_publisher":"https:\/\/m.facebook.com\/redenoticiaz.barretos","article_published_time":"2026-09-02T16:02:15+00:00","og_image":[{"width":400,"height":250,"url":"https:\/\/redenoticiaz.com.br\/ribeiraopreto-regiao\/wp-content\/uploads\/sites\/4\/2022\/02\/logo.jpg","type":"image\/jpeg"}],"author":"Patr\u00edcia Prado","twitter_card":"summary_large_image","twitter_creator":"@RN_barretos","twitter_site":"@RN_barretos","twitter_misc":{"Escrito por":"Patr\u00edcia Prado","Est. tempo de leitura":"2 minutos"},"schema":{"@context":"https:\/\/schema.org","@graph":[{"@type":"Article","@id":"https:\/\/redenoticiaz.com.br\/ribeiraopreto-regiao\/sp\/2026\/09\/02\/desfile-civico-em-ribeirao-preto-celebra-204-anos-da-independencia-do-brasil-na-avenida-paschoal-innecchi#article","isPartOf":{"@id":"https:\/\/redenoticiaz.com.br\/ribeiraopreto-regiao\/sp\/2026\/09\/02\/desfile-civico-em-ribeirao-preto-celebra-204-anos-da-independencia-do-brasil-na-avenida-paschoal-innecchi"},"author":{"name":"Patr\u00edcia Prado","@id":"https:\/\/redenoticiaz.com.br\/ribeiraopreto-regiao\/#\/schema\/person\/e1b0bd8c2637e2c1b6ddcbc2c33b116f"},"headline":"Desfile C\u00edvico em Ribeir\u00e3o Preto celebra 204 anos da Independ\u00eancia do Brasil na avenida Paschoal Innecchi","datePublished":"2026-09-02T16:02:15+00:00","mainEntityOfPage":{"@id":"https:\/\/redenoticiaz.com.br\/ribeiraopreto-regiao\/sp\/2026\/09\/02\/desfile-civico-em-ribeirao-preto-celebra-204-anos-da-independencia-do-brasil-na-avenida-paschoal-innecchi"},"wordCount":487,"commentCount":0,"publisher":{"@id":"https:\/\/redenoticiaz.com.br\/ribeiraopreto-regiao\/#organization"},"image":{"@id":"https:\/\/redenoticiaz.com.br\/ribeiraopreto-regiao\/sp\/2026\/09\/02\/desfile-civico-em-ribeirao-preto-celebra-204-anos-da-independencia-do-brasil-na-avenida-paschoal-innecchi#primaryimage"},"thumbnailUrl":"https:\/\/redenoticiaz.com.br\/ribeiraopreto-regiao\/wp-content\/uploads\/sites\/4\/2026\/09\/desfile_7_setembro_-_foto_guilherme_sircili_39.jpg","articleSection":["Agricultura","Cultura e M\u00fasica","Esporte","Pol\u00edcia","Ribeir\u00e3o Preto"],"inLanguage":"pt-BR","potentialAction":[{"@type":"CommentAction","name":"Comment","target":["https:\/\/redenoticiaz.com.br\/ribeiraopreto-regiao\/sp\/2026\/09\/02\/desfile-civico-em-ribeirao-preto-celebra-204-anos-da-independencia-do-brasil-na-avenida-paschoal-innecchi#respond"]}]},{"@type":"WebPage","@id":"https:\/\/redenoticiaz.com.br\/ribeiraopreto-regiao\/sp\/2026\/09\/02\/desfile-civico-em-ribeirao-preto-celebra-204-anos-da-independencia-do-brasil-na-avenida-paschoal-innecchi","url":"https:\/\/redenoticiaz.com.br\/ribeiraopreto-regiao\/sp\/2026\/09\/02\/desfile-civico-em-ribeirao-preto-celebra-204-anos-da-independencia-do-brasil-na-avenida-paschoal-innecchi","name":"Desfile C\u00edvico em Ribeir\u00e3o Preto celebra 204 anos da Independ\u00eancia do Brasil na avenida Paschoal Innecchi - Ribeir\u00e3o Preto e Regi\u00e3o","isPartOf":{"@id":"https:\/\/redenoticiaz.com.br\/ribeiraopreto-regiao\/#website"},"primaryImageOfPage":{"@id":"https:\/\/redenoticiaz.com.br\/ribeiraopreto-regiao\/sp\/2026\/09\/02\/desfile-civico-em-ribeirao-preto-celebra-204-anos-da-independencia-do-brasil-na-avenida-paschoal-innecchi#primaryimage"},"image":{"@id":"https:\/\/redenoticiaz.com.br\/ribeiraopreto-regiao\/sp\/2026\/09\/02\/desfile-civico-em-ribeirao-preto-celebra-204-anos-da-independencia-do-brasil-na-avenida-paschoal-innecchi#primaryimage"},"thumbnailUrl":"https:\/\/redenoticiaz.com.br\/ribeiraopreto-regiao\/wp-content\/uploads\/sites\/4\/2026\/09\/desfile_7_setembro_-_foto_guilherme_sircili_39.jpg","datePublished":"2026-09-02T16:02:15+00:00","inLanguage":"pt-BR","potentialAction":[{"@type":"ReadAction","target":["https:\/\/redenoticiaz.com.br\/ribeiraopreto-regiao\/sp\/2026\/09\/02\/desfile-civico-em-ribeirao-preto-celebra-204-anos-da-independencia-do-brasil-na-avenida-paschoal-innecchi"]}]},{"@type":"ImageObject","inLanguage":"pt-BR","@id":"https:\/\/redenoticiaz.com.br\/ribeiraopreto-regiao\/sp\/2026\/09\/02\/desfile-civico-em-ribeirao-preto-celebra-204-anos-da-independencia-do-brasil-na-avenida-paschoal-innecchi#primaryimage","url":"https:\/\/redenoticiaz.com.br\/ribeiraopreto-regiao\/wp-content\/uploads\/sites\/4\/2026\/09\/desfile_7_setembro_-_foto_guilherme_sircili_39.jpg","contentUrl":"https:\/\/redenoticiaz.com.br\/ribeiraopreto-regiao\/wp-content\/uploads\/sites\/4\/2026\/09\/desfile_7_setembro_-_foto_guilherme_sircili_39.jpg","width":1620,"height":1080},{"@type":"WebSite","@id":"https:\/\/redenoticiaz.com.br\/ribeiraopreto-regiao\/#website","url":"https:\/\/redenoticiaz.com.br\/ribeiraopreto-regiao\/","name":"Ribeir\u00e3o Preto e Regi\u00e3o","description":"Rede NoticiaZ - Ribeir\u00e3o Preto e regi\u00e3o","publisher":{"@id":"https:\/\/redenoticiaz.com.br\/ribeiraopreto-regiao\/#organization"},"potentialAction":[{"@type":"SearchAction","target":{"@type":"EntryPoint","urlTemplate":"https:\/\/redenoticiaz.com.br\/ribeiraopreto-regiao\/?s={search_term_string}"},"query-input":{"@type":"PropertyValueSpecification","valueRequired":true,"valueName":"search_term_string"}}],"inLanguage":"pt-BR"},{"@type":"Organization","@id":"https:\/\/redenoticiaz.com.br\/ribeiraopreto-regiao\/#organization","name":"Ribeir\u00e3o Preto e Regi\u00e3o","url":"https:\/\/redenoticiaz.com.br\/ribeiraopreto-regiao\/","logo":{"@type":"ImageObject","inLanguage":"pt-BR","@id":"https:\/\/redenoticiaz.com.br\/ribeiraopreto-regiao\/#\/schema\/logo\/image\/","url":"https:\/\/redenoticiaz.com.br\/barretos-regiao\/wp-content\/uploads\/sites\/4\/2022\/02\/logo.jpg","contentUrl":"https:\/\/redenoticiaz.com.br\/barretos-regiao\/wp-content\/uploads\/sites\/4\/2022\/02\/logo.jpg","width":400,"height":250,"caption":"Ribeir\u00e3o Preto e Regi\u00e3o"},"image":{"@id":"https:\/\/redenoticiaz.com.br\/ribeiraopreto-regiao\/#\/schema\/logo\/image\/"},"sameAs":["https:\/\/m.facebook.com\/redenoticiaz.barretos","https:\/\/x.com\/RN_barretos","https:\/\/www.instagram.com\/redenoticiaz.barretos\/?igshid=YmMyMTA2M2Y","https:\/\/www.linkedin.com\/company\/rede-noticiaz-barretos-e-regio\/"]},{"@type":"Person","@id":"https:\/\/redenoticiaz.com.br\/ribeiraopreto-regiao\/#\/schema\/person\/e1b0bd8c2637e2c1b6ddcbc2c33b116f","name":"Patr\u00edcia Prado","image":{"@type":"ImageObject","inLanguage":"pt-BR","@id":"https:\/\/secure.gravatar.com\/avatar\/92e358bef22cfcec15e054ae4d9fee04dadf0c772dc4a17b382b8a34a15354c2?s=96&d=mm&r=g","url":"https:\/\/secure.gravatar.com\/avatar\/92e358bef22cfcec15e054ae4d9fee04dadf0c772dc4a17b382b8a34a15354c2?s=96&d=mm&r=g","contentUrl":"https:\/\/secure.gravatar.com\/avatar\/92e358bef22cfcec15e054ae4d9fee04dadf0c772dc4a17b382b8a34a15354c2?s=96&d=mm&r=g","caption":"Patr\u00edcia Prado"},"url":"https:\/\/redenoticiaz.com.br\/ribeiraopreto-regiao\/sp\/author\/patricia-prado"}]}},"_links":{"self":[{"href":"https:\/\/redenoticiaz.com.br\/ribeiraopreto-regiao\/wp-json\/wp\/v2\/posts\/123097","targetHints":{"allow":["GET"]}}],"collection":[{"href":"https:\/\/redenoticiaz.com.br\/ribeiraopreto-regiao\/wp-json\/wp\/v2\/posts"}],"about":[{"href":"https:\/\/redenoticiaz.com.br\/ribeiraopreto-regiao\/wp-json\/wp\/v2\/types\/post"}],"author":[{"embeddable":true,"href":"https:\/\/redenoticiaz.com.br\/ribeiraopreto-regiao\/wp-json\/wp\/v2\/users\/5"}],"replies":[{"embeddable":true,"href":"https:\/\/redenoticiaz.com.br\/ribeiraopreto-regiao\/wp-json\/wp\/v2\/comments?post=123097"}],"version-history":[{"count":0,"href":"https:\/\/redenoticiaz.com.br\/ribeiraopreto-regiao\/wp-json\/wp\/v2\/posts\/123097\/revisions"}],"wp:featuredmedia":[{"embeddable":true,"href":"https:\/\/redenoticiaz.com.br\/ribeiraopreto-regiao\/wp-json\/wp\/v2\/media\/123098"}],"wp:attachment":[{"href":"https:\/\/redenoticiaz.com.br\/ribeiraopreto-regiao\/wp-json\/wp\/v2\/media?parent=123097"}],"wp:term":[{"taxonomy":"category","embeddable":true,"href":"https:\/\/redenoticiaz.com.br\/ribeiraopreto-regiao\/wp-json\/wp\/v2\/categories?post=123097"},{"taxonomy":"post_tag","embeddable":true,"href":"https:\/\/redenoticiaz.com.br\/ribeiraopreto-regiao\/wp-json\/wp\/v2\/tags?post=123097"}],"curies":[{"name":"wp","href":"https:\/\/api.w.org\/{rel}","templated":true}]}}