{"id":123101,"date":"2026-09-02T13:23:19","date_gmt":"2026-09-02T16:23:19","guid":{"rendered":"https:\/\/redenoticiaz.com.br\/ribeiraopreto-regiao\/sp\/2026\/09\/02\/ribeirao-preto-adota-metodo-wolbachia-no-combate-a-dengue-durante-a-feira-internacional-do-livro"},"modified":"2026-09-02T13:23:19","modified_gmt":"2026-09-02T16:23:19","slug":"ribeirao-preto-adota-metodo-wolbachia-no-combate-a-dengue-durante-a-feira-internacional-do-livro","status":"publish","type":"post","link":"https:\/\/redenoticiaz.com.br\/ribeiraopreto-regiao\/sp\/2026\/09\/02\/ribeirao-preto-adota-metodo-wolbachia-no-combate-a-dengue-durante-a-feira-internacional-do-livro","title":{"rendered":"Ribeir\u00e3o Preto Adota M\u00e9todo Wolbachia no Combate \u00e0 Dengue Durante a Feira Internacional do Livro"},"content":{"rendered":"<p>A Prefeitura de Ribeir\u00e3o Preto, atrav\u00e9s da Secretaria Municipal da Sa\u00fade, apresentou o m\u00e9todo Wolbachia como uma nova estrat\u00e9gia para combater a dengue durante a 25\u00aa Feira Internacional do Livro. A nova abordagem come\u00e7ar\u00e1 a ser implementada no munic\u00edpio em outubro e visa complementar as a\u00e7\u00f5es j\u00e1 existentes de controle do mosquito Aedes aegypti.<\/p>\n<p>No estande da Secretaria, equipes da Vigil\u00e2ncia em Sa\u00fade esclarecem o funcionamento da tecnologia que utiliza mosquitos Aedes aegypti portadores da bact\u00e9ria Wolbachia, a qual, quando presente, diminui a capacidade de transmiss\u00e3o dos v\u00edrus que causam dengue, Zika e Chikungunya.<\/p>\n<p>Segundo Luzia M\u00e1rcia Romanholi Passos, subsecret\u00e1ria de Vigil\u00e2ncia em Sa\u00fade, a bact\u00e9ria \u00e9 segura para seres humanos e animais, sendo acompanhada durante todo o processo de implementa\u00e7\u00e3o. A iniciativa \u00e9 voltada para que os moradores entendam a estrat\u00e9gia antes da libera\u00e7\u00e3o dos mosquitos nas \u00e1reas afetadas.<\/p>\n<p>A subsecret\u00e1ria destacou que &#8220;o m\u00e9todo n\u00e3o substitui as medidas tradicionais de combate ao mosquito, como a elimina\u00e7\u00e3o de criadouros, mas atua de forma complementar e permanente para reduzir a circula\u00e7\u00e3o dos v\u00edrus&#8221;.<\/p>\n<p>Al\u00e9m de informa\u00e7\u00f5es sobre arboviroses, os visitantes do estande recebem orienta\u00e7\u00f5es sobre outros temas de sa\u00fade p\u00fablica, como raiva, febre maculosa, doen\u00e7a de Chagas, controle de roedores e preven\u00e7\u00e3o de acidentes com escorpi\u00f5es, serpentes e aranhas.<\/p>\n<p>No dia 2 de setembro, das 8h30 \u00e0s 10h30, o Programa Municipal de IST, HIV, Tuberculose e Hepatites Virais estar\u00e1 distribuindo autotestes de HIV e materiais educativos no evento. O teste pode ser realizado em casa e fornece resultados em menos de uma hora.<\/p>\n<p>Durante a feira, que acontece entre quarta e sexta-feira, as equipes do Programa Municipal de Imuniza\u00e7\u00e3o tamb\u00e9m oferecer\u00e3o orienta\u00e7\u00f5es sobre o calend\u00e1rio vacinal, al\u00e9m de distribuir materiais informativos sobre sarampo e HPV. Haver\u00e1 atividades direcionadas ao p\u00fablico infantil, incluindo a presen\u00e7a do personagem Z\u00e9 Gotinha e a\u00e7\u00f5es educativas.<\/p>\n","protected":false},"excerpt":{"rendered":"<p>A Prefeitura de Ribeir\u00e3o Preto, atrav\u00e9s da Secretaria Municipal da Sa\u00fade, apresentou o m\u00e9todo Wolbachia como uma nova estrat\u00e9gia para combater a dengue durante a 25\u00aa Feira Internacional do Livro. A nova abordagem come\u00e7ar\u00e1 a ser implementada no munic\u00edpio em outubro e visa complementar as a\u00e7\u00f5es j\u00e1 existentes de controle do mosquito Aedes aegypti. No &hellip;<\/p>\n","protected":false},"author":5,"featured_media":123102,"comment_status":"open","ping_status":"closed","sticky":false,"template":"","format":"standard","meta":{"footnotes":""},"categories":[469,31500,129,1561],"tags":[],"class_list":["post-123101","post","type-post","status-publish","format-standard","has-post-thumbnail","hentry","category-cultura","category-ribeirao-preto","category-saude","category-tecnologia"],"yoast_head":"<!-- This site is optimized with the Yoast SEO plugin v28.4 - https:\/\/yoast.com\/product\/yoast-seo-wordpress\/ -->\n<title>Ribeir\u00e3o Preto Adota M\u00e9todo Wolbachia no Combate \u00e0 Dengue Durante a Feira Internacional do Livro - Ribeir\u00e3o Preto e Regi\u00e3o<\/title>\n<meta name=\"robots\" content=\"index, follow, max-snippet:-1, max-image-preview:large, max-video-preview:-1\" \/>\n<link rel=\"canonical\" href=\"https:\/\/redenoticiaz.com.br\/ribeiraopreto-regiao\/sp\/2026\/09\/02\/ribeirao-preto-adota-metodo-wolbachia-no-combate-a-dengue-durante-a-feira-internacional-do-livro\" \/>\n<meta property=\"og:locale\" content=\"pt_BR\" \/>\n<meta property=\"og:type\" content=\"article\" \/>\n<meta property=\"og:title\" content=\"Ribeir\u00e3o Preto Adota M\u00e9todo Wolbachia no Combate \u00e0 Dengue Durante a Feira Internacional do Livro - Ribeir\u00e3o Preto e Regi\u00e3o\" \/>\n<meta property=\"og:description\" content=\"A Prefeitura de Ribeir\u00e3o Preto, atrav\u00e9s da Secretaria Municipal da Sa\u00fade, apresentou o m\u00e9todo Wolbachia como uma nova estrat\u00e9gia para combater a dengue durante a 25\u00aa Feira Internacional do Livro. A nova abordagem come\u00e7ar\u00e1 a ser implementada no munic\u00edpio em outubro e visa complementar as a\u00e7\u00f5es j\u00e1 existentes de controle do mosquito Aedes aegypti. No &hellip;\" \/>\n<meta property=\"og:url\" content=\"https:\/\/redenoticiaz.com.br\/ribeiraopreto-regiao\/sp\/2026\/09\/02\/ribeirao-preto-adota-metodo-wolbachia-no-combate-a-dengue-durante-a-feira-internacional-do-livro\" \/>\n<meta property=\"og:site_name\" content=\"Ribeir\u00e3o Preto e Regi\u00e3o\" \/>\n<meta property=\"article:publisher\" content=\"https:\/\/m.facebook.com\/redenoticiaz.barretos\" \/>\n<meta property=\"article:published_time\" content=\"2026-09-02T16:23:19+00:00\" \/>\n<meta property=\"og:image\" content=\"https:\/\/redenoticiaz.com.br\/ribeiraopreto-regiao\/wp-content\/uploads\/sites\/4\/2022\/02\/logo.jpg\" \/>\n\t<meta property=\"og:image:width\" content=\"400\" \/>\n\t<meta property=\"og:image:height\" content=\"250\" \/>\n\t<meta property=\"og:image:type\" content=\"image\/jpeg\" \/>\n<meta name=\"author\" content=\"Patr\u00edcia Prado\" \/>\n<meta name=\"twitter:card\" content=\"summary_large_image\" \/>\n<meta name=\"twitter:creator\" content=\"@RN_barretos\" \/>\n<meta name=\"twitter:site\" content=\"@RN_barretos\" \/>\n<meta name=\"twitter:label1\" content=\"Escrito por\" \/>\n\t<meta name=\"twitter:data1\" content=\"Patr\u00edcia Prado\" \/>\n\t<meta name=\"twitter:label2\" content=\"Est. tempo de leitura\" \/>\n\t<meta name=\"twitter:data2\" content=\"2 minutos\" \/>\n<script type=\"application\/ld+json\" class=\"yoast-schema-graph\">{\"@context\":\"https:\\\/\\\/schema.org\",\"@graph\":[{\"@type\":\"Article\",\"@id\":\"https:\\\/\\\/redenoticiaz.com.br\\\/ribeiraopreto-regiao\\\/sp\\\/2026\\\/09\\\/02\\\/ribeirao-preto-adota-metodo-wolbachia-no-combate-a-dengue-durante-a-feira-internacional-do-livro#article\",\"isPartOf\":{\"@id\":\"https:\\\/\\\/redenoticiaz.com.br\\\/ribeiraopreto-regiao\\\/sp\\\/2026\\\/09\\\/02\\\/ribeirao-preto-adota-metodo-wolbachia-no-combate-a-dengue-durante-a-feira-internacional-do-livro\"},\"author\":{\"name\":\"Patr\u00edcia Prado\",\"@id\":\"https:\\\/\\\/redenoticiaz.com.br\\\/ribeiraopreto-regiao\\\/#\\\/schema\\\/person\\\/e1b0bd8c2637e2c1b6ddcbc2c33b116f\"},\"headline\":\"Ribeir\u00e3o Preto Adota M\u00e9todo Wolbachia no Combate \u00e0 Dengue Durante a Feira Internacional do Livro\",\"datePublished\":\"2026-09-02T16:23:19+00:00\",\"mainEntityOfPage\":{\"@id\":\"https:\\\/\\\/redenoticiaz.com.br\\\/ribeiraopreto-regiao\\\/sp\\\/2026\\\/09\\\/02\\\/ribeirao-preto-adota-metodo-wolbachia-no-combate-a-dengue-durante-a-feira-internacional-do-livro\"},\"wordCount\":357,\"commentCount\":0,\"publisher\":{\"@id\":\"https:\\\/\\\/redenoticiaz.com.br\\\/ribeiraopreto-regiao\\\/#organization\"},\"image\":{\"@id\":\"https:\\\/\\\/redenoticiaz.com.br\\\/ribeiraopreto-regiao\\\/sp\\\/2026\\\/09\\\/02\\\/ribeirao-preto-adota-metodo-wolbachia-no-combate-a-dengue-durante-a-feira-internacional-do-livro#primaryimage\"},\"thumbnailUrl\":\"https:\\\/\\\/redenoticiaz.com.br\\\/ribeiraopreto-regiao\\\/wp-content\\\/uploads\\\/sites\\\/4\\\/2026\\\/09\\\/feiradolivro_saude_1.jpg\",\"articleSection\":[\"Cultura\",\"Ribeir\u00e3o Preto\",\"Sa\u00fade\",\"Tecnologia\"],\"inLanguage\":\"pt-BR\",\"potentialAction\":[{\"@type\":\"CommentAction\",\"name\":\"Comment\",\"target\":[\"https:\\\/\\\/redenoticiaz.com.br\\\/ribeiraopreto-regiao\\\/sp\\\/2026\\\/09\\\/02\\\/ribeirao-preto-adota-metodo-wolbachia-no-combate-a-dengue-durante-a-feira-internacional-do-livro#respond\"]}]},{\"@type\":\"WebPage\",\"@id\":\"https:\\\/\\\/redenoticiaz.com.br\\\/ribeiraopreto-regiao\\\/sp\\\/2026\\\/09\\\/02\\\/ribeirao-preto-adota-metodo-wolbachia-no-combate-a-dengue-durante-a-feira-internacional-do-livro\",\"url\":\"https:\\\/\\\/redenoticiaz.com.br\\\/ribeiraopreto-regiao\\\/sp\\\/2026\\\/09\\\/02\\\/ribeirao-preto-adota-metodo-wolbachia-no-combate-a-dengue-durante-a-feira-internacional-do-livro\",\"name\":\"Ribeir\u00e3o Preto Adota M\u00e9todo Wolbachia no Combate \u00e0 Dengue Durante a Feira Internacional do Livro - Ribeir\u00e3o Preto e Regi\u00e3o\",\"isPartOf\":{\"@id\":\"https:\\\/\\\/redenoticiaz.com.br\\\/ribeiraopreto-regiao\\\/#website\"},\"primaryImageOfPage\":{\"@id\":\"https:\\\/\\\/redenoticiaz.com.br\\\/ribeiraopreto-regiao\\\/sp\\\/2026\\\/09\\\/02\\\/ribeirao-preto-adota-metodo-wolbachia-no-combate-a-dengue-durante-a-feira-internacional-do-livro#primaryimage\"},\"image\":{\"@id\":\"https:\\\/\\\/redenoticiaz.com.br\\\/ribeiraopreto-regiao\\\/sp\\\/2026\\\/09\\\/02\\\/ribeirao-preto-adota-metodo-wolbachia-no-combate-a-dengue-durante-a-feira-internacional-do-livro#primaryimage\"},\"thumbnailUrl\":\"https:\\\/\\\/redenoticiaz.com.br\\\/ribeiraopreto-regiao\\\/wp-content\\\/uploads\\\/sites\\\/4\\\/2026\\\/09\\\/feiradolivro_saude_1.jpg\",\"datePublished\":\"2026-09-02T16:23:19+00:00\",\"inLanguage\":\"pt-BR\",\"potentialAction\":[{\"@type\":\"ReadAction\",\"target\":[\"https:\\\/\\\/redenoticiaz.com.br\\\/ribeiraopreto-regiao\\\/sp\\\/2026\\\/09\\\/02\\\/ribeirao-preto-adota-metodo-wolbachia-no-combate-a-dengue-durante-a-feira-internacional-do-livro\"]}]},{\"@type\":\"ImageObject\",\"inLanguage\":\"pt-BR\",\"@id\":\"https:\\\/\\\/redenoticiaz.com.br\\\/ribeiraopreto-regiao\\\/sp\\\/2026\\\/09\\\/02\\\/ribeirao-preto-adota-metodo-wolbachia-no-combate-a-dengue-durante-a-feira-internacional-do-livro#primaryimage\",\"url\":\"https:\\\/\\\/redenoticiaz.com.br\\\/ribeiraopreto-regiao\\\/wp-content\\\/uploads\\\/sites\\\/4\\\/2026\\\/09\\\/feiradolivro_saude_1.jpg\",\"contentUrl\":\"https:\\\/\\\/redenoticiaz.com.br\\\/ribeiraopreto-regiao\\\/wp-content\\\/uploads\\\/sites\\\/4\\\/2026\\\/09\\\/feiradolivro_saude_1.jpg\",\"width\":1500,\"height\":1000},{\"@type\":\"WebSite\",\"@id\":\"https:\\\/\\\/redenoticiaz.com.br\\\/ribeiraopreto-regiao\\\/#website\",\"url\":\"https:\\\/\\\/redenoticiaz.com.br\\\/ribeiraopreto-regiao\\\/\",\"name\":\"Ribeir\u00e3o Preto e Regi\u00e3o\",\"description\":\"Rede NoticiaZ - Ribeir\u00e3o Preto e regi\u00e3o\",\"publisher\":{\"@id\":\"https:\\\/\\\/redenoticiaz.com.br\\\/ribeiraopreto-regiao\\\/#organization\"},\"potentialAction\":[{\"@type\":\"SearchAction\",\"target\":{\"@type\":\"EntryPoint\",\"urlTemplate\":\"https:\\\/\\\/redenoticiaz.com.br\\\/ribeiraopreto-regiao\\\/?s={search_term_string}\"},\"query-input\":{\"@type\":\"PropertyValueSpecification\",\"valueRequired\":true,\"valueName\":\"search_term_string\"}}],\"inLanguage\":\"pt-BR\"},{\"@type\":\"Organization\",\"@id\":\"https:\\\/\\\/redenoticiaz.com.br\\\/ribeiraopreto-regiao\\\/#organization\",\"name\":\"Ribeir\u00e3o Preto e Regi\u00e3o\",\"url\":\"https:\\\/\\\/redenoticiaz.com.br\\\/ribeiraopreto-regiao\\\/\",\"logo\":{\"@type\":\"ImageObject\",\"inLanguage\":\"pt-BR\",\"@id\":\"https:\\\/\\\/redenoticiaz.com.br\\\/ribeiraopreto-regiao\\\/#\\\/schema\\\/logo\\\/image\\\/\",\"url\":\"https:\\\/\\\/redenoticiaz.com.br\\\/barretos-regiao\\\/wp-content\\\/uploads\\\/sites\\\/4\\\/2022\\\/02\\\/logo.jpg\",\"contentUrl\":\"https:\\\/\\\/redenoticiaz.com.br\\\/barretos-regiao\\\/wp-content\\\/uploads\\\/sites\\\/4\\\/2022\\\/02\\\/logo.jpg\",\"width\":400,\"height\":250,\"caption\":\"Ribeir\u00e3o Preto e Regi\u00e3o\"},\"image\":{\"@id\":\"https:\\\/\\\/redenoticiaz.com.br\\\/ribeiraopreto-regiao\\\/#\\\/schema\\\/logo\\\/image\\\/\"},\"sameAs\":[\"https:\\\/\\\/m.facebook.com\\\/redenoticiaz.barretos\",\"https:\\\/\\\/x.com\\\/RN_barretos\",\"https:\\\/\\\/www.instagram.com\\\/redenoticiaz.barretos\\\/?igshid=YmMyMTA2M2Y\",\"https:\\\/\\\/www.linkedin.com\\\/company\\\/rede-noticiaz-barretos-e-regio\\\/\"]},{\"@type\":\"Person\",\"@id\":\"https:\\\/\\\/redenoticiaz.com.br\\\/ribeiraopreto-regiao\\\/#\\\/schema\\\/person\\\/e1b0bd8c2637e2c1b6ddcbc2c33b116f\",\"name\":\"Patr\u00edcia Prado\",\"image\":{\"@type\":\"ImageObject\",\"inLanguage\":\"pt-BR\",\"@id\":\"https:\\\/\\\/secure.gravatar.com\\\/avatar\\\/92e358bef22cfcec15e054ae4d9fee04dadf0c772dc4a17b382b8a34a15354c2?s=96&d=mm&r=g\",\"url\":\"https:\\\/\\\/secure.gravatar.com\\\/avatar\\\/92e358bef22cfcec15e054ae4d9fee04dadf0c772dc4a17b382b8a34a15354c2?s=96&d=mm&r=g\",\"contentUrl\":\"https:\\\/\\\/secure.gravatar.com\\\/avatar\\\/92e358bef22cfcec15e054ae4d9fee04dadf0c772dc4a17b382b8a34a15354c2?s=96&d=mm&r=g\",\"caption\":\"Patr\u00edcia Prado\"},\"url\":\"https:\\\/\\\/redenoticiaz.com.br\\\/ribeiraopreto-regiao\\\/sp\\\/author\\\/patricia-prado\"}]}<\/script>\n<!-- \/ Yoast SEO plugin. -->","yoast_head_json":{"title":"Ribeir\u00e3o Preto Adota M\u00e9todo Wolbachia no Combate \u00e0 Dengue Durante a Feira Internacional do Livro - Ribeir\u00e3o Preto e Regi\u00e3o","robots":{"index":"index","follow":"follow","max-snippet":"max-snippet:-1","max-image-preview":"max-image-preview:large","max-video-preview":"max-video-preview:-1"},"canonical":"https:\/\/redenoticiaz.com.br\/ribeiraopreto-regiao\/sp\/2026\/09\/02\/ribeirao-preto-adota-metodo-wolbachia-no-combate-a-dengue-durante-a-feira-internacional-do-livro","og_locale":"pt_BR","og_type":"article","og_title":"Ribeir\u00e3o Preto Adota M\u00e9todo Wolbachia no Combate \u00e0 Dengue Durante a Feira Internacional do Livro - Ribeir\u00e3o Preto e Regi\u00e3o","og_description":"A Prefeitura de Ribeir\u00e3o Preto, atrav\u00e9s da Secretaria Municipal da Sa\u00fade, apresentou o m\u00e9todo Wolbachia como uma nova estrat\u00e9gia para combater a dengue durante a 25\u00aa Feira Internacional do Livro. A nova abordagem come\u00e7ar\u00e1 a ser implementada no munic\u00edpio em outubro e visa complementar as a\u00e7\u00f5es j\u00e1 existentes de controle do mosquito Aedes aegypti. No &hellip;","og_url":"https:\/\/redenoticiaz.com.br\/ribeiraopreto-regiao\/sp\/2026\/09\/02\/ribeirao-preto-adota-metodo-wolbachia-no-combate-a-dengue-durante-a-feira-internacional-do-livro","og_site_name":"Ribeir\u00e3o Preto e Regi\u00e3o","article_publisher":"https:\/\/m.facebook.com\/redenoticiaz.barretos","article_published_time":"2026-09-02T16:23:19+00:00","og_image":[{"width":400,"height":250,"url":"https:\/\/redenoticiaz.com.br\/ribeiraopreto-regiao\/wp-content\/uploads\/sites\/4\/2022\/02\/logo.jpg","type":"image\/jpeg"}],"author":"Patr\u00edcia Prado","twitter_card":"summary_large_image","twitter_creator":"@RN_barretos","twitter_site":"@RN_barretos","twitter_misc":{"Escrito por":"Patr\u00edcia Prado","Est. tempo de leitura":"2 minutos"},"schema":{"@context":"https:\/\/schema.org","@graph":[{"@type":"Article","@id":"https:\/\/redenoticiaz.com.br\/ribeiraopreto-regiao\/sp\/2026\/09\/02\/ribeirao-preto-adota-metodo-wolbachia-no-combate-a-dengue-durante-a-feira-internacional-do-livro#article","isPartOf":{"@id":"https:\/\/redenoticiaz.com.br\/ribeiraopreto-regiao\/sp\/2026\/09\/02\/ribeirao-preto-adota-metodo-wolbachia-no-combate-a-dengue-durante-a-feira-internacional-do-livro"},"author":{"name":"Patr\u00edcia Prado","@id":"https:\/\/redenoticiaz.com.br\/ribeiraopreto-regiao\/#\/schema\/person\/e1b0bd8c2637e2c1b6ddcbc2c33b116f"},"headline":"Ribeir\u00e3o Preto Adota M\u00e9todo Wolbachia no Combate \u00e0 Dengue Durante a Feira Internacional do Livro","datePublished":"2026-09-02T16:23:19+00:00","mainEntityOfPage":{"@id":"https:\/\/redenoticiaz.com.br\/ribeiraopreto-regiao\/sp\/2026\/09\/02\/ribeirao-preto-adota-metodo-wolbachia-no-combate-a-dengue-durante-a-feira-internacional-do-livro"},"wordCount":357,"commentCount":0,"publisher":{"@id":"https:\/\/redenoticiaz.com.br\/ribeiraopreto-regiao\/#organization"},"image":{"@id":"https:\/\/redenoticiaz.com.br\/ribeiraopreto-regiao\/sp\/2026\/09\/02\/ribeirao-preto-adota-metodo-wolbachia-no-combate-a-dengue-durante-a-feira-internacional-do-livro#primaryimage"},"thumbnailUrl":"https:\/\/redenoticiaz.com.br\/ribeiraopreto-regiao\/wp-content\/uploads\/sites\/4\/2026\/09\/feiradolivro_saude_1.jpg","articleSection":["Cultura","Ribeir\u00e3o Preto","Sa\u00fade","Tecnologia"],"inLanguage":"pt-BR","potentialAction":[{"@type":"CommentAction","name":"Comment","target":["https:\/\/redenoticiaz.com.br\/ribeiraopreto-regiao\/sp\/2026\/09\/02\/ribeirao-preto-adota-metodo-wolbachia-no-combate-a-dengue-durante-a-feira-internacional-do-livro#respond"]}]},{"@type":"WebPage","@id":"https:\/\/redenoticiaz.com.br\/ribeiraopreto-regiao\/sp\/2026\/09\/02\/ribeirao-preto-adota-metodo-wolbachia-no-combate-a-dengue-durante-a-feira-internacional-do-livro","url":"https:\/\/redenoticiaz.com.br\/ribeiraopreto-regiao\/sp\/2026\/09\/02\/ribeirao-preto-adota-metodo-wolbachia-no-combate-a-dengue-durante-a-feira-internacional-do-livro","name":"Ribeir\u00e3o Preto Adota M\u00e9todo Wolbachia no Combate \u00e0 Dengue Durante a Feira Internacional do Livro - Ribeir\u00e3o Preto e Regi\u00e3o","isPartOf":{"@id":"https:\/\/redenoticiaz.com.br\/ribeiraopreto-regiao\/#website"},"primaryImageOfPage":{"@id":"https:\/\/redenoticiaz.com.br\/ribeiraopreto-regiao\/sp\/2026\/09\/02\/ribeirao-preto-adota-metodo-wolbachia-no-combate-a-dengue-durante-a-feira-internacional-do-livro#primaryimage"},"image":{"@id":"https:\/\/redenoticiaz.com.br\/ribeiraopreto-regiao\/sp\/2026\/09\/02\/ribeirao-preto-adota-metodo-wolbachia-no-combate-a-dengue-durante-a-feira-internacional-do-livro#primaryimage"},"thumbnailUrl":"https:\/\/redenoticiaz.com.br\/ribeiraopreto-regiao\/wp-content\/uploads\/sites\/4\/2026\/09\/feiradolivro_saude_1.jpg","datePublished":"2026-09-02T16:23:19+00:00","inLanguage":"pt-BR","potentialAction":[{"@type":"ReadAction","target":["https:\/\/redenoticiaz.com.br\/ribeiraopreto-regiao\/sp\/2026\/09\/02\/ribeirao-preto-adota-metodo-wolbachia-no-combate-a-dengue-durante-a-feira-internacional-do-livro"]}]},{"@type":"ImageObject","inLanguage":"pt-BR","@id":"https:\/\/redenoticiaz.com.br\/ribeiraopreto-regiao\/sp\/2026\/09\/02\/ribeirao-preto-adota-metodo-wolbachia-no-combate-a-dengue-durante-a-feira-internacional-do-livro#primaryimage","url":"https:\/\/redenoticiaz.com.br\/ribeiraopreto-regiao\/wp-content\/uploads\/sites\/4\/2026\/09\/feiradolivro_saude_1.jpg","contentUrl":"https:\/\/redenoticiaz.com.br\/ribeiraopreto-regiao\/wp-content\/uploads\/sites\/4\/2026\/09\/feiradolivro_saude_1.jpg","width":1500,"height":1000},{"@type":"WebSite","@id":"https:\/\/redenoticiaz.com.br\/ribeiraopreto-regiao\/#website","url":"https:\/\/redenoticiaz.com.br\/ribeiraopreto-regiao\/","name":"Ribeir\u00e3o Preto e Regi\u00e3o","description":"Rede NoticiaZ - Ribeir\u00e3o Preto e regi\u00e3o","publisher":{"@id":"https:\/\/redenoticiaz.com.br\/ribeiraopreto-regiao\/#organization"},"potentialAction":[{"@type":"SearchAction","target":{"@type":"EntryPoint","urlTemplate":"https:\/\/redenoticiaz.com.br\/ribeiraopreto-regiao\/?s={search_term_string}"},"query-input":{"@type":"PropertyValueSpecification","valueRequired":true,"valueName":"search_term_string"}}],"inLanguage":"pt-BR"},{"@type":"Organization","@id":"https:\/\/redenoticiaz.com.br\/ribeiraopreto-regiao\/#organization","name":"Ribeir\u00e3o Preto e Regi\u00e3o","url":"https:\/\/redenoticiaz.com.br\/ribeiraopreto-regiao\/","logo":{"@type":"ImageObject","inLanguage":"pt-BR","@id":"https:\/\/redenoticiaz.com.br\/ribeiraopreto-regiao\/#\/schema\/logo\/image\/","url":"https:\/\/redenoticiaz.com.br\/barretos-regiao\/wp-content\/uploads\/sites\/4\/2022\/02\/logo.jpg","contentUrl":"https:\/\/redenoticiaz.com.br\/barretos-regiao\/wp-content\/uploads\/sites\/4\/2022\/02\/logo.jpg","width":400,"height":250,"caption":"Ribeir\u00e3o Preto e Regi\u00e3o"},"image":{"@id":"https:\/\/redenoticiaz.com.br\/ribeiraopreto-regiao\/#\/schema\/logo\/image\/"},"sameAs":["https:\/\/m.facebook.com\/redenoticiaz.barretos","https:\/\/x.com\/RN_barretos","https:\/\/www.instagram.com\/redenoticiaz.barretos\/?igshid=YmMyMTA2M2Y","https:\/\/www.linkedin.com\/company\/rede-noticiaz-barretos-e-regio\/"]},{"@type":"Person","@id":"https:\/\/redenoticiaz.com.br\/ribeiraopreto-regiao\/#\/schema\/person\/e1b0bd8c2637e2c1b6ddcbc2c33b116f","name":"Patr\u00edcia Prado","image":{"@type":"ImageObject","inLanguage":"pt-BR","@id":"https:\/\/secure.gravatar.com\/avatar\/92e358bef22cfcec15e054ae4d9fee04dadf0c772dc4a17b382b8a34a15354c2?s=96&d=mm&r=g","url":"https:\/\/secure.gravatar.com\/avatar\/92e358bef22cfcec15e054ae4d9fee04dadf0c772dc4a17b382b8a34a15354c2?s=96&d=mm&r=g","contentUrl":"https:\/\/secure.gravatar.com\/avatar\/92e358bef22cfcec15e054ae4d9fee04dadf0c772dc4a17b382b8a34a15354c2?s=96&d=mm&r=g","caption":"Patr\u00edcia Prado"},"url":"https:\/\/redenoticiaz.com.br\/ribeiraopreto-regiao\/sp\/author\/patricia-prado"}]}},"_links":{"self":[{"href":"https:\/\/redenoticiaz.com.br\/ribeiraopreto-regiao\/wp-json\/wp\/v2\/posts\/123101","targetHints":{"allow":["GET"]}}],"collection":[{"href":"https:\/\/redenoticiaz.com.br\/ribeiraopreto-regiao\/wp-json\/wp\/v2\/posts"}],"about":[{"href":"https:\/\/redenoticiaz.com.br\/ribeiraopreto-regiao\/wp-json\/wp\/v2\/types\/post"}],"author":[{"embeddable":true,"href":"https:\/\/redenoticiaz.com.br\/ribeiraopreto-regiao\/wp-json\/wp\/v2\/users\/5"}],"replies":[{"embeddable":true,"href":"https:\/\/redenoticiaz.com.br\/ribeiraopreto-regiao\/wp-json\/wp\/v2\/comments?post=123101"}],"version-history":[{"count":0,"href":"https:\/\/redenoticiaz.com.br\/ribeiraopreto-regiao\/wp-json\/wp\/v2\/posts\/123101\/revisions"}],"wp:featuredmedia":[{"embeddable":true,"href":"https:\/\/redenoticiaz.com.br\/ribeiraopreto-regiao\/wp-json\/wp\/v2\/media\/123102"}],"wp:attachment":[{"href":"https:\/\/redenoticiaz.com.br\/ribeiraopreto-regiao\/wp-json\/wp\/v2\/media?parent=123101"}],"wp:term":[{"taxonomy":"category","embeddable":true,"href":"https:\/\/redenoticiaz.com.br\/ribeiraopreto-regiao\/wp-json\/wp\/v2\/categories?post=123101"},{"taxonomy":"post_tag","embeddable":true,"href":"https:\/\/redenoticiaz.com.br\/ribeiraopreto-regiao\/wp-json\/wp\/v2\/tags?post=123101"}],"curies":[{"name":"wp","href":"https:\/\/api.w.org\/{rel}","templated":true}]}}