{"id":123103,"date":"2026-09-02T13:41:06","date_gmt":"2026-09-02T16:41:06","guid":{"rendered":"https:\/\/redenoticiaz.com.br\/ribeiraopreto-regiao\/sp\/2026\/09\/02\/favela-gourmet-inicia-segunda-edicao-com-40-empreendimentos-no-rio"},"modified":"2026-09-02T13:41:06","modified_gmt":"2026-09-02T16:41:06","slug":"favela-gourmet-inicia-segunda-edicao-com-40-empreendimentos-no-rio","status":"publish","type":"post","link":"https:\/\/redenoticiaz.com.br\/ribeiraopreto-regiao\/sp\/2026\/09\/02\/favela-gourmet-inicia-segunda-edicao-com-40-empreendimentos-no-rio","title":{"rendered":"Favela Gourmet inicia segunda edi\u00e7\u00e3o com 40 empreendimentos no Rio"},"content":{"rendered":"<p>A segunda edi\u00e7\u00e3o do Favela Gourmet tem in\u00edcio nesta sexta-feira (4) e contar\u00e1 com a participa\u00e7\u00e3o de cerca de 40 bares, restaurantes e lanchonetes das comunidades da Rocinha e Vidigal, na zona sul do Rio de Janeiro. O festival, que espera atrair cerca de 5 mil visitantes at\u00e9 seu t\u00e9rmino, no pr\u00f3ximo dia 11, \u00e9 parte do projeto Na Favela Turismo, liderado pelo empreendedor Renan Monteiro.<\/p>\n<p>Na primeira edi\u00e7\u00e3o, realizada em 2022, apenas 14 estabelecimentos participaram. Monteiro ressaltou que o aumento na quantidade de participantes visa incluir pequenos empreendimentos locais, oferecendo melhores oportunidades a novos neg\u00f3cios. &#8220;Estamos trazendo at\u00e9 neg\u00f3cios menores da favela, para poder incluir mais gente&#8221;, afirmou.<\/p>\n<p>Este ano, o festival trar\u00e1 um total de sete pr\u00eamios, aumentando a quantidade de vencedores em rela\u00e7\u00e3o aos tr\u00eas premiados em 2022. As categorias de premia\u00e7\u00e3o incluem melhor prato ou petisco, melhor drinque ou caf\u00e9, bar ou restaurante revela\u00e7\u00e3o, al\u00e9m de duas premia\u00e7\u00f5es para melhores guias de turismo.<\/p>\n<p>A premia\u00e7\u00e3o para guias de turismo visa incentivar o setor, premiando aqueles que visitarem mais estabelecimentos durante o evento e aqueles que levarem mais turistas \u00e0s localidades participantes. As categorias premiadas estar\u00e3o acompanhadas dos seguintes valores: Melhor Comida (R$ 2 mil), Melhor Bebida (R$ 1 mil), 2\u00ba Melhor Prato (R$ 500), 2\u00aa Melhor Bebida (R$ 500), Melhor Revela\u00e7\u00e3o (R$ 500), Guia com mais visitantes (R$ 500) e Guia que visitou mais estabelecimentos com consumo (R$ 500).<\/p>\n<p>O evento n\u00e3o \u00e9 apenas um circuito gastron\u00f4mico, mas uma celebra\u00e7\u00e3o da criatividade e empreendedorismo que movimentam a economia local. A vota\u00e7\u00e3o para escolher os melhores pratos ser\u00e1 realizada por meio de QR Code, e a premia\u00e7\u00e3o receber\u00e1 os vencedores no dia 11 de setembro. Na edi\u00e7\u00e3o anterior, cerca de 300 profissionais estiveram envolvidos, resultando em 3,2 mil votos e um aumento de aproximadamente 35% no movimento dos estabelecimentos participantes.<\/p>\n<p>Al\u00e9m disso, as redes sociais dos empreendimentos tiveram uma alta de 70% em engajamento, ampliando a visibilidade da cultura e economia das comunidades. O Favela Gourmet busca criar um espa\u00e7o de intera\u00e7\u00e3o entre moradores, turistas e empreendedores, criando oportunidades de novos neg\u00f3cios.<\/p>\n<p>Os pequenos empreendedores est\u00e3o contando com a consultoria do Servi\u00e7o de Apoio \u00e0s Micro e Pequenas Empresas do Rio de Janeiro (Sebrae Rio) para potencializar seus neg\u00f3cios. Monteiro enfatiza que a proposta \u00e9 fomentar uma rota tur\u00edstica baseada na gastronomia, mostrando ao mundo a riqueza das comunidades.<\/p>\n<p>Ver\u00f4nica Batista de Oliveira, moradora do Vidigal e vencedora na primeira edi\u00e7\u00e3o com seu cuscuz recheado e bolo de cenoura, apresentar\u00e1 este ano croissants em sua cafeteria, Flor de Baunilha. Ver\u00f4nica come\u00e7ou seu neg\u00f3cio ap\u00f3s ser demitida de seu emprego em uma empresa e, ao longo dos anos, expandiu sua oferta com um caf\u00e9 da manh\u00e3 que une aconchego e sabor. \u201cQuero que o espa\u00e7o seja realmente diferente de uma padaria\u201d, destacou.<\/p>\n<p>Os interessados podem conferir a programa\u00e7\u00e3o do Favela Gourmet no site oficial do evento.<\/p>\n","protected":false},"excerpt":{"rendered":"<p>A segunda edi\u00e7\u00e3o do Favela Gourmet tem in\u00edcio nesta sexta-feira (4) e contar\u00e1 com a participa\u00e7\u00e3o de cerca de 40 bares, restaurantes e lanchonetes das comunidades da Rocinha e Vidigal, na zona sul do Rio de Janeiro. O festival, que espera atrair cerca de 5 mil visitantes at\u00e9 seu t\u00e9rmino, no pr\u00f3ximo dia 11, \u00e9 &hellip;<\/p>\n","protected":false},"author":5,"featured_media":123104,"comment_status":"open","ping_status":"closed","sticky":false,"template":"","format":"standard","meta":{"footnotes":""},"categories":[469,101,9271,29902,175,68,330],"tags":[],"class_list":["post-123103","post","type-post","status-publish","format-standard","has-post-thumbnail","hentry","category-cultura","category-economia","category-eleicoes","category-emprego","category-gastronomia","category-mundo","category-turismo"],"yoast_head":"<!-- This site is optimized with the Yoast SEO plugin v28.4 - https:\/\/yoast.com\/product\/yoast-seo-wordpress\/ -->\n<title>Favela Gourmet inicia segunda edi\u00e7\u00e3o com 40 empreendimentos no Rio - Ribeir\u00e3o Preto e Regi\u00e3o<\/title>\n<meta name=\"robots\" content=\"index, follow, max-snippet:-1, max-image-preview:large, max-video-preview:-1\" \/>\n<link rel=\"canonical\" href=\"https:\/\/redenoticiaz.com.br\/ribeiraopreto-regiao\/sp\/2026\/09\/02\/favela-gourmet-inicia-segunda-edicao-com-40-empreendimentos-no-rio\" \/>\n<meta property=\"og:locale\" content=\"pt_BR\" \/>\n<meta property=\"og:type\" content=\"article\" \/>\n<meta property=\"og:title\" content=\"Favela Gourmet inicia segunda edi\u00e7\u00e3o com 40 empreendimentos no Rio - Ribeir\u00e3o Preto e Regi\u00e3o\" \/>\n<meta property=\"og:description\" content=\"A segunda edi\u00e7\u00e3o do Favela Gourmet tem in\u00edcio nesta sexta-feira (4) e contar\u00e1 com a participa\u00e7\u00e3o de cerca de 40 bares, restaurantes e lanchonetes das comunidades da Rocinha e Vidigal, na zona sul do Rio de Janeiro. O festival, que espera atrair cerca de 5 mil visitantes at\u00e9 seu t\u00e9rmino, no pr\u00f3ximo dia 11, \u00e9 &hellip;\" \/>\n<meta property=\"og:url\" content=\"https:\/\/redenoticiaz.com.br\/ribeiraopreto-regiao\/sp\/2026\/09\/02\/favela-gourmet-inicia-segunda-edicao-com-40-empreendimentos-no-rio\" \/>\n<meta property=\"og:site_name\" content=\"Ribeir\u00e3o Preto e Regi\u00e3o\" \/>\n<meta property=\"article:publisher\" content=\"https:\/\/m.facebook.com\/redenoticiaz.barretos\" \/>\n<meta property=\"article:published_time\" content=\"2026-09-02T16:41:06+00:00\" \/>\n<meta property=\"og:image\" content=\"https:\/\/redenoticiaz.com.br\/ribeiraopreto-regiao\/wp-content\/uploads\/sites\/4\/2022\/02\/logo.jpg\" \/>\n\t<meta property=\"og:image:width\" content=\"400\" \/>\n\t<meta property=\"og:image:height\" content=\"250\" \/>\n\t<meta property=\"og:image:type\" content=\"image\/jpeg\" \/>\n<meta name=\"author\" content=\"Patr\u00edcia Prado\" \/>\n<meta name=\"twitter:card\" content=\"summary_large_image\" \/>\n<meta name=\"twitter:creator\" content=\"@RN_barretos\" \/>\n<meta name=\"twitter:site\" content=\"@RN_barretos\" \/>\n<meta name=\"twitter:label1\" content=\"Escrito por\" \/>\n\t<meta name=\"twitter:data1\" content=\"Patr\u00edcia Prado\" \/>\n\t<meta name=\"twitter:label2\" content=\"Est. tempo de leitura\" \/>\n\t<meta name=\"twitter:data2\" content=\"2 minutos\" \/>\n<script type=\"application\/ld+json\" class=\"yoast-schema-graph\">{\"@context\":\"https:\\\/\\\/schema.org\",\"@graph\":[{\"@type\":\"Article\",\"@id\":\"https:\\\/\\\/redenoticiaz.com.br\\\/ribeiraopreto-regiao\\\/sp\\\/2026\\\/09\\\/02\\\/favela-gourmet-inicia-segunda-edicao-com-40-empreendimentos-no-rio#article\",\"isPartOf\":{\"@id\":\"https:\\\/\\\/redenoticiaz.com.br\\\/ribeiraopreto-regiao\\\/sp\\\/2026\\\/09\\\/02\\\/favela-gourmet-inicia-segunda-edicao-com-40-empreendimentos-no-rio\"},\"author\":{\"name\":\"Patr\u00edcia Prado\",\"@id\":\"https:\\\/\\\/redenoticiaz.com.br\\\/ribeiraopreto-regiao\\\/#\\\/schema\\\/person\\\/e1b0bd8c2637e2c1b6ddcbc2c33b116f\"},\"headline\":\"Favela Gourmet inicia segunda edi\u00e7\u00e3o com 40 empreendimentos no Rio\",\"datePublished\":\"2026-09-02T16:41:06+00:00\",\"mainEntityOfPage\":{\"@id\":\"https:\\\/\\\/redenoticiaz.com.br\\\/ribeiraopreto-regiao\\\/sp\\\/2026\\\/09\\\/02\\\/favela-gourmet-inicia-segunda-edicao-com-40-empreendimentos-no-rio\"},\"wordCount\":504,\"commentCount\":0,\"publisher\":{\"@id\":\"https:\\\/\\\/redenoticiaz.com.br\\\/ribeiraopreto-regiao\\\/#organization\"},\"image\":{\"@id\":\"https:\\\/\\\/redenoticiaz.com.br\\\/ribeiraopreto-regiao\\\/sp\\\/2026\\\/09\\\/02\\\/favela-gourmet-inicia-segunda-edicao-com-40-empreendimentos-no-rio#primaryimage\"},\"thumbnailUrl\":\"https:\\\/\\\/redenoticiaz.com.br\\\/ribeiraopreto-regiao\\\/wp-content\\\/uploads\\\/sites\\\/4\\\/2026\\\/09\\\/whatsapp_image_2026-08-31_at_11.35.21.jpeg\",\"articleSection\":[\"Cultura\",\"Economia\",\"Elei\u00e7\u00f5es\",\"Emprego\",\"Gastronomia\",\"Mundo\",\"Turismo\"],\"inLanguage\":\"pt-BR\",\"potentialAction\":[{\"@type\":\"CommentAction\",\"name\":\"Comment\",\"target\":[\"https:\\\/\\\/redenoticiaz.com.br\\\/ribeiraopreto-regiao\\\/sp\\\/2026\\\/09\\\/02\\\/favela-gourmet-inicia-segunda-edicao-com-40-empreendimentos-no-rio#respond\"]}]},{\"@type\":\"WebPage\",\"@id\":\"https:\\\/\\\/redenoticiaz.com.br\\\/ribeiraopreto-regiao\\\/sp\\\/2026\\\/09\\\/02\\\/favela-gourmet-inicia-segunda-edicao-com-40-empreendimentos-no-rio\",\"url\":\"https:\\\/\\\/redenoticiaz.com.br\\\/ribeiraopreto-regiao\\\/sp\\\/2026\\\/09\\\/02\\\/favela-gourmet-inicia-segunda-edicao-com-40-empreendimentos-no-rio\",\"name\":\"Favela Gourmet inicia segunda edi\u00e7\u00e3o com 40 empreendimentos no Rio - Ribeir\u00e3o Preto e Regi\u00e3o\",\"isPartOf\":{\"@id\":\"https:\\\/\\\/redenoticiaz.com.br\\\/ribeiraopreto-regiao\\\/#website\"},\"primaryImageOfPage\":{\"@id\":\"https:\\\/\\\/redenoticiaz.com.br\\\/ribeiraopreto-regiao\\\/sp\\\/2026\\\/09\\\/02\\\/favela-gourmet-inicia-segunda-edicao-com-40-empreendimentos-no-rio#primaryimage\"},\"image\":{\"@id\":\"https:\\\/\\\/redenoticiaz.com.br\\\/ribeiraopreto-regiao\\\/sp\\\/2026\\\/09\\\/02\\\/favela-gourmet-inicia-segunda-edicao-com-40-empreendimentos-no-rio#primaryimage\"},\"thumbnailUrl\":\"https:\\\/\\\/redenoticiaz.com.br\\\/ribeiraopreto-regiao\\\/wp-content\\\/uploads\\\/sites\\\/4\\\/2026\\\/09\\\/whatsapp_image_2026-08-31_at_11.35.21.jpeg\",\"datePublished\":\"2026-09-02T16:41:06+00:00\",\"inLanguage\":\"pt-BR\",\"potentialAction\":[{\"@type\":\"ReadAction\",\"target\":[\"https:\\\/\\\/redenoticiaz.com.br\\\/ribeiraopreto-regiao\\\/sp\\\/2026\\\/09\\\/02\\\/favela-gourmet-inicia-segunda-edicao-com-40-empreendimentos-no-rio\"]}]},{\"@type\":\"ImageObject\",\"inLanguage\":\"pt-BR\",\"@id\":\"https:\\\/\\\/redenoticiaz.com.br\\\/ribeiraopreto-regiao\\\/sp\\\/2026\\\/09\\\/02\\\/favela-gourmet-inicia-segunda-edicao-com-40-empreendimentos-no-rio#primaryimage\",\"url\":\"https:\\\/\\\/redenoticiaz.com.br\\\/ribeiraopreto-regiao\\\/wp-content\\\/uploads\\\/sites\\\/4\\\/2026\\\/09\\\/whatsapp_image_2026-08-31_at_11.35.21.jpeg\",\"contentUrl\":\"https:\\\/\\\/redenoticiaz.com.br\\\/ribeiraopreto-regiao\\\/wp-content\\\/uploads\\\/sites\\\/4\\\/2026\\\/09\\\/whatsapp_image_2026-08-31_at_11.35.21.jpeg\",\"width\":1600,\"height\":800},{\"@type\":\"WebSite\",\"@id\":\"https:\\\/\\\/redenoticiaz.com.br\\\/ribeiraopreto-regiao\\\/#website\",\"url\":\"https:\\\/\\\/redenoticiaz.com.br\\\/ribeiraopreto-regiao\\\/\",\"name\":\"Ribeir\u00e3o Preto e Regi\u00e3o\",\"description\":\"Rede NoticiaZ - Ribeir\u00e3o Preto e regi\u00e3o\",\"publisher\":{\"@id\":\"https:\\\/\\\/redenoticiaz.com.br\\\/ribeiraopreto-regiao\\\/#organization\"},\"potentialAction\":[{\"@type\":\"SearchAction\",\"target\":{\"@type\":\"EntryPoint\",\"urlTemplate\":\"https:\\\/\\\/redenoticiaz.com.br\\\/ribeiraopreto-regiao\\\/?s={search_term_string}\"},\"query-input\":{\"@type\":\"PropertyValueSpecification\",\"valueRequired\":true,\"valueName\":\"search_term_string\"}}],\"inLanguage\":\"pt-BR\"},{\"@type\":\"Organization\",\"@id\":\"https:\\\/\\\/redenoticiaz.com.br\\\/ribeiraopreto-regiao\\\/#organization\",\"name\":\"Ribeir\u00e3o Preto e Regi\u00e3o\",\"url\":\"https:\\\/\\\/redenoticiaz.com.br\\\/ribeiraopreto-regiao\\\/\",\"logo\":{\"@type\":\"ImageObject\",\"inLanguage\":\"pt-BR\",\"@id\":\"https:\\\/\\\/redenoticiaz.com.br\\\/ribeiraopreto-regiao\\\/#\\\/schema\\\/logo\\\/image\\\/\",\"url\":\"https:\\\/\\\/redenoticiaz.com.br\\\/barretos-regiao\\\/wp-content\\\/uploads\\\/sites\\\/4\\\/2022\\\/02\\\/logo.jpg\",\"contentUrl\":\"https:\\\/\\\/redenoticiaz.com.br\\\/barretos-regiao\\\/wp-content\\\/uploads\\\/sites\\\/4\\\/2022\\\/02\\\/logo.jpg\",\"width\":400,\"height\":250,\"caption\":\"Ribeir\u00e3o Preto e Regi\u00e3o\"},\"image\":{\"@id\":\"https:\\\/\\\/redenoticiaz.com.br\\\/ribeiraopreto-regiao\\\/#\\\/schema\\\/logo\\\/image\\\/\"},\"sameAs\":[\"https:\\\/\\\/m.facebook.com\\\/redenoticiaz.barretos\",\"https:\\\/\\\/x.com\\\/RN_barretos\",\"https:\\\/\\\/www.instagram.com\\\/redenoticiaz.barretos\\\/?igshid=YmMyMTA2M2Y\",\"https:\\\/\\\/www.linkedin.com\\\/company\\\/rede-noticiaz-barretos-e-regio\\\/\"]},{\"@type\":\"Person\",\"@id\":\"https:\\\/\\\/redenoticiaz.com.br\\\/ribeiraopreto-regiao\\\/#\\\/schema\\\/person\\\/e1b0bd8c2637e2c1b6ddcbc2c33b116f\",\"name\":\"Patr\u00edcia Prado\",\"image\":{\"@type\":\"ImageObject\",\"inLanguage\":\"pt-BR\",\"@id\":\"https:\\\/\\\/secure.gravatar.com\\\/avatar\\\/92e358bef22cfcec15e054ae4d9fee04dadf0c772dc4a17b382b8a34a15354c2?s=96&d=mm&r=g\",\"url\":\"https:\\\/\\\/secure.gravatar.com\\\/avatar\\\/92e358bef22cfcec15e054ae4d9fee04dadf0c772dc4a17b382b8a34a15354c2?s=96&d=mm&r=g\",\"contentUrl\":\"https:\\\/\\\/secure.gravatar.com\\\/avatar\\\/92e358bef22cfcec15e054ae4d9fee04dadf0c772dc4a17b382b8a34a15354c2?s=96&d=mm&r=g\",\"caption\":\"Patr\u00edcia Prado\"},\"url\":\"https:\\\/\\\/redenoticiaz.com.br\\\/ribeiraopreto-regiao\\\/sp\\\/author\\\/patricia-prado\"}]}<\/script>\n<!-- \/ Yoast SEO plugin. -->","yoast_head_json":{"title":"Favela Gourmet inicia segunda edi\u00e7\u00e3o com 40 empreendimentos no Rio - Ribeir\u00e3o Preto e Regi\u00e3o","robots":{"index":"index","follow":"follow","max-snippet":"max-snippet:-1","max-image-preview":"max-image-preview:large","max-video-preview":"max-video-preview:-1"},"canonical":"https:\/\/redenoticiaz.com.br\/ribeiraopreto-regiao\/sp\/2026\/09\/02\/favela-gourmet-inicia-segunda-edicao-com-40-empreendimentos-no-rio","og_locale":"pt_BR","og_type":"article","og_title":"Favela Gourmet inicia segunda edi\u00e7\u00e3o com 40 empreendimentos no Rio - Ribeir\u00e3o Preto e Regi\u00e3o","og_description":"A segunda edi\u00e7\u00e3o do Favela Gourmet tem in\u00edcio nesta sexta-feira (4) e contar\u00e1 com a participa\u00e7\u00e3o de cerca de 40 bares, restaurantes e lanchonetes das comunidades da Rocinha e Vidigal, na zona sul do Rio de Janeiro. O festival, que espera atrair cerca de 5 mil visitantes at\u00e9 seu t\u00e9rmino, no pr\u00f3ximo dia 11, \u00e9 &hellip;","og_url":"https:\/\/redenoticiaz.com.br\/ribeiraopreto-regiao\/sp\/2026\/09\/02\/favela-gourmet-inicia-segunda-edicao-com-40-empreendimentos-no-rio","og_site_name":"Ribeir\u00e3o Preto e Regi\u00e3o","article_publisher":"https:\/\/m.facebook.com\/redenoticiaz.barretos","article_published_time":"2026-09-02T16:41:06+00:00","og_image":[{"width":400,"height":250,"url":"https:\/\/redenoticiaz.com.br\/ribeiraopreto-regiao\/wp-content\/uploads\/sites\/4\/2022\/02\/logo.jpg","type":"image\/jpeg"}],"author":"Patr\u00edcia Prado","twitter_card":"summary_large_image","twitter_creator":"@RN_barretos","twitter_site":"@RN_barretos","twitter_misc":{"Escrito por":"Patr\u00edcia Prado","Est. tempo de leitura":"2 minutos"},"schema":{"@context":"https:\/\/schema.org","@graph":[{"@type":"Article","@id":"https:\/\/redenoticiaz.com.br\/ribeiraopreto-regiao\/sp\/2026\/09\/02\/favela-gourmet-inicia-segunda-edicao-com-40-empreendimentos-no-rio#article","isPartOf":{"@id":"https:\/\/redenoticiaz.com.br\/ribeiraopreto-regiao\/sp\/2026\/09\/02\/favela-gourmet-inicia-segunda-edicao-com-40-empreendimentos-no-rio"},"author":{"name":"Patr\u00edcia Prado","@id":"https:\/\/redenoticiaz.com.br\/ribeiraopreto-regiao\/#\/schema\/person\/e1b0bd8c2637e2c1b6ddcbc2c33b116f"},"headline":"Favela Gourmet inicia segunda edi\u00e7\u00e3o com 40 empreendimentos no Rio","datePublished":"2026-09-02T16:41:06+00:00","mainEntityOfPage":{"@id":"https:\/\/redenoticiaz.com.br\/ribeiraopreto-regiao\/sp\/2026\/09\/02\/favela-gourmet-inicia-segunda-edicao-com-40-empreendimentos-no-rio"},"wordCount":504,"commentCount":0,"publisher":{"@id":"https:\/\/redenoticiaz.com.br\/ribeiraopreto-regiao\/#organization"},"image":{"@id":"https:\/\/redenoticiaz.com.br\/ribeiraopreto-regiao\/sp\/2026\/09\/02\/favela-gourmet-inicia-segunda-edicao-com-40-empreendimentos-no-rio#primaryimage"},"thumbnailUrl":"https:\/\/redenoticiaz.com.br\/ribeiraopreto-regiao\/wp-content\/uploads\/sites\/4\/2026\/09\/whatsapp_image_2026-08-31_at_11.35.21.jpeg","articleSection":["Cultura","Economia","Elei\u00e7\u00f5es","Emprego","Gastronomia","Mundo","Turismo"],"inLanguage":"pt-BR","potentialAction":[{"@type":"CommentAction","name":"Comment","target":["https:\/\/redenoticiaz.com.br\/ribeiraopreto-regiao\/sp\/2026\/09\/02\/favela-gourmet-inicia-segunda-edicao-com-40-empreendimentos-no-rio#respond"]}]},{"@type":"WebPage","@id":"https:\/\/redenoticiaz.com.br\/ribeiraopreto-regiao\/sp\/2026\/09\/02\/favela-gourmet-inicia-segunda-edicao-com-40-empreendimentos-no-rio","url":"https:\/\/redenoticiaz.com.br\/ribeiraopreto-regiao\/sp\/2026\/09\/02\/favela-gourmet-inicia-segunda-edicao-com-40-empreendimentos-no-rio","name":"Favela Gourmet inicia segunda edi\u00e7\u00e3o com 40 empreendimentos no Rio - Ribeir\u00e3o Preto e Regi\u00e3o","isPartOf":{"@id":"https:\/\/redenoticiaz.com.br\/ribeiraopreto-regiao\/#website"},"primaryImageOfPage":{"@id":"https:\/\/redenoticiaz.com.br\/ribeiraopreto-regiao\/sp\/2026\/09\/02\/favela-gourmet-inicia-segunda-edicao-com-40-empreendimentos-no-rio#primaryimage"},"image":{"@id":"https:\/\/redenoticiaz.com.br\/ribeiraopreto-regiao\/sp\/2026\/09\/02\/favela-gourmet-inicia-segunda-edicao-com-40-empreendimentos-no-rio#primaryimage"},"thumbnailUrl":"https:\/\/redenoticiaz.com.br\/ribeiraopreto-regiao\/wp-content\/uploads\/sites\/4\/2026\/09\/whatsapp_image_2026-08-31_at_11.35.21.jpeg","datePublished":"2026-09-02T16:41:06+00:00","inLanguage":"pt-BR","potentialAction":[{"@type":"ReadAction","target":["https:\/\/redenoticiaz.com.br\/ribeiraopreto-regiao\/sp\/2026\/09\/02\/favela-gourmet-inicia-segunda-edicao-com-40-empreendimentos-no-rio"]}]},{"@type":"ImageObject","inLanguage":"pt-BR","@id":"https:\/\/redenoticiaz.com.br\/ribeiraopreto-regiao\/sp\/2026\/09\/02\/favela-gourmet-inicia-segunda-edicao-com-40-empreendimentos-no-rio#primaryimage","url":"https:\/\/redenoticiaz.com.br\/ribeiraopreto-regiao\/wp-content\/uploads\/sites\/4\/2026\/09\/whatsapp_image_2026-08-31_at_11.35.21.jpeg","contentUrl":"https:\/\/redenoticiaz.com.br\/ribeiraopreto-regiao\/wp-content\/uploads\/sites\/4\/2026\/09\/whatsapp_image_2026-08-31_at_11.35.21.jpeg","width":1600,"height":800},{"@type":"WebSite","@id":"https:\/\/redenoticiaz.com.br\/ribeiraopreto-regiao\/#website","url":"https:\/\/redenoticiaz.com.br\/ribeiraopreto-regiao\/","name":"Ribeir\u00e3o Preto e Regi\u00e3o","description":"Rede NoticiaZ - Ribeir\u00e3o Preto e regi\u00e3o","publisher":{"@id":"https:\/\/redenoticiaz.com.br\/ribeiraopreto-regiao\/#organization"},"potentialAction":[{"@type":"SearchAction","target":{"@type":"EntryPoint","urlTemplate":"https:\/\/redenoticiaz.com.br\/ribeiraopreto-regiao\/?s={search_term_string}"},"query-input":{"@type":"PropertyValueSpecification","valueRequired":true,"valueName":"search_term_string"}}],"inLanguage":"pt-BR"},{"@type":"Organization","@id":"https:\/\/redenoticiaz.com.br\/ribeiraopreto-regiao\/#organization","name":"Ribeir\u00e3o Preto e Regi\u00e3o","url":"https:\/\/redenoticiaz.com.br\/ribeiraopreto-regiao\/","logo":{"@type":"ImageObject","inLanguage":"pt-BR","@id":"https:\/\/redenoticiaz.com.br\/ribeiraopreto-regiao\/#\/schema\/logo\/image\/","url":"https:\/\/redenoticiaz.com.br\/barretos-regiao\/wp-content\/uploads\/sites\/4\/2022\/02\/logo.jpg","contentUrl":"https:\/\/redenoticiaz.com.br\/barretos-regiao\/wp-content\/uploads\/sites\/4\/2022\/02\/logo.jpg","width":400,"height":250,"caption":"Ribeir\u00e3o Preto e Regi\u00e3o"},"image":{"@id":"https:\/\/redenoticiaz.com.br\/ribeiraopreto-regiao\/#\/schema\/logo\/image\/"},"sameAs":["https:\/\/m.facebook.com\/redenoticiaz.barretos","https:\/\/x.com\/RN_barretos","https:\/\/www.instagram.com\/redenoticiaz.barretos\/?igshid=YmMyMTA2M2Y","https:\/\/www.linkedin.com\/company\/rede-noticiaz-barretos-e-regio\/"]},{"@type":"Person","@id":"https:\/\/redenoticiaz.com.br\/ribeiraopreto-regiao\/#\/schema\/person\/e1b0bd8c2637e2c1b6ddcbc2c33b116f","name":"Patr\u00edcia Prado","image":{"@type":"ImageObject","inLanguage":"pt-BR","@id":"https:\/\/secure.gravatar.com\/avatar\/92e358bef22cfcec15e054ae4d9fee04dadf0c772dc4a17b382b8a34a15354c2?s=96&d=mm&r=g","url":"https:\/\/secure.gravatar.com\/avatar\/92e358bef22cfcec15e054ae4d9fee04dadf0c772dc4a17b382b8a34a15354c2?s=96&d=mm&r=g","contentUrl":"https:\/\/secure.gravatar.com\/avatar\/92e358bef22cfcec15e054ae4d9fee04dadf0c772dc4a17b382b8a34a15354c2?s=96&d=mm&r=g","caption":"Patr\u00edcia Prado"},"url":"https:\/\/redenoticiaz.com.br\/ribeiraopreto-regiao\/sp\/author\/patricia-prado"}]}},"_links":{"self":[{"href":"https:\/\/redenoticiaz.com.br\/ribeiraopreto-regiao\/wp-json\/wp\/v2\/posts\/123103","targetHints":{"allow":["GET"]}}],"collection":[{"href":"https:\/\/redenoticiaz.com.br\/ribeiraopreto-regiao\/wp-json\/wp\/v2\/posts"}],"about":[{"href":"https:\/\/redenoticiaz.com.br\/ribeiraopreto-regiao\/wp-json\/wp\/v2\/types\/post"}],"author":[{"embeddable":true,"href":"https:\/\/redenoticiaz.com.br\/ribeiraopreto-regiao\/wp-json\/wp\/v2\/users\/5"}],"replies":[{"embeddable":true,"href":"https:\/\/redenoticiaz.com.br\/ribeiraopreto-regiao\/wp-json\/wp\/v2\/comments?post=123103"}],"version-history":[{"count":0,"href":"https:\/\/redenoticiaz.com.br\/ribeiraopreto-regiao\/wp-json\/wp\/v2\/posts\/123103\/revisions"}],"wp:featuredmedia":[{"embeddable":true,"href":"https:\/\/redenoticiaz.com.br\/ribeiraopreto-regiao\/wp-json\/wp\/v2\/media\/123104"}],"wp:attachment":[{"href":"https:\/\/redenoticiaz.com.br\/ribeiraopreto-regiao\/wp-json\/wp\/v2\/media?parent=123103"}],"wp:term":[{"taxonomy":"category","embeddable":true,"href":"https:\/\/redenoticiaz.com.br\/ribeiraopreto-regiao\/wp-json\/wp\/v2\/categories?post=123103"},{"taxonomy":"post_tag","embeddable":true,"href":"https:\/\/redenoticiaz.com.br\/ribeiraopreto-regiao\/wp-json\/wp\/v2\/tags?post=123103"}],"curies":[{"name":"wp","href":"https:\/\/api.w.org\/{rel}","templated":true}]}}